{"id":955771,"date":"2019-10-27T18:43:49","date_gmt":"2019-10-27T18:43:49","guid":{"rendered":"https:\/\/www.pressenza.com\/?p=955771"},"modified":"2019-10-27T18:43:49","modified_gmt":"2019-10-27T18:43:49","slug":"el-paralelismo-de-la-historia","status":"publish","type":"post","link":"https:\/\/www.pressenza.com\/es\/2019\/10\/el-paralelismo-de-la-historia\/","title":{"rendered":"El paralelismo de la historia"},"content":{"rendered":"<p><span lang=\"es-ES\"><i>Por Eva D\u00e9bia Oyarz\u00fan*<\/i><\/span><\/p>\n<p align=\"justify\"><span lang=\"es-ES\">Durante la \u00faltima semana, hemos sido testigos (algunos con mayor presencialidad que otros) de una proclama multitudinaria. Claramente, esta no es la primera explosi\u00f3n social ocurrida en la historia; muchos comparan la imagen captada este viernes por Susana Hidalgo en el atardecer de la marcha m\u00e1s grande en la historia de Chile en Plaza Italia con el m\u00edtico cuadro de Delacroix que refleja la libertad de la revoluci\u00f3n francesa. Es meritorio hacer el paralelo ya que, tal y como se narra en la an\u00e9cdota de Luis XVI al enterarse de la toma de la Bastilla, esto claramente no es una revuelta sino que debe ser enfrentada como una revoluci\u00f3n.<\/span><\/p>\n<p align=\"justify\"><span lang=\"es-ES\">Recordemos, tambi\u00e9n, que lo ocurrido en Francia en 1789 parti\u00f3 porque un grupo de mujeres se parapet\u00f3 en la entrada del Palacio de Versalles reclamando por la falta de pan, con la consabida frase desafortunada de una livian\u00edsima y desconectada Mar\u00eda Antonieta quien, muy a la pasada, se\u00f1al\u00f3 que si no tienen pan, que comieran pasteles.<\/span><\/p>\n<p align=\"justify\"><span lang=\"es-ES\">La historia es c\u00edclica y desde all\u00ed no existe, ya que vuelve a existir con otros protagonistas, aunque subyacen las mismas problem\u00e1ticas, como plantea Francis Fukuyama (y Hegel, y Derrida): si leemos los contextos previos a nuestra revoluci\u00f3n de los patipelados, hemos recibido frases para el bronce propias de los Mar\u00edas Antonietas de nuestra sociedad:<\/span><\/p>\n<p align=\"justify\"><span lang=\"es-ES\">&#8211; \u201cAs\u00ed que los que quieran regalar flores en este mes, las flores han ca\u00eddo un 3,6%\u201d. O bien \u201cSi se solucionara la guerra comercial, tendr\u00edamos muy probablemente un aumento en el precio del cobre y una ca\u00edda en el tipo de cambio. Eso ser\u00eda esperable, as\u00ed que yo tambi\u00e9n le voy a pedir aqu\u00ed a las madres que nos ayuden, a que recen para que se solucione la guerra comercial\u201d. (Ministro de Hacienda, Felipe Larra\u00edn)<\/span><\/p>\n<p align=\"justify\"><span lang=\"es-ES\">&#8211; \u201cEn el caso de transporte de pasajeros, es bueno recordar que, si bien los buses suben $10, que es lo que indica para esos efectos la ley cuando suben los costos, en el caso del Metro, que hay m\u00e1s flexibilidad, esa alza de costos se distribuye de manera distinta en los distintos horarios y, por ejemplo, se est\u00e1 rebajando fuertemente en horario valle. De manera que alguien que sale m\u00e1s temprano y toma el metro a las 7 de la ma\u00f1ana tiene la posibilidad de una tarifa m\u00e1s baja. De manera que se ha abierto un espacio para que quien madrugue puede ser ayudado a trav\u00e9s de una tarifa m\u00e1s baja\u201d. (Ministro de Econom\u00eda, Juan Andr\u00e9s Fontaine. Ojo, que cuando habl\u00f3 de horario valle, se refer\u00eda al horario bajo)<\/span><\/p>\n<p align=\"justify\"><span lang=\"es-ES\">&#8211; \u00abMe cuesta entender que cuando hay evidencia de un esfuerzo tan grande por mejorar el transporte p\u00fablico, se atente contra \u00e9l, m\u00e1s aun en el caso de los escolares que no tienen un argumento, no aument\u00f3 la tarifa para ellos\u00bb. (Ministra de Transportes, Gloria Hutt)<\/span><\/p>\n<p align=\"justify\"><span lang=\"es-ES\">&#8211; \u201cHasta Chile podr\u00eda verse impedido de jugar una Copa Am\u00e9rica, porque va a exceder las horas que se est\u00e1n planteando. Porque no se especifica\u201d. Tambi\u00e9n \u201cSi un trabajador en vez de las 9 de la ma\u00f1ana llega a las 7.30, se va a demorar 20 minutos a la pega y va a llegar a su casa por lo menos una hora y media antes, porque no se va a ir a la hora del taco\u201d. (Ministro del Trabajo, Nicol\u00e1s Monckeberg) <\/span><\/p>\n<p align=\"justify\"><span lang=\"es-ES\">&#8211; \u201cEn cualquier parte del mundo se pierden \u00f3rganos por t\u00e9rminos log\u00edsticos\u201d. (Ministro de Salud, Jorge Ma\u00f1alich)<\/span><\/p>\n<p align=\"justify\"><span lang=\"es-ES\">&#8211; \u201cEs un debate transversal, sobre todo en un pa\u00eds donde la gran mayor\u00eda son o somos propietarios, no tenemos mucho m\u00e1s, porque es nuestro patrimonio\u2026 La casita, dos departamentos\u201d. (Ministro de Vivienda, Cristi\u00e1n Monckeberg)<\/span><\/p>\n<p align=\"justify\"><span lang=\"es-ES\">&#8211; \u00abDe repente somos tan cuestionadores en cosas que son tan humanas\u201d (Vocera de Gobierno, Cecilia P\u00e9rez, frente a la fotograf\u00eda del Presidente comiendo pizza el viernes del hist\u00f3rico 18 de octubre)<\/span><\/p>\n<p align=\"justify\"><span lang=\"es-ES\">Estos ejemplos hablan de una desconexi\u00f3n brutal por parte de los (todav\u00eda) miembros del gabinete de Sebasti\u00e1n Pi\u00f1era. El problema es que la sociedad resiente estos factores; por eso, queda este retrogusto amargo de much\u00edsimo m\u00e1s que an\u00e9cdotas (como llam\u00f3 el Presidente a lo dichos desafortunados de su equipo). La lista sigue, porque por desgracia es muy larga ya que son muchos los miembros del ejecutivo que han sido algo m\u00e1s que ingenuos y livianos en sus juicios: bingos para reparar colegios y condones para sus hijos campeones (Gerardo Varela, ex ministro de Educaci\u00f3n), vida social en consultorios (ex Subsecretario de Redes Asistenciales, Luis Castillo), alzas de tomates sin manifestaciones (actual Presidente del Panel de Expertos del Transporte Publico, Juan Enrique Coeymans), llamado a los inversionistas extranjeros a que inviertan en otro lado, tener la personalidad de identificarse con la clase media argumentando que conoci\u00f3 Europa reci\u00e9n a los 30 a\u00f1os y afirmar que si lee una novela es tiempo que pierde de aprender algo (las tres afirmaciones, del ex Ministro de Econom\u00eda, Jos\u00e9 Ram\u00f3n Valente) \u2026 <\/span><\/p>\n<p align=\"justify\"><span lang=\"es-ES\">En fin, ya se ha entendido el punto. Si hay algo que tienen en com\u00fan todos los personajes en torno a esta historia, es la igualdad en ser livianos en sus juicios, tal como Mar\u00eda Antonieta hace 230 a\u00f1os. Afortunadamente para los interpelados, los recursos de Monsieur Guillotin hoy no son vistos con buenos ojos a nivel internacional.<\/span><\/p>\n<p><span lang=\"es-ES\"><i><br \/>\n*Periodista, escritora, docente, Mg. Comunicaci\u00f3n y Educaci\u00f3n<\/i><\/span><\/p>\n","protected":false},"excerpt":{"rendered":"<p>Por Eva D\u00e9bia Oyarz\u00fan* Durante la \u00faltima semana, hemos sido testigos (algunos con mayor presencialidad que otros) de una proclama multitudinaria. Claramente, esta no es la primera explosi\u00f3n social ocurrida en la historia; muchos comparan la imagen captada este viernes&hellip;<\/p>\n","protected":false},"author":43,"featured_media":955772,"comment_status":"closed","ping_status":"closed","sticky":false,"template":"","format":"standard","meta":{"footnotes":""},"categories":[11389,161,74,67],"tags":[66058,29,394,27615],"class_list":["post-955771","post","type-post","status-publish","format-standard","has-post-thumbnail","hentry","category-contenido-original","category-opiniones","category-politica-es","category-sudamerica","tag-25-de-octubre","tag-chile","tag-protestas-sociales","tag-revolucion"],"yoast_head":"<!-- This site is optimized with the Yoast SEO plugin v27.1.1 - https:\/\/yoast.com\/product\/yoast-seo-wordpress\/ -->\n<title>El paralelismo de la historia<\/title>\n<meta name=\"description\" content=\"El paralelismo de la historia\" \/>\n<meta name=\"robots\" content=\"index, follow, max-snippet:-1, max-image-preview:large, max-video-preview:-1\" \/>\n<link rel=\"canonical\" href=\"https:\/\/www.pressenza.com\/es\/2019\/10\/el-paralelismo-de-la-historia\/\" \/>\n<meta property=\"og:locale\" content=\"es_ES\" \/>\n<meta property=\"og:type\" content=\"article\" \/>\n<meta property=\"og:title\" content=\"El paralelismo de la historia\" \/>\n<meta property=\"og:description\" content=\"El paralelismo de la historia\" \/>\n<meta property=\"og:url\" content=\"https:\/\/www.pressenza.com\/es\/2019\/10\/el-paralelismo-de-la-historia\/\" \/>\n<meta property=\"og:site_name\" content=\"Pressenza\" \/>\n<meta property=\"article:publisher\" content=\"https:\/\/www.facebook.com\/PressenzaItalia\" \/>\n<meta property=\"article:author\" content=\"https:\/\/www.facebook.com\/pressenza\" \/>\n<meta property=\"article:published_time\" content=\"2019-10-27T18:43:49+00:00\" \/>\n<meta property=\"og:image\" content=\"https:\/\/www.pressenza.com\/wp-content\/uploads\/2019\/10\/EH0wXZ-XYAEgkc11.jpg\" \/>\n\t<meta property=\"og:image:width\" content=\"946\" \/>\n\t<meta property=\"og:image:height\" content=\"1280\" \/>\n\t<meta property=\"og:image:type\" content=\"image\/jpeg\" \/>\n<meta name=\"author\" content=\"Redacci\u00f3n Chile\" \/>\n<meta name=\"twitter:card\" content=\"summary_large_image\" \/>\n<meta name=\"twitter:creator\" content=\"@pressenza\" \/>\n<meta name=\"twitter:site\" content=\"@PressenzaIPA\" \/>\n<meta name=\"twitter:label1\" content=\"Escrito por\" \/>\n\t<meta name=\"twitter:data1\" content=\"Redacci\u00f3n Chile\" \/>\n\t<meta name=\"twitter:label2\" content=\"Tiempo de lectura\" \/>\n\t<meta name=\"twitter:data2\" content=\"5 minutos\" \/>\n<script type=\"application\/ld+json\" class=\"yoast-schema-graph\">{\"@context\":\"https:\/\/schema.org\",\"@graph\":[{\"@type\":\"Article\",\"@id\":\"https:\/\/www.pressenza.com\/es\/2019\/10\/el-paralelismo-de-la-historia\/#article\",\"isPartOf\":{\"@id\":\"https:\/\/www.pressenza.com\/es\/2019\/10\/el-paralelismo-de-la-historia\/\"},\"author\":{\"name\":\"Redacci\u00f3n Chile\",\"@id\":\"https:\/\/www.pressenza.com\/es\/#\/schema\/person\/d7db40df35d6698ba69ba9ee260944ed\"},\"headline\":\"El paralelismo de la historia\",\"datePublished\":\"2019-10-27T18:43:49+00:00\",\"mainEntityOfPage\":{\"@id\":\"https:\/\/www.pressenza.com\/es\/2019\/10\/el-paralelismo-de-la-historia\/\"},\"wordCount\":944,\"publisher\":{\"@id\":\"https:\/\/www.pressenza.com\/es\/#organization\"},\"image\":{\"@id\":\"https:\/\/www.pressenza.com\/es\/2019\/10\/el-paralelismo-de-la-historia\/#primaryimage\"},\"thumbnailUrl\":\"https:\/\/www.pressenza.com\/wp-content\/uploads\/2019\/10\/EH0wXZ-XYAEgkc11.jpg\",\"keywords\":[\"25 de octubre\",\"Chile\",\"protestas sociales\",\"revoluci\u00f3n\"],\"articleSection\":[\"Contenido Original\",\"Opiniones\",\"Pol\u00edtica\",\"Sudam\u00e9rica\"],\"inLanguage\":\"es\"},{\"@type\":\"WebPage\",\"@id\":\"https:\/\/www.pressenza.com\/es\/2019\/10\/el-paralelismo-de-la-historia\/\",\"url\":\"https:\/\/www.pressenza.com\/es\/2019\/10\/el-paralelismo-de-la-historia\/\",\"name\":\"El paralelismo de la historia\",\"isPartOf\":{\"@id\":\"https:\/\/www.pressenza.com\/es\/#website\"},\"primaryImageOfPage\":{\"@id\":\"https:\/\/www.pressenza.com\/es\/2019\/10\/el-paralelismo-de-la-historia\/#primaryimage\"},\"image\":{\"@id\":\"https:\/\/www.pressenza.com\/es\/2019\/10\/el-paralelismo-de-la-historia\/#primaryimage\"},\"thumbnailUrl\":\"https:\/\/www.pressenza.com\/wp-content\/uploads\/2019\/10\/EH0wXZ-XYAEgkc11.jpg\",\"datePublished\":\"2019-10-27T18:43:49+00:00\",\"description\":\"El paralelismo de la historia\",\"breadcrumb\":{\"@id\":\"https:\/\/www.pressenza.com\/es\/2019\/10\/el-paralelismo-de-la-historia\/#breadcrumb\"},\"inLanguage\":\"es\",\"potentialAction\":[{\"@type\":\"ReadAction\",\"target\":[\"https:\/\/www.pressenza.com\/es\/2019\/10\/el-paralelismo-de-la-historia\/\"]}]},{\"@type\":\"ImageObject\",\"inLanguage\":\"es\",\"@id\":\"https:\/\/www.pressenza.com\/es\/2019\/10\/el-paralelismo-de-la-historia\/#primaryimage\",\"url\":\"https:\/\/www.pressenza.com\/wp-content\/uploads\/2019\/10\/EH0wXZ-XYAEgkc11.jpg\",\"contentUrl\":\"https:\/\/www.pressenza.com\/wp-content\/uploads\/2019\/10\/EH0wXZ-XYAEgkc11.jpg\",\"width\":946,\"height\":1280},{\"@type\":\"BreadcrumbList\",\"@id\":\"https:\/\/www.pressenza.com\/es\/2019\/10\/el-paralelismo-de-la-historia\/#breadcrumb\",\"itemListElement\":[{\"@type\":\"ListItem\",\"position\":1,\"name\":\"Accueil\",\"item\":\"https:\/\/www.pressenza.com\/es\/\"},{\"@type\":\"ListItem\",\"position\":2,\"name\":\"El paralelismo de la historia\"}]},{\"@type\":\"WebSite\",\"@id\":\"https:\/\/www.pressenza.com\/es\/#website\",\"url\":\"https:\/\/www.pressenza.com\/es\/\",\"name\":\"Pressenza\",\"description\":\"International Press Agency\",\"publisher\":{\"@id\":\"https:\/\/www.pressenza.com\/es\/#organization\"},\"potentialAction\":[{\"@type\":\"SearchAction\",\"target\":{\"@type\":\"EntryPoint\",\"urlTemplate\":\"https:\/\/www.pressenza.com\/es\/?s={search_term_string}\"},\"query-input\":{\"@type\":\"PropertyValueSpecification\",\"valueRequired\":true,\"valueName\":\"search_term_string\"}}],\"inLanguage\":\"es\"},{\"@type\":\"Organization\",\"@id\":\"https:\/\/www.pressenza.com\/es\/#organization\",\"name\":\"Pressenza\",\"url\":\"https:\/\/www.pressenza.com\/es\/\",\"logo\":{\"@type\":\"ImageObject\",\"inLanguage\":\"es\",\"@id\":\"https:\/\/www.pressenza.com\/es\/#\/schema\/logo\/image\/\",\"url\":\"https:\/\/www.pressenza.com\/wp-content\/uploads\/2022\/10\/pressenza_logo_200x200.jpg\",\"contentUrl\":\"https:\/\/www.pressenza.com\/wp-content\/uploads\/2022\/10\/pressenza_logo_200x200.jpg\",\"width\":200,\"height\":200,\"caption\":\"Pressenza\"},\"image\":{\"@id\":\"https:\/\/www.pressenza.com\/es\/#\/schema\/logo\/image\/\"},\"sameAs\":[\"https:\/\/www.facebook.com\/PressenzaItalia\",\"https:\/\/x.com\/PressenzaIPA\"]},{\"@type\":\"Person\",\"@id\":\"https:\/\/www.pressenza.com\/es\/#\/schema\/person\/d7db40df35d6698ba69ba9ee260944ed\",\"name\":\"Redacci\u00f3n Chile\",\"description\":\"News from the Pressenza Bureau in Chile\",\"sameAs\":[\"https:\/\/www.facebook.com\/pressenza\",\"https:\/\/x.com\/pressenza\"],\"url\":\"https:\/\/www.pressenza.com\/es\/author\/redaccion-chile\/\"}]}<\/script>\n<!-- \/ Yoast SEO plugin. -->","yoast_head_json":{"title":"El paralelismo de la historia","description":"El paralelismo de la historia","robots":{"index":"index","follow":"follow","max-snippet":"max-snippet:-1","max-image-preview":"max-image-preview:large","max-video-preview":"max-video-preview:-1"},"canonical":"https:\/\/www.pressenza.com\/es\/2019\/10\/el-paralelismo-de-la-historia\/","og_locale":"es_ES","og_type":"article","og_title":"El paralelismo de la historia","og_description":"El paralelismo de la historia","og_url":"https:\/\/www.pressenza.com\/es\/2019\/10\/el-paralelismo-de-la-historia\/","og_site_name":"Pressenza","article_publisher":"https:\/\/www.facebook.com\/PressenzaItalia","article_author":"https:\/\/www.facebook.com\/pressenza","article_published_time":"2019-10-27T18:43:49+00:00","og_image":[{"width":946,"height":1280,"url":"https:\/\/www.pressenza.com\/wp-content\/uploads\/2019\/10\/EH0wXZ-XYAEgkc11.jpg","type":"image\/jpeg"}],"author":"Redacci\u00f3n Chile","twitter_card":"summary_large_image","twitter_creator":"@pressenza","twitter_site":"@PressenzaIPA","twitter_misc":{"Escrito por":"Redacci\u00f3n Chile","Tiempo de lectura":"5 minutos"},"schema":{"@context":"https:\/\/schema.org","@graph":[{"@type":"Article","@id":"https:\/\/www.pressenza.com\/es\/2019\/10\/el-paralelismo-de-la-historia\/#article","isPartOf":{"@id":"https:\/\/www.pressenza.com\/es\/2019\/10\/el-paralelismo-de-la-historia\/"},"author":{"name":"Redacci\u00f3n Chile","@id":"https:\/\/www.pressenza.com\/es\/#\/schema\/person\/d7db40df35d6698ba69ba9ee260944ed"},"headline":"El paralelismo de la historia","datePublished":"2019-10-27T18:43:49+00:00","mainEntityOfPage":{"@id":"https:\/\/www.pressenza.com\/es\/2019\/10\/el-paralelismo-de-la-historia\/"},"wordCount":944,"publisher":{"@id":"https:\/\/www.pressenza.com\/es\/#organization"},"image":{"@id":"https:\/\/www.pressenza.com\/es\/2019\/10\/el-paralelismo-de-la-historia\/#primaryimage"},"thumbnailUrl":"https:\/\/www.pressenza.com\/wp-content\/uploads\/2019\/10\/EH0wXZ-XYAEgkc11.jpg","keywords":["25 de octubre","Chile","protestas sociales","revoluci\u00f3n"],"articleSection":["Contenido Original","Opiniones","Pol\u00edtica","Sudam\u00e9rica"],"inLanguage":"es"},{"@type":"WebPage","@id":"https:\/\/www.pressenza.com\/es\/2019\/10\/el-paralelismo-de-la-historia\/","url":"https:\/\/www.pressenza.com\/es\/2019\/10\/el-paralelismo-de-la-historia\/","name":"El paralelismo de la historia","isPartOf":{"@id":"https:\/\/www.pressenza.com\/es\/#website"},"primaryImageOfPage":{"@id":"https:\/\/www.pressenza.com\/es\/2019\/10\/el-paralelismo-de-la-historia\/#primaryimage"},"image":{"@id":"https:\/\/www.pressenza.com\/es\/2019\/10\/el-paralelismo-de-la-historia\/#primaryimage"},"thumbnailUrl":"https:\/\/www.pressenza.com\/wp-content\/uploads\/2019\/10\/EH0wXZ-XYAEgkc11.jpg","datePublished":"2019-10-27T18:43:49+00:00","description":"El paralelismo de la historia","breadcrumb":{"@id":"https:\/\/www.pressenza.com\/es\/2019\/10\/el-paralelismo-de-la-historia\/#breadcrumb"},"inLanguage":"es","potentialAction":[{"@type":"ReadAction","target":["https:\/\/www.pressenza.com\/es\/2019\/10\/el-paralelismo-de-la-historia\/"]}]},{"@type":"ImageObject","inLanguage":"es","@id":"https:\/\/www.pressenza.com\/es\/2019\/10\/el-paralelismo-de-la-historia\/#primaryimage","url":"https:\/\/www.pressenza.com\/wp-content\/uploads\/2019\/10\/EH0wXZ-XYAEgkc11.jpg","contentUrl":"https:\/\/www.pressenza.com\/wp-content\/uploads\/2019\/10\/EH0wXZ-XYAEgkc11.jpg","width":946,"height":1280},{"@type":"BreadcrumbList","@id":"https:\/\/www.pressenza.com\/es\/2019\/10\/el-paralelismo-de-la-historia\/#breadcrumb","itemListElement":[{"@type":"ListItem","position":1,"name":"Accueil","item":"https:\/\/www.pressenza.com\/es\/"},{"@type":"ListItem","position":2,"name":"El paralelismo de la historia"}]},{"@type":"WebSite","@id":"https:\/\/www.pressenza.com\/es\/#website","url":"https:\/\/www.pressenza.com\/es\/","name":"Pressenza","description":"International Press Agency","publisher":{"@id":"https:\/\/www.pressenza.com\/es\/#organization"},"potentialAction":[{"@type":"SearchAction","target":{"@type":"EntryPoint","urlTemplate":"https:\/\/www.pressenza.com\/es\/?s={search_term_string}"},"query-input":{"@type":"PropertyValueSpecification","valueRequired":true,"valueName":"search_term_string"}}],"inLanguage":"es"},{"@type":"Organization","@id":"https:\/\/www.pressenza.com\/es\/#organization","name":"Pressenza","url":"https:\/\/www.pressenza.com\/es\/","logo":{"@type":"ImageObject","inLanguage":"es","@id":"https:\/\/www.pressenza.com\/es\/#\/schema\/logo\/image\/","url":"https:\/\/www.pressenza.com\/wp-content\/uploads\/2022\/10\/pressenza_logo_200x200.jpg","contentUrl":"https:\/\/www.pressenza.com\/wp-content\/uploads\/2022\/10\/pressenza_logo_200x200.jpg","width":200,"height":200,"caption":"Pressenza"},"image":{"@id":"https:\/\/www.pressenza.com\/es\/#\/schema\/logo\/image\/"},"sameAs":["https:\/\/www.facebook.com\/PressenzaItalia","https:\/\/x.com\/PressenzaIPA"]},{"@type":"Person","@id":"https:\/\/www.pressenza.com\/es\/#\/schema\/person\/d7db40df35d6698ba69ba9ee260944ed","name":"Redacci\u00f3n Chile","description":"News from the Pressenza Bureau in Chile","sameAs":["https:\/\/www.facebook.com\/pressenza","https:\/\/x.com\/pressenza"],"url":"https:\/\/www.pressenza.com\/es\/author\/redaccion-chile\/"}]}},"place":"Santiago de Chile","original_article_url":"","_links":{"self":[{"href":"https:\/\/www.pressenza.com\/es\/wp-json\/wp\/v2\/posts\/955771","targetHints":{"allow":["GET"]}}],"collection":[{"href":"https:\/\/www.pressenza.com\/es\/wp-json\/wp\/v2\/posts"}],"about":[{"href":"https:\/\/www.pressenza.com\/es\/wp-json\/wp\/v2\/types\/post"}],"author":[{"embeddable":true,"href":"https:\/\/www.pressenza.com\/es\/wp-json\/wp\/v2\/users\/43"}],"replies":[{"embeddable":true,"href":"https:\/\/www.pressenza.com\/es\/wp-json\/wp\/v2\/comments?post=955771"}],"version-history":[{"count":0,"href":"https:\/\/www.pressenza.com\/es\/wp-json\/wp\/v2\/posts\/955771\/revisions"}],"wp:featuredmedia":[{"embeddable":true,"href":"https:\/\/www.pressenza.com\/es\/wp-json\/wp\/v2\/media\/955772"}],"wp:attachment":[{"href":"https:\/\/www.pressenza.com\/es\/wp-json\/wp\/v2\/media?parent=955771"}],"wp:term":[{"taxonomy":"category","embeddable":true,"href":"https:\/\/www.pressenza.com\/es\/wp-json\/wp\/v2\/categories?post=955771"},{"taxonomy":"post_tag","embeddable":true,"href":"https:\/\/www.pressenza.com\/es\/wp-json\/wp\/v2\/tags?post=955771"}],"curies":[{"name":"wp","href":"https:\/\/api.w.org\/{rel}","templated":true}]}}