{"id":954998,"date":"2019-10-27T03:01:03","date_gmt":"2019-10-27T03:01:03","guid":{"rendered":"https:\/\/www.pressenza.com\/?p=954998"},"modified":"2019-10-27T03:01:03","modified_gmt":"2019-10-27T03:01:03","slug":"8va-feria-de-iniciativas-noviolentas-se-realizo-en-quito","status":"publish","type":"post","link":"https:\/\/www.pressenza.com\/es\/2019\/10\/8va-feria-de-iniciativas-noviolentas-se-realizo-en-quito\/","title":{"rendered":"8va. Feria de Iniciativas NoViolentas se realiz\u00f3 en Quito"},"content":{"rendered":"<p>En el marco de Octubre No Violento, esta ma\u00f1ana y tarde se realiz\u00f3 en Cumand\u00e1 Parque Urbano, en la ciudad de Quito, la 8va. Feria de Iniciativas No Violentas se realiz\u00f3 en Quito.<\/p>\n<p>Cientos de personas visitaron stands y participaron de actividades l\u00fadicas, sensoriales, con mascotas, gimnasia cerebral, entre otras que se inscribieron en esta feria que ya constituye un referente de actividades e iniciativas por la noviolencia, la no discriminaci\u00f3n y la inclusi\u00f3n.<\/p>\n<p>Octubre NoViolento y la Feria de Iniciativas No Violentas -especialmente- busca visibilizar las iniciativas existentes en la ciudad y en el pa\u00eds, en torno a noviolencia y, al mismo tiempo, sensibilizar cada vez a m\u00e1s amplias capas de la poblaci\u00f3n sobre la importancia de trabajar en perspectiva noviolenta.<\/p>\n<div class=\"post-gallery\">\n\t\t\t<figure class=\"post-gallery-item\">\n\t\t\t\t<img decoding=\"async\" src=\"https:\/\/www.pressenza.com\/wp-content\/uploads\/2019\/10\/FINV-01-720x536.png\" loading=\"lazy\">\n\t\t\t\t<figcaption>\n\t\t\t\t\tActividades de la 8va Feria de Iniciativas No Violentas\n\t\t\t\t<\/figcaption>\n\t\t\t<\/figure>\n\t\t\t<figure class=\"post-gallery-item\">\n\t\t\t\t<img decoding=\"async\" src=\"https:\/\/www.pressenza.com\/wp-content\/uploads\/2019\/10\/IMG_8568-720x540.jpg\" loading=\"lazy\">\n\t\t\t\t<figcaption>\n\t\t\t\t\t\n\t\t\t\t<\/figcaption>\n\t\t\t<\/figure>\n\t\t\t<figure class=\"post-gallery-item\">\n\t\t\t\t<img decoding=\"async\" src=\"https:\/\/www.pressenza.com\/wp-content\/uploads\/2019\/10\/IMG_8570-720x540.jpg\" loading=\"lazy\">\n\t\t\t\t<figcaption>\n\t\t\t\t\t\n\t\t\t\t<\/figcaption>\n\t\t\t<\/figure>\n\t\t\t<figure class=\"post-gallery-item\">\n\t\t\t\t<img decoding=\"async\" src=\"https:\/\/www.pressenza.com\/wp-content\/uploads\/2019\/10\/IMG_8571-720x540.jpg\" loading=\"lazy\">\n\t\t\t\t<figcaption>\n\t\t\t\t\t\n\t\t\t\t<\/figcaption>\n\t\t\t<\/figure>\n\t\t\t<figure class=\"post-gallery-item\">\n\t\t\t\t<img decoding=\"async\" src=\"https:\/\/www.pressenza.com\/wp-content\/uploads\/2019\/10\/IMG_8577-720x540.jpg\" loading=\"lazy\">\n\t\t\t\t<figcaption>\n\t\t\t\t\t\n\t\t\t\t<\/figcaption>\n\t\t\t<\/figure>\n\t\t\t<figure class=\"post-gallery-item\">\n\t\t\t\t<img decoding=\"async\" src=\"https:\/\/www.pressenza.com\/wp-content\/uploads\/2019\/10\/IMG_8579-720x540.jpg\" loading=\"lazy\">\n\t\t\t\t<figcaption>\n\t\t\t\t\t\n\t\t\t\t<\/figcaption>\n\t\t\t<\/figure>\n\t\t\t<figure class=\"post-gallery-item\">\n\t\t\t\t<img decoding=\"async\" src=\"https:\/\/www.pressenza.com\/wp-content\/uploads\/2019\/10\/IMG_8581-720x540.jpg\" loading=\"lazy\">\n\t\t\t\t<figcaption>\n\t\t\t\t\t\n\t\t\t\t<\/figcaption>\n\t\t\t<\/figure>\n\t\t\t<figure class=\"post-gallery-item\">\n\t\t\t\t<img decoding=\"async\" src=\"https:\/\/www.pressenza.com\/wp-content\/uploads\/2019\/10\/IMG_8592-720x540.jpg\" loading=\"lazy\">\n\t\t\t\t<figcaption>\n\t\t\t\t\t\n\t\t\t\t<\/figcaption>\n\t\t\t<\/figure>\n\t\t\t<figure class=\"post-gallery-item\">\n\t\t\t\t<img decoding=\"async\" src=\"https:\/\/www.pressenza.com\/wp-content\/uploads\/2019\/10\/IMG_8593-720x540.jpg\" loading=\"lazy\">\n\t\t\t\t<figcaption>\n\t\t\t\t\t\n\t\t\t\t<\/figcaption>\n\t\t\t<\/figure>\n\t\t\t<figure class=\"post-gallery-item\">\n\t\t\t\t<img decoding=\"async\" src=\"https:\/\/www.pressenza.com\/wp-content\/uploads\/2019\/10\/IMG_8594-720x540.jpg\" loading=\"lazy\">\n\t\t\t\t<figcaption>\n\t\t\t\t\t\n\t\t\t\t<\/figcaption>\n\t\t\t<\/figure>\n\t\t\t<figure class=\"post-gallery-item\">\n\t\t\t\t<img decoding=\"async\" src=\"https:\/\/www.pressenza.com\/wp-content\/uploads\/2019\/10\/IMG_8595-720x540.jpg\" loading=\"lazy\">\n\t\t\t\t<figcaption>\n\t\t\t\t\t\n\t\t\t\t<\/figcaption>\n\t\t\t<\/figure>\n\t\t\t<figure class=\"post-gallery-item\">\n\t\t\t\t<img decoding=\"async\" src=\"https:\/\/www.pressenza.com\/wp-content\/uploads\/2019\/10\/IMG_8597-720x540.jpg\" loading=\"lazy\">\n\t\t\t\t<figcaption>\n\t\t\t\t\t\n\t\t\t\t<\/figcaption>\n\t\t\t<\/figure>\n\t\t\t<figure class=\"post-gallery-item\">\n\t\t\t\t<img decoding=\"async\" src=\"https:\/\/www.pressenza.com\/wp-content\/uploads\/2019\/10\/IMG_8600-720x540.jpg\" loading=\"lazy\">\n\t\t\t\t<figcaption>\n\t\t\t\t\t\n\t\t\t\t<\/figcaption>\n\t\t\t<\/figure>\n\t\t\t<figure class=\"post-gallery-item\">\n\t\t\t\t<img decoding=\"async\" src=\"https:\/\/www.pressenza.com\/wp-content\/uploads\/2019\/10\/IMG_8609-720x540.jpg\" loading=\"lazy\">\n\t\t\t\t<figcaption>\n\t\t\t\t\t\n\t\t\t\t<\/figcaption>\n\t\t\t<\/figure>\n\t\t\t<figure class=\"post-gallery-item\">\n\t\t\t\t<img decoding=\"async\" src=\"https:\/\/www.pressenza.com\/wp-content\/uploads\/2019\/10\/IMG_8612-720x540.jpg\" loading=\"lazy\">\n\t\t\t\t<figcaption>\n\t\t\t\t\t\n\t\t\t\t<\/figcaption>\n\t\t\t<\/figure>\n\t\t\t<figure class=\"post-gallery-item\">\n\t\t\t\t<img decoding=\"async\" src=\"https:\/\/www.pressenza.com\/wp-content\/uploads\/2019\/10\/IMG_8613-720x540.jpg\" loading=\"lazy\">\n\t\t\t\t<figcaption>\n\t\t\t\t\t\n\t\t\t\t<\/figcaption>\n\t\t\t<\/figure>\n\t\t\t<figure class=\"post-gallery-item\">\n\t\t\t\t<img decoding=\"async\" src=\"https:\/\/www.pressenza.com\/wp-content\/uploads\/2019\/10\/IMG_8622-720x540.jpg\" loading=\"lazy\">\n\t\t\t\t<figcaption>\n\t\t\t\t\t\n\t\t\t\t<\/figcaption>\n\t\t\t<\/figure>\n\t\t\t<figure class=\"post-gallery-item\">\n\t\t\t\t<img decoding=\"async\" src=\"https:\/\/www.pressenza.com\/wp-content\/uploads\/2019\/10\/IMG_8626-720x540.jpg\" loading=\"lazy\">\n\t\t\t\t<figcaption>\n\t\t\t\t\t\n\t\t\t\t<\/figcaption>\n\t\t\t<\/figure>\n\t\t\t<figure class=\"post-gallery-item\">\n\t\t\t\t<img decoding=\"async\" src=\"https:\/\/www.pressenza.com\/wp-content\/uploads\/2019\/10\/IMG_8635-720x540.jpg\" loading=\"lazy\">\n\t\t\t\t<figcaption>\n\t\t\t\t\t\n\t\t\t\t<\/figcaption>\n\t\t\t<\/figure>\n\t\t\t<figure class=\"post-gallery-item\">\n\t\t\t\t<img decoding=\"async\" src=\"https:\/\/www.pressenza.com\/wp-content\/uploads\/2019\/10\/IMG_8637-720x540.jpg\" loading=\"lazy\">\n\t\t\t\t<figcaption>\n\t\t\t\t\t\n\t\t\t\t<\/figcaption>\n\t\t\t<\/figure>\n\t\t\t<figure class=\"post-gallery-item\">\n\t\t\t\t<img decoding=\"async\" src=\"https:\/\/www.pressenza.com\/wp-content\/uploads\/2019\/10\/IMG_8640-720x540.jpg\" loading=\"lazy\">\n\t\t\t\t<figcaption>\n\t\t\t\t\t\n\t\t\t\t<\/figcaption>\n\t\t\t<\/figure>\n\t\t\t<figure class=\"post-gallery-item\">\n\t\t\t\t<img decoding=\"async\" src=\"https:\/\/www.pressenza.com\/wp-content\/uploads\/2019\/10\/IMG_8642-720x540.jpg\" loading=\"lazy\">\n\t\t\t\t<figcaption>\n\t\t\t\t\t\n\t\t\t\t<\/figcaption>\n\t\t\t<\/figure>\n\t\t\t<figure class=\"post-gallery-item\">\n\t\t\t\t<img decoding=\"async\" src=\"https:\/\/www.pressenza.com\/wp-content\/uploads\/2019\/10\/IMG_8647-720x540.jpg\" loading=\"lazy\">\n\t\t\t\t<figcaption>\n\t\t\t\t\t\n\t\t\t\t<\/figcaption>\n\t\t\t<\/figure>\n\t\t\t<figure class=\"post-gallery-item\">\n\t\t\t\t<img decoding=\"async\" src=\"https:\/\/www.pressenza.com\/wp-content\/uploads\/2019\/10\/IMG_8649-720x540.jpg\" loading=\"lazy\">\n\t\t\t\t<figcaption>\n\t\t\t\t\t\n\t\t\t\t<\/figcaption>\n\t\t\t<\/figure>\n\t\t\t<figure class=\"post-gallery-item\">\n\t\t\t\t<img decoding=\"async\" src=\"https:\/\/www.pressenza.com\/wp-content\/uploads\/2019\/10\/IMG_8663-720x540.jpg\" loading=\"lazy\">\n\t\t\t\t<figcaption>\n\t\t\t\t\t\n\t\t\t\t<\/figcaption>\n\t\t\t<\/figure>\n\t\t\t<figure class=\"post-gallery-item\">\n\t\t\t\t<img decoding=\"async\" src=\"https:\/\/www.pressenza.com\/wp-content\/uploads\/2019\/10\/IMG_8672-720x540.jpg\" loading=\"lazy\">\n\t\t\t\t<figcaption>\n\t\t\t\t\t\n\t\t\t\t<\/figcaption>\n\t\t\t<\/figure>\n\t\t\t<figure class=\"post-gallery-item\">\n\t\t\t\t<img decoding=\"async\" src=\"https:\/\/www.pressenza.com\/wp-content\/uploads\/2019\/10\/IMG_8675-720x540.jpg\" loading=\"lazy\">\n\t\t\t\t<figcaption>\n\t\t\t\t\t\n\t\t\t\t<\/figcaption>\n\t\t\t<\/figure>\n\t\t\t<figure class=\"post-gallery-item\">\n\t\t\t\t<img decoding=\"async\" src=\"https:\/\/www.pressenza.com\/wp-content\/uploads\/2019\/10\/IMG_8678-720x540.jpg\" loading=\"lazy\">\n\t\t\t\t<figcaption>\n\t\t\t\t\t\n\t\t\t\t<\/figcaption>\n\t\t\t<\/figure><\/div>\n<p>Cabe se\u00f1alar que en este 2019, el octubre por la Paz y la Noviolencia cuenta con el respaldo decidido del Distrito Metropolitano de Quito, cuyo Concejo en pleno aprob\u00f3 la resoluci\u00f3n No. C 067 \u2013 2019 que declara el mes de octubre como el \u201cMes de la Noviolencia en el Distrito Metropolitano de Quito\u201d y resuelve que el Distrito Metropolitano de Quito \u201cfomente una cultura de paz en la diversidad, libre de violencia y discriminaci\u00f3n\u201d.<\/p>\n<p>Como antecedente se se\u00f1ala que en junio de 2007 la Asamblea General de las Naciones Unidas, en Resoluci\u00f3n 61\/271, declara el 02 de octubre como el D\u00eda Internacional de la Noviolencia.\u00a0 Con estos dos breves antecedentes, las organizaciones humanistas que convergen en el Espacio Noviolento realizan cada a\u00f1o, desde hace una d\u00e9cada, el octubre por la Paz y la Noviolencia.<\/p>\n","protected":false},"excerpt":{"rendered":"<p>En el marco de Octubre No Violento, esta ma\u00f1ana y tarde se realiz\u00f3 en Cumand\u00e1 Parque Urbano, en la ciudad de Quito, la 8va. Feria de Iniciativas No Violentas se realiz\u00f3 en Quito. Cientos de personas visitaron stands y participaron&hellip;<\/p>\n","protected":false},"author":1011,"featured_media":955325,"comment_status":"closed","ping_status":"closed","sticky":false,"template":"","format":"standard","meta":{"footnotes":""},"categories":[497,11389,75,79,1241,81,1230,54515,1240,46976,1242,1243,74,67],"tags":[51450,41403],"class_list":["post-954998","post","type-post","status-publish","format-standard","has-post-thumbnail","hentry","category-ciencia-tecnologia","category-contenido-original","category-cultura-es","category-derechos-humanos","category-diversidad","category-economia-es","category-educacion-tema","category-genero-y-feminismos","category-humanismo-espiritualidad","category-jovenes","category-noviolencia-tema","category-paz-desarme","category-politica-es","category-sudamerica","tag-feria-de-iniciativas-noviolentas","tag-octubre-noviolento"],"yoast_head":"<!-- This site is optimized with the Yoast SEO plugin v27.1.1 - https:\/\/yoast.com\/product\/yoast-seo-wordpress\/ -->\n<title>8va. Feria de Iniciativas NoViolentas se realiz\u00f3 en Quito<\/title>\n<meta name=\"description\" content=\"En el marco de Octubre No Violento, esta ma\u00f1ana y tarde se realiz\u00f3 en Cumand\u00e1 Parque Urbano, en la ciudad de Quito, la 8va. Feria de Iniciativas No\" \/>\n<meta name=\"robots\" content=\"index, follow, max-snippet:-1, max-image-preview:large, max-video-preview:-1\" \/>\n<link rel=\"canonical\" href=\"https:\/\/www.pressenza.com\/es\/2019\/10\/8va-feria-de-iniciativas-noviolentas-se-realizo-en-quito\/\" \/>\n<meta property=\"og:locale\" content=\"es_ES\" \/>\n<meta property=\"og:type\" content=\"article\" \/>\n<meta property=\"og:title\" content=\"8va. Feria de Iniciativas NoViolentas se realiz\u00f3 en Quito\" \/>\n<meta property=\"og:description\" content=\"En el marco de Octubre No Violento, esta ma\u00f1ana y tarde se realiz\u00f3 en Cumand\u00e1 Parque Urbano, en la ciudad de Quito, la 8va. Feria de Iniciativas No\" \/>\n<meta property=\"og:url\" content=\"https:\/\/www.pressenza.com\/es\/2019\/10\/8va-feria-de-iniciativas-noviolentas-se-realizo-en-quito\/\" \/>\n<meta property=\"og:site_name\" content=\"Pressenza\" \/>\n<meta property=\"article:publisher\" content=\"https:\/\/www.facebook.com\/PressenzaItalia\" \/>\n<meta property=\"article:published_time\" content=\"2019-10-27T03:01:03+00:00\" \/>\n<meta property=\"og:image\" content=\"https:\/\/www.pressenza.com\/wp-content\/uploads\/2019\/10\/FINV-02.png\" \/>\n\t<meta property=\"og:image:width\" content=\"1504\" \/>\n\t<meta property=\"og:image:height\" content=\"1086\" \/>\n\t<meta property=\"og:image:type\" content=\"image\/png\" \/>\n<meta name=\"author\" content=\"Redacci\u00f3n Ecuador\" \/>\n<meta name=\"twitter:card\" content=\"summary_large_image\" \/>\n<meta name=\"twitter:creator\" content=\"@PressenzaIPA\" \/>\n<meta name=\"twitter:site\" content=\"@PressenzaIPA\" \/>\n<meta name=\"twitter:label1\" content=\"Escrito por\" \/>\n\t<meta name=\"twitter:data1\" content=\"Redacci\u00f3n Ecuador\" \/>\n\t<meta name=\"twitter:label2\" content=\"Tiempo de lectura\" \/>\n\t<meta name=\"twitter:data2\" content=\"1 minuto\" \/>\n<script type=\"application\/ld+json\" class=\"yoast-schema-graph\">{\"@context\":\"https:\/\/schema.org\",\"@graph\":[{\"@type\":\"Article\",\"@id\":\"https:\/\/www.pressenza.com\/es\/2019\/10\/8va-feria-de-iniciativas-noviolentas-se-realizo-en-quito\/#article\",\"isPartOf\":{\"@id\":\"https:\/\/www.pressenza.com\/es\/2019\/10\/8va-feria-de-iniciativas-noviolentas-se-realizo-en-quito\/\"},\"author\":{\"name\":\"Redacci\u00f3n Ecuador\",\"@id\":\"https:\/\/www.pressenza.com\/es\/#\/schema\/person\/883a735c40665759bcc6fe0c26bcb46f\"},\"headline\":\"8va. Feria de Iniciativas NoViolentas se realiz\u00f3 en Quito\",\"datePublished\":\"2019-10-27T03:01:03+00:00\",\"mainEntityOfPage\":{\"@id\":\"https:\/\/www.pressenza.com\/es\/2019\/10\/8va-feria-de-iniciativas-noviolentas-se-realizo-en-quito\/\"},\"wordCount\":276,\"publisher\":{\"@id\":\"https:\/\/www.pressenza.com\/es\/#organization\"},\"image\":{\"@id\":\"https:\/\/www.pressenza.com\/es\/2019\/10\/8va-feria-de-iniciativas-noviolentas-se-realizo-en-quito\/#primaryimage\"},\"thumbnailUrl\":\"https:\/\/www.pressenza.com\/wp-content\/uploads\/2019\/10\/FINV-02.png\",\"keywords\":[\"Feria de Iniciativas NoViolentas\",\"Octubre Noviolento\"],\"articleSection\":[\"Ciencia y Tecnolog\u00eda\",\"Contenido Original\",\"Cultura y Medios\",\"Derechos Humanos\",\"Diversidad\",\"Econom\u00eda\",\"Educaci\u00f3n\",\"G\u00e9nero y Feminismos\",\"Humanismo y Espiritualidad\",\"J\u00f3venes\",\"Noviolencia\",\"Paz y Desarme\",\"Pol\u00edtica\",\"Sudam\u00e9rica\"],\"inLanguage\":\"es\"},{\"@type\":\"WebPage\",\"@id\":\"https:\/\/www.pressenza.com\/es\/2019\/10\/8va-feria-de-iniciativas-noviolentas-se-realizo-en-quito\/\",\"url\":\"https:\/\/www.pressenza.com\/es\/2019\/10\/8va-feria-de-iniciativas-noviolentas-se-realizo-en-quito\/\",\"name\":\"8va. Feria de Iniciativas NoViolentas se realiz\u00f3 en Quito\",\"isPartOf\":{\"@id\":\"https:\/\/www.pressenza.com\/es\/#website\"},\"primaryImageOfPage\":{\"@id\":\"https:\/\/www.pressenza.com\/es\/2019\/10\/8va-feria-de-iniciativas-noviolentas-se-realizo-en-quito\/#primaryimage\"},\"image\":{\"@id\":\"https:\/\/www.pressenza.com\/es\/2019\/10\/8va-feria-de-iniciativas-noviolentas-se-realizo-en-quito\/#primaryimage\"},\"thumbnailUrl\":\"https:\/\/www.pressenza.com\/wp-content\/uploads\/2019\/10\/FINV-02.png\",\"datePublished\":\"2019-10-27T03:01:03+00:00\",\"description\":\"En el marco de Octubre No Violento, esta ma\u00f1ana y tarde se realiz\u00f3 en Cumand\u00e1 Parque Urbano, en la ciudad de Quito, la 8va. Feria de Iniciativas No\",\"breadcrumb\":{\"@id\":\"https:\/\/www.pressenza.com\/es\/2019\/10\/8va-feria-de-iniciativas-noviolentas-se-realizo-en-quito\/#breadcrumb\"},\"inLanguage\":\"es\",\"potentialAction\":[{\"@type\":\"ReadAction\",\"target\":[\"https:\/\/www.pressenza.com\/es\/2019\/10\/8va-feria-de-iniciativas-noviolentas-se-realizo-en-quito\/\"]}]},{\"@type\":\"ImageObject\",\"inLanguage\":\"es\",\"@id\":\"https:\/\/www.pressenza.com\/es\/2019\/10\/8va-feria-de-iniciativas-noviolentas-se-realizo-en-quito\/#primaryimage\",\"url\":\"https:\/\/www.pressenza.com\/wp-content\/uploads\/2019\/10\/FINV-02.png\",\"contentUrl\":\"https:\/\/www.pressenza.com\/wp-content\/uploads\/2019\/10\/FINV-02.png\",\"width\":1504,\"height\":1086,\"caption\":\"Dibijo de la actividad \\\"Una nota por la No Violencia\\\" realizado por La Comunidad para el desarrollo humano.\"},{\"@type\":\"BreadcrumbList\",\"@id\":\"https:\/\/www.pressenza.com\/es\/2019\/10\/8va-feria-de-iniciativas-noviolentas-se-realizo-en-quito\/#breadcrumb\",\"itemListElement\":[{\"@type\":\"ListItem\",\"position\":1,\"name\":\"Accueil\",\"item\":\"https:\/\/www.pressenza.com\/es\/\"},{\"@type\":\"ListItem\",\"position\":2,\"name\":\"8va. Feria de Iniciativas NoViolentas se realiz\u00f3 en Quito\"}]},{\"@type\":\"WebSite\",\"@id\":\"https:\/\/www.pressenza.com\/es\/#website\",\"url\":\"https:\/\/www.pressenza.com\/es\/\",\"name\":\"Pressenza\",\"description\":\"International Press Agency\",\"publisher\":{\"@id\":\"https:\/\/www.pressenza.com\/es\/#organization\"},\"potentialAction\":[{\"@type\":\"SearchAction\",\"target\":{\"@type\":\"EntryPoint\",\"urlTemplate\":\"https:\/\/www.pressenza.com\/es\/?s={search_term_string}\"},\"query-input\":{\"@type\":\"PropertyValueSpecification\",\"valueRequired\":true,\"valueName\":\"search_term_string\"}}],\"inLanguage\":\"es\"},{\"@type\":\"Organization\",\"@id\":\"https:\/\/www.pressenza.com\/es\/#organization\",\"name\":\"Pressenza\",\"url\":\"https:\/\/www.pressenza.com\/es\/\",\"logo\":{\"@type\":\"ImageObject\",\"inLanguage\":\"es\",\"@id\":\"https:\/\/www.pressenza.com\/es\/#\/schema\/logo\/image\/\",\"url\":\"https:\/\/www.pressenza.com\/wp-content\/uploads\/2022\/10\/pressenza_logo_200x200.jpg\",\"contentUrl\":\"https:\/\/www.pressenza.com\/wp-content\/uploads\/2022\/10\/pressenza_logo_200x200.jpg\",\"width\":200,\"height\":200,\"caption\":\"Pressenza\"},\"image\":{\"@id\":\"https:\/\/www.pressenza.com\/es\/#\/schema\/logo\/image\/\"},\"sameAs\":[\"https:\/\/www.facebook.com\/PressenzaItalia\",\"https:\/\/x.com\/PressenzaIPA\"]},{\"@type\":\"Person\",\"@id\":\"https:\/\/www.pressenza.com\/es\/#\/schema\/person\/883a735c40665759bcc6fe0c26bcb46f\",\"name\":\"Redacci\u00f3n Ecuador\",\"description\":\"News published by the Pressenza bureau in Quito, Ecuador\",\"url\":\"https:\/\/www.pressenza.com\/es\/author\/redaccion-ecuador\/\"}]}<\/script>\n<!-- \/ Yoast SEO plugin. -->","yoast_head_json":{"title":"8va. Feria de Iniciativas NoViolentas se realiz\u00f3 en Quito","description":"En el marco de Octubre No Violento, esta ma\u00f1ana y tarde se realiz\u00f3 en Cumand\u00e1 Parque Urbano, en la ciudad de Quito, la 8va. Feria de Iniciativas No","robots":{"index":"index","follow":"follow","max-snippet":"max-snippet:-1","max-image-preview":"max-image-preview:large","max-video-preview":"max-video-preview:-1"},"canonical":"https:\/\/www.pressenza.com\/es\/2019\/10\/8va-feria-de-iniciativas-noviolentas-se-realizo-en-quito\/","og_locale":"es_ES","og_type":"article","og_title":"8va. Feria de Iniciativas NoViolentas se realiz\u00f3 en Quito","og_description":"En el marco de Octubre No Violento, esta ma\u00f1ana y tarde se realiz\u00f3 en Cumand\u00e1 Parque Urbano, en la ciudad de Quito, la 8va. Feria de Iniciativas No","og_url":"https:\/\/www.pressenza.com\/es\/2019\/10\/8va-feria-de-iniciativas-noviolentas-se-realizo-en-quito\/","og_site_name":"Pressenza","article_publisher":"https:\/\/www.facebook.com\/PressenzaItalia","article_published_time":"2019-10-27T03:01:03+00:00","og_image":[{"width":1504,"height":1086,"url":"https:\/\/www.pressenza.com\/wp-content\/uploads\/2019\/10\/FINV-02.png","type":"image\/png"}],"author":"Redacci\u00f3n Ecuador","twitter_card":"summary_large_image","twitter_creator":"@PressenzaIPA","twitter_site":"@PressenzaIPA","twitter_misc":{"Escrito por":"Redacci\u00f3n Ecuador","Tiempo de lectura":"1 minuto"},"schema":{"@context":"https:\/\/schema.org","@graph":[{"@type":"Article","@id":"https:\/\/www.pressenza.com\/es\/2019\/10\/8va-feria-de-iniciativas-noviolentas-se-realizo-en-quito\/#article","isPartOf":{"@id":"https:\/\/www.pressenza.com\/es\/2019\/10\/8va-feria-de-iniciativas-noviolentas-se-realizo-en-quito\/"},"author":{"name":"Redacci\u00f3n Ecuador","@id":"https:\/\/www.pressenza.com\/es\/#\/schema\/person\/883a735c40665759bcc6fe0c26bcb46f"},"headline":"8va. Feria de Iniciativas NoViolentas se realiz\u00f3 en Quito","datePublished":"2019-10-27T03:01:03+00:00","mainEntityOfPage":{"@id":"https:\/\/www.pressenza.com\/es\/2019\/10\/8va-feria-de-iniciativas-noviolentas-se-realizo-en-quito\/"},"wordCount":276,"publisher":{"@id":"https:\/\/www.pressenza.com\/es\/#organization"},"image":{"@id":"https:\/\/www.pressenza.com\/es\/2019\/10\/8va-feria-de-iniciativas-noviolentas-se-realizo-en-quito\/#primaryimage"},"thumbnailUrl":"https:\/\/www.pressenza.com\/wp-content\/uploads\/2019\/10\/FINV-02.png","keywords":["Feria de Iniciativas NoViolentas","Octubre Noviolento"],"articleSection":["Ciencia y Tecnolog\u00eda","Contenido Original","Cultura y Medios","Derechos Humanos","Diversidad","Econom\u00eda","Educaci\u00f3n","G\u00e9nero y Feminismos","Humanismo y Espiritualidad","J\u00f3venes","Noviolencia","Paz y Desarme","Pol\u00edtica","Sudam\u00e9rica"],"inLanguage":"es"},{"@type":"WebPage","@id":"https:\/\/www.pressenza.com\/es\/2019\/10\/8va-feria-de-iniciativas-noviolentas-se-realizo-en-quito\/","url":"https:\/\/www.pressenza.com\/es\/2019\/10\/8va-feria-de-iniciativas-noviolentas-se-realizo-en-quito\/","name":"8va. Feria de Iniciativas NoViolentas se realiz\u00f3 en Quito","isPartOf":{"@id":"https:\/\/www.pressenza.com\/es\/#website"},"primaryImageOfPage":{"@id":"https:\/\/www.pressenza.com\/es\/2019\/10\/8va-feria-de-iniciativas-noviolentas-se-realizo-en-quito\/#primaryimage"},"image":{"@id":"https:\/\/www.pressenza.com\/es\/2019\/10\/8va-feria-de-iniciativas-noviolentas-se-realizo-en-quito\/#primaryimage"},"thumbnailUrl":"https:\/\/www.pressenza.com\/wp-content\/uploads\/2019\/10\/FINV-02.png","datePublished":"2019-10-27T03:01:03+00:00","description":"En el marco de Octubre No Violento, esta ma\u00f1ana y tarde se realiz\u00f3 en Cumand\u00e1 Parque Urbano, en la ciudad de Quito, la 8va. Feria de Iniciativas No","breadcrumb":{"@id":"https:\/\/www.pressenza.com\/es\/2019\/10\/8va-feria-de-iniciativas-noviolentas-se-realizo-en-quito\/#breadcrumb"},"inLanguage":"es","potentialAction":[{"@type":"ReadAction","target":["https:\/\/www.pressenza.com\/es\/2019\/10\/8va-feria-de-iniciativas-noviolentas-se-realizo-en-quito\/"]}]},{"@type":"ImageObject","inLanguage":"es","@id":"https:\/\/www.pressenza.com\/es\/2019\/10\/8va-feria-de-iniciativas-noviolentas-se-realizo-en-quito\/#primaryimage","url":"https:\/\/www.pressenza.com\/wp-content\/uploads\/2019\/10\/FINV-02.png","contentUrl":"https:\/\/www.pressenza.com\/wp-content\/uploads\/2019\/10\/FINV-02.png","width":1504,"height":1086,"caption":"Dibijo de la actividad \"Una nota por la No Violencia\" realizado por La Comunidad para el desarrollo humano."},{"@type":"BreadcrumbList","@id":"https:\/\/www.pressenza.com\/es\/2019\/10\/8va-feria-de-iniciativas-noviolentas-se-realizo-en-quito\/#breadcrumb","itemListElement":[{"@type":"ListItem","position":1,"name":"Accueil","item":"https:\/\/www.pressenza.com\/es\/"},{"@type":"ListItem","position":2,"name":"8va. Feria de Iniciativas NoViolentas se realiz\u00f3 en Quito"}]},{"@type":"WebSite","@id":"https:\/\/www.pressenza.com\/es\/#website","url":"https:\/\/www.pressenza.com\/es\/","name":"Pressenza","description":"International Press Agency","publisher":{"@id":"https:\/\/www.pressenza.com\/es\/#organization"},"potentialAction":[{"@type":"SearchAction","target":{"@type":"EntryPoint","urlTemplate":"https:\/\/www.pressenza.com\/es\/?s={search_term_string}"},"query-input":{"@type":"PropertyValueSpecification","valueRequired":true,"valueName":"search_term_string"}}],"inLanguage":"es"},{"@type":"Organization","@id":"https:\/\/www.pressenza.com\/es\/#organization","name":"Pressenza","url":"https:\/\/www.pressenza.com\/es\/","logo":{"@type":"ImageObject","inLanguage":"es","@id":"https:\/\/www.pressenza.com\/es\/#\/schema\/logo\/image\/","url":"https:\/\/www.pressenza.com\/wp-content\/uploads\/2022\/10\/pressenza_logo_200x200.jpg","contentUrl":"https:\/\/www.pressenza.com\/wp-content\/uploads\/2022\/10\/pressenza_logo_200x200.jpg","width":200,"height":200,"caption":"Pressenza"},"image":{"@id":"https:\/\/www.pressenza.com\/es\/#\/schema\/logo\/image\/"},"sameAs":["https:\/\/www.facebook.com\/PressenzaItalia","https:\/\/x.com\/PressenzaIPA"]},{"@type":"Person","@id":"https:\/\/www.pressenza.com\/es\/#\/schema\/person\/883a735c40665759bcc6fe0c26bcb46f","name":"Redacci\u00f3n Ecuador","description":"News published by the Pressenza bureau in Quito, Ecuador","url":"https:\/\/www.pressenza.com\/es\/author\/redaccion-ecuador\/"}]}},"place":"Quito, Ecuador","original_article_url":"","_links":{"self":[{"href":"https:\/\/www.pressenza.com\/es\/wp-json\/wp\/v2\/posts\/954998","targetHints":{"allow":["GET"]}}],"collection":[{"href":"https:\/\/www.pressenza.com\/es\/wp-json\/wp\/v2\/posts"}],"about":[{"href":"https:\/\/www.pressenza.com\/es\/wp-json\/wp\/v2\/types\/post"}],"author":[{"embeddable":true,"href":"https:\/\/www.pressenza.com\/es\/wp-json\/wp\/v2\/users\/1011"}],"replies":[{"embeddable":true,"href":"https:\/\/www.pressenza.com\/es\/wp-json\/wp\/v2\/comments?post=954998"}],"version-history":[{"count":0,"href":"https:\/\/www.pressenza.com\/es\/wp-json\/wp\/v2\/posts\/954998\/revisions"}],"wp:featuredmedia":[{"embeddable":true,"href":"https:\/\/www.pressenza.com\/es\/wp-json\/wp\/v2\/media\/955325"}],"wp:attachment":[{"href":"https:\/\/www.pressenza.com\/es\/wp-json\/wp\/v2\/media?parent=954998"}],"wp:term":[{"taxonomy":"category","embeddable":true,"href":"https:\/\/www.pressenza.com\/es\/wp-json\/wp\/v2\/categories?post=954998"},{"taxonomy":"post_tag","embeddable":true,"href":"https:\/\/www.pressenza.com\/es\/wp-json\/wp\/v2\/tags?post=954998"}],"curies":[{"name":"wp","href":"https:\/\/api.w.org\/{rel}","templated":true}]}}