{"id":95449,"date":"2014-03-22T12:40:23","date_gmt":"2014-03-22T12:40:23","guid":{"rendered":"http:\/\/www.pressenza.com\/?p=95449"},"modified":"2014-03-22T12:40:23","modified_gmt":"2014-03-22T12:40:23","slug":"comision-de-la-unasur-se-reunira-en-caracas-el-25-y-26-de-marzo-para-acompanar-el-dialogo-politico","status":"publish","type":"post","link":"https:\/\/www.pressenza.com\/es\/2014\/03\/comision-de-la-unasur-se-reunira-en-caracas-el-25-y-26-de-marzo-para-acompanar-el-dialogo-politico\/","title":{"rendered":"Comisi\u00f3n de la Unasur se reunir\u00e1 en Caracas el 25 y 26 de marzo para acompa\u00f1ar el di\u00e1logo pol\u00edtico"},"content":{"rendered":"<p style=\"text-align: justify;\"><strong>El canciller ecuatoriano, Ricardo Pati\u00f1o<\/strong>, confirm\u00f3 este viernes que una <strong>misi\u00f3n de ministros de Exteriores de la Unasur se reunir\u00e1 el 25 y 26 de marzo en Venezuela para acompa\u00f1ar el dialogo pol\u00edtico<\/strong> en medio de una crisis por protestas estudiantiles que Caracas se\u00f1ala como un intento de golpe de estado.<\/p>\n<p style=\"text-align: justify;\"><em>\u201cComisi\u00f3n de UNASUR para acompa\u00f1ar el di\u00e1logo pol\u00edtico en Venezuela har\u00e1 su primera reuni\u00f3n en Caracas los d\u00edas 25 y 26 de marzo\u201d<\/em>, anunci\u00f3 Pati\u00f1o a trav\u00e9s de su cuenta en Twitter.<\/p>\n<blockquote><p>La decisi\u00f3n de enviar una misi\u00f3n del organismo regional se tom\u00f3 en <strong>Santiago de Chile<\/strong> el 14 de marzo en el marco de la posesi\u00f3n de la presidenta <strong>Michelle Bachelet<\/strong>.<\/p><\/blockquote>\n<p style=\"text-align: justify;\">D\u00edas atr\u00e1s, Pati\u00f1o dijo que la visita de los cancilleres se da por pedido del gobierno de <strong>Nicol\u00e1s Maduro<\/strong> y no descart\u00f3 que se pueda ampliar el di\u00e1logo con representantes de la oposici\u00f3n, pero siempre bajo los lineamientos del r\u00e9gimen venezolano.<\/p>\n<p style=\"text-align: justify;\"><em>\u201cSi hay gente que quiere dialogar, que est\u00e1n en la oposici\u00f3n, que no est\u00e9n de acuerdo con el gobierno venezolano, pero que quieran conversar sobre temas, demandas, cuestionamientos, planteamientos que se quieran hacer al gobierno de Venezuela, nosotros favoreceremos ese tipo de di\u00e1logos\u201d<\/em>, dijo Pati\u00f1o a periodistas.<\/p>\n<p style=\"text-align: justify;\"><strong>Las protestas en<\/strong> <strong>Venezuela<\/strong> convocadas por dirigentes de oposici\u00f3n en reclamo por la alta inflaci\u00f3n y la inseguridad, que el gobierno califica de golpe de estado, han dejado hasta la fecha 32 muertos y cientos de heridos.<\/p>\n<p style=\"text-align: justify;\">Seg\u00fan Pati\u00f1o, el objetivo de la visita de alto nivel es <em>\u201cacompa\u00f1ar, asesorar y ayudar\u201d<\/em> al gobierno venezolano en la crisis originada tras las protestas estudiantiles en reclamo por los altos niveles de inflaci\u00f3n y la inseguridad, pero que el r\u00e9gimen identifica como un golpe de estado en proceso.<\/p>\n<p style=\"text-align: justify;\"><img loading=\"lazy\" decoding=\"async\" alt=\"\" src=\"https:\/\/ci6.googleusercontent.com\/proxy\/kgbjzhh69d81AxVNz4Rq5UvnQW-7CNDlfYjoGcpQ0KWH9xP5SN-EZEA_vlgHdI0Xq_1hM3ao6zkM6v_3ht5AGyUqFjr7qZv2XEZr6lZ2z2-qWqye02yNKTB4BAbAH4yYt6ohqYAJEwzsyP_YMB7Z9s8eZ4CA2AY=s0-d-e1-ft#http:\/\/feeds.feedburner.com\/%7Er\/agenciasulan\/%7E4\/E_dcqrkH_lE?utm_source=feedburner&amp;utm_medium=email\" width=\"1\" height=\"1\" \/><\/p>\n","protected":false},"excerpt":{"rendered":"<p>El canciller ecuatoriano, Ricardo Pati\u00f1o, confirm\u00f3 este viernes que una misi\u00f3n de ministros de Exteriores de la Unasur se reunir\u00e1 el 25 y 26 de marzo en Venezuela para acompa\u00f1ar el dialogo pol\u00edtico en medio de una crisis por protestas&hellip;<\/p>\n","protected":false},"author":640,"featured_media":95451,"comment_status":"closed","ping_status":"open","sticky":false,"template":"","format":"standard","meta":{"footnotes":""},"categories":[76,67],"tags":[4637],"class_list":["post-95449","post","type-post","status-publish","format-standard","has-post-thumbnail","hentry","category-relaciones-exteriores","category-sudamerica","tag-unasur-es"],"yoast_head":"<!-- This site is optimized with the Yoast SEO plugin v27.1.1 - https:\/\/yoast.com\/product\/yoast-seo-wordpress\/ -->\n<title>Comisi\u00f3n de la Unasur se reunir\u00e1 en Caracas el 25 y 26 de marzo para acompa\u00f1ar el di\u00e1logo pol\u00edtico<\/title>\n<meta name=\"description\" content=\"El canciller ecuatoriano, Ricardo Pati\u00f1o, confirm\u00f3 este viernes que una misi\u00f3n de ministros de Exteriores de la Unasur se reunir\u00e1 el 25 y 26 de marzo en\" \/>\n<meta name=\"robots\" content=\"index, follow, max-snippet:-1, max-image-preview:large, max-video-preview:-1\" \/>\n<link rel=\"canonical\" href=\"https:\/\/www.pressenza.com\/es\/2014\/03\/comision-de-la-unasur-se-reunira-en-caracas-el-25-y-26-de-marzo-para-acompanar-el-dialogo-politico\/\" \/>\n<meta property=\"og:locale\" content=\"es_ES\" \/>\n<meta property=\"og:type\" content=\"article\" \/>\n<meta property=\"og:title\" content=\"Comisi\u00f3n de la Unasur se reunir\u00e1 en Caracas el 25 y 26 de marzo para acompa\u00f1ar el di\u00e1logo pol\u00edtico\" \/>\n<meta property=\"og:description\" content=\"El canciller ecuatoriano, Ricardo Pati\u00f1o, confirm\u00f3 este viernes que una misi\u00f3n de ministros de Exteriores de la Unasur se reunir\u00e1 el 25 y 26 de marzo en\" \/>\n<meta property=\"og:url\" content=\"https:\/\/www.pressenza.com\/es\/2014\/03\/comision-de-la-unasur-se-reunira-en-caracas-el-25-y-26-de-marzo-para-acompanar-el-dialogo-politico\/\" \/>\n<meta property=\"og:site_name\" content=\"Pressenza\" \/>\n<meta property=\"article:publisher\" content=\"https:\/\/www.facebook.com\/PressenzaItalia\" \/>\n<meta property=\"article:author\" content=\"https:\/\/www.facebook.com\/AgenciasUlan\" \/>\n<meta property=\"article:published_time\" content=\"2014-03-22T12:40:23+00:00\" \/>\n<meta property=\"og:image\" content=\"https:\/\/www.pressenza.com\/wp-content\/uploads\/2014\/03\/unasur.jpg\" \/>\n\t<meta property=\"og:image:width\" content=\"500\" \/>\n\t<meta property=\"og:image:height\" content=\"333\" \/>\n\t<meta property=\"og:image:type\" content=\"image\/jpeg\" \/>\n<meta name=\"author\" content=\"Uni\u00f3n Latinoamericana de Agencias de Noticias\" \/>\n<meta name=\"twitter:card\" content=\"summary_large_image\" \/>\n<meta name=\"twitter:creator\" content=\"@agenciasulan\" \/>\n<meta name=\"twitter:site\" content=\"@PressenzaIPA\" \/>\n<meta name=\"twitter:label1\" content=\"Escrito por\" \/>\n\t<meta name=\"twitter:data1\" content=\"Uni\u00f3n Latinoamericana de Agencias de Noticias\" \/>\n\t<meta name=\"twitter:label2\" content=\"Tiempo de lectura\" \/>\n\t<meta name=\"twitter:data2\" content=\"2 minutos\" \/>\n<script type=\"application\/ld+json\" class=\"yoast-schema-graph\">{\"@context\":\"https:\/\/schema.org\",\"@graph\":[{\"@type\":\"Article\",\"@id\":\"https:\/\/www.pressenza.com\/es\/2014\/03\/comision-de-la-unasur-se-reunira-en-caracas-el-25-y-26-de-marzo-para-acompanar-el-dialogo-politico\/#article\",\"isPartOf\":{\"@id\":\"https:\/\/www.pressenza.com\/es\/2014\/03\/comision-de-la-unasur-se-reunira-en-caracas-el-25-y-26-de-marzo-para-acompanar-el-dialogo-politico\/\"},\"author\":{\"name\":\"Uni\u00f3n Latinoamericana de Agencias de Noticias\",\"@id\":\"https:\/\/www.pressenza.com\/es\/#\/schema\/person\/a9efe8d7b19eb4689fcbcb71bc21dba6\"},\"headline\":\"Comisi\u00f3n de la Unasur se reunir\u00e1 en Caracas el 25 y 26 de marzo para acompa\u00f1ar el di\u00e1logo pol\u00edtico\",\"datePublished\":\"2014-03-22T12:40:23+00:00\",\"mainEntityOfPage\":{\"@id\":\"https:\/\/www.pressenza.com\/es\/2014\/03\/comision-de-la-unasur-se-reunira-en-caracas-el-25-y-26-de-marzo-para-acompanar-el-dialogo-politico\/\"},\"wordCount\":337,\"publisher\":{\"@id\":\"https:\/\/www.pressenza.com\/es\/#organization\"},\"image\":{\"@id\":\"https:\/\/www.pressenza.com\/es\/2014\/03\/comision-de-la-unasur-se-reunira-en-caracas-el-25-y-26-de-marzo-para-acompanar-el-dialogo-politico\/#primaryimage\"},\"thumbnailUrl\":\"https:\/\/www.pressenza.com\/wp-content\/uploads\/2014\/03\/unasur.jpg\",\"keywords\":[\"Unasur\"],\"articleSection\":[\"Asuntos internacionales\",\"Sudam\u00e9rica\"],\"inLanguage\":\"es\"},{\"@type\":\"WebPage\",\"@id\":\"https:\/\/www.pressenza.com\/es\/2014\/03\/comision-de-la-unasur-se-reunira-en-caracas-el-25-y-26-de-marzo-para-acompanar-el-dialogo-politico\/\",\"url\":\"https:\/\/www.pressenza.com\/es\/2014\/03\/comision-de-la-unasur-se-reunira-en-caracas-el-25-y-26-de-marzo-para-acompanar-el-dialogo-politico\/\",\"name\":\"Comisi\u00f3n de la Unasur se reunir\u00e1 en Caracas el 25 y 26 de marzo para acompa\u00f1ar el di\u00e1logo pol\u00edtico\",\"isPartOf\":{\"@id\":\"https:\/\/www.pressenza.com\/es\/#website\"},\"primaryImageOfPage\":{\"@id\":\"https:\/\/www.pressenza.com\/es\/2014\/03\/comision-de-la-unasur-se-reunira-en-caracas-el-25-y-26-de-marzo-para-acompanar-el-dialogo-politico\/#primaryimage\"},\"image\":{\"@id\":\"https:\/\/www.pressenza.com\/es\/2014\/03\/comision-de-la-unasur-se-reunira-en-caracas-el-25-y-26-de-marzo-para-acompanar-el-dialogo-politico\/#primaryimage\"},\"thumbnailUrl\":\"https:\/\/www.pressenza.com\/wp-content\/uploads\/2014\/03\/unasur.jpg\",\"datePublished\":\"2014-03-22T12:40:23+00:00\",\"description\":\"El canciller ecuatoriano, Ricardo Pati\u00f1o, confirm\u00f3 este viernes que una misi\u00f3n de ministros de Exteriores de la Unasur se reunir\u00e1 el 25 y 26 de marzo en\",\"breadcrumb\":{\"@id\":\"https:\/\/www.pressenza.com\/es\/2014\/03\/comision-de-la-unasur-se-reunira-en-caracas-el-25-y-26-de-marzo-para-acompanar-el-dialogo-politico\/#breadcrumb\"},\"inLanguage\":\"es\",\"potentialAction\":[{\"@type\":\"ReadAction\",\"target\":[\"https:\/\/www.pressenza.com\/es\/2014\/03\/comision-de-la-unasur-se-reunira-en-caracas-el-25-y-26-de-marzo-para-acompanar-el-dialogo-politico\/\"]}]},{\"@type\":\"ImageObject\",\"inLanguage\":\"es\",\"@id\":\"https:\/\/www.pressenza.com\/es\/2014\/03\/comision-de-la-unasur-se-reunira-en-caracas-el-25-y-26-de-marzo-para-acompanar-el-dialogo-politico\/#primaryimage\",\"url\":\"https:\/\/www.pressenza.com\/wp-content\/uploads\/2014\/03\/unasur.jpg\",\"contentUrl\":\"https:\/\/www.pressenza.com\/wp-content\/uploads\/2014\/03\/unasur.jpg\",\"width\":500,\"height\":333},{\"@type\":\"BreadcrumbList\",\"@id\":\"https:\/\/www.pressenza.com\/es\/2014\/03\/comision-de-la-unasur-se-reunira-en-caracas-el-25-y-26-de-marzo-para-acompanar-el-dialogo-politico\/#breadcrumb\",\"itemListElement\":[{\"@type\":\"ListItem\",\"position\":1,\"name\":\"Accueil\",\"item\":\"https:\/\/www.pressenza.com\/es\/\"},{\"@type\":\"ListItem\",\"position\":2,\"name\":\"Comisi\u00f3n de la Unasur se reunir\u00e1 en Caracas el 25 y 26 de marzo para acompa\u00f1ar el di\u00e1logo pol\u00edtico\"}]},{\"@type\":\"WebSite\",\"@id\":\"https:\/\/www.pressenza.com\/es\/#website\",\"url\":\"https:\/\/www.pressenza.com\/es\/\",\"name\":\"Pressenza\",\"description\":\"International Press Agency\",\"publisher\":{\"@id\":\"https:\/\/www.pressenza.com\/es\/#organization\"},\"potentialAction\":[{\"@type\":\"SearchAction\",\"target\":{\"@type\":\"EntryPoint\",\"urlTemplate\":\"https:\/\/www.pressenza.com\/es\/?s={search_term_string}\"},\"query-input\":{\"@type\":\"PropertyValueSpecification\",\"valueRequired\":true,\"valueName\":\"search_term_string\"}}],\"inLanguage\":\"es\"},{\"@type\":\"Organization\",\"@id\":\"https:\/\/www.pressenza.com\/es\/#organization\",\"name\":\"Pressenza\",\"url\":\"https:\/\/www.pressenza.com\/es\/\",\"logo\":{\"@type\":\"ImageObject\",\"inLanguage\":\"es\",\"@id\":\"https:\/\/www.pressenza.com\/es\/#\/schema\/logo\/image\/\",\"url\":\"https:\/\/www.pressenza.com\/wp-content\/uploads\/2022\/10\/pressenza_logo_200x200.jpg\",\"contentUrl\":\"https:\/\/www.pressenza.com\/wp-content\/uploads\/2022\/10\/pressenza_logo_200x200.jpg\",\"width\":200,\"height\":200,\"caption\":\"Pressenza\"},\"image\":{\"@id\":\"https:\/\/www.pressenza.com\/es\/#\/schema\/logo\/image\/\"},\"sameAs\":[\"https:\/\/www.facebook.com\/PressenzaItalia\",\"https:\/\/x.com\/PressenzaIPA\"]},{\"@type\":\"Person\",\"@id\":\"https:\/\/www.pressenza.com\/es\/#\/schema\/person\/a9efe8d7b19eb4689fcbcb71bc21dba6\",\"name\":\"Uni\u00f3n Latinoamericana de Agencias de Noticias\",\"description\":\"Una asociaci\u00f3n supranacional que re\u00fane a las agencias de noticias de Am\u00e9rica Latina y el Caribe. agenciasulan.org\",\"sameAs\":[\"https:\/\/www.facebook.com\/AgenciasUlan\",\"https:\/\/x.com\/agenciasulan\"],\"url\":\"https:\/\/www.pressenza.com\/es\/author\/union-latinoamericana-de-agencias-de-noticias\/\"}]}<\/script>\n<!-- \/ Yoast SEO plugin. -->","yoast_head_json":{"title":"Comisi\u00f3n de la Unasur se reunir\u00e1 en Caracas el 25 y 26 de marzo para acompa\u00f1ar el di\u00e1logo pol\u00edtico","description":"El canciller ecuatoriano, Ricardo Pati\u00f1o, confirm\u00f3 este viernes que una misi\u00f3n de ministros de Exteriores de la Unasur se reunir\u00e1 el 25 y 26 de marzo en","robots":{"index":"index","follow":"follow","max-snippet":"max-snippet:-1","max-image-preview":"max-image-preview:large","max-video-preview":"max-video-preview:-1"},"canonical":"https:\/\/www.pressenza.com\/es\/2014\/03\/comision-de-la-unasur-se-reunira-en-caracas-el-25-y-26-de-marzo-para-acompanar-el-dialogo-politico\/","og_locale":"es_ES","og_type":"article","og_title":"Comisi\u00f3n de la Unasur se reunir\u00e1 en Caracas el 25 y 26 de marzo para acompa\u00f1ar el di\u00e1logo pol\u00edtico","og_description":"El canciller ecuatoriano, Ricardo Pati\u00f1o, confirm\u00f3 este viernes que una misi\u00f3n de ministros de Exteriores de la Unasur se reunir\u00e1 el 25 y 26 de marzo en","og_url":"https:\/\/www.pressenza.com\/es\/2014\/03\/comision-de-la-unasur-se-reunira-en-caracas-el-25-y-26-de-marzo-para-acompanar-el-dialogo-politico\/","og_site_name":"Pressenza","article_publisher":"https:\/\/www.facebook.com\/PressenzaItalia","article_author":"https:\/\/www.facebook.com\/AgenciasUlan","article_published_time":"2014-03-22T12:40:23+00:00","og_image":[{"width":500,"height":333,"url":"https:\/\/www.pressenza.com\/wp-content\/uploads\/2014\/03\/unasur.jpg","type":"image\/jpeg"}],"author":"Uni\u00f3n Latinoamericana de Agencias de Noticias","twitter_card":"summary_large_image","twitter_creator":"@agenciasulan","twitter_site":"@PressenzaIPA","twitter_misc":{"Escrito por":"Uni\u00f3n Latinoamericana de Agencias de Noticias","Tiempo de lectura":"2 minutos"},"schema":{"@context":"https:\/\/schema.org","@graph":[{"@type":"Article","@id":"https:\/\/www.pressenza.com\/es\/2014\/03\/comision-de-la-unasur-se-reunira-en-caracas-el-25-y-26-de-marzo-para-acompanar-el-dialogo-politico\/#article","isPartOf":{"@id":"https:\/\/www.pressenza.com\/es\/2014\/03\/comision-de-la-unasur-se-reunira-en-caracas-el-25-y-26-de-marzo-para-acompanar-el-dialogo-politico\/"},"author":{"name":"Uni\u00f3n Latinoamericana de Agencias de Noticias","@id":"https:\/\/www.pressenza.com\/es\/#\/schema\/person\/a9efe8d7b19eb4689fcbcb71bc21dba6"},"headline":"Comisi\u00f3n de la Unasur se reunir\u00e1 en Caracas el 25 y 26 de marzo para acompa\u00f1ar el di\u00e1logo pol\u00edtico","datePublished":"2014-03-22T12:40:23+00:00","mainEntityOfPage":{"@id":"https:\/\/www.pressenza.com\/es\/2014\/03\/comision-de-la-unasur-se-reunira-en-caracas-el-25-y-26-de-marzo-para-acompanar-el-dialogo-politico\/"},"wordCount":337,"publisher":{"@id":"https:\/\/www.pressenza.com\/es\/#organization"},"image":{"@id":"https:\/\/www.pressenza.com\/es\/2014\/03\/comision-de-la-unasur-se-reunira-en-caracas-el-25-y-26-de-marzo-para-acompanar-el-dialogo-politico\/#primaryimage"},"thumbnailUrl":"https:\/\/www.pressenza.com\/wp-content\/uploads\/2014\/03\/unasur.jpg","keywords":["Unasur"],"articleSection":["Asuntos internacionales","Sudam\u00e9rica"],"inLanguage":"es"},{"@type":"WebPage","@id":"https:\/\/www.pressenza.com\/es\/2014\/03\/comision-de-la-unasur-se-reunira-en-caracas-el-25-y-26-de-marzo-para-acompanar-el-dialogo-politico\/","url":"https:\/\/www.pressenza.com\/es\/2014\/03\/comision-de-la-unasur-se-reunira-en-caracas-el-25-y-26-de-marzo-para-acompanar-el-dialogo-politico\/","name":"Comisi\u00f3n de la Unasur se reunir\u00e1 en Caracas el 25 y 26 de marzo para acompa\u00f1ar el di\u00e1logo pol\u00edtico","isPartOf":{"@id":"https:\/\/www.pressenza.com\/es\/#website"},"primaryImageOfPage":{"@id":"https:\/\/www.pressenza.com\/es\/2014\/03\/comision-de-la-unasur-se-reunira-en-caracas-el-25-y-26-de-marzo-para-acompanar-el-dialogo-politico\/#primaryimage"},"image":{"@id":"https:\/\/www.pressenza.com\/es\/2014\/03\/comision-de-la-unasur-se-reunira-en-caracas-el-25-y-26-de-marzo-para-acompanar-el-dialogo-politico\/#primaryimage"},"thumbnailUrl":"https:\/\/www.pressenza.com\/wp-content\/uploads\/2014\/03\/unasur.jpg","datePublished":"2014-03-22T12:40:23+00:00","description":"El canciller ecuatoriano, Ricardo Pati\u00f1o, confirm\u00f3 este viernes que una misi\u00f3n de ministros de Exteriores de la Unasur se reunir\u00e1 el 25 y 26 de marzo en","breadcrumb":{"@id":"https:\/\/www.pressenza.com\/es\/2014\/03\/comision-de-la-unasur-se-reunira-en-caracas-el-25-y-26-de-marzo-para-acompanar-el-dialogo-politico\/#breadcrumb"},"inLanguage":"es","potentialAction":[{"@type":"ReadAction","target":["https:\/\/www.pressenza.com\/es\/2014\/03\/comision-de-la-unasur-se-reunira-en-caracas-el-25-y-26-de-marzo-para-acompanar-el-dialogo-politico\/"]}]},{"@type":"ImageObject","inLanguage":"es","@id":"https:\/\/www.pressenza.com\/es\/2014\/03\/comision-de-la-unasur-se-reunira-en-caracas-el-25-y-26-de-marzo-para-acompanar-el-dialogo-politico\/#primaryimage","url":"https:\/\/www.pressenza.com\/wp-content\/uploads\/2014\/03\/unasur.jpg","contentUrl":"https:\/\/www.pressenza.com\/wp-content\/uploads\/2014\/03\/unasur.jpg","width":500,"height":333},{"@type":"BreadcrumbList","@id":"https:\/\/www.pressenza.com\/es\/2014\/03\/comision-de-la-unasur-se-reunira-en-caracas-el-25-y-26-de-marzo-para-acompanar-el-dialogo-politico\/#breadcrumb","itemListElement":[{"@type":"ListItem","position":1,"name":"Accueil","item":"https:\/\/www.pressenza.com\/es\/"},{"@type":"ListItem","position":2,"name":"Comisi\u00f3n de la Unasur se reunir\u00e1 en Caracas el 25 y 26 de marzo para acompa\u00f1ar el di\u00e1logo pol\u00edtico"}]},{"@type":"WebSite","@id":"https:\/\/www.pressenza.com\/es\/#website","url":"https:\/\/www.pressenza.com\/es\/","name":"Pressenza","description":"International Press Agency","publisher":{"@id":"https:\/\/www.pressenza.com\/es\/#organization"},"potentialAction":[{"@type":"SearchAction","target":{"@type":"EntryPoint","urlTemplate":"https:\/\/www.pressenza.com\/es\/?s={search_term_string}"},"query-input":{"@type":"PropertyValueSpecification","valueRequired":true,"valueName":"search_term_string"}}],"inLanguage":"es"},{"@type":"Organization","@id":"https:\/\/www.pressenza.com\/es\/#organization","name":"Pressenza","url":"https:\/\/www.pressenza.com\/es\/","logo":{"@type":"ImageObject","inLanguage":"es","@id":"https:\/\/www.pressenza.com\/es\/#\/schema\/logo\/image\/","url":"https:\/\/www.pressenza.com\/wp-content\/uploads\/2022\/10\/pressenza_logo_200x200.jpg","contentUrl":"https:\/\/www.pressenza.com\/wp-content\/uploads\/2022\/10\/pressenza_logo_200x200.jpg","width":200,"height":200,"caption":"Pressenza"},"image":{"@id":"https:\/\/www.pressenza.com\/es\/#\/schema\/logo\/image\/"},"sameAs":["https:\/\/www.facebook.com\/PressenzaItalia","https:\/\/x.com\/PressenzaIPA"]},{"@type":"Person","@id":"https:\/\/www.pressenza.com\/es\/#\/schema\/person\/a9efe8d7b19eb4689fcbcb71bc21dba6","name":"Uni\u00f3n Latinoamericana de Agencias de Noticias","description":"Una asociaci\u00f3n supranacional que re\u00fane a las agencias de noticias de Am\u00e9rica Latina y el Caribe. agenciasulan.org","sameAs":["https:\/\/www.facebook.com\/AgenciasUlan","https:\/\/x.com\/agenciasulan"],"url":"https:\/\/www.pressenza.com\/es\/author\/union-latinoamericana-de-agencias-de-noticias\/"}]}},"place":"","original_article_url":"","_links":{"self":[{"href":"https:\/\/www.pressenza.com\/es\/wp-json\/wp\/v2\/posts\/95449","targetHints":{"allow":["GET"]}}],"collection":[{"href":"https:\/\/www.pressenza.com\/es\/wp-json\/wp\/v2\/posts"}],"about":[{"href":"https:\/\/www.pressenza.com\/es\/wp-json\/wp\/v2\/types\/post"}],"author":[{"embeddable":true,"href":"https:\/\/www.pressenza.com\/es\/wp-json\/wp\/v2\/users\/640"}],"replies":[{"embeddable":true,"href":"https:\/\/www.pressenza.com\/es\/wp-json\/wp\/v2\/comments?post=95449"}],"version-history":[{"count":0,"href":"https:\/\/www.pressenza.com\/es\/wp-json\/wp\/v2\/posts\/95449\/revisions"}],"wp:featuredmedia":[{"embeddable":true,"href":"https:\/\/www.pressenza.com\/es\/wp-json\/wp\/v2\/media\/95451"}],"wp:attachment":[{"href":"https:\/\/www.pressenza.com\/es\/wp-json\/wp\/v2\/media?parent=95449"}],"wp:term":[{"taxonomy":"category","embeddable":true,"href":"https:\/\/www.pressenza.com\/es\/wp-json\/wp\/v2\/categories?post=95449"},{"taxonomy":"post_tag","embeddable":true,"href":"https:\/\/www.pressenza.com\/es\/wp-json\/wp\/v2\/tags?post=95449"}],"curies":[{"name":"wp","href":"https:\/\/api.w.org\/{rel}","templated":true}]}}