{"id":953271,"date":"2019-10-25T16:34:06","date_gmt":"2019-10-25T15:34:06","guid":{"rendered":"https:\/\/www.pressenza.com\/?p=953271"},"modified":"2019-10-25T16:35:22","modified_gmt":"2019-10-25T15:35:22","slug":"un-millon-de-manifestantes-anti-brexit-marchan-por-las-calles-de-londres-exigiendo-el-voto-del-pueblo","status":"publish","type":"post","link":"https:\/\/www.pressenza.com\/es\/2019\/10\/un-millon-de-manifestantes-anti-brexit-marchan-por-las-calles-de-londres-exigiendo-el-voto-del-pueblo\/","title":{"rendered":"Un mill\u00f3n de manifestantes anti-Brexit marchan por las calles de Londres exigiendo el voto del pueblo"},"content":{"rendered":"<p>\u00abM\u00e1s de un mill\u00f3n de manifestantes se reunieron en las calles del centro de Londres para luchar por un segundo <a href=\"https:\/\/www.mirror.co.uk\/all-about\/eu-referendum\">refer\u00e9ndum de la UE<\/a> mientras <a href=\"https:\/\/www.mirror.co.uk\/all-about\/boris-johnson\">Boris Johnson<\/a> sufr\u00eda otra humillante derrota, seg\u00fan afirman los organizadores. Las im\u00e1genes a\u00e9reas mostraban escenas extraordinarias mientras multitudes marchaban de Park Lane a Parliament Square en Westminster en medio de un enfrentamiento hist\u00f3rico en la C\u00e1mara de los Comunes\u00bb. (<a href=\"https:\/\/www.mirror.co.uk\/news\/politics\/peoples-vote-march-one-million-20654591\">The Mirror<\/a>).<\/p>\n<p>Cientos de miles de personas se unen a la marcha del \u00abvoto del pueblo\u00bb en Londres &#8211; en im\u00e1genes: Los activistas participan en el evento \u00abJuntos por la \u00faltima palabra\u00bb, que convoca a un segundo refer\u00e9ndum de Brexit (<a href=\"https:\/\/www.theguardian.com\/politics\/gallery\/2019\/oct\/19\/thousands-join-peoples-vote-march-london-brexit-second-referendum-in-pictures?CMP=Share_iOSApp_Other\">The Guardian<\/a>).<\/p>\n<p>El Primer Ministro (PM) Boris Johnson perdi\u00f3 otro voto en el Parlamento cuando los diputados se negaron a apoyar su nuevo acuerdo Brexit, ya que fue presentado sin tiempo para leerlo y decidir si solucionaba los problemas que han estado haciendo del proceso un completo desastre durante los \u00faltimos tres a\u00f1os.<\/p>\n<p>La principal diferencia parece ser que mientras que todas las propuestas anteriores iban a crear una frontera controlada por polic\u00edas y militares entre Irlanda del Norte y la Rep\u00fablica de Irlanda (destruyendo el Acuerdo del Viernes Santo que cre\u00f3 la paz en Irlanda tras d\u00e9cadas de terrible violencia sectaria), el acuerdo actual sit\u00faa la frontera entre Gran Breta\u00f1a y la UE en el Mar de Irlanda, dejando a Irlanda del Norte de facto dentro de la uni\u00f3n aduanera de la UE, lo que no es aceptable para el Partido Unionista Democr\u00e1tico y otras facciones lealistas.<\/p>\n<p>Como la ley le oblig\u00f3 a solicitar otra pr\u00f3rroga de la UE, el Primer Ministro envi\u00f3 la carta solicitando la pr\u00f3rroga en forma de berrinche: no la firm\u00f3 y la acompa\u00f1\u00f3 con otra carta en la que explicaba por qu\u00e9 no la quer\u00eda.<\/p>\n<p>Tres a\u00f1os despu\u00e9s del refer\u00e9ndum de Brexit, se dispone de mucha informaci\u00f3n que no estaba disponible en el momento de la votaci\u00f3n y que muestra los efectos perjudiciales para la econom\u00eda brit\u00e1nica, las normas de seguridad, etc., y las mentiras que se han dicho a la gente. Aquellos que exigen que todas las propuestas, incluyendo un nuevo refer\u00e9ndum, se presenten al pueblo, tienen un punto claro y los n\u00fameros en las calles lo demuestran, pero el tiempo puede que se est\u00e9 acabando.<\/p>\n<p><img loading=\"lazy\" decoding=\"async\" class=\"alignnone wp-image-948360 size-large\" src=\"https:\/\/www.pressenza.com\/wp-content\/uploads\/2019\/10\/14526DC6-E0CC-4E13-955A-ED1E3A3F267C-720x540.jpeg\" sizes=\"auto, (max-width: 720px) 100vw, 720px\" srcset=\"https:\/\/www.pressenza.com\/wp-content\/uploads\/2019\/10\/14526DC6-E0CC-4E13-955A-ED1E3A3F267C-720x540.jpeg 720w, https:\/\/www.pressenza.com\/wp-content\/uploads\/2019\/10\/x14526DC6-E0CC-4E13-955A-ED1E3A3F267C-300x225.jpeg.pagespeed.ic.GRa8wlssvL.jpg 300w, https:\/\/www.pressenza.com\/wp-content\/uploads\/2019\/10\/x14526DC6-E0CC-4E13-955A-ED1E3A3F267C-768x576.jpeg.pagespeed.ic.GYNAGRIOjR.jpg 768w, https:\/\/www.pressenza.com\/wp-content\/uploads\/2019\/10\/x14526DC6-E0CC-4E13-955A-ED1E3A3F267C.jpeg.pagespeed.ic.3RbvJ19xhk.jpg 1599w\" alt=\"\" width=\"720\" height=\"540\" data-pagespeed-url-hash=\"582992281\" \/><\/p>\n<hr \/>\n<p><em>Traducci\u00f3n del ingl\u00e9s por Armando Y\u00e1nez<\/em><\/p>\n","protected":false},"excerpt":{"rendered":"<p>\u00abM\u00e1s de un mill\u00f3n de manifestantes se reunieron en las calles del centro de Londres para luchar por un segundo refer\u00e9ndum de la UE mientras Boris Johnson sufr\u00eda otra humillante derrota, seg\u00fan afirman los organizadores. Las im\u00e1genes a\u00e9reas mostraban escenas&hellip;<\/p>\n","protected":false},"author":66,"featured_media":948359,"comment_status":"closed","ping_status":"closed","sticky":false,"template":"","format":"standard","meta":{"footnotes":""},"categories":[11389,66,74],"tags":[],"class_list":["post-953271","post","type-post","status-publish","format-standard","has-post-thumbnail","hentry","category-contenido-original","category-europa-es","category-politica-es"],"yoast_head":"<!-- This site is optimized with the Yoast SEO plugin v27.1.1 - https:\/\/yoast.com\/product\/yoast-seo-wordpress\/ -->\n<title>Un mill\u00f3n de manifestantes anti-Brexit marchan por las calles de Londres exigiendo el voto del pueblo<\/title>\n<meta name=\"description\" content=\"\u00abM\u00e1s de un mill\u00f3n de manifestantes se reunieron en las calles del centro de Londres para luchar por un segundo refer\u00e9ndum de la UE mientras Boris Johnson\" \/>\n<meta name=\"robots\" content=\"index, follow, max-snippet:-1, max-image-preview:large, max-video-preview:-1\" \/>\n<link rel=\"canonical\" href=\"https:\/\/www.pressenza.com\/es\/2019\/10\/un-millon-de-manifestantes-anti-brexit-marchan-por-las-calles-de-londres-exigiendo-el-voto-del-pueblo\/\" \/>\n<meta property=\"og:locale\" content=\"es_ES\" \/>\n<meta property=\"og:type\" content=\"article\" \/>\n<meta property=\"og:title\" content=\"Un mill\u00f3n de manifestantes anti-Brexit marchan por las calles de Londres exigiendo el voto del pueblo\" \/>\n<meta property=\"og:description\" content=\"\u00abM\u00e1s de un mill\u00f3n de manifestantes se reunieron en las calles del centro de Londres para luchar por un segundo refer\u00e9ndum de la UE mientras Boris Johnson\" \/>\n<meta property=\"og:url\" content=\"https:\/\/www.pressenza.com\/es\/2019\/10\/un-millon-de-manifestantes-anti-brexit-marchan-por-las-calles-de-londres-exigiendo-el-voto-del-pueblo\/\" \/>\n<meta property=\"og:site_name\" content=\"Pressenza\" \/>\n<meta property=\"article:publisher\" content=\"https:\/\/www.facebook.com\/PressenzaItalia\" \/>\n<meta property=\"article:author\" content=\"https:\/\/www.facebook.com\/silvia.swinden\" \/>\n<meta property=\"article:published_time\" content=\"2019-10-25T15:34:06+00:00\" \/>\n<meta property=\"article:modified_time\" content=\"2019-10-25T15:35:22+00:00\" \/>\n<meta property=\"og:image\" content=\"https:\/\/www.pressenza.com\/wp-content\/uploads\/2019\/10\/7E9E0903-9659-463A-BA6E-38AA3F143A9A.jpeg\" \/>\n\t<meta property=\"og:image:width\" content=\"1600\" \/>\n\t<meta property=\"og:image:height\" content=\"1200\" \/>\n\t<meta property=\"og:image:type\" content=\"image\/jpeg\" \/>\n<meta name=\"author\" content=\"Silvia Swinden\" \/>\n<meta name=\"twitter:card\" content=\"summary_large_image\" \/>\n<meta name=\"twitter:creator\" content=\"@PressenzaIPA\" \/>\n<meta name=\"twitter:site\" content=\"@PressenzaIPA\" \/>\n<meta name=\"twitter:label1\" content=\"Escrito por\" \/>\n\t<meta name=\"twitter:data1\" content=\"Silvia Swinden\" \/>\n\t<meta name=\"twitter:label2\" content=\"Tiempo de lectura\" \/>\n\t<meta name=\"twitter:data2\" content=\"2 minutos\" \/>\n<script type=\"application\/ld+json\" class=\"yoast-schema-graph\">{\"@context\":\"https:\/\/schema.org\",\"@graph\":[{\"@type\":\"Article\",\"@id\":\"https:\/\/www.pressenza.com\/es\/2019\/10\/un-millon-de-manifestantes-anti-brexit-marchan-por-las-calles-de-londres-exigiendo-el-voto-del-pueblo\/#article\",\"isPartOf\":{\"@id\":\"https:\/\/www.pressenza.com\/es\/2019\/10\/un-millon-de-manifestantes-anti-brexit-marchan-por-las-calles-de-londres-exigiendo-el-voto-del-pueblo\/\"},\"author\":{\"name\":\"Silvia Swinden\",\"@id\":\"https:\/\/www.pressenza.com\/es\/#\/schema\/person\/3e897a9ceda3579beea4bb9a93021e17\"},\"headline\":\"Un mill\u00f3n de manifestantes anti-Brexit marchan por las calles de Londres exigiendo el voto del pueblo\",\"datePublished\":\"2019-10-25T15:34:06+00:00\",\"dateModified\":\"2019-10-25T15:35:22+00:00\",\"mainEntityOfPage\":{\"@id\":\"https:\/\/www.pressenza.com\/es\/2019\/10\/un-millon-de-manifestantes-anti-brexit-marchan-por-las-calles-de-londres-exigiendo-el-voto-del-pueblo\/\"},\"wordCount\":434,\"publisher\":{\"@id\":\"https:\/\/www.pressenza.com\/es\/#organization\"},\"image\":{\"@id\":\"https:\/\/www.pressenza.com\/es\/2019\/10\/un-millon-de-manifestantes-anti-brexit-marchan-por-las-calles-de-londres-exigiendo-el-voto-del-pueblo\/#primaryimage\"},\"thumbnailUrl\":\"https:\/\/www.pressenza.com\/wp-content\/uploads\/2019\/10\/7E9E0903-9659-463A-BA6E-38AA3F143A9A.jpeg\",\"articleSection\":[\"Contenido Original\",\"Europa\",\"Pol\u00edtica\"],\"inLanguage\":\"es\"},{\"@type\":\"WebPage\",\"@id\":\"https:\/\/www.pressenza.com\/es\/2019\/10\/un-millon-de-manifestantes-anti-brexit-marchan-por-las-calles-de-londres-exigiendo-el-voto-del-pueblo\/\",\"url\":\"https:\/\/www.pressenza.com\/es\/2019\/10\/un-millon-de-manifestantes-anti-brexit-marchan-por-las-calles-de-londres-exigiendo-el-voto-del-pueblo\/\",\"name\":\"Un mill\u00f3n de manifestantes anti-Brexit marchan por las calles de Londres exigiendo el voto del pueblo\",\"isPartOf\":{\"@id\":\"https:\/\/www.pressenza.com\/es\/#website\"},\"primaryImageOfPage\":{\"@id\":\"https:\/\/www.pressenza.com\/es\/2019\/10\/un-millon-de-manifestantes-anti-brexit-marchan-por-las-calles-de-londres-exigiendo-el-voto-del-pueblo\/#primaryimage\"},\"image\":{\"@id\":\"https:\/\/www.pressenza.com\/es\/2019\/10\/un-millon-de-manifestantes-anti-brexit-marchan-por-las-calles-de-londres-exigiendo-el-voto-del-pueblo\/#primaryimage\"},\"thumbnailUrl\":\"https:\/\/www.pressenza.com\/wp-content\/uploads\/2019\/10\/7E9E0903-9659-463A-BA6E-38AA3F143A9A.jpeg\",\"datePublished\":\"2019-10-25T15:34:06+00:00\",\"dateModified\":\"2019-10-25T15:35:22+00:00\",\"description\":\"\u00abM\u00e1s de un mill\u00f3n de manifestantes se reunieron en las calles del centro de Londres para luchar por un segundo refer\u00e9ndum de la UE mientras Boris Johnson\",\"breadcrumb\":{\"@id\":\"https:\/\/www.pressenza.com\/es\/2019\/10\/un-millon-de-manifestantes-anti-brexit-marchan-por-las-calles-de-londres-exigiendo-el-voto-del-pueblo\/#breadcrumb\"},\"inLanguage\":\"es\",\"potentialAction\":[{\"@type\":\"ReadAction\",\"target\":[\"https:\/\/www.pressenza.com\/es\/2019\/10\/un-millon-de-manifestantes-anti-brexit-marchan-por-las-calles-de-londres-exigiendo-el-voto-del-pueblo\/\"]}]},{\"@type\":\"ImageObject\",\"inLanguage\":\"es\",\"@id\":\"https:\/\/www.pressenza.com\/es\/2019\/10\/un-millon-de-manifestantes-anti-brexit-marchan-por-las-calles-de-londres-exigiendo-el-voto-del-pueblo\/#primaryimage\",\"url\":\"https:\/\/www.pressenza.com\/wp-content\/uploads\/2019\/10\/7E9E0903-9659-463A-BA6E-38AA3F143A9A.jpeg\",\"contentUrl\":\"https:\/\/www.pressenza.com\/wp-content\/uploads\/2019\/10\/7E9E0903-9659-463A-BA6E-38AA3F143A9A.jpeg\",\"width\":1600,\"height\":1200,\"caption\":\"Un million de manifestants anti-Brexit marchent dans les rues de Londres pour exiger le vote du peuple\"},{\"@type\":\"BreadcrumbList\",\"@id\":\"https:\/\/www.pressenza.com\/es\/2019\/10\/un-millon-de-manifestantes-anti-brexit-marchan-por-las-calles-de-londres-exigiendo-el-voto-del-pueblo\/#breadcrumb\",\"itemListElement\":[{\"@type\":\"ListItem\",\"position\":1,\"name\":\"Accueil\",\"item\":\"https:\/\/www.pressenza.com\/es\/\"},{\"@type\":\"ListItem\",\"position\":2,\"name\":\"Un mill\u00f3n de manifestantes anti-Brexit marchan por las calles de Londres exigiendo el voto del pueblo\"}]},{\"@type\":\"WebSite\",\"@id\":\"https:\/\/www.pressenza.com\/es\/#website\",\"url\":\"https:\/\/www.pressenza.com\/es\/\",\"name\":\"Pressenza\",\"description\":\"International Press Agency\",\"publisher\":{\"@id\":\"https:\/\/www.pressenza.com\/es\/#organization\"},\"potentialAction\":[{\"@type\":\"SearchAction\",\"target\":{\"@type\":\"EntryPoint\",\"urlTemplate\":\"https:\/\/www.pressenza.com\/es\/?s={search_term_string}\"},\"query-input\":{\"@type\":\"PropertyValueSpecification\",\"valueRequired\":true,\"valueName\":\"search_term_string\"}}],\"inLanguage\":\"es\"},{\"@type\":\"Organization\",\"@id\":\"https:\/\/www.pressenza.com\/es\/#organization\",\"name\":\"Pressenza\",\"url\":\"https:\/\/www.pressenza.com\/es\/\",\"logo\":{\"@type\":\"ImageObject\",\"inLanguage\":\"es\",\"@id\":\"https:\/\/www.pressenza.com\/es\/#\/schema\/logo\/image\/\",\"url\":\"https:\/\/www.pressenza.com\/wp-content\/uploads\/2022\/10\/pressenza_logo_200x200.jpg\",\"contentUrl\":\"https:\/\/www.pressenza.com\/wp-content\/uploads\/2022\/10\/pressenza_logo_200x200.jpg\",\"width\":200,\"height\":200,\"caption\":\"Pressenza\"},\"image\":{\"@id\":\"https:\/\/www.pressenza.com\/es\/#\/schema\/logo\/image\/\"},\"sameAs\":[\"https:\/\/www.facebook.com\/PressenzaItalia\",\"https:\/\/x.com\/PressenzaIPA\"]},{\"@type\":\"Person\",\"@id\":\"https:\/\/www.pressenza.com\/es\/#\/schema\/person\/3e897a9ceda3579beea4bb9a93021e17\",\"name\":\"Silvia Swinden\",\"description\":\"Silvia Swinden - Author of \u201cFrom Monkey Sapiens to Homo Intentional: The Phenomenology of the Nonviolent Revolution\u201d \u2013 Adonis &amp; Abbey, London 2006. Pressenza London Editor\",\"sameAs\":[\"https:\/\/www.facebook.com\/silvia.swinden\"],\"url\":\"https:\/\/www.pressenza.com\/es\/author\/silvia-swinden\/\"}]}<\/script>\n<!-- \/ Yoast SEO plugin. -->","yoast_head_json":{"title":"Un mill\u00f3n de manifestantes anti-Brexit marchan por las calles de Londres exigiendo el voto del pueblo","description":"\u00abM\u00e1s de un mill\u00f3n de manifestantes se reunieron en las calles del centro de Londres para luchar por un segundo refer\u00e9ndum de la UE mientras Boris Johnson","robots":{"index":"index","follow":"follow","max-snippet":"max-snippet:-1","max-image-preview":"max-image-preview:large","max-video-preview":"max-video-preview:-1"},"canonical":"https:\/\/www.pressenza.com\/es\/2019\/10\/un-millon-de-manifestantes-anti-brexit-marchan-por-las-calles-de-londres-exigiendo-el-voto-del-pueblo\/","og_locale":"es_ES","og_type":"article","og_title":"Un mill\u00f3n de manifestantes anti-Brexit marchan por las calles de Londres exigiendo el voto del pueblo","og_description":"\u00abM\u00e1s de un mill\u00f3n de manifestantes se reunieron en las calles del centro de Londres para luchar por un segundo refer\u00e9ndum de la UE mientras Boris Johnson","og_url":"https:\/\/www.pressenza.com\/es\/2019\/10\/un-millon-de-manifestantes-anti-brexit-marchan-por-las-calles-de-londres-exigiendo-el-voto-del-pueblo\/","og_site_name":"Pressenza","article_publisher":"https:\/\/www.facebook.com\/PressenzaItalia","article_author":"https:\/\/www.facebook.com\/silvia.swinden","article_published_time":"2019-10-25T15:34:06+00:00","article_modified_time":"2019-10-25T15:35:22+00:00","og_image":[{"width":1600,"height":1200,"url":"https:\/\/www.pressenza.com\/wp-content\/uploads\/2019\/10\/7E9E0903-9659-463A-BA6E-38AA3F143A9A.jpeg","type":"image\/jpeg"}],"author":"Silvia Swinden","twitter_card":"summary_large_image","twitter_creator":"@PressenzaIPA","twitter_site":"@PressenzaIPA","twitter_misc":{"Escrito por":"Silvia Swinden","Tiempo de lectura":"2 minutos"},"schema":{"@context":"https:\/\/schema.org","@graph":[{"@type":"Article","@id":"https:\/\/www.pressenza.com\/es\/2019\/10\/un-millon-de-manifestantes-anti-brexit-marchan-por-las-calles-de-londres-exigiendo-el-voto-del-pueblo\/#article","isPartOf":{"@id":"https:\/\/www.pressenza.com\/es\/2019\/10\/un-millon-de-manifestantes-anti-brexit-marchan-por-las-calles-de-londres-exigiendo-el-voto-del-pueblo\/"},"author":{"name":"Silvia Swinden","@id":"https:\/\/www.pressenza.com\/es\/#\/schema\/person\/3e897a9ceda3579beea4bb9a93021e17"},"headline":"Un mill\u00f3n de manifestantes anti-Brexit marchan por las calles de Londres exigiendo el voto del pueblo","datePublished":"2019-10-25T15:34:06+00:00","dateModified":"2019-10-25T15:35:22+00:00","mainEntityOfPage":{"@id":"https:\/\/www.pressenza.com\/es\/2019\/10\/un-millon-de-manifestantes-anti-brexit-marchan-por-las-calles-de-londres-exigiendo-el-voto-del-pueblo\/"},"wordCount":434,"publisher":{"@id":"https:\/\/www.pressenza.com\/es\/#organization"},"image":{"@id":"https:\/\/www.pressenza.com\/es\/2019\/10\/un-millon-de-manifestantes-anti-brexit-marchan-por-las-calles-de-londres-exigiendo-el-voto-del-pueblo\/#primaryimage"},"thumbnailUrl":"https:\/\/www.pressenza.com\/wp-content\/uploads\/2019\/10\/7E9E0903-9659-463A-BA6E-38AA3F143A9A.jpeg","articleSection":["Contenido Original","Europa","Pol\u00edtica"],"inLanguage":"es"},{"@type":"WebPage","@id":"https:\/\/www.pressenza.com\/es\/2019\/10\/un-millon-de-manifestantes-anti-brexit-marchan-por-las-calles-de-londres-exigiendo-el-voto-del-pueblo\/","url":"https:\/\/www.pressenza.com\/es\/2019\/10\/un-millon-de-manifestantes-anti-brexit-marchan-por-las-calles-de-londres-exigiendo-el-voto-del-pueblo\/","name":"Un mill\u00f3n de manifestantes anti-Brexit marchan por las calles de Londres exigiendo el voto del pueblo","isPartOf":{"@id":"https:\/\/www.pressenza.com\/es\/#website"},"primaryImageOfPage":{"@id":"https:\/\/www.pressenza.com\/es\/2019\/10\/un-millon-de-manifestantes-anti-brexit-marchan-por-las-calles-de-londres-exigiendo-el-voto-del-pueblo\/#primaryimage"},"image":{"@id":"https:\/\/www.pressenza.com\/es\/2019\/10\/un-millon-de-manifestantes-anti-brexit-marchan-por-las-calles-de-londres-exigiendo-el-voto-del-pueblo\/#primaryimage"},"thumbnailUrl":"https:\/\/www.pressenza.com\/wp-content\/uploads\/2019\/10\/7E9E0903-9659-463A-BA6E-38AA3F143A9A.jpeg","datePublished":"2019-10-25T15:34:06+00:00","dateModified":"2019-10-25T15:35:22+00:00","description":"\u00abM\u00e1s de un mill\u00f3n de manifestantes se reunieron en las calles del centro de Londres para luchar por un segundo refer\u00e9ndum de la UE mientras Boris Johnson","breadcrumb":{"@id":"https:\/\/www.pressenza.com\/es\/2019\/10\/un-millon-de-manifestantes-anti-brexit-marchan-por-las-calles-de-londres-exigiendo-el-voto-del-pueblo\/#breadcrumb"},"inLanguage":"es","potentialAction":[{"@type":"ReadAction","target":["https:\/\/www.pressenza.com\/es\/2019\/10\/un-millon-de-manifestantes-anti-brexit-marchan-por-las-calles-de-londres-exigiendo-el-voto-del-pueblo\/"]}]},{"@type":"ImageObject","inLanguage":"es","@id":"https:\/\/www.pressenza.com\/es\/2019\/10\/un-millon-de-manifestantes-anti-brexit-marchan-por-las-calles-de-londres-exigiendo-el-voto-del-pueblo\/#primaryimage","url":"https:\/\/www.pressenza.com\/wp-content\/uploads\/2019\/10\/7E9E0903-9659-463A-BA6E-38AA3F143A9A.jpeg","contentUrl":"https:\/\/www.pressenza.com\/wp-content\/uploads\/2019\/10\/7E9E0903-9659-463A-BA6E-38AA3F143A9A.jpeg","width":1600,"height":1200,"caption":"Un million de manifestants anti-Brexit marchent dans les rues de Londres pour exiger le vote du peuple"},{"@type":"BreadcrumbList","@id":"https:\/\/www.pressenza.com\/es\/2019\/10\/un-millon-de-manifestantes-anti-brexit-marchan-por-las-calles-de-londres-exigiendo-el-voto-del-pueblo\/#breadcrumb","itemListElement":[{"@type":"ListItem","position":1,"name":"Accueil","item":"https:\/\/www.pressenza.com\/es\/"},{"@type":"ListItem","position":2,"name":"Un mill\u00f3n de manifestantes anti-Brexit marchan por las calles de Londres exigiendo el voto del pueblo"}]},{"@type":"WebSite","@id":"https:\/\/www.pressenza.com\/es\/#website","url":"https:\/\/www.pressenza.com\/es\/","name":"Pressenza","description":"International Press Agency","publisher":{"@id":"https:\/\/www.pressenza.com\/es\/#organization"},"potentialAction":[{"@type":"SearchAction","target":{"@type":"EntryPoint","urlTemplate":"https:\/\/www.pressenza.com\/es\/?s={search_term_string}"},"query-input":{"@type":"PropertyValueSpecification","valueRequired":true,"valueName":"search_term_string"}}],"inLanguage":"es"},{"@type":"Organization","@id":"https:\/\/www.pressenza.com\/es\/#organization","name":"Pressenza","url":"https:\/\/www.pressenza.com\/es\/","logo":{"@type":"ImageObject","inLanguage":"es","@id":"https:\/\/www.pressenza.com\/es\/#\/schema\/logo\/image\/","url":"https:\/\/www.pressenza.com\/wp-content\/uploads\/2022\/10\/pressenza_logo_200x200.jpg","contentUrl":"https:\/\/www.pressenza.com\/wp-content\/uploads\/2022\/10\/pressenza_logo_200x200.jpg","width":200,"height":200,"caption":"Pressenza"},"image":{"@id":"https:\/\/www.pressenza.com\/es\/#\/schema\/logo\/image\/"},"sameAs":["https:\/\/www.facebook.com\/PressenzaItalia","https:\/\/x.com\/PressenzaIPA"]},{"@type":"Person","@id":"https:\/\/www.pressenza.com\/es\/#\/schema\/person\/3e897a9ceda3579beea4bb9a93021e17","name":"Silvia Swinden","description":"Silvia Swinden - Author of \u201cFrom Monkey Sapiens to Homo Intentional: The Phenomenology of the Nonviolent Revolution\u201d \u2013 Adonis &amp; Abbey, London 2006. Pressenza London Editor","sameAs":["https:\/\/www.facebook.com\/silvia.swinden"],"url":"https:\/\/www.pressenza.com\/es\/author\/silvia-swinden\/"}]}},"place":"Londres, R.U.","original_article_url":"","_links":{"self":[{"href":"https:\/\/www.pressenza.com\/es\/wp-json\/wp\/v2\/posts\/953271","targetHints":{"allow":["GET"]}}],"collection":[{"href":"https:\/\/www.pressenza.com\/es\/wp-json\/wp\/v2\/posts"}],"about":[{"href":"https:\/\/www.pressenza.com\/es\/wp-json\/wp\/v2\/types\/post"}],"author":[{"embeddable":true,"href":"https:\/\/www.pressenza.com\/es\/wp-json\/wp\/v2\/users\/66"}],"replies":[{"embeddable":true,"href":"https:\/\/www.pressenza.com\/es\/wp-json\/wp\/v2\/comments?post=953271"}],"version-history":[{"count":0,"href":"https:\/\/www.pressenza.com\/es\/wp-json\/wp\/v2\/posts\/953271\/revisions"}],"wp:featuredmedia":[{"embeddable":true,"href":"https:\/\/www.pressenza.com\/es\/wp-json\/wp\/v2\/media\/948359"}],"wp:attachment":[{"href":"https:\/\/www.pressenza.com\/es\/wp-json\/wp\/v2\/media?parent=953271"}],"wp:term":[{"taxonomy":"category","embeddable":true,"href":"https:\/\/www.pressenza.com\/es\/wp-json\/wp\/v2\/categories?post=953271"},{"taxonomy":"post_tag","embeddable":true,"href":"https:\/\/www.pressenza.com\/es\/wp-json\/wp\/v2\/tags?post=953271"}],"curies":[{"name":"wp","href":"https:\/\/api.w.org\/{rel}","templated":true}]}}