{"id":952515,"date":"2019-10-24T22:27:53","date_gmt":"2019-10-24T21:27:53","guid":{"rendered":"https:\/\/www.pressenza.com\/?p=952515"},"modified":"2019-10-26T08:49:11","modified_gmt":"2019-10-26T07:49:11","slug":"marcha-mundial-por-chile-hoy-berlin","status":"publish","type":"post","link":"https:\/\/www.pressenza.com\/es\/2019\/10\/marcha-mundial-por-chile-hoy-berlin\/","title":{"rendered":"Marcha Mundial por Chile hoy Berlin"},"content":{"rendered":"<p><strong>Berlin adhiere\u00a0 a la Marcha Mundial por Chile.<\/strong><\/p>\n<p>&nbsp;<\/p>\n<div class=\"post-gallery\">\n\t\t\t<figure class=\"post-gallery-item\">\n\t\t\t\t<img decoding=\"async\" src=\"https:\/\/www.pressenza.com\/wp-content\/uploads\/2019\/10\/maga3berlin-720x480.jpg\" loading=\"lazy\">\n\t\t\t\t<figcaption>\n\t\t\t\t\t\n\t\t\t\t<\/figcaption>\n\t\t\t<\/figure><\/div>\n<p>\u201cEl Derecho de Vivir en Paz\u201d fue unas de las tantas canciones que se entonaron, (canci\u00f3n de nuestro querido V\u00edctor Jara, cantautor chileno, asesinado por la dictadura de Pinochet en 1973) pero transcendiste tus canciones se escuchan con fuerza en las grandes alemanes y por las calles de mundo.<\/p>\n<div class=\"post-gallery\">\n\t\t\t<figure class=\"post-gallery-item\">\n\t\t\t\t<img decoding=\"async\" src=\"https:\/\/www.pressenza.com\/wp-content\/uploads\/2019\/10\/maga2berlin-720x480.jpg\" loading=\"lazy\">\n\t\t\t\t<figcaption>\n\t\t\t\t\t\n\t\t\t\t<\/figcaption>\n\t\t\t<\/figure><\/div>\n<p>Sinviolencia, sin temor, estamos unidos en distintas partes del planeta con solo un inter\u00e9s, terminar con los abusos, la violencia, la corrupci\u00f3n, la manipulaci\u00f3n, las mentiras y el sistema neoliberal. Arriba el pueblo, arriba el pueblo y su gente buena.<\/p>\n<div class=\"post-gallery\">\n\t\t\t<figure class=\"post-gallery-item\">\n\t\t\t\t<img decoding=\"async\" src=\"https:\/\/www.pressenza.com\/wp-content\/uploads\/2019\/10\/maga6berlin-720x480.jpg\" loading=\"lazy\">\n\t\t\t\t<figcaption>\n\t\t\t\t\t\n\t\t\t\t<\/figcaption>\n\t\t\t<\/figure>\n\t\t\t<figure class=\"post-gallery-item\">\n\t\t\t\t<img decoding=\"async\" src=\"https:\/\/www.pressenza.com\/wp-content\/uploads\/2019\/10\/IMG_3415-683x1024.jpg\" loading=\"lazy\">\n\t\t\t\t<figcaption>\n\t\t\t\t\t\n\t\t\t\t<\/figcaption>\n\t\t\t<\/figure>\n\t\t\t<figure class=\"post-gallery-item\">\n\t\t\t\t<img decoding=\"async\" src=\"https:\/\/www.pressenza.com\/wp-content\/uploads\/2019\/10\/maga5berlin-720x480.jpg\" loading=\"lazy\">\n\t\t\t\t<figcaption>\n\t\t\t\t\t\n\t\t\t\t<\/figcaption>\n\t\t\t<\/figure>\n\t\t\t<figure class=\"post-gallery-item\">\n\t\t\t\t<img decoding=\"async\" src=\"https:\/\/www.pressenza.com\/wp-content\/uploads\/2019\/10\/maga7berlin-720x480.jpg\" loading=\"lazy\">\n\t\t\t\t<figcaption>\n\t\t\t\t\t\n\t\t\t\t<\/figcaption>\n\t\t\t<\/figure>\n\t\t\t<figure class=\"post-gallery-item\">\n\t\t\t\t<img decoding=\"async\" src=\"https:\/\/www.pressenza.com\/wp-content\/uploads\/2019\/10\/maga8berlin-720x960.jpg\" loading=\"lazy\">\n\t\t\t\t<figcaption>\n\t\t\t\t\t\n\t\t\t\t<\/figcaption>\n\t\t\t<\/figure>\n\t\t\t<figure class=\"post-gallery-item\">\n\t\t\t\t<img decoding=\"async\" src=\"https:\/\/www.pressenza.com\/wp-content\/uploads\/2019\/10\/maga11berlin-720x1010.jpg\" loading=\"lazy\">\n\t\t\t\t<figcaption>\n\t\t\t\t\t\n\t\t\t\t<\/figcaption>\n\t\t\t<\/figure>\n\t\t\t<figure class=\"post-gallery-item\">\n\t\t\t\t<img decoding=\"async\" src=\"https:\/\/www.pressenza.com\/wp-content\/uploads\/2019\/10\/maga13berlin-683x1024.jpg\" loading=\"lazy\">\n\t\t\t\t<figcaption>\n\t\t\t\t\t\n\t\t\t\t<\/figcaption>\n\t\t\t<\/figure>\n\t\t\t<figure class=\"post-gallery-item\">\n\t\t\t\t<img decoding=\"async\" src=\"https:\/\/www.pressenza.com\/wp-content\/uploads\/2019\/10\/maga14berlin-720x480.jpg\" loading=\"lazy\">\n\t\t\t\t<figcaption>\n\t\t\t\t\t\n\t\t\t\t<\/figcaption>\n\t\t\t<\/figure>\n\t\t\t<figure class=\"post-gallery-item\">\n\t\t\t\t<img decoding=\"async\" src=\"https:\/\/www.pressenza.com\/wp-content\/uploads\/2019\/10\/magaberlin-720x960.jpg\" loading=\"lazy\">\n\t\t\t\t<figcaption>\n\t\t\t\t\t\n\t\t\t\t<\/figcaption>\n\t\t\t<\/figure><\/div>\n<p>Las voces, de distintos pa\u00edses se unen para gritar con fuerza, \u201cChile Despert\u00f3\u201d y exigir la renuncia inmediata de Sebasti\u00e1n Pi\u00f1era.<\/p>\n<p>Seguimos con las protesta desde el extrajero,\u00a0 FUERZA CHILE!<\/p>\n<p>&nbsp;<\/p>\n<p>&nbsp;<\/p>\n","protected":false},"excerpt":{"rendered":"<p>Berlin adhiere\u00a0 a la Marcha Mundial por Chile. &nbsp; \u201cEl Derecho de Vivir en Paz\u201d fue unas de las tantas canciones que se entonaron, (canci\u00f3n de nuestro querido V\u00edctor Jara, cantautor chileno, asesinado por la dictadura de Pinochet en 1973)&hellip;<\/p>\n","protected":false},"author":1444,"featured_media":952516,"comment_status":"closed","ping_status":"closed","sticky":false,"template":"","format":"standard","meta":{"footnotes":""},"categories":[5667],"tags":[29,1306,383,66002],"class_list":["post-952515","post","type-post","status-publish","format-standard","has-post-thumbnail","hentry","category-foto-reportajes","tag-chile","tag-movimiento-social","tag-noviolencia","tag-que-renuncie"],"yoast_head":"<!-- This site is optimized with the Yoast SEO plugin v27.1.1 - https:\/\/yoast.com\/product\/yoast-seo-wordpress\/ -->\n<title>Marcha Mundial por Chile hoy Berlin<\/title>\n<meta name=\"description\" content=\"Berlin adhiere\u00a0 a la Marcha Mundial por Chile. &nbsp; \u201cEl Derecho de Vivir en Paz\u201d fue unas de las tantas canciones que se entonaron, (canci\u00f3n de nuestro\" \/>\n<meta name=\"robots\" content=\"index, follow, max-snippet:-1, max-image-preview:large, max-video-preview:-1\" \/>\n<link rel=\"canonical\" href=\"https:\/\/www.pressenza.com\/es\/2019\/10\/marcha-mundial-por-chile-hoy-berlin\/\" \/>\n<meta property=\"og:locale\" content=\"es_ES\" \/>\n<meta property=\"og:type\" content=\"article\" \/>\n<meta property=\"og:title\" content=\"Marcha Mundial por Chile hoy Berlin\" \/>\n<meta property=\"og:description\" content=\"Berlin adhiere\u00a0 a la Marcha Mundial por Chile. &nbsp; \u201cEl Derecho de Vivir en Paz\u201d fue unas de las tantas canciones que se entonaron, (canci\u00f3n de nuestro\" \/>\n<meta property=\"og:url\" content=\"https:\/\/www.pressenza.com\/es\/2019\/10\/marcha-mundial-por-chile-hoy-berlin\/\" \/>\n<meta property=\"og:site_name\" content=\"Pressenza\" \/>\n<meta property=\"article:publisher\" content=\"https:\/\/www.facebook.com\/PressenzaItalia\" \/>\n<meta property=\"article:published_time\" content=\"2019-10-24T21:27:53+00:00\" \/>\n<meta property=\"article:modified_time\" content=\"2019-10-26T07:49:11+00:00\" \/>\n<meta property=\"og:image\" content=\"https:\/\/www.pressenza.com\/wp-content\/uploads\/2019\/10\/magaberlin2019.jpg\" \/>\n\t<meta property=\"og:image:width\" content=\"2048\" \/>\n\t<meta property=\"og:image:height\" content=\"1365\" \/>\n\t<meta property=\"og:image:type\" content=\"image\/jpeg\" \/>\n<meta name=\"author\" content=\"Magaly Navarrete\" \/>\n<meta name=\"twitter:card\" content=\"summary_large_image\" \/>\n<meta name=\"twitter:creator\" content=\"@PressenzaIPA\" \/>\n<meta name=\"twitter:site\" content=\"@PressenzaIPA\" \/>\n<meta name=\"twitter:label1\" content=\"Escrito por\" \/>\n\t<meta name=\"twitter:data1\" content=\"Magaly Navarrete\" \/>\n\t<meta name=\"twitter:label2\" content=\"Tiempo de lectura\" \/>\n\t<meta name=\"twitter:data2\" content=\"1 minuto\" \/>\n<script type=\"application\/ld+json\" class=\"yoast-schema-graph\">{\"@context\":\"https:\/\/schema.org\",\"@graph\":[{\"@type\":\"Article\",\"@id\":\"https:\/\/www.pressenza.com\/es\/2019\/10\/marcha-mundial-por-chile-hoy-berlin\/#article\",\"isPartOf\":{\"@id\":\"https:\/\/www.pressenza.com\/es\/2019\/10\/marcha-mundial-por-chile-hoy-berlin\/\"},\"author\":{\"name\":\"Magaly Navarrete\",\"@id\":\"https:\/\/www.pressenza.com\/es\/#\/schema\/person\/a9ab62fe53243f89da63c55b99759d27\"},\"headline\":\"Marcha Mundial por Chile hoy Berlin\",\"datePublished\":\"2019-10-24T21:27:53+00:00\",\"dateModified\":\"2019-10-26T07:49:11+00:00\",\"mainEntityOfPage\":{\"@id\":\"https:\/\/www.pressenza.com\/es\/2019\/10\/marcha-mundial-por-chile-hoy-berlin\/\"},\"wordCount\":149,\"publisher\":{\"@id\":\"https:\/\/www.pressenza.com\/es\/#organization\"},\"image\":{\"@id\":\"https:\/\/www.pressenza.com\/es\/2019\/10\/marcha-mundial-por-chile-hoy-berlin\/#primaryimage\"},\"thumbnailUrl\":\"https:\/\/www.pressenza.com\/wp-content\/uploads\/2019\/10\/magaberlin2019.jpg\",\"keywords\":[\"Chile\",\"Movimiento social\",\"Noviolencia\",\"que renuncie\"],\"articleSection\":[\"Fotorreportajes\"],\"inLanguage\":\"es\"},{\"@type\":\"WebPage\",\"@id\":\"https:\/\/www.pressenza.com\/es\/2019\/10\/marcha-mundial-por-chile-hoy-berlin\/\",\"url\":\"https:\/\/www.pressenza.com\/es\/2019\/10\/marcha-mundial-por-chile-hoy-berlin\/\",\"name\":\"Marcha Mundial por Chile hoy Berlin\",\"isPartOf\":{\"@id\":\"https:\/\/www.pressenza.com\/es\/#website\"},\"primaryImageOfPage\":{\"@id\":\"https:\/\/www.pressenza.com\/es\/2019\/10\/marcha-mundial-por-chile-hoy-berlin\/#primaryimage\"},\"image\":{\"@id\":\"https:\/\/www.pressenza.com\/es\/2019\/10\/marcha-mundial-por-chile-hoy-berlin\/#primaryimage\"},\"thumbnailUrl\":\"https:\/\/www.pressenza.com\/wp-content\/uploads\/2019\/10\/magaberlin2019.jpg\",\"datePublished\":\"2019-10-24T21:27:53+00:00\",\"dateModified\":\"2019-10-26T07:49:11+00:00\",\"description\":\"Berlin adhiere\u00a0 a la Marcha Mundial por Chile. &nbsp; \u201cEl Derecho de Vivir en Paz\u201d fue unas de las tantas canciones que se entonaron, (canci\u00f3n de nuestro\",\"breadcrumb\":{\"@id\":\"https:\/\/www.pressenza.com\/es\/2019\/10\/marcha-mundial-por-chile-hoy-berlin\/#breadcrumb\"},\"inLanguage\":\"es\",\"potentialAction\":[{\"@type\":\"ReadAction\",\"target\":[\"https:\/\/www.pressenza.com\/es\/2019\/10\/marcha-mundial-por-chile-hoy-berlin\/\"]}]},{\"@type\":\"ImageObject\",\"inLanguage\":\"es\",\"@id\":\"https:\/\/www.pressenza.com\/es\/2019\/10\/marcha-mundial-por-chile-hoy-berlin\/#primaryimage\",\"url\":\"https:\/\/www.pressenza.com\/wp-content\/uploads\/2019\/10\/magaberlin2019.jpg\",\"contentUrl\":\"https:\/\/www.pressenza.com\/wp-content\/uploads\/2019\/10\/magaberlin2019.jpg\",\"width\":2048,\"height\":1365},{\"@type\":\"BreadcrumbList\",\"@id\":\"https:\/\/www.pressenza.com\/es\/2019\/10\/marcha-mundial-por-chile-hoy-berlin\/#breadcrumb\",\"itemListElement\":[{\"@type\":\"ListItem\",\"position\":1,\"name\":\"Accueil\",\"item\":\"https:\/\/www.pressenza.com\/es\/\"},{\"@type\":\"ListItem\",\"position\":2,\"name\":\"Marcha Mundial por Chile hoy Berlin\"}]},{\"@type\":\"WebSite\",\"@id\":\"https:\/\/www.pressenza.com\/es\/#website\",\"url\":\"https:\/\/www.pressenza.com\/es\/\",\"name\":\"Pressenza\",\"description\":\"International Press Agency\",\"publisher\":{\"@id\":\"https:\/\/www.pressenza.com\/es\/#organization\"},\"potentialAction\":[{\"@type\":\"SearchAction\",\"target\":{\"@type\":\"EntryPoint\",\"urlTemplate\":\"https:\/\/www.pressenza.com\/es\/?s={search_term_string}\"},\"query-input\":{\"@type\":\"PropertyValueSpecification\",\"valueRequired\":true,\"valueName\":\"search_term_string\"}}],\"inLanguage\":\"es\"},{\"@type\":\"Organization\",\"@id\":\"https:\/\/www.pressenza.com\/es\/#organization\",\"name\":\"Pressenza\",\"url\":\"https:\/\/www.pressenza.com\/es\/\",\"logo\":{\"@type\":\"ImageObject\",\"inLanguage\":\"es\",\"@id\":\"https:\/\/www.pressenza.com\/es\/#\/schema\/logo\/image\/\",\"url\":\"https:\/\/www.pressenza.com\/wp-content\/uploads\/2022\/10\/pressenza_logo_200x200.jpg\",\"contentUrl\":\"https:\/\/www.pressenza.com\/wp-content\/uploads\/2022\/10\/pressenza_logo_200x200.jpg\",\"width\":200,\"height\":200,\"caption\":\"Pressenza\"},\"image\":{\"@id\":\"https:\/\/www.pressenza.com\/es\/#\/schema\/logo\/image\/\"},\"sameAs\":[\"https:\/\/www.facebook.com\/PressenzaItalia\",\"https:\/\/x.com\/PressenzaIPA\"]},{\"@type\":\"Person\",\"@id\":\"https:\/\/www.pressenza.com\/es\/#\/schema\/person\/a9ab62fe53243f89da63c55b99759d27\",\"name\":\"Magaly Navarrete\",\"description\":\"Gestora Cultural, Fot\u00f3grafa de Pressenza e integrante de la \\\"Red Arte Transformador\\\" desarrolla proyectos de \\\"Arte y No-violencia\\\", en Latinoam\u00e9rica y Europa, actualmente reside en Berl\u00edn.\",\"url\":\"https:\/\/www.pressenza.com\/es\/author\/magaly-navarrete\/\"}]}<\/script>\n<!-- \/ Yoast SEO plugin. -->","yoast_head_json":{"title":"Marcha Mundial por Chile hoy Berlin","description":"Berlin adhiere\u00a0 a la Marcha Mundial por Chile. &nbsp; \u201cEl Derecho de Vivir en Paz\u201d fue unas de las tantas canciones que se entonaron, (canci\u00f3n de nuestro","robots":{"index":"index","follow":"follow","max-snippet":"max-snippet:-1","max-image-preview":"max-image-preview:large","max-video-preview":"max-video-preview:-1"},"canonical":"https:\/\/www.pressenza.com\/es\/2019\/10\/marcha-mundial-por-chile-hoy-berlin\/","og_locale":"es_ES","og_type":"article","og_title":"Marcha Mundial por Chile hoy Berlin","og_description":"Berlin adhiere\u00a0 a la Marcha Mundial por Chile. &nbsp; \u201cEl Derecho de Vivir en Paz\u201d fue unas de las tantas canciones que se entonaron, (canci\u00f3n de nuestro","og_url":"https:\/\/www.pressenza.com\/es\/2019\/10\/marcha-mundial-por-chile-hoy-berlin\/","og_site_name":"Pressenza","article_publisher":"https:\/\/www.facebook.com\/PressenzaItalia","article_published_time":"2019-10-24T21:27:53+00:00","article_modified_time":"2019-10-26T07:49:11+00:00","og_image":[{"width":2048,"height":1365,"url":"https:\/\/www.pressenza.com\/wp-content\/uploads\/2019\/10\/magaberlin2019.jpg","type":"image\/jpeg"}],"author":"Magaly Navarrete","twitter_card":"summary_large_image","twitter_creator":"@PressenzaIPA","twitter_site":"@PressenzaIPA","twitter_misc":{"Escrito por":"Magaly Navarrete","Tiempo de lectura":"1 minuto"},"schema":{"@context":"https:\/\/schema.org","@graph":[{"@type":"Article","@id":"https:\/\/www.pressenza.com\/es\/2019\/10\/marcha-mundial-por-chile-hoy-berlin\/#article","isPartOf":{"@id":"https:\/\/www.pressenza.com\/es\/2019\/10\/marcha-mundial-por-chile-hoy-berlin\/"},"author":{"name":"Magaly Navarrete","@id":"https:\/\/www.pressenza.com\/es\/#\/schema\/person\/a9ab62fe53243f89da63c55b99759d27"},"headline":"Marcha Mundial por Chile hoy Berlin","datePublished":"2019-10-24T21:27:53+00:00","dateModified":"2019-10-26T07:49:11+00:00","mainEntityOfPage":{"@id":"https:\/\/www.pressenza.com\/es\/2019\/10\/marcha-mundial-por-chile-hoy-berlin\/"},"wordCount":149,"publisher":{"@id":"https:\/\/www.pressenza.com\/es\/#organization"},"image":{"@id":"https:\/\/www.pressenza.com\/es\/2019\/10\/marcha-mundial-por-chile-hoy-berlin\/#primaryimage"},"thumbnailUrl":"https:\/\/www.pressenza.com\/wp-content\/uploads\/2019\/10\/magaberlin2019.jpg","keywords":["Chile","Movimiento social","Noviolencia","que renuncie"],"articleSection":["Fotorreportajes"],"inLanguage":"es"},{"@type":"WebPage","@id":"https:\/\/www.pressenza.com\/es\/2019\/10\/marcha-mundial-por-chile-hoy-berlin\/","url":"https:\/\/www.pressenza.com\/es\/2019\/10\/marcha-mundial-por-chile-hoy-berlin\/","name":"Marcha Mundial por Chile hoy Berlin","isPartOf":{"@id":"https:\/\/www.pressenza.com\/es\/#website"},"primaryImageOfPage":{"@id":"https:\/\/www.pressenza.com\/es\/2019\/10\/marcha-mundial-por-chile-hoy-berlin\/#primaryimage"},"image":{"@id":"https:\/\/www.pressenza.com\/es\/2019\/10\/marcha-mundial-por-chile-hoy-berlin\/#primaryimage"},"thumbnailUrl":"https:\/\/www.pressenza.com\/wp-content\/uploads\/2019\/10\/magaberlin2019.jpg","datePublished":"2019-10-24T21:27:53+00:00","dateModified":"2019-10-26T07:49:11+00:00","description":"Berlin adhiere\u00a0 a la Marcha Mundial por Chile. &nbsp; \u201cEl Derecho de Vivir en Paz\u201d fue unas de las tantas canciones que se entonaron, (canci\u00f3n de nuestro","breadcrumb":{"@id":"https:\/\/www.pressenza.com\/es\/2019\/10\/marcha-mundial-por-chile-hoy-berlin\/#breadcrumb"},"inLanguage":"es","potentialAction":[{"@type":"ReadAction","target":["https:\/\/www.pressenza.com\/es\/2019\/10\/marcha-mundial-por-chile-hoy-berlin\/"]}]},{"@type":"ImageObject","inLanguage":"es","@id":"https:\/\/www.pressenza.com\/es\/2019\/10\/marcha-mundial-por-chile-hoy-berlin\/#primaryimage","url":"https:\/\/www.pressenza.com\/wp-content\/uploads\/2019\/10\/magaberlin2019.jpg","contentUrl":"https:\/\/www.pressenza.com\/wp-content\/uploads\/2019\/10\/magaberlin2019.jpg","width":2048,"height":1365},{"@type":"BreadcrumbList","@id":"https:\/\/www.pressenza.com\/es\/2019\/10\/marcha-mundial-por-chile-hoy-berlin\/#breadcrumb","itemListElement":[{"@type":"ListItem","position":1,"name":"Accueil","item":"https:\/\/www.pressenza.com\/es\/"},{"@type":"ListItem","position":2,"name":"Marcha Mundial por Chile hoy Berlin"}]},{"@type":"WebSite","@id":"https:\/\/www.pressenza.com\/es\/#website","url":"https:\/\/www.pressenza.com\/es\/","name":"Pressenza","description":"International Press Agency","publisher":{"@id":"https:\/\/www.pressenza.com\/es\/#organization"},"potentialAction":[{"@type":"SearchAction","target":{"@type":"EntryPoint","urlTemplate":"https:\/\/www.pressenza.com\/es\/?s={search_term_string}"},"query-input":{"@type":"PropertyValueSpecification","valueRequired":true,"valueName":"search_term_string"}}],"inLanguage":"es"},{"@type":"Organization","@id":"https:\/\/www.pressenza.com\/es\/#organization","name":"Pressenza","url":"https:\/\/www.pressenza.com\/es\/","logo":{"@type":"ImageObject","inLanguage":"es","@id":"https:\/\/www.pressenza.com\/es\/#\/schema\/logo\/image\/","url":"https:\/\/www.pressenza.com\/wp-content\/uploads\/2022\/10\/pressenza_logo_200x200.jpg","contentUrl":"https:\/\/www.pressenza.com\/wp-content\/uploads\/2022\/10\/pressenza_logo_200x200.jpg","width":200,"height":200,"caption":"Pressenza"},"image":{"@id":"https:\/\/www.pressenza.com\/es\/#\/schema\/logo\/image\/"},"sameAs":["https:\/\/www.facebook.com\/PressenzaItalia","https:\/\/x.com\/PressenzaIPA"]},{"@type":"Person","@id":"https:\/\/www.pressenza.com\/es\/#\/schema\/person\/a9ab62fe53243f89da63c55b99759d27","name":"Magaly Navarrete","description":"Gestora Cultural, Fot\u00f3grafa de Pressenza e integrante de la \"Red Arte Transformador\" desarrolla proyectos de \"Arte y No-violencia\", en Latinoam\u00e9rica y Europa, actualmente reside en Berl\u00edn.","url":"https:\/\/www.pressenza.com\/es\/author\/magaly-navarrete\/"}]}},"place":"","original_article_url":"","_links":{"self":[{"href":"https:\/\/www.pressenza.com\/es\/wp-json\/wp\/v2\/posts\/952515","targetHints":{"allow":["GET"]}}],"collection":[{"href":"https:\/\/www.pressenza.com\/es\/wp-json\/wp\/v2\/posts"}],"about":[{"href":"https:\/\/www.pressenza.com\/es\/wp-json\/wp\/v2\/types\/post"}],"author":[{"embeddable":true,"href":"https:\/\/www.pressenza.com\/es\/wp-json\/wp\/v2\/users\/1444"}],"replies":[{"embeddable":true,"href":"https:\/\/www.pressenza.com\/es\/wp-json\/wp\/v2\/comments?post=952515"}],"version-history":[{"count":0,"href":"https:\/\/www.pressenza.com\/es\/wp-json\/wp\/v2\/posts\/952515\/revisions"}],"wp:featuredmedia":[{"embeddable":true,"href":"https:\/\/www.pressenza.com\/es\/wp-json\/wp\/v2\/media\/952516"}],"wp:attachment":[{"href":"https:\/\/www.pressenza.com\/es\/wp-json\/wp\/v2\/media?parent=952515"}],"wp:term":[{"taxonomy":"category","embeddable":true,"href":"https:\/\/www.pressenza.com\/es\/wp-json\/wp\/v2\/categories?post=952515"},{"taxonomy":"post_tag","embeddable":true,"href":"https:\/\/www.pressenza.com\/es\/wp-json\/wp\/v2\/tags?post=952515"}],"curies":[{"name":"wp","href":"https:\/\/api.w.org\/{rel}","templated":true}]}}