{"id":951858,"date":"2019-10-23T23:21:35","date_gmt":"2019-10-23T22:21:35","guid":{"rendered":"https:\/\/www.pressenza.com\/?p=951858"},"modified":"2019-10-23T23:21:35","modified_gmt":"2019-10-23T22:21:35","slug":"bolivianos-se-concentraron-en-la-paz-para-respaldar-la-reeleccion-de-evo-morales","status":"publish","type":"post","link":"https:\/\/www.pressenza.com\/es\/2019\/10\/bolivianos-se-concentraron-en-la-paz-para-respaldar-la-reeleccion-de-evo-morales\/","title":{"rendered":"Bolivianos se concentraron en La Paz para respaldar la reelecci\u00f3n de Evo Morales"},"content":{"rendered":"<h5 class=\"has-drop-cap\">La \u201cconfrontaci\u00f3n\u201d no es el objetivo de la manifestaci\u00f3n sino ofrecer apoyo a un proceso que ha logrado llevar a Bolivia a ser uno de los pa\u00edses con la mejor econom\u00eda en la regi\u00f3n, se\u00f1alaron dirigentes sociales<\/h5>\n<hr class=\"wp-block-separator\" \/>\n<p>por Laia Sanz<\/p>\n<p>Organizaciones sociales marcharon este mi\u00e9rcoles hasta la plaza Mayor de San Francisco, en el centro de la ciudad de La Paz, Bolivia, en defensa de la democracia y para exigir respeto al voto de los habitantes de las\u00a0zonas rurales.<\/p>\n<p>Con banderas, consignas y el prop\u00f3sito de demostrar el respaldo con el que cuenta el actual presidente, Evo Morales, campesinos y trabajadores partieron desde\u00a0El Alto, Hampaturi, Pampahasi\u00a0y la zona del Cementerio, entre otros puntos de la ciudad.<\/p>\n<p>Tanto el candidato del Movimiento al Socialismo (MAS), Evo Morales como el postulado por Comunidad Ciudadano (CC), Carlos Mesa, coincidieron en un aspecto. Luego del c\u00f3mputo de los resultados preliminares de actas en recinto ofrecido el d\u00eda domingo 20 de octubre en horas de la noche, en la que Evo Morales venc\u00eda por 7%, a Mesa, el 70% restante de planillas por verificar pertenec\u00edan a zonas campesinas, as\u00ed reconocido por el aspirante a presidente por CC.<\/p>\n<p>En este sentido, el MAS manifest\u00f3 su esperanza de alcanzar la diferencia\u00a0de 10 %sobre el segundo postulado, gracias al voto rural, tal como se hab\u00eda registrado en elecciones anteriores.<\/p>\n<p>La\u00a0\u201cconfrontaci\u00f3n\u201d\u00a0no es el objetivo de la manifestaci\u00f3n sino ofrecer respaldo a un proceso que ha logrado llevar a Bolivia a ser uno de los pa\u00edses con la mejor econom\u00eda en la regi\u00f3n, as\u00ed lo se\u00f1al\u00f3 la secretaria ejecutiva de la Confederaci\u00f3n de Mujeres Campesinas de Bolivia \u201cBartolina Sisa\u201d, Segundina Flores.<\/p>\n<p>Las organizaciones sociales presentes en la marcha emitir\u00e1n un \u201cpronunciamiento\u201d en respaldo al proceso comicial desarrollado por el \u00d3rgano Electoral Plurinacional y en defensa de la democracia del pa\u00eds.<\/p>\n<p>Igualmente, repudiar las acciones \u201cviolentas, racistas y antidemocr\u00e1ticas\u201d de grupos de \u201cextrema derecha\u201d que buscan convulsionar el pa\u00eds, tambi\u00e9n es otro de los objetivos que persigue el encuentro, as\u00ed lo manifestaron dirigentes de las organizaciones afiliadas a la Central Obrera Boliviana (COB) y la Coordinadora Nacional por el Cambio (Conalcam).<\/p>\n<div><\/div>\n<p>Por su parte, el secretario ejecutivo de la Confederaci\u00f3n de Maestros Rurales de Bolivia, Freddy Mamani, exhort\u00f3 a los grupos y militantes opositores a Morales a no \u201cprovocar\u201d a la marcha de las organizaciones sociales, la que asegur\u00f3 \u201cser\u00e1 pac\u00edfica\u201d.<\/p>\n<p>Asimismo, Mamani pidi\u00f3 a los sectores movilizados a esperar los <a href=\"https:\/\/computo.oep.org.bo\/#\">resultados finales<\/a> del Tribunal Supremo Electoral (TSE) y evitar cualquier tipo de \u201cconfrontaci\u00f3n\u201d entre bolivianos, difunde la Agencia Boliviana de Informaci\u00f3n.<\/p>\n<p>Los siguientes im\u00e1genes y videos reflejan c\u00f3mo se desarrolla la manifestaci\u00f3n que tiene como punto final, la Plaza Mayor de San Francisco en La Paz.<\/p>\n<figure class=\"wp-block-embed-twitter wp-block-embed is-type-rich is-provider-twitter\">\n<div class=\"wp-block-embed__wrapper\">\n<div class=\"SandboxRoot env-bp-350\" data-twitter-event-id=\"0\">\n<div id=\"twitter-widget-0\" class=\"EmbeddedTweet EmbeddedTweet--cta js-clickToOpenTarget\" lang=\"es\" data-click-to-open-target=\"https:\/\/twitter.com\/pvillegas_tlSUR\/status\/1187056073917771776\" data-iframe-title=\"Tweet de Twitter\" data-scribe=\"page:tweet\" data-twitter-event-id=\"2\">\n<div class=\"EmbeddedTweet-ancestor EmbeddedTweet-ancestor--repliesRefresh\" data-scribe=\"section:conversation\">\n<blockquote class=\"Tweet Tweet--compact h-entry reply js-tweetIdInfo\" cite=\"https:\/\/twitter.com\/pvillegas_tlSUR\/status\/1187037938607099904\" data-tweet-id=\"1187037938607099904\">\n<div class=\"Tweet-ancestorContainer Tweet-ancestorContainer--repliesRefresh\">\n<div class=\"Tweet-ancestorContents Tweet-ancestorContents--repliesRefresh\">\n<div class=\"Tweet-header\">\n<div class=\"TweetAuthor js-inViewportScribingTarget TweetAuthor--oneLine\" data-scribe=\"component:author\"><\/div>\n<div class=\"Tweet-brand\">\n<div title=\"Ver en Twitter\" role=\"presentation\" aria-label=\"Ver en Twitter\">Campesinos Aimara en La Paz, horas despu\u00e9s del llamado del Pdte Morales a defender la democracia. <a class=\"PrettyLink hashtag customisable\" dir=\"ltr\" href=\"https:\/\/twitter.com\/hashtag\/BoliviaDecide?src=hash\" rel=\"tag\" data-query-source=\"hashtag_click\" data-scribe=\"element:hashtag\"><span class=\"PrettyLink-prefix\">#<\/span><span class=\"PrettyLink-value\">BoliviaDecide<\/span><\/a><\/div>\n<\/div>\n<\/div>\n<div class=\"Tweet-body e-entry-content\" data-scribe=\"component:tweet\">\n<div class=\"Tweet-card\">\n<article class=\"MediaCard\n\n           cards-multimedia\n           customisable-border\" dir=\"ltr\" data-scribe=\"component:card\"><\/p>\n<div class=\"MediaCard-media\">\n<div class=\"MediaCard-widthConstraint js-cspForcedStyle\" data-style=\"max-width: 2000px\">\n<div class=\"MediaCard-mediaContainer MediaCard--roundedTop MediaCard--roundedBottom js-cspForcedStyle\" data-style=\"padding-bottom: 56.2500%\">\n<div class=\"NaturalImage-ctaOverlay PlayButton PlayButton--centered\" data-scribe=\"element:play_button\">\n<div class=\"Icon Icon--playCircle \" title=\"Reproducir contenido multimedia\" role=\"img\" aria-label=\"Reproducir contenido multimedia\"><\/div>\n<\/div>\n<p><a class=\"MediaCard-mediaAsset MediaCard-mediaPlaceholder NaturalImage NaturalImage--fill js-playableMediaInterstitial\" href=\"https:\/\/twitter.com\/pvillegas_tlSUR\/status\/1187037938607099904\"><img decoding=\"async\" class=\"NaturalImage-image\" src=\"https:\/\/pbs.twimg.com\/ext_tw_video_thumb\/1187037841798455296\/pu\/img\/JAzY6ePk7BL5x9v_?format=jpg&amp;name=small\" alt=\"Video insertado\" data-image=\"https:\/\/pbs.twimg.com\/ext_tw_video_thumb\/1187037841798455296\/pu\/img\/JAzY6ePk7BL5x9v_\" data-scribe=\"element:poster_image\" \/><\/a><\/div>\n<\/div>\n<\/div>\n<\/article>\n<\/div>\n<\/div>\n<\/div>\n<\/div>\n<\/blockquote>\n<\/div>\n<div class=\"EmbeddedTweet-tweetContainer\">\n<div class=\"EmbeddedTweet-tweet\">\n<blockquote class=\"Tweet h-entry js-tweetIdInfo subject expanded\" cite=\"https:\/\/twitter.com\/pvillegas_tlSUR\/status\/1187056073917771776\" data-tweet-id=\"1187056073917771776\" data-scribe=\"section:subject\">\n<div class=\"Tweet-header\">\n<div class=\"TweetAuthor js-inViewportScribingTarget\" data-scribe=\"component:author\">\n<div class=\"TweetAuthor-nameScreenNameContainer\"><span class=\"TweetAuthor-decoratedName\"><span class=\"TweetAuthor-verifiedBadge\" data-scribe=\"element:verified_badge\"><b class=\"u-hiddenVisually\">\u2714<\/b><\/span><\/span><span class=\"TweetAuthor-screenName Identity-screenName\" dir=\"ltr\" title=\"@pvillegas_tlSUR\" data-scribe=\"element:screen_name\">@pvillegas_tlSUR<\/span><\/div>\n<\/div>\n<\/div>\n<div class=\"Tweet-body e-entry-content\" data-scribe=\"component:tweet\">\n<p class=\"Tweet-text e-entry-title\" dir=\"ltr\" lang=\"es\">La Paz hoy al medio d\u00eda. Los humildes resisten. Multitud en apoyo a Evo Morales. <a class=\"PrettyLink hashtag customisable\" dir=\"ltr\" href=\"https:\/\/twitter.com\/hashtag\/BoliviaDecide?src=hash\" rel=\"tag\" data-query-source=\"hashtag_click\" data-scribe=\"element:hashtag\"><span class=\"PrettyLink-prefix\">#<\/span><span class=\"PrettyLink-value\">BoliviaDecide<\/span><\/a><\/p>\n<div class=\"Tweet-card\">\n<article class=\"MediaCard\n\n           customisable-border\" dir=\"ltr\" data-scribe=\"component:card\"><\/p>\n<div class=\"MediaCard-media\" data-scribe=\"element:photo\">\n<div class=\"MediaCard-widthConstraint js-cspForcedStyle\" data-style=\"max-width: 1080px\">\n<div class=\"MediaCard-mediaContainer js-cspForcedStyle MediaCard--roundedTop MediaCard--roundedBottom\" data-style=\"padding-bottom: 75.0000%\"><a class=\"MediaCard-mediaAsset NaturalImage\" href=\"https:\/\/twitter.com\/pvillegas_tlSUR\/status\/1187056073917771776\/photo\/1\"><img loading=\"lazy\" decoding=\"async\" class=\"NaturalImage-image\" title=\"Ver imagen en Twitter\" src=\"https:\/\/pbs.twimg.com\/media\/EHlFMjNXYAAiEKU?format=jpg&amp;name=small\" alt=\"Ver imagen en Twitter\" width=\"1080\" height=\"810\" data-image=\"https:\/\/pbs.twimg.com\/media\/EHlFMjNXYAAiEKU\" data-image-format=\"jpg\" \/><\/a><\/div>\n<\/div>\n<\/div>\n<\/article>\n<\/div>\n<div class=\"TweetInfo\">\n<div class=\"TweetInfo-like\"><\/div>\n<div class=\"TweetInfo-timeGeo\"><time class=\"dt-updated\" title=\"Publicado a las: 23 de octubre de 2019 17:19:57 (UTC)\" datetime=\"2019-10-23T17:19:57+0000\">14:19 &#8211; 23 oct. 2019<\/time><\/div>\n<div class=\"tweet-InformationCircle\" data-scribe=\"element:notice\"><\/div>\n<\/div>\n<\/div>\n<\/blockquote>\n<\/div>\n<div class=\"CallToAction-icon\" data-scribe=\"element:conversation_icon\"><\/div>\n<div class=\"CallToAction-chevron\" data-scribe=\"element:cta_chevron\"><\/div>\n<\/div>\n<\/div>\n<\/div>\n<\/div>\n<\/figure>\n<figure class=\"wp-block-embed-twitter wp-block-embed is-type-rich is-provider-twitter\">\n<div class=\"wp-block-embed__wrapper\">\n<div class=\"SandboxRoot env-bp-350\" data-twitter-event-id=\"1\">\n<div id=\"twitter-widget-1\" class=\"EmbeddedTweet EmbeddedTweet--cta js-clickToOpenTarget\" lang=\"es\" data-click-to-open-target=\"https:\/\/twitter.com\/Larissacostas\/status\/1187042819472613376\" data-iframe-title=\"Tweet de Twitter\" data-scribe=\"page:tweet\" data-twitter-event-id=\"3\">\n<div class=\"EmbeddedTweet-tweetContainer\">\n<div class=\"EmbeddedTweet-tweet\">\n<blockquote class=\"Tweet h-entry js-tweetIdInfo subject expanded\" cite=\"https:\/\/twitter.com\/Larissacostas\/status\/1187042819472613376\" data-tweet-id=\"1187042819472613376\" data-scribe=\"section:subject\">\n<div class=\"Tweet-body e-entry-content\" data-scribe=\"component:tweet\">\n<p class=\"Tweet-text e-entry-title\" dir=\"ltr\" lang=\"es\">As\u00ed comienzan a congregarse los bolivianos y bolivianas en la Plaza San Francisco en respaldo al gobierno de <a class=\"PrettyLink profile customisable h-card\" dir=\"ltr\" href=\"https:\/\/twitter.com\/evoespueblo\" data-mentioned-user-id=\"720786569792253952\" data-scribe=\"element:mention\"><span class=\"PrettyLink-prefix\">@<\/span><span class=\"PrettyLink-value\">evoespueblo<\/span><\/a>. Denuncian un intento de golpe de Estado de derecha para acabar con el Estado plurinacional de <a class=\"PrettyLink hashtag customisable\" dir=\"ltr\" href=\"https:\/\/twitter.com\/hashtag\/Bolivia?src=hash\" rel=\"tag\" data-query-source=\"hashtag_click\" data-scribe=\"element:hashtag\"><span class=\"PrettyLink-prefix\">#<\/span><span class=\"PrettyLink-value\">Bolivia<\/span><\/a>.<\/p>\n<div class=\"Tweet-card\">\n<article class=\"MediaCard\n\n           cards-multimedia\n           customisable-border\" dir=\"ltr\" data-scribe=\"component:card\"><\/p>\n<div class=\"MediaCard-media\">\n<div class=\"MediaCard-widthConstraint js-cspForcedStyle\" data-style=\"max-width: 2000px\">\n<div class=\"MediaCard-mediaContainer MediaCard--roundedTop MediaCard--roundedBottom js-cspForcedStyle\" data-style=\"padding-bottom: 55.0000%\">\n<div class=\"NaturalImage-ctaOverlay PlayButton PlayButton--centered\" data-scribe=\"element:play_button\">\n<div class=\"Icon Icon--playCircle \" title=\"Reproducir contenido multimedia\" role=\"img\" aria-label=\"Reproducir contenido multimedia\"><\/div>\n<\/div>\n<p><a class=\"MediaCard-mediaAsset MediaCard-mediaPlaceholder NaturalImage NaturalImage--fill js-playableMediaInterstitial\" href=\"https:\/\/twitter.com\/Larissacostas\/status\/1187042819472613376\"><img decoding=\"async\" class=\"NaturalImage-image\" src=\"https:\/\/pbs.twimg.com\/ext_tw_video_thumb\/1187042472519720960\/pu\/img\/vn0caM7slTyDjTJ1?format=jpg&amp;name=small\" alt=\"Video insertado\" data-image=\"https:\/\/pbs.twimg.com\/ext_tw_video_thumb\/1187042472519720960\/pu\/img\/vn0caM7slTyDjTJ1\" data-scribe=\"element:poster_image\" \/><\/a><\/div>\n<\/div>\n<\/div>\n<\/article>\n<\/div>\n<div class=\"TweetInfo\">\n<div class=\"TweetInfo-timeGeo\"><time class=\"dt-updated\" title=\"Publicado a las: 23 de octubre de 2019 16:27:17 (UTC)\" datetime=\"2019-10-23T16:27:17+0000\">13:27 &#8211; 23 oct. 2019<\/time><\/div>\n<\/div>\n<\/div>\n<\/blockquote>\n<\/div>\n<div class=\"CallToAction-chevron\" data-scribe=\"element:cta_chevron\">\n<div class=\"Icon Icon--chevronRightCTA \" title=\"Ver en Twitter\" role=\"img\" aria-label=\"Ver en Twitter\"><\/div>\n<\/div>\n<\/div>\n<\/div>\n<\/div>\n<\/div>\n<\/figure>\n","protected":false},"excerpt":{"rendered":"<p>La \u201cconfrontaci\u00f3n\u201d no es el objetivo de la manifestaci\u00f3n sino ofrecer apoyo a un proceso que ha logrado llevar a Bolivia a ser uno de los pa\u00edses con la mejor econom\u00eda en la regi\u00f3n, se\u00f1alaron dirigentes sociales por Laia Sanz&hellip;<\/p>\n","protected":false},"author":616,"featured_media":951870,"comment_status":"closed","ping_status":"closed","sticky":false,"template":"","format":"standard","meta":{"footnotes":""},"categories":[74,80,67],"tags":[52348,52347,65939],"class_list":["post-951858","post","type-post","status-publish","format-standard","has-post-thumbnail","hentry","category-politica-es","category-pueblos-originarios","category-sudamerica","tag-elecciones-bolivia-2019","tag-evo-morales-ayma","tag-movimimentos-sociales"],"yoast_head":"<!-- This site is optimized with the Yoast SEO plugin v27.1.1 - https:\/\/yoast.com\/product\/yoast-seo-wordpress\/ -->\n<title>Bolivianos se concentraron en La Paz para respaldar la reelecci\u00f3n de Evo Morales<\/title>\n<meta name=\"description\" content=\"La \u201cconfrontaci\u00f3n\u201d no es el objetivo de la manifestaci\u00f3n sino ofrecer apoyo a un proceso que ha logrado llevar a Bolivia a ser uno de los pa\u00edses con la\" \/>\n<meta name=\"robots\" content=\"index, follow, max-snippet:-1, max-image-preview:large, max-video-preview:-1\" \/>\n<link rel=\"canonical\" href=\"https:\/\/www.pressenza.com\/es\/2019\/10\/bolivianos-se-concentraron-en-la-paz-para-respaldar-la-reeleccion-de-evo-morales\/\" \/>\n<meta property=\"og:locale\" content=\"es_ES\" \/>\n<meta property=\"og:type\" content=\"article\" \/>\n<meta property=\"og:title\" content=\"Bolivianos se concentraron en La Paz para respaldar la reelecci\u00f3n de Evo Morales\" \/>\n<meta property=\"og:description\" content=\"La \u201cconfrontaci\u00f3n\u201d no es el objetivo de la manifestaci\u00f3n sino ofrecer apoyo a un proceso que ha logrado llevar a Bolivia a ser uno de los pa\u00edses con la\" \/>\n<meta property=\"og:url\" content=\"https:\/\/www.pressenza.com\/es\/2019\/10\/bolivianos-se-concentraron-en-la-paz-para-respaldar-la-reeleccion-de-evo-morales\/\" \/>\n<meta property=\"og:site_name\" content=\"Pressenza\" \/>\n<meta property=\"article:publisher\" content=\"https:\/\/www.facebook.com\/PressenzaItalia\" \/>\n<meta property=\"article:published_time\" content=\"2019-10-23T22:21:35+00:00\" \/>\n<meta property=\"og:image\" content=\"https:\/\/www.pressenza.com\/wp-content\/uploads\/2019\/10\/movilizaci\u00f3n.png\" \/>\n\t<meta property=\"og:image:width\" content=\"622\" \/>\n\t<meta property=\"og:image:height\" content=\"465\" \/>\n\t<meta property=\"og:image:type\" content=\"image\/png\" \/>\n<meta name=\"author\" content=\"El Ciudadano\" \/>\n<meta name=\"twitter:card\" content=\"summary_large_image\" \/>\n<meta name=\"twitter:creator\" content=\"@PressenzaIPA\" \/>\n<meta name=\"twitter:site\" content=\"@PressenzaIPA\" \/>\n<meta name=\"twitter:label1\" content=\"Escrito por\" \/>\n\t<meta name=\"twitter:data1\" content=\"El Ciudadano\" \/>\n\t<meta name=\"twitter:label2\" content=\"Tiempo de lectura\" \/>\n\t<meta name=\"twitter:data2\" content=\"3 minutos\" \/>\n<script type=\"application\/ld+json\" class=\"yoast-schema-graph\">{\"@context\":\"https:\/\/schema.org\",\"@graph\":[{\"@type\":\"Article\",\"@id\":\"https:\/\/www.pressenza.com\/es\/2019\/10\/bolivianos-se-concentraron-en-la-paz-para-respaldar-la-reeleccion-de-evo-morales\/#article\",\"isPartOf\":{\"@id\":\"https:\/\/www.pressenza.com\/es\/2019\/10\/bolivianos-se-concentraron-en-la-paz-para-respaldar-la-reeleccion-de-evo-morales\/\"},\"author\":{\"name\":\"El Ciudadano\",\"@id\":\"https:\/\/www.pressenza.com\/es\/#\/schema\/person\/6522eecb4cd68e074b27e251e4b04ef8\"},\"headline\":\"Bolivianos se concentraron en La Paz para respaldar la reelecci\u00f3n de Evo Morales\",\"datePublished\":\"2019-10-23T22:21:35+00:00\",\"mainEntityOfPage\":{\"@id\":\"https:\/\/www.pressenza.com\/es\/2019\/10\/bolivianos-se-concentraron-en-la-paz-para-respaldar-la-reeleccion-de-evo-morales\/\"},\"wordCount\":571,\"publisher\":{\"@id\":\"https:\/\/www.pressenza.com\/es\/#organization\"},\"image\":{\"@id\":\"https:\/\/www.pressenza.com\/es\/2019\/10\/bolivianos-se-concentraron-en-la-paz-para-respaldar-la-reeleccion-de-evo-morales\/#primaryimage\"},\"thumbnailUrl\":\"https:\/\/www.pressenza.com\/wp-content\/uploads\/2019\/10\/movilizaci\u00f3n.png\",\"keywords\":[\"Elecciones Bolivia 2019\",\"Evo Morales Ayma\",\"movimimentos sociales\"],\"articleSection\":[\"Pol\u00edtica\",\"Pueblos Originarios\",\"Sudam\u00e9rica\"],\"inLanguage\":\"es\"},{\"@type\":\"WebPage\",\"@id\":\"https:\/\/www.pressenza.com\/es\/2019\/10\/bolivianos-se-concentraron-en-la-paz-para-respaldar-la-reeleccion-de-evo-morales\/\",\"url\":\"https:\/\/www.pressenza.com\/es\/2019\/10\/bolivianos-se-concentraron-en-la-paz-para-respaldar-la-reeleccion-de-evo-morales\/\",\"name\":\"Bolivianos se concentraron en La Paz para respaldar la reelecci\u00f3n de Evo Morales\",\"isPartOf\":{\"@id\":\"https:\/\/www.pressenza.com\/es\/#website\"},\"primaryImageOfPage\":{\"@id\":\"https:\/\/www.pressenza.com\/es\/2019\/10\/bolivianos-se-concentraron-en-la-paz-para-respaldar-la-reeleccion-de-evo-morales\/#primaryimage\"},\"image\":{\"@id\":\"https:\/\/www.pressenza.com\/es\/2019\/10\/bolivianos-se-concentraron-en-la-paz-para-respaldar-la-reeleccion-de-evo-morales\/#primaryimage\"},\"thumbnailUrl\":\"https:\/\/www.pressenza.com\/wp-content\/uploads\/2019\/10\/movilizaci\u00f3n.png\",\"datePublished\":\"2019-10-23T22:21:35+00:00\",\"description\":\"La \u201cconfrontaci\u00f3n\u201d no es el objetivo de la manifestaci\u00f3n sino ofrecer apoyo a un proceso que ha logrado llevar a Bolivia a ser uno de los pa\u00edses con la\",\"breadcrumb\":{\"@id\":\"https:\/\/www.pressenza.com\/es\/2019\/10\/bolivianos-se-concentraron-en-la-paz-para-respaldar-la-reeleccion-de-evo-morales\/#breadcrumb\"},\"inLanguage\":\"es\",\"potentialAction\":[{\"@type\":\"ReadAction\",\"target\":[\"https:\/\/www.pressenza.com\/es\/2019\/10\/bolivianos-se-concentraron-en-la-paz-para-respaldar-la-reeleccion-de-evo-morales\/\"]}]},{\"@type\":\"ImageObject\",\"inLanguage\":\"es\",\"@id\":\"https:\/\/www.pressenza.com\/es\/2019\/10\/bolivianos-se-concentraron-en-la-paz-para-respaldar-la-reeleccion-de-evo-morales\/#primaryimage\",\"url\":\"https:\/\/www.pressenza.com\/wp-content\/uploads\/2019\/10\/movilizaci\u00f3n.png\",\"contentUrl\":\"https:\/\/www.pressenza.com\/wp-content\/uploads\/2019\/10\/movilizaci\u00f3n.png\",\"width\":622,\"height\":465},{\"@type\":\"BreadcrumbList\",\"@id\":\"https:\/\/www.pressenza.com\/es\/2019\/10\/bolivianos-se-concentraron-en-la-paz-para-respaldar-la-reeleccion-de-evo-morales\/#breadcrumb\",\"itemListElement\":[{\"@type\":\"ListItem\",\"position\":1,\"name\":\"Accueil\",\"item\":\"https:\/\/www.pressenza.com\/es\/\"},{\"@type\":\"ListItem\",\"position\":2,\"name\":\"Bolivianos se concentraron en La Paz para respaldar la reelecci\u00f3n de Evo Morales\"}]},{\"@type\":\"WebSite\",\"@id\":\"https:\/\/www.pressenza.com\/es\/#website\",\"url\":\"https:\/\/www.pressenza.com\/es\/\",\"name\":\"Pressenza\",\"description\":\"International Press Agency\",\"publisher\":{\"@id\":\"https:\/\/www.pressenza.com\/es\/#organization\"},\"potentialAction\":[{\"@type\":\"SearchAction\",\"target\":{\"@type\":\"EntryPoint\",\"urlTemplate\":\"https:\/\/www.pressenza.com\/es\/?s={search_term_string}\"},\"query-input\":{\"@type\":\"PropertyValueSpecification\",\"valueRequired\":true,\"valueName\":\"search_term_string\"}}],\"inLanguage\":\"es\"},{\"@type\":\"Organization\",\"@id\":\"https:\/\/www.pressenza.com\/es\/#organization\",\"name\":\"Pressenza\",\"url\":\"https:\/\/www.pressenza.com\/es\/\",\"logo\":{\"@type\":\"ImageObject\",\"inLanguage\":\"es\",\"@id\":\"https:\/\/www.pressenza.com\/es\/#\/schema\/logo\/image\/\",\"url\":\"https:\/\/www.pressenza.com\/wp-content\/uploads\/2022\/10\/pressenza_logo_200x200.jpg\",\"contentUrl\":\"https:\/\/www.pressenza.com\/wp-content\/uploads\/2022\/10\/pressenza_logo_200x200.jpg\",\"width\":200,\"height\":200,\"caption\":\"Pressenza\"},\"image\":{\"@id\":\"https:\/\/www.pressenza.com\/es\/#\/schema\/logo\/image\/\"},\"sameAs\":[\"https:\/\/www.facebook.com\/PressenzaItalia\",\"https:\/\/x.com\/PressenzaIPA\"]},{\"@type\":\"Person\",\"@id\":\"https:\/\/www.pressenza.com\/es\/#\/schema\/person\/6522eecb4cd68e074b27e251e4b04ef8\",\"name\":\"El Ciudadano\",\"description\":\"El Ciudadano es un medio de comunicaci\u00f3n de circulaci\u00f3n mensual en papel y de funcionamiento diario en la web. Forma parte de la Red de Medios de los Pueblos por lo que se declara como un medio del Tercer Sector para romper el cerco informativo. El Ciudadano es una publicaci\u00f3n que busca elevar desde lo local a lo global las demandas de la organizaci\u00f3n social chilena como tambi\u00e9n promover la acci\u00f3n directa de la ciudadan\u00eda por su derecho a autodeterminaci\u00f3n. elciudadano.cl\",\"url\":\"https:\/\/www.pressenza.com\/es\/author\/el-ciudadano\/\"}]}<\/script>\n<!-- \/ Yoast SEO plugin. -->","yoast_head_json":{"title":"Bolivianos se concentraron en La Paz para respaldar la reelecci\u00f3n de Evo Morales","description":"La \u201cconfrontaci\u00f3n\u201d no es el objetivo de la manifestaci\u00f3n sino ofrecer apoyo a un proceso que ha logrado llevar a Bolivia a ser uno de los pa\u00edses con la","robots":{"index":"index","follow":"follow","max-snippet":"max-snippet:-1","max-image-preview":"max-image-preview:large","max-video-preview":"max-video-preview:-1"},"canonical":"https:\/\/www.pressenza.com\/es\/2019\/10\/bolivianos-se-concentraron-en-la-paz-para-respaldar-la-reeleccion-de-evo-morales\/","og_locale":"es_ES","og_type":"article","og_title":"Bolivianos se concentraron en La Paz para respaldar la reelecci\u00f3n de Evo Morales","og_description":"La \u201cconfrontaci\u00f3n\u201d no es el objetivo de la manifestaci\u00f3n sino ofrecer apoyo a un proceso que ha logrado llevar a Bolivia a ser uno de los pa\u00edses con la","og_url":"https:\/\/www.pressenza.com\/es\/2019\/10\/bolivianos-se-concentraron-en-la-paz-para-respaldar-la-reeleccion-de-evo-morales\/","og_site_name":"Pressenza","article_publisher":"https:\/\/www.facebook.com\/PressenzaItalia","article_published_time":"2019-10-23T22:21:35+00:00","og_image":[{"width":622,"height":465,"url":"https:\/\/www.pressenza.com\/wp-content\/uploads\/2019\/10\/movilizaci\u00f3n.png","type":"image\/png"}],"author":"El Ciudadano","twitter_card":"summary_large_image","twitter_creator":"@PressenzaIPA","twitter_site":"@PressenzaIPA","twitter_misc":{"Escrito por":"El Ciudadano","Tiempo de lectura":"3 minutos"},"schema":{"@context":"https:\/\/schema.org","@graph":[{"@type":"Article","@id":"https:\/\/www.pressenza.com\/es\/2019\/10\/bolivianos-se-concentraron-en-la-paz-para-respaldar-la-reeleccion-de-evo-morales\/#article","isPartOf":{"@id":"https:\/\/www.pressenza.com\/es\/2019\/10\/bolivianos-se-concentraron-en-la-paz-para-respaldar-la-reeleccion-de-evo-morales\/"},"author":{"name":"El Ciudadano","@id":"https:\/\/www.pressenza.com\/es\/#\/schema\/person\/6522eecb4cd68e074b27e251e4b04ef8"},"headline":"Bolivianos se concentraron en La Paz para respaldar la reelecci\u00f3n de Evo Morales","datePublished":"2019-10-23T22:21:35+00:00","mainEntityOfPage":{"@id":"https:\/\/www.pressenza.com\/es\/2019\/10\/bolivianos-se-concentraron-en-la-paz-para-respaldar-la-reeleccion-de-evo-morales\/"},"wordCount":571,"publisher":{"@id":"https:\/\/www.pressenza.com\/es\/#organization"},"image":{"@id":"https:\/\/www.pressenza.com\/es\/2019\/10\/bolivianos-se-concentraron-en-la-paz-para-respaldar-la-reeleccion-de-evo-morales\/#primaryimage"},"thumbnailUrl":"https:\/\/www.pressenza.com\/wp-content\/uploads\/2019\/10\/movilizaci\u00f3n.png","keywords":["Elecciones Bolivia 2019","Evo Morales Ayma","movimimentos sociales"],"articleSection":["Pol\u00edtica","Pueblos Originarios","Sudam\u00e9rica"],"inLanguage":"es"},{"@type":"WebPage","@id":"https:\/\/www.pressenza.com\/es\/2019\/10\/bolivianos-se-concentraron-en-la-paz-para-respaldar-la-reeleccion-de-evo-morales\/","url":"https:\/\/www.pressenza.com\/es\/2019\/10\/bolivianos-se-concentraron-en-la-paz-para-respaldar-la-reeleccion-de-evo-morales\/","name":"Bolivianos se concentraron en La Paz para respaldar la reelecci\u00f3n de Evo Morales","isPartOf":{"@id":"https:\/\/www.pressenza.com\/es\/#website"},"primaryImageOfPage":{"@id":"https:\/\/www.pressenza.com\/es\/2019\/10\/bolivianos-se-concentraron-en-la-paz-para-respaldar-la-reeleccion-de-evo-morales\/#primaryimage"},"image":{"@id":"https:\/\/www.pressenza.com\/es\/2019\/10\/bolivianos-se-concentraron-en-la-paz-para-respaldar-la-reeleccion-de-evo-morales\/#primaryimage"},"thumbnailUrl":"https:\/\/www.pressenza.com\/wp-content\/uploads\/2019\/10\/movilizaci\u00f3n.png","datePublished":"2019-10-23T22:21:35+00:00","description":"La \u201cconfrontaci\u00f3n\u201d no es el objetivo de la manifestaci\u00f3n sino ofrecer apoyo a un proceso que ha logrado llevar a Bolivia a ser uno de los pa\u00edses con la","breadcrumb":{"@id":"https:\/\/www.pressenza.com\/es\/2019\/10\/bolivianos-se-concentraron-en-la-paz-para-respaldar-la-reeleccion-de-evo-morales\/#breadcrumb"},"inLanguage":"es","potentialAction":[{"@type":"ReadAction","target":["https:\/\/www.pressenza.com\/es\/2019\/10\/bolivianos-se-concentraron-en-la-paz-para-respaldar-la-reeleccion-de-evo-morales\/"]}]},{"@type":"ImageObject","inLanguage":"es","@id":"https:\/\/www.pressenza.com\/es\/2019\/10\/bolivianos-se-concentraron-en-la-paz-para-respaldar-la-reeleccion-de-evo-morales\/#primaryimage","url":"https:\/\/www.pressenza.com\/wp-content\/uploads\/2019\/10\/movilizaci\u00f3n.png","contentUrl":"https:\/\/www.pressenza.com\/wp-content\/uploads\/2019\/10\/movilizaci\u00f3n.png","width":622,"height":465},{"@type":"BreadcrumbList","@id":"https:\/\/www.pressenza.com\/es\/2019\/10\/bolivianos-se-concentraron-en-la-paz-para-respaldar-la-reeleccion-de-evo-morales\/#breadcrumb","itemListElement":[{"@type":"ListItem","position":1,"name":"Accueil","item":"https:\/\/www.pressenza.com\/es\/"},{"@type":"ListItem","position":2,"name":"Bolivianos se concentraron en La Paz para respaldar la reelecci\u00f3n de Evo Morales"}]},{"@type":"WebSite","@id":"https:\/\/www.pressenza.com\/es\/#website","url":"https:\/\/www.pressenza.com\/es\/","name":"Pressenza","description":"International Press Agency","publisher":{"@id":"https:\/\/www.pressenza.com\/es\/#organization"},"potentialAction":[{"@type":"SearchAction","target":{"@type":"EntryPoint","urlTemplate":"https:\/\/www.pressenza.com\/es\/?s={search_term_string}"},"query-input":{"@type":"PropertyValueSpecification","valueRequired":true,"valueName":"search_term_string"}}],"inLanguage":"es"},{"@type":"Organization","@id":"https:\/\/www.pressenza.com\/es\/#organization","name":"Pressenza","url":"https:\/\/www.pressenza.com\/es\/","logo":{"@type":"ImageObject","inLanguage":"es","@id":"https:\/\/www.pressenza.com\/es\/#\/schema\/logo\/image\/","url":"https:\/\/www.pressenza.com\/wp-content\/uploads\/2022\/10\/pressenza_logo_200x200.jpg","contentUrl":"https:\/\/www.pressenza.com\/wp-content\/uploads\/2022\/10\/pressenza_logo_200x200.jpg","width":200,"height":200,"caption":"Pressenza"},"image":{"@id":"https:\/\/www.pressenza.com\/es\/#\/schema\/logo\/image\/"},"sameAs":["https:\/\/www.facebook.com\/PressenzaItalia","https:\/\/x.com\/PressenzaIPA"]},{"@type":"Person","@id":"https:\/\/www.pressenza.com\/es\/#\/schema\/person\/6522eecb4cd68e074b27e251e4b04ef8","name":"El Ciudadano","description":"El Ciudadano es un medio de comunicaci\u00f3n de circulaci\u00f3n mensual en papel y de funcionamiento diario en la web. Forma parte de la Red de Medios de los Pueblos por lo que se declara como un medio del Tercer Sector para romper el cerco informativo. El Ciudadano es una publicaci\u00f3n que busca elevar desde lo local a lo global las demandas de la organizaci\u00f3n social chilena como tambi\u00e9n promover la acci\u00f3n directa de la ciudadan\u00eda por su derecho a autodeterminaci\u00f3n. elciudadano.cl","url":"https:\/\/www.pressenza.com\/es\/author\/el-ciudadano\/"}]}},"place":"La Paz, Bolivia","original_article_url":"https:\/\/www.elciudadano.com\/latino-america\/fotos-bolivianos-se-concentraron-en-la-paz-para-respaldar-la-reeleccion-de-evo-morales\/10\/23\/","_links":{"self":[{"href":"https:\/\/www.pressenza.com\/es\/wp-json\/wp\/v2\/posts\/951858","targetHints":{"allow":["GET"]}}],"collection":[{"href":"https:\/\/www.pressenza.com\/es\/wp-json\/wp\/v2\/posts"}],"about":[{"href":"https:\/\/www.pressenza.com\/es\/wp-json\/wp\/v2\/types\/post"}],"author":[{"embeddable":true,"href":"https:\/\/www.pressenza.com\/es\/wp-json\/wp\/v2\/users\/616"}],"replies":[{"embeddable":true,"href":"https:\/\/www.pressenza.com\/es\/wp-json\/wp\/v2\/comments?post=951858"}],"version-history":[{"count":0,"href":"https:\/\/www.pressenza.com\/es\/wp-json\/wp\/v2\/posts\/951858\/revisions"}],"wp:featuredmedia":[{"embeddable":true,"href":"https:\/\/www.pressenza.com\/es\/wp-json\/wp\/v2\/media\/951870"}],"wp:attachment":[{"href":"https:\/\/www.pressenza.com\/es\/wp-json\/wp\/v2\/media?parent=951858"}],"wp:term":[{"taxonomy":"category","embeddable":true,"href":"https:\/\/www.pressenza.com\/es\/wp-json\/wp\/v2\/categories?post=951858"},{"taxonomy":"post_tag","embeddable":true,"href":"https:\/\/www.pressenza.com\/es\/wp-json\/wp\/v2\/tags?post=951858"}],"curies":[{"name":"wp","href":"https:\/\/api.w.org\/{rel}","templated":true}]}}