{"id":950783,"date":"2019-10-23T04:34:22","date_gmt":"2019-10-23T03:34:22","guid":{"rendered":"https:\/\/www.pressenza.com\/?p=950783"},"modified":"2019-10-23T04:34:22","modified_gmt":"2019-10-23T03:34:22","slug":"resistencia-desde-el-silencio","status":"publish","type":"post","link":"https:\/\/www.pressenza.com\/es\/2019\/10\/resistencia-desde-el-silencio\/","title":{"rendered":"\u00abResistencia desde el silencio\u00bb"},"content":{"rendered":"<p><em>Una colaboraci\u00f3n de la Universidad de Cuenca<\/em><\/p>\n<p>Durante las manifestaciones que se dieron a lo largo del Ecuador durante el paro nacional, estudiantes de la Universidad de Cuenca generaron algunas actividades y pr\u00e1cticas no violentas en el marco de Octubre NoViolento.<\/p>\n<p><img loading=\"lazy\" decoding=\"async\" class=\"aligncenter size-large wp-image-950814\" src=\"https:\/\/www.pressenza.com\/wp-content\/uploads\/2019\/10\/Resistencia-desde-el-silencio-06-720x541.png\" alt=\"\" width=\"720\" height=\"541\" srcset=\"https:\/\/www.pressenza.com\/wp-content\/uploads\/2019\/10\/Resistencia-desde-el-silencio-06-720x541.png 720w, https:\/\/www.pressenza.com\/wp-content\/uploads\/2019\/10\/Resistencia-desde-el-silencio-06-300x225.png 300w, https:\/\/www.pressenza.com\/wp-content\/uploads\/2019\/10\/Resistencia-desde-el-silencio-06-768x577.png 768w, https:\/\/www.pressenza.com\/wp-content\/uploads\/2019\/10\/Resistencia-desde-el-silencio-06.png 1842w\" sizes=\"auto, (max-width: 720px) 100vw, 720px\" \/><\/p>\n<p><img loading=\"lazy\" decoding=\"async\" class=\"aligncenter size-large wp-image-950859\" src=\"https:\/\/www.pressenza.com\/wp-content\/uploads\/2019\/10\/Screen-Shot-2019-10-22-at-10.26.51-PM-720x482.png\" alt=\"\" width=\"720\" height=\"482\" srcset=\"https:\/\/www.pressenza.com\/wp-content\/uploads\/2019\/10\/Screen-Shot-2019-10-22-at-10.26.51-PM-720x482.png 720w, https:\/\/www.pressenza.com\/wp-content\/uploads\/2019\/10\/Screen-Shot-2019-10-22-at-10.26.51-PM-300x201.png 300w, https:\/\/www.pressenza.com\/wp-content\/uploads\/2019\/10\/Screen-Shot-2019-10-22-at-10.26.51-PM-768x514.png 768w, https:\/\/www.pressenza.com\/wp-content\/uploads\/2019\/10\/Screen-Shot-2019-10-22-at-10.26.51-PM.png 1872w\" sizes=\"auto, (max-width: 720px) 100vw, 720px\" \/> <img loading=\"lazy\" decoding=\"async\" class=\"aligncenter size-large wp-image-950868\" src=\"https:\/\/www.pressenza.com\/wp-content\/uploads\/2019\/10\/Screen-Shot-2019-10-22-at-10.26.32-PM-720x478.png\" alt=\"\" width=\"720\" height=\"478\" srcset=\"https:\/\/www.pressenza.com\/wp-content\/uploads\/2019\/10\/Screen-Shot-2019-10-22-at-10.26.32-PM-720x478.png 720w, https:\/\/www.pressenza.com\/wp-content\/uploads\/2019\/10\/Screen-Shot-2019-10-22-at-10.26.32-PM-300x199.png 300w, https:\/\/www.pressenza.com\/wp-content\/uploads\/2019\/10\/Screen-Shot-2019-10-22-at-10.26.32-PM-768x510.png 768w, https:\/\/www.pressenza.com\/wp-content\/uploads\/2019\/10\/Screen-Shot-2019-10-22-at-10.26.32-PM.png 1872w\" sizes=\"auto, (max-width: 720px) 100vw, 720px\" \/> <img loading=\"lazy\" decoding=\"async\" class=\"aligncenter size-large wp-image-950877\" src=\"https:\/\/www.pressenza.com\/wp-content\/uploads\/2019\/10\/Screen-Shot-2019-10-22-at-10.26.24-PM-720x482.png\" alt=\"\" width=\"720\" height=\"482\" srcset=\"https:\/\/www.pressenza.com\/wp-content\/uploads\/2019\/10\/Screen-Shot-2019-10-22-at-10.26.24-PM-720x482.png 720w, https:\/\/www.pressenza.com\/wp-content\/uploads\/2019\/10\/Screen-Shot-2019-10-22-at-10.26.24-PM-300x201.png 300w, https:\/\/www.pressenza.com\/wp-content\/uploads\/2019\/10\/Screen-Shot-2019-10-22-at-10.26.24-PM-768x514.png 768w, https:\/\/www.pressenza.com\/wp-content\/uploads\/2019\/10\/Screen-Shot-2019-10-22-at-10.26.24-PM.png 1866w\" sizes=\"auto, (max-width: 720px) 100vw, 720px\" \/><\/p>\n<p><img loading=\"lazy\" decoding=\"async\" class=\"aligncenter size-large wp-image-950805\" src=\"https:\/\/www.pressenza.com\/wp-content\/uploads\/2019\/10\/Resistencia-desde-el-silencio-04-720x543.png\" alt=\"\" width=\"720\" height=\"543\" srcset=\"https:\/\/www.pressenza.com\/wp-content\/uploads\/2019\/10\/Resistencia-desde-el-silencio-04-720x543.png 720w, https:\/\/www.pressenza.com\/wp-content\/uploads\/2019\/10\/Resistencia-desde-el-silencio-04-300x226.png 300w, https:\/\/www.pressenza.com\/wp-content\/uploads\/2019\/10\/Resistencia-desde-el-silencio-04-768x579.png 768w, https:\/\/www.pressenza.com\/wp-content\/uploads\/2019\/10\/Resistencia-desde-el-silencio-04.png 1824w\" sizes=\"auto, (max-width: 720px) 100vw, 720px\" \/><\/p>\n<p>&nbsp;<\/p>\n<p>&nbsp;<\/p>\n<p><img loading=\"lazy\" decoding=\"async\" class=\"aligncenter size-large wp-image-950796\" src=\"https:\/\/www.pressenza.com\/wp-content\/uploads\/2019\/10\/Resistencia-desde-el-silencio-03-720x527.png\" alt=\"\" width=\"720\" height=\"527\" srcset=\"https:\/\/www.pressenza.com\/wp-content\/uploads\/2019\/10\/Resistencia-desde-el-silencio-03-720x527.png 720w, https:\/\/www.pressenza.com\/wp-content\/uploads\/2019\/10\/Resistencia-desde-el-silencio-03-300x220.png 300w, https:\/\/www.pressenza.com\/wp-content\/uploads\/2019\/10\/Resistencia-desde-el-silencio-03-768x562.png 768w, https:\/\/www.pressenza.com\/wp-content\/uploads\/2019\/10\/Resistencia-desde-el-silencio-03.png 1786w\" sizes=\"auto, (max-width: 720px) 100vw, 720px\" \/><\/p>\n<p><img loading=\"lazy\" decoding=\"async\" class=\"aligncenter size-large wp-image-950841\" src=\"https:\/\/www.pressenza.com\/wp-content\/uploads\/2019\/10\/Resistencia-desde-el-silencio-14-720x517.png\" alt=\"\" width=\"720\" height=\"517\" srcset=\"https:\/\/www.pressenza.com\/wp-content\/uploads\/2019\/10\/Resistencia-desde-el-silencio-14-720x517.png 720w, https:\/\/www.pressenza.com\/wp-content\/uploads\/2019\/10\/Resistencia-desde-el-silencio-14-300x215.png 300w, https:\/\/www.pressenza.com\/wp-content\/uploads\/2019\/10\/Resistencia-desde-el-silencio-14-768x552.png 768w, https:\/\/www.pressenza.com\/wp-content\/uploads\/2019\/10\/Resistencia-desde-el-silencio-14.png 1944w\" sizes=\"auto, (max-width: 720px) 100vw, 720px\" \/><\/p>\n<p><img loading=\"lazy\" decoding=\"async\" class=\"aligncenter size-large wp-image-950850\" src=\"https:\/\/www.pressenza.com\/wp-content\/uploads\/2019\/10\/Resistencia-desde-el-silencio-15-720x458.png\" alt=\"\" width=\"720\" height=\"458\" srcset=\"https:\/\/www.pressenza.com\/wp-content\/uploads\/2019\/10\/Resistencia-desde-el-silencio-15-720x458.png 720w, https:\/\/www.pressenza.com\/wp-content\/uploads\/2019\/10\/Resistencia-desde-el-silencio-15-300x191.png 300w, https:\/\/www.pressenza.com\/wp-content\/uploads\/2019\/10\/Resistencia-desde-el-silencio-15-768x488.png 768w, https:\/\/www.pressenza.com\/wp-content\/uploads\/2019\/10\/Resistencia-desde-el-silencio-15.png 1906w\" sizes=\"auto, (max-width: 720px) 100vw, 720px\" \/><\/p>\n","protected":false},"excerpt":{"rendered":"<p>Una colaboraci\u00f3n de la Universidad de Cuenca Durante las manifestaciones que se dieron a lo largo del Ecuador durante el paro nacional, estudiantes de la Universidad de Cuenca generaron algunas actividades y pr\u00e1cticas no violentas en el marco de Octubre&hellip;<\/p>\n","protected":false},"author":1011,"featured_media":950787,"comment_status":"closed","ping_status":"closed","sticky":false,"template":"","format":"standard","meta":{"footnotes":""},"categories":[11389,75,79,1241,1230,5667,46976,1242,74,67],"tags":[41403,65869],"class_list":["post-950783","post","type-post","status-publish","format-standard","has-post-thumbnail","hentry","category-contenido-original","category-cultura-es","category-derechos-humanos","category-diversidad","category-educacion-tema","category-foto-reportajes","category-jovenes","category-noviolencia-tema","category-politica-es","category-sudamerica","tag-octubre-noviolento","tag-practicas-no-violentas"],"yoast_head":"<!-- This site is optimized with the Yoast SEO plugin v27.1.1 - https:\/\/yoast.com\/product\/yoast-seo-wordpress\/ -->\n<title>&quot;Resistencia desde el silencio&quot;<\/title>\n<meta name=\"description\" content=\"Una colaboraci\u00f3n de la Universidad de Cuenca Durante las manifestaciones que se dieron a lo largo del Ecuador durante el paro nacional, estudiantes de la\" \/>\n<meta name=\"robots\" content=\"index, follow, max-snippet:-1, max-image-preview:large, max-video-preview:-1\" \/>\n<link rel=\"canonical\" href=\"https:\/\/www.pressenza.com\/es\/2019\/10\/resistencia-desde-el-silencio\/\" \/>\n<meta property=\"og:locale\" content=\"es_ES\" \/>\n<meta property=\"og:type\" content=\"article\" \/>\n<meta property=\"og:title\" content=\"&quot;Resistencia desde el silencio&quot;\" \/>\n<meta property=\"og:description\" content=\"Una colaboraci\u00f3n de la Universidad de Cuenca Durante las manifestaciones que se dieron a lo largo del Ecuador durante el paro nacional, estudiantes de la\" \/>\n<meta property=\"og:url\" content=\"https:\/\/www.pressenza.com\/es\/2019\/10\/resistencia-desde-el-silencio\/\" \/>\n<meta property=\"og:site_name\" content=\"Pressenza\" \/>\n<meta property=\"article:publisher\" content=\"https:\/\/www.facebook.com\/PressenzaItalia\" \/>\n<meta property=\"article:published_time\" content=\"2019-10-23T03:34:22+00:00\" \/>\n<meta property=\"og:image\" content=\"https:\/\/www.pressenza.com\/wp-content\/uploads\/2019\/10\/Resistencia-desde-el-silencio-12-720x543.png\" \/>\n\t<meta property=\"og:image:width\" content=\"720\" \/>\n\t<meta property=\"og:image:height\" content=\"543\" \/>\n\t<meta property=\"og:image:type\" content=\"image\/png\" \/>\n<meta name=\"author\" content=\"Redacci\u00f3n Ecuador\" \/>\n<meta name=\"twitter:card\" content=\"summary_large_image\" \/>\n<meta name=\"twitter:creator\" content=\"@PressenzaIPA\" \/>\n<meta name=\"twitter:site\" content=\"@PressenzaIPA\" \/>\n<meta name=\"twitter:label1\" content=\"Escrito por\" \/>\n\t<meta name=\"twitter:data1\" content=\"Redacci\u00f3n Ecuador\" \/>\n<script type=\"application\/ld+json\" class=\"yoast-schema-graph\">{\"@context\":\"https:\/\/schema.org\",\"@graph\":[{\"@type\":\"Article\",\"@id\":\"https:\/\/www.pressenza.com\/es\/2019\/10\/resistencia-desde-el-silencio\/#article\",\"isPartOf\":{\"@id\":\"https:\/\/www.pressenza.com\/es\/2019\/10\/resistencia-desde-el-silencio\/\"},\"author\":{\"name\":\"Redacci\u00f3n Ecuador\",\"@id\":\"https:\/\/www.pressenza.com\/es\/#\/schema\/person\/883a735c40665759bcc6fe0c26bcb46f\"},\"headline\":\"\u00abResistencia desde el silencio\u00bb\",\"datePublished\":\"2019-10-23T03:34:22+00:00\",\"mainEntityOfPage\":{\"@id\":\"https:\/\/www.pressenza.com\/es\/2019\/10\/resistencia-desde-el-silencio\/\"},\"wordCount\":49,\"publisher\":{\"@id\":\"https:\/\/www.pressenza.com\/es\/#organization\"},\"image\":{\"@id\":\"https:\/\/www.pressenza.com\/es\/2019\/10\/resistencia-desde-el-silencio\/#primaryimage\"},\"thumbnailUrl\":\"https:\/\/www.pressenza.com\/wp-content\/uploads\/2019\/10\/Resistencia-desde-el-silencio-12.png\",\"keywords\":[\"Octubre Noviolento\",\"Pr\u00e1cticas no violentas\"],\"articleSection\":[\"Contenido Original\",\"Cultura y Medios\",\"Derechos Humanos\",\"Diversidad\",\"Educaci\u00f3n\",\"Fotorreportajes\",\"J\u00f3venes\",\"Noviolencia\",\"Pol\u00edtica\",\"Sudam\u00e9rica\"],\"inLanguage\":\"es\"},{\"@type\":\"WebPage\",\"@id\":\"https:\/\/www.pressenza.com\/es\/2019\/10\/resistencia-desde-el-silencio\/\",\"url\":\"https:\/\/www.pressenza.com\/es\/2019\/10\/resistencia-desde-el-silencio\/\",\"name\":\"\\\"Resistencia desde el silencio\\\"\",\"isPartOf\":{\"@id\":\"https:\/\/www.pressenza.com\/es\/#website\"},\"primaryImageOfPage\":{\"@id\":\"https:\/\/www.pressenza.com\/es\/2019\/10\/resistencia-desde-el-silencio\/#primaryimage\"},\"image\":{\"@id\":\"https:\/\/www.pressenza.com\/es\/2019\/10\/resistencia-desde-el-silencio\/#primaryimage\"},\"thumbnailUrl\":\"https:\/\/www.pressenza.com\/wp-content\/uploads\/2019\/10\/Resistencia-desde-el-silencio-12.png\",\"datePublished\":\"2019-10-23T03:34:22+00:00\",\"description\":\"Una colaboraci\u00f3n de la Universidad de Cuenca Durante las manifestaciones que se dieron a lo largo del Ecuador durante el paro nacional, estudiantes de la\",\"breadcrumb\":{\"@id\":\"https:\/\/www.pressenza.com\/es\/2019\/10\/resistencia-desde-el-silencio\/#breadcrumb\"},\"inLanguage\":\"es\",\"potentialAction\":[{\"@type\":\"ReadAction\",\"target\":[\"https:\/\/www.pressenza.com\/es\/2019\/10\/resistencia-desde-el-silencio\/\"]}]},{\"@type\":\"ImageObject\",\"inLanguage\":\"es\",\"@id\":\"https:\/\/www.pressenza.com\/es\/2019\/10\/resistencia-desde-el-silencio\/#primaryimage\",\"url\":\"https:\/\/www.pressenza.com\/wp-content\/uploads\/2019\/10\/Resistencia-desde-el-silencio-12.png\",\"contentUrl\":\"https:\/\/www.pressenza.com\/wp-content\/uploads\/2019\/10\/Resistencia-desde-el-silencio-12.png\",\"width\":1688,\"height\":1274,\"caption\":\"Resistencia desde el silencio 12\"},{\"@type\":\"BreadcrumbList\",\"@id\":\"https:\/\/www.pressenza.com\/es\/2019\/10\/resistencia-desde-el-silencio\/#breadcrumb\",\"itemListElement\":[{\"@type\":\"ListItem\",\"position\":1,\"name\":\"Accueil\",\"item\":\"https:\/\/www.pressenza.com\/es\/\"},{\"@type\":\"ListItem\",\"position\":2,\"name\":\"\u00abResistencia desde el silencio\u00bb\"}]},{\"@type\":\"WebSite\",\"@id\":\"https:\/\/www.pressenza.com\/es\/#website\",\"url\":\"https:\/\/www.pressenza.com\/es\/\",\"name\":\"Pressenza\",\"description\":\"International Press Agency\",\"publisher\":{\"@id\":\"https:\/\/www.pressenza.com\/es\/#organization\"},\"potentialAction\":[{\"@type\":\"SearchAction\",\"target\":{\"@type\":\"EntryPoint\",\"urlTemplate\":\"https:\/\/www.pressenza.com\/es\/?s={search_term_string}\"},\"query-input\":{\"@type\":\"PropertyValueSpecification\",\"valueRequired\":true,\"valueName\":\"search_term_string\"}}],\"inLanguage\":\"es\"},{\"@type\":\"Organization\",\"@id\":\"https:\/\/www.pressenza.com\/es\/#organization\",\"name\":\"Pressenza\",\"url\":\"https:\/\/www.pressenza.com\/es\/\",\"logo\":{\"@type\":\"ImageObject\",\"inLanguage\":\"es\",\"@id\":\"https:\/\/www.pressenza.com\/es\/#\/schema\/logo\/image\/\",\"url\":\"https:\/\/www.pressenza.com\/wp-content\/uploads\/2022\/10\/pressenza_logo_200x200.jpg\",\"contentUrl\":\"https:\/\/www.pressenza.com\/wp-content\/uploads\/2022\/10\/pressenza_logo_200x200.jpg\",\"width\":200,\"height\":200,\"caption\":\"Pressenza\"},\"image\":{\"@id\":\"https:\/\/www.pressenza.com\/es\/#\/schema\/logo\/image\/\"},\"sameAs\":[\"https:\/\/www.facebook.com\/PressenzaItalia\",\"https:\/\/x.com\/PressenzaIPA\"]},{\"@type\":\"Person\",\"@id\":\"https:\/\/www.pressenza.com\/es\/#\/schema\/person\/883a735c40665759bcc6fe0c26bcb46f\",\"name\":\"Redacci\u00f3n Ecuador\",\"description\":\"News published by the Pressenza bureau in Quito, Ecuador\",\"url\":\"https:\/\/www.pressenza.com\/es\/author\/redaccion-ecuador\/\"}]}<\/script>\n<!-- \/ Yoast SEO plugin. -->","yoast_head_json":{"title":"\"Resistencia desde el silencio\"","description":"Una colaboraci\u00f3n de la Universidad de Cuenca Durante las manifestaciones que se dieron a lo largo del Ecuador durante el paro nacional, estudiantes de la","robots":{"index":"index","follow":"follow","max-snippet":"max-snippet:-1","max-image-preview":"max-image-preview:large","max-video-preview":"max-video-preview:-1"},"canonical":"https:\/\/www.pressenza.com\/es\/2019\/10\/resistencia-desde-el-silencio\/","og_locale":"es_ES","og_type":"article","og_title":"\"Resistencia desde el silencio\"","og_description":"Una colaboraci\u00f3n de la Universidad de Cuenca Durante las manifestaciones que se dieron a lo largo del Ecuador durante el paro nacional, estudiantes de la","og_url":"https:\/\/www.pressenza.com\/es\/2019\/10\/resistencia-desde-el-silencio\/","og_site_name":"Pressenza","article_publisher":"https:\/\/www.facebook.com\/PressenzaItalia","article_published_time":"2019-10-23T03:34:22+00:00","og_image":[{"width":720,"height":543,"url":"https:\/\/www.pressenza.com\/wp-content\/uploads\/2019\/10\/Resistencia-desde-el-silencio-12-720x543.png","type":"image\/png"}],"author":"Redacci\u00f3n Ecuador","twitter_card":"summary_large_image","twitter_creator":"@PressenzaIPA","twitter_site":"@PressenzaIPA","twitter_misc":{"Escrito por":"Redacci\u00f3n Ecuador"},"schema":{"@context":"https:\/\/schema.org","@graph":[{"@type":"Article","@id":"https:\/\/www.pressenza.com\/es\/2019\/10\/resistencia-desde-el-silencio\/#article","isPartOf":{"@id":"https:\/\/www.pressenza.com\/es\/2019\/10\/resistencia-desde-el-silencio\/"},"author":{"name":"Redacci\u00f3n Ecuador","@id":"https:\/\/www.pressenza.com\/es\/#\/schema\/person\/883a735c40665759bcc6fe0c26bcb46f"},"headline":"\u00abResistencia desde el silencio\u00bb","datePublished":"2019-10-23T03:34:22+00:00","mainEntityOfPage":{"@id":"https:\/\/www.pressenza.com\/es\/2019\/10\/resistencia-desde-el-silencio\/"},"wordCount":49,"publisher":{"@id":"https:\/\/www.pressenza.com\/es\/#organization"},"image":{"@id":"https:\/\/www.pressenza.com\/es\/2019\/10\/resistencia-desde-el-silencio\/#primaryimage"},"thumbnailUrl":"https:\/\/www.pressenza.com\/wp-content\/uploads\/2019\/10\/Resistencia-desde-el-silencio-12.png","keywords":["Octubre Noviolento","Pr\u00e1cticas no violentas"],"articleSection":["Contenido Original","Cultura y Medios","Derechos Humanos","Diversidad","Educaci\u00f3n","Fotorreportajes","J\u00f3venes","Noviolencia","Pol\u00edtica","Sudam\u00e9rica"],"inLanguage":"es"},{"@type":"WebPage","@id":"https:\/\/www.pressenza.com\/es\/2019\/10\/resistencia-desde-el-silencio\/","url":"https:\/\/www.pressenza.com\/es\/2019\/10\/resistencia-desde-el-silencio\/","name":"\"Resistencia desde el silencio\"","isPartOf":{"@id":"https:\/\/www.pressenza.com\/es\/#website"},"primaryImageOfPage":{"@id":"https:\/\/www.pressenza.com\/es\/2019\/10\/resistencia-desde-el-silencio\/#primaryimage"},"image":{"@id":"https:\/\/www.pressenza.com\/es\/2019\/10\/resistencia-desde-el-silencio\/#primaryimage"},"thumbnailUrl":"https:\/\/www.pressenza.com\/wp-content\/uploads\/2019\/10\/Resistencia-desde-el-silencio-12.png","datePublished":"2019-10-23T03:34:22+00:00","description":"Una colaboraci\u00f3n de la Universidad de Cuenca Durante las manifestaciones que se dieron a lo largo del Ecuador durante el paro nacional, estudiantes de la","breadcrumb":{"@id":"https:\/\/www.pressenza.com\/es\/2019\/10\/resistencia-desde-el-silencio\/#breadcrumb"},"inLanguage":"es","potentialAction":[{"@type":"ReadAction","target":["https:\/\/www.pressenza.com\/es\/2019\/10\/resistencia-desde-el-silencio\/"]}]},{"@type":"ImageObject","inLanguage":"es","@id":"https:\/\/www.pressenza.com\/es\/2019\/10\/resistencia-desde-el-silencio\/#primaryimage","url":"https:\/\/www.pressenza.com\/wp-content\/uploads\/2019\/10\/Resistencia-desde-el-silencio-12.png","contentUrl":"https:\/\/www.pressenza.com\/wp-content\/uploads\/2019\/10\/Resistencia-desde-el-silencio-12.png","width":1688,"height":1274,"caption":"Resistencia desde el silencio 12"},{"@type":"BreadcrumbList","@id":"https:\/\/www.pressenza.com\/es\/2019\/10\/resistencia-desde-el-silencio\/#breadcrumb","itemListElement":[{"@type":"ListItem","position":1,"name":"Accueil","item":"https:\/\/www.pressenza.com\/es\/"},{"@type":"ListItem","position":2,"name":"\u00abResistencia desde el silencio\u00bb"}]},{"@type":"WebSite","@id":"https:\/\/www.pressenza.com\/es\/#website","url":"https:\/\/www.pressenza.com\/es\/","name":"Pressenza","description":"International Press Agency","publisher":{"@id":"https:\/\/www.pressenza.com\/es\/#organization"},"potentialAction":[{"@type":"SearchAction","target":{"@type":"EntryPoint","urlTemplate":"https:\/\/www.pressenza.com\/es\/?s={search_term_string}"},"query-input":{"@type":"PropertyValueSpecification","valueRequired":true,"valueName":"search_term_string"}}],"inLanguage":"es"},{"@type":"Organization","@id":"https:\/\/www.pressenza.com\/es\/#organization","name":"Pressenza","url":"https:\/\/www.pressenza.com\/es\/","logo":{"@type":"ImageObject","inLanguage":"es","@id":"https:\/\/www.pressenza.com\/es\/#\/schema\/logo\/image\/","url":"https:\/\/www.pressenza.com\/wp-content\/uploads\/2022\/10\/pressenza_logo_200x200.jpg","contentUrl":"https:\/\/www.pressenza.com\/wp-content\/uploads\/2022\/10\/pressenza_logo_200x200.jpg","width":200,"height":200,"caption":"Pressenza"},"image":{"@id":"https:\/\/www.pressenza.com\/es\/#\/schema\/logo\/image\/"},"sameAs":["https:\/\/www.facebook.com\/PressenzaItalia","https:\/\/x.com\/PressenzaIPA"]},{"@type":"Person","@id":"https:\/\/www.pressenza.com\/es\/#\/schema\/person\/883a735c40665759bcc6fe0c26bcb46f","name":"Redacci\u00f3n Ecuador","description":"News published by the Pressenza bureau in Quito, Ecuador","url":"https:\/\/www.pressenza.com\/es\/author\/redaccion-ecuador\/"}]}},"place":"Cuenca, Azuay, Ecuador","original_article_url":"","_links":{"self":[{"href":"https:\/\/www.pressenza.com\/es\/wp-json\/wp\/v2\/posts\/950783","targetHints":{"allow":["GET"]}}],"collection":[{"href":"https:\/\/www.pressenza.com\/es\/wp-json\/wp\/v2\/posts"}],"about":[{"href":"https:\/\/www.pressenza.com\/es\/wp-json\/wp\/v2\/types\/post"}],"author":[{"embeddable":true,"href":"https:\/\/www.pressenza.com\/es\/wp-json\/wp\/v2\/users\/1011"}],"replies":[{"embeddable":true,"href":"https:\/\/www.pressenza.com\/es\/wp-json\/wp\/v2\/comments?post=950783"}],"version-history":[{"count":0,"href":"https:\/\/www.pressenza.com\/es\/wp-json\/wp\/v2\/posts\/950783\/revisions"}],"wp:featuredmedia":[{"embeddable":true,"href":"https:\/\/www.pressenza.com\/es\/wp-json\/wp\/v2\/media\/950787"}],"wp:attachment":[{"href":"https:\/\/www.pressenza.com\/es\/wp-json\/wp\/v2\/media?parent=950783"}],"wp:term":[{"taxonomy":"category","embeddable":true,"href":"https:\/\/www.pressenza.com\/es\/wp-json\/wp\/v2\/categories?post=950783"},{"taxonomy":"post_tag","embeddable":true,"href":"https:\/\/www.pressenza.com\/es\/wp-json\/wp\/v2\/tags?post=950783"}],"curies":[{"name":"wp","href":"https:\/\/api.w.org\/{rel}","templated":true}]}}