{"id":950200,"date":"2019-10-22T17:11:42","date_gmt":"2019-10-22T16:11:42","guid":{"rendered":"https:\/\/www.pressenza.com\/?p=950200"},"modified":"2019-10-22T17:19:57","modified_gmt":"2019-10-22T16:19:57","slug":"mario-aguilar-nunca-mas-una-negociacion-a-espaldas-de-la-ciudadania","status":"publish","type":"post","link":"https:\/\/www.pressenza.com\/es\/2019\/10\/mario-aguilar-nunca-mas-una-negociacion-a-espaldas-de-la-ciudadania\/","title":{"rendered":"Mario Aguilar: \u00abNunca m\u00e1s una negociaci\u00f3n a espaldas de la ciudadan\u00eda\u00bb"},"content":{"rendered":"<p>Reproducimos ac\u00e1 las palabras del Presidente del Colegio de Profesores de Chile y miembro de Unidad Social &#8211; que est\u00e1 convocando al paro nacional de ma\u00f1ana mi\u00e9rcoles y del jueves 24 de octubre, m\u00e1s informaci\u00f3n en: <a href=\"http:\/\/www.colegiodeprofesores.cl\/2019\/10\/22\/se-convoca-a-huelga-general-en-todo-chile-el-23-y-24-de-octubre\/\">http:\/\/www.colegiodeprofesores.cl\/2019\/10\/22\/se-convoca-a-huelga-general-en-todo-chile-el-23-y-24-de-octubre\/<\/a> &#8211; en una conferencia de prensa realizada esta ma\u00f1ana en Santiago:<\/p>\n<p style=\"padding-left: 30px;\"><em>\u00ab\u2026Profesores y profesoras somos parte de este pueblo de Chile, somos parte de los Patipelaos, somos parte de los que somos despreciados por esta elite que nos gobierna, esta elite arrogante, esta elite que ha abusado sistem\u00e1ticamente durante a\u00f1os y que hoy pretende \u2013y quiero denunciarlo ac\u00e1\u2013 hoy pretende hacer una salida del tipo \u201cde la cocina\u201d.<\/em><\/p>\n<p style=\"padding-left: 30px;\"><em>Hoy d\u00eda el Presidente de la Rep\u00fablica ha convocado a cuatro partidos supuestamente de oposici\u00f3n, a \u201cbuscar un arreglo\u201d. Eso lo denunciamos. Eso es un negociado como se ha hecho tantas veces antes y de los cuales el pueblo est\u00e1 cansado.<\/em><\/p>\n<p style=\"padding-left: 30px;\"><em>Que sepan los partidos pol\u00edticos, que sepan los partidos pol\u00edticos que gran parte del cansancio es tambi\u00e9n con ellos, es tambi\u00e9n con esas negociaciones a espaldas de la gente. Nosotros como profesores y profesoras y estoy seguro que nadie ac\u00e1 acepta que se haga una negociaci\u00f3n a espaldas de esa ciudadan\u00eda que se est\u00e1 movilizando.<\/em><\/p>\n<p style=\"padding-left: 30px;\"><em>Ellos no movilizaron a esta gente que est\u00e1 hoy d\u00eda en las calles, ellos no han sido. M\u00e1s bien han sido causantes, m\u00e1s bien han sido parte de esta crisis, por lo tanto no pueden prestarse para una nueva operaci\u00f3n. Van a recibir el repudio no s\u00f3lo de las organizaciones sociales si se prestan para esta maniobra, sino que van a recibir sobre todo el repudio de la ciudadan\u00eda.<\/em><\/p>\n<p style=\"padding-left: 30px;\"><em>Por lo tanto los llamamos a que no se presten a ninguna \u201csalida\u201d o ninguna \u201csoluci\u00f3n\u201d que sea a espaldas de la gente, que sea sin los movimientos sociales, que sea sin el mundo social.<\/em><\/p>\n<p style=\"padding-left: 30px;\"><em>Por eso tambi\u00e9n, ma\u00f1ana profesores y profesoras junto a todo el mundo social y junto a toda la ciudadan\u00eda, estaremos en las calles marchando y el d\u00eda jueves tambi\u00e9n participaremos activamente de la huelga general que se est\u00e1 convocando hoy d\u00eda.\u00bb<\/em><\/p>\n<div style=\"width: 640px;\" class=\"wp-video\"><!--[if lt IE 9]><script>document.createElement('video');<\/script><![endif]-->\n<video class=\"wp-video-shortcode\" id=\"video-950200-1\" width=\"640\" height=\"480\" preload=\"metadata\" controls=\"controls\"><source type=\"video\/mp4\" src=\"https:\/\/www.pressenza.com\/wp-content\/uploads\/2019\/10\/Colegio-Profesores-221019.mp4?_=1\" \/><a href=\"https:\/\/www.pressenza.com\/wp-content\/uploads\/2019\/10\/Colegio-Profesores-221019.mp4\">https:\/\/www.pressenza.com\/wp-content\/uploads\/2019\/10\/Colegio-Profesores-221019.mp4<\/a><\/video><\/div>\n","protected":false},"excerpt":{"rendered":"<p>Reproducimos ac\u00e1 las palabras del Presidente del Colegio de Profesores de Chile y miembro de Unidad Social &#8211; que est\u00e1 convocando al paro nacional de ma\u00f1ana mi\u00e9rcoles y del jueves 24 de octubre, m\u00e1s informaci\u00f3n en: http:\/\/www.colegiodeprofesores.cl\/2019\/10\/22\/se-convoca-a-huelga-general-en-todo-chile-el-23-y-24-de-octubre\/ &#8211; en una&hellip;<\/p>\n","protected":false},"author":43,"featured_media":950229,"comment_status":"closed","ping_status":"closed","sticky":false,"template":"","format":"standard","meta":{"footnotes":""},"categories":[149,11389,74,67],"tags":[29,7784,1306,8647,65834,24371,394,652],"class_list":["post-950200","post","type-post","status-publish","format-standard","has-post-thumbnail","hentry","category-comunicados-de-prensa","category-contenido-original","category-politica-es","category-sudamerica","tag-chile","tag-mario-aguilar","tag-movimiento-social","tag-negociaciones","tag-pacto-social","tag-paro-nacional","tag-protestas-sociales","tag-sebastian-pinera"],"yoast_head":"<!-- This site is optimized with the Yoast SEO plugin v27.1.1 - https:\/\/yoast.com\/product\/yoast-seo-wordpress\/ -->\n<title>Mario Aguilar: &quot;Nunca m\u00e1s una negociaci\u00f3n a espaldas de la ciudadan\u00eda&quot;<\/title>\n<meta name=\"description\" content=\"Mario Aguilar: &quot;Nunca m\u00e1s una negociaci\u00f3n a espaldas de la ciudadan\u00eda&quot;\" \/>\n<meta name=\"robots\" content=\"index, follow, max-snippet:-1, max-image-preview:large, max-video-preview:-1\" \/>\n<link rel=\"canonical\" href=\"https:\/\/www.pressenza.com\/es\/2019\/10\/mario-aguilar-nunca-mas-una-negociacion-a-espaldas-de-la-ciudadania\/\" \/>\n<meta property=\"og:locale\" content=\"es_ES\" \/>\n<meta property=\"og:type\" content=\"article\" \/>\n<meta property=\"og:title\" content=\"Mario Aguilar: &quot;Nunca m\u00e1s una negociaci\u00f3n a espaldas de la ciudadan\u00eda&quot;\" \/>\n<meta property=\"og:description\" content=\"Mario Aguilar: &quot;Nunca m\u00e1s una negociaci\u00f3n a espaldas de la ciudadan\u00eda&quot;\" \/>\n<meta property=\"og:url\" content=\"https:\/\/www.pressenza.com\/es\/2019\/10\/mario-aguilar-nunca-mas-una-negociacion-a-espaldas-de-la-ciudadania\/\" \/>\n<meta property=\"og:site_name\" content=\"Pressenza\" \/>\n<meta property=\"article:publisher\" content=\"https:\/\/www.facebook.com\/PressenzaItalia\" \/>\n<meta property=\"article:author\" content=\"https:\/\/www.facebook.com\/pressenza\" \/>\n<meta property=\"article:published_time\" content=\"2019-10-22T16:11:42+00:00\" \/>\n<meta property=\"article:modified_time\" content=\"2019-10-22T16:19:57+00:00\" \/>\n<meta property=\"og:image\" content=\"https:\/\/www.pressenza.com\/wp-content\/uploads\/2019\/10\/IMG-20191022-WA0018.jpg\" \/>\n\t<meta property=\"og:image:width\" content=\"1024\" \/>\n\t<meta property=\"og:image:height\" content=\"693\" \/>\n\t<meta property=\"og:image:type\" content=\"image\/jpeg\" \/>\n<meta name=\"author\" content=\"Redacci\u00f3n Chile\" \/>\n<meta name=\"twitter:card\" content=\"summary_large_image\" \/>\n<meta name=\"twitter:creator\" content=\"@pressenza\" \/>\n<meta name=\"twitter:site\" content=\"@PressenzaIPA\" \/>\n<meta name=\"twitter:label1\" content=\"Escrito por\" \/>\n\t<meta name=\"twitter:data1\" content=\"Redacci\u00f3n Chile\" \/>\n\t<meta name=\"twitter:label2\" content=\"Tiempo de lectura\" \/>\n\t<meta name=\"twitter:data2\" content=\"2 minutos\" \/>\n<script type=\"application\/ld+json\" class=\"yoast-schema-graph\">{\"@context\":\"https:\/\/schema.org\",\"@graph\":[{\"@type\":\"Article\",\"@id\":\"https:\/\/www.pressenza.com\/es\/2019\/10\/mario-aguilar-nunca-mas-una-negociacion-a-espaldas-de-la-ciudadania\/#article\",\"isPartOf\":{\"@id\":\"https:\/\/www.pressenza.com\/es\/2019\/10\/mario-aguilar-nunca-mas-una-negociacion-a-espaldas-de-la-ciudadania\/\"},\"author\":{\"name\":\"Redacci\u00f3n Chile\",\"@id\":\"https:\/\/www.pressenza.com\/es\/#\/schema\/person\/d7db40df35d6698ba69ba9ee260944ed\"},\"headline\":\"Mario Aguilar: \u00abNunca m\u00e1s una negociaci\u00f3n a espaldas de la ciudadan\u00eda\u00bb\",\"datePublished\":\"2019-10-22T16:11:42+00:00\",\"dateModified\":\"2019-10-22T16:19:57+00:00\",\"mainEntityOfPage\":{\"@id\":\"https:\/\/www.pressenza.com\/es\/2019\/10\/mario-aguilar-nunca-mas-una-negociacion-a-espaldas-de-la-ciudadania\/\"},\"wordCount\":407,\"publisher\":{\"@id\":\"https:\/\/www.pressenza.com\/es\/#organization\"},\"image\":{\"@id\":\"https:\/\/www.pressenza.com\/es\/2019\/10\/mario-aguilar-nunca-mas-una-negociacion-a-espaldas-de-la-ciudadania\/#primaryimage\"},\"thumbnailUrl\":\"https:\/\/www.pressenza.com\/wp-content\/uploads\/2019\/10\/IMG-20191022-WA0018.jpg\",\"keywords\":[\"Chile\",\"Mario Aguilar\",\"Movimiento social\",\"negociaciones\",\"pacto social\",\"paro nacional\",\"protestas sociales\",\"Sebasti\u00e1n Pi\u00f1era\"],\"articleSection\":[\"Comunicados de Prensa\",\"Contenido Original\",\"Pol\u00edtica\",\"Sudam\u00e9rica\"],\"inLanguage\":\"es\"},{\"@type\":\"WebPage\",\"@id\":\"https:\/\/www.pressenza.com\/es\/2019\/10\/mario-aguilar-nunca-mas-una-negociacion-a-espaldas-de-la-ciudadania\/\",\"url\":\"https:\/\/www.pressenza.com\/es\/2019\/10\/mario-aguilar-nunca-mas-una-negociacion-a-espaldas-de-la-ciudadania\/\",\"name\":\"Mario Aguilar: \\\"Nunca m\u00e1s una negociaci\u00f3n a espaldas de la ciudadan\u00eda\\\"\",\"isPartOf\":{\"@id\":\"https:\/\/www.pressenza.com\/es\/#website\"},\"primaryImageOfPage\":{\"@id\":\"https:\/\/www.pressenza.com\/es\/2019\/10\/mario-aguilar-nunca-mas-una-negociacion-a-espaldas-de-la-ciudadania\/#primaryimage\"},\"image\":{\"@id\":\"https:\/\/www.pressenza.com\/es\/2019\/10\/mario-aguilar-nunca-mas-una-negociacion-a-espaldas-de-la-ciudadania\/#primaryimage\"},\"thumbnailUrl\":\"https:\/\/www.pressenza.com\/wp-content\/uploads\/2019\/10\/IMG-20191022-WA0018.jpg\",\"datePublished\":\"2019-10-22T16:11:42+00:00\",\"dateModified\":\"2019-10-22T16:19:57+00:00\",\"description\":\"Mario Aguilar: \\\"Nunca m\u00e1s una negociaci\u00f3n a espaldas de la ciudadan\u00eda\\\"\",\"breadcrumb\":{\"@id\":\"https:\/\/www.pressenza.com\/es\/2019\/10\/mario-aguilar-nunca-mas-una-negociacion-a-espaldas-de-la-ciudadania\/#breadcrumb\"},\"inLanguage\":\"es\",\"potentialAction\":[{\"@type\":\"ReadAction\",\"target\":[\"https:\/\/www.pressenza.com\/es\/2019\/10\/mario-aguilar-nunca-mas-una-negociacion-a-espaldas-de-la-ciudadania\/\"]}]},{\"@type\":\"ImageObject\",\"inLanguage\":\"es\",\"@id\":\"https:\/\/www.pressenza.com\/es\/2019\/10\/mario-aguilar-nunca-mas-una-negociacion-a-espaldas-de-la-ciudadania\/#primaryimage\",\"url\":\"https:\/\/www.pressenza.com\/wp-content\/uploads\/2019\/10\/IMG-20191022-WA0018.jpg\",\"contentUrl\":\"https:\/\/www.pressenza.com\/wp-content\/uploads\/2019\/10\/IMG-20191022-WA0018.jpg\",\"width\":1024,\"height\":693},{\"@type\":\"BreadcrumbList\",\"@id\":\"https:\/\/www.pressenza.com\/es\/2019\/10\/mario-aguilar-nunca-mas-una-negociacion-a-espaldas-de-la-ciudadania\/#breadcrumb\",\"itemListElement\":[{\"@type\":\"ListItem\",\"position\":1,\"name\":\"Accueil\",\"item\":\"https:\/\/www.pressenza.com\/es\/\"},{\"@type\":\"ListItem\",\"position\":2,\"name\":\"Mario Aguilar: \u00abNunca m\u00e1s una negociaci\u00f3n a espaldas de la ciudadan\u00eda\u00bb\"}]},{\"@type\":\"WebSite\",\"@id\":\"https:\/\/www.pressenza.com\/es\/#website\",\"url\":\"https:\/\/www.pressenza.com\/es\/\",\"name\":\"Pressenza\",\"description\":\"International Press Agency\",\"publisher\":{\"@id\":\"https:\/\/www.pressenza.com\/es\/#organization\"},\"potentialAction\":[{\"@type\":\"SearchAction\",\"target\":{\"@type\":\"EntryPoint\",\"urlTemplate\":\"https:\/\/www.pressenza.com\/es\/?s={search_term_string}\"},\"query-input\":{\"@type\":\"PropertyValueSpecification\",\"valueRequired\":true,\"valueName\":\"search_term_string\"}}],\"inLanguage\":\"es\"},{\"@type\":\"Organization\",\"@id\":\"https:\/\/www.pressenza.com\/es\/#organization\",\"name\":\"Pressenza\",\"url\":\"https:\/\/www.pressenza.com\/es\/\",\"logo\":{\"@type\":\"ImageObject\",\"inLanguage\":\"es\",\"@id\":\"https:\/\/www.pressenza.com\/es\/#\/schema\/logo\/image\/\",\"url\":\"https:\/\/www.pressenza.com\/wp-content\/uploads\/2022\/10\/pressenza_logo_200x200.jpg\",\"contentUrl\":\"https:\/\/www.pressenza.com\/wp-content\/uploads\/2022\/10\/pressenza_logo_200x200.jpg\",\"width\":200,\"height\":200,\"caption\":\"Pressenza\"},\"image\":{\"@id\":\"https:\/\/www.pressenza.com\/es\/#\/schema\/logo\/image\/\"},\"sameAs\":[\"https:\/\/www.facebook.com\/PressenzaItalia\",\"https:\/\/x.com\/PressenzaIPA\"]},{\"@type\":\"Person\",\"@id\":\"https:\/\/www.pressenza.com\/es\/#\/schema\/person\/d7db40df35d6698ba69ba9ee260944ed\",\"name\":\"Redacci\u00f3n Chile\",\"description\":\"News from the Pressenza Bureau in Chile\",\"sameAs\":[\"https:\/\/www.facebook.com\/pressenza\",\"https:\/\/x.com\/pressenza\"],\"url\":\"https:\/\/www.pressenza.com\/es\/author\/redaccion-chile\/\"}]}<\/script>\n<!-- \/ Yoast SEO plugin. -->","yoast_head_json":{"title":"Mario Aguilar: \"Nunca m\u00e1s una negociaci\u00f3n a espaldas de la ciudadan\u00eda\"","description":"Mario Aguilar: \"Nunca m\u00e1s una negociaci\u00f3n a espaldas de la ciudadan\u00eda\"","robots":{"index":"index","follow":"follow","max-snippet":"max-snippet:-1","max-image-preview":"max-image-preview:large","max-video-preview":"max-video-preview:-1"},"canonical":"https:\/\/www.pressenza.com\/es\/2019\/10\/mario-aguilar-nunca-mas-una-negociacion-a-espaldas-de-la-ciudadania\/","og_locale":"es_ES","og_type":"article","og_title":"Mario Aguilar: \"Nunca m\u00e1s una negociaci\u00f3n a espaldas de la ciudadan\u00eda\"","og_description":"Mario Aguilar: \"Nunca m\u00e1s una negociaci\u00f3n a espaldas de la ciudadan\u00eda\"","og_url":"https:\/\/www.pressenza.com\/es\/2019\/10\/mario-aguilar-nunca-mas-una-negociacion-a-espaldas-de-la-ciudadania\/","og_site_name":"Pressenza","article_publisher":"https:\/\/www.facebook.com\/PressenzaItalia","article_author":"https:\/\/www.facebook.com\/pressenza","article_published_time":"2019-10-22T16:11:42+00:00","article_modified_time":"2019-10-22T16:19:57+00:00","og_image":[{"width":1024,"height":693,"url":"https:\/\/www.pressenza.com\/wp-content\/uploads\/2019\/10\/IMG-20191022-WA0018.jpg","type":"image\/jpeg"}],"author":"Redacci\u00f3n Chile","twitter_card":"summary_large_image","twitter_creator":"@pressenza","twitter_site":"@PressenzaIPA","twitter_misc":{"Escrito por":"Redacci\u00f3n Chile","Tiempo de lectura":"2 minutos"},"schema":{"@context":"https:\/\/schema.org","@graph":[{"@type":"Article","@id":"https:\/\/www.pressenza.com\/es\/2019\/10\/mario-aguilar-nunca-mas-una-negociacion-a-espaldas-de-la-ciudadania\/#article","isPartOf":{"@id":"https:\/\/www.pressenza.com\/es\/2019\/10\/mario-aguilar-nunca-mas-una-negociacion-a-espaldas-de-la-ciudadania\/"},"author":{"name":"Redacci\u00f3n Chile","@id":"https:\/\/www.pressenza.com\/es\/#\/schema\/person\/d7db40df35d6698ba69ba9ee260944ed"},"headline":"Mario Aguilar: \u00abNunca m\u00e1s una negociaci\u00f3n a espaldas de la ciudadan\u00eda\u00bb","datePublished":"2019-10-22T16:11:42+00:00","dateModified":"2019-10-22T16:19:57+00:00","mainEntityOfPage":{"@id":"https:\/\/www.pressenza.com\/es\/2019\/10\/mario-aguilar-nunca-mas-una-negociacion-a-espaldas-de-la-ciudadania\/"},"wordCount":407,"publisher":{"@id":"https:\/\/www.pressenza.com\/es\/#organization"},"image":{"@id":"https:\/\/www.pressenza.com\/es\/2019\/10\/mario-aguilar-nunca-mas-una-negociacion-a-espaldas-de-la-ciudadania\/#primaryimage"},"thumbnailUrl":"https:\/\/www.pressenza.com\/wp-content\/uploads\/2019\/10\/IMG-20191022-WA0018.jpg","keywords":["Chile","Mario Aguilar","Movimiento social","negociaciones","pacto social","paro nacional","protestas sociales","Sebasti\u00e1n Pi\u00f1era"],"articleSection":["Comunicados de Prensa","Contenido Original","Pol\u00edtica","Sudam\u00e9rica"],"inLanguage":"es"},{"@type":"WebPage","@id":"https:\/\/www.pressenza.com\/es\/2019\/10\/mario-aguilar-nunca-mas-una-negociacion-a-espaldas-de-la-ciudadania\/","url":"https:\/\/www.pressenza.com\/es\/2019\/10\/mario-aguilar-nunca-mas-una-negociacion-a-espaldas-de-la-ciudadania\/","name":"Mario Aguilar: \"Nunca m\u00e1s una negociaci\u00f3n a espaldas de la ciudadan\u00eda\"","isPartOf":{"@id":"https:\/\/www.pressenza.com\/es\/#website"},"primaryImageOfPage":{"@id":"https:\/\/www.pressenza.com\/es\/2019\/10\/mario-aguilar-nunca-mas-una-negociacion-a-espaldas-de-la-ciudadania\/#primaryimage"},"image":{"@id":"https:\/\/www.pressenza.com\/es\/2019\/10\/mario-aguilar-nunca-mas-una-negociacion-a-espaldas-de-la-ciudadania\/#primaryimage"},"thumbnailUrl":"https:\/\/www.pressenza.com\/wp-content\/uploads\/2019\/10\/IMG-20191022-WA0018.jpg","datePublished":"2019-10-22T16:11:42+00:00","dateModified":"2019-10-22T16:19:57+00:00","description":"Mario Aguilar: \"Nunca m\u00e1s una negociaci\u00f3n a espaldas de la ciudadan\u00eda\"","breadcrumb":{"@id":"https:\/\/www.pressenza.com\/es\/2019\/10\/mario-aguilar-nunca-mas-una-negociacion-a-espaldas-de-la-ciudadania\/#breadcrumb"},"inLanguage":"es","potentialAction":[{"@type":"ReadAction","target":["https:\/\/www.pressenza.com\/es\/2019\/10\/mario-aguilar-nunca-mas-una-negociacion-a-espaldas-de-la-ciudadania\/"]}]},{"@type":"ImageObject","inLanguage":"es","@id":"https:\/\/www.pressenza.com\/es\/2019\/10\/mario-aguilar-nunca-mas-una-negociacion-a-espaldas-de-la-ciudadania\/#primaryimage","url":"https:\/\/www.pressenza.com\/wp-content\/uploads\/2019\/10\/IMG-20191022-WA0018.jpg","contentUrl":"https:\/\/www.pressenza.com\/wp-content\/uploads\/2019\/10\/IMG-20191022-WA0018.jpg","width":1024,"height":693},{"@type":"BreadcrumbList","@id":"https:\/\/www.pressenza.com\/es\/2019\/10\/mario-aguilar-nunca-mas-una-negociacion-a-espaldas-de-la-ciudadania\/#breadcrumb","itemListElement":[{"@type":"ListItem","position":1,"name":"Accueil","item":"https:\/\/www.pressenza.com\/es\/"},{"@type":"ListItem","position":2,"name":"Mario Aguilar: \u00abNunca m\u00e1s una negociaci\u00f3n a espaldas de la ciudadan\u00eda\u00bb"}]},{"@type":"WebSite","@id":"https:\/\/www.pressenza.com\/es\/#website","url":"https:\/\/www.pressenza.com\/es\/","name":"Pressenza","description":"International Press Agency","publisher":{"@id":"https:\/\/www.pressenza.com\/es\/#organization"},"potentialAction":[{"@type":"SearchAction","target":{"@type":"EntryPoint","urlTemplate":"https:\/\/www.pressenza.com\/es\/?s={search_term_string}"},"query-input":{"@type":"PropertyValueSpecification","valueRequired":true,"valueName":"search_term_string"}}],"inLanguage":"es"},{"@type":"Organization","@id":"https:\/\/www.pressenza.com\/es\/#organization","name":"Pressenza","url":"https:\/\/www.pressenza.com\/es\/","logo":{"@type":"ImageObject","inLanguage":"es","@id":"https:\/\/www.pressenza.com\/es\/#\/schema\/logo\/image\/","url":"https:\/\/www.pressenza.com\/wp-content\/uploads\/2022\/10\/pressenza_logo_200x200.jpg","contentUrl":"https:\/\/www.pressenza.com\/wp-content\/uploads\/2022\/10\/pressenza_logo_200x200.jpg","width":200,"height":200,"caption":"Pressenza"},"image":{"@id":"https:\/\/www.pressenza.com\/es\/#\/schema\/logo\/image\/"},"sameAs":["https:\/\/www.facebook.com\/PressenzaItalia","https:\/\/x.com\/PressenzaIPA"]},{"@type":"Person","@id":"https:\/\/www.pressenza.com\/es\/#\/schema\/person\/d7db40df35d6698ba69ba9ee260944ed","name":"Redacci\u00f3n Chile","description":"News from the Pressenza Bureau in Chile","sameAs":["https:\/\/www.facebook.com\/pressenza","https:\/\/x.com\/pressenza"],"url":"https:\/\/www.pressenza.com\/es\/author\/redaccion-chile\/"}]}},"place":"Santiago, Chile","original_article_url":"","_links":{"self":[{"href":"https:\/\/www.pressenza.com\/es\/wp-json\/wp\/v2\/posts\/950200","targetHints":{"allow":["GET"]}}],"collection":[{"href":"https:\/\/www.pressenza.com\/es\/wp-json\/wp\/v2\/posts"}],"about":[{"href":"https:\/\/www.pressenza.com\/es\/wp-json\/wp\/v2\/types\/post"}],"author":[{"embeddable":true,"href":"https:\/\/www.pressenza.com\/es\/wp-json\/wp\/v2\/users\/43"}],"replies":[{"embeddable":true,"href":"https:\/\/www.pressenza.com\/es\/wp-json\/wp\/v2\/comments?post=950200"}],"version-history":[{"count":0,"href":"https:\/\/www.pressenza.com\/es\/wp-json\/wp\/v2\/posts\/950200\/revisions"}],"wp:featuredmedia":[{"embeddable":true,"href":"https:\/\/www.pressenza.com\/es\/wp-json\/wp\/v2\/media\/950229"}],"wp:attachment":[{"href":"https:\/\/www.pressenza.com\/es\/wp-json\/wp\/v2\/media?parent=950200"}],"wp:term":[{"taxonomy":"category","embeddable":true,"href":"https:\/\/www.pressenza.com\/es\/wp-json\/wp\/v2\/categories?post=950200"},{"taxonomy":"post_tag","embeddable":true,"href":"https:\/\/www.pressenza.com\/es\/wp-json\/wp\/v2\/tags?post=950200"}],"curies":[{"name":"wp","href":"https:\/\/api.w.org\/{rel}","templated":true}]}}