{"id":950087,"date":"2019-10-22T15:36:25","date_gmt":"2019-10-22T14:36:25","guid":{"rendered":"https:\/\/www.pressenza.com\/?p=950087"},"modified":"2019-10-22T15:36:25","modified_gmt":"2019-10-22T14:36:25","slug":"hacia-el-bien-comun","status":"publish","type":"post","link":"https:\/\/www.pressenza.com\/es\/2019\/10\/hacia-el-bien-comun\/","title":{"rendered":"Hacia el bien comu\u0301n"},"content":{"rendered":"<p>Queridas amigas y amigos,<\/p>\n<p>Me encuentro en el Parque de Estudio y Reflexi\u00f3n de Punta de Vacas, en la Cordillera de los Andes, mientras mi familia est\u00e1 batiendo cacerolas en alg\u00fan vecindario de Santiago.<\/p>\n<p>Sim\u00f3n me env\u00eda su relato de la protesta y me parece comprender all\u00ed la necesidad de encontrarnos, de reconocer un malestar com\u00fan y manifestarse desde un sentimiento muy alejado al que nos transmiten las noticias angustiosas de la tv, y de las redes virtuales. Mi hijo Mauricio amanece en una barricada cerca del r\u00edo Calle-Calle, no lejos del asalto a una farmacia para obtener productos qu\u00edmicos para alimentar una gran fogata.<\/p>\n<p>Estoy sorprendido de no estar tan sorprendido, de este brote del descontento en mi pa\u00eds. Admir\u00e9 a los peruanos cuando metieron preso a todos sus presidentes corruptos y no permitieron que los parlamentarios manipularan al poder judicial con leyes de impunidad. Tambi\u00e9n vi hace pocos d\u00edas el levantamiento de los pueblos ind\u00edgenas en Ecuador que culmin\u00f3 con la marcha de las mujeres haciendo retroceder las medidas impuestas por Fondo Monetario Internacional. Me preguntaba si finalmente Xi Jinping en China reprimir\u00eda las manifestaciones de millones de j\u00f3venes en Hong-Kong, para evitar el contagio de la protesta en otras provincias de su colosal dictadura. Los chalecos amarillos est\u00e1n todav\u00eda en la memoria reciente. Miles de catalanes se toman el aeropuerto ofendidos por el encarcelamiento de sus lideres; en fin, parece que una onda psicosocial de indignaci\u00f3n recorre el planeta y los poderosos ya no pueden hacerse los vivos. No hay sociolog\u00eda que resista este momento; le echan la culpa a fantasmas que s\u00f3lo est\u00e1n en su cabeza, los comunistas, los anarquistas, los encapuchados, los chavistas, los maduristas. No es as\u00ed; tendr\u00e1n que reconocer que la gente existe y que el dinero viene y va; m\u00e1s bien parece que se les va, a juzgar por la apresurada ocupaci\u00f3n militar de la ciudad, mientras el Presidente se distiende en una pizzer\u00eda de Vitacura.<\/p>\n<p>Una \u00e9lite es due\u00f1a de todo, de la tierra, el agua, las riquezas, la salud, la jubilaci\u00f3n y tienen todo amarrado por leyes que amparan la violencia econ\u00f3mica. Ellos pueden esquilmar al conjunto social y acallar la voz de los perjudicados. El reclamo se manifest\u00f3, se sincroniz\u00f3 y con provocadores o sin ellos, pronto algunos grupos desbordaron en saqueos, incendios y enfrentamientos, creciendo el descontrol.<\/p>\n<p>Tenemos que asumir que creci\u00f3 la violencia, la represi\u00f3n aumentar\u00e1 porque los poderosos se asustaron y volvieron a cruzar un umbral sombr\u00edo: llamaron a los militares, impusieron toque de queda y estados de excepci\u00f3n. Los poderosos al servicio del capital financiero mundial, intentan recuperar el control y utilizan a las fuerzas armadas; pero \u00bfpodr\u00edan las fuerzas armadas reflexionar sobre la experiencia pasada y no prestarse para ello?<\/p>\n<p>Pienso que no se puede \u201cvolver atr\u00e1s\u201d al momento anterior a este estallido social; se crey\u00f3 que ten\u00edamos el mejor modelo econ\u00f3mico y lo apoyaron los gobiernos post dictadura de izquierda y derecha con excepci\u00f3n de los humanistas. Y sali\u00f3 como sali\u00f3: todos endeudados hasta el cuello, estafados por deudas con intereses compuestos legalizados, el bien com\u00fan privatizado y entregado a individuos que buscan lucro, ganancias, eficiencias, y nunca, nunca el bienestar de todos, el progreso de todos, la armon\u00eda, la paz, lo com\u00fan. No se puede volver atr\u00e1s, como no se puede, en Hong-Kong, Siria, Quito o Catalu\u00f1a. Tendremos que dar una respuesta superadora que nos haga crecer como personas y como sociedad.<\/p>\n<p>Nuestras cabezas est\u00e1n angustiadas y no por los \u00faltimos acontecimientos; estos aumentan la alteraci\u00f3n ya que se arriesgan vidas, nos enfrenta entre nosotros, descalific\u00e1ndonos y respondiendo a la violencia con violencia. Esta alteraci\u00f3n viene de antes, viene de la presi\u00f3n de la deuda, de la competencia, de la falta de solidaridad y de la ruptura de los lazos de amistad; viene de creer que podemos salir cada uno por su lado, sin considerar a los m\u00e1s desfavorecidos. No s\u00f3lo los poderosos son los responsables; ellos se fortalecen cuando aceptamos un sistema de anti-valores que nos aleja del afecto y de la comunidad.<\/p>\n<p>Ahora parece despertar una conciencia colectiva que me hace parte, pero en las calles encontramos los o\u00eddos sordos del poder y la represi\u00f3n cobarde y desproporcionada.<\/p>\n<p>Qu\u00e9 puedo hacer. No hay recetas ni salidas f\u00e1ciles. Para los privilegiados tampoco, porque la violencia la env\u00edan contra sus propios hijos, contra su propio pueblo y tambi\u00e9n a ellos se les romper\u00e1 el alma.<\/p>\n<p>Lo primero que pienso es comprender el sentido de la protesta y actuar en consecuencia. Se trata de poner fin a un sistema de violencia econ\u00f3mica que se expresa principalmente en la deuda financiera, de todo tipo, pero la que proviene de la educaci\u00f3n o de la salud, de las pensiones, o de la locomoci\u00f3n es simplemente indignante. El conflicto est\u00e1 ah\u00ed. Es cierto que adquir\u00ed deudas, pero los intereses que me cobran son abusadores e incorrectos. Pagar la deuda original, ok, pero sin el abultamiento de intereses sobre intereses. Reunirse para el no pago de los intereses de las deudas es una prioridad; tambi\u00e9n el no pago a los servicios del agua hasta que sea reconocida como bien com\u00fan administrado por la comunidad. Organizarse para frenar cualquier cobro que implique deuda e intereses, es la tarea principal. Si las grandes corporaciones deben irse porque pierden dinero aqu\u00ed, perfecto. Habr\u00e1 que organizarse para reemplazarlas en m\u00faltiples empresas a escala humana.<\/p>\n<p>Pero no se enfrenta la violencia con violencia, porque eso provoca contradicci\u00f3n y debilitamiento personal. Adem\u00e1s de ser totalmente ineficaz. No son los desmanes los que producen el cambio, sino la gente unida, desobediente, con el futuro abierto, cuyas acciones ponen en verg\u00fcenza a los abusadores.<\/p>\n<p>Aprender a resistir la violencia que genera en uno la displicencia con que tratan los privilegiados a los castigados por este sistema econ\u00f3mico; tampoco se trata de resignarse. Es en nuestra situaci\u00f3n de vida concreta, donde tenemos que crear formas de resistir la violencia del poder financiero.<\/p>\n<p>La primera forma de resistencia es hacer crecer el afecto, la amistad y la confianza entre nosotros, en nuestra comunidad educativa, laboral, familiar o vecinal.<\/p>\n<p>Estamos en una desestructuraci\u00f3n institucional, y esto va en aumento y no creo que se pueda frenar. Pero puedo comprender y orientarme hacia un modo de vida distinto; es decir construir un entorno afectivo, de comunicaci\u00f3n directa (la tecnolog\u00eda nos sirve para coordinar, pero no reemplaza el cara a cara y coraz\u00f3n a coraz\u00f3n), y dar respuestas creativas que pongan al descubierto la violencia financiera, la violencia familiar, la violencia sexual, la violencia racial, la discriminaci\u00f3n que sufrimos y la que ejercemos.<\/p>\n<p>Nuestra actividad cotidiana, nuestros talentos y virtudes podemos reorientarlos hacia la ayuda a otros que est\u00e1n complicados en este colapso del sistema. Acciones para unirnos, para animarnos, para responder a las necesidades b\u00e1sicas y para dejar en verg\u00fcenza a los poderosos por su lucro desmedido.<\/p>\n<p>Conviene tener en cuenta las 4 recomendaciones para la acci\u00f3n coherente:<\/p>\n<p>&#8211; La proporci\u00f3n de las acciones, teniendo en cuenta que lo m\u00e1s importante es la vida y la libertad de las personas y por supuesto la propia.<\/p>\n<p>&#8211; La oportunidad de las acciones aprendiendo a retroceder ante una gran fuerza y avanzar cuando ella se debilita.<\/p>\n<p>&#8211; La adaptaci\u00f3n creciente a este sistema de violencia, sin resignarse a \u00e9l, pero aceptando algunos c\u00f3digos menores para sobrevivir, mientras nos unimos para transformar los primarios: el sistema financiero, las deudas y la administraci\u00f3n conjunta del bien com\u00fan.<\/p>\n<p>&#8211; La solidaridad en las acciones, sabiendo que todos somos uno, y lo que le hago a otro, me lo hago a m\u00ed mismo.<\/p>\n<p>Algo tenemos que hacer. Todos podemos hacer algo, humilde, pero que orienta nuestra vida hacia la unidad con uno mismo y hacia la unidad con mis seres cercanos. A partir de aqu\u00ed comenzamos una construcci\u00f3n sincera que puede ir creciendo y llen\u00e1ndonos de sentido.<\/p>\n<p>Quiero recordar el ejercicio espiritual que nos recomend\u00f3 Silo para \u00e9pocas de crisis aceleradas. En esta \u00e9poca en que nos alienamos y perdemos de nosotros mismos, quiero conectar con el clamor que hay en mi coraz\u00f3n. Se trata de un pedido profundo por la unidad de nuestra vida y del alejamiento de la violencia interna y de la contradicci\u00f3n.<\/p>\n<p>Detente un momento, detente en este bullir de noticias, de celulares, de agitaci\u00f3n. Lleva una bocanada de aire a tu coraz\u00f3n, y al mismo tiempo pide con fuerza por tu paz interior; pide desde la necesidad, por tu unidad, por recuperar el afecto y la confianza de tus seres queridos; pide por alejarte de todo pensamiento que te lleva a la violencia y a la contradicci\u00f3n.<\/p>\n<p>Detente, respira, pide por ti y por tus seres queridos.<\/p>\n<p>Estemos atentos y seamos cuidadosos del trato que nos damos a nosotros y a otros.<\/p>\n<p>&nbsp;<\/p>\n<p>&nbsp;<\/p>\n<p>&nbsp;<\/p>\n","protected":false},"excerpt":{"rendered":"<p>Queridas amigas y amigos, Me encuentro en el Parque de Estudio y Reflexi\u00f3n de Punta de Vacas, en la Cordillera de los Andes, mientras mi familia est\u00e1 batiendo cacerolas en alg\u00fan vecindario de Santiago. Sim\u00f3n me env\u00eda su relato de&hellip;<\/p>\n","protected":false},"author":158,"featured_media":950099,"comment_status":"closed","ping_status":"closed","sticky":false,"template":"","format":"standard","meta":{"footnotes":""},"categories":[11389,1242,161,67],"tags":[29,23368,24329,394,65832],"class_list":["post-950087","post","type-post","status-publish","format-standard","has-post-thumbnail","hentry","category-contenido-original","category-noviolencia-tema","category-opiniones","category-sudamerica","tag-chile","tag-endeudamiento","tag-poder-financiero","tag-protestas-sociales","tag-resistir-la-violencia"],"yoast_head":"<!-- This site is optimized with the Yoast SEO plugin v27.1.1 - https:\/\/yoast.com\/product\/yoast-seo-wordpress\/ -->\n<title>Hacia el bien comu\u0301n<\/title>\n<meta name=\"description\" content=\"Hacia el bien comu\u0301n\" \/>\n<meta name=\"robots\" content=\"index, follow, max-snippet:-1, max-image-preview:large, max-video-preview:-1\" \/>\n<link rel=\"canonical\" href=\"https:\/\/www.pressenza.com\/es\/2019\/10\/hacia-el-bien-comun\/\" \/>\n<meta property=\"og:locale\" content=\"es_ES\" \/>\n<meta property=\"og:type\" content=\"article\" \/>\n<meta property=\"og:title\" content=\"Hacia el bien comu\u0301n\" \/>\n<meta property=\"og:description\" content=\"Hacia el bien comu\u0301n\" \/>\n<meta property=\"og:url\" content=\"https:\/\/www.pressenza.com\/es\/2019\/10\/hacia-el-bien-comun\/\" \/>\n<meta property=\"og:site_name\" content=\"Pressenza\" \/>\n<meta property=\"article:publisher\" content=\"https:\/\/www.facebook.com\/PressenzaItalia\" \/>\n<meta property=\"article:published_time\" content=\"2019-10-22T14:36:25+00:00\" \/>\n<meta property=\"og:image\" content=\"https:\/\/www.pressenza.com\/wp-content\/uploads\/2019\/10\/LF.jpeg\" \/>\n\t<meta property=\"og:image:width\" content=\"1280\" \/>\n\t<meta property=\"og:image:height\" content=\"847\" \/>\n\t<meta property=\"og:image:type\" content=\"image\/jpeg\" \/>\n<meta name=\"author\" content=\"Dario Ergas\" \/>\n<meta name=\"twitter:card\" content=\"summary_large_image\" \/>\n<meta name=\"twitter:creator\" content=\"@PressenzaIPA\" \/>\n<meta name=\"twitter:site\" content=\"@PressenzaIPA\" \/>\n<meta name=\"twitter:label1\" content=\"Escrito por\" \/>\n\t<meta name=\"twitter:data1\" content=\"Dario Ergas\" \/>\n\t<meta name=\"twitter:label2\" content=\"Tiempo de lectura\" \/>\n\t<meta name=\"twitter:data2\" content=\"8 minutos\" \/>\n<script type=\"application\/ld+json\" class=\"yoast-schema-graph\">{\"@context\":\"https:\/\/schema.org\",\"@graph\":[{\"@type\":\"Article\",\"@id\":\"https:\/\/www.pressenza.com\/es\/2019\/10\/hacia-el-bien-comun\/#article\",\"isPartOf\":{\"@id\":\"https:\/\/www.pressenza.com\/es\/2019\/10\/hacia-el-bien-comun\/\"},\"author\":{\"name\":\"Dario Ergas\",\"@id\":\"https:\/\/www.pressenza.com\/es\/#\/schema\/person\/013a6f4184d7d6b40c45d8c010f9cc98\"},\"headline\":\"Hacia el bien comu\u0301n\",\"datePublished\":\"2019-10-22T14:36:25+00:00\",\"mainEntityOfPage\":{\"@id\":\"https:\/\/www.pressenza.com\/es\/2019\/10\/hacia-el-bien-comun\/\"},\"wordCount\":1544,\"publisher\":{\"@id\":\"https:\/\/www.pressenza.com\/es\/#organization\"},\"image\":{\"@id\":\"https:\/\/www.pressenza.com\/es\/2019\/10\/hacia-el-bien-comun\/#primaryimage\"},\"thumbnailUrl\":\"https:\/\/www.pressenza.com\/wp-content\/uploads\/2019\/10\/LF.jpeg\",\"keywords\":[\"Chile\",\"endeudamiento\",\"poder financiero\",\"protestas sociales\",\"resistir la violencia\"],\"articleSection\":[\"Contenido Original\",\"Noviolencia\",\"Opiniones\",\"Sudam\u00e9rica\"],\"inLanguage\":\"es\"},{\"@type\":\"WebPage\",\"@id\":\"https:\/\/www.pressenza.com\/es\/2019\/10\/hacia-el-bien-comun\/\",\"url\":\"https:\/\/www.pressenza.com\/es\/2019\/10\/hacia-el-bien-comun\/\",\"name\":\"Hacia el bien comu\u0301n\",\"isPartOf\":{\"@id\":\"https:\/\/www.pressenza.com\/es\/#website\"},\"primaryImageOfPage\":{\"@id\":\"https:\/\/www.pressenza.com\/es\/2019\/10\/hacia-el-bien-comun\/#primaryimage\"},\"image\":{\"@id\":\"https:\/\/www.pressenza.com\/es\/2019\/10\/hacia-el-bien-comun\/#primaryimage\"},\"thumbnailUrl\":\"https:\/\/www.pressenza.com\/wp-content\/uploads\/2019\/10\/LF.jpeg\",\"datePublished\":\"2019-10-22T14:36:25+00:00\",\"description\":\"Hacia el bien comu\u0301n\",\"breadcrumb\":{\"@id\":\"https:\/\/www.pressenza.com\/es\/2019\/10\/hacia-el-bien-comun\/#breadcrumb\"},\"inLanguage\":\"es\",\"potentialAction\":[{\"@type\":\"ReadAction\",\"target\":[\"https:\/\/www.pressenza.com\/es\/2019\/10\/hacia-el-bien-comun\/\"]}]},{\"@type\":\"ImageObject\",\"inLanguage\":\"es\",\"@id\":\"https:\/\/www.pressenza.com\/es\/2019\/10\/hacia-el-bien-comun\/#primaryimage\",\"url\":\"https:\/\/www.pressenza.com\/wp-content\/uploads\/2019\/10\/LF.jpeg\",\"contentUrl\":\"https:\/\/www.pressenza.com\/wp-content\/uploads\/2019\/10\/LF.jpeg\",\"width\":1280,\"height\":847},{\"@type\":\"BreadcrumbList\",\"@id\":\"https:\/\/www.pressenza.com\/es\/2019\/10\/hacia-el-bien-comun\/#breadcrumb\",\"itemListElement\":[{\"@type\":\"ListItem\",\"position\":1,\"name\":\"Accueil\",\"item\":\"https:\/\/www.pressenza.com\/es\/\"},{\"@type\":\"ListItem\",\"position\":2,\"name\":\"Hacia el bien comu\u0301n\"}]},{\"@type\":\"WebSite\",\"@id\":\"https:\/\/www.pressenza.com\/es\/#website\",\"url\":\"https:\/\/www.pressenza.com\/es\/\",\"name\":\"Pressenza\",\"description\":\"International Press Agency\",\"publisher\":{\"@id\":\"https:\/\/www.pressenza.com\/es\/#organization\"},\"potentialAction\":[{\"@type\":\"SearchAction\",\"target\":{\"@type\":\"EntryPoint\",\"urlTemplate\":\"https:\/\/www.pressenza.com\/es\/?s={search_term_string}\"},\"query-input\":{\"@type\":\"PropertyValueSpecification\",\"valueRequired\":true,\"valueName\":\"search_term_string\"}}],\"inLanguage\":\"es\"},{\"@type\":\"Organization\",\"@id\":\"https:\/\/www.pressenza.com\/es\/#organization\",\"name\":\"Pressenza\",\"url\":\"https:\/\/www.pressenza.com\/es\/\",\"logo\":{\"@type\":\"ImageObject\",\"inLanguage\":\"es\",\"@id\":\"https:\/\/www.pressenza.com\/es\/#\/schema\/logo\/image\/\",\"url\":\"https:\/\/www.pressenza.com\/wp-content\/uploads\/2022\/10\/pressenza_logo_200x200.jpg\",\"contentUrl\":\"https:\/\/www.pressenza.com\/wp-content\/uploads\/2022\/10\/pressenza_logo_200x200.jpg\",\"width\":200,\"height\":200,\"caption\":\"Pressenza\"},\"image\":{\"@id\":\"https:\/\/www.pressenza.com\/es\/#\/schema\/logo\/image\/\"},\"sameAs\":[\"https:\/\/www.facebook.com\/PressenzaItalia\",\"https:\/\/x.com\/PressenzaIPA\"]},{\"@type\":\"Person\",\"@id\":\"https:\/\/www.pressenza.com\/es\/#\/schema\/person\/013a6f4184d7d6b40c45d8c010f9cc98\",\"name\":\"Dario Ergas\",\"description\":\"Author and researcher from Punta de Vacas Park of Study and Reflection. Participates in communities of Silo's Message. www.darioergas.org\",\"url\":\"https:\/\/www.pressenza.com\/es\/author\/dario-ergas\/\"}]}<\/script>\n<!-- \/ Yoast SEO plugin. -->","yoast_head_json":{"title":"Hacia el bien comu\u0301n","description":"Hacia el bien comu\u0301n","robots":{"index":"index","follow":"follow","max-snippet":"max-snippet:-1","max-image-preview":"max-image-preview:large","max-video-preview":"max-video-preview:-1"},"canonical":"https:\/\/www.pressenza.com\/es\/2019\/10\/hacia-el-bien-comun\/","og_locale":"es_ES","og_type":"article","og_title":"Hacia el bien comu\u0301n","og_description":"Hacia el bien comu\u0301n","og_url":"https:\/\/www.pressenza.com\/es\/2019\/10\/hacia-el-bien-comun\/","og_site_name":"Pressenza","article_publisher":"https:\/\/www.facebook.com\/PressenzaItalia","article_published_time":"2019-10-22T14:36:25+00:00","og_image":[{"width":1280,"height":847,"url":"https:\/\/www.pressenza.com\/wp-content\/uploads\/2019\/10\/LF.jpeg","type":"image\/jpeg"}],"author":"Dario Ergas","twitter_card":"summary_large_image","twitter_creator":"@PressenzaIPA","twitter_site":"@PressenzaIPA","twitter_misc":{"Escrito por":"Dario Ergas","Tiempo de lectura":"8 minutos"},"schema":{"@context":"https:\/\/schema.org","@graph":[{"@type":"Article","@id":"https:\/\/www.pressenza.com\/es\/2019\/10\/hacia-el-bien-comun\/#article","isPartOf":{"@id":"https:\/\/www.pressenza.com\/es\/2019\/10\/hacia-el-bien-comun\/"},"author":{"name":"Dario Ergas","@id":"https:\/\/www.pressenza.com\/es\/#\/schema\/person\/013a6f4184d7d6b40c45d8c010f9cc98"},"headline":"Hacia el bien comu\u0301n","datePublished":"2019-10-22T14:36:25+00:00","mainEntityOfPage":{"@id":"https:\/\/www.pressenza.com\/es\/2019\/10\/hacia-el-bien-comun\/"},"wordCount":1544,"publisher":{"@id":"https:\/\/www.pressenza.com\/es\/#organization"},"image":{"@id":"https:\/\/www.pressenza.com\/es\/2019\/10\/hacia-el-bien-comun\/#primaryimage"},"thumbnailUrl":"https:\/\/www.pressenza.com\/wp-content\/uploads\/2019\/10\/LF.jpeg","keywords":["Chile","endeudamiento","poder financiero","protestas sociales","resistir la violencia"],"articleSection":["Contenido Original","Noviolencia","Opiniones","Sudam\u00e9rica"],"inLanguage":"es"},{"@type":"WebPage","@id":"https:\/\/www.pressenza.com\/es\/2019\/10\/hacia-el-bien-comun\/","url":"https:\/\/www.pressenza.com\/es\/2019\/10\/hacia-el-bien-comun\/","name":"Hacia el bien comu\u0301n","isPartOf":{"@id":"https:\/\/www.pressenza.com\/es\/#website"},"primaryImageOfPage":{"@id":"https:\/\/www.pressenza.com\/es\/2019\/10\/hacia-el-bien-comun\/#primaryimage"},"image":{"@id":"https:\/\/www.pressenza.com\/es\/2019\/10\/hacia-el-bien-comun\/#primaryimage"},"thumbnailUrl":"https:\/\/www.pressenza.com\/wp-content\/uploads\/2019\/10\/LF.jpeg","datePublished":"2019-10-22T14:36:25+00:00","description":"Hacia el bien comu\u0301n","breadcrumb":{"@id":"https:\/\/www.pressenza.com\/es\/2019\/10\/hacia-el-bien-comun\/#breadcrumb"},"inLanguage":"es","potentialAction":[{"@type":"ReadAction","target":["https:\/\/www.pressenza.com\/es\/2019\/10\/hacia-el-bien-comun\/"]}]},{"@type":"ImageObject","inLanguage":"es","@id":"https:\/\/www.pressenza.com\/es\/2019\/10\/hacia-el-bien-comun\/#primaryimage","url":"https:\/\/www.pressenza.com\/wp-content\/uploads\/2019\/10\/LF.jpeg","contentUrl":"https:\/\/www.pressenza.com\/wp-content\/uploads\/2019\/10\/LF.jpeg","width":1280,"height":847},{"@type":"BreadcrumbList","@id":"https:\/\/www.pressenza.com\/es\/2019\/10\/hacia-el-bien-comun\/#breadcrumb","itemListElement":[{"@type":"ListItem","position":1,"name":"Accueil","item":"https:\/\/www.pressenza.com\/es\/"},{"@type":"ListItem","position":2,"name":"Hacia el bien comu\u0301n"}]},{"@type":"WebSite","@id":"https:\/\/www.pressenza.com\/es\/#website","url":"https:\/\/www.pressenza.com\/es\/","name":"Pressenza","description":"International Press Agency","publisher":{"@id":"https:\/\/www.pressenza.com\/es\/#organization"},"potentialAction":[{"@type":"SearchAction","target":{"@type":"EntryPoint","urlTemplate":"https:\/\/www.pressenza.com\/es\/?s={search_term_string}"},"query-input":{"@type":"PropertyValueSpecification","valueRequired":true,"valueName":"search_term_string"}}],"inLanguage":"es"},{"@type":"Organization","@id":"https:\/\/www.pressenza.com\/es\/#organization","name":"Pressenza","url":"https:\/\/www.pressenza.com\/es\/","logo":{"@type":"ImageObject","inLanguage":"es","@id":"https:\/\/www.pressenza.com\/es\/#\/schema\/logo\/image\/","url":"https:\/\/www.pressenza.com\/wp-content\/uploads\/2022\/10\/pressenza_logo_200x200.jpg","contentUrl":"https:\/\/www.pressenza.com\/wp-content\/uploads\/2022\/10\/pressenza_logo_200x200.jpg","width":200,"height":200,"caption":"Pressenza"},"image":{"@id":"https:\/\/www.pressenza.com\/es\/#\/schema\/logo\/image\/"},"sameAs":["https:\/\/www.facebook.com\/PressenzaItalia","https:\/\/x.com\/PressenzaIPA"]},{"@type":"Person","@id":"https:\/\/www.pressenza.com\/es\/#\/schema\/person\/013a6f4184d7d6b40c45d8c010f9cc98","name":"Dario Ergas","description":"Author and researcher from Punta de Vacas Park of Study and Reflection. Participates in communities of Silo's Message. www.darioergas.org","url":"https:\/\/www.pressenza.com\/es\/author\/dario-ergas\/"}]}},"place":"Punta de Vacas, cordillera de Los Andes","original_article_url":"","_links":{"self":[{"href":"https:\/\/www.pressenza.com\/es\/wp-json\/wp\/v2\/posts\/950087","targetHints":{"allow":["GET"]}}],"collection":[{"href":"https:\/\/www.pressenza.com\/es\/wp-json\/wp\/v2\/posts"}],"about":[{"href":"https:\/\/www.pressenza.com\/es\/wp-json\/wp\/v2\/types\/post"}],"author":[{"embeddable":true,"href":"https:\/\/www.pressenza.com\/es\/wp-json\/wp\/v2\/users\/158"}],"replies":[{"embeddable":true,"href":"https:\/\/www.pressenza.com\/es\/wp-json\/wp\/v2\/comments?post=950087"}],"version-history":[{"count":0,"href":"https:\/\/www.pressenza.com\/es\/wp-json\/wp\/v2\/posts\/950087\/revisions"}],"wp:featuredmedia":[{"embeddable":true,"href":"https:\/\/www.pressenza.com\/es\/wp-json\/wp\/v2\/media\/950099"}],"wp:attachment":[{"href":"https:\/\/www.pressenza.com\/es\/wp-json\/wp\/v2\/media?parent=950087"}],"wp:term":[{"taxonomy":"category","embeddable":true,"href":"https:\/\/www.pressenza.com\/es\/wp-json\/wp\/v2\/categories?post=950087"},{"taxonomy":"post_tag","embeddable":true,"href":"https:\/\/www.pressenza.com\/es\/wp-json\/wp\/v2\/tags?post=950087"}],"curies":[{"name":"wp","href":"https:\/\/api.w.org\/{rel}","templated":true}]}}