{"id":947991,"date":"2019-10-19T22:45:33","date_gmt":"2019-10-19T21:45:33","guid":{"rendered":"https:\/\/www.pressenza.com\/?p=947991"},"modified":"2019-10-19T22:45:33","modified_gmt":"2019-10-19T21:45:33","slug":"chile-santiago-alzado-no-es-el-metro-es-el-pinochetismo-que-agoniza","status":"publish","type":"post","link":"https:\/\/www.pressenza.com\/es\/2019\/10\/chile-santiago-alzado-no-es-el-metro-es-el-pinochetismo-que-agoniza\/","title":{"rendered":"Chile. Santiago alzado: No es el Metro, es el pinochetismo que agoniza"},"content":{"rendered":"<p>Por Andr\u00e9s Figueroa Cornejo<\/p>\n<p>&nbsp;<\/p>\n<p><strong><em>Ver a mi pueblo humillado huyendo, pisoteado, gaseado, baleado, apaleado, es mi derrota.<\/em><\/strong><\/p>\n<p><strong><em>Ver a mi pueblo desesperado buscando una salida, es mi derrota.<\/em><\/strong><\/p>\n<p><strong><em>\u00a1Nosotros y nuestras derrotas somos invencibles!<\/em><\/strong><\/p>\n<p><em>Mauricio Redol\u00e9s<\/em><\/p>\n<p>&nbsp;<\/p>\n<p>\u00abProtesto por tanta injusticia, por tanto abuso y porque nuestra voz no es escuchada jam\u00e1s\u00bb, dice una persona an\u00f3nima, un perfecto y corriente desconocido en la Plaza \u00d1u\u00f1oa de Santiago. Ya es s\u00e1bado 19 de octubre y las protestas populares que arrancaron con el alza del pasaje del Metro, se han tornado en expresi\u00f3n de los derechos sociales inexistentes en un pa\u00eds que representa la caricatura del manual del liberalismo ortodoxo m\u00e1s doctrinario. Las relaciones sociales, vueltas mercanc\u00eda; los bienes comunes privatizados; una oligarqu\u00eda conservadora culturalmente y rabiosamente liberal en el plano econ\u00f3mico. Un orden sintetizado desde la dictadura militar como Estado policial y antipopular; fiesta de la concentraci\u00f3n capitalista, y dominio de los grandes grupos econ\u00f3micos que brutalmente destruyen competencia, imponen los precios y subordinan a las pymes en la cadena de valorizaci\u00f3n, de acuerdo a la proyecci\u00f3n de su tasa de ganancias. Chile primario exportador, plataforma financiera de buena parte de Sudam\u00e9rica, agobiado por el extractivismo y sus consecuencias nefastas sobre las comunidades y la naturaleza. Chile desigual, que importa no s\u00f3lo las tecnolog\u00edas que no producen sus industrias ausentes, sino que hasta los alimentos y los bienes textiles. Chile dependiente de la econom\u00eda china, estadounidense, europea y, al final, del intercambio con los pa\u00edses de la regi\u00f3n. Chile gris\u00e1ceo, suicida, explotado y expoliado: viejos que no quieren jubilar porque los espera la miseria, y j\u00f3venes sin porvenir con o sin t\u00edtulos de educaci\u00f3n superior.<\/p>\n<p>\u201cYo voy a protestar hasta que se arregle la vida\u201d, afirma una joven que golpea una cacerola ante la cara de un militar. S\u00ed, un militar. Porque el presidente de ultraderecha Sebasti\u00e1n Pi\u00f1era, una de las piezas de Washington en el continente, y su equipo de gobierno, con el fin de terminar con las poderosas manifestaciones populares del 17 y sobre todo del 18 de octubre, en la madrugada del 19 decret\u00f3 el estado de excepci\u00f3n en su forma de estado de emergencia constitucional. \u00bfQu\u00e9 significa? Adem\u00e1s de aumentar todav\u00eda m\u00e1s la dotaci\u00f3n de Fuerzas Especiales de Carabineros, la seguridad nacional queda en manos del general Iturriaga del Campo durante 15 d\u00edas y tropas militares se toman las calles de la Regi\u00f3n Metropolitana. Se proh\u00edben las protestas, las reuniones p\u00fablicas y la movilizaci\u00f3n. Es un virtual estado de sitio y con posible toque de queda basado en la Doctrina y Ley de Seguridad Nacional Interior del Estado. O sea, el enemigo pol\u00edtico militar del Estado y sus administradores es el propio pueblo chileno. Aunque el pueblo, en este caso, s\u00f3lo se manifiesta pac\u00edficamente. Est\u00e1 desarmado. Su izquierda pol\u00edtica est\u00e1 diezmada. La institucional y la otra. Claro que el pueblo tom\u00f3 la precauci\u00f3n hace mucho tiempo de no tener ninguna confianza con ninguna instituci\u00f3n, desde la nomenclatura de la iglesia cat\u00f3lica hasta el sistema de partidos pol\u00edticos tradicionales. Lo cierto es que la toma de las calles por el ej\u00e9rcito, en vez de amedrentar al pueblo de Santiago, ha multiplicado su indignaci\u00f3n. As\u00ed, pese a que m\u00e1s de alg\u00fan militar hace punter\u00eda sobre la gente, los manifestantes se les acercan, les sacan fotograf\u00edas y los emplazan a volver a los cuarteles. Pero las fuerzas de guerra en vez de marcharse, provocan a la ciudadan\u00eda realizando ejercicios b\u00e9licos en plena Plaza Italia de la capital chilena.<\/p>\n<p>La consigna inmediata es \u201cFin al estado de emergencia\u201d. El miedo ya no derrota la protesta. Por cadena nacional, Pi\u00f1era informa que presentar\u00e1 una propuesta para \u201camortiguar\u201d el alza del pasaje. Pero adem\u00e1s de ofrecer represi\u00f3n, no existen soluciones, mientras el mandatario se encuentra reunido con su equipo.<\/p>\n<p>Hace un par de d\u00edas nadie habr\u00eda imaginado que Chile ser\u00eda protagonista de un levantamiento popular pac\u00edfico no s\u00f3lo contra el mal gobierno, sino que contra la totalidad del r\u00e9gimen profundo chileno y sus relaciones sociales. Subterr\u00e1neamente, de manera invisible, el malestar de las mayor\u00edas sociales se acumul\u00f3 durante largos a\u00f1os, expres\u00e1ndose de manera parcial mediante luchas desagregadas.<\/p>\n<p>Tras las protestas no hay partidos pol\u00edticos ni organizaciones sociales puntuales. De hecho, la oposici\u00f3n institucional lleg\u00f3 tarde y nadie la ha llamado, m\u00e1s all\u00e1 de que ha opinado de manera tibia y distante sobre una medida gubernamental extraordinaria, como si viviera en otro mundo.<\/p>\n<p>Los personeros de gobierno hablan de unidad nacional y de mesas de di\u00e1logo. Pero la desigualdad social, la precarizaci\u00f3n general de la vida y los atropellos acumulados son los condimentos que explicitan la lucha de clases de manera multidimensional, m\u00e1s all\u00e1 de reivindicaciones estrictamente econ\u00f3micas que motorizan parcialmente el movimiento. Y no habr\u00e1 comisiones ni mesas de di\u00e1logo que resuelvan contradicciones irreconciliables.<\/p>\n<p>Como naranjos encendidos y luego de d\u00e9cadas, amanece el pueblo chileno. Y no hay que olvidar jam\u00e1s que este mismo pueblo hace casi medio siglo eligi\u00f3 con el voto al primer presidente marxista en la historia. \u00bfNo ser\u00e1 la consciencia popular de la sociedad mayoritaria chilena un estado de latencia que se despierta como irrumpe un rel\u00e1mpago en mitad de la noche?<\/p>\n","protected":false},"excerpt":{"rendered":"<p>Por Andr\u00e9s Figueroa Cornejo &nbsp; Ver a mi pueblo humillado huyendo, pisoteado, gaseado, baleado, apaleado, es mi derrota. Ver a mi pueblo desesperado buscando una salida, es mi derrota. \u00a1Nosotros y nuestras derrotas somos invencibles! Mauricio Redol\u00e9s &nbsp; \u00abProtesto por&hellip;<\/p>\n","protected":false},"author":43,"featured_media":947992,"comment_status":"closed","ping_status":"closed","sticky":false,"template":"","format":"standard","meta":{"footnotes":""},"categories":[11389,79,161,74,67],"tags":[1035,65704,9401,65702,652,65703],"class_list":["post-947991","post","type-post","status-publish","format-standard","has-post-thumbnail","hentry","category-contenido-original","category-derechos-humanos","category-opiniones","category-politica-es","category-sudamerica","tag-desigualdad","tag-estallido-social","tag-precariado","tag-rebelion-en-chile","tag-sebastian-pinera","tag-tarifazo-del-metro"],"yoast_head":"<!-- This site is optimized with the Yoast SEO plugin v27.1.1 - https:\/\/yoast.com\/product\/yoast-seo-wordpress\/ -->\n<title>Chile. Santiago alzado: No es el Metro, es el pinochetismo que agoniza<\/title>\n<meta name=\"description\" content=\"Por Andr\u00e9s Figueroa Cornejo &nbsp; Ver a mi pueblo humillado huyendo, pisoteado, gaseado, baleado, apaleado, es mi derrota. Ver a mi pueblo desesperado\" \/>\n<meta name=\"robots\" content=\"index, follow, max-snippet:-1, max-image-preview:large, max-video-preview:-1\" \/>\n<link rel=\"canonical\" href=\"https:\/\/www.pressenza.com\/es\/2019\/10\/chile-santiago-alzado-no-es-el-metro-es-el-pinochetismo-que-agoniza\/\" \/>\n<meta property=\"og:locale\" content=\"es_ES\" \/>\n<meta property=\"og:type\" content=\"article\" \/>\n<meta property=\"og:title\" content=\"Chile. Santiago alzado: No es el Metro, es el pinochetismo que agoniza\" \/>\n<meta property=\"og:description\" content=\"Por Andr\u00e9s Figueroa Cornejo &nbsp; Ver a mi pueblo humillado huyendo, pisoteado, gaseado, baleado, apaleado, es mi derrota. Ver a mi pueblo desesperado\" \/>\n<meta property=\"og:url\" content=\"https:\/\/www.pressenza.com\/es\/2019\/10\/chile-santiago-alzado-no-es-el-metro-es-el-pinochetismo-que-agoniza\/\" \/>\n<meta property=\"og:site_name\" content=\"Pressenza\" \/>\n<meta property=\"article:publisher\" content=\"https:\/\/www.facebook.com\/PressenzaItalia\" \/>\n<meta property=\"article:author\" content=\"https:\/\/www.facebook.com\/pressenza\" \/>\n<meta property=\"article:published_time\" content=\"2019-10-19T21:45:33+00:00\" \/>\n<meta property=\"og:image\" content=\"https:\/\/www.pressenza.com\/wp-content\/uploads\/2019\/10\/19-de-oct-milico-6.jpg\" \/>\n\t<meta property=\"og:image:width\" content=\"621\" \/>\n\t<meta property=\"og:image:height\" content=\"680\" \/>\n\t<meta property=\"og:image:type\" content=\"image\/jpeg\" \/>\n<meta name=\"author\" content=\"Redacci\u00f3n Chile\" \/>\n<meta name=\"twitter:card\" content=\"summary_large_image\" \/>\n<meta name=\"twitter:creator\" content=\"@pressenza\" \/>\n<meta name=\"twitter:site\" content=\"@PressenzaIPA\" \/>\n<meta name=\"twitter:label1\" content=\"Escrito por\" \/>\n\t<meta name=\"twitter:data1\" content=\"Redacci\u00f3n Chile\" \/>\n\t<meta name=\"twitter:label2\" content=\"Tiempo de lectura\" \/>\n\t<meta name=\"twitter:data2\" content=\"5 minutos\" \/>\n<script type=\"application\/ld+json\" class=\"yoast-schema-graph\">{\"@context\":\"https:\/\/schema.org\",\"@graph\":[{\"@type\":\"Article\",\"@id\":\"https:\/\/www.pressenza.com\/es\/2019\/10\/chile-santiago-alzado-no-es-el-metro-es-el-pinochetismo-que-agoniza\/#article\",\"isPartOf\":{\"@id\":\"https:\/\/www.pressenza.com\/es\/2019\/10\/chile-santiago-alzado-no-es-el-metro-es-el-pinochetismo-que-agoniza\/\"},\"author\":{\"name\":\"Redacci\u00f3n Chile\",\"@id\":\"https:\/\/www.pressenza.com\/es\/#\/schema\/person\/d7db40df35d6698ba69ba9ee260944ed\"},\"headline\":\"Chile. Santiago alzado: No es el Metro, es el pinochetismo que agoniza\",\"datePublished\":\"2019-10-19T21:45:33+00:00\",\"mainEntityOfPage\":{\"@id\":\"https:\/\/www.pressenza.com\/es\/2019\/10\/chile-santiago-alzado-no-es-el-metro-es-el-pinochetismo-que-agoniza\/\"},\"wordCount\":939,\"publisher\":{\"@id\":\"https:\/\/www.pressenza.com\/es\/#organization\"},\"image\":{\"@id\":\"https:\/\/www.pressenza.com\/es\/2019\/10\/chile-santiago-alzado-no-es-el-metro-es-el-pinochetismo-que-agoniza\/#primaryimage\"},\"thumbnailUrl\":\"https:\/\/www.pressenza.com\/wp-content\/uploads\/2019\/10\/19-de-oct-milico-6.jpg\",\"keywords\":[\"desigualdad\",\"estallido social\",\"precariado\",\"rebeli\u00f3n en Chile\",\"Sebasti\u00e1n Pi\u00f1era\",\"tarifazo del Metro\"],\"articleSection\":[\"Contenido Original\",\"Derechos Humanos\",\"Opiniones\",\"Pol\u00edtica\",\"Sudam\u00e9rica\"],\"inLanguage\":\"es\"},{\"@type\":\"WebPage\",\"@id\":\"https:\/\/www.pressenza.com\/es\/2019\/10\/chile-santiago-alzado-no-es-el-metro-es-el-pinochetismo-que-agoniza\/\",\"url\":\"https:\/\/www.pressenza.com\/es\/2019\/10\/chile-santiago-alzado-no-es-el-metro-es-el-pinochetismo-que-agoniza\/\",\"name\":\"Chile. Santiago alzado: No es el Metro, es el pinochetismo que agoniza\",\"isPartOf\":{\"@id\":\"https:\/\/www.pressenza.com\/es\/#website\"},\"primaryImageOfPage\":{\"@id\":\"https:\/\/www.pressenza.com\/es\/2019\/10\/chile-santiago-alzado-no-es-el-metro-es-el-pinochetismo-que-agoniza\/#primaryimage\"},\"image\":{\"@id\":\"https:\/\/www.pressenza.com\/es\/2019\/10\/chile-santiago-alzado-no-es-el-metro-es-el-pinochetismo-que-agoniza\/#primaryimage\"},\"thumbnailUrl\":\"https:\/\/www.pressenza.com\/wp-content\/uploads\/2019\/10\/19-de-oct-milico-6.jpg\",\"datePublished\":\"2019-10-19T21:45:33+00:00\",\"description\":\"Por Andr\u00e9s Figueroa Cornejo &nbsp; Ver a mi pueblo humillado huyendo, pisoteado, gaseado, baleado, apaleado, es mi derrota. Ver a mi pueblo desesperado\",\"breadcrumb\":{\"@id\":\"https:\/\/www.pressenza.com\/es\/2019\/10\/chile-santiago-alzado-no-es-el-metro-es-el-pinochetismo-que-agoniza\/#breadcrumb\"},\"inLanguage\":\"es\",\"potentialAction\":[{\"@type\":\"ReadAction\",\"target\":[\"https:\/\/www.pressenza.com\/es\/2019\/10\/chile-santiago-alzado-no-es-el-metro-es-el-pinochetismo-que-agoniza\/\"]}]},{\"@type\":\"ImageObject\",\"inLanguage\":\"es\",\"@id\":\"https:\/\/www.pressenza.com\/es\/2019\/10\/chile-santiago-alzado-no-es-el-metro-es-el-pinochetismo-que-agoniza\/#primaryimage\",\"url\":\"https:\/\/www.pressenza.com\/wp-content\/uploads\/2019\/10\/19-de-oct-milico-6.jpg\",\"contentUrl\":\"https:\/\/www.pressenza.com\/wp-content\/uploads\/2019\/10\/19-de-oct-milico-6.jpg\",\"width\":621,\"height\":680},{\"@type\":\"BreadcrumbList\",\"@id\":\"https:\/\/www.pressenza.com\/es\/2019\/10\/chile-santiago-alzado-no-es-el-metro-es-el-pinochetismo-que-agoniza\/#breadcrumb\",\"itemListElement\":[{\"@type\":\"ListItem\",\"position\":1,\"name\":\"Accueil\",\"item\":\"https:\/\/www.pressenza.com\/es\/\"},{\"@type\":\"ListItem\",\"position\":2,\"name\":\"Chile. Santiago alzado: No es el Metro, es el pinochetismo que agoniza\"}]},{\"@type\":\"WebSite\",\"@id\":\"https:\/\/www.pressenza.com\/es\/#website\",\"url\":\"https:\/\/www.pressenza.com\/es\/\",\"name\":\"Pressenza\",\"description\":\"International Press Agency\",\"publisher\":{\"@id\":\"https:\/\/www.pressenza.com\/es\/#organization\"},\"potentialAction\":[{\"@type\":\"SearchAction\",\"target\":{\"@type\":\"EntryPoint\",\"urlTemplate\":\"https:\/\/www.pressenza.com\/es\/?s={search_term_string}\"},\"query-input\":{\"@type\":\"PropertyValueSpecification\",\"valueRequired\":true,\"valueName\":\"search_term_string\"}}],\"inLanguage\":\"es\"},{\"@type\":\"Organization\",\"@id\":\"https:\/\/www.pressenza.com\/es\/#organization\",\"name\":\"Pressenza\",\"url\":\"https:\/\/www.pressenza.com\/es\/\",\"logo\":{\"@type\":\"ImageObject\",\"inLanguage\":\"es\",\"@id\":\"https:\/\/www.pressenza.com\/es\/#\/schema\/logo\/image\/\",\"url\":\"https:\/\/www.pressenza.com\/wp-content\/uploads\/2022\/10\/pressenza_logo_200x200.jpg\",\"contentUrl\":\"https:\/\/www.pressenza.com\/wp-content\/uploads\/2022\/10\/pressenza_logo_200x200.jpg\",\"width\":200,\"height\":200,\"caption\":\"Pressenza\"},\"image\":{\"@id\":\"https:\/\/www.pressenza.com\/es\/#\/schema\/logo\/image\/\"},\"sameAs\":[\"https:\/\/www.facebook.com\/PressenzaItalia\",\"https:\/\/x.com\/PressenzaIPA\"]},{\"@type\":\"Person\",\"@id\":\"https:\/\/www.pressenza.com\/es\/#\/schema\/person\/d7db40df35d6698ba69ba9ee260944ed\",\"name\":\"Redacci\u00f3n Chile\",\"description\":\"News from the Pressenza Bureau in Chile\",\"sameAs\":[\"https:\/\/www.facebook.com\/pressenza\",\"https:\/\/x.com\/pressenza\"],\"url\":\"https:\/\/www.pressenza.com\/es\/author\/redaccion-chile\/\"}]}<\/script>\n<!-- \/ Yoast SEO plugin. -->","yoast_head_json":{"title":"Chile. Santiago alzado: No es el Metro, es el pinochetismo que agoniza","description":"Por Andr\u00e9s Figueroa Cornejo &nbsp; Ver a mi pueblo humillado huyendo, pisoteado, gaseado, baleado, apaleado, es mi derrota. Ver a mi pueblo desesperado","robots":{"index":"index","follow":"follow","max-snippet":"max-snippet:-1","max-image-preview":"max-image-preview:large","max-video-preview":"max-video-preview:-1"},"canonical":"https:\/\/www.pressenza.com\/es\/2019\/10\/chile-santiago-alzado-no-es-el-metro-es-el-pinochetismo-que-agoniza\/","og_locale":"es_ES","og_type":"article","og_title":"Chile. Santiago alzado: No es el Metro, es el pinochetismo que agoniza","og_description":"Por Andr\u00e9s Figueroa Cornejo &nbsp; Ver a mi pueblo humillado huyendo, pisoteado, gaseado, baleado, apaleado, es mi derrota. Ver a mi pueblo desesperado","og_url":"https:\/\/www.pressenza.com\/es\/2019\/10\/chile-santiago-alzado-no-es-el-metro-es-el-pinochetismo-que-agoniza\/","og_site_name":"Pressenza","article_publisher":"https:\/\/www.facebook.com\/PressenzaItalia","article_author":"https:\/\/www.facebook.com\/pressenza","article_published_time":"2019-10-19T21:45:33+00:00","og_image":[{"width":621,"height":680,"url":"https:\/\/www.pressenza.com\/wp-content\/uploads\/2019\/10\/19-de-oct-milico-6.jpg","type":"image\/jpeg"}],"author":"Redacci\u00f3n Chile","twitter_card":"summary_large_image","twitter_creator":"@pressenza","twitter_site":"@PressenzaIPA","twitter_misc":{"Escrito por":"Redacci\u00f3n Chile","Tiempo de lectura":"5 minutos"},"schema":{"@context":"https:\/\/schema.org","@graph":[{"@type":"Article","@id":"https:\/\/www.pressenza.com\/es\/2019\/10\/chile-santiago-alzado-no-es-el-metro-es-el-pinochetismo-que-agoniza\/#article","isPartOf":{"@id":"https:\/\/www.pressenza.com\/es\/2019\/10\/chile-santiago-alzado-no-es-el-metro-es-el-pinochetismo-que-agoniza\/"},"author":{"name":"Redacci\u00f3n Chile","@id":"https:\/\/www.pressenza.com\/es\/#\/schema\/person\/d7db40df35d6698ba69ba9ee260944ed"},"headline":"Chile. Santiago alzado: No es el Metro, es el pinochetismo que agoniza","datePublished":"2019-10-19T21:45:33+00:00","mainEntityOfPage":{"@id":"https:\/\/www.pressenza.com\/es\/2019\/10\/chile-santiago-alzado-no-es-el-metro-es-el-pinochetismo-que-agoniza\/"},"wordCount":939,"publisher":{"@id":"https:\/\/www.pressenza.com\/es\/#organization"},"image":{"@id":"https:\/\/www.pressenza.com\/es\/2019\/10\/chile-santiago-alzado-no-es-el-metro-es-el-pinochetismo-que-agoniza\/#primaryimage"},"thumbnailUrl":"https:\/\/www.pressenza.com\/wp-content\/uploads\/2019\/10\/19-de-oct-milico-6.jpg","keywords":["desigualdad","estallido social","precariado","rebeli\u00f3n en Chile","Sebasti\u00e1n Pi\u00f1era","tarifazo del Metro"],"articleSection":["Contenido Original","Derechos Humanos","Opiniones","Pol\u00edtica","Sudam\u00e9rica"],"inLanguage":"es"},{"@type":"WebPage","@id":"https:\/\/www.pressenza.com\/es\/2019\/10\/chile-santiago-alzado-no-es-el-metro-es-el-pinochetismo-que-agoniza\/","url":"https:\/\/www.pressenza.com\/es\/2019\/10\/chile-santiago-alzado-no-es-el-metro-es-el-pinochetismo-que-agoniza\/","name":"Chile. Santiago alzado: No es el Metro, es el pinochetismo que agoniza","isPartOf":{"@id":"https:\/\/www.pressenza.com\/es\/#website"},"primaryImageOfPage":{"@id":"https:\/\/www.pressenza.com\/es\/2019\/10\/chile-santiago-alzado-no-es-el-metro-es-el-pinochetismo-que-agoniza\/#primaryimage"},"image":{"@id":"https:\/\/www.pressenza.com\/es\/2019\/10\/chile-santiago-alzado-no-es-el-metro-es-el-pinochetismo-que-agoniza\/#primaryimage"},"thumbnailUrl":"https:\/\/www.pressenza.com\/wp-content\/uploads\/2019\/10\/19-de-oct-milico-6.jpg","datePublished":"2019-10-19T21:45:33+00:00","description":"Por Andr\u00e9s Figueroa Cornejo &nbsp; Ver a mi pueblo humillado huyendo, pisoteado, gaseado, baleado, apaleado, es mi derrota. Ver a mi pueblo desesperado","breadcrumb":{"@id":"https:\/\/www.pressenza.com\/es\/2019\/10\/chile-santiago-alzado-no-es-el-metro-es-el-pinochetismo-que-agoniza\/#breadcrumb"},"inLanguage":"es","potentialAction":[{"@type":"ReadAction","target":["https:\/\/www.pressenza.com\/es\/2019\/10\/chile-santiago-alzado-no-es-el-metro-es-el-pinochetismo-que-agoniza\/"]}]},{"@type":"ImageObject","inLanguage":"es","@id":"https:\/\/www.pressenza.com\/es\/2019\/10\/chile-santiago-alzado-no-es-el-metro-es-el-pinochetismo-que-agoniza\/#primaryimage","url":"https:\/\/www.pressenza.com\/wp-content\/uploads\/2019\/10\/19-de-oct-milico-6.jpg","contentUrl":"https:\/\/www.pressenza.com\/wp-content\/uploads\/2019\/10\/19-de-oct-milico-6.jpg","width":621,"height":680},{"@type":"BreadcrumbList","@id":"https:\/\/www.pressenza.com\/es\/2019\/10\/chile-santiago-alzado-no-es-el-metro-es-el-pinochetismo-que-agoniza\/#breadcrumb","itemListElement":[{"@type":"ListItem","position":1,"name":"Accueil","item":"https:\/\/www.pressenza.com\/es\/"},{"@type":"ListItem","position":2,"name":"Chile. Santiago alzado: No es el Metro, es el pinochetismo que agoniza"}]},{"@type":"WebSite","@id":"https:\/\/www.pressenza.com\/es\/#website","url":"https:\/\/www.pressenza.com\/es\/","name":"Pressenza","description":"International Press Agency","publisher":{"@id":"https:\/\/www.pressenza.com\/es\/#organization"},"potentialAction":[{"@type":"SearchAction","target":{"@type":"EntryPoint","urlTemplate":"https:\/\/www.pressenza.com\/es\/?s={search_term_string}"},"query-input":{"@type":"PropertyValueSpecification","valueRequired":true,"valueName":"search_term_string"}}],"inLanguage":"es"},{"@type":"Organization","@id":"https:\/\/www.pressenza.com\/es\/#organization","name":"Pressenza","url":"https:\/\/www.pressenza.com\/es\/","logo":{"@type":"ImageObject","inLanguage":"es","@id":"https:\/\/www.pressenza.com\/es\/#\/schema\/logo\/image\/","url":"https:\/\/www.pressenza.com\/wp-content\/uploads\/2022\/10\/pressenza_logo_200x200.jpg","contentUrl":"https:\/\/www.pressenza.com\/wp-content\/uploads\/2022\/10\/pressenza_logo_200x200.jpg","width":200,"height":200,"caption":"Pressenza"},"image":{"@id":"https:\/\/www.pressenza.com\/es\/#\/schema\/logo\/image\/"},"sameAs":["https:\/\/www.facebook.com\/PressenzaItalia","https:\/\/x.com\/PressenzaIPA"]},{"@type":"Person","@id":"https:\/\/www.pressenza.com\/es\/#\/schema\/person\/d7db40df35d6698ba69ba9ee260944ed","name":"Redacci\u00f3n Chile","description":"News from the Pressenza Bureau in Chile","sameAs":["https:\/\/www.facebook.com\/pressenza","https:\/\/x.com\/pressenza"],"url":"https:\/\/www.pressenza.com\/es\/author\/redaccion-chile\/"}]}},"place":"Santiago de Chile","original_article_url":"","_links":{"self":[{"href":"https:\/\/www.pressenza.com\/es\/wp-json\/wp\/v2\/posts\/947991","targetHints":{"allow":["GET"]}}],"collection":[{"href":"https:\/\/www.pressenza.com\/es\/wp-json\/wp\/v2\/posts"}],"about":[{"href":"https:\/\/www.pressenza.com\/es\/wp-json\/wp\/v2\/types\/post"}],"author":[{"embeddable":true,"href":"https:\/\/www.pressenza.com\/es\/wp-json\/wp\/v2\/users\/43"}],"replies":[{"embeddable":true,"href":"https:\/\/www.pressenza.com\/es\/wp-json\/wp\/v2\/comments?post=947991"}],"version-history":[{"count":0,"href":"https:\/\/www.pressenza.com\/es\/wp-json\/wp\/v2\/posts\/947991\/revisions"}],"wp:featuredmedia":[{"embeddable":true,"href":"https:\/\/www.pressenza.com\/es\/wp-json\/wp\/v2\/media\/947992"}],"wp:attachment":[{"href":"https:\/\/www.pressenza.com\/es\/wp-json\/wp\/v2\/media?parent=947991"}],"wp:term":[{"taxonomy":"category","embeddable":true,"href":"https:\/\/www.pressenza.com\/es\/wp-json\/wp\/v2\/categories?post=947991"},{"taxonomy":"post_tag","embeddable":true,"href":"https:\/\/www.pressenza.com\/es\/wp-json\/wp\/v2\/tags?post=947991"}],"curies":[{"name":"wp","href":"https:\/\/api.w.org\/{rel}","templated":true}]}}