{"id":946065,"date":"2019-10-17T01:10:17","date_gmt":"2019-10-17T00:10:17","guid":{"rendered":"https:\/\/www.pressenza.com\/?p=946065"},"modified":"2019-10-17T01:10:17","modified_gmt":"2019-10-17T00:10:17","slug":"diego-pary-rodriguez-canciller-del-estado-plurinacional-de-bolivia-los-bolivianos-no-desean-volver-al-pasado","status":"publish","type":"post","link":"https:\/\/www.pressenza.com\/es\/2019\/10\/diego-pary-rodriguez-canciller-del-estado-plurinacional-de-bolivia-los-bolivianos-no-desean-volver-al-pasado\/","title":{"rendered":"Diego Pary Rodr\u00edguez, canciller del Estado Plurinacional de Bolivia: \u00abLos bolivianos no desean volver al pasado\u00bb"},"content":{"rendered":"<p>Por Foro de Comunicaci\u00f3n para la Integraci\u00f3n de NuestrAm\u00e9rica<\/p>\n<h4><strong>\u201c<\/strong>Antes se hablaba de las dos Bolivias: una Bolivia de los ind\u00edgenas, los obreros, los campesinos y otra Bolivia, del sector empresarial, del sector m\u00e1s acomodado en el pa\u00eds. Con la Asamblea Constituyente de 2006 se logra unir a todo el pueblo boliviano y hacer que cada boliviana y boliviano se sienta identificado con su Estado.\u201dafirm\u00f3 Diego Pary Rodr\u00edguez, canciller boliviano en di\u00e1logo con el Foro de Comunicaci\u00f3n para la Integraci\u00f3n de NuestrAm\u00e9rica.<\/h4>\n<p><em>A muy pocos d\u00edas de las elecciones generales en Bolivia, el Foro de Comunicaci\u00f3n para la Integraci\u00f3n de NuestrAm\u00e9rica entrevist\u00f3 al Ministro de Relaciones Exteriores del Estado Plurinacional de Bolivia Diego Pary Rodr\u00edguez. El di\u00e1logo tuvo lugar en los estudios centrales del Sistema Nacional de Radios de Pueblos Originarios en conexi\u00f3n con Quito y C\u00f3rdoba y fue retransmitida para toda Am\u00e9rica Latina a trav\u00e9s de la red de ALER.<\/em><\/p>\n<p><strong>Pol\u00edtica exterior e integraci\u00f3n regional<\/strong><\/p>\n<p>La conversaci\u00f3n se inici\u00f3 con la consulta sobre los logros m\u00e1s sobresalientes de la pol\u00edtica exterior de Bolivia durante el gobierno de Evo Morales.<\/p>\n<p>El canciller de Bolivia indic\u00f3 que la \u201ccontribuci\u00f3n m\u00e1s importante ha sido la de poder crear, construir, una pol\u00edtica exterior independiente, digna, con identidad propia y soberana\u201d. Bolivia no es m\u00e1s un mero acompa\u00f1ante de las posiciones hegem\u00f3nicas de otros pa\u00edses en el mundo sino que propone, participa y es parte de las decisiones en los diferentes foros multilaterales.<\/p>\n<p>La diplomacia boliviana es capaz de dialogar y trabajar no s\u00f3lo con quienes coinciden con nuestras posturas ideol\u00f3gicas, sino tambi\u00e9n con aquellos que no comparten nuestra visi\u00f3n. De all\u00ed que Bolivia se ha convertido en una bisagra para la integraci\u00f3n sudamericana y latinoamericana, por esa capacidad de articular en base a intereses comunes de los pueblos, agreg\u00f3 Pary.<\/p>\n<p>En relaci\u00f3n al futuro de UNASUR, y m\u00e1s espec\u00edficamente con relaci\u00f3n a versiones sobre un posible traslado de la Secretar\u00eda General a Bolivia, el diplom\u00e1tico dijo que es cierto que la Unasur atraviesa dificultades en este momento debido a la decisi\u00f3n de algunos pa\u00edses de no participar, \u201cpero tambi\u00e9n sabemos que los organismos internacionales nunca mueren.\u201d<\/p>\n<p>Afirm\u00f3 adem\u00e1s que UNASUR est\u00e1 vigente y en el momento en que haya un cambio en la regi\u00f3n y los pa\u00edses miembros decidan retomar su funcionamiento, UNASUR volver\u00e1 a articular a todos los Estados suramericanos. \u201cEs uno de los organismos que se han creado para integrar a nuestros pueblos sudamericanos y en ese marco seguiremos apoyando y promoviendo que los pueblos de la regi\u00f3n se puedan integrar, se puedan unir.\u201d<\/p>\n<p>Respecto al tema de la Secretar\u00eda General \u201ces un tema que se deber\u00e1 discutir, si es que su sede original ya no ofrece condiciones\u201d. A la fecha, el \u00fanico Estado miembro que ha denunciado el Tratado Constitutivo de UNASUR es Colombia. A pesar de que algunos otros no participan y la SG no est\u00e1 en funcionamiento, UNASUR tiene vigencia, remarc\u00f3 el ministro.<\/p>\n<p>Con referencia los posibles problemas para la cooperaci\u00f3n que suscita un Brasil gobernado por la derecha ultraconservadora y ultraliberal, el canciller precis\u00f3 que m\u00e1s all\u00e1 de las diferencias ideol\u00f3gicas, Bolivia mantiene una estrecha relaci\u00f3n con Brasil. \u201cEllos tienen su visi\u00f3n, nosotros la nuestra. Sin embargo, en temas de inter\u00e9s com\u00fan hemos logrado coordinar\u201d.<\/p>\n<p>En relaci\u00f3n a los efectos positivos para la integraci\u00f3n que suponen la elecci\u00f3n de M\u00e9xico para ejercer la presidencia pro t\u00e9mpore de la Comunidad de Estados Latinoamericanos y Caribe\u00f1os -CELAC- en 2020 y una muy probable victoria del candidato Fern\u00e1ndez en Argentina, Pary manifest\u00f3 que al tener M\u00e9xico \u201cun rol de liderazgo muy importante en Latinoam\u00e9rica, eso permitir\u00e1 tener o convocar a aquellos pa\u00edses que ten\u00edan algunas observaciones respecto al funcionamiento de la CELAC\u201d.<\/p>\n<p>\u201cEsperamos en enero poder concretar la pr\u00f3xima cumbre de la CELAC para que se pueda realizar el traspaso de Bolivia hacia M\u00e9xico\u201d, concluy\u00f3 el ministro.<\/p>\n<p><strong>Amazon\u00eda y crisis clim\u00e1tica<\/strong><\/p>\n<p>Ante la reciente crisis de incendios en la Amazon\u00eda que tambi\u00e9n afectaron a Bolivia, se consult\u00f3 al canciller sobre las medidas para enfrentar esta situaci\u00f3n tanto en lo nacional como en lo regional.<\/p>\n<p>El canciller repuso que las afectaciones del cambio clim\u00e1tico ya se est\u00e1n dejando ver. Mientras tanto, el acuerdo de Par\u00eds no termina de implementarse, los compromisos se est\u00e1n dejando esperar, y hay pa\u00edses que se est\u00e1n retirando del acuerdo intentando afectar su vigencia. Bolivia ha realizado foros internacionales y llevado la tem\u00e1tica a Naciones Unidas, OEA y CELAC. Es destacable el esfuerzo de Francia en ese sentido.<\/p>\n<p>Tambi\u00e9n en el \u00e1mbito regional se hicieron diferentes reuniones como por ejemplo la convocada por Per\u00fa y Colombia en la ciudad fronteriza de Leticia, donde los presidentes acordaron una hoja de ruta y acordaron temas donde se puede trabajar.<\/p>\n<p>En el \u00e1mbito nacional, Pary resalt\u00f3 el esfuerzo realizado por el Gobierno boliviano para atender los incendios en la Chiquitan\u00eda contratando empresas especializadas y articulando la cooperaci\u00f3n internacional, al par de disponer importantes contingentes de militares y voluntarios para apagar hasta los \u00faltimos focos de calor. En el contexto del momento pol\u00edtico que vive Bolivia, en etapa previa a elecciones, se ha intentado utilizar la tem\u00e1tica para afectar al gobierno a pesar de que la emergencia fue atendida con todo lo necesario.<\/p>\n<p>Ahora ya est\u00e1 en plena implementaci\u00f3n la fase pos-incendio para reforestar, recuperar los acu\u00edferos, reinsertar a los animales de la regi\u00f3n que han sido atendidos por especialistas y devolverle la vida a esta regi\u00f3n.<\/p>\n<p>\u201cCreemos que la experiencia generada por Bolivia es algo que f\u00e1cilmente se puede trasladar hacia el \u00e1mbito regional. Ser\u00e1 muy importante tener un centro log\u00edstico contra desastres naturales en Sudam\u00e9rica y Amazon\u00eda para que cuando se den este tipo de emergencias inmediatamente se pueda trabajar, reaccionar y puedan resolverse las dificultades que se vayan a presentar\u201d, concluy\u00f3.<\/p>\n<p><strong>Elecciones<\/strong><\/p>\n<p>Se consult\u00f3 tambi\u00e9n sobre los riesgos para Bolivia en la eventualidad que se produjera un regreso de la derecha, a lo que Diego Pary respondi\u00f3 enf\u00e1ticamente que eso no suceder\u00e1 \u201cporque los movimientos sociales y el pueblo boliviano est\u00e1n comprometidos con las grandes transformaciones que ha tenido nuestro pa\u00eds\u201d.<\/p>\n<p>Bolivia ha logrado, sobre la base de un modelo pol\u00edtico propio dejar atr\u00e1s las bases de un Estado republicano, colonial, para convertirse en un Estado Plurinacional que incorpora a todos los sectores. \u201cEl pueblo boliviano impedir\u00e1 que eso (el retorno de la derecha) suceda\u201d.<\/p>\n<p>Invitado por uno de los interlocutores period\u00edsticos a profundizar sobre el escenario al que se enfrentar\u00eda Bolivia ante un hipot\u00e9tico escenario de segunda vuelta y un eventual triunfo del candidato opositor Mesa, Pary Rodr\u00edguez puntualiz\u00f3 que Bolivia ha vivido en la \u00faltima d\u00e9cada un escenario de gran estabilidad pol\u00edtica, econ\u00f3mica y social. La hip\u00f3tesis planteada acerca de un triunfo opositor significar\u00eda un regreso a tiempos de gran inestabilidad como los acaecidos entre 2000 y 2005 en los que Bolivia tuvo 5 presidentes distintos. \u201cNing\u00fan boliviano desea que volvamos al pasado\u201d.<\/p>\n<p>Adem\u00e1s de la inestabilidad, el canciller precis\u00f3 que esto ser\u00eda volver a \u201cuna etapa donde los recursos naturales, las empresas estrat\u00e9gicas fueron privatizadas y los proyectos estrat\u00e9gicos del Estado como la industrializaci\u00f3n fueron abandonados\u201d.<\/p>\n<p>Por \u00faltimo se inquiri\u00f3 al ministro sobre posibles aspectos autocr\u00edticos o flaquezas a corregir a futuro, en el caso de continuar Evo Morales en la presidencia a lo que respondi\u00f3 que primeramente hay que tener en cuenta que una historia de 500 a\u00f1os no es f\u00e1cil de transformar en una d\u00e9cada. Bolivia es el pa\u00eds que m\u00e1s crece en los \u00faltimos 6 a\u00f1os en la regi\u00f3n, mientras que antes siempre est\u00e1bamos en el pen\u00faltimo lugar.<\/p>\n<p>\u201cPero un crecimiento econ\u00f3mico no tiene sentido si esto no cambia la vida de las personas\u201d, asever\u00f3. Hizo menci\u00f3n a la significativa reducci\u00f3n de la extrema pobreza lograda en los \u00faltimos trece a\u00f1os con una disminuci\u00f3n de 23 puntos porcentuales. \u201cNing\u00fan pa\u00eds en el mundo ha tenido un logro de esta naturaleza.\u201d A ello agreg\u00f3 que m\u00e1s de tres millones, cerca de un tercio de la poblaci\u00f3n, que estaban en situaci\u00f3n de pobreza, hoy forman parte de la clase media, lo que constituye un cambio significativo. \u201cEstas cifras nos muestran la gran transformaci\u00f3n que se ha dado en el pa\u00eds\u201d, reafirm\u00f3 Pary.<\/p>\n<p>A continuaci\u00f3n el canciller mencion\u00f3 el hecho de la Constituyente como un hito fundamental del que poco se habla. \u201cAntes se hablaba de las dos Bolivias: una Bolivia de los ind\u00edgenas, los obreros, los campesinos y otra Bolivia, del sector empresarial, del sector m\u00e1s acomodado en el pa\u00eds. En 2006 con la Asamblea Constituyente se logra unir a todo el pueblo boliviano. Hacer que cada boliviana y boliviano se sienta identificado con su Estado.\u201d Este fue un aporte fundamental porque permiti\u00f3 cambiar la estructura del Estado. A partir de all\u00ed, medidas claves como la nacionalizaci\u00f3n de los recursos y las empresas estrat\u00e9gicas han contribuido al desarrollo y permitido que Bolivia hoy sea l\u00edder en crecimiento econ\u00f3mico.<\/p>\n<p>\u201cSeguramente\u201d, complet\u00f3 el ministro, \u201chay algunas debilidades, algunos temas que no han sido debidamente satisfechos y es en ese contexto que en estos pr\u00f3ximos cinco a\u00f1os tenemos el gran desaf\u00edo de la industrializaci\u00f3n. No podemos seguir vendiendo materia prima, tenemos que transformarla y darle valor agregado. Hemos avanzado en la industrializaci\u00f3n del gas. La proyecci\u00f3n la tenemos con el litio. Bolivia es uno de los pa\u00edses que tiene la mayor riqueza de litio en el mundo y ese litio tiene que ser para proyectar a nuestro pueblo a un mayor desarrollo. Estamos seguros que en los pr\u00f3ximos cinco a\u00f1os lo lograremos.\u201d<\/p>\n<p><em>Participaron de la entrevista el Sistema Nacional de Radios de los Pueblos Originarios, la Agencia Latinoamericana de Informaci\u00f3n (ALAI), la Asociaci\u00f3n Latinoamericana de Educaci\u00f3n y Comunicaci\u00f3n Popular (ALER), el colectivo ComunicaSul y la agencia internacional de noticias Pressenza.<\/em><\/p>\n<p>&nbsp;<\/p>\n","protected":false},"excerpt":{"rendered":"<p>Por Foro de Comunicaci\u00f3n para la Integraci\u00f3n de NuestrAm\u00e9rica \u201cAntes se hablaba de las dos Bolivias: una Bolivia de los ind\u00edgenas, los obreros, los campesinos y otra Bolivia, del sector empresarial, del sector m\u00e1s acomodado en el pa\u00eds. Con la&hellip;<\/p>\n","protected":false},"author":1338,"featured_media":946067,"comment_status":"closed","ping_status":"closed","sticky":false,"template":"","format":"standard","meta":{"footnotes":""},"categories":[11389,155,74,67],"tags":[65513,65514,52347,28786,63866],"class_list":["post-946065","post","type-post","status-publish","format-standard","has-post-thumbnail","hentry","category-contenido-original","category-entrevistas","category-politica-es","category-sudamerica","tag-cancilleria-bolivia","tag-diego-pary","tag-evo-morales-ayma","tag-fcina","tag-proceso-de-cambio"],"yoast_head":"<!-- This site is optimized with the Yoast SEO plugin v27.1.1 - https:\/\/yoast.com\/product\/yoast-seo-wordpress\/ -->\n<title>Diego Pary Rodr\u00edguez, canciller del Estado Plurinacional de Bolivia: &quot;Los bolivianos no desean volver al pasado&quot;<\/title>\n<meta name=\"description\" content=\"Por Foro de Comunicaci\u00f3n para la Integraci\u00f3n de NuestrAm\u00e9rica \u201cAntes se hablaba de las dos Bolivias: una Bolivia de los ind\u00edgenas, los obreros, los\" \/>\n<meta name=\"robots\" content=\"index, follow, max-snippet:-1, max-image-preview:large, max-video-preview:-1\" \/>\n<link rel=\"canonical\" href=\"https:\/\/www.pressenza.com\/es\/2019\/10\/diego-pary-rodriguez-canciller-del-estado-plurinacional-de-bolivia-los-bolivianos-no-desean-volver-al-pasado\/\" \/>\n<meta property=\"og:locale\" content=\"es_ES\" \/>\n<meta property=\"og:type\" content=\"article\" \/>\n<meta property=\"og:title\" content=\"Diego Pary Rodr\u00edguez, canciller del Estado Plurinacional de Bolivia: &quot;Los bolivianos no desean volver al pasado&quot;\" \/>\n<meta property=\"og:description\" content=\"Por Foro de Comunicaci\u00f3n para la Integraci\u00f3n de NuestrAm\u00e9rica \u201cAntes se hablaba de las dos Bolivias: una Bolivia de los ind\u00edgenas, los obreros, los\" \/>\n<meta property=\"og:url\" content=\"https:\/\/www.pressenza.com\/es\/2019\/10\/diego-pary-rodriguez-canciller-del-estado-plurinacional-de-bolivia-los-bolivianos-no-desean-volver-al-pasado\/\" \/>\n<meta property=\"og:site_name\" content=\"Pressenza\" \/>\n<meta property=\"article:publisher\" content=\"https:\/\/www.facebook.com\/PressenzaItalia\" \/>\n<meta property=\"article:published_time\" content=\"2019-10-17T00:10:17+00:00\" \/>\n<meta property=\"og:image\" content=\"https:\/\/www.pressenza.com\/wp-content\/uploads\/2019\/10\/diego-pary_16102019_horizontal.jpeg\" \/>\n\t<meta property=\"og:image:width\" content=\"768\" \/>\n\t<meta property=\"og:image:height\" content=\"539\" \/>\n\t<meta property=\"og:image:type\" content=\"image\/jpeg\" \/>\n<meta name=\"author\" content=\"Foro de Comunicaci\u00f3n para la Integracion de NuestrAm\u00e9rica (FCINA)\" \/>\n<meta name=\"twitter:card\" content=\"summary_large_image\" \/>\n<meta name=\"twitter:creator\" content=\"@PressenzaIPA\" \/>\n<meta name=\"twitter:site\" content=\"@PressenzaIPA\" \/>\n<meta name=\"twitter:label1\" content=\"Escrito por\" \/>\n\t<meta name=\"twitter:data1\" content=\"Foro de Comunicaci\u00f3n para la Integracion de NuestrAm\u00e9rica (FCINA)\" \/>\n\t<meta name=\"twitter:label2\" content=\"Tiempo de lectura\" \/>\n\t<meta name=\"twitter:data2\" content=\"9 minutos\" \/>\n<script type=\"application\/ld+json\" class=\"yoast-schema-graph\">{\"@context\":\"https:\/\/schema.org\",\"@graph\":[{\"@type\":\"Article\",\"@id\":\"https:\/\/www.pressenza.com\/es\/2019\/10\/diego-pary-rodriguez-canciller-del-estado-plurinacional-de-bolivia-los-bolivianos-no-desean-volver-al-pasado\/#article\",\"isPartOf\":{\"@id\":\"https:\/\/www.pressenza.com\/es\/2019\/10\/diego-pary-rodriguez-canciller-del-estado-plurinacional-de-bolivia-los-bolivianos-no-desean-volver-al-pasado\/\"},\"author\":{\"name\":\"Foro de Comunicaci\u00f3n para la Integracion de NuestrAm\u00e9rica (FCINA)\",\"@id\":\"https:\/\/www.pressenza.com\/es\/#\/schema\/person\/bee2dba4625fd34d557d703cfd75f339\"},\"headline\":\"Diego Pary Rodr\u00edguez, canciller del Estado Plurinacional de Bolivia: \u00abLos bolivianos no desean volver al pasado\u00bb\",\"datePublished\":\"2019-10-17T00:10:17+00:00\",\"mainEntityOfPage\":{\"@id\":\"https:\/\/www.pressenza.com\/es\/2019\/10\/diego-pary-rodriguez-canciller-del-estado-plurinacional-de-bolivia-los-bolivianos-no-desean-volver-al-pasado\/\"},\"wordCount\":1774,\"publisher\":{\"@id\":\"https:\/\/www.pressenza.com\/es\/#organization\"},\"image\":{\"@id\":\"https:\/\/www.pressenza.com\/es\/2019\/10\/diego-pary-rodriguez-canciller-del-estado-plurinacional-de-bolivia-los-bolivianos-no-desean-volver-al-pasado\/#primaryimage\"},\"thumbnailUrl\":\"https:\/\/www.pressenza.com\/wp-content\/uploads\/2019\/10\/diego-pary_16102019_horizontal.jpeg\",\"keywords\":[\"Canciller\u00eda Bolivia\",\"Diego Pary\",\"Evo Morales Ayma\",\"FCINA\",\"Proceso de Cambio\"],\"articleSection\":[\"Contenido Original\",\"Entrevistas\",\"Pol\u00edtica\",\"Sudam\u00e9rica\"],\"inLanguage\":\"es\"},{\"@type\":\"WebPage\",\"@id\":\"https:\/\/www.pressenza.com\/es\/2019\/10\/diego-pary-rodriguez-canciller-del-estado-plurinacional-de-bolivia-los-bolivianos-no-desean-volver-al-pasado\/\",\"url\":\"https:\/\/www.pressenza.com\/es\/2019\/10\/diego-pary-rodriguez-canciller-del-estado-plurinacional-de-bolivia-los-bolivianos-no-desean-volver-al-pasado\/\",\"name\":\"Diego Pary Rodr\u00edguez, canciller del Estado Plurinacional de Bolivia: \\\"Los bolivianos no desean volver al pasado\\\"\",\"isPartOf\":{\"@id\":\"https:\/\/www.pressenza.com\/es\/#website\"},\"primaryImageOfPage\":{\"@id\":\"https:\/\/www.pressenza.com\/es\/2019\/10\/diego-pary-rodriguez-canciller-del-estado-plurinacional-de-bolivia-los-bolivianos-no-desean-volver-al-pasado\/#primaryimage\"},\"image\":{\"@id\":\"https:\/\/www.pressenza.com\/es\/2019\/10\/diego-pary-rodriguez-canciller-del-estado-plurinacional-de-bolivia-los-bolivianos-no-desean-volver-al-pasado\/#primaryimage\"},\"thumbnailUrl\":\"https:\/\/www.pressenza.com\/wp-content\/uploads\/2019\/10\/diego-pary_16102019_horizontal.jpeg\",\"datePublished\":\"2019-10-17T00:10:17+00:00\",\"description\":\"Por Foro de Comunicaci\u00f3n para la Integraci\u00f3n de NuestrAm\u00e9rica \u201cAntes se hablaba de las dos Bolivias: una Bolivia de los ind\u00edgenas, los obreros, los\",\"breadcrumb\":{\"@id\":\"https:\/\/www.pressenza.com\/es\/2019\/10\/diego-pary-rodriguez-canciller-del-estado-plurinacional-de-bolivia-los-bolivianos-no-desean-volver-al-pasado\/#breadcrumb\"},\"inLanguage\":\"es\",\"potentialAction\":[{\"@type\":\"ReadAction\",\"target\":[\"https:\/\/www.pressenza.com\/es\/2019\/10\/diego-pary-rodriguez-canciller-del-estado-plurinacional-de-bolivia-los-bolivianos-no-desean-volver-al-pasado\/\"]}]},{\"@type\":\"ImageObject\",\"inLanguage\":\"es\",\"@id\":\"https:\/\/www.pressenza.com\/es\/2019\/10\/diego-pary-rodriguez-canciller-del-estado-plurinacional-de-bolivia-los-bolivianos-no-desean-volver-al-pasado\/#primaryimage\",\"url\":\"https:\/\/www.pressenza.com\/wp-content\/uploads\/2019\/10\/diego-pary_16102019_horizontal.jpeg\",\"contentUrl\":\"https:\/\/www.pressenza.com\/wp-content\/uploads\/2019\/10\/diego-pary_16102019_horizontal.jpeg\",\"width\":768,\"height\":539},{\"@type\":\"BreadcrumbList\",\"@id\":\"https:\/\/www.pressenza.com\/es\/2019\/10\/diego-pary-rodriguez-canciller-del-estado-plurinacional-de-bolivia-los-bolivianos-no-desean-volver-al-pasado\/#breadcrumb\",\"itemListElement\":[{\"@type\":\"ListItem\",\"position\":1,\"name\":\"Accueil\",\"item\":\"https:\/\/www.pressenza.com\/es\/\"},{\"@type\":\"ListItem\",\"position\":2,\"name\":\"Diego Pary Rodr\u00edguez, canciller del Estado Plurinacional de Bolivia: \u00abLos bolivianos no desean volver al pasado\u00bb\"}]},{\"@type\":\"WebSite\",\"@id\":\"https:\/\/www.pressenza.com\/es\/#website\",\"url\":\"https:\/\/www.pressenza.com\/es\/\",\"name\":\"Pressenza\",\"description\":\"International Press Agency\",\"publisher\":{\"@id\":\"https:\/\/www.pressenza.com\/es\/#organization\"},\"potentialAction\":[{\"@type\":\"SearchAction\",\"target\":{\"@type\":\"EntryPoint\",\"urlTemplate\":\"https:\/\/www.pressenza.com\/es\/?s={search_term_string}\"},\"query-input\":{\"@type\":\"PropertyValueSpecification\",\"valueRequired\":true,\"valueName\":\"search_term_string\"}}],\"inLanguage\":\"es\"},{\"@type\":\"Organization\",\"@id\":\"https:\/\/www.pressenza.com\/es\/#organization\",\"name\":\"Pressenza\",\"url\":\"https:\/\/www.pressenza.com\/es\/\",\"logo\":{\"@type\":\"ImageObject\",\"inLanguage\":\"es\",\"@id\":\"https:\/\/www.pressenza.com\/es\/#\/schema\/logo\/image\/\",\"url\":\"https:\/\/www.pressenza.com\/wp-content\/uploads\/2022\/10\/pressenza_logo_200x200.jpg\",\"contentUrl\":\"https:\/\/www.pressenza.com\/wp-content\/uploads\/2022\/10\/pressenza_logo_200x200.jpg\",\"width\":200,\"height\":200,\"caption\":\"Pressenza\"},\"image\":{\"@id\":\"https:\/\/www.pressenza.com\/es\/#\/schema\/logo\/image\/\"},\"sameAs\":[\"https:\/\/www.facebook.com\/PressenzaItalia\",\"https:\/\/x.com\/PressenzaIPA\"]},{\"@type\":\"Person\",\"@id\":\"https:\/\/www.pressenza.com\/es\/#\/schema\/person\/bee2dba4625fd34d557d703cfd75f339\",\"name\":\"Foro de Comunicaci\u00f3n para la Integracion de NuestrAm\u00e9rica (FCINA)\",\"url\":\"https:\/\/www.pressenza.com\/es\/author\/fcina\/\"}]}<\/script>\n<!-- \/ Yoast SEO plugin. -->","yoast_head_json":{"title":"Diego Pary Rodr\u00edguez, canciller del Estado Plurinacional de Bolivia: \"Los bolivianos no desean volver al pasado\"","description":"Por Foro de Comunicaci\u00f3n para la Integraci\u00f3n de NuestrAm\u00e9rica \u201cAntes se hablaba de las dos Bolivias: una Bolivia de los ind\u00edgenas, los obreros, los","robots":{"index":"index","follow":"follow","max-snippet":"max-snippet:-1","max-image-preview":"max-image-preview:large","max-video-preview":"max-video-preview:-1"},"canonical":"https:\/\/www.pressenza.com\/es\/2019\/10\/diego-pary-rodriguez-canciller-del-estado-plurinacional-de-bolivia-los-bolivianos-no-desean-volver-al-pasado\/","og_locale":"es_ES","og_type":"article","og_title":"Diego Pary Rodr\u00edguez, canciller del Estado Plurinacional de Bolivia: \"Los bolivianos no desean volver al pasado\"","og_description":"Por Foro de Comunicaci\u00f3n para la Integraci\u00f3n de NuestrAm\u00e9rica \u201cAntes se hablaba de las dos Bolivias: una Bolivia de los ind\u00edgenas, los obreros, los","og_url":"https:\/\/www.pressenza.com\/es\/2019\/10\/diego-pary-rodriguez-canciller-del-estado-plurinacional-de-bolivia-los-bolivianos-no-desean-volver-al-pasado\/","og_site_name":"Pressenza","article_publisher":"https:\/\/www.facebook.com\/PressenzaItalia","article_published_time":"2019-10-17T00:10:17+00:00","og_image":[{"width":768,"height":539,"url":"https:\/\/www.pressenza.com\/wp-content\/uploads\/2019\/10\/diego-pary_16102019_horizontal.jpeg","type":"image\/jpeg"}],"author":"Foro de Comunicaci\u00f3n para la Integracion de NuestrAm\u00e9rica (FCINA)","twitter_card":"summary_large_image","twitter_creator":"@PressenzaIPA","twitter_site":"@PressenzaIPA","twitter_misc":{"Escrito por":"Foro de Comunicaci\u00f3n para la Integracion de NuestrAm\u00e9rica (FCINA)","Tiempo de lectura":"9 minutos"},"schema":{"@context":"https:\/\/schema.org","@graph":[{"@type":"Article","@id":"https:\/\/www.pressenza.com\/es\/2019\/10\/diego-pary-rodriguez-canciller-del-estado-plurinacional-de-bolivia-los-bolivianos-no-desean-volver-al-pasado\/#article","isPartOf":{"@id":"https:\/\/www.pressenza.com\/es\/2019\/10\/diego-pary-rodriguez-canciller-del-estado-plurinacional-de-bolivia-los-bolivianos-no-desean-volver-al-pasado\/"},"author":{"name":"Foro de Comunicaci\u00f3n para la Integracion de NuestrAm\u00e9rica (FCINA)","@id":"https:\/\/www.pressenza.com\/es\/#\/schema\/person\/bee2dba4625fd34d557d703cfd75f339"},"headline":"Diego Pary Rodr\u00edguez, canciller del Estado Plurinacional de Bolivia: \u00abLos bolivianos no desean volver al pasado\u00bb","datePublished":"2019-10-17T00:10:17+00:00","mainEntityOfPage":{"@id":"https:\/\/www.pressenza.com\/es\/2019\/10\/diego-pary-rodriguez-canciller-del-estado-plurinacional-de-bolivia-los-bolivianos-no-desean-volver-al-pasado\/"},"wordCount":1774,"publisher":{"@id":"https:\/\/www.pressenza.com\/es\/#organization"},"image":{"@id":"https:\/\/www.pressenza.com\/es\/2019\/10\/diego-pary-rodriguez-canciller-del-estado-plurinacional-de-bolivia-los-bolivianos-no-desean-volver-al-pasado\/#primaryimage"},"thumbnailUrl":"https:\/\/www.pressenza.com\/wp-content\/uploads\/2019\/10\/diego-pary_16102019_horizontal.jpeg","keywords":["Canciller\u00eda Bolivia","Diego Pary","Evo Morales Ayma","FCINA","Proceso de Cambio"],"articleSection":["Contenido Original","Entrevistas","Pol\u00edtica","Sudam\u00e9rica"],"inLanguage":"es"},{"@type":"WebPage","@id":"https:\/\/www.pressenza.com\/es\/2019\/10\/diego-pary-rodriguez-canciller-del-estado-plurinacional-de-bolivia-los-bolivianos-no-desean-volver-al-pasado\/","url":"https:\/\/www.pressenza.com\/es\/2019\/10\/diego-pary-rodriguez-canciller-del-estado-plurinacional-de-bolivia-los-bolivianos-no-desean-volver-al-pasado\/","name":"Diego Pary Rodr\u00edguez, canciller del Estado Plurinacional de Bolivia: \"Los bolivianos no desean volver al pasado\"","isPartOf":{"@id":"https:\/\/www.pressenza.com\/es\/#website"},"primaryImageOfPage":{"@id":"https:\/\/www.pressenza.com\/es\/2019\/10\/diego-pary-rodriguez-canciller-del-estado-plurinacional-de-bolivia-los-bolivianos-no-desean-volver-al-pasado\/#primaryimage"},"image":{"@id":"https:\/\/www.pressenza.com\/es\/2019\/10\/diego-pary-rodriguez-canciller-del-estado-plurinacional-de-bolivia-los-bolivianos-no-desean-volver-al-pasado\/#primaryimage"},"thumbnailUrl":"https:\/\/www.pressenza.com\/wp-content\/uploads\/2019\/10\/diego-pary_16102019_horizontal.jpeg","datePublished":"2019-10-17T00:10:17+00:00","description":"Por Foro de Comunicaci\u00f3n para la Integraci\u00f3n de NuestrAm\u00e9rica \u201cAntes se hablaba de las dos Bolivias: una Bolivia de los ind\u00edgenas, los obreros, los","breadcrumb":{"@id":"https:\/\/www.pressenza.com\/es\/2019\/10\/diego-pary-rodriguez-canciller-del-estado-plurinacional-de-bolivia-los-bolivianos-no-desean-volver-al-pasado\/#breadcrumb"},"inLanguage":"es","potentialAction":[{"@type":"ReadAction","target":["https:\/\/www.pressenza.com\/es\/2019\/10\/diego-pary-rodriguez-canciller-del-estado-plurinacional-de-bolivia-los-bolivianos-no-desean-volver-al-pasado\/"]}]},{"@type":"ImageObject","inLanguage":"es","@id":"https:\/\/www.pressenza.com\/es\/2019\/10\/diego-pary-rodriguez-canciller-del-estado-plurinacional-de-bolivia-los-bolivianos-no-desean-volver-al-pasado\/#primaryimage","url":"https:\/\/www.pressenza.com\/wp-content\/uploads\/2019\/10\/diego-pary_16102019_horizontal.jpeg","contentUrl":"https:\/\/www.pressenza.com\/wp-content\/uploads\/2019\/10\/diego-pary_16102019_horizontal.jpeg","width":768,"height":539},{"@type":"BreadcrumbList","@id":"https:\/\/www.pressenza.com\/es\/2019\/10\/diego-pary-rodriguez-canciller-del-estado-plurinacional-de-bolivia-los-bolivianos-no-desean-volver-al-pasado\/#breadcrumb","itemListElement":[{"@type":"ListItem","position":1,"name":"Accueil","item":"https:\/\/www.pressenza.com\/es\/"},{"@type":"ListItem","position":2,"name":"Diego Pary Rodr\u00edguez, canciller del Estado Plurinacional de Bolivia: \u00abLos bolivianos no desean volver al pasado\u00bb"}]},{"@type":"WebSite","@id":"https:\/\/www.pressenza.com\/es\/#website","url":"https:\/\/www.pressenza.com\/es\/","name":"Pressenza","description":"International Press Agency","publisher":{"@id":"https:\/\/www.pressenza.com\/es\/#organization"},"potentialAction":[{"@type":"SearchAction","target":{"@type":"EntryPoint","urlTemplate":"https:\/\/www.pressenza.com\/es\/?s={search_term_string}"},"query-input":{"@type":"PropertyValueSpecification","valueRequired":true,"valueName":"search_term_string"}}],"inLanguage":"es"},{"@type":"Organization","@id":"https:\/\/www.pressenza.com\/es\/#organization","name":"Pressenza","url":"https:\/\/www.pressenza.com\/es\/","logo":{"@type":"ImageObject","inLanguage":"es","@id":"https:\/\/www.pressenza.com\/es\/#\/schema\/logo\/image\/","url":"https:\/\/www.pressenza.com\/wp-content\/uploads\/2022\/10\/pressenza_logo_200x200.jpg","contentUrl":"https:\/\/www.pressenza.com\/wp-content\/uploads\/2022\/10\/pressenza_logo_200x200.jpg","width":200,"height":200,"caption":"Pressenza"},"image":{"@id":"https:\/\/www.pressenza.com\/es\/#\/schema\/logo\/image\/"},"sameAs":["https:\/\/www.facebook.com\/PressenzaItalia","https:\/\/x.com\/PressenzaIPA"]},{"@type":"Person","@id":"https:\/\/www.pressenza.com\/es\/#\/schema\/person\/bee2dba4625fd34d557d703cfd75f339","name":"Foro de Comunicaci\u00f3n para la Integracion de NuestrAm\u00e9rica (FCINA)","url":"https:\/\/www.pressenza.com\/es\/author\/fcina\/"}]}},"place":"La Paz, Bolivia","original_article_url":"","_links":{"self":[{"href":"https:\/\/www.pressenza.com\/es\/wp-json\/wp\/v2\/posts\/946065","targetHints":{"allow":["GET"]}}],"collection":[{"href":"https:\/\/www.pressenza.com\/es\/wp-json\/wp\/v2\/posts"}],"about":[{"href":"https:\/\/www.pressenza.com\/es\/wp-json\/wp\/v2\/types\/post"}],"author":[{"embeddable":true,"href":"https:\/\/www.pressenza.com\/es\/wp-json\/wp\/v2\/users\/1338"}],"replies":[{"embeddable":true,"href":"https:\/\/www.pressenza.com\/es\/wp-json\/wp\/v2\/comments?post=946065"}],"version-history":[{"count":0,"href":"https:\/\/www.pressenza.com\/es\/wp-json\/wp\/v2\/posts\/946065\/revisions"}],"wp:featuredmedia":[{"embeddable":true,"href":"https:\/\/www.pressenza.com\/es\/wp-json\/wp\/v2\/media\/946067"}],"wp:attachment":[{"href":"https:\/\/www.pressenza.com\/es\/wp-json\/wp\/v2\/media?parent=946065"}],"wp:term":[{"taxonomy":"category","embeddable":true,"href":"https:\/\/www.pressenza.com\/es\/wp-json\/wp\/v2\/categories?post=946065"},{"taxonomy":"post_tag","embeddable":true,"href":"https:\/\/www.pressenza.com\/es\/wp-json\/wp\/v2\/tags?post=946065"}],"curies":[{"name":"wp","href":"https:\/\/api.w.org\/{rel}","templated":true}]}}