{"id":94579,"date":"2014-03-17T18:35:39","date_gmt":"2014-03-17T18:35:39","guid":{"rendered":"http:\/\/www.pressenza.com\/?p=94579"},"modified":"2014-03-17T18:35:39","modified_gmt":"2014-03-17T18:35:39","slug":"venezuela-batalla-en-el-campo-diplomatico","status":"publish","type":"post","link":"https:\/\/www.pressenza.com\/es\/2014\/03\/venezuela-batalla-en-el-campo-diplomatico\/","title":{"rendered":"Venezuela batalla en el campo diplom\u00e1tico"},"content":{"rendered":"<div id=\"stcpDiv\">\n<div id=\"div_Detail1\"><strong>por Pablo Jofre Leal.-<\/strong><\/div>\n<div id=\"div_Detail2\" style=\"text-align: justify;\">\nA un a\u00f1o de la muerte del L\u00edder de la Revoluci\u00f3n Bolivariana, el Comandante Hugo Ch\u00e1vez Fr\u00edas, Venezuela se debate en un momento pol\u00edtico y social complejo, que ha significado una dura batalla en los campos econ\u00f3mico, pol\u00edtico y diplom\u00e1tico.<br \/>\nCoyuntura en la cual el presidente Nicol\u00e1s Maduro enfrenta dificultades econ\u00f3micas, manifestaciones callejeras, presiones diplom\u00e1ticas y una fuerte campa\u00f1a medi\u00e1tica opositora tanto interna como en el plano internacional. La zona este de Caracas &#8211; donde se ubican los barrios acomodados de la capital llanera &#8211; la ciudad de San Crist\u00f3bal en el Estado del T\u00e1chira &#8211; lim\u00edtrofe con Colombia &#8211; y otras ciudades menos visibles pero igualmente con presencia opositora en las calles, como son M\u00e9rida, Maracaibo, Valencia, han sido escenario de las denominadas \u201cGuarimbas\u201d: barricadas donde opositores al gobierno cierran calles y se enfrentan a las fuerzas policiales, mostrando al mundo, que desde su \u00f3ptica, Venezuela es un pa\u00eds ingobernable.<br \/>\nBajo ese ambiente y en el marco de la toma de posesi\u00f3n de la presidenta chilena Michelle Bachelet el d\u00eda 11 de marzo, el mandatario venezolano decidi\u00f3 no asistir a la ceremonia en la capital chilena argumentando que pol\u00edticos de la derecha chilena hab\u00edan orquestado un show para perjudicar no s\u00f3lo su presencia, sino tambi\u00e9n empa\u00f1ar la ceremonia de toma de mando de Bachelet \u201cfue una decisi\u00f3n basada en la sensatez, para que todo saliera bien\u201d declar\u00f3 el mandatario venezolano. El canciller venezolano El\u00edas Jaua ampli\u00f3 las razones, se\u00f1alando que \u201cnuestro presidente est\u00e1 enfrentando un intento de derrocamiento y est\u00e1 dedicado enteramente a ello\u201d.<\/p>\n<p>UNASUR SE HACE PRESENTE<br \/>\nSantiago de Chile sirvi\u00f3 de escenario para uno de los campos de batalla en el cual est\u00e1 inmerso el gobierno venezolano: el diplom\u00e1tico. Efectivamente, la capital chilena fue el marco para que los pa\u00edses miembros de la Uni\u00f3n de Naciones Suramericanas (Unasur) a trav\u00e9s de sus cancilleres, se reunieran para apoyar una serie de iniciativas destinadas a respaldar los esfuerzos de pacificaci\u00f3n en Venezuela.<br \/>\nUnasur decidi\u00f3 crear una comisi\u00f3n de acompa\u00f1amiento al trabajo de las denominadas Conferencias Nacionales Por la Paz, convocadas por el Gobierno de Nicol\u00e1s Maduro para terminar con las denominadas Guarimbas y avanzar en el di\u00e1logo social amplio y participativo. Unasur se condice con la disposici\u00f3n del presidente venezolano de invitar a una comisi\u00f3n del organismo regional, para que verifique la situaci\u00f3n venezolana in situ. As\u00ed lo anunci\u00f3 Maduro, durante la inauguraci\u00f3n de su programa de radio \u201cEn Contacto con Maduro\u201d donde ratific\u00f3 su visi\u00f3n que la agitaci\u00f3n callejera que vive Venezuela es parte de un intento de Golpe de Estado y que su gobierno, paso a paso, est\u00e1 derrotando. El mandatario llanero conmin\u00f3 a la oposici\u00f3n a hacerse presente en las mesas de di\u00e1logo, a las que se niegan a participar argumentando que no validar\u00e1n iniciativas destinada a \u201cblanquear\u201d la represi\u00f3n gubernamental, m\u00e1s aun cuando se les proh\u00edbe manifestarse en ciertas zonas de Caracas, declaradas por el gobierno como Zonas de paz.<br \/>\nPara Juan Carlos Monedero, profesor de Ciencia Pol\u00edtica en la Universidad Complutense la crisis que afecta a Venezuela \u201csi bien puede tener ciertas demandas estructurales derivadas del propio modelo chavista que es necesario escuchar, no cabe duda de que esas demandas est\u00e1n siendo usadas por Estados Unidos para volver sobre una regi\u00f3n, que todav\u00eda no admite que no es suyo. Lo que sucede en Venezuela es una se\u00f1al clara de que lo que se puso en marcha con Ch\u00e1vez ha servido de ejemplo regional\u2026por eso esta concentraci\u00f3n de esfuerzos en tratar de sacar de escena al chavismo. La desestabilizaci\u00f3n puesta en marcha en Venezuela tiene como tel\u00f3n de fondo el inter\u00e9s norteamericano en los recursos naturales y la posici\u00f3n geopol\u00edtica\u2026\u201d para Monedero lo que sucede en Venezuela se dirige a la regi\u00f3n y as\u00ed lo han entendido los l\u00edderes latinoamericanos, que han dado su apoyo a Maduro\u201d.<br \/>\nSantiago y la reuni\u00f3n de Unasur fue una clara se\u00f1al, de entender que lo acontecido en Venezuela puede tener efectos devastadores en otros pa\u00edses latinoamericanos. Por ello, los presidentes que asistieron a la cita, coincidieron con mayor o menor \u00e9nfasis que: Venezuela es una democracia, que su Mandatario fue electo leg\u00edtimamente y lo que hay que hacer es trabajar por la pacificaci\u00f3n social, en el marco del respeto constitucional. Unasur fue un aval poderoso para la postura de Maduro y un varapalo a una oposici\u00f3n que comprueba que en la batalla diplom\u00e1tica, al menos en Latinoam\u00e9rica sus posturas no calan hondo.<br \/>\nLa reuni\u00f3n de Unasur, su decisi\u00f3n de acompa\u00f1ar los di\u00e1logos de paz promovidos por el gobierno venezolano y la fuerte campa\u00f1a comunicacional llamando a la paz por parte del propio Maduro gener\u00f3 un fuerte apoyo a la necesidad de terminar con las denominadas Guarimbas, que la pasada semana significaron incluso la muerte de una ciudadana chilena, activa militante chavista. Ese panorama, unido a la declaraci\u00f3n de la OEA llamando a continuar el \u201cdi\u00e1logo nacional\u201d fueron un fuerte espaldarazo a Caracas y una derrota a las posiciones antichavistas defendidas s\u00f3lo por Estados Unidos, Canad\u00e1 y Panam\u00e1.<br \/>\nLa declaraci\u00f3n de la OEA expres\u00f3 sus condolencias por las v\u00edctimas registradas en las protestas que comenzaron en febrero del a\u00f1o 2014, pide avanzar en las investigaciones al respecto, rechaza la violencia y llama a respetar los derechos humanos; al tiempo que muestra \u00abrespeto al principio de no intervenci\u00f3n en los asuntos internos de los Estados\u00bb. Adem\u00e1s, manifest\u00f3 su \u00abreconocimiento, pleno respaldo y aliento a las iniciativas y los esfuerzos del Gobierno democr\u00e1ticamente electo de Venezuela y de todos los sectores pol\u00edticos, econ\u00f3micos y sociales para que contin\u00faen avanzando en el proceso de di\u00e1logo nacional, hacia la reconciliaci\u00f3n pol\u00edtica y social, con respeto a las garant\u00edas constitucionales y por parte de todos los actores\u00bb.<br \/>\nEl triunfo diplom\u00e1tico, tanto en la OEA como en Unasur son un fuerte aliciente a los esfuerzos del gobierno chavista por separar aguas entre la derecha m\u00e1s radical y aquella dispuesta al di\u00e1logo. Sobre todo en momentos que arrecia la campa\u00f1a pol\u00edtica y medi\u00e1tica de una oposici\u00f3n que ha rumiado su decepci\u00f3n en el campo internacional, lanzando llamados a nuevas manifestaciones que podr\u00edan elevar la cantidad de muertos, heridos y detenidos en un pa\u00eds, que tras un a\u00f1o de la muerte de Ch\u00e1vez, trata de encontrar su rumbo bajo el paraguas de la paz social.<\/p><\/div>\n<\/div>\n","protected":false},"excerpt":{"rendered":"<p>por Pablo Jofre Leal.- A un a\u00f1o de la muerte del L\u00edder de la Revoluci\u00f3n Bolivariana, el Comandante Hugo Ch\u00e1vez Fr\u00edas, Venezuela se debate en un momento pol\u00edtico y social complejo, que ha significado una dura batalla en los campos&hellip;<\/p>\n","protected":false},"author":954,"featured_media":94580,"comment_status":"closed","ping_status":"open","sticky":false,"template":"","format":"standard","meta":{"footnotes":""},"categories":[76,39,67],"tags":[9230,5286,4637,3883],"class_list":["post-94579","post","type-post","status-publish","format-standard","has-post-thumbnail","hentry","category-relaciones-exteriores","category-internacional","category-sudamerica","tag-nicolas-maduro-es-en-es","tag-oea","tag-unasur-es","tag-venezuela-es"],"yoast_head":"<!-- This site is optimized with the Yoast SEO plugin v27.1.1 - https:\/\/yoast.com\/product\/yoast-seo-wordpress\/ -->\n<title>Venezuela batalla en el campo diplom\u00e1tico<\/title>\n<meta name=\"description\" content=\"por Pablo Jofre Leal.- A un a\u00f1o de la muerte del L\u00edder de la Revoluci\u00f3n Bolivariana, el Comandante Hugo Ch\u00e1vez Fr\u00edas, Venezuela se debate en un momento\" \/>\n<meta name=\"robots\" content=\"index, follow, max-snippet:-1, max-image-preview:large, max-video-preview:-1\" \/>\n<link rel=\"canonical\" href=\"https:\/\/www.pressenza.com\/es\/2014\/03\/venezuela-batalla-en-el-campo-diplomatico\/\" \/>\n<meta property=\"og:locale\" content=\"es_ES\" \/>\n<meta property=\"og:type\" content=\"article\" \/>\n<meta property=\"og:title\" content=\"Venezuela batalla en el campo diplom\u00e1tico\" \/>\n<meta property=\"og:description\" content=\"por Pablo Jofre Leal.- A un a\u00f1o de la muerte del L\u00edder de la Revoluci\u00f3n Bolivariana, el Comandante Hugo Ch\u00e1vez Fr\u00edas, Venezuela se debate en un momento\" \/>\n<meta property=\"og:url\" content=\"https:\/\/www.pressenza.com\/es\/2014\/03\/venezuela-batalla-en-el-campo-diplomatico\/\" \/>\n<meta property=\"og:site_name\" content=\"Pressenza\" \/>\n<meta property=\"article:publisher\" content=\"https:\/\/www.facebook.com\/PressenzaItalia\" \/>\n<meta property=\"article:author\" content=\"https:\/\/www.facebook.com\/Hispantv\" \/>\n<meta property=\"article:published_time\" content=\"2014-03-17T18:35:39+00:00\" \/>\n<meta property=\"og:image\" content=\"https:\/\/www.pressenza.com\/wp-content\/uploads\/2014\/03\/banderas.jpg\" \/>\n\t<meta property=\"og:image:width\" content=\"450\" \/>\n\t<meta property=\"og:image:height\" content=\"241\" \/>\n\t<meta property=\"og:image:type\" content=\"image\/jpeg\" \/>\n<meta name=\"author\" content=\"HispanTV\" \/>\n<meta name=\"twitter:card\" content=\"summary_large_image\" \/>\n<meta name=\"twitter:creator\" content=\"@Hispantv\" \/>\n<meta name=\"twitter:site\" content=\"@PressenzaIPA\" \/>\n<meta name=\"twitter:label1\" content=\"Escrito por\" \/>\n\t<meta name=\"twitter:data1\" content=\"HispanTV\" \/>\n\t<meta name=\"twitter:label2\" content=\"Tiempo de lectura\" \/>\n\t<meta name=\"twitter:data2\" content=\"6 minutos\" \/>\n<script type=\"application\/ld+json\" class=\"yoast-schema-graph\">{\"@context\":\"https:\/\/schema.org\",\"@graph\":[{\"@type\":\"Article\",\"@id\":\"https:\/\/www.pressenza.com\/es\/2014\/03\/venezuela-batalla-en-el-campo-diplomatico\/#article\",\"isPartOf\":{\"@id\":\"https:\/\/www.pressenza.com\/es\/2014\/03\/venezuela-batalla-en-el-campo-diplomatico\/\"},\"author\":{\"name\":\"HispanTV\",\"@id\":\"https:\/\/www.pressenza.com\/es\/#\/schema\/person\/2e5ffdf0e238fbba512bcf5c97959187\"},\"headline\":\"Venezuela batalla en el campo diplom\u00e1tico\",\"datePublished\":\"2014-03-17T18:35:39+00:00\",\"mainEntityOfPage\":{\"@id\":\"https:\/\/www.pressenza.com\/es\/2014\/03\/venezuela-batalla-en-el-campo-diplomatico\/\"},\"wordCount\":1153,\"publisher\":{\"@id\":\"https:\/\/www.pressenza.com\/es\/#organization\"},\"image\":{\"@id\":\"https:\/\/www.pressenza.com\/es\/2014\/03\/venezuela-batalla-en-el-campo-diplomatico\/#primaryimage\"},\"thumbnailUrl\":\"https:\/\/www.pressenza.com\/wp-content\/uploads\/2014\/03\/banderas.jpg\",\"keywords\":[\"Nicol\u00e1s Maduro\",\"OEA\",\"Unasur\",\"Venezuela\"],\"articleSection\":[\"Asuntos internacionales\",\"Internacional\",\"Sudam\u00e9rica\"],\"inLanguage\":\"es\"},{\"@type\":\"WebPage\",\"@id\":\"https:\/\/www.pressenza.com\/es\/2014\/03\/venezuela-batalla-en-el-campo-diplomatico\/\",\"url\":\"https:\/\/www.pressenza.com\/es\/2014\/03\/venezuela-batalla-en-el-campo-diplomatico\/\",\"name\":\"Venezuela batalla en el campo diplom\u00e1tico\",\"isPartOf\":{\"@id\":\"https:\/\/www.pressenza.com\/es\/#website\"},\"primaryImageOfPage\":{\"@id\":\"https:\/\/www.pressenza.com\/es\/2014\/03\/venezuela-batalla-en-el-campo-diplomatico\/#primaryimage\"},\"image\":{\"@id\":\"https:\/\/www.pressenza.com\/es\/2014\/03\/venezuela-batalla-en-el-campo-diplomatico\/#primaryimage\"},\"thumbnailUrl\":\"https:\/\/www.pressenza.com\/wp-content\/uploads\/2014\/03\/banderas.jpg\",\"datePublished\":\"2014-03-17T18:35:39+00:00\",\"description\":\"por Pablo Jofre Leal.- A un a\u00f1o de la muerte del L\u00edder de la Revoluci\u00f3n Bolivariana, el Comandante Hugo Ch\u00e1vez Fr\u00edas, Venezuela se debate en un momento\",\"breadcrumb\":{\"@id\":\"https:\/\/www.pressenza.com\/es\/2014\/03\/venezuela-batalla-en-el-campo-diplomatico\/#breadcrumb\"},\"inLanguage\":\"es\",\"potentialAction\":[{\"@type\":\"ReadAction\",\"target\":[\"https:\/\/www.pressenza.com\/es\/2014\/03\/venezuela-batalla-en-el-campo-diplomatico\/\"]}]},{\"@type\":\"ImageObject\",\"inLanguage\":\"es\",\"@id\":\"https:\/\/www.pressenza.com\/es\/2014\/03\/venezuela-batalla-en-el-campo-diplomatico\/#primaryimage\",\"url\":\"https:\/\/www.pressenza.com\/wp-content\/uploads\/2014\/03\/banderas.jpg\",\"contentUrl\":\"https:\/\/www.pressenza.com\/wp-content\/uploads\/2014\/03\/banderas.jpg\",\"width\":450,\"height\":241},{\"@type\":\"BreadcrumbList\",\"@id\":\"https:\/\/www.pressenza.com\/es\/2014\/03\/venezuela-batalla-en-el-campo-diplomatico\/#breadcrumb\",\"itemListElement\":[{\"@type\":\"ListItem\",\"position\":1,\"name\":\"Accueil\",\"item\":\"https:\/\/www.pressenza.com\/es\/\"},{\"@type\":\"ListItem\",\"position\":2,\"name\":\"Venezuela batalla en el campo diplom\u00e1tico\"}]},{\"@type\":\"WebSite\",\"@id\":\"https:\/\/www.pressenza.com\/es\/#website\",\"url\":\"https:\/\/www.pressenza.com\/es\/\",\"name\":\"Pressenza\",\"description\":\"International Press Agency\",\"publisher\":{\"@id\":\"https:\/\/www.pressenza.com\/es\/#organization\"},\"potentialAction\":[{\"@type\":\"SearchAction\",\"target\":{\"@type\":\"EntryPoint\",\"urlTemplate\":\"https:\/\/www.pressenza.com\/es\/?s={search_term_string}\"},\"query-input\":{\"@type\":\"PropertyValueSpecification\",\"valueRequired\":true,\"valueName\":\"search_term_string\"}}],\"inLanguage\":\"es\"},{\"@type\":\"Organization\",\"@id\":\"https:\/\/www.pressenza.com\/es\/#organization\",\"name\":\"Pressenza\",\"url\":\"https:\/\/www.pressenza.com\/es\/\",\"logo\":{\"@type\":\"ImageObject\",\"inLanguage\":\"es\",\"@id\":\"https:\/\/www.pressenza.com\/es\/#\/schema\/logo\/image\/\",\"url\":\"https:\/\/www.pressenza.com\/wp-content\/uploads\/2022\/10\/pressenza_logo_200x200.jpg\",\"contentUrl\":\"https:\/\/www.pressenza.com\/wp-content\/uploads\/2022\/10\/pressenza_logo_200x200.jpg\",\"width\":200,\"height\":200,\"caption\":\"Pressenza\"},\"image\":{\"@id\":\"https:\/\/www.pressenza.com\/es\/#\/schema\/logo\/image\/\"},\"sameAs\":[\"https:\/\/www.facebook.com\/PressenzaItalia\",\"https:\/\/x.com\/PressenzaIPA\"]},{\"@type\":\"Person\",\"@id\":\"https:\/\/www.pressenza.com\/es\/#\/schema\/person\/2e5ffdf0e238fbba512bcf5c97959187\",\"name\":\"HispanTV\",\"description\":\"Trabajar bajo el f\u00e9rreo compromiso como medio de comunicaci\u00f3n para fomentar el acercamiento entre los pueblos de Ir\u00e1n, el Hispanoamericano y los de Medio Oriente, considerando adem\u00e1s la necesidad de crear una mayor cercan\u00eda entre todos los pueblos de Am\u00e9rica Latina. http:\/\/www.hispantv.com\/\",\"sameAs\":[\"http:\/\/www.hispantv.ir\",\"https:\/\/www.facebook.com\/Hispantv\",\"https:\/\/x.com\/Hispantv\"],\"url\":\"https:\/\/www.pressenza.com\/es\/author\/hispantv\/\"}]}<\/script>\n<!-- \/ Yoast SEO plugin. -->","yoast_head_json":{"title":"Venezuela batalla en el campo diplom\u00e1tico","description":"por Pablo Jofre Leal.- A un a\u00f1o de la muerte del L\u00edder de la Revoluci\u00f3n Bolivariana, el Comandante Hugo Ch\u00e1vez Fr\u00edas, Venezuela se debate en un momento","robots":{"index":"index","follow":"follow","max-snippet":"max-snippet:-1","max-image-preview":"max-image-preview:large","max-video-preview":"max-video-preview:-1"},"canonical":"https:\/\/www.pressenza.com\/es\/2014\/03\/venezuela-batalla-en-el-campo-diplomatico\/","og_locale":"es_ES","og_type":"article","og_title":"Venezuela batalla en el campo diplom\u00e1tico","og_description":"por Pablo Jofre Leal.- A un a\u00f1o de la muerte del L\u00edder de la Revoluci\u00f3n Bolivariana, el Comandante Hugo Ch\u00e1vez Fr\u00edas, Venezuela se debate en un momento","og_url":"https:\/\/www.pressenza.com\/es\/2014\/03\/venezuela-batalla-en-el-campo-diplomatico\/","og_site_name":"Pressenza","article_publisher":"https:\/\/www.facebook.com\/PressenzaItalia","article_author":"https:\/\/www.facebook.com\/Hispantv","article_published_time":"2014-03-17T18:35:39+00:00","og_image":[{"width":450,"height":241,"url":"https:\/\/www.pressenza.com\/wp-content\/uploads\/2014\/03\/banderas.jpg","type":"image\/jpeg"}],"author":"HispanTV","twitter_card":"summary_large_image","twitter_creator":"@Hispantv","twitter_site":"@PressenzaIPA","twitter_misc":{"Escrito por":"HispanTV","Tiempo de lectura":"6 minutos"},"schema":{"@context":"https:\/\/schema.org","@graph":[{"@type":"Article","@id":"https:\/\/www.pressenza.com\/es\/2014\/03\/venezuela-batalla-en-el-campo-diplomatico\/#article","isPartOf":{"@id":"https:\/\/www.pressenza.com\/es\/2014\/03\/venezuela-batalla-en-el-campo-diplomatico\/"},"author":{"name":"HispanTV","@id":"https:\/\/www.pressenza.com\/es\/#\/schema\/person\/2e5ffdf0e238fbba512bcf5c97959187"},"headline":"Venezuela batalla en el campo diplom\u00e1tico","datePublished":"2014-03-17T18:35:39+00:00","mainEntityOfPage":{"@id":"https:\/\/www.pressenza.com\/es\/2014\/03\/venezuela-batalla-en-el-campo-diplomatico\/"},"wordCount":1153,"publisher":{"@id":"https:\/\/www.pressenza.com\/es\/#organization"},"image":{"@id":"https:\/\/www.pressenza.com\/es\/2014\/03\/venezuela-batalla-en-el-campo-diplomatico\/#primaryimage"},"thumbnailUrl":"https:\/\/www.pressenza.com\/wp-content\/uploads\/2014\/03\/banderas.jpg","keywords":["Nicol\u00e1s Maduro","OEA","Unasur","Venezuela"],"articleSection":["Asuntos internacionales","Internacional","Sudam\u00e9rica"],"inLanguage":"es"},{"@type":"WebPage","@id":"https:\/\/www.pressenza.com\/es\/2014\/03\/venezuela-batalla-en-el-campo-diplomatico\/","url":"https:\/\/www.pressenza.com\/es\/2014\/03\/venezuela-batalla-en-el-campo-diplomatico\/","name":"Venezuela batalla en el campo diplom\u00e1tico","isPartOf":{"@id":"https:\/\/www.pressenza.com\/es\/#website"},"primaryImageOfPage":{"@id":"https:\/\/www.pressenza.com\/es\/2014\/03\/venezuela-batalla-en-el-campo-diplomatico\/#primaryimage"},"image":{"@id":"https:\/\/www.pressenza.com\/es\/2014\/03\/venezuela-batalla-en-el-campo-diplomatico\/#primaryimage"},"thumbnailUrl":"https:\/\/www.pressenza.com\/wp-content\/uploads\/2014\/03\/banderas.jpg","datePublished":"2014-03-17T18:35:39+00:00","description":"por Pablo Jofre Leal.- A un a\u00f1o de la muerte del L\u00edder de la Revoluci\u00f3n Bolivariana, el Comandante Hugo Ch\u00e1vez Fr\u00edas, Venezuela se debate en un momento","breadcrumb":{"@id":"https:\/\/www.pressenza.com\/es\/2014\/03\/venezuela-batalla-en-el-campo-diplomatico\/#breadcrumb"},"inLanguage":"es","potentialAction":[{"@type":"ReadAction","target":["https:\/\/www.pressenza.com\/es\/2014\/03\/venezuela-batalla-en-el-campo-diplomatico\/"]}]},{"@type":"ImageObject","inLanguage":"es","@id":"https:\/\/www.pressenza.com\/es\/2014\/03\/venezuela-batalla-en-el-campo-diplomatico\/#primaryimage","url":"https:\/\/www.pressenza.com\/wp-content\/uploads\/2014\/03\/banderas.jpg","contentUrl":"https:\/\/www.pressenza.com\/wp-content\/uploads\/2014\/03\/banderas.jpg","width":450,"height":241},{"@type":"BreadcrumbList","@id":"https:\/\/www.pressenza.com\/es\/2014\/03\/venezuela-batalla-en-el-campo-diplomatico\/#breadcrumb","itemListElement":[{"@type":"ListItem","position":1,"name":"Accueil","item":"https:\/\/www.pressenza.com\/es\/"},{"@type":"ListItem","position":2,"name":"Venezuela batalla en el campo diplom\u00e1tico"}]},{"@type":"WebSite","@id":"https:\/\/www.pressenza.com\/es\/#website","url":"https:\/\/www.pressenza.com\/es\/","name":"Pressenza","description":"International Press Agency","publisher":{"@id":"https:\/\/www.pressenza.com\/es\/#organization"},"potentialAction":[{"@type":"SearchAction","target":{"@type":"EntryPoint","urlTemplate":"https:\/\/www.pressenza.com\/es\/?s={search_term_string}"},"query-input":{"@type":"PropertyValueSpecification","valueRequired":true,"valueName":"search_term_string"}}],"inLanguage":"es"},{"@type":"Organization","@id":"https:\/\/www.pressenza.com\/es\/#organization","name":"Pressenza","url":"https:\/\/www.pressenza.com\/es\/","logo":{"@type":"ImageObject","inLanguage":"es","@id":"https:\/\/www.pressenza.com\/es\/#\/schema\/logo\/image\/","url":"https:\/\/www.pressenza.com\/wp-content\/uploads\/2022\/10\/pressenza_logo_200x200.jpg","contentUrl":"https:\/\/www.pressenza.com\/wp-content\/uploads\/2022\/10\/pressenza_logo_200x200.jpg","width":200,"height":200,"caption":"Pressenza"},"image":{"@id":"https:\/\/www.pressenza.com\/es\/#\/schema\/logo\/image\/"},"sameAs":["https:\/\/www.facebook.com\/PressenzaItalia","https:\/\/x.com\/PressenzaIPA"]},{"@type":"Person","@id":"https:\/\/www.pressenza.com\/es\/#\/schema\/person\/2e5ffdf0e238fbba512bcf5c97959187","name":"HispanTV","description":"Trabajar bajo el f\u00e9rreo compromiso como medio de comunicaci\u00f3n para fomentar el acercamiento entre los pueblos de Ir\u00e1n, el Hispanoamericano y los de Medio Oriente, considerando adem\u00e1s la necesidad de crear una mayor cercan\u00eda entre todos los pueblos de Am\u00e9rica Latina. http:\/\/www.hispantv.com\/","sameAs":["http:\/\/www.hispantv.ir","https:\/\/www.facebook.com\/Hispantv","https:\/\/x.com\/Hispantv"],"url":"https:\/\/www.pressenza.com\/es\/author\/hispantv\/"}]}},"place":"","original_article_url":"","_links":{"self":[{"href":"https:\/\/www.pressenza.com\/es\/wp-json\/wp\/v2\/posts\/94579","targetHints":{"allow":["GET"]}}],"collection":[{"href":"https:\/\/www.pressenza.com\/es\/wp-json\/wp\/v2\/posts"}],"about":[{"href":"https:\/\/www.pressenza.com\/es\/wp-json\/wp\/v2\/types\/post"}],"author":[{"embeddable":true,"href":"https:\/\/www.pressenza.com\/es\/wp-json\/wp\/v2\/users\/954"}],"replies":[{"embeddable":true,"href":"https:\/\/www.pressenza.com\/es\/wp-json\/wp\/v2\/comments?post=94579"}],"version-history":[{"count":0,"href":"https:\/\/www.pressenza.com\/es\/wp-json\/wp\/v2\/posts\/94579\/revisions"}],"wp:featuredmedia":[{"embeddable":true,"href":"https:\/\/www.pressenza.com\/es\/wp-json\/wp\/v2\/media\/94580"}],"wp:attachment":[{"href":"https:\/\/www.pressenza.com\/es\/wp-json\/wp\/v2\/media?parent=94579"}],"wp:term":[{"taxonomy":"category","embeddable":true,"href":"https:\/\/www.pressenza.com\/es\/wp-json\/wp\/v2\/categories?post=94579"},{"taxonomy":"post_tag","embeddable":true,"href":"https:\/\/www.pressenza.com\/es\/wp-json\/wp\/v2\/tags?post=94579"}],"curies":[{"name":"wp","href":"https:\/\/api.w.org\/{rel}","templated":true}]}}