{"id":945711,"date":"2019-10-16T14:17:58","date_gmt":"2019-10-16T13:17:58","guid":{"rendered":"https:\/\/www.pressenza.com\/?p=945711"},"modified":"2019-10-16T14:17:58","modified_gmt":"2019-10-16T13:17:58","slug":"entrega-en-mano-al-bbva-de-la-nominacion-a-los-premios-escobilla-de-oro","status":"publish","type":"post","link":"https:\/\/www.pressenza.com\/es\/2019\/10\/entrega-en-mano-al-bbva-de-la-nominacion-a-los-premios-escobilla-de-oro\/","title":{"rendered":"Entrega en mano al BBVA de la nominaci\u00f3n a los Premios Escobilla de Oro"},"content":{"rendered":"<blockquote><p><span style=\"font-size: small;\">Este jueves 17 de octubre, la campa\u00f1a &#8216;Derechos para las Personas, Obligaciones para las Multinacionales&#8217; llevar\u00e1 a cabo una entrega simb\u00f3lica al BBVA de su nominaci\u00f3n a los Premios Escobilla de Oro.<br \/>\n<\/span><\/p>\n<p><span style=\"font-size: small;\">La entrega se har\u00e1 en clave sat\u00edrica frente a la sucursal del BBVA en la Plaza de Santa B\u00e1rbara de Madrid, a las 12:30 de la ma\u00f1ana. <\/span><\/p>\n<p>Participar\u00e1 Pressenza como agencia y miembro de ICAN<\/p><\/blockquote>\n<p><span style=\"font-size: small;\"><em><strong>Por @Ecologistas<\/strong><\/em><\/p>\n<p>El BBVA ha sido nominado a los Premios Escobilla de Oro, una iniciativa de la campa\u00f1a europea Derechos para las Personas, Obligaciones para las Multinacionales. Para hacer entrega de su nominaci\u00f3n, el jueves 17 de octubre se realizar\u00e1 una acci\u00f3n sat\u00edrica y humor\u00edstica frente a una de sus sedes en Madrid.<\/span><\/p>\n<p><span style=\"font-size: small;\">La acci\u00f3n se enmarca dentro de la iniciativa de la <a href=\"https:\/\/goldentoiletbrush.org\/?lang=es\" target=\"_blank\" rel=\"noopener\" data-saferedirecturl=\"https:\/\/www.google.com\/url?q=https:\/\/goldentoiletbrush.org\/?lang%3Des&amp;source=gmail&amp;ust=1571300289360000&amp;usg=AFQjCNGS8_VfVHJqyC_r_23zpwx3TB7qLQ\">web<\/a> Premios Escobilla de Oro, enmarcada dentro de la la <a href=\"http:\/\/www.noalttip.org\/semana-accion\/\" target=\"_blank\" rel=\"noopener\" data-saferedirecturl=\"https:\/\/www.google.com\/url?q=http:\/\/www.noalttip.org\/semana-accion\/&amp;source=gmail&amp;ust=1571300289360000&amp;usg=AFQjCNHt7KSMoFxAfMXMaGM4addmA_mkIw\">Semana de Acci\u00f3n contra la Impunidad Corporativa<\/a>. En dicha web se podr\u00e1 votar hasta finales de a\u00f1o entre 10 multinacionales que han abusado de sus privilegios y\/o que tienen un destacado historial de impunidad corporativa. El premio: una escobilla de oro para que la multinacional ganadora pueda limpiar con ella sus sucias acciones.<br \/>\n<\/span><\/p>\n<p><span style=\"font-size: small;\">El BBVA ha sido nominado por ser uno de los bancos europeos que m\u00e1s negocio generan financiando compa\u00f1\u00edas de la industria armament\u00edstica y el primero en el Estado espa\u00f1ol. Tambi\u00e9n por haber invertido en proyectos con grandes impactos ambientales y en los derechos humanos, como la represa Hidroituango en Colombia, y haber utilizado el sistema ISDS de tribunales corporativos para demandar a Bolivia por renacionalizar su sistema de pensiones.<\/p>\n<p><\/span><\/p>\n","protected":false},"excerpt":{"rendered":"<p>Este jueves 17 de octubre, la campa\u00f1a &#8216;Derechos para las Personas, Obligaciones para las Multinacionales&#8217; llevar\u00e1 a cabo una entrega simb\u00f3lica al BBVA de su nominaci\u00f3n a los Premios Escobilla de Oro. La entrega se har\u00e1 en clave sat\u00edrica frente&hellip;<\/p>\n","protected":false},"author":94,"featured_media":945775,"comment_status":"closed","ping_status":"closed","sticky":false,"template":"","format":"standard","meta":{"footnotes":""},"categories":[149,66,1243,63],"tags":[65476,65477,65478],"class_list":["post-945711","post","type-post","status-publish","format-standard","has-post-thumbnail","hentry","category-comunicados-de-prensa","category-europa-es","category-paz-desarme","category-region-es","tag-banca-armada","tag-bbva-es","tag-denuncias-es"],"yoast_head":"<!-- This site is optimized with the Yoast SEO plugin v27.1.1 - https:\/\/yoast.com\/product\/yoast-seo-wordpress\/ -->\n<title>Entrega en mano al BBVA de la nominaci\u00f3n a los Premios Escobilla de Oro<\/title>\n<meta name=\"description\" content=\"Este jueves 17 de octubre, la campa\u00f1a &#039;Derechos para las Personas, Obligaciones para las Multinacionales&#039; llevar\u00e1 a cabo una entrega simb\u00f3lica al BBVA de\" \/>\n<meta name=\"robots\" content=\"index, follow, max-snippet:-1, max-image-preview:large, max-video-preview:-1\" \/>\n<link rel=\"canonical\" href=\"https:\/\/www.pressenza.com\/es\/2019\/10\/entrega-en-mano-al-bbva-de-la-nominacion-a-los-premios-escobilla-de-oro\/\" \/>\n<meta property=\"og:locale\" content=\"es_ES\" \/>\n<meta property=\"og:type\" content=\"article\" \/>\n<meta property=\"og:title\" content=\"Entrega en mano al BBVA de la nominaci\u00f3n a los Premios Escobilla de Oro\" \/>\n<meta property=\"og:description\" content=\"Este jueves 17 de octubre, la campa\u00f1a &#039;Derechos para las Personas, Obligaciones para las Multinacionales&#039; llevar\u00e1 a cabo una entrega simb\u00f3lica al BBVA de\" \/>\n<meta property=\"og:url\" content=\"https:\/\/www.pressenza.com\/es\/2019\/10\/entrega-en-mano-al-bbva-de-la-nominacion-a-los-premios-escobilla-de-oro\/\" \/>\n<meta property=\"og:site_name\" content=\"Pressenza\" \/>\n<meta property=\"article:publisher\" content=\"https:\/\/www.facebook.com\/PressenzaItalia\" \/>\n<meta property=\"article:author\" content=\"https:\/\/www.facebook.com\/pressenza\" \/>\n<meta property=\"article:published_time\" content=\"2019-10-16T13:17:58+00:00\" \/>\n<meta property=\"og:image\" content=\"https:\/\/www.pressenza.com\/wp-content\/uploads\/2019\/10\/32890392666_f71ea25b39_o-1-1920x720.jpg\" \/>\n\t<meta property=\"og:image:width\" content=\"1920\" \/>\n\t<meta property=\"og:image:height\" content=\"720\" \/>\n\t<meta property=\"og:image:type\" content=\"image\/jpeg\" \/>\n<meta name=\"author\" content=\"Redacci\u00f3n Madrid\" \/>\n<meta name=\"twitter:card\" content=\"summary_large_image\" \/>\n<meta name=\"twitter:creator\" content=\"@pressenza\" \/>\n<meta name=\"twitter:site\" content=\"@PressenzaIPA\" \/>\n<meta name=\"twitter:label1\" content=\"Escrito por\" \/>\n\t<meta name=\"twitter:data1\" content=\"Redacci\u00f3n Madrid\" \/>\n\t<meta name=\"twitter:label2\" content=\"Tiempo de lectura\" \/>\n\t<meta name=\"twitter:data2\" content=\"1 minuto\" \/>\n<script type=\"application\/ld+json\" class=\"yoast-schema-graph\">{\"@context\":\"https:\/\/schema.org\",\"@graph\":[{\"@type\":\"Article\",\"@id\":\"https:\/\/www.pressenza.com\/es\/2019\/10\/entrega-en-mano-al-bbva-de-la-nominacion-a-los-premios-escobilla-de-oro\/#article\",\"isPartOf\":{\"@id\":\"https:\/\/www.pressenza.com\/es\/2019\/10\/entrega-en-mano-al-bbva-de-la-nominacion-a-los-premios-escobilla-de-oro\/\"},\"author\":{\"name\":\"Redacci\u00f3n Madrid\",\"@id\":\"https:\/\/www.pressenza.com\/es\/#\/schema\/person\/828fc40eeca2ad7be3630e5a46adba94\"},\"headline\":\"Entrega en mano al BBVA de la nominaci\u00f3n a los Premios Escobilla de Oro\",\"datePublished\":\"2019-10-16T13:17:58+00:00\",\"mainEntityOfPage\":{\"@id\":\"https:\/\/www.pressenza.com\/es\/2019\/10\/entrega-en-mano-al-bbva-de-la-nominacion-a-los-premios-escobilla-de-oro\/\"},\"wordCount\":293,\"publisher\":{\"@id\":\"https:\/\/www.pressenza.com\/es\/#organization\"},\"image\":{\"@id\":\"https:\/\/www.pressenza.com\/es\/2019\/10\/entrega-en-mano-al-bbva-de-la-nominacion-a-los-premios-escobilla-de-oro\/#primaryimage\"},\"thumbnailUrl\":\"https:\/\/www.pressenza.com\/wp-content\/uploads\/2019\/10\/32890392666_f71ea25b39_o-1-1920x720.jpg\",\"keywords\":[\"banca armada\",\"BBVA\",\"den\u00fancias\"],\"articleSection\":[\"Comunicados de Prensa\",\"Europa\",\"Paz y Desarme\",\"Regi\u00f3n\"],\"inLanguage\":\"es\"},{\"@type\":\"WebPage\",\"@id\":\"https:\/\/www.pressenza.com\/es\/2019\/10\/entrega-en-mano-al-bbva-de-la-nominacion-a-los-premios-escobilla-de-oro\/\",\"url\":\"https:\/\/www.pressenza.com\/es\/2019\/10\/entrega-en-mano-al-bbva-de-la-nominacion-a-los-premios-escobilla-de-oro\/\",\"name\":\"Entrega en mano al BBVA de la nominaci\u00f3n a los Premios Escobilla de Oro\",\"isPartOf\":{\"@id\":\"https:\/\/www.pressenza.com\/es\/#website\"},\"primaryImageOfPage\":{\"@id\":\"https:\/\/www.pressenza.com\/es\/2019\/10\/entrega-en-mano-al-bbva-de-la-nominacion-a-los-premios-escobilla-de-oro\/#primaryimage\"},\"image\":{\"@id\":\"https:\/\/www.pressenza.com\/es\/2019\/10\/entrega-en-mano-al-bbva-de-la-nominacion-a-los-premios-escobilla-de-oro\/#primaryimage\"},\"thumbnailUrl\":\"https:\/\/www.pressenza.com\/wp-content\/uploads\/2019\/10\/32890392666_f71ea25b39_o-1-1920x720.jpg\",\"datePublished\":\"2019-10-16T13:17:58+00:00\",\"description\":\"Este jueves 17 de octubre, la campa\u00f1a 'Derechos para las Personas, Obligaciones para las Multinacionales' llevar\u00e1 a cabo una entrega simb\u00f3lica al BBVA de\",\"breadcrumb\":{\"@id\":\"https:\/\/www.pressenza.com\/es\/2019\/10\/entrega-en-mano-al-bbva-de-la-nominacion-a-los-premios-escobilla-de-oro\/#breadcrumb\"},\"inLanguage\":\"es\",\"potentialAction\":[{\"@type\":\"ReadAction\",\"target\":[\"https:\/\/www.pressenza.com\/es\/2019\/10\/entrega-en-mano-al-bbva-de-la-nominacion-a-los-premios-escobilla-de-oro\/\"]}]},{\"@type\":\"ImageObject\",\"inLanguage\":\"es\",\"@id\":\"https:\/\/www.pressenza.com\/es\/2019\/10\/entrega-en-mano-al-bbva-de-la-nominacion-a-los-premios-escobilla-de-oro\/#primaryimage\",\"url\":\"https:\/\/www.pressenza.com\/wp-content\/uploads\/2019\/10\/32890392666_f71ea25b39_o-1-1920x720.jpg\",\"contentUrl\":\"https:\/\/www.pressenza.com\/wp-content\/uploads\/2019\/10\/32890392666_f71ea25b39_o-1-1920x720.jpg\",\"width\":1920,\"height\":720},{\"@type\":\"BreadcrumbList\",\"@id\":\"https:\/\/www.pressenza.com\/es\/2019\/10\/entrega-en-mano-al-bbva-de-la-nominacion-a-los-premios-escobilla-de-oro\/#breadcrumb\",\"itemListElement\":[{\"@type\":\"ListItem\",\"position\":1,\"name\":\"Accueil\",\"item\":\"https:\/\/www.pressenza.com\/es\/\"},{\"@type\":\"ListItem\",\"position\":2,\"name\":\"Entrega en mano al BBVA de la nominaci\u00f3n a los Premios Escobilla de Oro\"}]},{\"@type\":\"WebSite\",\"@id\":\"https:\/\/www.pressenza.com\/es\/#website\",\"url\":\"https:\/\/www.pressenza.com\/es\/\",\"name\":\"Pressenza\",\"description\":\"International Press Agency\",\"publisher\":{\"@id\":\"https:\/\/www.pressenza.com\/es\/#organization\"},\"potentialAction\":[{\"@type\":\"SearchAction\",\"target\":{\"@type\":\"EntryPoint\",\"urlTemplate\":\"https:\/\/www.pressenza.com\/es\/?s={search_term_string}\"},\"query-input\":{\"@type\":\"PropertyValueSpecification\",\"valueRequired\":true,\"valueName\":\"search_term_string\"}}],\"inLanguage\":\"es\"},{\"@type\":\"Organization\",\"@id\":\"https:\/\/www.pressenza.com\/es\/#organization\",\"name\":\"Pressenza\",\"url\":\"https:\/\/www.pressenza.com\/es\/\",\"logo\":{\"@type\":\"ImageObject\",\"inLanguage\":\"es\",\"@id\":\"https:\/\/www.pressenza.com\/es\/#\/schema\/logo\/image\/\",\"url\":\"https:\/\/www.pressenza.com\/wp-content\/uploads\/2022\/10\/pressenza_logo_200x200.jpg\",\"contentUrl\":\"https:\/\/www.pressenza.com\/wp-content\/uploads\/2022\/10\/pressenza_logo_200x200.jpg\",\"width\":200,\"height\":200,\"caption\":\"Pressenza\"},\"image\":{\"@id\":\"https:\/\/www.pressenza.com\/es\/#\/schema\/logo\/image\/\"},\"sameAs\":[\"https:\/\/www.facebook.com\/PressenzaItalia\",\"https:\/\/x.com\/PressenzaIPA\"]},{\"@type\":\"Person\",\"@id\":\"https:\/\/www.pressenza.com\/es\/#\/schema\/person\/828fc40eeca2ad7be3630e5a46adba94\",\"name\":\"Redacci\u00f3n Madrid\",\"description\":\"News from the Pressenza Bureau in Madrid, Spain\",\"sameAs\":[\"https:\/\/www.facebook.com\/pressenza\",\"https:\/\/x.com\/pressenza\"],\"url\":\"https:\/\/www.pressenza.com\/es\/author\/redaccion-madrid\/\"}]}<\/script>\n<!-- \/ Yoast SEO plugin. -->","yoast_head_json":{"title":"Entrega en mano al BBVA de la nominaci\u00f3n a los Premios Escobilla de Oro","description":"Este jueves 17 de octubre, la campa\u00f1a 'Derechos para las Personas, Obligaciones para las Multinacionales' llevar\u00e1 a cabo una entrega simb\u00f3lica al BBVA de","robots":{"index":"index","follow":"follow","max-snippet":"max-snippet:-1","max-image-preview":"max-image-preview:large","max-video-preview":"max-video-preview:-1"},"canonical":"https:\/\/www.pressenza.com\/es\/2019\/10\/entrega-en-mano-al-bbva-de-la-nominacion-a-los-premios-escobilla-de-oro\/","og_locale":"es_ES","og_type":"article","og_title":"Entrega en mano al BBVA de la nominaci\u00f3n a los Premios Escobilla de Oro","og_description":"Este jueves 17 de octubre, la campa\u00f1a 'Derechos para las Personas, Obligaciones para las Multinacionales' llevar\u00e1 a cabo una entrega simb\u00f3lica al BBVA de","og_url":"https:\/\/www.pressenza.com\/es\/2019\/10\/entrega-en-mano-al-bbva-de-la-nominacion-a-los-premios-escobilla-de-oro\/","og_site_name":"Pressenza","article_publisher":"https:\/\/www.facebook.com\/PressenzaItalia","article_author":"https:\/\/www.facebook.com\/pressenza","article_published_time":"2019-10-16T13:17:58+00:00","og_image":[{"width":1920,"height":720,"url":"https:\/\/www.pressenza.com\/wp-content\/uploads\/2019\/10\/32890392666_f71ea25b39_o-1-1920x720.jpg","type":"image\/jpeg"}],"author":"Redacci\u00f3n Madrid","twitter_card":"summary_large_image","twitter_creator":"@pressenza","twitter_site":"@PressenzaIPA","twitter_misc":{"Escrito por":"Redacci\u00f3n Madrid","Tiempo de lectura":"1 minuto"},"schema":{"@context":"https:\/\/schema.org","@graph":[{"@type":"Article","@id":"https:\/\/www.pressenza.com\/es\/2019\/10\/entrega-en-mano-al-bbva-de-la-nominacion-a-los-premios-escobilla-de-oro\/#article","isPartOf":{"@id":"https:\/\/www.pressenza.com\/es\/2019\/10\/entrega-en-mano-al-bbva-de-la-nominacion-a-los-premios-escobilla-de-oro\/"},"author":{"name":"Redacci\u00f3n Madrid","@id":"https:\/\/www.pressenza.com\/es\/#\/schema\/person\/828fc40eeca2ad7be3630e5a46adba94"},"headline":"Entrega en mano al BBVA de la nominaci\u00f3n a los Premios Escobilla de Oro","datePublished":"2019-10-16T13:17:58+00:00","mainEntityOfPage":{"@id":"https:\/\/www.pressenza.com\/es\/2019\/10\/entrega-en-mano-al-bbva-de-la-nominacion-a-los-premios-escobilla-de-oro\/"},"wordCount":293,"publisher":{"@id":"https:\/\/www.pressenza.com\/es\/#organization"},"image":{"@id":"https:\/\/www.pressenza.com\/es\/2019\/10\/entrega-en-mano-al-bbva-de-la-nominacion-a-los-premios-escobilla-de-oro\/#primaryimage"},"thumbnailUrl":"https:\/\/www.pressenza.com\/wp-content\/uploads\/2019\/10\/32890392666_f71ea25b39_o-1-1920x720.jpg","keywords":["banca armada","BBVA","den\u00fancias"],"articleSection":["Comunicados de Prensa","Europa","Paz y Desarme","Regi\u00f3n"],"inLanguage":"es"},{"@type":"WebPage","@id":"https:\/\/www.pressenza.com\/es\/2019\/10\/entrega-en-mano-al-bbva-de-la-nominacion-a-los-premios-escobilla-de-oro\/","url":"https:\/\/www.pressenza.com\/es\/2019\/10\/entrega-en-mano-al-bbva-de-la-nominacion-a-los-premios-escobilla-de-oro\/","name":"Entrega en mano al BBVA de la nominaci\u00f3n a los Premios Escobilla de Oro","isPartOf":{"@id":"https:\/\/www.pressenza.com\/es\/#website"},"primaryImageOfPage":{"@id":"https:\/\/www.pressenza.com\/es\/2019\/10\/entrega-en-mano-al-bbva-de-la-nominacion-a-los-premios-escobilla-de-oro\/#primaryimage"},"image":{"@id":"https:\/\/www.pressenza.com\/es\/2019\/10\/entrega-en-mano-al-bbva-de-la-nominacion-a-los-premios-escobilla-de-oro\/#primaryimage"},"thumbnailUrl":"https:\/\/www.pressenza.com\/wp-content\/uploads\/2019\/10\/32890392666_f71ea25b39_o-1-1920x720.jpg","datePublished":"2019-10-16T13:17:58+00:00","description":"Este jueves 17 de octubre, la campa\u00f1a 'Derechos para las Personas, Obligaciones para las Multinacionales' llevar\u00e1 a cabo una entrega simb\u00f3lica al BBVA de","breadcrumb":{"@id":"https:\/\/www.pressenza.com\/es\/2019\/10\/entrega-en-mano-al-bbva-de-la-nominacion-a-los-premios-escobilla-de-oro\/#breadcrumb"},"inLanguage":"es","potentialAction":[{"@type":"ReadAction","target":["https:\/\/www.pressenza.com\/es\/2019\/10\/entrega-en-mano-al-bbva-de-la-nominacion-a-los-premios-escobilla-de-oro\/"]}]},{"@type":"ImageObject","inLanguage":"es","@id":"https:\/\/www.pressenza.com\/es\/2019\/10\/entrega-en-mano-al-bbva-de-la-nominacion-a-los-premios-escobilla-de-oro\/#primaryimage","url":"https:\/\/www.pressenza.com\/wp-content\/uploads\/2019\/10\/32890392666_f71ea25b39_o-1-1920x720.jpg","contentUrl":"https:\/\/www.pressenza.com\/wp-content\/uploads\/2019\/10\/32890392666_f71ea25b39_o-1-1920x720.jpg","width":1920,"height":720},{"@type":"BreadcrumbList","@id":"https:\/\/www.pressenza.com\/es\/2019\/10\/entrega-en-mano-al-bbva-de-la-nominacion-a-los-premios-escobilla-de-oro\/#breadcrumb","itemListElement":[{"@type":"ListItem","position":1,"name":"Accueil","item":"https:\/\/www.pressenza.com\/es\/"},{"@type":"ListItem","position":2,"name":"Entrega en mano al BBVA de la nominaci\u00f3n a los Premios Escobilla de Oro"}]},{"@type":"WebSite","@id":"https:\/\/www.pressenza.com\/es\/#website","url":"https:\/\/www.pressenza.com\/es\/","name":"Pressenza","description":"International Press Agency","publisher":{"@id":"https:\/\/www.pressenza.com\/es\/#organization"},"potentialAction":[{"@type":"SearchAction","target":{"@type":"EntryPoint","urlTemplate":"https:\/\/www.pressenza.com\/es\/?s={search_term_string}"},"query-input":{"@type":"PropertyValueSpecification","valueRequired":true,"valueName":"search_term_string"}}],"inLanguage":"es"},{"@type":"Organization","@id":"https:\/\/www.pressenza.com\/es\/#organization","name":"Pressenza","url":"https:\/\/www.pressenza.com\/es\/","logo":{"@type":"ImageObject","inLanguage":"es","@id":"https:\/\/www.pressenza.com\/es\/#\/schema\/logo\/image\/","url":"https:\/\/www.pressenza.com\/wp-content\/uploads\/2022\/10\/pressenza_logo_200x200.jpg","contentUrl":"https:\/\/www.pressenza.com\/wp-content\/uploads\/2022\/10\/pressenza_logo_200x200.jpg","width":200,"height":200,"caption":"Pressenza"},"image":{"@id":"https:\/\/www.pressenza.com\/es\/#\/schema\/logo\/image\/"},"sameAs":["https:\/\/www.facebook.com\/PressenzaItalia","https:\/\/x.com\/PressenzaIPA"]},{"@type":"Person","@id":"https:\/\/www.pressenza.com\/es\/#\/schema\/person\/828fc40eeca2ad7be3630e5a46adba94","name":"Redacci\u00f3n Madrid","description":"News from the Pressenza Bureau in Madrid, Spain","sameAs":["https:\/\/www.facebook.com\/pressenza","https:\/\/x.com\/pressenza"],"url":"https:\/\/www.pressenza.com\/es\/author\/redaccion-madrid\/"}]}},"place":"","original_article_url":"","_links":{"self":[{"href":"https:\/\/www.pressenza.com\/es\/wp-json\/wp\/v2\/posts\/945711","targetHints":{"allow":["GET"]}}],"collection":[{"href":"https:\/\/www.pressenza.com\/es\/wp-json\/wp\/v2\/posts"}],"about":[{"href":"https:\/\/www.pressenza.com\/es\/wp-json\/wp\/v2\/types\/post"}],"author":[{"embeddable":true,"href":"https:\/\/www.pressenza.com\/es\/wp-json\/wp\/v2\/users\/94"}],"replies":[{"embeddable":true,"href":"https:\/\/www.pressenza.com\/es\/wp-json\/wp\/v2\/comments?post=945711"}],"version-history":[{"count":0,"href":"https:\/\/www.pressenza.com\/es\/wp-json\/wp\/v2\/posts\/945711\/revisions"}],"wp:featuredmedia":[{"embeddable":true,"href":"https:\/\/www.pressenza.com\/es\/wp-json\/wp\/v2\/media\/945775"}],"wp:attachment":[{"href":"https:\/\/www.pressenza.com\/es\/wp-json\/wp\/v2\/media?parent=945711"}],"wp:term":[{"taxonomy":"category","embeddable":true,"href":"https:\/\/www.pressenza.com\/es\/wp-json\/wp\/v2\/categories?post=945711"},{"taxonomy":"post_tag","embeddable":true,"href":"https:\/\/www.pressenza.com\/es\/wp-json\/wp\/v2\/tags?post=945711"}],"curies":[{"name":"wp","href":"https:\/\/api.w.org\/{rel}","templated":true}]}}