{"id":945557,"date":"2019-10-16T03:47:16","date_gmt":"2019-10-16T02:47:16","guid":{"rendered":"https:\/\/www.pressenza.com\/?p=945557"},"modified":"2019-10-16T03:48:17","modified_gmt":"2019-10-16T02:48:17","slug":"rostros-al-cierre-de-los-dialogos-en-quito-un-homenaje","status":"publish","type":"post","link":"https:\/\/www.pressenza.com\/es\/2019\/10\/rostros-al-cierre-de-los-dialogos-en-quito-un-homenaje\/","title":{"rendered":"Rostros al cierre de los di\u00e1logos en Quito: un homenaje"},"content":{"rendered":"<p>M\u00e1s all\u00e1 de cualquier consideraci\u00f3n, interpretaci\u00f3n o postura frente al paro nacional en Ecuador que concluy\u00f3 hace 2 d\u00edas, pienso en la fortuna de haber sido testigo de la historia. El levantamiento ind\u00edgena, que fue la fuerza que sostuvo la movilizaci\u00f3n,\u00a0 fue posible gracias a mujeres y hombres recios y luchadores, firmes en sus planteos.<\/p>\n<p>En los minutos previos a la decisi\u00f3n de derogatoria del Decreto 883, la expectativa de quienes estuvimos en la sala contigua al lugar donde se desarrollaba el di\u00e1logo entre\u00a0 los representantes del gobierno y del movimiento ind\u00edgena fue creciendo. En esa atm\u00f3sfera expectante,\u00a0 los roles se fueron desdibujando. Y all\u00ed, en medio de los resquicios surgieron sentimientos que se expresaban en los rostros de quienes hab\u00edan puesto cuerpo, coraz\u00f3n y cerebro en este proceso, en quienes lo hab\u00edan puesto todo, por todos.<\/p>\n<p>Estas im\u00e1genes son un registro silencioso y respetuoso de aquello que, desde mi mirada, sucedi\u00f3 all\u00ed. Es tambi\u00e9n, un homenaje.<\/p>\n<p><img loading=\"lazy\" decoding=\"async\" class=\"aligncenter size-large wp-image-945569\" src=\"https:\/\/www.pressenza.com\/wp-content\/uploads\/2019\/10\/IMG_8985-rostros-720x508.jpg\" alt=\"\" width=\"720\" height=\"508\" srcset=\"https:\/\/www.pressenza.com\/wp-content\/uploads\/2019\/10\/IMG_8985-rostros-720x508.jpg 720w, https:\/\/www.pressenza.com\/wp-content\/uploads\/2019\/10\/IMG_8985-rostros-300x212.jpg 300w, https:\/\/www.pressenza.com\/wp-content\/uploads\/2019\/10\/IMG_8985-rostros-768x542.jpg 768w, https:\/\/www.pressenza.com\/wp-content\/uploads\/2019\/10\/IMG_8985-rostros.jpg 2008w\" sizes=\"auto, (max-width: 720px) 100vw, 720px\" \/><\/p>\n<p><img loading=\"lazy\" decoding=\"async\" class=\"aligncenter size-large wp-image-945578\" src=\"https:\/\/www.pressenza.com\/wp-content\/uploads\/2019\/10\/IMG_8992-rostros-720x508.jpg\" alt=\"\" width=\"720\" height=\"508\" srcset=\"https:\/\/www.pressenza.com\/wp-content\/uploads\/2019\/10\/IMG_8992-rostros-720x508.jpg 720w, https:\/\/www.pressenza.com\/wp-content\/uploads\/2019\/10\/IMG_8992-rostros-300x212.jpg 300w, https:\/\/www.pressenza.com\/wp-content\/uploads\/2019\/10\/IMG_8992-rostros-768x542.jpg 768w, https:\/\/www.pressenza.com\/wp-content\/uploads\/2019\/10\/IMG_8992-rostros.jpg 2008w\" sizes=\"auto, (max-width: 720px) 100vw, 720px\" \/><\/p>\n<p><img loading=\"lazy\" decoding=\"async\" class=\"aligncenter size-large wp-image-945587\" src=\"https:\/\/www.pressenza.com\/wp-content\/uploads\/2019\/10\/IMG_8997-rostros-720x508.jpg\" alt=\"\" width=\"720\" height=\"508\" srcset=\"https:\/\/www.pressenza.com\/wp-content\/uploads\/2019\/10\/IMG_8997-rostros-720x508.jpg 720w, https:\/\/www.pressenza.com\/wp-content\/uploads\/2019\/10\/IMG_8997-rostros-300x212.jpg 300w, https:\/\/www.pressenza.com\/wp-content\/uploads\/2019\/10\/IMG_8997-rostros-768x542.jpg 768w, https:\/\/www.pressenza.com\/wp-content\/uploads\/2019\/10\/IMG_8997-rostros.jpg 2008w\" sizes=\"auto, (max-width: 720px) 100vw, 720px\" \/><\/p>\n<p><img loading=\"lazy\" decoding=\"async\" class=\"aligncenter size-large wp-image-945596\" src=\"https:\/\/www.pressenza.com\/wp-content\/uploads\/2019\/10\/IMG_9014-rostros-720x508.jpg\" alt=\"\" width=\"720\" height=\"508\" srcset=\"https:\/\/www.pressenza.com\/wp-content\/uploads\/2019\/10\/IMG_9014-rostros-720x508.jpg 720w, https:\/\/www.pressenza.com\/wp-content\/uploads\/2019\/10\/IMG_9014-rostros-300x212.jpg 300w, https:\/\/www.pressenza.com\/wp-content\/uploads\/2019\/10\/IMG_9014-rostros-768x542.jpg 768w, https:\/\/www.pressenza.com\/wp-content\/uploads\/2019\/10\/IMG_9014-rostros.jpg 2008w\" sizes=\"auto, (max-width: 720px) 100vw, 720px\" \/><\/p>\n<p><img loading=\"lazy\" decoding=\"async\" class=\"aligncenter size-large wp-image-945605\" src=\"https:\/\/www.pressenza.com\/wp-content\/uploads\/2019\/10\/IMG_9018-rostros-720x508.jpg\" alt=\"\" width=\"720\" height=\"508\" srcset=\"https:\/\/www.pressenza.com\/wp-content\/uploads\/2019\/10\/IMG_9018-rostros-720x508.jpg 720w, https:\/\/www.pressenza.com\/wp-content\/uploads\/2019\/10\/IMG_9018-rostros-300x212.jpg 300w, https:\/\/www.pressenza.com\/wp-content\/uploads\/2019\/10\/IMG_9018-rostros-768x542.jpg 768w, https:\/\/www.pressenza.com\/wp-content\/uploads\/2019\/10\/IMG_9018-rostros.jpg 2008w\" sizes=\"auto, (max-width: 720px) 100vw, 720px\" \/><\/p>\n<p><img loading=\"lazy\" decoding=\"async\" class=\"aligncenter size-large wp-image-945614\" src=\"https:\/\/www.pressenza.com\/wp-content\/uploads\/2019\/10\/IMG_9028-rostros-720x508.jpg\" alt=\"\" width=\"720\" height=\"508\" srcset=\"https:\/\/www.pressenza.com\/wp-content\/uploads\/2019\/10\/IMG_9028-rostros-720x508.jpg 720w, https:\/\/www.pressenza.com\/wp-content\/uploads\/2019\/10\/IMG_9028-rostros-300x212.jpg 300w, https:\/\/www.pressenza.com\/wp-content\/uploads\/2019\/10\/IMG_9028-rostros-768x542.jpg 768w, https:\/\/www.pressenza.com\/wp-content\/uploads\/2019\/10\/IMG_9028-rostros.jpg 2008w\" sizes=\"auto, (max-width: 720px) 100vw, 720px\" \/><\/p>\n<p><img loading=\"lazy\" decoding=\"async\" class=\"aligncenter size-large wp-image-945623\" src=\"https:\/\/www.pressenza.com\/wp-content\/uploads\/2019\/10\/IMG_9051-rostros-720x508.jpg\" alt=\"\" width=\"720\" height=\"508\" srcset=\"https:\/\/www.pressenza.com\/wp-content\/uploads\/2019\/10\/IMG_9051-rostros-720x508.jpg 720w, https:\/\/www.pressenza.com\/wp-content\/uploads\/2019\/10\/IMG_9051-rostros-300x212.jpg 300w, https:\/\/www.pressenza.com\/wp-content\/uploads\/2019\/10\/IMG_9051-rostros-768x542.jpg 768w, https:\/\/www.pressenza.com\/wp-content\/uploads\/2019\/10\/IMG_9051-rostros.jpg 2008w\" sizes=\"auto, (max-width: 720px) 100vw, 720px\" \/><\/p>\n<p><img loading=\"lazy\" decoding=\"async\" class=\"aligncenter size-large wp-image-945632\" src=\"https:\/\/www.pressenza.com\/wp-content\/uploads\/2019\/10\/IMG_9121-rostros-720x508.jpg\" alt=\"\" width=\"720\" height=\"508\" srcset=\"https:\/\/www.pressenza.com\/wp-content\/uploads\/2019\/10\/IMG_9121-rostros-720x508.jpg 720w, https:\/\/www.pressenza.com\/wp-content\/uploads\/2019\/10\/IMG_9121-rostros-300x212.jpg 300w, https:\/\/www.pressenza.com\/wp-content\/uploads\/2019\/10\/IMG_9121-rostros-768x542.jpg 768w, https:\/\/www.pressenza.com\/wp-content\/uploads\/2019\/10\/IMG_9121-rostros.jpg 2008w\" sizes=\"auto, (max-width: 720px) 100vw, 720px\" \/><\/p>\n<p><img loading=\"lazy\" decoding=\"async\" class=\"aligncenter size-large wp-image-945641\" src=\"https:\/\/www.pressenza.com\/wp-content\/uploads\/2019\/10\/IMG_9138-rostros-720x508.jpg\" alt=\"\" width=\"720\" height=\"508\" srcset=\"https:\/\/www.pressenza.com\/wp-content\/uploads\/2019\/10\/IMG_9138-rostros-720x508.jpg 720w, https:\/\/www.pressenza.com\/wp-content\/uploads\/2019\/10\/IMG_9138-rostros-300x212.jpg 300w, https:\/\/www.pressenza.com\/wp-content\/uploads\/2019\/10\/IMG_9138-rostros-768x542.jpg 768w, https:\/\/www.pressenza.com\/wp-content\/uploads\/2019\/10\/IMG_9138-rostros.jpg 2008w\" sizes=\"auto, (max-width: 720px) 100vw, 720px\" \/><\/p>\n<p><img loading=\"lazy\" decoding=\"async\" class=\"aligncenter size-large wp-image-945650\" src=\"https:\/\/www.pressenza.com\/wp-content\/uploads\/2019\/10\/IMG_9141-rostros-720x508.jpg\" alt=\"\" width=\"720\" height=\"508\" srcset=\"https:\/\/www.pressenza.com\/wp-content\/uploads\/2019\/10\/IMG_9141-rostros-720x508.jpg 720w, https:\/\/www.pressenza.com\/wp-content\/uploads\/2019\/10\/IMG_9141-rostros-300x212.jpg 300w, https:\/\/www.pressenza.com\/wp-content\/uploads\/2019\/10\/IMG_9141-rostros-768x542.jpg 768w, https:\/\/www.pressenza.com\/wp-content\/uploads\/2019\/10\/IMG_9141-rostros.jpg 2008w\" sizes=\"auto, (max-width: 720px) 100vw, 720px\" \/><\/p>\n<p><img loading=\"lazy\" decoding=\"async\" class=\"aligncenter size-large wp-image-945659\" src=\"https:\/\/www.pressenza.com\/wp-content\/uploads\/2019\/10\/IMG_9147-rostros-720x508.jpg\" alt=\"\" width=\"720\" height=\"508\" srcset=\"https:\/\/www.pressenza.com\/wp-content\/uploads\/2019\/10\/IMG_9147-rostros-720x508.jpg 720w, https:\/\/www.pressenza.com\/wp-content\/uploads\/2019\/10\/IMG_9147-rostros-300x212.jpg 300w, https:\/\/www.pressenza.com\/wp-content\/uploads\/2019\/10\/IMG_9147-rostros-768x542.jpg 768w, https:\/\/www.pressenza.com\/wp-content\/uploads\/2019\/10\/IMG_9147-rostros.jpg 2008w\" sizes=\"auto, (max-width: 720px) 100vw, 720px\" \/><\/p>\n<p><img loading=\"lazy\" decoding=\"async\" class=\"aligncenter size-large wp-image-945668\" src=\"https:\/\/www.pressenza.com\/wp-content\/uploads\/2019\/10\/IMG_9158-rostros-720x508.jpg\" alt=\"\" width=\"720\" height=\"508\" srcset=\"https:\/\/www.pressenza.com\/wp-content\/uploads\/2019\/10\/IMG_9158-rostros-720x508.jpg 720w, https:\/\/www.pressenza.com\/wp-content\/uploads\/2019\/10\/IMG_9158-rostros-300x212.jpg 300w, https:\/\/www.pressenza.com\/wp-content\/uploads\/2019\/10\/IMG_9158-rostros-768x542.jpg 768w, https:\/\/www.pressenza.com\/wp-content\/uploads\/2019\/10\/IMG_9158-rostros.jpg 2008w\" sizes=\"auto, (max-width: 720px) 100vw, 720px\" \/><\/p>\n<p><img loading=\"lazy\" decoding=\"async\" class=\"aligncenter size-large wp-image-945677\" src=\"https:\/\/www.pressenza.com\/wp-content\/uploads\/2019\/10\/IMG_9175-rostros-720x508.jpg\" alt=\"\" width=\"720\" height=\"508\" srcset=\"https:\/\/www.pressenza.com\/wp-content\/uploads\/2019\/10\/IMG_9175-rostros-720x508.jpg 720w, https:\/\/www.pressenza.com\/wp-content\/uploads\/2019\/10\/IMG_9175-rostros-300x212.jpg 300w, https:\/\/www.pressenza.com\/wp-content\/uploads\/2019\/10\/IMG_9175-rostros-768x542.jpg 768w, https:\/\/www.pressenza.com\/wp-content\/uploads\/2019\/10\/IMG_9175-rostros.jpg 2008w\" sizes=\"auto, (max-width: 720px) 100vw, 720px\" \/><\/p>\n<p>&nbsp;<\/p>\n<p>&nbsp;<\/p>\n","protected":false},"excerpt":{"rendered":"<p>M\u00e1s all\u00e1 de cualquier consideraci\u00f3n, interpretaci\u00f3n o postura frente al paro nacional en Ecuador que concluy\u00f3 hace 2 d\u00edas, pienso en la fortuna de haber sido testigo de la historia. El levantamiento ind\u00edgena, que fue la fuerza que sostuvo la&hellip;<\/p>\n","protected":false},"author":487,"featured_media":945560,"comment_status":"closed","ping_status":"closed","sticky":false,"template":"","format":"standard","meta":{"footnotes":""},"categories":[76,11389,75,79,1241,5667,1242,74,80,20607,67],"tags":[54222,65030,65470],"class_list":["post-945557","post","type-post","status-publish","format-standard","has-post-thumbnail","hentry","category-relaciones-exteriores","category-contenido-original","category-cultura-es","category-derechos-humanos","category-diversidad","category-foto-reportajes","category-noviolencia-tema","category-politica-es","category-pueblos-originarios","category-sin-categorizar","category-sudamerica","tag-conaie","tag-movimiento-indigena-ecuador","tag-unionn-de-organizaciones-campesinas-de-esmeraldas"],"yoast_head":"<!-- This site is optimized with the Yoast SEO plugin v27.1.1 - https:\/\/yoast.com\/product\/yoast-seo-wordpress\/ -->\n<title>Rostros al cierre de los di\u00e1logos en Quito: un homenaje<\/title>\n<meta name=\"description\" content=\"M\u00e1s all\u00e1 de cualquier consideraci\u00f3n, interpretaci\u00f3n o postura frente al paro nacional en Ecuador que concluy\u00f3 hace 2 d\u00edas, pienso en la fortuna de haber\" \/>\n<meta name=\"robots\" content=\"index, follow, max-snippet:-1, max-image-preview:large, max-video-preview:-1\" \/>\n<link rel=\"canonical\" href=\"https:\/\/www.pressenza.com\/es\/2019\/10\/rostros-al-cierre-de-los-dialogos-en-quito-un-homenaje\/\" \/>\n<meta property=\"og:locale\" content=\"es_ES\" \/>\n<meta property=\"og:type\" content=\"article\" \/>\n<meta property=\"og:title\" content=\"Rostros al cierre de los di\u00e1logos en Quito: un homenaje\" \/>\n<meta property=\"og:description\" content=\"M\u00e1s all\u00e1 de cualquier consideraci\u00f3n, interpretaci\u00f3n o postura frente al paro nacional en Ecuador que concluy\u00f3 hace 2 d\u00edas, pienso en la fortuna de haber\" \/>\n<meta property=\"og:url\" content=\"https:\/\/www.pressenza.com\/es\/2019\/10\/rostros-al-cierre-de-los-dialogos-en-quito-un-homenaje\/\" \/>\n<meta property=\"og:site_name\" content=\"Pressenza\" \/>\n<meta property=\"article:publisher\" content=\"https:\/\/www.facebook.com\/PressenzaItalia\" \/>\n<meta property=\"article:published_time\" content=\"2019-10-16T02:47:16+00:00\" \/>\n<meta property=\"article:modified_time\" content=\"2019-10-16T02:48:17+00:00\" \/>\n<meta property=\"og:image\" content=\"https:\/\/www.pressenza.com\/wp-content\/uploads\/2019\/10\/IMG_9128-rostros-v2.jpg\" \/>\n\t<meta property=\"og:image:width\" content=\"2008\" \/>\n\t<meta property=\"og:image:height\" content=\"1417\" \/>\n\t<meta property=\"og:image:type\" content=\"image\/jpeg\" \/>\n<meta name=\"author\" content=\"Walker Vizcarra\" \/>\n<meta name=\"twitter:card\" content=\"summary_large_image\" \/>\n<meta name=\"twitter:creator\" content=\"@PressenzaIPA\" \/>\n<meta name=\"twitter:site\" content=\"@PressenzaIPA\" \/>\n<meta name=\"twitter:label1\" content=\"Escrito por\" \/>\n\t<meta name=\"twitter:data1\" content=\"Walker Vizcarra\" \/>\n\t<meta name=\"twitter:label2\" content=\"Tiempo de lectura\" \/>\n\t<meta name=\"twitter:data2\" content=\"1 minuto\" \/>\n<script type=\"application\/ld+json\" class=\"yoast-schema-graph\">{\"@context\":\"https:\/\/schema.org\",\"@graph\":[{\"@type\":\"Article\",\"@id\":\"https:\/\/www.pressenza.com\/es\/2019\/10\/rostros-al-cierre-de-los-dialogos-en-quito-un-homenaje\/#article\",\"isPartOf\":{\"@id\":\"https:\/\/www.pressenza.com\/es\/2019\/10\/rostros-al-cierre-de-los-dialogos-en-quito-un-homenaje\/\"},\"author\":{\"name\":\"Walker Vizcarra\",\"@id\":\"https:\/\/www.pressenza.com\/es\/#\/schema\/person\/304df3c2fe6309c2051fa9253134e415\"},\"headline\":\"Rostros al cierre de los di\u00e1logos en Quito: un homenaje\",\"datePublished\":\"2019-10-16T02:47:16+00:00\",\"dateModified\":\"2019-10-16T02:48:17+00:00\",\"mainEntityOfPage\":{\"@id\":\"https:\/\/www.pressenza.com\/es\/2019\/10\/rostros-al-cierre-de-los-dialogos-en-quito-un-homenaje\/\"},\"wordCount\":183,\"publisher\":{\"@id\":\"https:\/\/www.pressenza.com\/es\/#organization\"},\"image\":{\"@id\":\"https:\/\/www.pressenza.com\/es\/2019\/10\/rostros-al-cierre-de-los-dialogos-en-quito-un-homenaje\/#primaryimage\"},\"thumbnailUrl\":\"https:\/\/www.pressenza.com\/wp-content\/uploads\/2019\/10\/IMG_9128-rostros-v2.jpg\",\"keywords\":[\"CONAIE\",\"Movimiento Ind\u00edgena Ecuador\",\"Uni\u00f3nn de Organizaciones Campesinas de Esmeraldas\"],\"articleSection\":[\"Asuntos internacionales\",\"Contenido Original\",\"Cultura y Medios\",\"Derechos Humanos\",\"Diversidad\",\"Fotorreportajes\",\"Noviolencia\",\"Pol\u00edtica\",\"Pueblos Originarios\",\"Sin categorizar\",\"Sudam\u00e9rica\"],\"inLanguage\":\"es\"},{\"@type\":\"WebPage\",\"@id\":\"https:\/\/www.pressenza.com\/es\/2019\/10\/rostros-al-cierre-de-los-dialogos-en-quito-un-homenaje\/\",\"url\":\"https:\/\/www.pressenza.com\/es\/2019\/10\/rostros-al-cierre-de-los-dialogos-en-quito-un-homenaje\/\",\"name\":\"Rostros al cierre de los di\u00e1logos en Quito: un homenaje\",\"isPartOf\":{\"@id\":\"https:\/\/www.pressenza.com\/es\/#website\"},\"primaryImageOfPage\":{\"@id\":\"https:\/\/www.pressenza.com\/es\/2019\/10\/rostros-al-cierre-de-los-dialogos-en-quito-un-homenaje\/#primaryimage\"},\"image\":{\"@id\":\"https:\/\/www.pressenza.com\/es\/2019\/10\/rostros-al-cierre-de-los-dialogos-en-quito-un-homenaje\/#primaryimage\"},\"thumbnailUrl\":\"https:\/\/www.pressenza.com\/wp-content\/uploads\/2019\/10\/IMG_9128-rostros-v2.jpg\",\"datePublished\":\"2019-10-16T02:47:16+00:00\",\"dateModified\":\"2019-10-16T02:48:17+00:00\",\"description\":\"M\u00e1s all\u00e1 de cualquier consideraci\u00f3n, interpretaci\u00f3n o postura frente al paro nacional en Ecuador que concluy\u00f3 hace 2 d\u00edas, pienso en la fortuna de haber\",\"breadcrumb\":{\"@id\":\"https:\/\/www.pressenza.com\/es\/2019\/10\/rostros-al-cierre-de-los-dialogos-en-quito-un-homenaje\/#breadcrumb\"},\"inLanguage\":\"es\",\"potentialAction\":[{\"@type\":\"ReadAction\",\"target\":[\"https:\/\/www.pressenza.com\/es\/2019\/10\/rostros-al-cierre-de-los-dialogos-en-quito-un-homenaje\/\"]}]},{\"@type\":\"ImageObject\",\"inLanguage\":\"es\",\"@id\":\"https:\/\/www.pressenza.com\/es\/2019\/10\/rostros-al-cierre-de-los-dialogos-en-quito-un-homenaje\/#primaryimage\",\"url\":\"https:\/\/www.pressenza.com\/wp-content\/uploads\/2019\/10\/IMG_9128-rostros-v2.jpg\",\"contentUrl\":\"https:\/\/www.pressenza.com\/wp-content\/uploads\/2019\/10\/IMG_9128-rostros-v2.jpg\",\"width\":2008,\"height\":1417,\"caption\":\"Rostros tras los di\u00e1logos\"},{\"@type\":\"BreadcrumbList\",\"@id\":\"https:\/\/www.pressenza.com\/es\/2019\/10\/rostros-al-cierre-de-los-dialogos-en-quito-un-homenaje\/#breadcrumb\",\"itemListElement\":[{\"@type\":\"ListItem\",\"position\":1,\"name\":\"Accueil\",\"item\":\"https:\/\/www.pressenza.com\/es\/\"},{\"@type\":\"ListItem\",\"position\":2,\"name\":\"Rostros al cierre de los di\u00e1logos en Quito: un homenaje\"}]},{\"@type\":\"WebSite\",\"@id\":\"https:\/\/www.pressenza.com\/es\/#website\",\"url\":\"https:\/\/www.pressenza.com\/es\/\",\"name\":\"Pressenza\",\"description\":\"International Press Agency\",\"publisher\":{\"@id\":\"https:\/\/www.pressenza.com\/es\/#organization\"},\"potentialAction\":[{\"@type\":\"SearchAction\",\"target\":{\"@type\":\"EntryPoint\",\"urlTemplate\":\"https:\/\/www.pressenza.com\/es\/?s={search_term_string}\"},\"query-input\":{\"@type\":\"PropertyValueSpecification\",\"valueRequired\":true,\"valueName\":\"search_term_string\"}}],\"inLanguage\":\"es\"},{\"@type\":\"Organization\",\"@id\":\"https:\/\/www.pressenza.com\/es\/#organization\",\"name\":\"Pressenza\",\"url\":\"https:\/\/www.pressenza.com\/es\/\",\"logo\":{\"@type\":\"ImageObject\",\"inLanguage\":\"es\",\"@id\":\"https:\/\/www.pressenza.com\/es\/#\/schema\/logo\/image\/\",\"url\":\"https:\/\/www.pressenza.com\/wp-content\/uploads\/2022\/10\/pressenza_logo_200x200.jpg\",\"contentUrl\":\"https:\/\/www.pressenza.com\/wp-content\/uploads\/2022\/10\/pressenza_logo_200x200.jpg\",\"width\":200,\"height\":200,\"caption\":\"Pressenza\"},\"image\":{\"@id\":\"https:\/\/www.pressenza.com\/es\/#\/schema\/logo\/image\/\"},\"sameAs\":[\"https:\/\/www.facebook.com\/PressenzaItalia\",\"https:\/\/x.com\/PressenzaIPA\"]},{\"@type\":\"Person\",\"@id\":\"https:\/\/www.pressenza.com\/es\/#\/schema\/person\/304df3c2fe6309c2051fa9253134e415\",\"name\":\"Walker Vizcarra\",\"description\":\"Ecuadorian, photographer and nonviolence activist! https:\/\/www.instagram.com\/walker.vizcarra\/\",\"url\":\"https:\/\/www.pressenza.com\/es\/author\/walker-vizcarra\/\"}]}<\/script>\n<!-- \/ Yoast SEO plugin. -->","yoast_head_json":{"title":"Rostros al cierre de los di\u00e1logos en Quito: un homenaje","description":"M\u00e1s all\u00e1 de cualquier consideraci\u00f3n, interpretaci\u00f3n o postura frente al paro nacional en Ecuador que concluy\u00f3 hace 2 d\u00edas, pienso en la fortuna de haber","robots":{"index":"index","follow":"follow","max-snippet":"max-snippet:-1","max-image-preview":"max-image-preview:large","max-video-preview":"max-video-preview:-1"},"canonical":"https:\/\/www.pressenza.com\/es\/2019\/10\/rostros-al-cierre-de-los-dialogos-en-quito-un-homenaje\/","og_locale":"es_ES","og_type":"article","og_title":"Rostros al cierre de los di\u00e1logos en Quito: un homenaje","og_description":"M\u00e1s all\u00e1 de cualquier consideraci\u00f3n, interpretaci\u00f3n o postura frente al paro nacional en Ecuador que concluy\u00f3 hace 2 d\u00edas, pienso en la fortuna de haber","og_url":"https:\/\/www.pressenza.com\/es\/2019\/10\/rostros-al-cierre-de-los-dialogos-en-quito-un-homenaje\/","og_site_name":"Pressenza","article_publisher":"https:\/\/www.facebook.com\/PressenzaItalia","article_published_time":"2019-10-16T02:47:16+00:00","article_modified_time":"2019-10-16T02:48:17+00:00","og_image":[{"width":2008,"height":1417,"url":"https:\/\/www.pressenza.com\/wp-content\/uploads\/2019\/10\/IMG_9128-rostros-v2.jpg","type":"image\/jpeg"}],"author":"Walker Vizcarra","twitter_card":"summary_large_image","twitter_creator":"@PressenzaIPA","twitter_site":"@PressenzaIPA","twitter_misc":{"Escrito por":"Walker Vizcarra","Tiempo de lectura":"1 minuto"},"schema":{"@context":"https:\/\/schema.org","@graph":[{"@type":"Article","@id":"https:\/\/www.pressenza.com\/es\/2019\/10\/rostros-al-cierre-de-los-dialogos-en-quito-un-homenaje\/#article","isPartOf":{"@id":"https:\/\/www.pressenza.com\/es\/2019\/10\/rostros-al-cierre-de-los-dialogos-en-quito-un-homenaje\/"},"author":{"name":"Walker Vizcarra","@id":"https:\/\/www.pressenza.com\/es\/#\/schema\/person\/304df3c2fe6309c2051fa9253134e415"},"headline":"Rostros al cierre de los di\u00e1logos en Quito: un homenaje","datePublished":"2019-10-16T02:47:16+00:00","dateModified":"2019-10-16T02:48:17+00:00","mainEntityOfPage":{"@id":"https:\/\/www.pressenza.com\/es\/2019\/10\/rostros-al-cierre-de-los-dialogos-en-quito-un-homenaje\/"},"wordCount":183,"publisher":{"@id":"https:\/\/www.pressenza.com\/es\/#organization"},"image":{"@id":"https:\/\/www.pressenza.com\/es\/2019\/10\/rostros-al-cierre-de-los-dialogos-en-quito-un-homenaje\/#primaryimage"},"thumbnailUrl":"https:\/\/www.pressenza.com\/wp-content\/uploads\/2019\/10\/IMG_9128-rostros-v2.jpg","keywords":["CONAIE","Movimiento Ind\u00edgena Ecuador","Uni\u00f3nn de Organizaciones Campesinas de Esmeraldas"],"articleSection":["Asuntos internacionales","Contenido Original","Cultura y Medios","Derechos Humanos","Diversidad","Fotorreportajes","Noviolencia","Pol\u00edtica","Pueblos Originarios","Sin categorizar","Sudam\u00e9rica"],"inLanguage":"es"},{"@type":"WebPage","@id":"https:\/\/www.pressenza.com\/es\/2019\/10\/rostros-al-cierre-de-los-dialogos-en-quito-un-homenaje\/","url":"https:\/\/www.pressenza.com\/es\/2019\/10\/rostros-al-cierre-de-los-dialogos-en-quito-un-homenaje\/","name":"Rostros al cierre de los di\u00e1logos en Quito: un homenaje","isPartOf":{"@id":"https:\/\/www.pressenza.com\/es\/#website"},"primaryImageOfPage":{"@id":"https:\/\/www.pressenza.com\/es\/2019\/10\/rostros-al-cierre-de-los-dialogos-en-quito-un-homenaje\/#primaryimage"},"image":{"@id":"https:\/\/www.pressenza.com\/es\/2019\/10\/rostros-al-cierre-de-los-dialogos-en-quito-un-homenaje\/#primaryimage"},"thumbnailUrl":"https:\/\/www.pressenza.com\/wp-content\/uploads\/2019\/10\/IMG_9128-rostros-v2.jpg","datePublished":"2019-10-16T02:47:16+00:00","dateModified":"2019-10-16T02:48:17+00:00","description":"M\u00e1s all\u00e1 de cualquier consideraci\u00f3n, interpretaci\u00f3n o postura frente al paro nacional en Ecuador que concluy\u00f3 hace 2 d\u00edas, pienso en la fortuna de haber","breadcrumb":{"@id":"https:\/\/www.pressenza.com\/es\/2019\/10\/rostros-al-cierre-de-los-dialogos-en-quito-un-homenaje\/#breadcrumb"},"inLanguage":"es","potentialAction":[{"@type":"ReadAction","target":["https:\/\/www.pressenza.com\/es\/2019\/10\/rostros-al-cierre-de-los-dialogos-en-quito-un-homenaje\/"]}]},{"@type":"ImageObject","inLanguage":"es","@id":"https:\/\/www.pressenza.com\/es\/2019\/10\/rostros-al-cierre-de-los-dialogos-en-quito-un-homenaje\/#primaryimage","url":"https:\/\/www.pressenza.com\/wp-content\/uploads\/2019\/10\/IMG_9128-rostros-v2.jpg","contentUrl":"https:\/\/www.pressenza.com\/wp-content\/uploads\/2019\/10\/IMG_9128-rostros-v2.jpg","width":2008,"height":1417,"caption":"Rostros tras los di\u00e1logos"},{"@type":"BreadcrumbList","@id":"https:\/\/www.pressenza.com\/es\/2019\/10\/rostros-al-cierre-de-los-dialogos-en-quito-un-homenaje\/#breadcrumb","itemListElement":[{"@type":"ListItem","position":1,"name":"Accueil","item":"https:\/\/www.pressenza.com\/es\/"},{"@type":"ListItem","position":2,"name":"Rostros al cierre de los di\u00e1logos en Quito: un homenaje"}]},{"@type":"WebSite","@id":"https:\/\/www.pressenza.com\/es\/#website","url":"https:\/\/www.pressenza.com\/es\/","name":"Pressenza","description":"International Press Agency","publisher":{"@id":"https:\/\/www.pressenza.com\/es\/#organization"},"potentialAction":[{"@type":"SearchAction","target":{"@type":"EntryPoint","urlTemplate":"https:\/\/www.pressenza.com\/es\/?s={search_term_string}"},"query-input":{"@type":"PropertyValueSpecification","valueRequired":true,"valueName":"search_term_string"}}],"inLanguage":"es"},{"@type":"Organization","@id":"https:\/\/www.pressenza.com\/es\/#organization","name":"Pressenza","url":"https:\/\/www.pressenza.com\/es\/","logo":{"@type":"ImageObject","inLanguage":"es","@id":"https:\/\/www.pressenza.com\/es\/#\/schema\/logo\/image\/","url":"https:\/\/www.pressenza.com\/wp-content\/uploads\/2022\/10\/pressenza_logo_200x200.jpg","contentUrl":"https:\/\/www.pressenza.com\/wp-content\/uploads\/2022\/10\/pressenza_logo_200x200.jpg","width":200,"height":200,"caption":"Pressenza"},"image":{"@id":"https:\/\/www.pressenza.com\/es\/#\/schema\/logo\/image\/"},"sameAs":["https:\/\/www.facebook.com\/PressenzaItalia","https:\/\/x.com\/PressenzaIPA"]},{"@type":"Person","@id":"https:\/\/www.pressenza.com\/es\/#\/schema\/person\/304df3c2fe6309c2051fa9253134e415","name":"Walker Vizcarra","description":"Ecuadorian, photographer and nonviolence activist! https:\/\/www.instagram.com\/walker.vizcarra\/","url":"https:\/\/www.pressenza.com\/es\/author\/walker-vizcarra\/"}]}},"place":"Quito, Ecuador","original_article_url":"","_links":{"self":[{"href":"https:\/\/www.pressenza.com\/es\/wp-json\/wp\/v2\/posts\/945557","targetHints":{"allow":["GET"]}}],"collection":[{"href":"https:\/\/www.pressenza.com\/es\/wp-json\/wp\/v2\/posts"}],"about":[{"href":"https:\/\/www.pressenza.com\/es\/wp-json\/wp\/v2\/types\/post"}],"author":[{"embeddable":true,"href":"https:\/\/www.pressenza.com\/es\/wp-json\/wp\/v2\/users\/487"}],"replies":[{"embeddable":true,"href":"https:\/\/www.pressenza.com\/es\/wp-json\/wp\/v2\/comments?post=945557"}],"version-history":[{"count":0,"href":"https:\/\/www.pressenza.com\/es\/wp-json\/wp\/v2\/posts\/945557\/revisions"}],"wp:featuredmedia":[{"embeddable":true,"href":"https:\/\/www.pressenza.com\/es\/wp-json\/wp\/v2\/media\/945560"}],"wp:attachment":[{"href":"https:\/\/www.pressenza.com\/es\/wp-json\/wp\/v2\/media?parent=945557"}],"wp:term":[{"taxonomy":"category","embeddable":true,"href":"https:\/\/www.pressenza.com\/es\/wp-json\/wp\/v2\/categories?post=945557"},{"taxonomy":"post_tag","embeddable":true,"href":"https:\/\/www.pressenza.com\/es\/wp-json\/wp\/v2\/tags?post=945557"}],"curies":[{"name":"wp","href":"https:\/\/api.w.org\/{rel}","templated":true}]}}