{"id":944454,"date":"2019-10-15T04:51:38","date_gmt":"2019-10-15T03:51:38","guid":{"rendered":"https:\/\/www.pressenza.com\/?p=944454"},"modified":"2019-10-15T16:08:11","modified_gmt":"2019-10-15T15:08:11","slug":"200-000-mujeres-cruje-el-patriarcado","status":"publish","type":"post","link":"https:\/\/www.pressenza.com\/es\/2019\/10\/200-000-mujeres-cruje-el-patriarcado\/","title":{"rendered":"Un encuentro de 200.000 mujeres. Cruje el patriarcado"},"content":{"rendered":"<p>M\u00e1s de 200.000 asistentes al 34 Encuentro Nacional de Mujeres en La Plata. Una ciudad dentro de otra. Una fiesta. Un hecho pol\u00edtico y social que crece y se profundiza a\u00f1o tras a\u00f1o.<\/p>\n<p>Como en ediciones anteriores, estaba previsto iniciar el encuentro con un acto de apertura, pero la lluvia oblig\u00f3 a suspenderlo.<\/p>\n<p>Fue lo \u00fanico que se suspendi\u00f3. Todo lo dem\u00e1s sigui\u00f3 su curso como se hab\u00eda programado y esos miles de mujeres, trans, travestis, lesbianas y no binaries llenaron la ciudad irreverentes, fuertes, diversas, con enorme convicci\u00f3n y una alegr\u00eda desbordante.<\/p>\n<p>El s\u00e1bado, a pesar del chaparr\u00f3n, iniciaron los 87 talleres, que continuar\u00edan al d\u00eda siguiente, con gran variedad de temas. S\u00f3lo a modo de ejemplo, algunos fueron Mujer, trata y explotaci\u00f3n, Feminizaci\u00f3n de la pobreza, Mujer y sexualidades, Mujeres campesinas y rurales, Mujer y monogamia, Mujeres, c\u00e1rcel y sistema penitenciario, Mujer y deuda externa\u2026 A los talleres se sumar\u00edan, ese d\u00eda y el siguiente, 10 conversatorios, charlas, actividades y encuentros vivenciales.<\/p>\n<div id=\"attachment_944500\" class=\"wp-caption alignnone\"><img loading=\"lazy\" decoding=\"async\" aria-describedby=\"caption-attachment-944500\" class=\"size-large wp-image-944500\" src=\"https:\/\/www.pressenza.com\/wp-content\/uploads\/2019\/10\/8-lavaca-720x480.jpg\" alt=\"\" width=\"720\" height=\"480\" srcset=\"https:\/\/www.pressenza.com\/wp-content\/uploads\/2019\/10\/8-lavaca-720x480.jpg 720w, https:\/\/www.pressenza.com\/wp-content\/uploads\/2019\/10\/8-lavaca-300x200.jpg 300w, https:\/\/www.pressenza.com\/wp-content\/uploads\/2019\/10\/8-lavaca-768x512.jpg 768w, https:\/\/www.pressenza.com\/wp-content\/uploads\/2019\/10\/8-lavaca.jpg 1200w\" sizes=\"auto, (max-width: 720px) 100vw, 720px\" \/><p id=\"caption-attachment-944500\" class=\"wp-caption-text\">Foto lavaca<\/p><\/div>\n<p>Hubo una marcha contra los travesticidios, el ya \u201ctradicional\u201d pa\u00f1uelazo por el aborto legal, seguro y gratuito, y actividades culturales en m\u00e1s de veinte centros distribuidos por toda la ciudad: instalaciones, muestras, proyecci\u00f3n de pel\u00edculas, danza, teatro, presentaci\u00f3n de libros y m\u00fasica se ofrecieron gratuitamente y abiertos a todo p\u00fablico.<\/p>\n<p>Coherente con el esp\u00edritu del encuentro, uno de esos centros anunciaba en las redes: <em>\u201cHermanx, si est\u00e1s en la calle, necesit\u00e1s agua fr\u00eda o caliente, ir al ba\u00f1o o refugiarte de la lluvia, Colibr\u00ed Arte y Cultura va a estar abierto todo el d\u00eda\u201d.<\/em><\/p>\n<p>En plazas, facultades y calles hubo ferias al aire libre, puestos de venta de comida, artesan\u00edas, libros, m\u00fasica. A muchas de las asistentes, eso les permiti\u00f3 financiar sus pasajes.<\/p>\n<h4>\u00a1Aborto legal, leguro y gratuito!<\/h4>\n<p>La legalizaci\u00f3n del aborto volvi\u00f3 a ser una de las demandas m\u00e1s fuertes del encuentro. En la Plaza San Mart\u00edn, <em><a href=\"https:\/\/www.facebook.com\/TalleresBatuka\/?__tn__=%2Cd%2CP-R&amp;eid=ARAshRW2D6n4w4I9RD-zDWhy9GYBzmPYOipQbwPpUsPW3PNZb7h7oGsrdvXTSePNb1JLK01gg3gse4Zu\" target=\"_blank\" rel=\"noopener\">les Batuques<\/a> <\/em>encabezaron el reclamo al ritmo de sus tambores.<\/p>\n<div style=\"width: 640px;\" class=\"wp-video\"><!--[if lt IE 9]><script>document.createElement('video');<\/script><![endif]-->\n<video class=\"wp-video-shortcode\" id=\"video-944454-1\" width=\"640\" height=\"360\" preload=\"metadata\" controls=\"controls\"><source type=\"video\/mp4\" src=\"https:\/\/www.pressenza.com\/wp-content\/uploads\/2019\/10\/34ENM.mp4?_=1\" \/><a href=\"https:\/\/www.pressenza.com\/wp-content\/uploads\/2019\/10\/34ENM.mp4\">https:\/\/www.pressenza.com\/wp-content\/uploads\/2019\/10\/34ENM.mp4<\/a><\/video><\/div>\n<p>&nbsp;<\/p>\n<p><em>Ac\u00e1 estamos les Batukes repiti\u00e9ndote en un grito \/\u00a0\u00a1Aborto legal, seguro y gratuito!<\/em><\/p>\n<p><em>Pa&#8217; que sepan este cuerpo es mi cuerpo y yo decido \/\u00a0\u00a1Aborto legal, seguro y gratuito!<\/em><\/p>\n<p><em>A los viejos dinosaurios que intervienen mi destino \/\u00a0\u00a1Aborto legal, seguro y gratuito!<\/em><\/p>\n<p><em>Soy mujer, soy disidente y este verde es infinito \/\u00a0\u00a1Aborto legal, seguro y gratuito!<\/em><\/p>\n<p><em>Mientras cruje el patriarcado esta es la historia que escribimos \/\u00a0\u00a1Aborto legal, seguro y gratuito!<\/em><\/p>\n<p><em>\u00a1No m\u00e1s sangre, no m\u00e1s muertes por abortos clandestinos! \/\u00a0\u00a1Aborto legal, seguro y gratuito!<\/em><\/p>\n<p>El domingo, concluidos los talleres, la marcha de cierre (m\u00e1s de 30 cuadras de extensi\u00f3n) recorri\u00f3 la ciudad. Luego hubo una pe\u00f1a en el estadio de f\u00fatbol local y el lunes, en el mismo estadio, se resolvi\u00f3 por ovaci\u00f3n que el encuentro de 2020 ser\u00e1 en la ciudad de San Luis.<\/p>\n<p>Hasta aqu\u00ed este brev\u00edsimo resumen s\u00f3lo anota el desarrollo del encuentro. Quedan por compartir las dudas, las divergencias, las convergencias, el posible cambio de nombre, la plurinacionalidad (o no) de las pr\u00f3ximas ediciones\u2026 Quedan pendientes de analizar estas y muchas otras cosas interesantes y valiosas de esta construcci\u00f3n que crece y se transforma.<\/p>\n<div id=\"attachment_944554\" class=\"wp-caption alignnone\"><img loading=\"lazy\" decoding=\"async\" aria-describedby=\"caption-attachment-944554\" class=\"size-large wp-image-944554\" src=\"https:\/\/www.pressenza.com\/wp-content\/uploads\/2019\/10\/Martina-Perosa-lavaca-720x480.jpg\" alt=\"\" width=\"720\" height=\"480\" srcset=\"https:\/\/www.pressenza.com\/wp-content\/uploads\/2019\/10\/Martina-Perosa-lavaca-720x480.jpg 720w, https:\/\/www.pressenza.com\/wp-content\/uploads\/2019\/10\/Martina-Perosa-lavaca-300x200.jpg 300w, https:\/\/www.pressenza.com\/wp-content\/uploads\/2019\/10\/Martina-Perosa-lavaca-768x512.jpg 768w, https:\/\/www.pressenza.com\/wp-content\/uploads\/2019\/10\/Martina-Perosa-lavaca.jpg 1200w\" sizes=\"auto, (max-width: 720px) 100vw, 720px\" \/><p id=\"caption-attachment-944554\" class=\"wp-caption-text\">Foto Martina Perosa\/lavaca<\/p><\/div>\n<div id=\"attachment_944545\" class=\"wp-caption alignnone\"><img loading=\"lazy\" decoding=\"async\" aria-describedby=\"caption-attachment-944545\" class=\"size-large wp-image-944545\" src=\"https:\/\/www.pressenza.com\/wp-content\/uploads\/2019\/10\/Martina-Perosa-3-lavaca-720x480.jpg\" alt=\"\" width=\"720\" height=\"480\" srcset=\"https:\/\/www.pressenza.com\/wp-content\/uploads\/2019\/10\/Martina-Perosa-3-lavaca-720x480.jpg 720w, https:\/\/www.pressenza.com\/wp-content\/uploads\/2019\/10\/Martina-Perosa-3-lavaca-300x200.jpg 300w, https:\/\/www.pressenza.com\/wp-content\/uploads\/2019\/10\/Martina-Perosa-3-lavaca-768x512.jpg 768w, https:\/\/www.pressenza.com\/wp-content\/uploads\/2019\/10\/Martina-Perosa-3-lavaca.jpg 1200w\" sizes=\"auto, (max-width: 720px) 100vw, 720px\" \/><p id=\"caption-attachment-944545\" class=\"wp-caption-text\">Foto Martina Perosa\/lavaca<\/p><\/div>\n<div id=\"attachment_944536\" class=\"wp-caption alignnone\"><img loading=\"lazy\" decoding=\"async\" aria-describedby=\"caption-attachment-944536\" class=\"size-large wp-image-944536\" src=\"https:\/\/www.pressenza.com\/wp-content\/uploads\/2019\/10\/Martina-Perosa-4-lavaca-720x480.jpg\" alt=\"\" width=\"720\" height=\"480\" srcset=\"https:\/\/www.pressenza.com\/wp-content\/uploads\/2019\/10\/Martina-Perosa-4-lavaca-720x480.jpg 720w, https:\/\/www.pressenza.com\/wp-content\/uploads\/2019\/10\/Martina-Perosa-4-lavaca-300x200.jpg 300w, https:\/\/www.pressenza.com\/wp-content\/uploads\/2019\/10\/Martina-Perosa-4-lavaca-768x512.jpg 768w, https:\/\/www.pressenza.com\/wp-content\/uploads\/2019\/10\/Martina-Perosa-4-lavaca.jpg 1200w\" sizes=\"auto, (max-width: 720px) 100vw, 720px\" \/><p id=\"caption-attachment-944536\" class=\"wp-caption-text\">Foto Martina Perosa\/lavaca<\/p><\/div>\n<div id=\"attachment_944527\" class=\"wp-caption alignnone\"><img loading=\"lazy\" decoding=\"async\" aria-describedby=\"caption-attachment-944527\" class=\"size-large wp-image-944527\" src=\"https:\/\/www.pressenza.com\/wp-content\/uploads\/2019\/10\/Martina-Perosa-5-lavaca-720x480.jpg\" alt=\"\" width=\"720\" height=\"480\" srcset=\"https:\/\/www.pressenza.com\/wp-content\/uploads\/2019\/10\/Martina-Perosa-5-lavaca-720x480.jpg 720w, https:\/\/www.pressenza.com\/wp-content\/uploads\/2019\/10\/Martina-Perosa-5-lavaca-300x200.jpg 300w, https:\/\/www.pressenza.com\/wp-content\/uploads\/2019\/10\/Martina-Perosa-5-lavaca-768x512.jpg 768w, https:\/\/www.pressenza.com\/wp-content\/uploads\/2019\/10\/Martina-Perosa-5-lavaca.jpg 1200w\" sizes=\"auto, (max-width: 720px) 100vw, 720px\" \/><p id=\"caption-attachment-944527\" class=\"wp-caption-text\">Foto Martina Perosa\/lavaca<\/p><\/div>\n<div id=\"attachment_944518\" class=\"wp-caption alignnone\"><img loading=\"lazy\" decoding=\"async\" aria-describedby=\"caption-attachment-944518\" class=\"size-large wp-image-944518\" src=\"https:\/\/www.pressenza.com\/wp-content\/uploads\/2019\/10\/6-lavaca-720x480.jpg\" alt=\"\" width=\"720\" height=\"480\" srcset=\"https:\/\/www.pressenza.com\/wp-content\/uploads\/2019\/10\/6-lavaca-720x480.jpg 720w, https:\/\/www.pressenza.com\/wp-content\/uploads\/2019\/10\/6-lavaca-300x200.jpg 300w, https:\/\/www.pressenza.com\/wp-content\/uploads\/2019\/10\/6-lavaca-768x512.jpg 768w, https:\/\/www.pressenza.com\/wp-content\/uploads\/2019\/10\/6-lavaca.jpg 1200w\" sizes=\"auto, (max-width: 720px) 100vw, 720px\" \/><p id=\"caption-attachment-944518\" class=\"wp-caption-text\">Foto lavaca<\/p><\/div>\n<div id=\"attachment_944509\" class=\"wp-caption alignnone\"><img loading=\"lazy\" decoding=\"async\" aria-describedby=\"caption-attachment-944509\" class=\"size-large wp-image-944509\" src=\"https:\/\/www.pressenza.com\/wp-content\/uploads\/2019\/10\/7-lavaca-720x480.jpg\" alt=\"\" width=\"720\" height=\"480\" srcset=\"https:\/\/www.pressenza.com\/wp-content\/uploads\/2019\/10\/7-lavaca-720x480.jpg 720w, https:\/\/www.pressenza.com\/wp-content\/uploads\/2019\/10\/7-lavaca-300x200.jpg 300w, https:\/\/www.pressenza.com\/wp-content\/uploads\/2019\/10\/7-lavaca-768x512.jpg 768w, https:\/\/www.pressenza.com\/wp-content\/uploads\/2019\/10\/7-lavaca.jpg 1200w\" sizes=\"auto, (max-width: 720px) 100vw, 720px\" \/><p id=\"caption-attachment-944509\" class=\"wp-caption-text\">Foto lavaca<\/p><\/div>\n<div id=\"attachment_944491\" class=\"wp-caption alignnone\"><img loading=\"lazy\" decoding=\"async\" aria-describedby=\"caption-attachment-944491\" class=\"size-large wp-image-944491\" src=\"https:\/\/www.pressenza.com\/wp-content\/uploads\/2019\/10\/9-lavaca-720x480.jpg\" alt=\"\" width=\"720\" height=\"480\" srcset=\"https:\/\/www.pressenza.com\/wp-content\/uploads\/2019\/10\/9-lavaca-720x480.jpg 720w, https:\/\/www.pressenza.com\/wp-content\/uploads\/2019\/10\/9-lavaca-300x200.jpg 300w, https:\/\/www.pressenza.com\/wp-content\/uploads\/2019\/10\/9-lavaca-768x512.jpg 768w, https:\/\/www.pressenza.com\/wp-content\/uploads\/2019\/10\/9-lavaca.jpg 1200w\" sizes=\"auto, (max-width: 720px) 100vw, 720px\" \/><p id=\"caption-attachment-944491\" class=\"wp-caption-text\">Foto lavaca<\/p><\/div>\n<div id=\"attachment_944482\" class=\"wp-caption alignnone\"><img loading=\"lazy\" decoding=\"async\" aria-describedby=\"caption-attachment-944482\" class=\"size-large wp-image-944482\" src=\"https:\/\/www.pressenza.com\/wp-content\/uploads\/2019\/10\/10-lavaca-720x480.jpg\" alt=\"\" width=\"720\" height=\"480\" srcset=\"https:\/\/www.pressenza.com\/wp-content\/uploads\/2019\/10\/10-lavaca-720x480.jpg 720w, https:\/\/www.pressenza.com\/wp-content\/uploads\/2019\/10\/10-lavaca-300x200.jpg 300w, https:\/\/www.pressenza.com\/wp-content\/uploads\/2019\/10\/10-lavaca-768x512.jpg 768w, https:\/\/www.pressenza.com\/wp-content\/uploads\/2019\/10\/10-lavaca.jpg 1200w\" sizes=\"auto, (max-width: 720px) 100vw, 720px\" \/><p id=\"caption-attachment-944482\" class=\"wp-caption-text\">Foto lavaca<\/p><\/div>\n<div id=\"attachment_944473\" class=\"wp-caption alignnone\"><img loading=\"lazy\" decoding=\"async\" aria-describedby=\"caption-attachment-944473\" class=\"size-large wp-image-944473\" src=\"https:\/\/www.pressenza.com\/wp-content\/uploads\/2019\/10\/13-lavaca-720x480.jpg\" alt=\"\" width=\"720\" height=\"480\" srcset=\"https:\/\/www.pressenza.com\/wp-content\/uploads\/2019\/10\/13-lavaca-720x480.jpg 720w, https:\/\/www.pressenza.com\/wp-content\/uploads\/2019\/10\/13-lavaca-300x200.jpg 300w, https:\/\/www.pressenza.com\/wp-content\/uploads\/2019\/10\/13-lavaca-768x512.jpg 768w, https:\/\/www.pressenza.com\/wp-content\/uploads\/2019\/10\/13-lavaca.jpg 1200w\" sizes=\"auto, (max-width: 720px) 100vw, 720px\" \/><p id=\"caption-attachment-944473\" class=\"wp-caption-text\">Marta Montero, mam\u00e1 de Luc\u00eda P\u00e9rez, en el 34 Encuentro de La Plata. Foto lavaca<\/p><\/div>\n<div id=\"attachment_944464\" class=\"wp-caption alignnone\"><img loading=\"lazy\" decoding=\"async\" aria-describedby=\"caption-attachment-944464\" class=\"size-large wp-image-944464\" src=\"https:\/\/www.pressenza.com\/wp-content\/uploads\/2019\/10\/34-ENM-emergentes-720x480.jpg\" alt=\"\" width=\"720\" height=\"480\" srcset=\"https:\/\/www.pressenza.com\/wp-content\/uploads\/2019\/10\/34-ENM-emergentes-720x480.jpg 720w, https:\/\/www.pressenza.com\/wp-content\/uploads\/2019\/10\/34-ENM-emergentes-300x200.jpg 300w, https:\/\/www.pressenza.com\/wp-content\/uploads\/2019\/10\/34-ENM-emergentes-768x512.jpg 768w, https:\/\/www.pressenza.com\/wp-content\/uploads\/2019\/10\/34-ENM-emergentes.jpg 960w\" sizes=\"auto, (max-width: 720px) 100vw, 720px\" \/><p id=\"caption-attachment-944464\" class=\"wp-caption-text\">Foto Emergentes<\/p><\/div>\n","protected":false},"excerpt":{"rendered":"<p>M\u00e1s de 200.000 asistentes al 34 Encuentro Nacional de Mujeres en La Plata. Una ciudad dentro de otra. Una fiesta. Un hecho pol\u00edtico y social que crece y se profundiza a\u00f1o tras a\u00f1o. Como en ediciones anteriores, estaba previsto iniciar&hellip;<\/p>\n","protected":false},"author":1187,"featured_media":944455,"comment_status":"closed","ping_status":"closed","sticky":false,"template":"","format":"standard","meta":{"footnotes":""},"categories":[11389,1241,54515,161,67],"tags":[36148,26,20816,17863,44232,503,4384,1025,16309],"class_list":["post-944454","post","type-post","status-publish","format-standard","has-post-thumbnail","hentry","category-contenido-original","category-diversidad","category-genero-y-feminismos","category-opiniones","category-sudamerica","tag-aborto-legal-seguro-y-gratuito","tag-argentina","tag-enm","tag-femicidios","tag-feminismos","tag-genero","tag-la-plata","tag-mujeres","tag-patriarcado"],"yoast_head":"<!-- This site is optimized with the Yoast SEO plugin v27.1.1 - https:\/\/yoast.com\/product\/yoast-seo-wordpress\/ -->\n<title>Un encuentro de 200.000 mujeres. Cruje el patriarcado<\/title>\n<meta name=\"description\" content=\"M\u00e1s de 200.000 asistentes al 34 Encuentro Nacional de Mujeres en La Plata. Una ciudad dentro de otra. Una fiesta. Un hecho pol\u00edtico y social que crece y\" \/>\n<meta name=\"robots\" content=\"index, follow, max-snippet:-1, max-image-preview:large, max-video-preview:-1\" \/>\n<link rel=\"canonical\" href=\"https:\/\/www.pressenza.com\/es\/2019\/10\/200-000-mujeres-cruje-el-patriarcado\/\" \/>\n<meta property=\"og:locale\" content=\"es_ES\" \/>\n<meta property=\"og:type\" content=\"article\" \/>\n<meta property=\"og:title\" content=\"Un encuentro de 200.000 mujeres. Cruje el patriarcado\" \/>\n<meta property=\"og:description\" content=\"M\u00e1s de 200.000 asistentes al 34 Encuentro Nacional de Mujeres en La Plata. Una ciudad dentro de otra. Una fiesta. Un hecho pol\u00edtico y social que crece y\" \/>\n<meta property=\"og:url\" content=\"https:\/\/www.pressenza.com\/es\/2019\/10\/200-000-mujeres-cruje-el-patriarcado\/\" \/>\n<meta property=\"og:site_name\" content=\"Pressenza\" \/>\n<meta property=\"article:publisher\" content=\"https:\/\/www.facebook.com\/PressenzaItalia\" \/>\n<meta property=\"article:author\" content=\"Alicia Blanco\" \/>\n<meta property=\"article:published_time\" content=\"2019-10-15T03:51:38+00:00\" \/>\n<meta property=\"article:modified_time\" content=\"2019-10-15T15:08:11+00:00\" \/>\n<meta property=\"og:image\" content=\"https:\/\/www.pressenza.com\/wp-content\/uploads\/2019\/10\/34-ENM-2-emergentes.jpg\" \/>\n\t<meta property=\"og:image:width\" content=\"960\" \/>\n\t<meta property=\"og:image:height\" content=\"640\" \/>\n\t<meta property=\"og:image:type\" content=\"image\/jpeg\" \/>\n<meta name=\"author\" content=\"Alicia Blanco\" \/>\n<meta name=\"twitter:card\" content=\"summary_large_image\" \/>\n<meta name=\"twitter:creator\" content=\"@aliciablancoar\" \/>\n<meta name=\"twitter:site\" content=\"@PressenzaIPA\" \/>\n<meta name=\"twitter:label1\" content=\"Escrito por\" \/>\n\t<meta name=\"twitter:data1\" content=\"Alicia Blanco\" \/>\n\t<meta name=\"twitter:label2\" content=\"Tiempo de lectura\" \/>\n\t<meta name=\"twitter:data2\" content=\"3 minutos\" \/>\n<script type=\"application\/ld+json\" class=\"yoast-schema-graph\">{\"@context\":\"https:\/\/schema.org\",\"@graph\":[{\"@type\":\"Article\",\"@id\":\"https:\/\/www.pressenza.com\/es\/2019\/10\/200-000-mujeres-cruje-el-patriarcado\/#article\",\"isPartOf\":{\"@id\":\"https:\/\/www.pressenza.com\/es\/2019\/10\/200-000-mujeres-cruje-el-patriarcado\/\"},\"author\":{\"name\":\"Alicia Blanco\",\"@id\":\"https:\/\/www.pressenza.com\/es\/#\/schema\/person\/cd1c733ed7825bc0f36b165c74e256a3\"},\"headline\":\"Un encuentro de 200.000 mujeres. Cruje el patriarcado\",\"datePublished\":\"2019-10-15T03:51:38+00:00\",\"dateModified\":\"2019-10-15T15:08:11+00:00\",\"mainEntityOfPage\":{\"@id\":\"https:\/\/www.pressenza.com\/es\/2019\/10\/200-000-mujeres-cruje-el-patriarcado\/\"},\"wordCount\":695,\"publisher\":{\"@id\":\"https:\/\/www.pressenza.com\/es\/#organization\"},\"image\":{\"@id\":\"https:\/\/www.pressenza.com\/es\/2019\/10\/200-000-mujeres-cruje-el-patriarcado\/#primaryimage\"},\"thumbnailUrl\":\"https:\/\/www.pressenza.com\/wp-content\/uploads\/2019\/10\/34-ENM-2-emergentes.jpg\",\"keywords\":[\"aborto legal seguro y gratuito\",\"Argentina\",\"ENM\",\"femicidios\",\"feminismos\",\"G\u00e9nero\",\"La Plata\",\"Mujeres\",\"patriarcado\"],\"articleSection\":[\"Contenido Original\",\"Diversidad\",\"G\u00e9nero y Feminismos\",\"Opiniones\",\"Sudam\u00e9rica\"],\"inLanguage\":\"es\"},{\"@type\":\"WebPage\",\"@id\":\"https:\/\/www.pressenza.com\/es\/2019\/10\/200-000-mujeres-cruje-el-patriarcado\/\",\"url\":\"https:\/\/www.pressenza.com\/es\/2019\/10\/200-000-mujeres-cruje-el-patriarcado\/\",\"name\":\"Un encuentro de 200.000 mujeres. Cruje el patriarcado\",\"isPartOf\":{\"@id\":\"https:\/\/www.pressenza.com\/es\/#website\"},\"primaryImageOfPage\":{\"@id\":\"https:\/\/www.pressenza.com\/es\/2019\/10\/200-000-mujeres-cruje-el-patriarcado\/#primaryimage\"},\"image\":{\"@id\":\"https:\/\/www.pressenza.com\/es\/2019\/10\/200-000-mujeres-cruje-el-patriarcado\/#primaryimage\"},\"thumbnailUrl\":\"https:\/\/www.pressenza.com\/wp-content\/uploads\/2019\/10\/34-ENM-2-emergentes.jpg\",\"datePublished\":\"2019-10-15T03:51:38+00:00\",\"dateModified\":\"2019-10-15T15:08:11+00:00\",\"description\":\"M\u00e1s de 200.000 asistentes al 34 Encuentro Nacional de Mujeres en La Plata. Una ciudad dentro de otra. Una fiesta. Un hecho pol\u00edtico y social que crece y\",\"breadcrumb\":{\"@id\":\"https:\/\/www.pressenza.com\/es\/2019\/10\/200-000-mujeres-cruje-el-patriarcado\/#breadcrumb\"},\"inLanguage\":\"es\",\"potentialAction\":[{\"@type\":\"ReadAction\",\"target\":[\"https:\/\/www.pressenza.com\/es\/2019\/10\/200-000-mujeres-cruje-el-patriarcado\/\"]}]},{\"@type\":\"ImageObject\",\"inLanguage\":\"es\",\"@id\":\"https:\/\/www.pressenza.com\/es\/2019\/10\/200-000-mujeres-cruje-el-patriarcado\/#primaryimage\",\"url\":\"https:\/\/www.pressenza.com\/wp-content\/uploads\/2019\/10\/34-ENM-2-emergentes.jpg\",\"contentUrl\":\"https:\/\/www.pressenza.com\/wp-content\/uploads\/2019\/10\/34-ENM-2-emergentes.jpg\",\"width\":960,\"height\":640},{\"@type\":\"BreadcrumbList\",\"@id\":\"https:\/\/www.pressenza.com\/es\/2019\/10\/200-000-mujeres-cruje-el-patriarcado\/#breadcrumb\",\"itemListElement\":[{\"@type\":\"ListItem\",\"position\":1,\"name\":\"Accueil\",\"item\":\"https:\/\/www.pressenza.com\/es\/\"},{\"@type\":\"ListItem\",\"position\":2,\"name\":\"Un encuentro de 200.000 mujeres. Cruje el patriarcado\"}]},{\"@type\":\"WebSite\",\"@id\":\"https:\/\/www.pressenza.com\/es\/#website\",\"url\":\"https:\/\/www.pressenza.com\/es\/\",\"name\":\"Pressenza\",\"description\":\"International Press Agency\",\"publisher\":{\"@id\":\"https:\/\/www.pressenza.com\/es\/#organization\"},\"potentialAction\":[{\"@type\":\"SearchAction\",\"target\":{\"@type\":\"EntryPoint\",\"urlTemplate\":\"https:\/\/www.pressenza.com\/es\/?s={search_term_string}\"},\"query-input\":{\"@type\":\"PropertyValueSpecification\",\"valueRequired\":true,\"valueName\":\"search_term_string\"}}],\"inLanguage\":\"es\"},{\"@type\":\"Organization\",\"@id\":\"https:\/\/www.pressenza.com\/es\/#organization\",\"name\":\"Pressenza\",\"url\":\"https:\/\/www.pressenza.com\/es\/\",\"logo\":{\"@type\":\"ImageObject\",\"inLanguage\":\"es\",\"@id\":\"https:\/\/www.pressenza.com\/es\/#\/schema\/logo\/image\/\",\"url\":\"https:\/\/www.pressenza.com\/wp-content\/uploads\/2022\/10\/pressenza_logo_200x200.jpg\",\"contentUrl\":\"https:\/\/www.pressenza.com\/wp-content\/uploads\/2022\/10\/pressenza_logo_200x200.jpg\",\"width\":200,\"height\":200,\"caption\":\"Pressenza\"},\"image\":{\"@id\":\"https:\/\/www.pressenza.com\/es\/#\/schema\/logo\/image\/\"},\"sameAs\":[\"https:\/\/www.facebook.com\/PressenzaItalia\",\"https:\/\/x.com\/PressenzaIPA\"]},{\"@type\":\"Person\",\"@id\":\"https:\/\/www.pressenza.com\/es\/#\/schema\/person\/cd1c733ed7825bc0f36b165c74e256a3\",\"name\":\"Alicia Blanco\",\"description\":\"Humanista, co-directora de Pressenza.\",\"sameAs\":[\"Alicia Blanco\",\"https:\/\/x.com\/aliciablancoar\"],\"url\":\"https:\/\/www.pressenza.com\/es\/author\/alicia-blanco\/\"}]}<\/script>\n<!-- \/ Yoast SEO plugin. -->","yoast_head_json":{"title":"Un encuentro de 200.000 mujeres. Cruje el patriarcado","description":"M\u00e1s de 200.000 asistentes al 34 Encuentro Nacional de Mujeres en La Plata. Una ciudad dentro de otra. Una fiesta. Un hecho pol\u00edtico y social que crece y","robots":{"index":"index","follow":"follow","max-snippet":"max-snippet:-1","max-image-preview":"max-image-preview:large","max-video-preview":"max-video-preview:-1"},"canonical":"https:\/\/www.pressenza.com\/es\/2019\/10\/200-000-mujeres-cruje-el-patriarcado\/","og_locale":"es_ES","og_type":"article","og_title":"Un encuentro de 200.000 mujeres. Cruje el patriarcado","og_description":"M\u00e1s de 200.000 asistentes al 34 Encuentro Nacional de Mujeres en La Plata. Una ciudad dentro de otra. Una fiesta. Un hecho pol\u00edtico y social que crece y","og_url":"https:\/\/www.pressenza.com\/es\/2019\/10\/200-000-mujeres-cruje-el-patriarcado\/","og_site_name":"Pressenza","article_publisher":"https:\/\/www.facebook.com\/PressenzaItalia","article_author":"Alicia Blanco","article_published_time":"2019-10-15T03:51:38+00:00","article_modified_time":"2019-10-15T15:08:11+00:00","og_image":[{"width":960,"height":640,"url":"https:\/\/www.pressenza.com\/wp-content\/uploads\/2019\/10\/34-ENM-2-emergentes.jpg","type":"image\/jpeg"}],"author":"Alicia Blanco","twitter_card":"summary_large_image","twitter_creator":"@aliciablancoar","twitter_site":"@PressenzaIPA","twitter_misc":{"Escrito por":"Alicia Blanco","Tiempo de lectura":"3 minutos"},"schema":{"@context":"https:\/\/schema.org","@graph":[{"@type":"Article","@id":"https:\/\/www.pressenza.com\/es\/2019\/10\/200-000-mujeres-cruje-el-patriarcado\/#article","isPartOf":{"@id":"https:\/\/www.pressenza.com\/es\/2019\/10\/200-000-mujeres-cruje-el-patriarcado\/"},"author":{"name":"Alicia Blanco","@id":"https:\/\/www.pressenza.com\/es\/#\/schema\/person\/cd1c733ed7825bc0f36b165c74e256a3"},"headline":"Un encuentro de 200.000 mujeres. Cruje el patriarcado","datePublished":"2019-10-15T03:51:38+00:00","dateModified":"2019-10-15T15:08:11+00:00","mainEntityOfPage":{"@id":"https:\/\/www.pressenza.com\/es\/2019\/10\/200-000-mujeres-cruje-el-patriarcado\/"},"wordCount":695,"publisher":{"@id":"https:\/\/www.pressenza.com\/es\/#organization"},"image":{"@id":"https:\/\/www.pressenza.com\/es\/2019\/10\/200-000-mujeres-cruje-el-patriarcado\/#primaryimage"},"thumbnailUrl":"https:\/\/www.pressenza.com\/wp-content\/uploads\/2019\/10\/34-ENM-2-emergentes.jpg","keywords":["aborto legal seguro y gratuito","Argentina","ENM","femicidios","feminismos","G\u00e9nero","La Plata","Mujeres","patriarcado"],"articleSection":["Contenido Original","Diversidad","G\u00e9nero y Feminismos","Opiniones","Sudam\u00e9rica"],"inLanguage":"es"},{"@type":"WebPage","@id":"https:\/\/www.pressenza.com\/es\/2019\/10\/200-000-mujeres-cruje-el-patriarcado\/","url":"https:\/\/www.pressenza.com\/es\/2019\/10\/200-000-mujeres-cruje-el-patriarcado\/","name":"Un encuentro de 200.000 mujeres. Cruje el patriarcado","isPartOf":{"@id":"https:\/\/www.pressenza.com\/es\/#website"},"primaryImageOfPage":{"@id":"https:\/\/www.pressenza.com\/es\/2019\/10\/200-000-mujeres-cruje-el-patriarcado\/#primaryimage"},"image":{"@id":"https:\/\/www.pressenza.com\/es\/2019\/10\/200-000-mujeres-cruje-el-patriarcado\/#primaryimage"},"thumbnailUrl":"https:\/\/www.pressenza.com\/wp-content\/uploads\/2019\/10\/34-ENM-2-emergentes.jpg","datePublished":"2019-10-15T03:51:38+00:00","dateModified":"2019-10-15T15:08:11+00:00","description":"M\u00e1s de 200.000 asistentes al 34 Encuentro Nacional de Mujeres en La Plata. Una ciudad dentro de otra. Una fiesta. Un hecho pol\u00edtico y social que crece y","breadcrumb":{"@id":"https:\/\/www.pressenza.com\/es\/2019\/10\/200-000-mujeres-cruje-el-patriarcado\/#breadcrumb"},"inLanguage":"es","potentialAction":[{"@type":"ReadAction","target":["https:\/\/www.pressenza.com\/es\/2019\/10\/200-000-mujeres-cruje-el-patriarcado\/"]}]},{"@type":"ImageObject","inLanguage":"es","@id":"https:\/\/www.pressenza.com\/es\/2019\/10\/200-000-mujeres-cruje-el-patriarcado\/#primaryimage","url":"https:\/\/www.pressenza.com\/wp-content\/uploads\/2019\/10\/34-ENM-2-emergentes.jpg","contentUrl":"https:\/\/www.pressenza.com\/wp-content\/uploads\/2019\/10\/34-ENM-2-emergentes.jpg","width":960,"height":640},{"@type":"BreadcrumbList","@id":"https:\/\/www.pressenza.com\/es\/2019\/10\/200-000-mujeres-cruje-el-patriarcado\/#breadcrumb","itemListElement":[{"@type":"ListItem","position":1,"name":"Accueil","item":"https:\/\/www.pressenza.com\/es\/"},{"@type":"ListItem","position":2,"name":"Un encuentro de 200.000 mujeres. Cruje el patriarcado"}]},{"@type":"WebSite","@id":"https:\/\/www.pressenza.com\/es\/#website","url":"https:\/\/www.pressenza.com\/es\/","name":"Pressenza","description":"International Press Agency","publisher":{"@id":"https:\/\/www.pressenza.com\/es\/#organization"},"potentialAction":[{"@type":"SearchAction","target":{"@type":"EntryPoint","urlTemplate":"https:\/\/www.pressenza.com\/es\/?s={search_term_string}"},"query-input":{"@type":"PropertyValueSpecification","valueRequired":true,"valueName":"search_term_string"}}],"inLanguage":"es"},{"@type":"Organization","@id":"https:\/\/www.pressenza.com\/es\/#organization","name":"Pressenza","url":"https:\/\/www.pressenza.com\/es\/","logo":{"@type":"ImageObject","inLanguage":"es","@id":"https:\/\/www.pressenza.com\/es\/#\/schema\/logo\/image\/","url":"https:\/\/www.pressenza.com\/wp-content\/uploads\/2022\/10\/pressenza_logo_200x200.jpg","contentUrl":"https:\/\/www.pressenza.com\/wp-content\/uploads\/2022\/10\/pressenza_logo_200x200.jpg","width":200,"height":200,"caption":"Pressenza"},"image":{"@id":"https:\/\/www.pressenza.com\/es\/#\/schema\/logo\/image\/"},"sameAs":["https:\/\/www.facebook.com\/PressenzaItalia","https:\/\/x.com\/PressenzaIPA"]},{"@type":"Person","@id":"https:\/\/www.pressenza.com\/es\/#\/schema\/person\/cd1c733ed7825bc0f36b165c74e256a3","name":"Alicia Blanco","description":"Humanista, co-directora de Pressenza.","sameAs":["Alicia Blanco","https:\/\/x.com\/aliciablancoar"],"url":"https:\/\/www.pressenza.com\/es\/author\/alicia-blanco\/"}]}},"place":"Mar del Plata, Argentina","original_article_url":"","_links":{"self":[{"href":"https:\/\/www.pressenza.com\/es\/wp-json\/wp\/v2\/posts\/944454","targetHints":{"allow":["GET"]}}],"collection":[{"href":"https:\/\/www.pressenza.com\/es\/wp-json\/wp\/v2\/posts"}],"about":[{"href":"https:\/\/www.pressenza.com\/es\/wp-json\/wp\/v2\/types\/post"}],"author":[{"embeddable":true,"href":"https:\/\/www.pressenza.com\/es\/wp-json\/wp\/v2\/users\/1187"}],"replies":[{"embeddable":true,"href":"https:\/\/www.pressenza.com\/es\/wp-json\/wp\/v2\/comments?post=944454"}],"version-history":[{"count":0,"href":"https:\/\/www.pressenza.com\/es\/wp-json\/wp\/v2\/posts\/944454\/revisions"}],"wp:featuredmedia":[{"embeddable":true,"href":"https:\/\/www.pressenza.com\/es\/wp-json\/wp\/v2\/media\/944455"}],"wp:attachment":[{"href":"https:\/\/www.pressenza.com\/es\/wp-json\/wp\/v2\/media?parent=944454"}],"wp:term":[{"taxonomy":"category","embeddable":true,"href":"https:\/\/www.pressenza.com\/es\/wp-json\/wp\/v2\/categories?post=944454"},{"taxonomy":"post_tag","embeddable":true,"href":"https:\/\/www.pressenza.com\/es\/wp-json\/wp\/v2\/tags?post=944454"}],"curies":[{"name":"wp","href":"https:\/\/api.w.org\/{rel}","templated":true}]}}