{"id":944224,"date":"2019-10-14T21:11:59","date_gmt":"2019-10-14T20:11:59","guid":{"rendered":"https:\/\/www.pressenza.com\/?p=944224"},"modified":"2019-10-14T21:11:59","modified_gmt":"2019-10-14T20:11:59","slug":"ginebra-una-ruta-para-la-responsabilidad-corporativa-multinacional","status":"publish","type":"post","link":"https:\/\/www.pressenza.com\/es\/2019\/10\/ginebra-una-ruta-para-la-responsabilidad-corporativa-multinacional\/","title":{"rendered":"Ginebra: una ruta para la responsabilidad corporativa multinacional"},"content":{"rendered":"<p>M\u00e1s de <a href=\"https:\/\/stopisds.org\/fr\/annonce-11-19-octobre-une-semaine-daction-pour-se-debarrasser-de-limpunite-des-multinationales\/\">250 comunidades afectadas por la crisis clim\u00e1tica<\/a> se reunieron en Ginebra el s\u00e1bado y pidieron a las Naciones Unidas que adoptaran un <a href=\"https:\/\/www.stopcorporateimpunity.org\/traite-contraignant-de-lonu\/?lang=fr\">tratado vinculante<\/a> sobre las violaciones de los derechos humanos por parte de las multinacionales como resultado de sus actividades comerciales.<\/p>\n<p>Las comunidades que protestan reclaman soberan\u00eda, afirman su autonom\u00eda del poder de las multinacionales y quieren poner fin a su impunidad cuando se cometen violaciones de los derechos humanos. La campa\u00f1a <a href=\"https:\/\/www.facebook.com\/stopcorporateimpunity\/?eid=ARCvghoXdn4rhkkqu3mbp6VWQfQwvBBET0nALN0MM_W0e5XsrfwVhEtDES7WQlPKpA33Kmxyz4TfH3Me\">Derechos Humanos &#8211; Normas para las Multinacionales<\/a> termina con una semana de movilizaci\u00f3n (11-19 de octubre de 2019) y propone acciones. Las 250 comunidades, que incluyen organizaciones, grupos ind\u00edgenas, colegios informales y sindicatos, han elegido a Suiza como el punto culminante de su movilizaci\u00f3n. Las intervenciones sobre la Amazon\u00eda y las manifestaciones en Ecuador en relaci\u00f3n al Fondo Monetario Internacional formaron parte de las demandas, como se puede ver en los carteles, a causa de los acontecimientos actuales de este per\u00edodo en Am\u00e9rica Latina. A continuaci\u00f3n, se muestra un reportaje fotogr\u00e1fico de la manifestaci\u00f3n del 12 de octubre en los medios sociales de la campa\u00f1a \u201cDesmantelar el poder de las multinacionales y poner fin a su impunidad\u201d.<\/p>\n<p><a href=\"https:\/\/www.pressenza.com\/el\/2019\/10\/genevi-poreia-gia-ti-logodosia-ton-poliethnikon-etairion\/tni_geneva_coorporate-abuse2\/\" rel=\"attachment wp-att-943136\"><img loading=\"lazy\" decoding=\"async\" class=\"size-large wp-image-943136 aligncenter\" src=\"https:\/\/www.pressenza.com\/wp-content\/uploads\/2019\/10\/TNI_Geneva_coorporate-abuse2-720x405.jpg\" alt=\"\" width=\"720\" height=\"405\" srcset=\"https:\/\/www.pressenza.com\/wp-content\/uploads\/2019\/10\/TNI_Geneva_coorporate-abuse2-720x405.jpg 720w, https:\/\/www.pressenza.com\/wp-content\/uploads\/2019\/10\/TNI_Geneva_coorporate-abuse2-300x169.jpg 300w, https:\/\/www.pressenza.com\/wp-content\/uploads\/2019\/10\/TNI_Geneva_coorporate-abuse2-768x432.jpg 768w, https:\/\/www.pressenza.com\/wp-content\/uploads\/2019\/10\/TNI_Geneva_coorporate-abuse2-750x422.jpg 750w, https:\/\/www.pressenza.com\/wp-content\/uploads\/2019\/10\/TNI_Geneva_coorporate-abuse2.jpg 1024w\" sizes=\"auto, (max-width: 720px) 100vw, 720px\" \/><\/a><\/p>\n<p>&nbsp;<\/p>\n<p><a href=\"https:\/\/www.pressenza.com\/el\/2019\/10\/genevi-poreia-gia-ti-logodosia-ton-poliethnikon-etairion\/tni_geneva_coorporate-abuse3\/\" rel=\"attachment wp-att-943145\"><img loading=\"lazy\" decoding=\"async\" class=\"size-large wp-image-943145 aligncenter\" src=\"https:\/\/www.pressenza.com\/wp-content\/uploads\/2019\/10\/TNI_Geneva_coorporate-abuse3-720x405.jpg\" alt=\"\" width=\"720\" height=\"405\" srcset=\"https:\/\/www.pressenza.com\/wp-content\/uploads\/2019\/10\/TNI_Geneva_coorporate-abuse3-720x405.jpg 720w, https:\/\/www.pressenza.com\/wp-content\/uploads\/2019\/10\/TNI_Geneva_coorporate-abuse3-300x169.jpg 300w, https:\/\/www.pressenza.com\/wp-content\/uploads\/2019\/10\/TNI_Geneva_coorporate-abuse3-768x432.jpg 768w, https:\/\/www.pressenza.com\/wp-content\/uploads\/2019\/10\/TNI_Geneva_coorporate-abuse3-750x422.jpg 750w, https:\/\/www.pressenza.com\/wp-content\/uploads\/2019\/10\/TNI_Geneva_coorporate-abuse3.jpg 1024w\" sizes=\"auto, (max-width: 720px) 100vw, 720px\" \/><\/a><\/p>\n<p>&nbsp;<\/p>\n<p><a href=\"https:\/\/www.pressenza.com\/el\/2019\/10\/genevi-poreia-gia-ti-logodosia-ton-poliethnikon-etairion\/tni_geneva_coorporate-abuse4\/\" rel=\"attachment wp-att-943154\"><img loading=\"lazy\" decoding=\"async\" class=\"size-large wp-image-943154 aligncenter\" src=\"https:\/\/www.pressenza.com\/wp-content\/uploads\/2019\/10\/TNI_Geneva_coorporate-abuse4-720x540.jpg\" alt=\"\" width=\"720\" height=\"540\" srcset=\"https:\/\/www.pressenza.com\/wp-content\/uploads\/2019\/10\/TNI_Geneva_coorporate-abuse4-720x540.jpg 720w, https:\/\/www.pressenza.com\/wp-content\/uploads\/2019\/10\/TNI_Geneva_coorporate-abuse4-300x225.jpg 300w, https:\/\/www.pressenza.com\/wp-content\/uploads\/2019\/10\/TNI_Geneva_coorporate-abuse4-768x576.jpg 768w, https:\/\/www.pressenza.com\/wp-content\/uploads\/2019\/10\/TNI_Geneva_coorporate-abuse4.jpg 1600w\" sizes=\"auto, (max-width: 720px) 100vw, 720px\" \/><\/a><\/p>\n<p>&nbsp;<\/p>\n<p><a href=\"https:\/\/www.pressenza.com\/el\/2019\/10\/genevi-poreia-gia-ti-logodosia-ton-poliethnikon-etairion\/tni_geneva_coorporate-abuse5\/\" rel=\"attachment wp-att-943163\"><img loading=\"lazy\" decoding=\"async\" class=\"size-large wp-image-943163 aligncenter\" src=\"https:\/\/www.pressenza.com\/wp-content\/uploads\/2019\/10\/TNI_Geneva_coorporate-abuse5-720x405.jpg\" alt=\"\" width=\"720\" height=\"405\" srcset=\"https:\/\/www.pressenza.com\/wp-content\/uploads\/2019\/10\/TNI_Geneva_coorporate-abuse5-720x405.jpg 720w, https:\/\/www.pressenza.com\/wp-content\/uploads\/2019\/10\/TNI_Geneva_coorporate-abuse5-300x169.jpg 300w, https:\/\/www.pressenza.com\/wp-content\/uploads\/2019\/10\/TNI_Geneva_coorporate-abuse5-768x432.jpg 768w, https:\/\/www.pressenza.com\/wp-content\/uploads\/2019\/10\/TNI_Geneva_coorporate-abuse5-750x422.jpg 750w, https:\/\/www.pressenza.com\/wp-content\/uploads\/2019\/10\/TNI_Geneva_coorporate-abuse5.jpg 2048w\" sizes=\"auto, (max-width: 720px) 100vw, 720px\" \/><\/a><\/p>\n<hr \/>\n<p><em>Traducci\u00f3n del franc\u00e9s por Michelle Velez<\/em><\/p>\n","protected":false},"excerpt":{"rendered":"<p>M\u00e1s de 250 comunidades afectadas por la crisis clim\u00e1tica se reunieron en Ginebra el s\u00e1bado y pidieron a las Naciones Unidas que adoptaran un tratado vinculante sobre las violaciones de los derechos humanos por parte de las multinacionales como resultado&hellip;<\/p>\n","protected":false},"author":1220,"featured_media":943135,"comment_status":"closed","ping_status":"closed","sticky":false,"template":"","format":"standard","meta":{"footnotes":""},"categories":[11389,79,66],"tags":[1265,441,41521,5126,65391,65392,9062],"class_list":["post-944224","post","type-post","status-publish","format-standard","has-post-thumbnail","hentry","category-contenido-original","category-derechos-humanos","category-europa-es","tag-cambio-climatico","tag-derechos-humanos","tag-ginebra","tag-manifestaciones","tag-responsabilidad-multinacional","tag-stopcorporateimpunity-es","tag-suiza"],"yoast_head":"<!-- This site is optimized with the Yoast SEO plugin v27.1.1 - https:\/\/yoast.com\/product\/yoast-seo-wordpress\/ -->\n<title>Ginebra: una ruta para la responsabilidad corporativa multinacional<\/title>\n<meta name=\"description\" content=\"M\u00e1s de 250 comunidades afectadas por la crisis clim\u00e1tica se reunieron en Ginebra el s\u00e1bado y pidieron a las Naciones Unidas que adoptaran un tratado\" \/>\n<meta name=\"robots\" content=\"index, follow, max-snippet:-1, max-image-preview:large, max-video-preview:-1\" \/>\n<link rel=\"canonical\" href=\"https:\/\/www.pressenza.com\/es\/2019\/10\/ginebra-una-ruta-para-la-responsabilidad-corporativa-multinacional\/\" \/>\n<meta property=\"og:locale\" content=\"es_ES\" \/>\n<meta property=\"og:type\" content=\"article\" \/>\n<meta property=\"og:title\" content=\"Ginebra: una ruta para la responsabilidad corporativa multinacional\" \/>\n<meta property=\"og:description\" content=\"M\u00e1s de 250 comunidades afectadas por la crisis clim\u00e1tica se reunieron en Ginebra el s\u00e1bado y pidieron a las Naciones Unidas que adoptaran un tratado\" \/>\n<meta property=\"og:url\" content=\"https:\/\/www.pressenza.com\/es\/2019\/10\/ginebra-una-ruta-para-la-responsabilidad-corporativa-multinacional\/\" \/>\n<meta property=\"og:site_name\" content=\"Pressenza\" \/>\n<meta property=\"article:publisher\" content=\"https:\/\/www.facebook.com\/PressenzaItalia\" \/>\n<meta property=\"article:author\" content=\"https:\/\/www.facebook.com\/pressenzagr\/\" \/>\n<meta property=\"article:published_time\" content=\"2019-10-14T20:11:59+00:00\" \/>\n<meta property=\"og:image\" content=\"https:\/\/www.pressenza.com\/wp-content\/uploads\/2019\/10\/TNI_Geneva_coorporate-abuse1.jpg\" \/>\n\t<meta property=\"og:image:width\" content=\"1024\" \/>\n\t<meta property=\"og:image:height\" content=\"576\" \/>\n\t<meta property=\"og:image:type\" content=\"image\/jpeg\" \/>\n<meta name=\"author\" content=\"Pressenza Athens\" \/>\n<meta name=\"twitter:card\" content=\"summary_large_image\" \/>\n<meta name=\"twitter:creator\" content=\"@Pressenza_ath\" \/>\n<meta name=\"twitter:site\" content=\"@PressenzaIPA\" \/>\n<meta name=\"twitter:label1\" content=\"Escrito por\" \/>\n\t<meta name=\"twitter:data1\" content=\"Pressenza Athens\" \/>\n\t<meta name=\"twitter:label2\" content=\"Tiempo de lectura\" \/>\n\t<meta name=\"twitter:data2\" content=\"1 minuto\" \/>\n<script type=\"application\/ld+json\" class=\"yoast-schema-graph\">{\"@context\":\"https:\/\/schema.org\",\"@graph\":[{\"@type\":\"Article\",\"@id\":\"https:\/\/www.pressenza.com\/es\/2019\/10\/ginebra-una-ruta-para-la-responsabilidad-corporativa-multinacional\/#article\",\"isPartOf\":{\"@id\":\"https:\/\/www.pressenza.com\/es\/2019\/10\/ginebra-una-ruta-para-la-responsabilidad-corporativa-multinacional\/\"},\"author\":{\"name\":\"Pressenza Athens\",\"@id\":\"https:\/\/www.pressenza.com\/es\/#\/schema\/person\/9eae8d7f0aad5ec6a7f6f21ec94480fb\"},\"headline\":\"Ginebra: una ruta para la responsabilidad corporativa multinacional\",\"datePublished\":\"2019-10-14T20:11:59+00:00\",\"mainEntityOfPage\":{\"@id\":\"https:\/\/www.pressenza.com\/es\/2019\/10\/ginebra-una-ruta-para-la-responsabilidad-corporativa-multinacional\/\"},\"wordCount\":224,\"publisher\":{\"@id\":\"https:\/\/www.pressenza.com\/es\/#organization\"},\"image\":{\"@id\":\"https:\/\/www.pressenza.com\/es\/2019\/10\/ginebra-una-ruta-para-la-responsabilidad-corporativa-multinacional\/#primaryimage\"},\"thumbnailUrl\":\"https:\/\/www.pressenza.com\/wp-content\/uploads\/2019\/10\/TNI_Geneva_coorporate-abuse1.jpg\",\"keywords\":[\"cambio clim\u00e1tico\",\"Derechos humanos\",\"ginebra\",\"Manifestaciones\",\"Responsabilidad multinacional\",\"stopcorporateimpunity\",\"Suiza\"],\"articleSection\":[\"Contenido Original\",\"Derechos Humanos\",\"Europa\"],\"inLanguage\":\"es\"},{\"@type\":\"WebPage\",\"@id\":\"https:\/\/www.pressenza.com\/es\/2019\/10\/ginebra-una-ruta-para-la-responsabilidad-corporativa-multinacional\/\",\"url\":\"https:\/\/www.pressenza.com\/es\/2019\/10\/ginebra-una-ruta-para-la-responsabilidad-corporativa-multinacional\/\",\"name\":\"Ginebra: una ruta para la responsabilidad corporativa multinacional\",\"isPartOf\":{\"@id\":\"https:\/\/www.pressenza.com\/es\/#website\"},\"primaryImageOfPage\":{\"@id\":\"https:\/\/www.pressenza.com\/es\/2019\/10\/ginebra-una-ruta-para-la-responsabilidad-corporativa-multinacional\/#primaryimage\"},\"image\":{\"@id\":\"https:\/\/www.pressenza.com\/es\/2019\/10\/ginebra-una-ruta-para-la-responsabilidad-corporativa-multinacional\/#primaryimage\"},\"thumbnailUrl\":\"https:\/\/www.pressenza.com\/wp-content\/uploads\/2019\/10\/TNI_Geneva_coorporate-abuse1.jpg\",\"datePublished\":\"2019-10-14T20:11:59+00:00\",\"description\":\"M\u00e1s de 250 comunidades afectadas por la crisis clim\u00e1tica se reunieron en Ginebra el s\u00e1bado y pidieron a las Naciones Unidas que adoptaran un tratado\",\"breadcrumb\":{\"@id\":\"https:\/\/www.pressenza.com\/es\/2019\/10\/ginebra-una-ruta-para-la-responsabilidad-corporativa-multinacional\/#breadcrumb\"},\"inLanguage\":\"es\",\"potentialAction\":[{\"@type\":\"ReadAction\",\"target\":[\"https:\/\/www.pressenza.com\/es\/2019\/10\/ginebra-una-ruta-para-la-responsabilidad-corporativa-multinacional\/\"]}]},{\"@type\":\"ImageObject\",\"inLanguage\":\"es\",\"@id\":\"https:\/\/www.pressenza.com\/es\/2019\/10\/ginebra-una-ruta-para-la-responsabilidad-corporativa-multinacional\/#primaryimage\",\"url\":\"https:\/\/www.pressenza.com\/wp-content\/uploads\/2019\/10\/TNI_Geneva_coorporate-abuse1.jpg\",\"contentUrl\":\"https:\/\/www.pressenza.com\/wp-content\/uploads\/2019\/10\/TNI_Geneva_coorporate-abuse1.jpg\",\"width\":1024,\"height\":576},{\"@type\":\"BreadcrumbList\",\"@id\":\"https:\/\/www.pressenza.com\/es\/2019\/10\/ginebra-una-ruta-para-la-responsabilidad-corporativa-multinacional\/#breadcrumb\",\"itemListElement\":[{\"@type\":\"ListItem\",\"position\":1,\"name\":\"Accueil\",\"item\":\"https:\/\/www.pressenza.com\/es\/\"},{\"@type\":\"ListItem\",\"position\":2,\"name\":\"Ginebra: una ruta para la responsabilidad corporativa multinacional\"}]},{\"@type\":\"WebSite\",\"@id\":\"https:\/\/www.pressenza.com\/es\/#website\",\"url\":\"https:\/\/www.pressenza.com\/es\/\",\"name\":\"Pressenza\",\"description\":\"International Press Agency\",\"publisher\":{\"@id\":\"https:\/\/www.pressenza.com\/es\/#organization\"},\"potentialAction\":[{\"@type\":\"SearchAction\",\"target\":{\"@type\":\"EntryPoint\",\"urlTemplate\":\"https:\/\/www.pressenza.com\/es\/?s={search_term_string}\"},\"query-input\":{\"@type\":\"PropertyValueSpecification\",\"valueRequired\":true,\"valueName\":\"search_term_string\"}}],\"inLanguage\":\"es\"},{\"@type\":\"Organization\",\"@id\":\"https:\/\/www.pressenza.com\/es\/#organization\",\"name\":\"Pressenza\",\"url\":\"https:\/\/www.pressenza.com\/es\/\",\"logo\":{\"@type\":\"ImageObject\",\"inLanguage\":\"es\",\"@id\":\"https:\/\/www.pressenza.com\/es\/#\/schema\/logo\/image\/\",\"url\":\"https:\/\/www.pressenza.com\/wp-content\/uploads\/2022\/10\/pressenza_logo_200x200.jpg\",\"contentUrl\":\"https:\/\/www.pressenza.com\/wp-content\/uploads\/2022\/10\/pressenza_logo_200x200.jpg\",\"width\":200,\"height\":200,\"caption\":\"Pressenza\"},\"image\":{\"@id\":\"https:\/\/www.pressenza.com\/es\/#\/schema\/logo\/image\/\"},\"sameAs\":[\"https:\/\/www.facebook.com\/PressenzaItalia\",\"https:\/\/x.com\/PressenzaIPA\"]},{\"@type\":\"Person\",\"@id\":\"https:\/\/www.pressenza.com\/es\/#\/schema\/person\/9eae8d7f0aad5ec6a7f6f21ec94480fb\",\"name\":\"Pressenza Athens\",\"description\":\"News from the Pressenza Bureau in Athens, Greece\",\"sameAs\":[\"https:\/\/www.facebook.com\/pressenzagr\/\",\"https:\/\/x.com\/Pressenza_ath\"],\"url\":\"https:\/\/www.pressenza.com\/es\/author\/pressenza-athens\/\"}]}<\/script>\n<!-- \/ Yoast SEO plugin. -->","yoast_head_json":{"title":"Ginebra: una ruta para la responsabilidad corporativa multinacional","description":"M\u00e1s de 250 comunidades afectadas por la crisis clim\u00e1tica se reunieron en Ginebra el s\u00e1bado y pidieron a las Naciones Unidas que adoptaran un tratado","robots":{"index":"index","follow":"follow","max-snippet":"max-snippet:-1","max-image-preview":"max-image-preview:large","max-video-preview":"max-video-preview:-1"},"canonical":"https:\/\/www.pressenza.com\/es\/2019\/10\/ginebra-una-ruta-para-la-responsabilidad-corporativa-multinacional\/","og_locale":"es_ES","og_type":"article","og_title":"Ginebra: una ruta para la responsabilidad corporativa multinacional","og_description":"M\u00e1s de 250 comunidades afectadas por la crisis clim\u00e1tica se reunieron en Ginebra el s\u00e1bado y pidieron a las Naciones Unidas que adoptaran un tratado","og_url":"https:\/\/www.pressenza.com\/es\/2019\/10\/ginebra-una-ruta-para-la-responsabilidad-corporativa-multinacional\/","og_site_name":"Pressenza","article_publisher":"https:\/\/www.facebook.com\/PressenzaItalia","article_author":"https:\/\/www.facebook.com\/pressenzagr\/","article_published_time":"2019-10-14T20:11:59+00:00","og_image":[{"width":1024,"height":576,"url":"https:\/\/www.pressenza.com\/wp-content\/uploads\/2019\/10\/TNI_Geneva_coorporate-abuse1.jpg","type":"image\/jpeg"}],"author":"Pressenza Athens","twitter_card":"summary_large_image","twitter_creator":"@Pressenza_ath","twitter_site":"@PressenzaIPA","twitter_misc":{"Escrito por":"Pressenza Athens","Tiempo de lectura":"1 minuto"},"schema":{"@context":"https:\/\/schema.org","@graph":[{"@type":"Article","@id":"https:\/\/www.pressenza.com\/es\/2019\/10\/ginebra-una-ruta-para-la-responsabilidad-corporativa-multinacional\/#article","isPartOf":{"@id":"https:\/\/www.pressenza.com\/es\/2019\/10\/ginebra-una-ruta-para-la-responsabilidad-corporativa-multinacional\/"},"author":{"name":"Pressenza Athens","@id":"https:\/\/www.pressenza.com\/es\/#\/schema\/person\/9eae8d7f0aad5ec6a7f6f21ec94480fb"},"headline":"Ginebra: una ruta para la responsabilidad corporativa multinacional","datePublished":"2019-10-14T20:11:59+00:00","mainEntityOfPage":{"@id":"https:\/\/www.pressenza.com\/es\/2019\/10\/ginebra-una-ruta-para-la-responsabilidad-corporativa-multinacional\/"},"wordCount":224,"publisher":{"@id":"https:\/\/www.pressenza.com\/es\/#organization"},"image":{"@id":"https:\/\/www.pressenza.com\/es\/2019\/10\/ginebra-una-ruta-para-la-responsabilidad-corporativa-multinacional\/#primaryimage"},"thumbnailUrl":"https:\/\/www.pressenza.com\/wp-content\/uploads\/2019\/10\/TNI_Geneva_coorporate-abuse1.jpg","keywords":["cambio clim\u00e1tico","Derechos humanos","ginebra","Manifestaciones","Responsabilidad multinacional","stopcorporateimpunity","Suiza"],"articleSection":["Contenido Original","Derechos Humanos","Europa"],"inLanguage":"es"},{"@type":"WebPage","@id":"https:\/\/www.pressenza.com\/es\/2019\/10\/ginebra-una-ruta-para-la-responsabilidad-corporativa-multinacional\/","url":"https:\/\/www.pressenza.com\/es\/2019\/10\/ginebra-una-ruta-para-la-responsabilidad-corporativa-multinacional\/","name":"Ginebra: una ruta para la responsabilidad corporativa multinacional","isPartOf":{"@id":"https:\/\/www.pressenza.com\/es\/#website"},"primaryImageOfPage":{"@id":"https:\/\/www.pressenza.com\/es\/2019\/10\/ginebra-una-ruta-para-la-responsabilidad-corporativa-multinacional\/#primaryimage"},"image":{"@id":"https:\/\/www.pressenza.com\/es\/2019\/10\/ginebra-una-ruta-para-la-responsabilidad-corporativa-multinacional\/#primaryimage"},"thumbnailUrl":"https:\/\/www.pressenza.com\/wp-content\/uploads\/2019\/10\/TNI_Geneva_coorporate-abuse1.jpg","datePublished":"2019-10-14T20:11:59+00:00","description":"M\u00e1s de 250 comunidades afectadas por la crisis clim\u00e1tica se reunieron en Ginebra el s\u00e1bado y pidieron a las Naciones Unidas que adoptaran un tratado","breadcrumb":{"@id":"https:\/\/www.pressenza.com\/es\/2019\/10\/ginebra-una-ruta-para-la-responsabilidad-corporativa-multinacional\/#breadcrumb"},"inLanguage":"es","potentialAction":[{"@type":"ReadAction","target":["https:\/\/www.pressenza.com\/es\/2019\/10\/ginebra-una-ruta-para-la-responsabilidad-corporativa-multinacional\/"]}]},{"@type":"ImageObject","inLanguage":"es","@id":"https:\/\/www.pressenza.com\/es\/2019\/10\/ginebra-una-ruta-para-la-responsabilidad-corporativa-multinacional\/#primaryimage","url":"https:\/\/www.pressenza.com\/wp-content\/uploads\/2019\/10\/TNI_Geneva_coorporate-abuse1.jpg","contentUrl":"https:\/\/www.pressenza.com\/wp-content\/uploads\/2019\/10\/TNI_Geneva_coorporate-abuse1.jpg","width":1024,"height":576},{"@type":"BreadcrumbList","@id":"https:\/\/www.pressenza.com\/es\/2019\/10\/ginebra-una-ruta-para-la-responsabilidad-corporativa-multinacional\/#breadcrumb","itemListElement":[{"@type":"ListItem","position":1,"name":"Accueil","item":"https:\/\/www.pressenza.com\/es\/"},{"@type":"ListItem","position":2,"name":"Ginebra: una ruta para la responsabilidad corporativa multinacional"}]},{"@type":"WebSite","@id":"https:\/\/www.pressenza.com\/es\/#website","url":"https:\/\/www.pressenza.com\/es\/","name":"Pressenza","description":"International Press Agency","publisher":{"@id":"https:\/\/www.pressenza.com\/es\/#organization"},"potentialAction":[{"@type":"SearchAction","target":{"@type":"EntryPoint","urlTemplate":"https:\/\/www.pressenza.com\/es\/?s={search_term_string}"},"query-input":{"@type":"PropertyValueSpecification","valueRequired":true,"valueName":"search_term_string"}}],"inLanguage":"es"},{"@type":"Organization","@id":"https:\/\/www.pressenza.com\/es\/#organization","name":"Pressenza","url":"https:\/\/www.pressenza.com\/es\/","logo":{"@type":"ImageObject","inLanguage":"es","@id":"https:\/\/www.pressenza.com\/es\/#\/schema\/logo\/image\/","url":"https:\/\/www.pressenza.com\/wp-content\/uploads\/2022\/10\/pressenza_logo_200x200.jpg","contentUrl":"https:\/\/www.pressenza.com\/wp-content\/uploads\/2022\/10\/pressenza_logo_200x200.jpg","width":200,"height":200,"caption":"Pressenza"},"image":{"@id":"https:\/\/www.pressenza.com\/es\/#\/schema\/logo\/image\/"},"sameAs":["https:\/\/www.facebook.com\/PressenzaItalia","https:\/\/x.com\/PressenzaIPA"]},{"@type":"Person","@id":"https:\/\/www.pressenza.com\/es\/#\/schema\/person\/9eae8d7f0aad5ec6a7f6f21ec94480fb","name":"Pressenza Athens","description":"News from the Pressenza Bureau in Athens, Greece","sameAs":["https:\/\/www.facebook.com\/pressenzagr\/","https:\/\/x.com\/Pressenza_ath"],"url":"https:\/\/www.pressenza.com\/es\/author\/pressenza-athens\/"}]}},"place":"Ginebra, Suiza","original_article_url":"","_links":{"self":[{"href":"https:\/\/www.pressenza.com\/es\/wp-json\/wp\/v2\/posts\/944224","targetHints":{"allow":["GET"]}}],"collection":[{"href":"https:\/\/www.pressenza.com\/es\/wp-json\/wp\/v2\/posts"}],"about":[{"href":"https:\/\/www.pressenza.com\/es\/wp-json\/wp\/v2\/types\/post"}],"author":[{"embeddable":true,"href":"https:\/\/www.pressenza.com\/es\/wp-json\/wp\/v2\/users\/1220"}],"replies":[{"embeddable":true,"href":"https:\/\/www.pressenza.com\/es\/wp-json\/wp\/v2\/comments?post=944224"}],"version-history":[{"count":0,"href":"https:\/\/www.pressenza.com\/es\/wp-json\/wp\/v2\/posts\/944224\/revisions"}],"wp:featuredmedia":[{"embeddable":true,"href":"https:\/\/www.pressenza.com\/es\/wp-json\/wp\/v2\/media\/943135"}],"wp:attachment":[{"href":"https:\/\/www.pressenza.com\/es\/wp-json\/wp\/v2\/media?parent=944224"}],"wp:term":[{"taxonomy":"category","embeddable":true,"href":"https:\/\/www.pressenza.com\/es\/wp-json\/wp\/v2\/categories?post=944224"},{"taxonomy":"post_tag","embeddable":true,"href":"https:\/\/www.pressenza.com\/es\/wp-json\/wp\/v2\/tags?post=944224"}],"curies":[{"name":"wp","href":"https:\/\/api.w.org\/{rel}","templated":true}]}}