{"id":9442,"date":"2012-06-12T00:00:00","date_gmt":"2012-06-12T00:00:00","guid":{"rendered":""},"modified":"2012-06-14T07:00:06","modified_gmt":"2012-06-14T07:00:06","slug":"el-recuerdo-de-los-siloistas-eduardo-daniel-lascano-y-ricardo-raul-carreras","status":"publish","type":"post","link":"https:\/\/www.pressenza.com\/es\/2012\/06\/el-recuerdo-de-los-siloistas-eduardo-daniel-lascano-y-ricardo-raul-carreras\/","title":{"rendered":"El recuerdo de los silo\u00edstas Eduardo Daniel Lascano y Ricardo Ra\u00fal Carreras"},"content":{"rendered":"<p>En 1969 se lanz\u00f3 el Movimiento Humanista y propuso la no violencia como su metodolog\u00eda de acci\u00f3n desde sus comienzos. Sin embargo, \u00abEl Brujo\u00bb Jos\u00e9 L\u00f3pez Rega los vio como subversivos. Quedaron en la mira de la Triple A. Las ideas de Silo ya se hab\u00edan hecho conocidas al otro lado de la cordillera, y la persecuci\u00f3n tuvo efectos inesperados, porque los exiliados chilenos y argentinos las llevaron por el mundo. El silo\u00edsmo se extendi\u00f3 a Espa\u00f1a y Francia, y se dispar\u00f3 para los cuatro costados: a las Filipinas, a Africa, a Canad\u00e1. Con el tiempo, lleg\u00f3 a reunir m\u00e1s de un mill\u00f3n de seguidores.<\/p>\n<p>La edici\u00f3n del domingo 10 de junio del diario Miradas al Sur informa en la nota \u00abDisparen contra Silo\u00bb: \u00abCerca de la medianoche del 23 de julio de 1975, Eduardo Lascano y Ricardo Carreras caminaban por la vereda de los n\u00fameros impares de la avenida 7 de La Plata rumbo a la casa de un amigo. A dos cuadras de distancia, otros dos integrantes de Silo (sic), Tom\u00e1s Trincheri y Gustavo Segarra, iban en la misma direcci\u00f3n. Al llegar a la intersecci\u00f3n de 7 y la calle 39, Carreras y Lascano se sobresaltaron por la brusca frenada de un Ford Falcon Sprint color anaranjado, con bandas negras en los laterales. Al d\u00eda siguiente, en una portada, el diario platense El D\u00eda relatar\u00eda que \u201cdel autom\u00f3vil descendieron dos individuos que les dispararon a boca de jarro con ametralladoras. Los j\u00f3venes, que recibieron numerosos impactos de balas de 9 mm, murieron en el acto. Los agresores huyeron de inmediato con rumbo desconocido\u201d. <\/p>\n<p>Y agregaba: \u201cDe acuerdo con algunos testimonios de circunstanciales testigos del grave episodio, el doble crimen se desarroll\u00f3 con vertiginosa rapidez (\u2026) Los agresores, personas j\u00f3venes correctamente vestidas, accionaron sus armas dirigiendo los disparos de arriba hacia abajo, alcanzando a las v\u00edctimas con disparos desde la cabeza hasta las piernas\u201d. Segundos despu\u00e9s, Trincheri y Segarra llegaron al lugar y descubrieron los cad\u00e1veres de sus amigos en la vereda. Fueron ellos quienes dieron aviso a los padres de las v\u00edctimas. D\u00edas despu\u00e9s, los compa\u00f1eros de las v\u00edctimas hab\u00edan identificado a tres de los cuatro ocupantes del Ford Falcon: Eduardo Fromigu\u00e9 (a) El Oso, Alejandro Mazzola y otro individuo de apellido Vicente, apodado El Negro.<\/p>\n<p>Mario Rodr\u00edguez Cobos, m\u00e1s conocido como Silo, l\u00edder de la organizaci\u00f3n humanista, hab\u00eda sido encarcelado durante la dictadura de Lanusse por supuestas vinculaciones con el comunismo internacional. La ultraderecha peronista hab\u00eda ido m\u00e1s lejos e identificaba a Silo como parte de una organizaci\u00f3n que respond\u00eda encubiertamente al PRT-ERP. Poco antes de los asesinatos de Lascano y Carreras, la revista El Caudillo hab\u00eda denunciado esta supuesta vinculaci\u00f3n. El encargado de hacerlo fue Salvador Nielsen, en su secci\u00f3n \u201c\u00a1O\u00edme!\u201d, donde sol\u00eda se\u00f1alar con dedo acusador a los enemigos de la patria. \u201cNielsen estaba obsesionado con la \u2018invasi\u00f3n sionista\u2019 y el ERP. Sobre el grupo guerrillero, incluso, hab\u00eda concebido una extra\u00f1a teor\u00eda: sosten\u00eda que el ERP hab\u00eda estrechado v\u00ednculos con los terroristas vascos de ETA a trav\u00e9s de Silo, el l\u00edder del Movimiento Humanista. No ten\u00eda pruebas, pero igual escribi\u00f3 un art\u00edculo sobre el tema, reforzado con toques antisemitas\u201d, relata el periodista Adri\u00e1n Murano en su art\u00edculo \u201cLos intelectuales del Brujo\u201d, publicado en 2007 por la revista Veintitr\u00e9s.<\/p>\n<p>Eduardo Fromigu\u00e9 (a) El Oso fue detenido pocos d\u00edas despu\u00e9s de los asesinatos de Lascano y Carreras. Los autores de esta investigaci\u00f3n no han encontrado documentaci\u00f3n relacionada con esta detenci\u00f3n que, por otra parte, fue breve. En una carta de lectores publicada el 11 de mayo de 2007 en la revista Infu, Gustavo Cabarrou, se refiere a ella y acusa a Fromigu\u00e9 de la muerte de sus compa\u00f1eros y tambi\u00e9n de los tres militantes de la JUP asesinados a principios de julio de 1975. \u201cPablo del Rivero fue asesinado en La Plata junto a sus amigos Mario C\u00e9dola y Gustavo Rivas en julio de 1975 cuando circulaban en moto por el Paseo del Bosque de La Plata\u00bb.<\/p>\n<p>En uno de los \u00faltimos discursos p\u00fablicos de Silo, \u00e9l advirti\u00f3 sobre \u201cla pobreza de vastas regiones\u201d del planeta y \u201cla creciente amenaza nuclear que es, en definitiva, la m\u00e1xima urgencia del momento actual\u201d. Tambi\u00e9n record\u00f3 lo que dejaron los gobiernos militares en Latinoam\u00e9rica. \u201cLas dictaduras y sus \u00f3rganos de desinformaci\u00f3n fueron tejiendo su red ya desde la \u00e9poca en que se prohib\u00eda, encarcelaba, deportaba y asesinaba a nuestros militantes. A\u00fan hoy, y en distintas latitudes, se puede pesquisar la persecuci\u00f3n que sufrimos no solamente a manos de los fascistas, sino tambi\u00e9n a manos de algunos sectores \u2018bien pensantes\u2019\u201d.<\/p>\n<p>Fuente: Miradas al Sur <\/p>\n","protected":false},"excerpt":{"rendered":"<p>Una nota en Miradas al Sur del domingo firmada por Daniel Cecchini y Alberto Elizalde Leal describe las atrocidades de la CNU en la ciudad de La Plata, Argentina. Su valor reside en que da contexto a la muerte de dos silo\u00edstas en 1975. Ricardo Ra\u00fal Carreras y Eduardo Daniel Lascano fueron ametrallados el 23 de julio de ese a\u00f1o por un comando del grupo para policial Triple A.<\/p>\n","protected":false},"author":241,"featured_media":0,"comment_status":"closed","ping_status":"open","sticky":false,"template":"","format":"standard","meta":{"footnotes":""},"categories":[79,39,67],"tags":[],"class_list":["post-9442","post","type-post","status-publish","format-standard","hentry","category-derechos-humanos","category-internacional","category-sudamerica"],"yoast_head":"<!-- This site is optimized with the Yoast SEO plugin v27.1.1 - https:\/\/yoast.com\/product\/yoast-seo-wordpress\/ -->\n<title>El recuerdo de los silo\u00edstas Eduardo Daniel Lascano y Ricardo Ra\u00fal Carreras<\/title>\n<meta name=\"description\" content=\"Una nota en Miradas al Sur del domingo firmada por Daniel Cecchini y Alberto Elizalde Leal describe las atrocidades de la CNU en la ciudad de La Plata, Argentina. Su valor reside en que da contexto a la muerte de dos silo\u00edstas en 1975. Ricardo Ra\u00fal Carreras y Eduardo Daniel Lascano fueron ametrallados el 23 de julio de ese a\u00f1o por un comando del grupo para policial Triple A.\" \/>\n<meta name=\"robots\" content=\"index, follow, max-snippet:-1, max-image-preview:large, max-video-preview:-1\" \/>\n<link rel=\"canonical\" href=\"https:\/\/www.pressenza.com\/es\/2012\/06\/el-recuerdo-de-los-siloistas-eduardo-daniel-lascano-y-ricardo-raul-carreras\/\" \/>\n<meta property=\"og:locale\" content=\"es_ES\" \/>\n<meta property=\"og:type\" content=\"article\" \/>\n<meta property=\"og:title\" content=\"El recuerdo de los silo\u00edstas Eduardo Daniel Lascano y Ricardo Ra\u00fal Carreras\" \/>\n<meta property=\"og:description\" content=\"Una nota en Miradas al Sur del domingo firmada por Daniel Cecchini y Alberto Elizalde Leal describe las atrocidades de la CNU en la ciudad de La Plata, Argentina. Su valor reside en que da contexto a la muerte de dos silo\u00edstas en 1975. Ricardo Ra\u00fal Carreras y Eduardo Daniel Lascano fueron ametrallados el 23 de julio de ese a\u00f1o por un comando del grupo para policial Triple A.\" \/>\n<meta property=\"og:url\" content=\"https:\/\/www.pressenza.com\/es\/2012\/06\/el-recuerdo-de-los-siloistas-eduardo-daniel-lascano-y-ricardo-raul-carreras\/\" \/>\n<meta property=\"og:site_name\" content=\"Pressenza\" \/>\n<meta property=\"article:publisher\" content=\"https:\/\/www.facebook.com\/PressenzaItalia\" \/>\n<meta property=\"article:published_time\" content=\"2012-06-12T00:00:00+00:00\" \/>\n<meta property=\"article:modified_time\" content=\"2012-06-14T07:00:06+00:00\" \/>\n<meta name=\"author\" content=\"Mar\u00eda Eugenia Vidal\" \/>\n<meta name=\"twitter:card\" content=\"summary_large_image\" \/>\n<meta name=\"twitter:creator\" content=\"@PressenzaIPA\" \/>\n<meta name=\"twitter:site\" content=\"@PressenzaIPA\" \/>\n<meta name=\"twitter:label1\" content=\"Escrito por\" \/>\n\t<meta name=\"twitter:data1\" content=\"Mar\u00eda Eugenia Vidal\" \/>\n\t<meta name=\"twitter:label2\" content=\"Tiempo de lectura\" \/>\n\t<meta name=\"twitter:data2\" content=\"4 minutos\" \/>\n<script type=\"application\/ld+json\" class=\"yoast-schema-graph\">{\"@context\":\"https:\/\/schema.org\",\"@graph\":[{\"@type\":\"Article\",\"@id\":\"https:\/\/www.pressenza.com\/es\/2012\/06\/el-recuerdo-de-los-siloistas-eduardo-daniel-lascano-y-ricardo-raul-carreras\/#article\",\"isPartOf\":{\"@id\":\"https:\/\/www.pressenza.com\/es\/2012\/06\/el-recuerdo-de-los-siloistas-eduardo-daniel-lascano-y-ricardo-raul-carreras\/\"},\"author\":{\"name\":\"Mar\u00eda Eugenia Vidal\",\"@id\":\"https:\/\/www.pressenza.com\/es\/#\/schema\/person\/581ca6911033cf7692a431688b37e6dd\"},\"headline\":\"El recuerdo de los silo\u00edstas Eduardo Daniel Lascano y Ricardo Ra\u00fal Carreras\",\"datePublished\":\"2012-06-12T00:00:00+00:00\",\"dateModified\":\"2012-06-14T07:00:06+00:00\",\"mainEntityOfPage\":{\"@id\":\"https:\/\/www.pressenza.com\/es\/2012\/06\/el-recuerdo-de-los-siloistas-eduardo-daniel-lascano-y-ricardo-raul-carreras\/\"},\"wordCount\":838,\"publisher\":{\"@id\":\"https:\/\/www.pressenza.com\/es\/#organization\"},\"articleSection\":[\"Derechos Humanos\",\"Internacional\",\"Sudam\u00e9rica\"],\"inLanguage\":\"es\"},{\"@type\":\"WebPage\",\"@id\":\"https:\/\/www.pressenza.com\/es\/2012\/06\/el-recuerdo-de-los-siloistas-eduardo-daniel-lascano-y-ricardo-raul-carreras\/\",\"url\":\"https:\/\/www.pressenza.com\/es\/2012\/06\/el-recuerdo-de-los-siloistas-eduardo-daniel-lascano-y-ricardo-raul-carreras\/\",\"name\":\"El recuerdo de los silo\u00edstas Eduardo Daniel Lascano y Ricardo Ra\u00fal Carreras\",\"isPartOf\":{\"@id\":\"https:\/\/www.pressenza.com\/es\/#website\"},\"datePublished\":\"2012-06-12T00:00:00+00:00\",\"dateModified\":\"2012-06-14T07:00:06+00:00\",\"description\":\"Una nota en Miradas al Sur del domingo firmada por Daniel Cecchini y Alberto Elizalde Leal describe las atrocidades de la CNU en la ciudad de La Plata, Argentina. Su valor reside en que da contexto a la muerte de dos silo\u00edstas en 1975. Ricardo Ra\u00fal Carreras y Eduardo Daniel Lascano fueron ametrallados el 23 de julio de ese a\u00f1o por un comando del grupo para policial Triple A.\",\"breadcrumb\":{\"@id\":\"https:\/\/www.pressenza.com\/es\/2012\/06\/el-recuerdo-de-los-siloistas-eduardo-daniel-lascano-y-ricardo-raul-carreras\/#breadcrumb\"},\"inLanguage\":\"es\",\"potentialAction\":[{\"@type\":\"ReadAction\",\"target\":[\"https:\/\/www.pressenza.com\/es\/2012\/06\/el-recuerdo-de-los-siloistas-eduardo-daniel-lascano-y-ricardo-raul-carreras\/\"]}]},{\"@type\":\"BreadcrumbList\",\"@id\":\"https:\/\/www.pressenza.com\/es\/2012\/06\/el-recuerdo-de-los-siloistas-eduardo-daniel-lascano-y-ricardo-raul-carreras\/#breadcrumb\",\"itemListElement\":[{\"@type\":\"ListItem\",\"position\":1,\"name\":\"Accueil\",\"item\":\"https:\/\/www.pressenza.com\/es\/\"},{\"@type\":\"ListItem\",\"position\":2,\"name\":\"El recuerdo de los silo\u00edstas Eduardo Daniel Lascano y Ricardo Ra\u00fal Carreras\"}]},{\"@type\":\"WebSite\",\"@id\":\"https:\/\/www.pressenza.com\/es\/#website\",\"url\":\"https:\/\/www.pressenza.com\/es\/\",\"name\":\"Pressenza\",\"description\":\"International Press Agency\",\"publisher\":{\"@id\":\"https:\/\/www.pressenza.com\/es\/#organization\"},\"potentialAction\":[{\"@type\":\"SearchAction\",\"target\":{\"@type\":\"EntryPoint\",\"urlTemplate\":\"https:\/\/www.pressenza.com\/es\/?s={search_term_string}\"},\"query-input\":{\"@type\":\"PropertyValueSpecification\",\"valueRequired\":true,\"valueName\":\"search_term_string\"}}],\"inLanguage\":\"es\"},{\"@type\":\"Organization\",\"@id\":\"https:\/\/www.pressenza.com\/es\/#organization\",\"name\":\"Pressenza\",\"url\":\"https:\/\/www.pressenza.com\/es\/\",\"logo\":{\"@type\":\"ImageObject\",\"inLanguage\":\"es\",\"@id\":\"https:\/\/www.pressenza.com\/es\/#\/schema\/logo\/image\/\",\"url\":\"https:\/\/www.pressenza.com\/wp-content\/uploads\/2022\/10\/pressenza_logo_200x200.jpg\",\"contentUrl\":\"https:\/\/www.pressenza.com\/wp-content\/uploads\/2022\/10\/pressenza_logo_200x200.jpg\",\"width\":200,\"height\":200,\"caption\":\"Pressenza\"},\"image\":{\"@id\":\"https:\/\/www.pressenza.com\/es\/#\/schema\/logo\/image\/\"},\"sameAs\":[\"https:\/\/www.facebook.com\/PressenzaItalia\",\"https:\/\/x.com\/PressenzaIPA\"]},{\"@type\":\"Person\",\"@id\":\"https:\/\/www.pressenza.com\/es\/#\/schema\/person\/581ca6911033cf7692a431688b37e6dd\",\"name\":\"Mar\u00eda Eugenia Vidal\",\"url\":\"https:\/\/www.pressenza.com\/es\/author\/maria-eugenia-vidal\/\"}]}<\/script>\n<!-- \/ Yoast SEO plugin. -->","yoast_head_json":{"title":"El recuerdo de los silo\u00edstas Eduardo Daniel Lascano y Ricardo Ra\u00fal Carreras","description":"Una nota en Miradas al Sur del domingo firmada por Daniel Cecchini y Alberto Elizalde Leal describe las atrocidades de la CNU en la ciudad de La Plata, Argentina. Su valor reside en que da contexto a la muerte de dos silo\u00edstas en 1975. Ricardo Ra\u00fal Carreras y Eduardo Daniel Lascano fueron ametrallados el 23 de julio de ese a\u00f1o por un comando del grupo para policial Triple A.","robots":{"index":"index","follow":"follow","max-snippet":"max-snippet:-1","max-image-preview":"max-image-preview:large","max-video-preview":"max-video-preview:-1"},"canonical":"https:\/\/www.pressenza.com\/es\/2012\/06\/el-recuerdo-de-los-siloistas-eduardo-daniel-lascano-y-ricardo-raul-carreras\/","og_locale":"es_ES","og_type":"article","og_title":"El recuerdo de los silo\u00edstas Eduardo Daniel Lascano y Ricardo Ra\u00fal Carreras","og_description":"Una nota en Miradas al Sur del domingo firmada por Daniel Cecchini y Alberto Elizalde Leal describe las atrocidades de la CNU en la ciudad de La Plata, Argentina. Su valor reside en que da contexto a la muerte de dos silo\u00edstas en 1975. Ricardo Ra\u00fal Carreras y Eduardo Daniel Lascano fueron ametrallados el 23 de julio de ese a\u00f1o por un comando del grupo para policial Triple A.","og_url":"https:\/\/www.pressenza.com\/es\/2012\/06\/el-recuerdo-de-los-siloistas-eduardo-daniel-lascano-y-ricardo-raul-carreras\/","og_site_name":"Pressenza","article_publisher":"https:\/\/www.facebook.com\/PressenzaItalia","article_published_time":"2012-06-12T00:00:00+00:00","article_modified_time":"2012-06-14T07:00:06+00:00","author":"Mar\u00eda Eugenia Vidal","twitter_card":"summary_large_image","twitter_creator":"@PressenzaIPA","twitter_site":"@PressenzaIPA","twitter_misc":{"Escrito por":"Mar\u00eda Eugenia Vidal","Tiempo de lectura":"4 minutos"},"schema":{"@context":"https:\/\/schema.org","@graph":[{"@type":"Article","@id":"https:\/\/www.pressenza.com\/es\/2012\/06\/el-recuerdo-de-los-siloistas-eduardo-daniel-lascano-y-ricardo-raul-carreras\/#article","isPartOf":{"@id":"https:\/\/www.pressenza.com\/es\/2012\/06\/el-recuerdo-de-los-siloistas-eduardo-daniel-lascano-y-ricardo-raul-carreras\/"},"author":{"name":"Mar\u00eda Eugenia Vidal","@id":"https:\/\/www.pressenza.com\/es\/#\/schema\/person\/581ca6911033cf7692a431688b37e6dd"},"headline":"El recuerdo de los silo\u00edstas Eduardo Daniel Lascano y Ricardo Ra\u00fal Carreras","datePublished":"2012-06-12T00:00:00+00:00","dateModified":"2012-06-14T07:00:06+00:00","mainEntityOfPage":{"@id":"https:\/\/www.pressenza.com\/es\/2012\/06\/el-recuerdo-de-los-siloistas-eduardo-daniel-lascano-y-ricardo-raul-carreras\/"},"wordCount":838,"publisher":{"@id":"https:\/\/www.pressenza.com\/es\/#organization"},"articleSection":["Derechos Humanos","Internacional","Sudam\u00e9rica"],"inLanguage":"es"},{"@type":"WebPage","@id":"https:\/\/www.pressenza.com\/es\/2012\/06\/el-recuerdo-de-los-siloistas-eduardo-daniel-lascano-y-ricardo-raul-carreras\/","url":"https:\/\/www.pressenza.com\/es\/2012\/06\/el-recuerdo-de-los-siloistas-eduardo-daniel-lascano-y-ricardo-raul-carreras\/","name":"El recuerdo de los silo\u00edstas Eduardo Daniel Lascano y Ricardo Ra\u00fal Carreras","isPartOf":{"@id":"https:\/\/www.pressenza.com\/es\/#website"},"datePublished":"2012-06-12T00:00:00+00:00","dateModified":"2012-06-14T07:00:06+00:00","description":"Una nota en Miradas al Sur del domingo firmada por Daniel Cecchini y Alberto Elizalde Leal describe las atrocidades de la CNU en la ciudad de La Plata, Argentina. Su valor reside en que da contexto a la muerte de dos silo\u00edstas en 1975. Ricardo Ra\u00fal Carreras y Eduardo Daniel Lascano fueron ametrallados el 23 de julio de ese a\u00f1o por un comando del grupo para policial Triple A.","breadcrumb":{"@id":"https:\/\/www.pressenza.com\/es\/2012\/06\/el-recuerdo-de-los-siloistas-eduardo-daniel-lascano-y-ricardo-raul-carreras\/#breadcrumb"},"inLanguage":"es","potentialAction":[{"@type":"ReadAction","target":["https:\/\/www.pressenza.com\/es\/2012\/06\/el-recuerdo-de-los-siloistas-eduardo-daniel-lascano-y-ricardo-raul-carreras\/"]}]},{"@type":"BreadcrumbList","@id":"https:\/\/www.pressenza.com\/es\/2012\/06\/el-recuerdo-de-los-siloistas-eduardo-daniel-lascano-y-ricardo-raul-carreras\/#breadcrumb","itemListElement":[{"@type":"ListItem","position":1,"name":"Accueil","item":"https:\/\/www.pressenza.com\/es\/"},{"@type":"ListItem","position":2,"name":"El recuerdo de los silo\u00edstas Eduardo Daniel Lascano y Ricardo Ra\u00fal Carreras"}]},{"@type":"WebSite","@id":"https:\/\/www.pressenza.com\/es\/#website","url":"https:\/\/www.pressenza.com\/es\/","name":"Pressenza","description":"International Press Agency","publisher":{"@id":"https:\/\/www.pressenza.com\/es\/#organization"},"potentialAction":[{"@type":"SearchAction","target":{"@type":"EntryPoint","urlTemplate":"https:\/\/www.pressenza.com\/es\/?s={search_term_string}"},"query-input":{"@type":"PropertyValueSpecification","valueRequired":true,"valueName":"search_term_string"}}],"inLanguage":"es"},{"@type":"Organization","@id":"https:\/\/www.pressenza.com\/es\/#organization","name":"Pressenza","url":"https:\/\/www.pressenza.com\/es\/","logo":{"@type":"ImageObject","inLanguage":"es","@id":"https:\/\/www.pressenza.com\/es\/#\/schema\/logo\/image\/","url":"https:\/\/www.pressenza.com\/wp-content\/uploads\/2022\/10\/pressenza_logo_200x200.jpg","contentUrl":"https:\/\/www.pressenza.com\/wp-content\/uploads\/2022\/10\/pressenza_logo_200x200.jpg","width":200,"height":200,"caption":"Pressenza"},"image":{"@id":"https:\/\/www.pressenza.com\/es\/#\/schema\/logo\/image\/"},"sameAs":["https:\/\/www.facebook.com\/PressenzaItalia","https:\/\/x.com\/PressenzaIPA"]},{"@type":"Person","@id":"https:\/\/www.pressenza.com\/es\/#\/schema\/person\/581ca6911033cf7692a431688b37e6dd","name":"Mar\u00eda Eugenia Vidal","url":"https:\/\/www.pressenza.com\/es\/author\/maria-eugenia-vidal\/"}]}},"place":"Buenos Aires","original_article_url":"","_links":{"self":[{"href":"https:\/\/www.pressenza.com\/es\/wp-json\/wp\/v2\/posts\/9442","targetHints":{"allow":["GET"]}}],"collection":[{"href":"https:\/\/www.pressenza.com\/es\/wp-json\/wp\/v2\/posts"}],"about":[{"href":"https:\/\/www.pressenza.com\/es\/wp-json\/wp\/v2\/types\/post"}],"author":[{"embeddable":true,"href":"https:\/\/www.pressenza.com\/es\/wp-json\/wp\/v2\/users\/241"}],"replies":[{"embeddable":true,"href":"https:\/\/www.pressenza.com\/es\/wp-json\/wp\/v2\/comments?post=9442"}],"version-history":[{"count":0,"href":"https:\/\/www.pressenza.com\/es\/wp-json\/wp\/v2\/posts\/9442\/revisions"}],"wp:attachment":[{"href":"https:\/\/www.pressenza.com\/es\/wp-json\/wp\/v2\/media?parent=9442"}],"wp:term":[{"taxonomy":"category","embeddable":true,"href":"https:\/\/www.pressenza.com\/es\/wp-json\/wp\/v2\/categories?post=9442"},{"taxonomy":"post_tag","embeddable":true,"href":"https:\/\/www.pressenza.com\/es\/wp-json\/wp\/v2\/tags?post=9442"}],"curies":[{"name":"wp","href":"https:\/\/api.w.org\/{rel}","templated":true}]}}