{"id":944196,"date":"2019-10-14T20:52:59","date_gmt":"2019-10-14T19:52:59","guid":{"rendered":"https:\/\/www.pressenza.com\/?p=944196"},"modified":"2019-10-14T20:52:59","modified_gmt":"2019-10-14T19:52:59","slug":"abiy-ahmed-gano-el-premio-nobel-de-la-paz-pero-etiopia-aun-tiene-grandes-desafios-por-delante","status":"publish","type":"post","link":"https:\/\/www.pressenza.com\/es\/2019\/10\/abiy-ahmed-gano-el-premio-nobel-de-la-paz-pero-etiopia-aun-tiene-grandes-desafios-por-delante\/","title":{"rendered":"Abiy Ahmed gan\u00f3 el Premio Nobel de la Paz: pero Etiop\u00eda a\u00fan tiene grandes desaf\u00edos por delante"},"content":{"rendered":"<figure><figcaption><a href=\"https:\/\/theconversation.com\/profiles\/mohammed-girma-480174\"><em>Mohammed Girma<\/em><\/a><em>,\u00a0<\/em><a href=\"http:\/\/theconversation.com\/institutions\/university-of-pretoria-1645\"><em>Universidad de Pretoria para The Conversation<\/em><\/a><\/figcaption><\/figure>\n<p>Abiy Ahmed, el Primer Ministro de Etiop\u00eda, ha ganado el Premio Nobel de la Paz. Se convierte en el cent\u00e9simo ganador del Premio Nobel de la Paz y en el primer et\u00edope en recibir el galard\u00f3n.<\/p>\n<p>Abiy es el duod\u00e9cimo ganador de \u00c1frica en recibir el premio. El a\u00f1o pasado lo gan\u00f3 el m\u00e9dico Denis Mukwege, de la Rep\u00fablica Democr\u00e1tica del Congo. Otros ganadores africanos han sido Albert Luthuli, Anwar al-Sadat, Desmond Tutu, Nelson Mandela y F.W. de Klerk, Kofi Annan, Wangari Maathai, Mohamed ElBaradei, Leymah Gbowee y Ellen Johnson Sirleaf. El Cuarteto para el Di\u00e1logo Nacional Tunecino lo gan\u00f3 en 2015.<\/p>\n<figure class=\"align-center \"><img decoding=\"async\" src=\"https:\/\/images.theconversation.com\/files\/296674\/original\/file-20191011-96235-1a2hug9.png?ixlib=rb-1.1.0&amp;q=45&amp;auto=format&amp;w=754&amp;fit=clip\" sizes=\"(min-width: 1466px) 754px, (max-width: 599px) 100vw, (min-width: 600px) 600px, 237px\" srcset=\"https:\/\/images.theconversation.com\/files\/296674\/original\/file-20191011-96235-1a2hug9.png?ixlib=rb-1.1.0&amp;q=45&amp;auto=format&amp;w=600&amp;h=420&amp;fit=crop&amp;dpr=1 600w, https:\/\/images.theconversation.com\/files\/296674\/original\/file-20191011-96235-1a2hug9.png?ixlib=rb-1.1.0&amp;q=30&amp;auto=format&amp;w=600&amp;h=420&amp;fit=crop&amp;dpr=2 1200w, https:\/\/images.theconversation.com\/files\/296674\/original\/file-20191011-96235-1a2hug9.png?ixlib=rb-1.1.0&amp;q=15&amp;auto=format&amp;w=600&amp;h=420&amp;fit=crop&amp;dpr=3 1800w, https:\/\/images.theconversation.com\/files\/296674\/original\/file-20191011-96235-1a2hug9.png?ixlib=rb-1.1.0&amp;q=45&amp;auto=format&amp;w=754&amp;h=528&amp;fit=crop&amp;dpr=1 754w, https:\/\/images.theconversation.com\/files\/296674\/original\/file-20191011-96235-1a2hug9.png?ixlib=rb-1.1.0&amp;q=30&amp;auto=format&amp;w=754&amp;h=528&amp;fit=crop&amp;dpr=2 1508w, https:\/\/images.theconversation.com\/files\/296674\/original\/file-20191011-96235-1a2hug9.png?ixlib=rb-1.1.0&amp;q=15&amp;auto=format&amp;w=754&amp;h=528&amp;fit=crop&amp;dpr=3 2262w\" alt=\"\" \/><em>La oficina del Primer Ministro reacciona en twitter al anuncio.<\/em><\/figure>\n<p>El Premio Nobel de la Paz es uno de los cinco Premios Nobel establecidos en 1895 bajo las instrucciones del industrial sueco Alfred Nobel en su testamento. El Premio de la Paz se otorga a la persona que, en el a\u00f1o anterior, <a href=\"https:\/\/www.nobelprize.org\/prizes\/facts\/facts-on-the-nobel-peace-prize\/\">haya<\/a>:<\/p>\n<blockquote><p>hecho la mayor o la mejor labor por la fraternidad entre las naciones, por la abolici\u00f3n o reducci\u00f3n de los ej\u00e9rcitos permanentes y por la celebraci\u00f3n y promoci\u00f3n de congresos de paz.<\/p><\/blockquote>\n<p>El <a href=\"https:\/\/www.nobelprize.org\/prizes\/peace\/2019\/press-release\/\">anuncio formal<\/a> del Premio Nobel dec\u00eda que Abiy hab\u00eda sido galardonado con el premio debido a:<\/p>\n<blockquote><p>su importante labor para promover la reconciliaci\u00f3n, la solidaridad y la justicia social. El premio tambi\u00e9n pretende reconocer a todas las partes interesadas que trabajan por la paz y la reconciliaci\u00f3n en Etiop\u00eda y en las regiones de \u00c1frica oriental y nororiental&#8230; los esfuerzos para lograr la paz y la cooperaci\u00f3n internacional, y en particular su decisiva iniciativa para resolver el conflicto fronterizo con la vecina Eritrea.<\/p><\/blockquote>\n<p>\u00bfPero qui\u00e9n es Abiy Ahmed? \u00bfSe merece un premio internacional? \u00bfY qu\u00e9 hay de los desaf\u00edos a los que a\u00fan se enfrenta el pa\u00eds que \u00e9l dirige?<\/p>\n<p>Berit Reiss-Andersen, Presidenta del Comit\u00e9 Noruego del Premio Nobel, coment\u00f3 en su discurso de anuncio que:<\/p>\n<blockquote><p>&#8230; muchos desaf\u00edos siguen sin resolverse. Los conflictos \u00e9tnicos siguen aumentando, y hemos visto ejemplos preocupantes de ello en las \u00faltimas semanas y meses.<\/p><\/blockquote>\n<h2><strong>El ascenso inesperado al poder<\/strong><\/h2>\n<p style=\"text-align: justify; background: white;\"><span lang=\"ES-MX\" style=\"font-size: 10.5pt; font-family: 'Helvetica',sans-serif; color: #333333;\">Hace apenas dos a\u00f1os, Abiy Ahmed era una figura desconocida. A principios de 2017 un par de clips de YouTube comenzaron a circular en los <\/span><span lang=\"ES-MX\"><a href=\"https:\/\/www.youtube.com\/watch?v=d6NkiTpyRSs\"><span style=\"font-size: 10.5pt; font-family: 'Helvetica',sans-serif;\">medios sociales<\/span><\/a><\/span><span lang=\"ES-MX\" style=\"font-size: 10.5pt; font-family: 'Helvetica',sans-serif; color: #333333;\"> en los que se lo mostraba reunidos con l\u00edderes veteranos en una reuni\u00f3n del partido. Lleg\u00f3 a la escena con un simple, pero poderoso, mensaje de uni\u00f3n.<\/span><\/p>\n<p style=\"text-align: justify; background: white;\"><span lang=\"ES-MX\" style=\"font-size: 10.5pt; font-family: 'Helvetica',sans-serif; color: #333333;\">En ese momento era un l\u00edder pol\u00edtico a nivel regional y de gabinete. Pero no lo parec\u00eda. \u00c9l parece ser notablemente aut\u00e9ntico y su enfoque era distinto. En un momento de gran temor de que la naci\u00f3n pudiera entrar en desintegraci\u00f3n, su mensaje se elev\u00f3 por encima de la ansiedad popular de un posible conflicto.<\/span><\/p>\n<p style=\"text-align: justify; background: white; margin: 0cm 0cm 11.25pt 0cm;\"><span lang=\"ES-MX\" style=\"font-size: 10.5pt; font-family: 'Helvetica',sans-serif; color: #333333;\">A diferencia de los pol\u00edticos et\u00edopes de las \u00faltimas cuatro d\u00e9cadas, su ret\u00f3rica no imitaba ni al marxismo alban\u00e9s ni al mao\u00edsmo. \u00c9l ha anclado su historia en las sensibilidades culturales y religiosas locales.<\/span><\/p>\n<h2><strong>Curso delicado<\/strong><\/h2>\n<p style=\"text-align: justify; background: white;\"><span lang=\"ES-MX\" style=\"font-size: 10.5pt; font-family: 'Helvetica',sans-serif; color: #333333;\">El extraordinario ascenso de Abiy al poder, as\u00ed como su capacidad para dirigir un curso pol\u00edtico m\u00e1s pac\u00edfico en Etiop\u00eda, es notable dadas las tensiones y complejidades de la pol\u00edtica del pa\u00eds.<\/span><\/p>\n<p style=\"text-align: justify; background: white;\"><span lang=\"ES-MX\" style=\"font-size: 10.5pt; font-family: 'Helvetica',sans-serif; color: #333333;\">Se ha distanciado, al menos en su perspectiva pol\u00edtica, de la difamada vieja guardia de su partido. Ha tenido que seguir un camino delicado para mantener varias facciones de la coalici\u00f3n pol\u00edtica que ha gobernado Etiop\u00eda durante casi tres d\u00e9cadas: el Frente Democr\u00e1tico Revolucionario del Pueblo Et\u00edope (EPRDF). Las \u00e9lites gobernantes de este partido nunca han tolerado la disidencia. Se les han formulado <\/span><span lang=\"ES-MX\"><a href=\"https:\/\/www.amnesty.org\/en\/documents\/afr25\/4178\/2016\/en\/\"><span style=\"font-size: 10.5pt; font-family: 'Helvetica',sans-serif;\">numerosas acusaciones<\/span><\/a><\/span><span lang=\"ES-MX\" style=\"font-size: 10.5pt; font-family: 'Helvetica',sans-serif; color: #333333;\"> de violaciones de los derechos humanos y de encarcelamiento de periodistas que criticaron al r\u00e9gimen.<\/span><\/p>\n<p style=\"text-align: justify; background: white;\"><span lang=\"ES-MX\" style=\"font-size: 10.5pt; font-family: 'Helvetica',sans-serif; color: #333333;\">En lugar de desmantelar el sistema existente, Abiy opt\u00f3 por la transformaci\u00f3n interna.<\/span><\/p>\n<p style=\"text-align: justify; background: white; margin: 0cm 0cm 11.25pt 0cm;\"><span lang=\"ES-MX\" style=\"font-size: 10.5pt; font-family: 'Helvetica',sans-serif; color: #333333;\">Se necesit\u00f3 un gran coraje para romper con una poderosa maquinaria pol\u00edtica sin dejar de estar dentro del sistema. Pero se ha mantenido fiel a sus creencias, incluso promoviendo la noci\u00f3n de \u00abMedemer\u00bb -sinergia y uni\u00f3n- sin dejar de pertenecer al partido.<\/span><\/p>\n<h2><strong>Tiempos de esperanza<\/strong><\/h2>\n<p style=\"text-align: justify; background: white;\"><span lang=\"ES-MX\" style=\"font-size: 10.5pt; font-family: 'Helvetica',sans-serif; color: #333333;\">Abiy hered\u00f3 una naci\u00f3n que estaba en desorden pol\u00edtico. Cientos de personas <\/span><span lang=\"ES-MX\"><a href=\"https:\/\/www.bbc.com\/news\/world-africa-43073285\"><span style=\"font-size: 10.5pt; font-family: 'Helvetica',sans-serif;\">han muerto<\/span><\/a><\/span><span lang=\"ES-MX\" style=\"font-size: 10.5pt; font-family: 'Helvetica',sans-serif; color: #333333;\"> en tres a\u00f1os de protestas contra el gobierno.<\/span><\/p>\n<p style=\"text-align: justify; background: white;\"><span lang=\"ES-MX\" style=\"font-size: 10.5pt; font-family: 'Helvetica',sans-serif; color: #333333;\">Pero poco despu\u00e9s de asumir el cargo por parte de Hailemariam Desalegn en abril del 2018, Abiy comenz\u00f3 a avanzar r\u00e1pidamente en las reformas pol\u00edticas. Liber\u00f3 a prisioneros pol\u00edticos, periodistas y activistas encarcelados injustamente. Abri\u00f3 la puerta a los disidentes pol\u00edticos.<\/span><\/p>\n<p style=\"text-align: justify; background: white;\"><span lang=\"ES-MX\" style=\"font-size: 10.5pt; font-family: 'Helvetica',sans-serif; color: #333333;\">Su mensaje era que el pa\u00eds necesitaba ganar a trav\u00e9s de ideas audaces, no a trav\u00e9s del ca\u00f1\u00f3n de un arma.<\/span><\/p>\n<p style=\"text-align: justify; background: white;\"><span lang=\"ES-MX\" style=\"font-size: 10.5pt; font-family: 'Helvetica',sans-serif; color: #333333;\">Tambi\u00e9n mostr\u00f3 su intenci\u00f3n de construir instituciones. Un ejemplo fue el nombramiento de la conocida disidente pol\u00edtica <\/span><span lang=\"ES-MX\"><a href=\"https:\/\/www.bbc.com\/news\/world-africa-46301112\"><span style=\"font-size: 10.5pt; font-family: 'Helvetica',sans-serif;\">Birtukan Mideksa<\/span><\/a><\/span><span lang=\"ES-MX\" style=\"font-size: 10.5pt; font-family: 'Helvetica',sans-serif; color: #333333;\"> como jefe de la junta electoral.<\/span><\/p>\n<p style=\"text-align: justify; background: white; margin: 0cm 0cm 11.25pt 0cm;\"><span lang=\"ES-MX\" style=\"font-size: 10.5pt; font-family: 'Helvetica',sans-serif; color: #333333;\">Tambi\u00e9n ha <\/span><span lang=\"ES-MX\"><a href=\"https:\/\/theconversation.com\/how-ethiopias-progressive-premier-is-levelling-the-gender-playing-field-106365\"><span style=\"font-size: 10.5pt; font-family: 'Helvetica',sans-serif;\">defendido<\/span><\/a><\/span><span lang=\"ES-MX\" style=\"font-size: 10.5pt; font-family: 'Helvetica',sans-serif; color: #333333;\"> el papel de la mujer, incluso en la pol\u00edtica. Nombr\u00f3 a mujeres en los cargos de presidenta, presidenta del Tribunal Supremo y secretaria de prensa. Tambi\u00e9n llev\u00f3 su participaci\u00f3n en su gabinete al 50%.<\/span><\/p>\n<h2><strong>Diplomacia internacional<\/strong><\/h2>\n<p style=\"text-align: justify; background: white;\"><span lang=\"ES-MX\" style=\"font-size: 10.5pt; font-family: 'Helvetica',sans-serif; color: #333333;\">Pero podr\u00eda decirse que sus mayores logros han sido en la diplomacia internacional. Etiop\u00eda y la vecina Eritrea comparten una cultura, un idioma y un modo de vida en com\u00fan. Pero un conflicto de d\u00e9cadas entre las dos naciones ha tra\u00eddo una inmensa miseria a la gente que vive en la frontera, y a las familias divididas por los combates.<\/span><\/p>\n<p style=\"text-align: justify; background: white;\"><span lang=\"ES-MX\" style=\"font-size: 10.5pt; font-family: 'Helvetica',sans-serif; color: #333333;\">Abiy puso <\/span><span lang=\"ES-MX\"><a href=\"https:\/\/www.un.org\/africarenewal\/magazine\/december-2018-march-2019\/after-making-peace-ethiopia-and-eritrea-now-focus-development\"><span style=\"font-size: 10.5pt; font-family: 'Helvetica',sans-serif;\">fin al conflicto con Eritrea<\/span><\/a><\/span><span lang=\"ES-MX\" style=\"font-size: 10.5pt; font-family: 'Helvetica',sans-serif; color: #333333;\">. Un tratado puso fin al estado de guerra entre Eritrea y Etiop\u00eda y declar\u00f3 una nueva era de paz, amistad y cooperaci\u00f3n general. Sin embargo, queda mucho por hacer.<\/span><\/p>\n<p style=\"text-align: justify; background: white;\"><span lang=\"ES-MX\" style=\"font-size: 10.5pt; font-family: 'Helvetica',sans-serif; color: #333333;\">Tambi\u00e9n desempe\u00f1\u00f3 un papel crucial en la pol\u00edtica regional. Fue clave para llevar a los l\u00edderes de <\/span><span lang=\"ES-MX\"><a href=\"https:\/\/www.voanews.com\/africa\/ethiopias-abiy-sudan-broker-talks\"><span style=\"font-size: 10.5pt; font-family: 'Helvetica',sans-serif;\">Sud\u00e1n y Sud\u00e1n del Sur<\/span><\/a><\/span><span lang=\"ES-MX\" style=\"font-size: 10.5pt; font-family: 'Helvetica',sans-serif; color: #333333;\"> a la mesa de negociaciones y ayud\u00f3 en la mediaci\u00f3n entre Kenia y Somalia por una disputa sobre territorio mar\u00edtimo.<\/span><\/p>\n<p style=\"text-align: justify; background: white; margin: 0cm 0cm 11.25pt 0cm;\"><span lang=\"ES-MX\" style=\"font-size: 10.5pt; font-family: 'Helvetica',sans-serif; color: #333333;\">Su popularidad en la regi\u00f3n y en el extranjero es evidente cuando viaja. A menudo es recibido m\u00e1s como una <\/span><span lang=\"ES-MX\"><a href=\"https:\/\/www.youtube.com\/watch?v=IHSRxVNcj5o\"><span style=\"font-size: 10.5pt; font-family: 'Helvetica',sans-serif;\">estrella de rock<\/span><\/a><\/span><span lang=\"ES-MX\" style=\"font-size: 10.5pt; font-family: 'Helvetica',sans-serif; color: #333333;\"> que como un jefe de estado. Pero mantener la misma imagen en casa ha sido m\u00e1s complicado.<\/span><\/p>\n<h2><strong>Desaf\u00edos futuros<\/strong><\/h2>\n<p>El Premio Nobel es un reconocimiento a los logros de Abiy en los \u00faltimos dos a\u00f1os. Pero eso no garantiza su \u00e9xito futuro.<\/p>\n<p>Un ejemplo de ello es el de <a href=\"https:\/\/www.theatlantic.com\/magazine\/archive\/2019\/09\/what-happened-to-aung-san-suu-kyi\/594781\/\">Aung San Suu kyi<\/a>, de Birmania. Despu\u00e9s de sobrevivir al arresto domiciliario y a los ataques contra su vida por parte de la junta gobernante, gan\u00f3 el Premio Nobel de la Paz en 1991. Pero su suerte cambi\u00f3 despu\u00e9s de que su partido ganara las elecciones nacionales. Ahora se le acusa de llevar a cabo lo que el Alto Comisionado de las Naciones Unidas para los Derechos Humanos ha llamado \u00abuna limpieza \u00e9tnica de manual\u00bb contra los musulmanes rohiny\u00e1.<\/p>\n<p>Hay muchas cuestiones preocupantes que a\u00fan no se han resuelto en Etiop\u00eda y tiempos tensos se avecinan debido a las elecciones que se celebrar\u00e1n el a\u00f1o que viene. Abiy tambi\u00e9n tiene muchos enemigos. Entre ellos se incluyen agitadores que intentan utilizar las divisiones \u00e9tnicas para sus propios fines pol\u00edticos; poderosos activistas etnonacionalistas que prosperan con la divisi\u00f3n y empresarios pol\u00edticos que s\u00f3lo ven la pol\u00edtica como un medio de enriquecimiento personal. Todos trabajan sin descanso para explotar una situaci\u00f3n fr\u00e1gil. Garantizar la seguridad de los ciudadanos es lo m\u00ednimo que se necesita hacer.<\/p>\n<p>En mi opini\u00f3n, Abiy debe aceptar el Premio Nobel de la Paz como un reconocimiento de lo que ha logrado, as\u00ed como un mandato para defender la igualdad, la justicia y la unidad duradera en Etiop\u00eda.<\/p>\n<p><a href=\"https:\/\/theconversation.com\/profiles\/mohammed-girma-480174\">Mohammed Girma<\/a>, investigador asociado, <a href=\"https:\/\/theconversation.com\/institutions\/university-of-pretoria-1645\">Universidad de Pretoria<\/a><\/p>\n<p>Este art\u00edculo ha sido reeditado de <a href=\"https:\/\/theconversation.com\/us\"><em>The Conversation<\/em><\/a> bajo una licencia Creative Commons. Lea <a href=\"https:\/\/theconversation.com\/abiy-ahmed-has-won-the-nobel-peace-prize-but-big-challenges-still-await-ethiopia-125160\">el art\u00edculo original<\/a>.<\/p>\n<hr \/>\n<p><em>Traducci\u00f3n del ingl\u00e9s por Armando Yanez<\/em><\/p>\n","protected":false},"excerpt":{"rendered":"<p>Mohammed Girma,\u00a0Universidad de Pretoria para The Conversation Abiy Ahmed, el Primer Ministro de Etiop\u00eda, ha ganado el Premio Nobel de la Paz. Se convierte en el cent\u00e9simo ganador del Premio Nobel de la Paz y en el primer et\u00edope en&hellip;<\/p>\n","protected":false},"author":1013,"featured_media":940324,"comment_status":"closed","ping_status":"closed","sticky":false,"template":"","format":"standard","meta":{"footnotes":""},"categories":[64,1243],"tags":[54642,7281,5976],"class_list":["post-944196","post","type-post","status-publish","format-standard","has-post-thumbnail","hentry","category-africa-es","category-paz-desarme","tag-abiy-ahmed-es-2","tag-etiopia-es","tag-premio-nobel-de-la-paz"],"yoast_head":"<!-- This site is optimized with the Yoast SEO plugin v27.1.1 - https:\/\/yoast.com\/product\/yoast-seo-wordpress\/ -->\n<title>Abiy Ahmed gan\u00f3 el Premio Nobel de la Paz: pero Etiop\u00eda a\u00fan tiene grandes desaf\u00edos por delante<\/title>\n<meta name=\"description\" content=\"Mohammed Girma,\u00a0Universidad de Pretoria para The Conversation Abiy Ahmed, el Primer Ministro de Etiop\u00eda, ha ganado el Premio Nobel de la Paz. Se convierte\" \/>\n<meta name=\"robots\" content=\"index, follow, max-snippet:-1, max-image-preview:large, max-video-preview:-1\" \/>\n<link rel=\"canonical\" href=\"https:\/\/www.pressenza.com\/es\/2019\/10\/abiy-ahmed-gano-el-premio-nobel-de-la-paz-pero-etiopia-aun-tiene-grandes-desafios-por-delante\/\" \/>\n<meta property=\"og:locale\" content=\"es_ES\" \/>\n<meta property=\"og:type\" content=\"article\" \/>\n<meta property=\"og:title\" content=\"Abiy Ahmed gan\u00f3 el Premio Nobel de la Paz: pero Etiop\u00eda a\u00fan tiene grandes desaf\u00edos por delante\" \/>\n<meta property=\"og:description\" content=\"Mohammed Girma,\u00a0Universidad de Pretoria para The Conversation Abiy Ahmed, el Primer Ministro de Etiop\u00eda, ha ganado el Premio Nobel de la Paz. Se convierte\" \/>\n<meta property=\"og:url\" content=\"https:\/\/www.pressenza.com\/es\/2019\/10\/abiy-ahmed-gano-el-premio-nobel-de-la-paz-pero-etiopia-aun-tiene-grandes-desafios-por-delante\/\" \/>\n<meta property=\"og:site_name\" content=\"Pressenza\" \/>\n<meta property=\"article:publisher\" content=\"https:\/\/www.facebook.com\/PressenzaItalia\" \/>\n<meta property=\"article:author\" content=\"https:\/\/www.facebook.com\/PressenzaEnglish\/\" \/>\n<meta property=\"article:published_time\" content=\"2019-10-14T19:52:59+00:00\" \/>\n<meta property=\"og:image\" content=\"https:\/\/www.pressenza.com\/wp-content\/uploads\/2019\/10\/9A4AAE41-49A8-4F2E-8F85-0E904B0AF4AE.jpeg\" \/>\n\t<meta property=\"og:image:width\" content=\"640\" \/>\n\t<meta property=\"og:image:height\" content=\"427\" \/>\n\t<meta property=\"og:image:type\" content=\"image\/jpeg\" \/>\n<meta name=\"author\" content=\"Pressenza London\" \/>\n<meta name=\"twitter:card\" content=\"summary_large_image\" \/>\n<meta name=\"twitter:creator\" content=\"@PressenzaIPA\" \/>\n<meta name=\"twitter:site\" content=\"@PressenzaIPA\" \/>\n<meta name=\"twitter:label1\" content=\"Escrito por\" \/>\n\t<meta name=\"twitter:data1\" content=\"Pressenza London\" \/>\n\t<meta name=\"twitter:label2\" content=\"Tiempo de lectura\" \/>\n\t<meta name=\"twitter:data2\" content=\"7 minutos\" \/>\n<script type=\"application\/ld+json\" class=\"yoast-schema-graph\">{\"@context\":\"https:\/\/schema.org\",\"@graph\":[{\"@type\":\"Article\",\"@id\":\"https:\/\/www.pressenza.com\/es\/2019\/10\/abiy-ahmed-gano-el-premio-nobel-de-la-paz-pero-etiopia-aun-tiene-grandes-desafios-por-delante\/#article\",\"isPartOf\":{\"@id\":\"https:\/\/www.pressenza.com\/es\/2019\/10\/abiy-ahmed-gano-el-premio-nobel-de-la-paz-pero-etiopia-aun-tiene-grandes-desafios-por-delante\/\"},\"author\":{\"name\":\"Pressenza London\",\"@id\":\"https:\/\/www.pressenza.com\/es\/#\/schema\/person\/17c976cc856ec7e8e3f8cdd1a45eb1b0\"},\"headline\":\"Abiy Ahmed gan\u00f3 el Premio Nobel de la Paz: pero Etiop\u00eda a\u00fan tiene grandes desaf\u00edos por delante\",\"datePublished\":\"2019-10-14T19:52:59+00:00\",\"mainEntityOfPage\":{\"@id\":\"https:\/\/www.pressenza.com\/es\/2019\/10\/abiy-ahmed-gano-el-premio-nobel-de-la-paz-pero-etiopia-aun-tiene-grandes-desafios-por-delante\/\"},\"wordCount\":1397,\"publisher\":{\"@id\":\"https:\/\/www.pressenza.com\/es\/#organization\"},\"image\":{\"@id\":\"https:\/\/www.pressenza.com\/es\/2019\/10\/abiy-ahmed-gano-el-premio-nobel-de-la-paz-pero-etiopia-aun-tiene-grandes-desafios-por-delante\/#primaryimage\"},\"thumbnailUrl\":\"https:\/\/www.pressenza.com\/wp-content\/uploads\/2019\/10\/9A4AAE41-49A8-4F2E-8F85-0E904B0AF4AE.jpeg\",\"keywords\":[\"Abiy Ahmed\",\"Etiop\u00eda\",\"Premio Nobel de la Paz\"],\"articleSection\":[\"Africa\",\"Paz y Desarme\"],\"inLanguage\":\"es\"},{\"@type\":\"WebPage\",\"@id\":\"https:\/\/www.pressenza.com\/es\/2019\/10\/abiy-ahmed-gano-el-premio-nobel-de-la-paz-pero-etiopia-aun-tiene-grandes-desafios-por-delante\/\",\"url\":\"https:\/\/www.pressenza.com\/es\/2019\/10\/abiy-ahmed-gano-el-premio-nobel-de-la-paz-pero-etiopia-aun-tiene-grandes-desafios-por-delante\/\",\"name\":\"Abiy Ahmed gan\u00f3 el Premio Nobel de la Paz: pero Etiop\u00eda a\u00fan tiene grandes desaf\u00edos por delante\",\"isPartOf\":{\"@id\":\"https:\/\/www.pressenza.com\/es\/#website\"},\"primaryImageOfPage\":{\"@id\":\"https:\/\/www.pressenza.com\/es\/2019\/10\/abiy-ahmed-gano-el-premio-nobel-de-la-paz-pero-etiopia-aun-tiene-grandes-desafios-por-delante\/#primaryimage\"},\"image\":{\"@id\":\"https:\/\/www.pressenza.com\/es\/2019\/10\/abiy-ahmed-gano-el-premio-nobel-de-la-paz-pero-etiopia-aun-tiene-grandes-desafios-por-delante\/#primaryimage\"},\"thumbnailUrl\":\"https:\/\/www.pressenza.com\/wp-content\/uploads\/2019\/10\/9A4AAE41-49A8-4F2E-8F85-0E904B0AF4AE.jpeg\",\"datePublished\":\"2019-10-14T19:52:59+00:00\",\"description\":\"Mohammed Girma,\u00a0Universidad de Pretoria para The Conversation Abiy Ahmed, el Primer Ministro de Etiop\u00eda, ha ganado el Premio Nobel de la Paz. Se convierte\",\"breadcrumb\":{\"@id\":\"https:\/\/www.pressenza.com\/es\/2019\/10\/abiy-ahmed-gano-el-premio-nobel-de-la-paz-pero-etiopia-aun-tiene-grandes-desafios-por-delante\/#breadcrumb\"},\"inLanguage\":\"es\",\"potentialAction\":[{\"@type\":\"ReadAction\",\"target\":[\"https:\/\/www.pressenza.com\/es\/2019\/10\/abiy-ahmed-gano-el-premio-nobel-de-la-paz-pero-etiopia-aun-tiene-grandes-desafios-por-delante\/\"]}]},{\"@type\":\"ImageObject\",\"inLanguage\":\"es\",\"@id\":\"https:\/\/www.pressenza.com\/es\/2019\/10\/abiy-ahmed-gano-el-premio-nobel-de-la-paz-pero-etiopia-aun-tiene-grandes-desafios-por-delante\/#primaryimage\",\"url\":\"https:\/\/www.pressenza.com\/wp-content\/uploads\/2019\/10\/9A4AAE41-49A8-4F2E-8F85-0E904B0AF4AE.jpeg\",\"contentUrl\":\"https:\/\/www.pressenza.com\/wp-content\/uploads\/2019\/10\/9A4AAE41-49A8-4F2E-8F85-0E904B0AF4AE.jpeg\",\"width\":640,\"height\":427,\"caption\":\"Abiy and President Isaias Afwerki of Eritrea\"},{\"@type\":\"BreadcrumbList\",\"@id\":\"https:\/\/www.pressenza.com\/es\/2019\/10\/abiy-ahmed-gano-el-premio-nobel-de-la-paz-pero-etiopia-aun-tiene-grandes-desafios-por-delante\/#breadcrumb\",\"itemListElement\":[{\"@type\":\"ListItem\",\"position\":1,\"name\":\"Accueil\",\"item\":\"https:\/\/www.pressenza.com\/es\/\"},{\"@type\":\"ListItem\",\"position\":2,\"name\":\"Abiy Ahmed gan\u00f3 el Premio Nobel de la Paz: pero Etiop\u00eda a\u00fan tiene grandes desaf\u00edos por delante\"}]},{\"@type\":\"WebSite\",\"@id\":\"https:\/\/www.pressenza.com\/es\/#website\",\"url\":\"https:\/\/www.pressenza.com\/es\/\",\"name\":\"Pressenza\",\"description\":\"International Press Agency\",\"publisher\":{\"@id\":\"https:\/\/www.pressenza.com\/es\/#organization\"},\"potentialAction\":[{\"@type\":\"SearchAction\",\"target\":{\"@type\":\"EntryPoint\",\"urlTemplate\":\"https:\/\/www.pressenza.com\/es\/?s={search_term_string}\"},\"query-input\":{\"@type\":\"PropertyValueSpecification\",\"valueRequired\":true,\"valueName\":\"search_term_string\"}}],\"inLanguage\":\"es\"},{\"@type\":\"Organization\",\"@id\":\"https:\/\/www.pressenza.com\/es\/#organization\",\"name\":\"Pressenza\",\"url\":\"https:\/\/www.pressenza.com\/es\/\",\"logo\":{\"@type\":\"ImageObject\",\"inLanguage\":\"es\",\"@id\":\"https:\/\/www.pressenza.com\/es\/#\/schema\/logo\/image\/\",\"url\":\"https:\/\/www.pressenza.com\/wp-content\/uploads\/2022\/10\/pressenza_logo_200x200.jpg\",\"contentUrl\":\"https:\/\/www.pressenza.com\/wp-content\/uploads\/2022\/10\/pressenza_logo_200x200.jpg\",\"width\":200,\"height\":200,\"caption\":\"Pressenza\"},\"image\":{\"@id\":\"https:\/\/www.pressenza.com\/es\/#\/schema\/logo\/image\/\"},\"sameAs\":[\"https:\/\/www.facebook.com\/PressenzaItalia\",\"https:\/\/x.com\/PressenzaIPA\"]},{\"@type\":\"Person\",\"@id\":\"https:\/\/www.pressenza.com\/es\/#\/schema\/person\/17c976cc856ec7e8e3f8cdd1a45eb1b0\",\"name\":\"Pressenza London\",\"description\":\"News published by the Pressenza Bureau in London, United Kingdom\",\"sameAs\":[\"https:\/\/www.facebook.com\/PressenzaEnglish\/\",\"https:\/\/x.com\/PressenzaIPA\"],\"url\":\"https:\/\/www.pressenza.com\/es\/author\/pressenza-london\/\"}]}<\/script>\n<!-- \/ Yoast SEO plugin. -->","yoast_head_json":{"title":"Abiy Ahmed gan\u00f3 el Premio Nobel de la Paz: pero Etiop\u00eda a\u00fan tiene grandes desaf\u00edos por delante","description":"Mohammed Girma,\u00a0Universidad de Pretoria para The Conversation Abiy Ahmed, el Primer Ministro de Etiop\u00eda, ha ganado el Premio Nobel de la Paz. Se convierte","robots":{"index":"index","follow":"follow","max-snippet":"max-snippet:-1","max-image-preview":"max-image-preview:large","max-video-preview":"max-video-preview:-1"},"canonical":"https:\/\/www.pressenza.com\/es\/2019\/10\/abiy-ahmed-gano-el-premio-nobel-de-la-paz-pero-etiopia-aun-tiene-grandes-desafios-por-delante\/","og_locale":"es_ES","og_type":"article","og_title":"Abiy Ahmed gan\u00f3 el Premio Nobel de la Paz: pero Etiop\u00eda a\u00fan tiene grandes desaf\u00edos por delante","og_description":"Mohammed Girma,\u00a0Universidad de Pretoria para The Conversation Abiy Ahmed, el Primer Ministro de Etiop\u00eda, ha ganado el Premio Nobel de la Paz. Se convierte","og_url":"https:\/\/www.pressenza.com\/es\/2019\/10\/abiy-ahmed-gano-el-premio-nobel-de-la-paz-pero-etiopia-aun-tiene-grandes-desafios-por-delante\/","og_site_name":"Pressenza","article_publisher":"https:\/\/www.facebook.com\/PressenzaItalia","article_author":"https:\/\/www.facebook.com\/PressenzaEnglish\/","article_published_time":"2019-10-14T19:52:59+00:00","og_image":[{"width":640,"height":427,"url":"https:\/\/www.pressenza.com\/wp-content\/uploads\/2019\/10\/9A4AAE41-49A8-4F2E-8F85-0E904B0AF4AE.jpeg","type":"image\/jpeg"}],"author":"Pressenza London","twitter_card":"summary_large_image","twitter_creator":"@PressenzaIPA","twitter_site":"@PressenzaIPA","twitter_misc":{"Escrito por":"Pressenza London","Tiempo de lectura":"7 minutos"},"schema":{"@context":"https:\/\/schema.org","@graph":[{"@type":"Article","@id":"https:\/\/www.pressenza.com\/es\/2019\/10\/abiy-ahmed-gano-el-premio-nobel-de-la-paz-pero-etiopia-aun-tiene-grandes-desafios-por-delante\/#article","isPartOf":{"@id":"https:\/\/www.pressenza.com\/es\/2019\/10\/abiy-ahmed-gano-el-premio-nobel-de-la-paz-pero-etiopia-aun-tiene-grandes-desafios-por-delante\/"},"author":{"name":"Pressenza London","@id":"https:\/\/www.pressenza.com\/es\/#\/schema\/person\/17c976cc856ec7e8e3f8cdd1a45eb1b0"},"headline":"Abiy Ahmed gan\u00f3 el Premio Nobel de la Paz: pero Etiop\u00eda a\u00fan tiene grandes desaf\u00edos por delante","datePublished":"2019-10-14T19:52:59+00:00","mainEntityOfPage":{"@id":"https:\/\/www.pressenza.com\/es\/2019\/10\/abiy-ahmed-gano-el-premio-nobel-de-la-paz-pero-etiopia-aun-tiene-grandes-desafios-por-delante\/"},"wordCount":1397,"publisher":{"@id":"https:\/\/www.pressenza.com\/es\/#organization"},"image":{"@id":"https:\/\/www.pressenza.com\/es\/2019\/10\/abiy-ahmed-gano-el-premio-nobel-de-la-paz-pero-etiopia-aun-tiene-grandes-desafios-por-delante\/#primaryimage"},"thumbnailUrl":"https:\/\/www.pressenza.com\/wp-content\/uploads\/2019\/10\/9A4AAE41-49A8-4F2E-8F85-0E904B0AF4AE.jpeg","keywords":["Abiy Ahmed","Etiop\u00eda","Premio Nobel de la Paz"],"articleSection":["Africa","Paz y Desarme"],"inLanguage":"es"},{"@type":"WebPage","@id":"https:\/\/www.pressenza.com\/es\/2019\/10\/abiy-ahmed-gano-el-premio-nobel-de-la-paz-pero-etiopia-aun-tiene-grandes-desafios-por-delante\/","url":"https:\/\/www.pressenza.com\/es\/2019\/10\/abiy-ahmed-gano-el-premio-nobel-de-la-paz-pero-etiopia-aun-tiene-grandes-desafios-por-delante\/","name":"Abiy Ahmed gan\u00f3 el Premio Nobel de la Paz: pero Etiop\u00eda a\u00fan tiene grandes desaf\u00edos por delante","isPartOf":{"@id":"https:\/\/www.pressenza.com\/es\/#website"},"primaryImageOfPage":{"@id":"https:\/\/www.pressenza.com\/es\/2019\/10\/abiy-ahmed-gano-el-premio-nobel-de-la-paz-pero-etiopia-aun-tiene-grandes-desafios-por-delante\/#primaryimage"},"image":{"@id":"https:\/\/www.pressenza.com\/es\/2019\/10\/abiy-ahmed-gano-el-premio-nobel-de-la-paz-pero-etiopia-aun-tiene-grandes-desafios-por-delante\/#primaryimage"},"thumbnailUrl":"https:\/\/www.pressenza.com\/wp-content\/uploads\/2019\/10\/9A4AAE41-49A8-4F2E-8F85-0E904B0AF4AE.jpeg","datePublished":"2019-10-14T19:52:59+00:00","description":"Mohammed Girma,\u00a0Universidad de Pretoria para The Conversation Abiy Ahmed, el Primer Ministro de Etiop\u00eda, ha ganado el Premio Nobel de la Paz. Se convierte","breadcrumb":{"@id":"https:\/\/www.pressenza.com\/es\/2019\/10\/abiy-ahmed-gano-el-premio-nobel-de-la-paz-pero-etiopia-aun-tiene-grandes-desafios-por-delante\/#breadcrumb"},"inLanguage":"es","potentialAction":[{"@type":"ReadAction","target":["https:\/\/www.pressenza.com\/es\/2019\/10\/abiy-ahmed-gano-el-premio-nobel-de-la-paz-pero-etiopia-aun-tiene-grandes-desafios-por-delante\/"]}]},{"@type":"ImageObject","inLanguage":"es","@id":"https:\/\/www.pressenza.com\/es\/2019\/10\/abiy-ahmed-gano-el-premio-nobel-de-la-paz-pero-etiopia-aun-tiene-grandes-desafios-por-delante\/#primaryimage","url":"https:\/\/www.pressenza.com\/wp-content\/uploads\/2019\/10\/9A4AAE41-49A8-4F2E-8F85-0E904B0AF4AE.jpeg","contentUrl":"https:\/\/www.pressenza.com\/wp-content\/uploads\/2019\/10\/9A4AAE41-49A8-4F2E-8F85-0E904B0AF4AE.jpeg","width":640,"height":427,"caption":"Abiy and President Isaias Afwerki of Eritrea"},{"@type":"BreadcrumbList","@id":"https:\/\/www.pressenza.com\/es\/2019\/10\/abiy-ahmed-gano-el-premio-nobel-de-la-paz-pero-etiopia-aun-tiene-grandes-desafios-por-delante\/#breadcrumb","itemListElement":[{"@type":"ListItem","position":1,"name":"Accueil","item":"https:\/\/www.pressenza.com\/es\/"},{"@type":"ListItem","position":2,"name":"Abiy Ahmed gan\u00f3 el Premio Nobel de la Paz: pero Etiop\u00eda a\u00fan tiene grandes desaf\u00edos por delante"}]},{"@type":"WebSite","@id":"https:\/\/www.pressenza.com\/es\/#website","url":"https:\/\/www.pressenza.com\/es\/","name":"Pressenza","description":"International Press Agency","publisher":{"@id":"https:\/\/www.pressenza.com\/es\/#organization"},"potentialAction":[{"@type":"SearchAction","target":{"@type":"EntryPoint","urlTemplate":"https:\/\/www.pressenza.com\/es\/?s={search_term_string}"},"query-input":{"@type":"PropertyValueSpecification","valueRequired":true,"valueName":"search_term_string"}}],"inLanguage":"es"},{"@type":"Organization","@id":"https:\/\/www.pressenza.com\/es\/#organization","name":"Pressenza","url":"https:\/\/www.pressenza.com\/es\/","logo":{"@type":"ImageObject","inLanguage":"es","@id":"https:\/\/www.pressenza.com\/es\/#\/schema\/logo\/image\/","url":"https:\/\/www.pressenza.com\/wp-content\/uploads\/2022\/10\/pressenza_logo_200x200.jpg","contentUrl":"https:\/\/www.pressenza.com\/wp-content\/uploads\/2022\/10\/pressenza_logo_200x200.jpg","width":200,"height":200,"caption":"Pressenza"},"image":{"@id":"https:\/\/www.pressenza.com\/es\/#\/schema\/logo\/image\/"},"sameAs":["https:\/\/www.facebook.com\/PressenzaItalia","https:\/\/x.com\/PressenzaIPA"]},{"@type":"Person","@id":"https:\/\/www.pressenza.com\/es\/#\/schema\/person\/17c976cc856ec7e8e3f8cdd1a45eb1b0","name":"Pressenza London","description":"News published by the Pressenza Bureau in London, United Kingdom","sameAs":["https:\/\/www.facebook.com\/PressenzaEnglish\/","https:\/\/x.com\/PressenzaIPA"],"url":"https:\/\/www.pressenza.com\/es\/author\/pressenza-london\/"}]}},"place":"","original_article_url":"","_links":{"self":[{"href":"https:\/\/www.pressenza.com\/es\/wp-json\/wp\/v2\/posts\/944196","targetHints":{"allow":["GET"]}}],"collection":[{"href":"https:\/\/www.pressenza.com\/es\/wp-json\/wp\/v2\/posts"}],"about":[{"href":"https:\/\/www.pressenza.com\/es\/wp-json\/wp\/v2\/types\/post"}],"author":[{"embeddable":true,"href":"https:\/\/www.pressenza.com\/es\/wp-json\/wp\/v2\/users\/1013"}],"replies":[{"embeddable":true,"href":"https:\/\/www.pressenza.com\/es\/wp-json\/wp\/v2\/comments?post=944196"}],"version-history":[{"count":0,"href":"https:\/\/www.pressenza.com\/es\/wp-json\/wp\/v2\/posts\/944196\/revisions"}],"wp:featuredmedia":[{"embeddable":true,"href":"https:\/\/www.pressenza.com\/es\/wp-json\/wp\/v2\/media\/940324"}],"wp:attachment":[{"href":"https:\/\/www.pressenza.com\/es\/wp-json\/wp\/v2\/media?parent=944196"}],"wp:term":[{"taxonomy":"category","embeddable":true,"href":"https:\/\/www.pressenza.com\/es\/wp-json\/wp\/v2\/categories?post=944196"},{"taxonomy":"post_tag","embeddable":true,"href":"https:\/\/www.pressenza.com\/es\/wp-json\/wp\/v2\/tags?post=944196"}],"curies":[{"name":"wp","href":"https:\/\/api.w.org\/{rel}","templated":true}]}}