{"id":94367,"date":"2014-03-16T03:39:49","date_gmt":"2014-03-16T03:39:49","guid":{"rendered":"http:\/\/www.pressenza.com\/?p=94367"},"modified":"2014-03-16T03:39:49","modified_gmt":"2014-03-16T03:39:49","slug":"de-cambio-es-lo-que-se-trata","status":"publish","type":"post","link":"https:\/\/www.pressenza.com\/es\/2014\/03\/de-cambio-es-lo-que-se-trata\/","title":{"rendered":"De cambio es lo que se trata"},"content":{"rendered":"<p><strong>Por Michel Balivo desde Venezuela.-<\/strong><\/p>\n<p style=\"text-align: justify;\">Algunos amigos me escriben pidiendo que les cuente en mis palabras lo que est\u00e1 sucediendo en Venezuela. Pero hasta donde yo se en 15 a\u00f1os de la revoluci\u00f3n Bolivariana que vive Venezuela, se han transformado suficientemente las condiciones de los medios de comunicaci\u00f3n nacionales e internacionales como para que cada cual que est\u00e9 interesado en saber de los acontecimientos, busque y encuentre la informaci\u00f3n a su gusto.<\/p>\n<p>Porque de eso es de lo que se trata, de lo que a cada cual le gusta, busca y quiere encontrar para confirmar sus gustos y crencias. De cierto eso encontrar\u00e1 y confirmar\u00e1. Por eso tengo la impresi\u00f3n que m\u00e1s que saber de los acontecimientos, lo que los amigos desean es que se les anticipe el futuro de la revoluci\u00f3n, qui\u00e9n ganar\u00e1 o qui\u00e9n perder\u00e1. Tal vez porque asocian sus propios caminos a futuro, sus m\u00e1s queridos anhelos y expectativas con lo que pase a la revoluci\u00f3n.<\/p>\n<p style=\"text-align: justify;\">Pero las condiciones de la conciencia humana difieren de las del reino natural. Los seres humanos tienen la capacidad para transformar el medio al cual o en el cual nacen, por eso nacen en un medio hist\u00f3rico que heredan con las transformaciones que sus antecesores fueron capaces de realizar. Si bien esas transformaciones pueden tener en principio un origen local, comenzar en uno u otro pa\u00eds, raza, cultura, m\u00e1s temprano que tarde se ampl\u00edan convirti\u00e9ndose en herencia de todos los seres humanos.<\/p>\n<p>En mi opini\u00f3n, eso hace que cuando queremos saber o aproximarnos al menos a lo que est\u00e1 sucediendo en nuestro mundo natural pero adem\u00e1s hist\u00f3rico, debemos ampliar nuestra capacidad para percibir en estructura lo que sucede en el mundo, en cuyo espejo nuestra localidad en gran medida se ve a s\u00ed misma en uno de sus m\u00faltiples refejos posibles. Porque vamos a estar claros, una cosa es correr detr\u00e1s de los acontecimientos para decir lo que creemos que significan una vez que ya sucedieron. Y otra muy diferente anticiparnos a esos acontecimientos, corregir nuestra direcci\u00f3n a futuro para evitar in\u00fatil sufrimiento social. As\u00ed pues, continuamos percibiendo, organizando, interpretando lineal y\/o localmente los eventos, corremos detr\u00e1s suyo intentando hacer encajar a la fuerza lo que sucede con nuestros conocimientos y creencias, o comenzamos a darnos cuenta de que es necesario ampliar nuestra conciencia, reconocer la importante y activa funci\u00f3n de nuestra conciencia para organizar esos eventos, para poder percibirlos estructural y simult\u00e1neamente.<\/p>\n<p>Porque resulta que a cierta velocidad las superficies parecen cobrar volumen para la percepci\u00f3n,\u00a0 para la conciencia, y lo que parec\u00eda estar aqu\u00ed o all\u00e1 ahora est\u00e1 en todas partes. Lo que parad\u00f3jicamente es lo mismo que no estar en ninguna. Porque si reina la misma condici\u00f3n en todas partes no hay modo de ni tiene sentido intentar contrastarla con algo diferente. Si todo es blanco ni siquiera caemos en cuenta de ese trasfondo contra el cual percibimos. Dada nuestra modalidad de conciencia colectiva predominante resulta dif\u00edcil imaginar, concebir lo que significa tal aseveraci\u00f3n.<\/p>\n<p style=\"text-align: justify;\">Pero un simple ejemplo bastar\u00e1 para orientarnos en tal direcci\u00f3n. \u00bfNo afectan acaso mundial y por tanto humanamente nuestros cuerpos y conciencias las condiciones atmosf\u00e9ricas alteradas? \u00bfImporta hoy acaso qui\u00e9n gener\u00f3 las mayores emisiones de gas carb\u00f3nico para producir esa alteraci\u00f3n? \u00bfSufren las consecuencias proporcionalmente los m\u00e1s culpables o nos afecta m\u00e1s temprano que tarde a todos por igual?<\/p>\n<p>Y si esa condici\u00f3n clim\u00e1tica alterada se va volviendo universal como est\u00e1 sucediendo, \u00bfhabr\u00e1 acaso alg\u00fan lugar al cual huir, en el cual estar a salvo de sus consecuencias sean cuales sean? \u00bfNo hablamos entonces de una condici\u00f3n estuctural y simult\u00e1nea, omniabarcante, que est\u00e1 en todas partes? Y si eso es as\u00ed, \u00bftendr\u00e1 alg\u00fan sentido, sobre todo alguna utilidad operativa seguir pensando en condiciones locales, en buenos y malos, en justos e injustos, tendr\u00e1n alg\u00fan sentido categor\u00edas como lo tuyo y lo m\u00edo?<\/p>\n<p>Hace alg\u00fan tiempo, vi unas im\u00e1genes de una famila de osos polares que flotaban a la deriva en un islote de hielo desprendido del casquete polar, dado que el cambio de temperatura de las corrientes marinas lo hab\u00edan separado de la masa. Me imagin\u00e9 la impotencia que sentir\u00eda si estuviera en esa situaci\u00f3n desconocida, inesperada, in\u00e9dita de cambio, para la cual los tropismos de la especie no dispusieran de respuestas hechas, conocidas. \u00bfY ahora qu\u00e9? \u00bfPara d\u00f3nde?<\/p>\n<p>Tambi\u00e9n escuch\u00e9 sobre las alteraciones f\u00edsicas y sicol\u00f3gicas que experimentan los astronautas al traspasar la atm\u00f3sfera terrestre impulsados por una enorme aceleraci\u00f3n. Sobre todo me impresionaron las referidas a la expansi\u00f3n de su conciencia en el infinito y\/u oscuro espacio c\u00f3smico que percib\u00edan. Desde all\u00ed experimentaron un sentimiento religioso, sintieron la organicidad de todo lo existente y se dieron cuenta que todas las contradicciones humanas no ten\u00edan sentido, perd\u00edan toda relevancia desde este punto de vista elevado, abarcante, incluyente, estructural. Que es lo mismo que decir, ver desde todas partes simultaneamente. Todos ellos, m\u00e1s all\u00e1 de como interpretaran esas experiencias, volvieron transformados en alguna medida.<\/p>\n<p>Por supuesto que no somos osos polares ni por ahora vamos a eyectarnos colectivamente de nuestro planeta, aunque a muchos les guste y hasta sienten alivio al imaginarse esa posibilidad.<\/p>\n<p>Pero si los astronautas tuvieron esas experiencias nuevas, es sin duda porque est\u00e1n dentro de las posibilidades de la conciencia humana. \u00bfO son inhumanos? Y como dije antes nacemos y vivimos en, heredamos un medio hist\u00f3rico adem\u00e1s de natural.<\/p>\n<p>Para donde quiera que miremos hoy, norte, sur , este, oeste, \u00bfque vemos? Conflicto, agotamiento de un modelo de organizaci\u00f3n social que ya nos posibilit\u00f3 lo que su concepci\u00f3n implicaba, tra\u00eda impl\u00edcito. Desmoronamiento de instituciones, de entidades sociales. Miles de im\u00e1genes y direcciones contradictorias llegan simult\u00e1neamente en tiempo real a nuestra conciencia.<\/p>\n<p>\u00bfC\u00f3mo las organizaremos en ese tiempo lineal que fluye de pasado a futuro, donde los diferentes intereses y direcciones de acci\u00f3n se efrentan y entrechocan? \u00bfC\u00f3mo concebiremos una nueva direcci\u00f3n mayor de acci\u00f3n creciente a futuro, que nos incluya a todos, que nos permita encontrarnos y reconocernos, sentirnos parte de la organicidad de todo lo existente? \u00bfC\u00f3mo reabriremos las puertas de un futuro que hoy se cierra aceleramente?<\/p>\n<p>\u00bfY qu\u00e9 sentimos hoy cuando ese abundante y contradictorio flujo de informaci\u00f3n golpea nuestras conciencias? Como la familia de osos, profunda, existencial desorientaci\u00f3n, hilaridad, aparente ausencia de direcci\u00f3n a futuro. \u00bfPor qu\u00e9? Yo creo que porque la historia es concepci\u00f3n humana, es la capacidad de la conciencia de adaptarse a su ecosistema, pero sobre todo de transformarlo acorde a sus necesidades. De concebir nuevas direciones superadoras de todo lo anterior.<\/p>\n<p>Por eso cuando decimos que se desgastan y desmoronan las instituciones de un momento hist\u00f3rico, como ya ha sucedido una y otra vez aun cuando no en la misma magnitud mundial, tambi\u00e9n estamos diciendo que se caen nuestros sistemas de creencias, nuestros h\u00e1bitos se vuelven crecientemente inoperantes. Nos demos cuenta o no estamos viviendo una gran, la mayor coyuntura hist\u00f3rica. No tiene por tanto nada de extra\u00f1o que nos sintamos desorientados, confundidos, extra\u00f1os, perdidos.<\/p>\n<p>Si no sabemos muy bien para donde vamos tampoco sabemos qu\u00e9 hacer, a qu\u00e9 circunstancias prepararnos a dar respuesta. En esas condiciones no es extra\u00f1a la alteraci\u00f3n de la conciencia ni la creciente violencia de las conductas que dan manotazos al aire como intentado espantar los fantasmas que pese a no ver creen presentir. En mi opini\u00f3n vivimos, experimentamos un profundo e inevitable momento de cambios estructurales naturales pero tambi\u00e9n sicol\u00f3gicos, de conciencia.<\/p>\n<p>Y es por eso que me parece que en mayor profundidad o estructuralidad, m\u00e1s all\u00e1 de la preocupaci\u00f3n por quien gane o pierda, m\u00e1s all\u00e1 de nuestras simpat\u00edas o antipat\u00edas, de nuestros sistemas de crencias y h\u00e1bitos heredados, de nuestra historia, hemos de comprender, de caer en cuenta de que estamos en un momento de profunda transformaci\u00f3n.<\/p>\n<p>Nos guste o no, nos resistamos o no, somos parte de, estamos inmersos, inclu\u00eddos en esta danza.<\/p>\n<p>Es el inevitable baile de la transformaci\u00f3n que no solo se ve y puede tocarse, estudiarse, sino que se siente por dentro, se experimenta, se vive. Somos historia viviente en pleno acontecimiento y nos toca reconocerlo, despertar a ello. No se trata de que el cambio es necesario, posible o viene en camino, sino de que lo estamos viviendo y nos afecta profundamente.<\/p>\n<p>Da la impresi\u00f3n de que cuando los eventos se aceleran, ganan en intensidad, se revolucionan, no solo es aquello que la conciencia ve y sobre lo cual act\u00faa lo que se transforma, sino que simult\u00e1neamente lo hace la conciencia que opera, siente y ve en transformaci\u00f3n, en din\u00e1mica.<\/p>\n<p>La mirada y aquello que observa se transforman simult\u00e1neamente en apretado abrazo y danza.<\/p>\n<p>Podr\u00edamos tambi\u00e9n decir que es la m\u00fasica, el ritmo lo que se modifica. Los bailarines, a gusto o disgusto no pueden sino sintonizarse, acompa\u00f1ar su paso.<\/p>\n","protected":false},"excerpt":{"rendered":"<p>Por Michel Balivo desde Venezuela.- Algunos amigos me escriben pidiendo que les cuente en mis palabras lo que est\u00e1 sucediendo en Venezuela. Pero hasta donde yo se en 15 a\u00f1os de la revoluci\u00f3n Bolivariana que vive Venezuela, se han transformado&hellip;<\/p>\n","protected":false},"author":1053,"featured_media":94381,"comment_status":"closed","ping_status":"open","sticky":false,"template":"","format":"standard","meta":{"footnotes":""},"categories":[1240,161,67],"tags":[],"class_list":["post-94367","post","type-post","status-publish","format-standard","has-post-thumbnail","hentry","category-humanismo-espiritualidad","category-opiniones","category-sudamerica"],"yoast_head":"<!-- This site is optimized with the Yoast SEO plugin v27.1.1 - https:\/\/yoast.com\/product\/yoast-seo-wordpress\/ -->\n<title>De cambio es lo que se trata<\/title>\n<meta name=\"description\" content=\"Por Michel Balivo desde Venezuela.- Algunos amigos me escriben pidiendo que les cuente en mis palabras lo que est\u00e1 sucediendo en Venezuela. Pero hasta\" \/>\n<meta name=\"robots\" content=\"index, follow, max-snippet:-1, max-image-preview:large, max-video-preview:-1\" \/>\n<link rel=\"canonical\" href=\"https:\/\/www.pressenza.com\/es\/2014\/03\/de-cambio-es-lo-que-se-trata\/\" \/>\n<meta property=\"og:locale\" content=\"es_ES\" \/>\n<meta property=\"og:type\" content=\"article\" \/>\n<meta property=\"og:title\" content=\"De cambio es lo que se trata\" \/>\n<meta property=\"og:description\" content=\"Por Michel Balivo desde Venezuela.- Algunos amigos me escriben pidiendo que les cuente en mis palabras lo que est\u00e1 sucediendo en Venezuela. Pero hasta\" \/>\n<meta property=\"og:url\" content=\"https:\/\/www.pressenza.com\/es\/2014\/03\/de-cambio-es-lo-que-se-trata\/\" \/>\n<meta property=\"og:site_name\" content=\"Pressenza\" \/>\n<meta property=\"article:publisher\" content=\"https:\/\/www.facebook.com\/PressenzaItalia\" \/>\n<meta property=\"article:published_time\" content=\"2014-03-16T03:39:49+00:00\" \/>\n<meta property=\"og:image\" content=\"https:\/\/www.pressenza.com\/wp-content\/uploads\/2014\/03\/familia-de-osos.jpg\" \/>\n\t<meta property=\"og:image:width\" content=\"275\" \/>\n\t<meta property=\"og:image:height\" content=\"183\" \/>\n\t<meta property=\"og:image:type\" content=\"image\/jpeg\" \/>\n<meta name=\"author\" content=\"Redacci\u00f3n Colombia\" \/>\n<meta name=\"twitter:card\" content=\"summary_large_image\" \/>\n<meta name=\"twitter:creator\" content=\"@PressenzaIPA\" \/>\n<meta name=\"twitter:site\" content=\"@PressenzaIPA\" \/>\n<meta name=\"twitter:label1\" content=\"Escrito por\" \/>\n\t<meta name=\"twitter:data1\" content=\"Redacci\u00f3n Colombia\" \/>\n\t<meta name=\"twitter:label2\" content=\"Tiempo de lectura\" \/>\n\t<meta name=\"twitter:data2\" content=\"8 minutos\" \/>\n<script type=\"application\/ld+json\" class=\"yoast-schema-graph\">{\"@context\":\"https:\/\/schema.org\",\"@graph\":[{\"@type\":\"Article\",\"@id\":\"https:\/\/www.pressenza.com\/es\/2014\/03\/de-cambio-es-lo-que-se-trata\/#article\",\"isPartOf\":{\"@id\":\"https:\/\/www.pressenza.com\/es\/2014\/03\/de-cambio-es-lo-que-se-trata\/\"},\"author\":{\"name\":\"Redacci\u00f3n Colombia\",\"@id\":\"https:\/\/www.pressenza.com\/es\/#\/schema\/person\/7c8ee170a4502d638436c91e385315f2\"},\"headline\":\"De cambio es lo que se trata\",\"datePublished\":\"2014-03-16T03:39:49+00:00\",\"mainEntityOfPage\":{\"@id\":\"https:\/\/www.pressenza.com\/es\/2014\/03\/de-cambio-es-lo-que-se-trata\/\"},\"wordCount\":1575,\"publisher\":{\"@id\":\"https:\/\/www.pressenza.com\/es\/#organization\"},\"image\":{\"@id\":\"https:\/\/www.pressenza.com\/es\/2014\/03\/de-cambio-es-lo-que-se-trata\/#primaryimage\"},\"thumbnailUrl\":\"https:\/\/www.pressenza.com\/wp-content\/uploads\/2014\/03\/familia-de-osos.jpg\",\"articleSection\":[\"Humanismo y Espiritualidad\",\"Opiniones\",\"Sudam\u00e9rica\"],\"inLanguage\":\"es\"},{\"@type\":\"WebPage\",\"@id\":\"https:\/\/www.pressenza.com\/es\/2014\/03\/de-cambio-es-lo-que-se-trata\/\",\"url\":\"https:\/\/www.pressenza.com\/es\/2014\/03\/de-cambio-es-lo-que-se-trata\/\",\"name\":\"De cambio es lo que se trata\",\"isPartOf\":{\"@id\":\"https:\/\/www.pressenza.com\/es\/#website\"},\"primaryImageOfPage\":{\"@id\":\"https:\/\/www.pressenza.com\/es\/2014\/03\/de-cambio-es-lo-que-se-trata\/#primaryimage\"},\"image\":{\"@id\":\"https:\/\/www.pressenza.com\/es\/2014\/03\/de-cambio-es-lo-que-se-trata\/#primaryimage\"},\"thumbnailUrl\":\"https:\/\/www.pressenza.com\/wp-content\/uploads\/2014\/03\/familia-de-osos.jpg\",\"datePublished\":\"2014-03-16T03:39:49+00:00\",\"description\":\"Por Michel Balivo desde Venezuela.- Algunos amigos me escriben pidiendo que les cuente en mis palabras lo que est\u00e1 sucediendo en Venezuela. Pero hasta\",\"breadcrumb\":{\"@id\":\"https:\/\/www.pressenza.com\/es\/2014\/03\/de-cambio-es-lo-que-se-trata\/#breadcrumb\"},\"inLanguage\":\"es\",\"potentialAction\":[{\"@type\":\"ReadAction\",\"target\":[\"https:\/\/www.pressenza.com\/es\/2014\/03\/de-cambio-es-lo-que-se-trata\/\"]}]},{\"@type\":\"ImageObject\",\"inLanguage\":\"es\",\"@id\":\"https:\/\/www.pressenza.com\/es\/2014\/03\/de-cambio-es-lo-que-se-trata\/#primaryimage\",\"url\":\"https:\/\/www.pressenza.com\/wp-content\/uploads\/2014\/03\/familia-de-osos.jpg\",\"contentUrl\":\"https:\/\/www.pressenza.com\/wp-content\/uploads\/2014\/03\/familia-de-osos.jpg\",\"width\":275,\"height\":183},{\"@type\":\"BreadcrumbList\",\"@id\":\"https:\/\/www.pressenza.com\/es\/2014\/03\/de-cambio-es-lo-que-se-trata\/#breadcrumb\",\"itemListElement\":[{\"@type\":\"ListItem\",\"position\":1,\"name\":\"Accueil\",\"item\":\"https:\/\/www.pressenza.com\/es\/\"},{\"@type\":\"ListItem\",\"position\":2,\"name\":\"De cambio es lo que se trata\"}]},{\"@type\":\"WebSite\",\"@id\":\"https:\/\/www.pressenza.com\/es\/#website\",\"url\":\"https:\/\/www.pressenza.com\/es\/\",\"name\":\"Pressenza\",\"description\":\"International Press Agency\",\"publisher\":{\"@id\":\"https:\/\/www.pressenza.com\/es\/#organization\"},\"potentialAction\":[{\"@type\":\"SearchAction\",\"target\":{\"@type\":\"EntryPoint\",\"urlTemplate\":\"https:\/\/www.pressenza.com\/es\/?s={search_term_string}\"},\"query-input\":{\"@type\":\"PropertyValueSpecification\",\"valueRequired\":true,\"valueName\":\"search_term_string\"}}],\"inLanguage\":\"es\"},{\"@type\":\"Organization\",\"@id\":\"https:\/\/www.pressenza.com\/es\/#organization\",\"name\":\"Pressenza\",\"url\":\"https:\/\/www.pressenza.com\/es\/\",\"logo\":{\"@type\":\"ImageObject\",\"inLanguage\":\"es\",\"@id\":\"https:\/\/www.pressenza.com\/es\/#\/schema\/logo\/image\/\",\"url\":\"https:\/\/www.pressenza.com\/wp-content\/uploads\/2022\/10\/pressenza_logo_200x200.jpg\",\"contentUrl\":\"https:\/\/www.pressenza.com\/wp-content\/uploads\/2022\/10\/pressenza_logo_200x200.jpg\",\"width\":200,\"height\":200,\"caption\":\"Pressenza\"},\"image\":{\"@id\":\"https:\/\/www.pressenza.com\/es\/#\/schema\/logo\/image\/\"},\"sameAs\":[\"https:\/\/www.facebook.com\/PressenzaItalia\",\"https:\/\/x.com\/PressenzaIPA\"]},{\"@type\":\"Person\",\"@id\":\"https:\/\/www.pressenza.com\/es\/#\/schema\/person\/7c8ee170a4502d638436c91e385315f2\",\"name\":\"Redacci\u00f3n Colombia\",\"description\":\"News published by the Pressenza bureau in Colombia\",\"url\":\"https:\/\/www.pressenza.com\/es\/author\/redaccion-colombia\/\"}]}<\/script>\n<!-- \/ Yoast SEO plugin. -->","yoast_head_json":{"title":"De cambio es lo que se trata","description":"Por Michel Balivo desde Venezuela.- Algunos amigos me escriben pidiendo que les cuente en mis palabras lo que est\u00e1 sucediendo en Venezuela. Pero hasta","robots":{"index":"index","follow":"follow","max-snippet":"max-snippet:-1","max-image-preview":"max-image-preview:large","max-video-preview":"max-video-preview:-1"},"canonical":"https:\/\/www.pressenza.com\/es\/2014\/03\/de-cambio-es-lo-que-se-trata\/","og_locale":"es_ES","og_type":"article","og_title":"De cambio es lo que se trata","og_description":"Por Michel Balivo desde Venezuela.- Algunos amigos me escriben pidiendo que les cuente en mis palabras lo que est\u00e1 sucediendo en Venezuela. Pero hasta","og_url":"https:\/\/www.pressenza.com\/es\/2014\/03\/de-cambio-es-lo-que-se-trata\/","og_site_name":"Pressenza","article_publisher":"https:\/\/www.facebook.com\/PressenzaItalia","article_published_time":"2014-03-16T03:39:49+00:00","og_image":[{"width":275,"height":183,"url":"https:\/\/www.pressenza.com\/wp-content\/uploads\/2014\/03\/familia-de-osos.jpg","type":"image\/jpeg"}],"author":"Redacci\u00f3n Colombia","twitter_card":"summary_large_image","twitter_creator":"@PressenzaIPA","twitter_site":"@PressenzaIPA","twitter_misc":{"Escrito por":"Redacci\u00f3n Colombia","Tiempo de lectura":"8 minutos"},"schema":{"@context":"https:\/\/schema.org","@graph":[{"@type":"Article","@id":"https:\/\/www.pressenza.com\/es\/2014\/03\/de-cambio-es-lo-que-se-trata\/#article","isPartOf":{"@id":"https:\/\/www.pressenza.com\/es\/2014\/03\/de-cambio-es-lo-que-se-trata\/"},"author":{"name":"Redacci\u00f3n Colombia","@id":"https:\/\/www.pressenza.com\/es\/#\/schema\/person\/7c8ee170a4502d638436c91e385315f2"},"headline":"De cambio es lo que se trata","datePublished":"2014-03-16T03:39:49+00:00","mainEntityOfPage":{"@id":"https:\/\/www.pressenza.com\/es\/2014\/03\/de-cambio-es-lo-que-se-trata\/"},"wordCount":1575,"publisher":{"@id":"https:\/\/www.pressenza.com\/es\/#organization"},"image":{"@id":"https:\/\/www.pressenza.com\/es\/2014\/03\/de-cambio-es-lo-que-se-trata\/#primaryimage"},"thumbnailUrl":"https:\/\/www.pressenza.com\/wp-content\/uploads\/2014\/03\/familia-de-osos.jpg","articleSection":["Humanismo y Espiritualidad","Opiniones","Sudam\u00e9rica"],"inLanguage":"es"},{"@type":"WebPage","@id":"https:\/\/www.pressenza.com\/es\/2014\/03\/de-cambio-es-lo-que-se-trata\/","url":"https:\/\/www.pressenza.com\/es\/2014\/03\/de-cambio-es-lo-que-se-trata\/","name":"De cambio es lo que se trata","isPartOf":{"@id":"https:\/\/www.pressenza.com\/es\/#website"},"primaryImageOfPage":{"@id":"https:\/\/www.pressenza.com\/es\/2014\/03\/de-cambio-es-lo-que-se-trata\/#primaryimage"},"image":{"@id":"https:\/\/www.pressenza.com\/es\/2014\/03\/de-cambio-es-lo-que-se-trata\/#primaryimage"},"thumbnailUrl":"https:\/\/www.pressenza.com\/wp-content\/uploads\/2014\/03\/familia-de-osos.jpg","datePublished":"2014-03-16T03:39:49+00:00","description":"Por Michel Balivo desde Venezuela.- Algunos amigos me escriben pidiendo que les cuente en mis palabras lo que est\u00e1 sucediendo en Venezuela. Pero hasta","breadcrumb":{"@id":"https:\/\/www.pressenza.com\/es\/2014\/03\/de-cambio-es-lo-que-se-trata\/#breadcrumb"},"inLanguage":"es","potentialAction":[{"@type":"ReadAction","target":["https:\/\/www.pressenza.com\/es\/2014\/03\/de-cambio-es-lo-que-se-trata\/"]}]},{"@type":"ImageObject","inLanguage":"es","@id":"https:\/\/www.pressenza.com\/es\/2014\/03\/de-cambio-es-lo-que-se-trata\/#primaryimage","url":"https:\/\/www.pressenza.com\/wp-content\/uploads\/2014\/03\/familia-de-osos.jpg","contentUrl":"https:\/\/www.pressenza.com\/wp-content\/uploads\/2014\/03\/familia-de-osos.jpg","width":275,"height":183},{"@type":"BreadcrumbList","@id":"https:\/\/www.pressenza.com\/es\/2014\/03\/de-cambio-es-lo-que-se-trata\/#breadcrumb","itemListElement":[{"@type":"ListItem","position":1,"name":"Accueil","item":"https:\/\/www.pressenza.com\/es\/"},{"@type":"ListItem","position":2,"name":"De cambio es lo que se trata"}]},{"@type":"WebSite","@id":"https:\/\/www.pressenza.com\/es\/#website","url":"https:\/\/www.pressenza.com\/es\/","name":"Pressenza","description":"International Press Agency","publisher":{"@id":"https:\/\/www.pressenza.com\/es\/#organization"},"potentialAction":[{"@type":"SearchAction","target":{"@type":"EntryPoint","urlTemplate":"https:\/\/www.pressenza.com\/es\/?s={search_term_string}"},"query-input":{"@type":"PropertyValueSpecification","valueRequired":true,"valueName":"search_term_string"}}],"inLanguage":"es"},{"@type":"Organization","@id":"https:\/\/www.pressenza.com\/es\/#organization","name":"Pressenza","url":"https:\/\/www.pressenza.com\/es\/","logo":{"@type":"ImageObject","inLanguage":"es","@id":"https:\/\/www.pressenza.com\/es\/#\/schema\/logo\/image\/","url":"https:\/\/www.pressenza.com\/wp-content\/uploads\/2022\/10\/pressenza_logo_200x200.jpg","contentUrl":"https:\/\/www.pressenza.com\/wp-content\/uploads\/2022\/10\/pressenza_logo_200x200.jpg","width":200,"height":200,"caption":"Pressenza"},"image":{"@id":"https:\/\/www.pressenza.com\/es\/#\/schema\/logo\/image\/"},"sameAs":["https:\/\/www.facebook.com\/PressenzaItalia","https:\/\/x.com\/PressenzaIPA"]},{"@type":"Person","@id":"https:\/\/www.pressenza.com\/es\/#\/schema\/person\/7c8ee170a4502d638436c91e385315f2","name":"Redacci\u00f3n Colombia","description":"News published by the Pressenza bureau in Colombia","url":"https:\/\/www.pressenza.com\/es\/author\/redaccion-colombia\/"}]}},"place":"","original_article_url":"","_links":{"self":[{"href":"https:\/\/www.pressenza.com\/es\/wp-json\/wp\/v2\/posts\/94367","targetHints":{"allow":["GET"]}}],"collection":[{"href":"https:\/\/www.pressenza.com\/es\/wp-json\/wp\/v2\/posts"}],"about":[{"href":"https:\/\/www.pressenza.com\/es\/wp-json\/wp\/v2\/types\/post"}],"author":[{"embeddable":true,"href":"https:\/\/www.pressenza.com\/es\/wp-json\/wp\/v2\/users\/1053"}],"replies":[{"embeddable":true,"href":"https:\/\/www.pressenza.com\/es\/wp-json\/wp\/v2\/comments?post=94367"}],"version-history":[{"count":0,"href":"https:\/\/www.pressenza.com\/es\/wp-json\/wp\/v2\/posts\/94367\/revisions"}],"wp:featuredmedia":[{"embeddable":true,"href":"https:\/\/www.pressenza.com\/es\/wp-json\/wp\/v2\/media\/94381"}],"wp:attachment":[{"href":"https:\/\/www.pressenza.com\/es\/wp-json\/wp\/v2\/media?parent=94367"}],"wp:term":[{"taxonomy":"category","embeddable":true,"href":"https:\/\/www.pressenza.com\/es\/wp-json\/wp\/v2\/categories?post=94367"},{"taxonomy":"post_tag","embeddable":true,"href":"https:\/\/www.pressenza.com\/es\/wp-json\/wp\/v2\/tags?post=94367"}],"curies":[{"name":"wp","href":"https:\/\/api.w.org\/{rel}","templated":true}]}}