{"id":943288,"date":"2019-10-13T13:38:38","date_gmt":"2019-10-13T12:38:38","guid":{"rendered":"https:\/\/www.pressenza.com\/?p=943288"},"modified":"2019-10-13T13:38:38","modified_gmt":"2019-10-13T12:38:38","slug":"ecuador-toque-de-queda-y-la-gente-resiste","status":"publish","type":"post","link":"https:\/\/www.pressenza.com\/es\/2019\/10\/ecuador-toque-de-queda-y-la-gente-resiste\/","title":{"rendered":"Ecuador: Toque de queda y la gente resiste"},"content":{"rendered":"<p>por\u00a0Eduardo Tamayo G., Helga Serrano Narv\u00e1ez<\/p>\n<p>En el d\u00e9cimo d\u00eda de Paro Nacional en Ecuador, las movilizaciones en el pa\u00eds y sobre todo en Quito se intensificaron en contra del alza de los combustibles y la represi\u00f3n desatada por la polic\u00eda y el ej\u00e9rcito hacia el movimiento ind\u00edgena, en tanto el gobierno responde con m\u00e1s represi\u00f3n y la implantaci\u00f3n del toque de queda.<\/p>\n<p>Esta ma\u00f1ana (s\u00e1bado 12), los barrios y pobladores de Quito se plegaron masivamente al paro, paralizando el tr\u00e1fico en sus localidades y moviliz\u00e1ndose desde sus lugares de residencia hacia el sector de la Casa de la Cultura Ecuatoriana, donde se encuentran reunidos miles de ind\u00edgenas desde el lunes 7 de octubre.<\/p>\n<p><img loading=\"lazy\" decoding=\"async\" class=\"aligncenter size-full wp-image-943289\" src=\"https:\/\/www.pressenza.com\/wp-content\/uploads\/2019\/10\/quito1.png\" alt=\"\" width=\"400\" height=\"300\" srcset=\"https:\/\/www.pressenza.com\/wp-content\/uploads\/2019\/10\/quito1.png 400w, https:\/\/www.pressenza.com\/wp-content\/uploads\/2019\/10\/quito1-300x225.png 300w\" sizes=\"auto, (max-width: 400px) 100vw, 400px\" \/><\/p>\n<p>Las movilizaciones tienen por objetivo rechazar la dura represi\u00f3n que ha dejado hasta el momento 6 personas fallecidas, 937 heridas y 1121 detenidas, seg\u00fan la Defensor\u00eda del Pueblo de Ecuador. Entre los fallecidos se encuentran el l\u00edder ind\u00edgena de Cotopaxi, Inocencio Tucumbi, los j\u00f3venes Ra\u00fal Chilpe, Marco Oto, Jos\u00e9 Daniel Chaluisa Cusco y Jos\u00e9 Rodrigo Chaluisa. Entre los heridos graves, permanece en sala de cuidados intensivos en el hospital Eugenio Espejo, Juan Alvaro Olovacha, quien se debate entre la vida y la muerte.<\/p>\n<p>Tambi\u00e9n los pobladores de Quito protestan contra el paquete de medidas econ\u00f3micas contenidas en el decreto 883 que el gobierno de Len\u00edn Moreno ha impuesto en el marco de un acuerdo con el Fondo Monetario Internacional, que incluye el alza de la gasolina extra, la m\u00e1s utilizada por la poblaci\u00f3n, y el di\u00e9sel, que se emplea para la producci\u00f3n y el transporte de los productos de primera necesidad. El Ministro de Econom\u00eda, el representante de las c\u00e1maras empresariales Richard Mart\u00ednez, mentalizador del acuerdo con el FMI, inform\u00f3 que la liberalizaci\u00f3n del precio de los combustibles implica tambi\u00e9n que el Estado dejar\u00e1 de ser el encargado de la importaci\u00f3n y comercializaci\u00f3n de los mismos, que pasar\u00e1n a empresas privadas.<\/p>\n<p><img loading=\"lazy\" decoding=\"async\" class=\"aligncenter size-full wp-image-943298\" src=\"https:\/\/www.pressenza.com\/wp-content\/uploads\/2019\/10\/quito2.png\" alt=\"\" width=\"418\" height=\"235\" srcset=\"https:\/\/www.pressenza.com\/wp-content\/uploads\/2019\/10\/quito2.png 418w, https:\/\/www.pressenza.com\/wp-content\/uploads\/2019\/10\/quito2-300x169.png 300w\" sizes=\"auto, (max-width: 418px) 100vw, 418px\" \/><\/p>\n<p>En respuesta a la contundente movilizaci\u00f3n popular, el presidente Moreno decret\u00f3 este 12 de octubre, a las 14h20, el toque de queda y la militarizaci\u00f3n del Distrito Metropolitano de Quito y los valles aleda\u00f1os, con vigencia a partir de las 15h00, lo que implica que nadie puede movilizarse en las calles, y los militares pueden arrestar a los manifestantes que incumplan esta disposici\u00f3n. Sin embargo, los ind\u00edgenas y los pobladores continuaban tomados algunas calles de Quito, desafiando el toque de queda. Ante el toque de queda, los quite\u00f1os y quite\u00f1as, en horas de la noche, se auto-convocaron a un cacerolazo que reson\u00f3 con fuerza por toda la ciudad.<\/p>\n<p><img loading=\"lazy\" decoding=\"async\" class=\"aligncenter size-full wp-image-943307\" src=\"https:\/\/www.pressenza.com\/wp-content\/uploads\/2019\/10\/quito3.png\" alt=\"\" width=\"410\" height=\"246\" srcset=\"https:\/\/www.pressenza.com\/wp-content\/uploads\/2019\/10\/quito3.png 410w, https:\/\/www.pressenza.com\/wp-content\/uploads\/2019\/10\/quito3-300x180.png 300w\" sizes=\"auto, (max-width: 410px) 100vw, 410px\" \/><\/p>\n<p>El toque de queda fue adoptado despu\u00e9s que se produjera un ataque e incendio en el edificio de la Contralor\u00eda General del Estado, ubicado frente a la Asamblea Nacional y a 500 metros de la Casa de la Cultura ecuatoriana, donde se encuentran reunidos los ind\u00edgenas.\u00a0 Se desconoce la autor\u00eda de quienes cometieron este atentado, mientras la Confederaci\u00f3n de Nacionalidades Ind\u00edgenas de Ecuador, CONAIE, deslind\u00f3 responsabilidad de este hecho. Tambi\u00e9n fueron atacados las instalaciones de la estaci\u00f3n de televisi\u00f3n Teleamazonas y del diario El Comercio en Quito.<\/p>\n<p>En este contexto, la CONAIE anunci\u00f3 que se reunir\u00e1 con el mandatario ecuatoriano para establecer un di\u00e1logo de manera directa para la derogatoria o revisi\u00f3n del Decreto 883.\u00a0 Hasta el momento Len\u00edn Moreno ha manifestado que no derogar\u00e1 dicho decreto, insistiendo en focalizar recursos estatales hacia los sectores m\u00e1s empobrecidos.\u00a0 Desde hace 10 d\u00edas, el Ecuador est\u00e1 semi-paralizado, las clases en los establecimientos educativos est\u00e1n suspendidas, escasean alimentos y productos de primera necesidad en los centros de expendio, no hay transporte urbano ni interprovincial, hay una gran especulaci\u00f3n y subida de precios.\u00a0 Igualmente, la exportaci\u00f3n petrolera ha sido afectada, por la toma de algunos pozos petroleros que han suspendido sus operaciones.<\/p>\n<p>Pr\u00e1cticamente hay un vac\u00edo de poder en Quito, ante la ausencia del presidente de la Rep\u00fablica en el Palacio de Gobierno, quien ha traslado la sede de gobierno a Guayaquil.\u00a0 A su vez, la Asamblea Nacional no ha sesionado m\u00e1s de 11 d\u00edas que dura el paro, sin jugar ning\u00fan rol para resolver la grave crisis pol\u00edtica que se vive.\u00a0 Adem\u00e1s, en varias ciudades capitales, como Ambato, Riobamba, Guaranda, Latacunga y Azogues, los ind\u00edgenas han tomado las gobernaciones.<\/p>\n<p>Con el anuncio del estado de excepci\u00f3n y el toque de queda, pr\u00e1cticamente el poder est\u00e1 en manos de las Fuerzas Armadas, que imponen las medidas y acciones para \u201crestablecer el orden p\u00fablico.\u201d<\/p>\n<p><strong>Otra vez despierta el buey manso<\/strong><\/p>\n<p>El actual levantamiento ind\u00edgena es quiz\u00e1s m\u00e1s potente que los que ha protagonizado a lo largo de las \u00faltimas dos d\u00e9cadas. Las causas de este levantamiento hay que buscarlas en el crecimiento de la pobreza y extrema pobreza que se ha profundizado con la llegada de este gobierno, la cr\u00edtica situaci\u00f3n de la peque\u00f1a agricultura, la incursi\u00f3n en sus territorios de las transnacionales mineras y petroleras, el recorte del presupuesto estatal para atender la salud y educaci\u00f3n y, sobre todo, el incumplimiento de los acuerdos alcanzados hace m\u00e1s de dos a\u00f1os con el gobierno de Len\u00edn Moreno, en el contexto de di\u00e1logos que no han arrojado resultados concretos.<\/p>\n<p>Otra vez, el movimiento ind\u00edgena demuestra que es el mejor organizado y con gran capacidad de movilizaci\u00f3n.\u00a0 Sus luchas no se dirigen a defender intereses particulares, sino los intereses generales de la poblaci\u00f3n, como en este caso rechazar el Decreto 883 que afecta a toda la poblaci\u00f3n, especialmente a los pobres.\u00a0 En el movimiento ind\u00edgena hay una renovaci\u00f3n de liderazgo, que ha sido asumido por j\u00f3venes mujeres y hombres, con nuevas visiones, discursos y capacidades.<\/p>\n<p>Adem\u00e1s de tomarse las gobernaciones mencionadas, las acciones del movimiento ind\u00edgena han estado dirigidas a interpelar al poder nacional.\u00a0 Por eso se han dirigido a Quito, donde se han concentrado, y han intentado en dos ocasiones tomarse la Asamblea Nacional, para instalar all\u00ed una Asamblea del Pueblo.<\/p>\n<p>Tras la irrupci\u00f3n del movimiento ind\u00edgena en el escenario nacional, las \u00e9lites que se consideran blancas, junto a algunos medios de comunicaci\u00f3n corporativos, han venido imponiendo el relato que esta es una lucha entre civilizaci\u00f3n y barbarie.\u00a0 Se\u00f1alan que los indios son v\u00e1ndalos y violentos, y que est\u00e1n en contra del trabajo y la paz.\u00a0 Insistentemente han hecho llamados a las Fuerzas Armadas y a la Polic\u00eda a no ser blandos, y a reprimir con todo la protesta ind\u00edgena y popular. En este discurso se han alineado las c\u00e1maras empresariales y pol\u00edticos de derecha como el social-cristiano Jaime Nebot, exalcalde de Guayaquil, y el banquero Guillermo Lasso, ex candidato presidencial.\u00a0 La recientemente formada Junta C\u00edvica de Quito, tambi\u00e9n declar\u00f3 su apoyo y respaldo a la acci\u00f3n de las Fuerzas Armadas y la Polic\u00eda Nacional.<\/p>\n<p>En contraste, los ind\u00edgenas han recibido una amplia solidaridad en Quito y otras ciudades, que se expresa en entrega de alimentos, insumos m\u00e9dicos, ropa y cobijas para su estad\u00eda.\u00a0 Cuatro universidades de la ciudad han instalado zonas de paz y acogida humanitaria, para alojar y asistir a las familias ind\u00edgenas.\u00a0 Es particularmente destacable la colaboraci\u00f3n de j\u00f3venes mujeres y hombres, que se han ofrecido como voluntarios, participando codo a codo en esta lucha que ya lleva varios d\u00edas.<\/p>\n<p><img loading=\"lazy\" decoding=\"async\" class=\"aligncenter size-full wp-image-943316\" src=\"https:\/\/www.pressenza.com\/wp-content\/uploads\/2019\/10\/quito4.png\" alt=\"\" width=\"397\" height=\"298\" srcset=\"https:\/\/www.pressenza.com\/wp-content\/uploads\/2019\/10\/quito4.png 397w, https:\/\/www.pressenza.com\/wp-content\/uploads\/2019\/10\/quito4-300x225.png 300w\" sizes=\"auto, (max-width: 397px) 100vw, 397px\" \/><\/p>\n<p><strong>Represi\u00f3n y censura<\/strong><\/p>\n<p>Al mismo tiempo que el gobierno ha llamado al di\u00e1logo, ha lanzado una dura represi\u00f3n, incluso en los centros de acogida, sin importar que en ellos est\u00e1n alojados ni\u00f1os, mujeres y adultos mayores.\u00a0 Particularmente la tarde y noche del viernes 11 de octubre, esta fue dirigida contra las mujeres que se encontraban en las inmediaciones de la Asamblea Nacional, a las cuales les invitaron a pasar al recinto legislativo, para luego atacarlas despiadadamente con bombas lacrim\u00f3genas.\u00a0 La represi\u00f3n se ha profundizado con la ejecuci\u00f3n del toque de queda el s\u00e1bado 12, dejando en la indefensi\u00f3n a ind\u00edgenas y pobladores de Quito. Incluso se lleg\u00f3 a cortar el agua y la internet en los centros de acogida, lo que se complementa con la infiltraci\u00f3n de agentes provocadores para generar actos de violencia y deslegitimar la lucha popular.<\/p>\n<p>D\u00edas antes, el ministro de Defensa, Oswaldo Jarr\u00edn, hab\u00eda manifestado que las Fuerzas Armadas \u201char\u00e1n uso radical de la fuerza, no con armas no letales.\u00a0 Cuando vayan a atacar instalaciones estrat\u00e9gicas, se utilizar\u00e1n todas las fuerzas, con la fuerza en sus reales t\u00e9rminos\u2026las Fuerzas Armadas orgullosamente tienen experiencia de guerra\u201d.<\/p>\n<p>Los medios corporativos tienen una gran responsabilidad en la actual situaci\u00f3n de crisis pol\u00edtica y de estado de emergencia que vive el Ecuador.\u00a0 En estos d\u00edas han difundido una visi\u00f3n sesgada sobre el paro ind\u00edgena y popular, insistiendo que sus protagonistas son v\u00e1ndalos, ocultando la verdadera dimensi\u00f3n de la movilizaci\u00f3n y las razones de la protesta.\u00a0 Los manifestantes han reclamado por esta pol\u00edtica editorial, que invisibiliza o tergiversa sus demandas y acciones.<\/p>\n<p>Pese a su discurso de respeto a la libertad de expresi\u00f3n, en los \u00faltimos d\u00edas, el gobierno suprimi\u00f3 la se\u00f1al de la radio Pichincha Universal y de medios digitales que transmit\u00edan en vivo las manifestaciones, as\u00ed como la represi\u00f3n.\u00a0 As\u00ed mismo, tras la expedici\u00f3n del toque de queda, las empresas de televisi\u00f3n por cable, sacaron del aire al canal Telesur.<\/p>\n<p>La Comisi\u00f3n Interamericana de Derechos Humanos, CIDH, y su relator especial para la libertad de expresi\u00f3n, Edison Lanza, manifestaron su preocupaci\u00f3n por el allanamiento a la Radio Pichincha Universal ocurrido el martes 8 de octubre, as\u00ed como por las agresiones a m\u00e1s de 30 periodistas y reporteros gr\u00e1ficos.<\/p>\n<p>Len\u00edn Moreno, sin aportar pruebas, ha culpado al ex presidente de Ecuador, Rafael Correa, al presidente venezolano Nicol\u00e1s Maduro, de intentar desestabilizar su gobierno y promover un golpe de estado, e incluso de estar detr\u00e1s de acciones vand\u00e1licas contra las instalaciones de la Contralor\u00eda.\u00a0 En esta misma l\u00ednea, ha acusado al ex canciller Ricardo Pati\u00f1o, a la prefecta de Pichincha Paola Pab\u00f3n y al dirigente de la revoluci\u00f3n ciudadana, Virgilio Hern\u00e1ndez. Este s\u00e1bado 12 de octubre, el gobierno de M\u00e9xico otorg\u00f3 protecci\u00f3n y resguardo a la asamble\u00edsta de Revoluci\u00f3n Ciudadana, Gabriela Rivadeneira, en su embajada en Quito.<\/p>\n<p>Pretendiendo ignorar que las protestas se deben al enorme descontento popular hacia su gesti\u00f3n presidencial, el gobierno crea cortinas de humo para culpabilizar al gobierno de Venezuela, como el caso de la detenci\u00f3n de 17 venezolanos, 2 cubanos y un ecuatoriano en el aeropuerto de Quito, que fueron liberados al no encontrar culpabilidad. Con esto incentiva la xenofobia contra ciudadanos venezolanos.<\/p>\n<p>Seg\u00fan la encuestadora CEDATOS, un 76% de la poblaci\u00f3n considera que se debe encontrar una urgente soluci\u00f3n a la crisis que vive Ecuador, mediante la suspensi\u00f3n de la vigencia del Decreto 883, en un di\u00e1logo con los dirigentes ind\u00edgenas. Pese a esta mayoritaria opini\u00f3n ciudadana, el gobierno de Moreno responde con el estado de excepci\u00f3n, el toque de queda y la represi\u00f3n, lo que nos recuerda las dictaduras que asolaron a la regi\u00f3n en las d\u00e9cadas de los 60 y 70.<\/p>\n<p><img loading=\"lazy\" decoding=\"async\" class=\"aligncenter size-full wp-image-943325\" src=\"https:\/\/www.pressenza.com\/wp-content\/uploads\/2019\/10\/quito5.png\" alt=\"\" width=\"375\" height=\"352\" srcset=\"https:\/\/www.pressenza.com\/wp-content\/uploads\/2019\/10\/quito5.png 375w, https:\/\/www.pressenza.com\/wp-content\/uploads\/2019\/10\/quito5-300x282.png 300w\" sizes=\"auto, (max-width: 375px) 100vw, 375px\" \/><\/p>\n","protected":false},"excerpt":{"rendered":"<p>por\u00a0Eduardo Tamayo G., Helga Serrano Narv\u00e1ez En el d\u00e9cimo d\u00eda de Paro Nacional en Ecuador, las movilizaciones en el pa\u00eds y sobre todo en Quito se intensificaron en contra del alza de los combustibles y la represi\u00f3n desatada por la&hellip;<\/p>\n","protected":false},"author":1318,"featured_media":943336,"comment_status":"closed","ping_status":"closed","sticky":false,"template":"","format":"standard","meta":{"footnotes":""},"categories":[79,1242,161,74,67],"tags":[54872,65030,1306,702],"class_list":["post-943288","post","type-post","status-publish","format-standard","has-post-thumbnail","hentry","category-derechos-humanos","category-noviolencia-tema","category-opiniones","category-politica-es","category-sudamerica","tag-gobierno-lenin-moreno","tag-movimiento-indigena-ecuador","tag-movimiento-social","tag-represion"],"yoast_head":"<!-- This site is optimized with the Yoast SEO plugin v27.1.1 - https:\/\/yoast.com\/product\/yoast-seo-wordpress\/ -->\n<title>Ecuador: Toque de queda y la gente resiste<\/title>\n<meta name=\"description\" content=\"por\u00a0Eduardo Tamayo G., Helga Serrano Narv\u00e1ez En el d\u00e9cimo d\u00eda de Paro Nacional en Ecuador, las movilizaciones en el pa\u00eds y sobre todo en Quito se\" \/>\n<meta name=\"robots\" content=\"index, follow, max-snippet:-1, max-image-preview:large, max-video-preview:-1\" \/>\n<link rel=\"canonical\" href=\"https:\/\/www.pressenza.com\/es\/2019\/10\/ecuador-toque-de-queda-y-la-gente-resiste\/\" \/>\n<meta property=\"og:locale\" content=\"es_ES\" \/>\n<meta property=\"og:type\" content=\"article\" \/>\n<meta property=\"og:title\" content=\"Ecuador: Toque de queda y la gente resiste\" \/>\n<meta property=\"og:description\" content=\"por\u00a0Eduardo Tamayo G., Helga Serrano Narv\u00e1ez En el d\u00e9cimo d\u00eda de Paro Nacional en Ecuador, las movilizaciones en el pa\u00eds y sobre todo en Quito se\" \/>\n<meta property=\"og:url\" content=\"https:\/\/www.pressenza.com\/es\/2019\/10\/ecuador-toque-de-queda-y-la-gente-resiste\/\" \/>\n<meta property=\"og:site_name\" content=\"Pressenza\" \/>\n<meta property=\"article:publisher\" content=\"https:\/\/www.facebook.com\/PressenzaItalia\" \/>\n<meta property=\"article:author\" content=\"https:\/\/www.facebook.com\/America.Latina.en.Movimiento\/\" \/>\n<meta property=\"article:published_time\" content=\"2019-10-13T12:38:38+00:00\" \/>\n<meta property=\"og:image\" content=\"https:\/\/www.pressenza.com\/wp-content\/uploads\/2019\/10\/ecuador_fmi_muertes_injustificadas.jpg\" \/>\n\t<meta property=\"og:image:width\" content=\"500\" \/>\n\t<meta property=\"og:image:height\" content=\"375\" \/>\n\t<meta property=\"og:image:type\" content=\"image\/jpeg\" \/>\n<meta name=\"author\" content=\"ALAI\" \/>\n<meta name=\"twitter:card\" content=\"summary_large_image\" \/>\n<meta name=\"twitter:creator\" content=\"@ALAIinfo\" \/>\n<meta name=\"twitter:site\" content=\"@PressenzaIPA\" \/>\n<meta name=\"twitter:label1\" content=\"Escrito por\" \/>\n\t<meta name=\"twitter:data1\" content=\"ALAI\" \/>\n\t<meta name=\"twitter:label2\" content=\"Tiempo de lectura\" \/>\n\t<meta name=\"twitter:data2\" content=\"10 minutos\" \/>\n<script type=\"application\/ld+json\" class=\"yoast-schema-graph\">{\"@context\":\"https:\/\/schema.org\",\"@graph\":[{\"@type\":\"Article\",\"@id\":\"https:\/\/www.pressenza.com\/es\/2019\/10\/ecuador-toque-de-queda-y-la-gente-resiste\/#article\",\"isPartOf\":{\"@id\":\"https:\/\/www.pressenza.com\/es\/2019\/10\/ecuador-toque-de-queda-y-la-gente-resiste\/\"},\"author\":{\"name\":\"ALAI\",\"@id\":\"https:\/\/www.pressenza.com\/es\/#\/schema\/person\/a1395dba0b1a6de6c1b7fa778b3ca4af\"},\"headline\":\"Ecuador: Toque de queda y la gente resiste\",\"datePublished\":\"2019-10-13T12:38:38+00:00\",\"mainEntityOfPage\":{\"@id\":\"https:\/\/www.pressenza.com\/es\/2019\/10\/ecuador-toque-de-queda-y-la-gente-resiste\/\"},\"wordCount\":1961,\"publisher\":{\"@id\":\"https:\/\/www.pressenza.com\/es\/#organization\"},\"image\":{\"@id\":\"https:\/\/www.pressenza.com\/es\/2019\/10\/ecuador-toque-de-queda-y-la-gente-resiste\/#primaryimage\"},\"thumbnailUrl\":\"https:\/\/www.pressenza.com\/wp-content\/uploads\/2019\/10\/ecuador_fmi_muertes_injustificadas.jpg\",\"keywords\":[\"gobierno Lenin Moreno\",\"Movimiento Ind\u00edgena Ecuador\",\"Movimiento social\",\"represi\u00f3n\"],\"articleSection\":[\"Derechos Humanos\",\"Noviolencia\",\"Opiniones\",\"Pol\u00edtica\",\"Sudam\u00e9rica\"],\"inLanguage\":\"es\"},{\"@type\":\"WebPage\",\"@id\":\"https:\/\/www.pressenza.com\/es\/2019\/10\/ecuador-toque-de-queda-y-la-gente-resiste\/\",\"url\":\"https:\/\/www.pressenza.com\/es\/2019\/10\/ecuador-toque-de-queda-y-la-gente-resiste\/\",\"name\":\"Ecuador: Toque de queda y la gente resiste\",\"isPartOf\":{\"@id\":\"https:\/\/www.pressenza.com\/es\/#website\"},\"primaryImageOfPage\":{\"@id\":\"https:\/\/www.pressenza.com\/es\/2019\/10\/ecuador-toque-de-queda-y-la-gente-resiste\/#primaryimage\"},\"image\":{\"@id\":\"https:\/\/www.pressenza.com\/es\/2019\/10\/ecuador-toque-de-queda-y-la-gente-resiste\/#primaryimage\"},\"thumbnailUrl\":\"https:\/\/www.pressenza.com\/wp-content\/uploads\/2019\/10\/ecuador_fmi_muertes_injustificadas.jpg\",\"datePublished\":\"2019-10-13T12:38:38+00:00\",\"description\":\"por\u00a0Eduardo Tamayo G., Helga Serrano Narv\u00e1ez En el d\u00e9cimo d\u00eda de Paro Nacional en Ecuador, las movilizaciones en el pa\u00eds y sobre todo en Quito se\",\"breadcrumb\":{\"@id\":\"https:\/\/www.pressenza.com\/es\/2019\/10\/ecuador-toque-de-queda-y-la-gente-resiste\/#breadcrumb\"},\"inLanguage\":\"es\",\"potentialAction\":[{\"@type\":\"ReadAction\",\"target\":[\"https:\/\/www.pressenza.com\/es\/2019\/10\/ecuador-toque-de-queda-y-la-gente-resiste\/\"]}]},{\"@type\":\"ImageObject\",\"inLanguage\":\"es\",\"@id\":\"https:\/\/www.pressenza.com\/es\/2019\/10\/ecuador-toque-de-queda-y-la-gente-resiste\/#primaryimage\",\"url\":\"https:\/\/www.pressenza.com\/wp-content\/uploads\/2019\/10\/ecuador_fmi_muertes_injustificadas.jpg\",\"contentUrl\":\"https:\/\/www.pressenza.com\/wp-content\/uploads\/2019\/10\/ecuador_fmi_muertes_injustificadas.jpg\",\"width\":500,\"height\":375},{\"@type\":\"BreadcrumbList\",\"@id\":\"https:\/\/www.pressenza.com\/es\/2019\/10\/ecuador-toque-de-queda-y-la-gente-resiste\/#breadcrumb\",\"itemListElement\":[{\"@type\":\"ListItem\",\"position\":1,\"name\":\"Accueil\",\"item\":\"https:\/\/www.pressenza.com\/es\/\"},{\"@type\":\"ListItem\",\"position\":2,\"name\":\"Ecuador: Toque de queda y la gente resiste\"}]},{\"@type\":\"WebSite\",\"@id\":\"https:\/\/www.pressenza.com\/es\/#website\",\"url\":\"https:\/\/www.pressenza.com\/es\/\",\"name\":\"Pressenza\",\"description\":\"International Press Agency\",\"publisher\":{\"@id\":\"https:\/\/www.pressenza.com\/es\/#organization\"},\"potentialAction\":[{\"@type\":\"SearchAction\",\"target\":{\"@type\":\"EntryPoint\",\"urlTemplate\":\"https:\/\/www.pressenza.com\/es\/?s={search_term_string}\"},\"query-input\":{\"@type\":\"PropertyValueSpecification\",\"valueRequired\":true,\"valueName\":\"search_term_string\"}}],\"inLanguage\":\"es\"},{\"@type\":\"Organization\",\"@id\":\"https:\/\/www.pressenza.com\/es\/#organization\",\"name\":\"Pressenza\",\"url\":\"https:\/\/www.pressenza.com\/es\/\",\"logo\":{\"@type\":\"ImageObject\",\"inLanguage\":\"es\",\"@id\":\"https:\/\/www.pressenza.com\/es\/#\/schema\/logo\/image\/\",\"url\":\"https:\/\/www.pressenza.com\/wp-content\/uploads\/2022\/10\/pressenza_logo_200x200.jpg\",\"contentUrl\":\"https:\/\/www.pressenza.com\/wp-content\/uploads\/2022\/10\/pressenza_logo_200x200.jpg\",\"width\":200,\"height\":200,\"caption\":\"Pressenza\"},\"image\":{\"@id\":\"https:\/\/www.pressenza.com\/es\/#\/schema\/logo\/image\/\"},\"sameAs\":[\"https:\/\/www.facebook.com\/PressenzaItalia\",\"https:\/\/x.com\/PressenzaIPA\"]},{\"@type\":\"Person\",\"@id\":\"https:\/\/www.pressenza.com\/es\/#\/schema\/person\/a1395dba0b1a6de6c1b7fa778b3ca4af\",\"name\":\"ALAI\",\"description\":\"The Latin-American Information Agency (ALAI in it's Spanish initials) is an international communication organ committed to the full achievement of human rights, gender equality and citizen participation in the development of Latin-America. www.alainet.org\",\"sameAs\":[\"http:\/\/www.alainet.org\",\"https:\/\/www.facebook.com\/America.Latina.en.Movimiento\/\",\"https:\/\/x.com\/ALAIinfo\"],\"url\":\"https:\/\/www.pressenza.com\/es\/author\/alai\/\"}]}<\/script>\n<!-- \/ Yoast SEO plugin. -->","yoast_head_json":{"title":"Ecuador: Toque de queda y la gente resiste","description":"por\u00a0Eduardo Tamayo G., Helga Serrano Narv\u00e1ez En el d\u00e9cimo d\u00eda de Paro Nacional en Ecuador, las movilizaciones en el pa\u00eds y sobre todo en Quito se","robots":{"index":"index","follow":"follow","max-snippet":"max-snippet:-1","max-image-preview":"max-image-preview:large","max-video-preview":"max-video-preview:-1"},"canonical":"https:\/\/www.pressenza.com\/es\/2019\/10\/ecuador-toque-de-queda-y-la-gente-resiste\/","og_locale":"es_ES","og_type":"article","og_title":"Ecuador: Toque de queda y la gente resiste","og_description":"por\u00a0Eduardo Tamayo G., Helga Serrano Narv\u00e1ez En el d\u00e9cimo d\u00eda de Paro Nacional en Ecuador, las movilizaciones en el pa\u00eds y sobre todo en Quito se","og_url":"https:\/\/www.pressenza.com\/es\/2019\/10\/ecuador-toque-de-queda-y-la-gente-resiste\/","og_site_name":"Pressenza","article_publisher":"https:\/\/www.facebook.com\/PressenzaItalia","article_author":"https:\/\/www.facebook.com\/America.Latina.en.Movimiento\/","article_published_time":"2019-10-13T12:38:38+00:00","og_image":[{"width":500,"height":375,"url":"https:\/\/www.pressenza.com\/wp-content\/uploads\/2019\/10\/ecuador_fmi_muertes_injustificadas.jpg","type":"image\/jpeg"}],"author":"ALAI","twitter_card":"summary_large_image","twitter_creator":"@ALAIinfo","twitter_site":"@PressenzaIPA","twitter_misc":{"Escrito por":"ALAI","Tiempo de lectura":"10 minutos"},"schema":{"@context":"https:\/\/schema.org","@graph":[{"@type":"Article","@id":"https:\/\/www.pressenza.com\/es\/2019\/10\/ecuador-toque-de-queda-y-la-gente-resiste\/#article","isPartOf":{"@id":"https:\/\/www.pressenza.com\/es\/2019\/10\/ecuador-toque-de-queda-y-la-gente-resiste\/"},"author":{"name":"ALAI","@id":"https:\/\/www.pressenza.com\/es\/#\/schema\/person\/a1395dba0b1a6de6c1b7fa778b3ca4af"},"headline":"Ecuador: Toque de queda y la gente resiste","datePublished":"2019-10-13T12:38:38+00:00","mainEntityOfPage":{"@id":"https:\/\/www.pressenza.com\/es\/2019\/10\/ecuador-toque-de-queda-y-la-gente-resiste\/"},"wordCount":1961,"publisher":{"@id":"https:\/\/www.pressenza.com\/es\/#organization"},"image":{"@id":"https:\/\/www.pressenza.com\/es\/2019\/10\/ecuador-toque-de-queda-y-la-gente-resiste\/#primaryimage"},"thumbnailUrl":"https:\/\/www.pressenza.com\/wp-content\/uploads\/2019\/10\/ecuador_fmi_muertes_injustificadas.jpg","keywords":["gobierno Lenin Moreno","Movimiento Ind\u00edgena Ecuador","Movimiento social","represi\u00f3n"],"articleSection":["Derechos Humanos","Noviolencia","Opiniones","Pol\u00edtica","Sudam\u00e9rica"],"inLanguage":"es"},{"@type":"WebPage","@id":"https:\/\/www.pressenza.com\/es\/2019\/10\/ecuador-toque-de-queda-y-la-gente-resiste\/","url":"https:\/\/www.pressenza.com\/es\/2019\/10\/ecuador-toque-de-queda-y-la-gente-resiste\/","name":"Ecuador: Toque de queda y la gente resiste","isPartOf":{"@id":"https:\/\/www.pressenza.com\/es\/#website"},"primaryImageOfPage":{"@id":"https:\/\/www.pressenza.com\/es\/2019\/10\/ecuador-toque-de-queda-y-la-gente-resiste\/#primaryimage"},"image":{"@id":"https:\/\/www.pressenza.com\/es\/2019\/10\/ecuador-toque-de-queda-y-la-gente-resiste\/#primaryimage"},"thumbnailUrl":"https:\/\/www.pressenza.com\/wp-content\/uploads\/2019\/10\/ecuador_fmi_muertes_injustificadas.jpg","datePublished":"2019-10-13T12:38:38+00:00","description":"por\u00a0Eduardo Tamayo G., Helga Serrano Narv\u00e1ez En el d\u00e9cimo d\u00eda de Paro Nacional en Ecuador, las movilizaciones en el pa\u00eds y sobre todo en Quito se","breadcrumb":{"@id":"https:\/\/www.pressenza.com\/es\/2019\/10\/ecuador-toque-de-queda-y-la-gente-resiste\/#breadcrumb"},"inLanguage":"es","potentialAction":[{"@type":"ReadAction","target":["https:\/\/www.pressenza.com\/es\/2019\/10\/ecuador-toque-de-queda-y-la-gente-resiste\/"]}]},{"@type":"ImageObject","inLanguage":"es","@id":"https:\/\/www.pressenza.com\/es\/2019\/10\/ecuador-toque-de-queda-y-la-gente-resiste\/#primaryimage","url":"https:\/\/www.pressenza.com\/wp-content\/uploads\/2019\/10\/ecuador_fmi_muertes_injustificadas.jpg","contentUrl":"https:\/\/www.pressenza.com\/wp-content\/uploads\/2019\/10\/ecuador_fmi_muertes_injustificadas.jpg","width":500,"height":375},{"@type":"BreadcrumbList","@id":"https:\/\/www.pressenza.com\/es\/2019\/10\/ecuador-toque-de-queda-y-la-gente-resiste\/#breadcrumb","itemListElement":[{"@type":"ListItem","position":1,"name":"Accueil","item":"https:\/\/www.pressenza.com\/es\/"},{"@type":"ListItem","position":2,"name":"Ecuador: Toque de queda y la gente resiste"}]},{"@type":"WebSite","@id":"https:\/\/www.pressenza.com\/es\/#website","url":"https:\/\/www.pressenza.com\/es\/","name":"Pressenza","description":"International Press Agency","publisher":{"@id":"https:\/\/www.pressenza.com\/es\/#organization"},"potentialAction":[{"@type":"SearchAction","target":{"@type":"EntryPoint","urlTemplate":"https:\/\/www.pressenza.com\/es\/?s={search_term_string}"},"query-input":{"@type":"PropertyValueSpecification","valueRequired":true,"valueName":"search_term_string"}}],"inLanguage":"es"},{"@type":"Organization","@id":"https:\/\/www.pressenza.com\/es\/#organization","name":"Pressenza","url":"https:\/\/www.pressenza.com\/es\/","logo":{"@type":"ImageObject","inLanguage":"es","@id":"https:\/\/www.pressenza.com\/es\/#\/schema\/logo\/image\/","url":"https:\/\/www.pressenza.com\/wp-content\/uploads\/2022\/10\/pressenza_logo_200x200.jpg","contentUrl":"https:\/\/www.pressenza.com\/wp-content\/uploads\/2022\/10\/pressenza_logo_200x200.jpg","width":200,"height":200,"caption":"Pressenza"},"image":{"@id":"https:\/\/www.pressenza.com\/es\/#\/schema\/logo\/image\/"},"sameAs":["https:\/\/www.facebook.com\/PressenzaItalia","https:\/\/x.com\/PressenzaIPA"]},{"@type":"Person","@id":"https:\/\/www.pressenza.com\/es\/#\/schema\/person\/a1395dba0b1a6de6c1b7fa778b3ca4af","name":"ALAI","description":"The Latin-American Information Agency (ALAI in it's Spanish initials) is an international communication organ committed to the full achievement of human rights, gender equality and citizen participation in the development of Latin-America. www.alainet.org","sameAs":["http:\/\/www.alainet.org","https:\/\/www.facebook.com\/America.Latina.en.Movimiento\/","https:\/\/x.com\/ALAIinfo"],"url":"https:\/\/www.pressenza.com\/es\/author\/alai\/"}]}},"place":"Quito, Ecuador","original_article_url":"https:\/\/www.alainet.org\/es\/articulo\/202627","_links":{"self":[{"href":"https:\/\/www.pressenza.com\/es\/wp-json\/wp\/v2\/posts\/943288","targetHints":{"allow":["GET"]}}],"collection":[{"href":"https:\/\/www.pressenza.com\/es\/wp-json\/wp\/v2\/posts"}],"about":[{"href":"https:\/\/www.pressenza.com\/es\/wp-json\/wp\/v2\/types\/post"}],"author":[{"embeddable":true,"href":"https:\/\/www.pressenza.com\/es\/wp-json\/wp\/v2\/users\/1318"}],"replies":[{"embeddable":true,"href":"https:\/\/www.pressenza.com\/es\/wp-json\/wp\/v2\/comments?post=943288"}],"version-history":[{"count":0,"href":"https:\/\/www.pressenza.com\/es\/wp-json\/wp\/v2\/posts\/943288\/revisions"}],"wp:featuredmedia":[{"embeddable":true,"href":"https:\/\/www.pressenza.com\/es\/wp-json\/wp\/v2\/media\/943336"}],"wp:attachment":[{"href":"https:\/\/www.pressenza.com\/es\/wp-json\/wp\/v2\/media?parent=943288"}],"wp:term":[{"taxonomy":"category","embeddable":true,"href":"https:\/\/www.pressenza.com\/es\/wp-json\/wp\/v2\/categories?post=943288"},{"taxonomy":"post_tag","embeddable":true,"href":"https:\/\/www.pressenza.com\/es\/wp-json\/wp\/v2\/tags?post=943288"}],"curies":[{"name":"wp","href":"https:\/\/api.w.org\/{rel}","templated":true}]}}