{"id":942947,"date":"2019-10-13T07:15:42","date_gmt":"2019-10-13T06:15:42","guid":{"rendered":"https:\/\/www.pressenza.com\/?p=942947"},"modified":"2019-10-13T07:15:42","modified_gmt":"2019-10-13T06:15:42","slug":"ecuador-sonidos-y-gestos-noviolentos-cierran-el-decimo-dia-de-protestas","status":"publish","type":"post","link":"https:\/\/www.pressenza.com\/es\/2019\/10\/ecuador-sonidos-y-gestos-noviolentos-cierran-el-decimo-dia-de-protestas\/","title":{"rendered":"Ecuador: sonidos y gestos noviolentos, cierran el d\u00e9cimo d\u00eda de protestas"},"content":{"rendered":"<p>Una vez declarado el toque de queda desde las 15 horas en Quito, capital del Ecuador, la acci\u00f3n de la fuerza p\u00fablica se mantuvo con fuerza hasta el final de la tarde, especialmente en las inmediaciones de la Casa de la Cultura Ecuatoriana. Carros militares y fuerza policial se desplegaron por toda la ciudad. Se temi\u00f3 en alg\u00fan momento que entraran al Agora de la Casa de la Cultura Ecuatoriana y expulsaran con violencia a los ind\u00edgenas que decidieron quedarse all\u00ed y no moverse hacia las tres zonas de paz que est\u00e1n funcionando desde el inicio de la situaci\u00f3n en universidades aleda\u00f1as. Felizmente, no sucedi\u00f3 y a las 21:59 pm, aunque fuera del \u00e1gora hab\u00eda fuerza p\u00fablica, la situaci\u00f3n estuvo en calma.<\/p>\n<p>Motocicletas policiales y grupos de polic\u00edas circularon alrededor de las universidades y corri\u00f3 el rumor de que entrar\u00edan a la Universidad Cat\u00f3lica y la desalojar\u00edan. Se encontraron con los estudiantes de medicina, que han trabajado d\u00eda a d\u00eda respondiendo a esta situaci\u00f3n: rodearon su universidad y al grito de \u00abzona de paz\u00bb, lograron que la fuerza p\u00fablica se retirara.<\/p>\n<blockquote class=\"twitter-tweet\" data-width=\"500\" data-dnt=\"true\">\n<p lang=\"es\" dir=\"ltr\">\u00a1Exigimos que se respeten las zonas de paz y denunciamos la represi\u00f3n estatal sin medida que violenta los derechos humanos! <a href=\"https:\/\/twitter.com\/hashtag\/SOSEcuador?src=hash&amp;ref_src=twsrc%5Etfw\">#SOSEcuador<\/a> <a href=\"https:\/\/twitter.com\/hashtag\/NoMATENaNuestrosHermanos?src=hash&amp;ref_src=twsrc%5Etfw\">#NoMATENaNuestrosHermanos<\/a> <a href=\"https:\/\/twitter.com\/hashtag\/ParoNacionaleEC?src=hash&amp;ref_src=twsrc%5Etfw\">#ParoNacionaleEC<\/a> <a href=\"https:\/\/twitter.com\/hashtag\/MasacreEnQuito?src=hash&amp;ref_src=twsrc%5Etfw\">#MasacreEnQuito<\/a> <a href=\"https:\/\/twitter.com\/PoliciaEcuador?ref_src=twsrc%5Etfw\">@PoliciaEcuador<\/a>  <a href=\"https:\/\/twitter.com\/Lenin?ref_src=twsrc%5Etfw\">@Lenin<\/a> <a href=\"https:\/\/twitter.com\/mariapaularomo?ref_src=twsrc%5Etfw\">@mariapaularomo<\/a> <a href=\"https:\/\/twitter.com\/inredh1?ref_src=twsrc%5Etfw\">@inredh1<\/a> <a href=\"https:\/\/twitter.com\/CIDH?ref_src=twsrc%5Etfw\">@CIDH<\/a> <a href=\"https:\/\/twitter.com\/ONU_derechos?ref_src=twsrc%5Etfw\">@ONU_derechos<\/a> <a href=\"https:\/\/t.co\/5kjeUCYfEN\">pic.twitter.com\/5kjeUCYfEN<\/a><\/p>\n<p>&mdash; OCARU (@OCARUEc) <a href=\"https:\/\/twitter.com\/OCARUEc\/status\/1183167845036892161?ref_src=twsrc%5Etfw\">October 12, 2019<\/a><\/p><\/blockquote>\n<p><script async src=\"https:\/\/platform.twitter.com\/widgets.js\" charset=\"utf-8\"><\/script><\/p>\n<p>A las 8:30 de la noche, una silenciosa Quito despert\u00f3 respondiendo a la convocatoria al cacerolazo que hab\u00edan hecho pocas horas antes los movimientos feministas y otras organizaciones ciudadanas a trav\u00e9s de las redes.<\/p>\n<p><iframe loading=\"lazy\" title=\"Rostros y cacerolazos en Quito\" width=\"500\" height=\"281\" src=\"https:\/\/www.youtube.com\/embed\/iA0E9wJaM9k?feature=oembed\" frameborder=\"0\" allow=\"accelerometer; autoplay; clipboard-write; encrypted-media; gyroscope; picture-in-picture; web-share\" referrerpolicy=\"strict-origin-when-cross-origin\" allowfullscreen><\/iframe><\/p>\n<p>Avanz\u00f3 la noche, y al sonido de las cacerolas en todos los puntos de la ciudad y los valles que la rodean, los habitantes de Quito decidieron salir a las calles (a pesar del toque de queda) a recorrer las calles de sus vecindarios; incluso, un grupo de personas lleg\u00f3 al frente de la Pontificia Universidad Cat\u00f3lica del Ecuador &#8211; PUCE.<\/p>\n<p><iframe loading=\"lazy\" title=\"Estudiantes de Medicina de la PUCE\" width=\"500\" height=\"281\" src=\"https:\/\/www.youtube.com\/embed\/D95oriFrjrk?feature=oembed\" frameborder=\"0\" allow=\"accelerometer; autoplay; clipboard-write; encrypted-media; gyroscope; picture-in-picture; web-share\" referrerpolicy=\"strict-origin-when-cross-origin\" allowfullscreen><\/iframe><\/p>\n<p>As\u00ed, con sus cacerolas, el grito por el fin de la represi\u00f3n, de la violencia e incluso la consigna Fuera Moreno Fuera, se hicieron sentir a lo largo y ancho de la ciudad.<\/p>\n<blockquote class=\"twitter-tweet\" data-width=\"500\" data-dnt=\"true\">\n<p lang=\"es\" dir=\"ltr\"><a href=\"https:\/\/twitter.com\/hashtag\/LaFloresta?src=hash&amp;ref_src=twsrc%5Etfw\">#LaFloresta<\/a> fue tomada por el pueblo, quien levant\u00f3 su voz de protesta con el <a href=\"https:\/\/twitter.com\/hashtag\/Cacerolazo?src=hash&amp;ref_src=twsrc%5Etfw\">#Cacerolazo<\/a>. Gracias <a href=\"https:\/\/twitter.com\/hashtag\/Quito?src=hash&amp;ref_src=twsrc%5Etfw\">#Quito<\/a>. <a href=\"https:\/\/t.co\/YEve7R9F5d\">pic.twitter.com\/YEve7R9F5d<\/a><\/p>\n<p>&mdash; La Calle (@radiolacalle) <a href=\"https:\/\/twitter.com\/radiolacalle\/status\/1183237767574294528?ref_src=twsrc%5Etfw\">October 13, 2019<\/a><\/p><\/blockquote>\n<p><script async src=\"https:\/\/platform.twitter.com\/widgets.js\" charset=\"utf-8\"><\/script><\/p>\n<p>Otras voces y otras formas, todas noviolentas, se hacen sentir en la capital de los ecuatorianos.<\/p>\n<p><em>Nota final: hace pocos minutos, en cadena nacional, el presidente Moreno anunci\u00f3 que se est\u00e1 revisando el decreto 883 para avanzar en el di\u00e1logo con el movimiento ind\u00edgenas y las organizaciones sociales que se han abierto a ese proceso, que se mantendr\u00e1 el toque de queda y la militarizaci\u00f3n en la ciudad hasta que las condiciones cambien y culp\u00f3 nuevamente a Correa y Maduro, en alianza con el narcoterrorismo y las pandillas, de generar el caos que el pa\u00eds ha vivido. Es la afirmaci\u00f3n que el gobierno ha sostenido desde el inicio. Hasta el momento no se han publicado pruebas de ello.<\/em><\/p>\n","protected":false},"excerpt":{"rendered":"<p>Una vez declarado el toque de queda desde las 15 horas en Quito, capital del Ecuador, la acci\u00f3n de la fuerza p\u00fablica se mantuvo con fuerza hasta el final de la tarde, especialmente en las inmediaciones de la Casa de&hellip;<\/p>\n","protected":false},"author":454,"featured_media":942970,"comment_status":"closed","ping_status":"closed","sticky":false,"template":"","format":"standard","meta":{"footnotes":""},"categories":[11389,79,1242,74,80,67],"tags":[695,64972],"class_list":["post-942947","post","type-post","status-publish","format-standard","has-post-thumbnail","hentry","category-contenido-original","category-derechos-humanos","category-noviolencia-tema","category-politica-es","category-pueblos-originarios","category-sudamerica","tag-movilizacion-social","tag-paro-nacional-en-ecuador"],"yoast_head":"<!-- This site is optimized with the Yoast SEO plugin v27.1.1 - https:\/\/yoast.com\/product\/yoast-seo-wordpress\/ -->\n<title>Ecuador: sonidos y gestos noviolentos, cierran el d\u00e9cimo d\u00eda de protestas<\/title>\n<meta name=\"description\" content=\"Una vez declarado el toque de queda desde las 15 horas en Quito, capital del Ecuador, la acci\u00f3n de la fuerza p\u00fablica se mantuvo con fuerza hasta el final\" \/>\n<meta name=\"robots\" content=\"index, follow, max-snippet:-1, max-image-preview:large, max-video-preview:-1\" \/>\n<link rel=\"canonical\" href=\"https:\/\/www.pressenza.com\/es\/2019\/10\/ecuador-sonidos-y-gestos-noviolentos-cierran-el-decimo-dia-de-protestas\/\" \/>\n<meta property=\"og:locale\" content=\"es_ES\" \/>\n<meta property=\"og:type\" content=\"article\" \/>\n<meta property=\"og:title\" content=\"Ecuador: sonidos y gestos noviolentos, cierran el d\u00e9cimo d\u00eda de protestas\" \/>\n<meta property=\"og:description\" content=\"Una vez declarado el toque de queda desde las 15 horas en Quito, capital del Ecuador, la acci\u00f3n de la fuerza p\u00fablica se mantuvo con fuerza hasta el final\" \/>\n<meta property=\"og:url\" content=\"https:\/\/www.pressenza.com\/es\/2019\/10\/ecuador-sonidos-y-gestos-noviolentos-cierran-el-decimo-dia-de-protestas\/\" \/>\n<meta property=\"og:site_name\" content=\"Pressenza\" \/>\n<meta property=\"article:publisher\" content=\"https:\/\/www.facebook.com\/PressenzaItalia\" \/>\n<meta property=\"article:published_time\" content=\"2019-10-13T06:15:42+00:00\" \/>\n<meta property=\"og:image\" content=\"https:\/\/www.pressenza.com\/wp-content\/uploads\/2019\/10\/Estudiantes-de-medicina-enlazados.jpg\" \/>\n\t<meta property=\"og:image:width\" content=\"2008\" \/>\n\t<meta property=\"og:image:height\" content=\"1417\" \/>\n\t<meta property=\"og:image:type\" content=\"image\/jpeg\" \/>\n<meta name=\"author\" content=\"Nelsy Lizarazo\" \/>\n<meta name=\"twitter:card\" content=\"summary_large_image\" \/>\n<meta name=\"twitter:creator\" content=\"@PressenzaIPA\" \/>\n<meta name=\"twitter:site\" content=\"@PressenzaIPA\" \/>\n<meta name=\"twitter:label1\" content=\"Escrito por\" \/>\n\t<meta name=\"twitter:data1\" content=\"Nelsy Lizarazo\" \/>\n\t<meta name=\"twitter:label2\" content=\"Tiempo de lectura\" \/>\n\t<meta name=\"twitter:data2\" content=\"2 minutos\" \/>\n<script type=\"application\/ld+json\" class=\"yoast-schema-graph\">{\"@context\":\"https:\/\/schema.org\",\"@graph\":[{\"@type\":\"Article\",\"@id\":\"https:\/\/www.pressenza.com\/es\/2019\/10\/ecuador-sonidos-y-gestos-noviolentos-cierran-el-decimo-dia-de-protestas\/#article\",\"isPartOf\":{\"@id\":\"https:\/\/www.pressenza.com\/es\/2019\/10\/ecuador-sonidos-y-gestos-noviolentos-cierran-el-decimo-dia-de-protestas\/\"},\"author\":{\"name\":\"Nelsy Lizarazo\",\"@id\":\"https:\/\/www.pressenza.com\/es\/#\/schema\/person\/25aa5b5c387ba3badce63b165da09f9c\"},\"headline\":\"Ecuador: sonidos y gestos noviolentos, cierran el d\u00e9cimo d\u00eda de protestas\",\"datePublished\":\"2019-10-13T06:15:42+00:00\",\"mainEntityOfPage\":{\"@id\":\"https:\/\/www.pressenza.com\/es\/2019\/10\/ecuador-sonidos-y-gestos-noviolentos-cierran-el-decimo-dia-de-protestas\/\"},\"wordCount\":499,\"publisher\":{\"@id\":\"https:\/\/www.pressenza.com\/es\/#organization\"},\"image\":{\"@id\":\"https:\/\/www.pressenza.com\/es\/2019\/10\/ecuador-sonidos-y-gestos-noviolentos-cierran-el-decimo-dia-de-protestas\/#primaryimage\"},\"thumbnailUrl\":\"https:\/\/www.pressenza.com\/wp-content\/uploads\/2019\/10\/Estudiantes-de-medicina-enlazados.jpg\",\"keywords\":[\"movilizaci\u00f3n social\",\"paro nacional en Ecuador\"],\"articleSection\":[\"Contenido Original\",\"Derechos Humanos\",\"Noviolencia\",\"Pol\u00edtica\",\"Pueblos Originarios\",\"Sudam\u00e9rica\"],\"inLanguage\":\"es\"},{\"@type\":\"WebPage\",\"@id\":\"https:\/\/www.pressenza.com\/es\/2019\/10\/ecuador-sonidos-y-gestos-noviolentos-cierran-el-decimo-dia-de-protestas\/\",\"url\":\"https:\/\/www.pressenza.com\/es\/2019\/10\/ecuador-sonidos-y-gestos-noviolentos-cierran-el-decimo-dia-de-protestas\/\",\"name\":\"Ecuador: sonidos y gestos noviolentos, cierran el d\u00e9cimo d\u00eda de protestas\",\"isPartOf\":{\"@id\":\"https:\/\/www.pressenza.com\/es\/#website\"},\"primaryImageOfPage\":{\"@id\":\"https:\/\/www.pressenza.com\/es\/2019\/10\/ecuador-sonidos-y-gestos-noviolentos-cierran-el-decimo-dia-de-protestas\/#primaryimage\"},\"image\":{\"@id\":\"https:\/\/www.pressenza.com\/es\/2019\/10\/ecuador-sonidos-y-gestos-noviolentos-cierran-el-decimo-dia-de-protestas\/#primaryimage\"},\"thumbnailUrl\":\"https:\/\/www.pressenza.com\/wp-content\/uploads\/2019\/10\/Estudiantes-de-medicina-enlazados.jpg\",\"datePublished\":\"2019-10-13T06:15:42+00:00\",\"description\":\"Una vez declarado el toque de queda desde las 15 horas en Quito, capital del Ecuador, la acci\u00f3n de la fuerza p\u00fablica se mantuvo con fuerza hasta el final\",\"breadcrumb\":{\"@id\":\"https:\/\/www.pressenza.com\/es\/2019\/10\/ecuador-sonidos-y-gestos-noviolentos-cierran-el-decimo-dia-de-protestas\/#breadcrumb\"},\"inLanguage\":\"es\",\"potentialAction\":[{\"@type\":\"ReadAction\",\"target\":[\"https:\/\/www.pressenza.com\/es\/2019\/10\/ecuador-sonidos-y-gestos-noviolentos-cierran-el-decimo-dia-de-protestas\/\"]}]},{\"@type\":\"ImageObject\",\"inLanguage\":\"es\",\"@id\":\"https:\/\/www.pressenza.com\/es\/2019\/10\/ecuador-sonidos-y-gestos-noviolentos-cierran-el-decimo-dia-de-protestas\/#primaryimage\",\"url\":\"https:\/\/www.pressenza.com\/wp-content\/uploads\/2019\/10\/Estudiantes-de-medicina-enlazados.jpg\",\"contentUrl\":\"https:\/\/www.pressenza.com\/wp-content\/uploads\/2019\/10\/Estudiantes-de-medicina-enlazados.jpg\",\"width\":2008,\"height\":1417,\"caption\":\"Estudiantes de medicina enlazados\"},{\"@type\":\"BreadcrumbList\",\"@id\":\"https:\/\/www.pressenza.com\/es\/2019\/10\/ecuador-sonidos-y-gestos-noviolentos-cierran-el-decimo-dia-de-protestas\/#breadcrumb\",\"itemListElement\":[{\"@type\":\"ListItem\",\"position\":1,\"name\":\"Accueil\",\"item\":\"https:\/\/www.pressenza.com\/es\/\"},{\"@type\":\"ListItem\",\"position\":2,\"name\":\"Ecuador: sonidos y gestos noviolentos, cierran el d\u00e9cimo d\u00eda de protestas\"}]},{\"@type\":\"WebSite\",\"@id\":\"https:\/\/www.pressenza.com\/es\/#website\",\"url\":\"https:\/\/www.pressenza.com\/es\/\",\"name\":\"Pressenza\",\"description\":\"International Press Agency\",\"publisher\":{\"@id\":\"https:\/\/www.pressenza.com\/es\/#organization\"},\"potentialAction\":[{\"@type\":\"SearchAction\",\"target\":{\"@type\":\"EntryPoint\",\"urlTemplate\":\"https:\/\/www.pressenza.com\/es\/?s={search_term_string}\"},\"query-input\":{\"@type\":\"PropertyValueSpecification\",\"valueRequired\":true,\"valueName\":\"search_term_string\"}}],\"inLanguage\":\"es\"},{\"@type\":\"Organization\",\"@id\":\"https:\/\/www.pressenza.com\/es\/#organization\",\"name\":\"Pressenza\",\"url\":\"https:\/\/www.pressenza.com\/es\/\",\"logo\":{\"@type\":\"ImageObject\",\"inLanguage\":\"es\",\"@id\":\"https:\/\/www.pressenza.com\/es\/#\/schema\/logo\/image\/\",\"url\":\"https:\/\/www.pressenza.com\/wp-content\/uploads\/2022\/10\/pressenza_logo_200x200.jpg\",\"contentUrl\":\"https:\/\/www.pressenza.com\/wp-content\/uploads\/2022\/10\/pressenza_logo_200x200.jpg\",\"width\":200,\"height\":200,\"caption\":\"Pressenza\"},\"image\":{\"@id\":\"https:\/\/www.pressenza.com\/es\/#\/schema\/logo\/image\/\"},\"sameAs\":[\"https:\/\/www.facebook.com\/PressenzaItalia\",\"https:\/\/x.com\/PressenzaIPA\"]},{\"@type\":\"Person\",\"@id\":\"https:\/\/www.pressenza.com\/es\/#\/schema\/person\/25aa5b5c387ba3badce63b165da09f9c\",\"name\":\"Nelsy Lizarazo\",\"description\":\"Nelsy Lizarazo, Colombian, living in Quito, Ecuador. Professional background in philosophy, literature, political sciences and international relations.\",\"url\":\"https:\/\/www.pressenza.com\/es\/author\/nelsy-lizarazo\/\"}]}<\/script>\n<!-- \/ Yoast SEO plugin. -->","yoast_head_json":{"title":"Ecuador: sonidos y gestos noviolentos, cierran el d\u00e9cimo d\u00eda de protestas","description":"Una vez declarado el toque de queda desde las 15 horas en Quito, capital del Ecuador, la acci\u00f3n de la fuerza p\u00fablica se mantuvo con fuerza hasta el final","robots":{"index":"index","follow":"follow","max-snippet":"max-snippet:-1","max-image-preview":"max-image-preview:large","max-video-preview":"max-video-preview:-1"},"canonical":"https:\/\/www.pressenza.com\/es\/2019\/10\/ecuador-sonidos-y-gestos-noviolentos-cierran-el-decimo-dia-de-protestas\/","og_locale":"es_ES","og_type":"article","og_title":"Ecuador: sonidos y gestos noviolentos, cierran el d\u00e9cimo d\u00eda de protestas","og_description":"Una vez declarado el toque de queda desde las 15 horas en Quito, capital del Ecuador, la acci\u00f3n de la fuerza p\u00fablica se mantuvo con fuerza hasta el final","og_url":"https:\/\/www.pressenza.com\/es\/2019\/10\/ecuador-sonidos-y-gestos-noviolentos-cierran-el-decimo-dia-de-protestas\/","og_site_name":"Pressenza","article_publisher":"https:\/\/www.facebook.com\/PressenzaItalia","article_published_time":"2019-10-13T06:15:42+00:00","og_image":[{"width":2008,"height":1417,"url":"https:\/\/www.pressenza.com\/wp-content\/uploads\/2019\/10\/Estudiantes-de-medicina-enlazados.jpg","type":"image\/jpeg"}],"author":"Nelsy Lizarazo","twitter_card":"summary_large_image","twitter_creator":"@PressenzaIPA","twitter_site":"@PressenzaIPA","twitter_misc":{"Escrito por":"Nelsy Lizarazo","Tiempo de lectura":"2 minutos"},"schema":{"@context":"https:\/\/schema.org","@graph":[{"@type":"Article","@id":"https:\/\/www.pressenza.com\/es\/2019\/10\/ecuador-sonidos-y-gestos-noviolentos-cierran-el-decimo-dia-de-protestas\/#article","isPartOf":{"@id":"https:\/\/www.pressenza.com\/es\/2019\/10\/ecuador-sonidos-y-gestos-noviolentos-cierran-el-decimo-dia-de-protestas\/"},"author":{"name":"Nelsy Lizarazo","@id":"https:\/\/www.pressenza.com\/es\/#\/schema\/person\/25aa5b5c387ba3badce63b165da09f9c"},"headline":"Ecuador: sonidos y gestos noviolentos, cierran el d\u00e9cimo d\u00eda de protestas","datePublished":"2019-10-13T06:15:42+00:00","mainEntityOfPage":{"@id":"https:\/\/www.pressenza.com\/es\/2019\/10\/ecuador-sonidos-y-gestos-noviolentos-cierran-el-decimo-dia-de-protestas\/"},"wordCount":499,"publisher":{"@id":"https:\/\/www.pressenza.com\/es\/#organization"},"image":{"@id":"https:\/\/www.pressenza.com\/es\/2019\/10\/ecuador-sonidos-y-gestos-noviolentos-cierran-el-decimo-dia-de-protestas\/#primaryimage"},"thumbnailUrl":"https:\/\/www.pressenza.com\/wp-content\/uploads\/2019\/10\/Estudiantes-de-medicina-enlazados.jpg","keywords":["movilizaci\u00f3n social","paro nacional en Ecuador"],"articleSection":["Contenido Original","Derechos Humanos","Noviolencia","Pol\u00edtica","Pueblos Originarios","Sudam\u00e9rica"],"inLanguage":"es"},{"@type":"WebPage","@id":"https:\/\/www.pressenza.com\/es\/2019\/10\/ecuador-sonidos-y-gestos-noviolentos-cierran-el-decimo-dia-de-protestas\/","url":"https:\/\/www.pressenza.com\/es\/2019\/10\/ecuador-sonidos-y-gestos-noviolentos-cierran-el-decimo-dia-de-protestas\/","name":"Ecuador: sonidos y gestos noviolentos, cierran el d\u00e9cimo d\u00eda de protestas","isPartOf":{"@id":"https:\/\/www.pressenza.com\/es\/#website"},"primaryImageOfPage":{"@id":"https:\/\/www.pressenza.com\/es\/2019\/10\/ecuador-sonidos-y-gestos-noviolentos-cierran-el-decimo-dia-de-protestas\/#primaryimage"},"image":{"@id":"https:\/\/www.pressenza.com\/es\/2019\/10\/ecuador-sonidos-y-gestos-noviolentos-cierran-el-decimo-dia-de-protestas\/#primaryimage"},"thumbnailUrl":"https:\/\/www.pressenza.com\/wp-content\/uploads\/2019\/10\/Estudiantes-de-medicina-enlazados.jpg","datePublished":"2019-10-13T06:15:42+00:00","description":"Una vez declarado el toque de queda desde las 15 horas en Quito, capital del Ecuador, la acci\u00f3n de la fuerza p\u00fablica se mantuvo con fuerza hasta el final","breadcrumb":{"@id":"https:\/\/www.pressenza.com\/es\/2019\/10\/ecuador-sonidos-y-gestos-noviolentos-cierran-el-decimo-dia-de-protestas\/#breadcrumb"},"inLanguage":"es","potentialAction":[{"@type":"ReadAction","target":["https:\/\/www.pressenza.com\/es\/2019\/10\/ecuador-sonidos-y-gestos-noviolentos-cierran-el-decimo-dia-de-protestas\/"]}]},{"@type":"ImageObject","inLanguage":"es","@id":"https:\/\/www.pressenza.com\/es\/2019\/10\/ecuador-sonidos-y-gestos-noviolentos-cierran-el-decimo-dia-de-protestas\/#primaryimage","url":"https:\/\/www.pressenza.com\/wp-content\/uploads\/2019\/10\/Estudiantes-de-medicina-enlazados.jpg","contentUrl":"https:\/\/www.pressenza.com\/wp-content\/uploads\/2019\/10\/Estudiantes-de-medicina-enlazados.jpg","width":2008,"height":1417,"caption":"Estudiantes de medicina enlazados"},{"@type":"BreadcrumbList","@id":"https:\/\/www.pressenza.com\/es\/2019\/10\/ecuador-sonidos-y-gestos-noviolentos-cierran-el-decimo-dia-de-protestas\/#breadcrumb","itemListElement":[{"@type":"ListItem","position":1,"name":"Accueil","item":"https:\/\/www.pressenza.com\/es\/"},{"@type":"ListItem","position":2,"name":"Ecuador: sonidos y gestos noviolentos, cierran el d\u00e9cimo d\u00eda de protestas"}]},{"@type":"WebSite","@id":"https:\/\/www.pressenza.com\/es\/#website","url":"https:\/\/www.pressenza.com\/es\/","name":"Pressenza","description":"International Press Agency","publisher":{"@id":"https:\/\/www.pressenza.com\/es\/#organization"},"potentialAction":[{"@type":"SearchAction","target":{"@type":"EntryPoint","urlTemplate":"https:\/\/www.pressenza.com\/es\/?s={search_term_string}"},"query-input":{"@type":"PropertyValueSpecification","valueRequired":true,"valueName":"search_term_string"}}],"inLanguage":"es"},{"@type":"Organization","@id":"https:\/\/www.pressenza.com\/es\/#organization","name":"Pressenza","url":"https:\/\/www.pressenza.com\/es\/","logo":{"@type":"ImageObject","inLanguage":"es","@id":"https:\/\/www.pressenza.com\/es\/#\/schema\/logo\/image\/","url":"https:\/\/www.pressenza.com\/wp-content\/uploads\/2022\/10\/pressenza_logo_200x200.jpg","contentUrl":"https:\/\/www.pressenza.com\/wp-content\/uploads\/2022\/10\/pressenza_logo_200x200.jpg","width":200,"height":200,"caption":"Pressenza"},"image":{"@id":"https:\/\/www.pressenza.com\/es\/#\/schema\/logo\/image\/"},"sameAs":["https:\/\/www.facebook.com\/PressenzaItalia","https:\/\/x.com\/PressenzaIPA"]},{"@type":"Person","@id":"https:\/\/www.pressenza.com\/es\/#\/schema\/person\/25aa5b5c387ba3badce63b165da09f9c","name":"Nelsy Lizarazo","description":"Nelsy Lizarazo, Colombian, living in Quito, Ecuador. Professional background in philosophy, literature, political sciences and international relations.","url":"https:\/\/www.pressenza.com\/es\/author\/nelsy-lizarazo\/"}]}},"place":"Quito, Ecuador","original_article_url":"","_links":{"self":[{"href":"https:\/\/www.pressenza.com\/es\/wp-json\/wp\/v2\/posts\/942947","targetHints":{"allow":["GET"]}}],"collection":[{"href":"https:\/\/www.pressenza.com\/es\/wp-json\/wp\/v2\/posts"}],"about":[{"href":"https:\/\/www.pressenza.com\/es\/wp-json\/wp\/v2\/types\/post"}],"author":[{"embeddable":true,"href":"https:\/\/www.pressenza.com\/es\/wp-json\/wp\/v2\/users\/454"}],"replies":[{"embeddable":true,"href":"https:\/\/www.pressenza.com\/es\/wp-json\/wp\/v2\/comments?post=942947"}],"version-history":[{"count":0,"href":"https:\/\/www.pressenza.com\/es\/wp-json\/wp\/v2\/posts\/942947\/revisions"}],"wp:featuredmedia":[{"embeddable":true,"href":"https:\/\/www.pressenza.com\/es\/wp-json\/wp\/v2\/media\/942970"}],"wp:attachment":[{"href":"https:\/\/www.pressenza.com\/es\/wp-json\/wp\/v2\/media?parent=942947"}],"wp:term":[{"taxonomy":"category","embeddable":true,"href":"https:\/\/www.pressenza.com\/es\/wp-json\/wp\/v2\/categories?post=942947"},{"taxonomy":"post_tag","embeddable":true,"href":"https:\/\/www.pressenza.com\/es\/wp-json\/wp\/v2\/tags?post=942947"}],"curies":[{"name":"wp","href":"https:\/\/api.w.org\/{rel}","templated":true}]}}