{"id":942029,"date":"2019-10-13T01:31:55","date_gmt":"2019-10-13T00:31:55","guid":{"rendered":"https:\/\/www.pressenza.com\/?p=942029"},"modified":"2019-10-13T01:31:55","modified_gmt":"2019-10-13T00:31:55","slug":"murales-por-la-paz-en-colombia","status":"publish","type":"post","link":"https:\/\/www.pressenza.com\/es\/2019\/10\/murales-por-la-paz-en-colombia\/","title":{"rendered":"Murales por la paz en Colombia"},"content":{"rendered":"<p><strong>J\u00f3venes crean \u201cmurales por la paz\u201d en Bogot\u00e1, Colombia<\/strong><\/p>\n<p>El arte del mural es una actividad que motiva a muchos j\u00f3venes, dando sentido a su expresi\u00f3n art\u00edstica.<\/p>\n<p>Es, a su vez, parte de este gran movimiento urbano y global que, en los tiempos contempor\u00e1neos, ha recibido una recepci\u00f3n muy favorable de quienes salen a las calles a pintar las paredes de la ciudad.<\/p>\n<p>Una pr\u00e1ctica art\u00edstica que, en el proyecto \u201cMurales por la paz\u201d, tiene un inter\u00e9s solemne en difundir un mensaje de paz interior y no violencia como metodolog\u00eda de acci\u00f3n para transformar la sociedad, en coherencia con el desarrollo personal y acci\u00f3n social.<\/p>\n<p><strong>Iniciativas estudiantiles, trabajo en grupo y esp\u00edritu de cooperaci\u00f3n<\/strong><\/p>\n<p>Es a partir de las iniciativas de los estudiantes, el trabajo grupal y el esp\u00edritu de cooperaci\u00f3n que el arte de pintar murales adquiere relevancia como actividad art\u00edstica.<\/p>\n<p>El arte mural designa un sentimiento, una acci\u00f3n reflejada en im\u00e1genes alrededor de la reflexi\u00f3n en los escenarios del <a href=\"https:\/\/fr.theworldmarch.org\/\">segundo mercado mundial<\/a>, reproducida desde su sentimiento m\u00e1s profundo.<\/p>\n<p><iframe loading=\"lazy\" title=\"BOGOTA \u2013 Murales por la Paz\" width=\"500\" height=\"281\" src=\"https:\/\/www.youtube.com\/embed\/VD0nJkAtBM0?feature=oembed\" frameborder=\"0\" allow=\"accelerometer; autoplay; clipboard-write; encrypted-media; gyroscope; picture-in-picture; web-share\" referrerpolicy=\"strict-origin-when-cross-origin\" allowfullscreen><\/iframe><\/p>\n<p>En las instituciones humanistas, este trabajo se ha llevado a cabo desde la 1era Marcha Sudamericana por la Paz y la No Violencia. Los estudiantes han exhibido su arte en las paredes de diferentes ciudades de Colombia.<\/p>\n<p><strong>Una experiencia enriquecedora que reuni\u00f3 a docentes, estudiantes, organizaciones sociales y simpatizantes.<\/strong><\/p>\n<p>Una experiencia gratificante que reuni\u00f3 a maestros, estudiantes, organizaciones sociales y simpatizantes que participaron activamente en estas iniciativas art\u00edsticas.<\/p>\n<p>El proyecto \u201cMurales por la paz\u201d tiene como objetivo motivar a las comunidades en todo el territorio nacional colombiano e invita a participar en este ejercicio de difusi\u00f3n cultural de impacto positivo. Promueve la conciencia social, comenzando por el lugar m\u00e1s simple y \u00e1vido del conocimiento, la calle, que tiene lugar en la representaci\u00f3n creativa de mentes libres y cr\u00edticas que ensalzan los valores que elevan el esp\u00edritu humano.<\/p>\n<p><strong>M\u00e1s informaci\u00f3n<\/strong>: <a href=\"http:\/\/2marchamundialcolombia.org\/murales-por-la-paz\/\">http:\/\/2marchamundialcolombia.org\/murales-por-la-paz\/<\/a><\/p>\n<hr \/>\n<p><em>Traducci\u00f3n del franc\u00e9s por Michelle Velez<\/em><\/p>\n","protected":false},"excerpt":{"rendered":"<p>J\u00f3venes crean \u201cmurales por la paz\u201d en Bogot\u00e1, Colombia El arte del mural es una actividad que motiva a muchos j\u00f3venes, dando sentido a su expresi\u00f3n art\u00edstica. Es, a su vez, parte de este gran movimiento urbano y global que,&hellip;<\/p>\n","protected":false},"author":926,"featured_media":940847,"comment_status":"closed","ping_status":"closed","sticky":false,"template":"","format":"standard","meta":{"footnotes":""},"categories":[11389,1243,67,25678],"tags":[30,62931,65278,419,50607],"class_list":["post-942029","post","type-post","status-publish","format-standard","has-post-thumbnail","hentry","category-contenido-original","category-paz-desarme","category-sudamerica","category-video-es","tag-colombia","tag-marcha-mundial-es","tag-murales-es","tag-paz","tag-segunda-marcha-mundial-por-la-paz-y-la-no-violencia"],"yoast_head":"<!-- This site is optimized with the Yoast SEO plugin v27.1.1 - https:\/\/yoast.com\/product\/yoast-seo-wordpress\/ -->\n<title>Murales por la paz en Colombia<\/title>\n<meta name=\"description\" content=\"J\u00f3venes crean \u201cmurales por la paz\u201d en Bogot\u00e1, Colombia El arte del mural es una actividad que motiva a muchos j\u00f3venes, dando sentido a su expresi\u00f3n\" \/>\n<meta name=\"robots\" content=\"index, follow, max-snippet:-1, max-image-preview:large, max-video-preview:-1\" \/>\n<link rel=\"canonical\" href=\"https:\/\/www.pressenza.com\/es\/2019\/10\/murales-por-la-paz-en-colombia\/\" \/>\n<meta property=\"og:locale\" content=\"es_ES\" \/>\n<meta property=\"og:type\" content=\"article\" \/>\n<meta property=\"og:title\" content=\"Murales por la paz en Colombia\" \/>\n<meta property=\"og:description\" content=\"J\u00f3venes crean \u201cmurales por la paz\u201d en Bogot\u00e1, Colombia El arte del mural es una actividad que motiva a muchos j\u00f3venes, dando sentido a su expresi\u00f3n\" \/>\n<meta property=\"og:url\" content=\"https:\/\/www.pressenza.com\/es\/2019\/10\/murales-por-la-paz-en-colombia\/\" \/>\n<meta property=\"og:site_name\" content=\"Pressenza\" \/>\n<meta property=\"article:publisher\" content=\"https:\/\/www.facebook.com\/PressenzaItalia\" \/>\n<meta property=\"article:published_time\" content=\"2019-10-13T00:31:55+00:00\" \/>\n<meta property=\"og:image\" content=\"https:\/\/www.pressenza.com\/wp-content\/uploads\/2019\/10\/FresquesPaixColombieMarche-mondiale.jpg\" \/>\n\t<meta property=\"og:image:width\" content=\"750\" \/>\n\t<meta property=\"og:image:height\" content=\"500\" \/>\n\t<meta property=\"og:image:type\" content=\"image\/jpeg\" \/>\n<meta name=\"author\" content=\"R\u00e9daction France\" \/>\n<meta name=\"twitter:card\" content=\"summary_large_image\" \/>\n<meta name=\"twitter:creator\" content=\"@PressenzaIPA\" \/>\n<meta name=\"twitter:site\" content=\"@PressenzaIPA\" \/>\n<meta name=\"twitter:label1\" content=\"Escrito por\" \/>\n\t<meta name=\"twitter:data1\" content=\"R\u00e9daction France\" \/>\n\t<meta name=\"twitter:label2\" content=\"Tiempo de lectura\" \/>\n\t<meta name=\"twitter:data2\" content=\"2 minutos\" \/>\n<script type=\"application\/ld+json\" class=\"yoast-schema-graph\">{\"@context\":\"https:\/\/schema.org\",\"@graph\":[{\"@type\":\"Article\",\"@id\":\"https:\/\/www.pressenza.com\/es\/2019\/10\/murales-por-la-paz-en-colombia\/#article\",\"isPartOf\":{\"@id\":\"https:\/\/www.pressenza.com\/es\/2019\/10\/murales-por-la-paz-en-colombia\/\"},\"author\":{\"name\":\"R\u00e9daction France\",\"@id\":\"https:\/\/www.pressenza.com\/es\/#\/schema\/person\/3c9fe6670cc2cffbd37562f87b98e869\"},\"headline\":\"Murales por la paz en Colombia\",\"datePublished\":\"2019-10-13T00:31:55+00:00\",\"mainEntityOfPage\":{\"@id\":\"https:\/\/www.pressenza.com\/es\/2019\/10\/murales-por-la-paz-en-colombia\/\"},\"wordCount\":361,\"publisher\":{\"@id\":\"https:\/\/www.pressenza.com\/es\/#organization\"},\"image\":{\"@id\":\"https:\/\/www.pressenza.com\/es\/2019\/10\/murales-por-la-paz-en-colombia\/#primaryimage\"},\"thumbnailUrl\":\"https:\/\/www.pressenza.com\/wp-content\/uploads\/2019\/10\/FresquesPaixColombieMarche-mondiale.jpg\",\"keywords\":[\"Colombia\",\"marcha mundial\",\"murales\",\"Paz\",\"Segunda Marcha Mundial por la Paz y la No Violencia\"],\"articleSection\":[\"Contenido Original\",\"Paz y Desarme\",\"Sudam\u00e9rica\",\"Video\"],\"inLanguage\":\"es\"},{\"@type\":\"WebPage\",\"@id\":\"https:\/\/www.pressenza.com\/es\/2019\/10\/murales-por-la-paz-en-colombia\/\",\"url\":\"https:\/\/www.pressenza.com\/es\/2019\/10\/murales-por-la-paz-en-colombia\/\",\"name\":\"Murales por la paz en Colombia\",\"isPartOf\":{\"@id\":\"https:\/\/www.pressenza.com\/es\/#website\"},\"primaryImageOfPage\":{\"@id\":\"https:\/\/www.pressenza.com\/es\/2019\/10\/murales-por-la-paz-en-colombia\/#primaryimage\"},\"image\":{\"@id\":\"https:\/\/www.pressenza.com\/es\/2019\/10\/murales-por-la-paz-en-colombia\/#primaryimage\"},\"thumbnailUrl\":\"https:\/\/www.pressenza.com\/wp-content\/uploads\/2019\/10\/FresquesPaixColombieMarche-mondiale.jpg\",\"datePublished\":\"2019-10-13T00:31:55+00:00\",\"description\":\"J\u00f3venes crean \u201cmurales por la paz\u201d en Bogot\u00e1, Colombia El arte del mural es una actividad que motiva a muchos j\u00f3venes, dando sentido a su expresi\u00f3n\",\"breadcrumb\":{\"@id\":\"https:\/\/www.pressenza.com\/es\/2019\/10\/murales-por-la-paz-en-colombia\/#breadcrumb\"},\"inLanguage\":\"es\",\"potentialAction\":[{\"@type\":\"ReadAction\",\"target\":[\"https:\/\/www.pressenza.com\/es\/2019\/10\/murales-por-la-paz-en-colombia\/\"]}]},{\"@type\":\"ImageObject\",\"inLanguage\":\"es\",\"@id\":\"https:\/\/www.pressenza.com\/es\/2019\/10\/murales-por-la-paz-en-colombia\/#primaryimage\",\"url\":\"https:\/\/www.pressenza.com\/wp-content\/uploads\/2019\/10\/FresquesPaixColombieMarche-mondiale.jpg\",\"contentUrl\":\"https:\/\/www.pressenza.com\/wp-content\/uploads\/2019\/10\/FresquesPaixColombieMarche-mondiale.jpg\",\"width\":750,\"height\":500,\"caption\":\"Des fresques pour la paix en Colombie\"},{\"@type\":\"BreadcrumbList\",\"@id\":\"https:\/\/www.pressenza.com\/es\/2019\/10\/murales-por-la-paz-en-colombia\/#breadcrumb\",\"itemListElement\":[{\"@type\":\"ListItem\",\"position\":1,\"name\":\"Accueil\",\"item\":\"https:\/\/www.pressenza.com\/es\/\"},{\"@type\":\"ListItem\",\"position\":2,\"name\":\"Murales por la paz en Colombia\"}]},{\"@type\":\"WebSite\",\"@id\":\"https:\/\/www.pressenza.com\/es\/#website\",\"url\":\"https:\/\/www.pressenza.com\/es\/\",\"name\":\"Pressenza\",\"description\":\"International Press Agency\",\"publisher\":{\"@id\":\"https:\/\/www.pressenza.com\/es\/#organization\"},\"potentialAction\":[{\"@type\":\"SearchAction\",\"target\":{\"@type\":\"EntryPoint\",\"urlTemplate\":\"https:\/\/www.pressenza.com\/es\/?s={search_term_string}\"},\"query-input\":{\"@type\":\"PropertyValueSpecification\",\"valueRequired\":true,\"valueName\":\"search_term_string\"}}],\"inLanguage\":\"es\"},{\"@type\":\"Organization\",\"@id\":\"https:\/\/www.pressenza.com\/es\/#organization\",\"name\":\"Pressenza\",\"url\":\"https:\/\/www.pressenza.com\/es\/\",\"logo\":{\"@type\":\"ImageObject\",\"inLanguage\":\"es\",\"@id\":\"https:\/\/www.pressenza.com\/es\/#\/schema\/logo\/image\/\",\"url\":\"https:\/\/www.pressenza.com\/wp-content\/uploads\/2022\/10\/pressenza_logo_200x200.jpg\",\"contentUrl\":\"https:\/\/www.pressenza.com\/wp-content\/uploads\/2022\/10\/pressenza_logo_200x200.jpg\",\"width\":200,\"height\":200,\"caption\":\"Pressenza\"},\"image\":{\"@id\":\"https:\/\/www.pressenza.com\/es\/#\/schema\/logo\/image\/\"},\"sameAs\":[\"https:\/\/www.facebook.com\/PressenzaItalia\",\"https:\/\/x.com\/PressenzaIPA\"]},{\"@type\":\"Person\",\"@id\":\"https:\/\/www.pressenza.com\/es\/#\/schema\/person\/3c9fe6670cc2cffbd37562f87b98e869\",\"name\":\"R\u00e9daction France\",\"description\":\"News published by the Pressenza bureau in France\",\"sameAs\":[\"http:\/\/www.pressenza.com\/fr\"],\"url\":\"https:\/\/www.pressenza.com\/es\/author\/redactionfrance\/\"}]}<\/script>\n<!-- \/ Yoast SEO plugin. -->","yoast_head_json":{"title":"Murales por la paz en Colombia","description":"J\u00f3venes crean \u201cmurales por la paz\u201d en Bogot\u00e1, Colombia El arte del mural es una actividad que motiva a muchos j\u00f3venes, dando sentido a su expresi\u00f3n","robots":{"index":"index","follow":"follow","max-snippet":"max-snippet:-1","max-image-preview":"max-image-preview:large","max-video-preview":"max-video-preview:-1"},"canonical":"https:\/\/www.pressenza.com\/es\/2019\/10\/murales-por-la-paz-en-colombia\/","og_locale":"es_ES","og_type":"article","og_title":"Murales por la paz en Colombia","og_description":"J\u00f3venes crean \u201cmurales por la paz\u201d en Bogot\u00e1, Colombia El arte del mural es una actividad que motiva a muchos j\u00f3venes, dando sentido a su expresi\u00f3n","og_url":"https:\/\/www.pressenza.com\/es\/2019\/10\/murales-por-la-paz-en-colombia\/","og_site_name":"Pressenza","article_publisher":"https:\/\/www.facebook.com\/PressenzaItalia","article_published_time":"2019-10-13T00:31:55+00:00","og_image":[{"width":750,"height":500,"url":"https:\/\/www.pressenza.com\/wp-content\/uploads\/2019\/10\/FresquesPaixColombieMarche-mondiale.jpg","type":"image\/jpeg"}],"author":"R\u00e9daction France","twitter_card":"summary_large_image","twitter_creator":"@PressenzaIPA","twitter_site":"@PressenzaIPA","twitter_misc":{"Escrito por":"R\u00e9daction France","Tiempo de lectura":"2 minutos"},"schema":{"@context":"https:\/\/schema.org","@graph":[{"@type":"Article","@id":"https:\/\/www.pressenza.com\/es\/2019\/10\/murales-por-la-paz-en-colombia\/#article","isPartOf":{"@id":"https:\/\/www.pressenza.com\/es\/2019\/10\/murales-por-la-paz-en-colombia\/"},"author":{"name":"R\u00e9daction France","@id":"https:\/\/www.pressenza.com\/es\/#\/schema\/person\/3c9fe6670cc2cffbd37562f87b98e869"},"headline":"Murales por la paz en Colombia","datePublished":"2019-10-13T00:31:55+00:00","mainEntityOfPage":{"@id":"https:\/\/www.pressenza.com\/es\/2019\/10\/murales-por-la-paz-en-colombia\/"},"wordCount":361,"publisher":{"@id":"https:\/\/www.pressenza.com\/es\/#organization"},"image":{"@id":"https:\/\/www.pressenza.com\/es\/2019\/10\/murales-por-la-paz-en-colombia\/#primaryimage"},"thumbnailUrl":"https:\/\/www.pressenza.com\/wp-content\/uploads\/2019\/10\/FresquesPaixColombieMarche-mondiale.jpg","keywords":["Colombia","marcha mundial","murales","Paz","Segunda Marcha Mundial por la Paz y la No Violencia"],"articleSection":["Contenido Original","Paz y Desarme","Sudam\u00e9rica","Video"],"inLanguage":"es"},{"@type":"WebPage","@id":"https:\/\/www.pressenza.com\/es\/2019\/10\/murales-por-la-paz-en-colombia\/","url":"https:\/\/www.pressenza.com\/es\/2019\/10\/murales-por-la-paz-en-colombia\/","name":"Murales por la paz en Colombia","isPartOf":{"@id":"https:\/\/www.pressenza.com\/es\/#website"},"primaryImageOfPage":{"@id":"https:\/\/www.pressenza.com\/es\/2019\/10\/murales-por-la-paz-en-colombia\/#primaryimage"},"image":{"@id":"https:\/\/www.pressenza.com\/es\/2019\/10\/murales-por-la-paz-en-colombia\/#primaryimage"},"thumbnailUrl":"https:\/\/www.pressenza.com\/wp-content\/uploads\/2019\/10\/FresquesPaixColombieMarche-mondiale.jpg","datePublished":"2019-10-13T00:31:55+00:00","description":"J\u00f3venes crean \u201cmurales por la paz\u201d en Bogot\u00e1, Colombia El arte del mural es una actividad que motiva a muchos j\u00f3venes, dando sentido a su expresi\u00f3n","breadcrumb":{"@id":"https:\/\/www.pressenza.com\/es\/2019\/10\/murales-por-la-paz-en-colombia\/#breadcrumb"},"inLanguage":"es","potentialAction":[{"@type":"ReadAction","target":["https:\/\/www.pressenza.com\/es\/2019\/10\/murales-por-la-paz-en-colombia\/"]}]},{"@type":"ImageObject","inLanguage":"es","@id":"https:\/\/www.pressenza.com\/es\/2019\/10\/murales-por-la-paz-en-colombia\/#primaryimage","url":"https:\/\/www.pressenza.com\/wp-content\/uploads\/2019\/10\/FresquesPaixColombieMarche-mondiale.jpg","contentUrl":"https:\/\/www.pressenza.com\/wp-content\/uploads\/2019\/10\/FresquesPaixColombieMarche-mondiale.jpg","width":750,"height":500,"caption":"Des fresques pour la paix en Colombie"},{"@type":"BreadcrumbList","@id":"https:\/\/www.pressenza.com\/es\/2019\/10\/murales-por-la-paz-en-colombia\/#breadcrumb","itemListElement":[{"@type":"ListItem","position":1,"name":"Accueil","item":"https:\/\/www.pressenza.com\/es\/"},{"@type":"ListItem","position":2,"name":"Murales por la paz en Colombia"}]},{"@type":"WebSite","@id":"https:\/\/www.pressenza.com\/es\/#website","url":"https:\/\/www.pressenza.com\/es\/","name":"Pressenza","description":"International Press Agency","publisher":{"@id":"https:\/\/www.pressenza.com\/es\/#organization"},"potentialAction":[{"@type":"SearchAction","target":{"@type":"EntryPoint","urlTemplate":"https:\/\/www.pressenza.com\/es\/?s={search_term_string}"},"query-input":{"@type":"PropertyValueSpecification","valueRequired":true,"valueName":"search_term_string"}}],"inLanguage":"es"},{"@type":"Organization","@id":"https:\/\/www.pressenza.com\/es\/#organization","name":"Pressenza","url":"https:\/\/www.pressenza.com\/es\/","logo":{"@type":"ImageObject","inLanguage":"es","@id":"https:\/\/www.pressenza.com\/es\/#\/schema\/logo\/image\/","url":"https:\/\/www.pressenza.com\/wp-content\/uploads\/2022\/10\/pressenza_logo_200x200.jpg","contentUrl":"https:\/\/www.pressenza.com\/wp-content\/uploads\/2022\/10\/pressenza_logo_200x200.jpg","width":200,"height":200,"caption":"Pressenza"},"image":{"@id":"https:\/\/www.pressenza.com\/es\/#\/schema\/logo\/image\/"},"sameAs":["https:\/\/www.facebook.com\/PressenzaItalia","https:\/\/x.com\/PressenzaIPA"]},{"@type":"Person","@id":"https:\/\/www.pressenza.com\/es\/#\/schema\/person\/3c9fe6670cc2cffbd37562f87b98e869","name":"R\u00e9daction France","description":"News published by the Pressenza bureau in France","sameAs":["http:\/\/www.pressenza.com\/fr"],"url":"https:\/\/www.pressenza.com\/es\/author\/redactionfrance\/"}]}},"place":"Colombia","original_article_url":"","_links":{"self":[{"href":"https:\/\/www.pressenza.com\/es\/wp-json\/wp\/v2\/posts\/942029","targetHints":{"allow":["GET"]}}],"collection":[{"href":"https:\/\/www.pressenza.com\/es\/wp-json\/wp\/v2\/posts"}],"about":[{"href":"https:\/\/www.pressenza.com\/es\/wp-json\/wp\/v2\/types\/post"}],"author":[{"embeddable":true,"href":"https:\/\/www.pressenza.com\/es\/wp-json\/wp\/v2\/users\/926"}],"replies":[{"embeddable":true,"href":"https:\/\/www.pressenza.com\/es\/wp-json\/wp\/v2\/comments?post=942029"}],"version-history":[{"count":0,"href":"https:\/\/www.pressenza.com\/es\/wp-json\/wp\/v2\/posts\/942029\/revisions"}],"wp:featuredmedia":[{"embeddable":true,"href":"https:\/\/www.pressenza.com\/es\/wp-json\/wp\/v2\/media\/940847"}],"wp:attachment":[{"href":"https:\/\/www.pressenza.com\/es\/wp-json\/wp\/v2\/media?parent=942029"}],"wp:term":[{"taxonomy":"category","embeddable":true,"href":"https:\/\/www.pressenza.com\/es\/wp-json\/wp\/v2\/categories?post=942029"},{"taxonomy":"post_tag","embeddable":true,"href":"https:\/\/www.pressenza.com\/es\/wp-json\/wp\/v2\/tags?post=942029"}],"curies":[{"name":"wp","href":"https:\/\/api.w.org\/{rel}","templated":true}]}}