{"id":941668,"date":"2019-10-12T21:47:42","date_gmt":"2019-10-12T20:47:42","guid":{"rendered":"https:\/\/www.pressenza.com\/?p=941668"},"modified":"2019-10-12T21:47:42","modified_gmt":"2019-10-12T20:47:42","slug":"nueva-burbuja-inmobiliaria-en-espana-que-afecta-a-alquiler-y-compra","status":"publish","type":"post","link":"https:\/\/www.pressenza.com\/es\/2019\/10\/nueva-burbuja-inmobiliaria-en-espana-que-afecta-a-alquiler-y-compra\/","title":{"rendered":"Nueva burbuja inmobiliaria en Espa\u00f1a, que afecta a alquiler y compra"},"content":{"rendered":"<p>Si quieren saber por qu\u00e9 y c\u00f3mo se han disparado los precios en alquiler en Espa\u00f1a provocando una gran burbuja y miles y miles de desahucios, les invitamos a que lean este <strong>\u00ab<a href=\"https:\/\/mobile.twitter.com\/Gil_JavierGil\/status\/1182571706835185664\">hilo<\/a>\u00ab<\/strong> que <a href=\"https:\/\/mobile.twitter.com\/Gil_JavierGil\"><strong>Javier Gil<\/strong><\/a> ha publicado en una red social.<\/p>\n<p>Es muy claro qui\u00e9nes se han beneficiado, qui\u00e9nes son los responsables pol\u00edticos que han permitido y facilitado este desastre, las v\u00edctimas&#8230;\u00a0 y el camino a seguir para dar soluciones a una situaci\u00f3n que ha producido un desplazamiento grav\u00edsimo de la poblaci\u00f3n del centro de las ciudades a la periferia y la inaccesibilidad a una vivienda para miles y miles de personas o la conversi\u00f3n en compradores de muchos inquilinos que no pueden pagar un alquiler.<\/p>\n<p>Gil termina diciendo \u00ab<span class=\"css-901oao css-16my406 r-1qd0xha r-ad9z0x r-bcqeeo r-qvutc0\">Si la burbuja se ha creado pol\u00edticamente desde el Congreso, tambi\u00e9n se puede revertir a trav\u00e9s de mecanismos pol\u00edticos. Por eso mismo, luchas como <\/span><span class=\"r-18u37iz\"><a class=\"css-4rbku5 css-18t94o4 css-901oao css-16my406 r-1n1174f r-1loqt21 r-1qd0xha r-ad9z0x r-bcqeeo r-qvutc0\" dir=\"ltr\" role=\"link\" href=\"https:\/\/mobile.twitter.com\/hashtag\/MadridVsBlackstone?src=hashtag_click\" data-focusable=\"true\">#MadridVsBlackstone<\/a><\/span><span class=\"css-901oao css-16my406 r-1qd0xha r-ad9z0x r-bcqeeo r-qvutc0\"> son tan importantes para acabar con la burbuja y conseguir alquileres dignos\u00bb. Reproducimos el #HILO tal cual.<\/span><\/p>\n<p><em><strong><a href=\"https:\/\/mobile.twitter.com\/Gil_JavierGil\">Por Javier Gil<\/a><\/strong> <\/em><\/p>\n<div>\n<div class=\"css-1dbjc4n r-1adg3ll\">\n<article class=\"css-1dbjc4n r-1loqt21 r-1udh08x r-o7ynqc r-1j63xyz\" tabindex=\"0\" role=\"article\" aria-haspopup=\"false\" data-focusable=\"true\">\n<div class=\"css-1dbjc4n r-1j3t67a\">\n<div class=\"css-1dbjc4n r-18u37iz r-thb0q2\" data-testid=\"tweet\">\n<div class=\"css-1dbjc4n r-1awozwy r-1iusvr4 r-16y2uox r-5f2r5o r-1gmbmnb r-bcqeeo\">\n<div class=\"css-1dbjc4n r-18kxxzh r-1wbh5a2 r-13qz1uu\">\n<div class=\"css-1dbjc4n r-1wbh5a2 r-dnmrzs\">\n<div class=\"css-1dbjc4n r-1adg3ll r-1udh08x\"><\/div>\n<\/div>\n<\/div>\n<\/div>\n<\/div>\n<\/div>\n<\/article>\n<\/div>\n<\/div>\n<div id=\"tweet-rich-content-label\" class=\"css-1dbjc4n r-156q2ks\" aria-labelledby=\"quote-tweet-label\">\n<div class=\"css-1dbjc4n\">\n<div class=\"css-1dbjc4n r-9x6qib r-t23y2h r-1phboty r-rs99b7 r-1udh08x r-o7ynqc r-1j63xyz\" aria-haspopup=\"false\">\n<div class=\"css-1dbjc4n\">\n<div class=\"css-1dbjc4n r-16y2uox r-1wbh5a2 r-1777fci r-1mi0q7o r-utggzx r-m611by\">\n<div class=\"css-1dbjc4n r-zl2h9q\">\n<div class=\"css-901oao css-cens5h r-1re7ezh r-1qd0xha r-a023e6 r-16dba41 r-ad9z0x r-bcqeeo r-qvutc0\" dir=\"auto\"><\/div>\n<div dir=\"auto\"><img loading=\"lazy\" decoding=\"async\" class=\"aligncenter size-full wp-image-941720\" src=\"https:\/\/www.pressenza.com\/wp-content\/uploads\/2019\/10\/1-1.jpg\" alt=\"\" width=\"598\" height=\"679\" srcset=\"https:\/\/www.pressenza.com\/wp-content\/uploads\/2019\/10\/1-1.jpg 598w, https:\/\/www.pressenza.com\/wp-content\/uploads\/2019\/10\/1-1-264x300.jpg 264w\" sizes=\"auto, (max-width: 598px) 100vw, 598px\" \/><\/div>\n<div dir=\"auto\"><img loading=\"lazy\" decoding=\"async\" class=\"aligncenter size-full wp-image-941711\" src=\"https:\/\/www.pressenza.com\/wp-content\/uploads\/2019\/10\/1-1.png\" alt=\"\" width=\"565\" height=\"682\" srcset=\"https:\/\/www.pressenza.com\/wp-content\/uploads\/2019\/10\/1-1.png 565w, https:\/\/www.pressenza.com\/wp-content\/uploads\/2019\/10\/1-1-249x300.png 249w\" sizes=\"auto, (max-width: 565px) 100vw, 565px\" \/><\/div>\n<\/div>\n<\/div>\n<\/div>\n<div dir=\"auto\"><\/div>\n<\/div>\n<\/div>\n<\/div>\n<p><img loading=\"lazy\" decoding=\"async\" class=\"aligncenter size-full wp-image-941729\" src=\"https:\/\/www.pressenza.com\/wp-content\/uploads\/2019\/10\/3-1.jpg\" alt=\"\" width=\"592\" height=\"642\" srcset=\"https:\/\/www.pressenza.com\/wp-content\/uploads\/2019\/10\/3-1.jpg 592w, https:\/\/www.pressenza.com\/wp-content\/uploads\/2019\/10\/3-1-277x300.jpg 277w\" sizes=\"auto, (max-width: 592px) 100vw, 592px\" \/><img loading=\"lazy\" decoding=\"async\" class=\"aligncenter size-full wp-image-941738\" src=\"https:\/\/www.pressenza.com\/wp-content\/uploads\/2019\/10\/4-1.jpg\" alt=\"\" width=\"587\" height=\"517\" srcset=\"https:\/\/www.pressenza.com\/wp-content\/uploads\/2019\/10\/4-1.jpg 587w, https:\/\/www.pressenza.com\/wp-content\/uploads\/2019\/10\/4-1-300x264.jpg 300w\" sizes=\"auto, (max-width: 587px) 100vw, 587px\" \/><img loading=\"lazy\" decoding=\"async\" class=\"aligncenter size-full wp-image-941747\" src=\"https:\/\/www.pressenza.com\/wp-content\/uploads\/2019\/10\/5-1.jpg\" alt=\"\" width=\"597\" height=\"186\" srcset=\"https:\/\/www.pressenza.com\/wp-content\/uploads\/2019\/10\/5-1.jpg 597w, https:\/\/www.pressenza.com\/wp-content\/uploads\/2019\/10\/5-1-300x93.jpg 300w\" sizes=\"auto, (max-width: 597px) 100vw, 597px\" \/><img loading=\"lazy\" decoding=\"async\" class=\"aligncenter size-full wp-image-941774\" src=\"https:\/\/www.pressenza.com\/wp-content\/uploads\/2019\/10\/6-2.jpg\" alt=\"\" width=\"601\" height=\"478\" srcset=\"https:\/\/www.pressenza.com\/wp-content\/uploads\/2019\/10\/6-2.jpg 601w, https:\/\/www.pressenza.com\/wp-content\/uploads\/2019\/10\/6-2-300x239.jpg 300w\" sizes=\"auto, (max-width: 601px) 100vw, 601px\" \/><img loading=\"lazy\" decoding=\"async\" class=\"aligncenter size-full wp-image-941783\" src=\"https:\/\/www.pressenza.com\/wp-content\/uploads\/2019\/10\/7.jpg\" alt=\"\" width=\"598\" height=\"647\" srcset=\"https:\/\/www.pressenza.com\/wp-content\/uploads\/2019\/10\/7.jpg 598w, https:\/\/www.pressenza.com\/wp-content\/uploads\/2019\/10\/7-277x300.jpg 277w\" sizes=\"auto, (max-width: 598px) 100vw, 598px\" \/><\/p>\n<p>&nbsp;<\/p>\n<p><em><strong>Javier Gil\u00a0 escribe sobre<span class=\"css-901oao css-16my406 r-1qd0xha r-ad9z0x r-bcqeeo r-qvutc0\"> vivienda, fondos buitre y Airbnb. Doctor en sociolog\u00eda por la UNED y defiende el derecho a la vivienda con<\/span><\/strong><\/em><span class=\"r-18u37iz\"><a class=\"css-4rbku5 css-18t94o4 css-901oao css-16my406 r-1n1174f r-1loqt21 r-1qd0xha r-ad9z0x r-bcqeeo r-qvutc0\" dir=\"ltr\" role=\"link\" href=\"https:\/\/mobile.twitter.com\/InquilinatoMad\" data-focusable=\"true\"><em><strong>@InquilinatoMad<\/strong><\/em><\/a><\/span><\/p>\n<div class=\"css-1dbjc4n r-1adg3ll r-15d164r\">\n<div class=\"css-901oao r-hkyrab r-1qd0xha r-a023e6 r-16dba41 r-ad9z0x r-bcqeeo r-qvutc0\" dir=\"auto\" data-testid=\"UserDescription\"><span class=\"css-901oao css-16my406 r-1qd0xha r-ad9z0x r-bcqeeo r-qvutc0\">.<\/span><\/div>\n<\/div>\n<p><em><strong>\u00a0<\/strong><\/em><\/p>\n","protected":false},"excerpt":{"rendered":"<p>Si quieren saber por qu\u00e9 y c\u00f3mo se han disparado los precios en alquiler en Espa\u00f1a provocando una gran burbuja y miles y miles de desahucios, les invitamos a que lean este \u00abhilo\u00ab que Javier Gil ha publicado en una&hellip;<\/p>\n","protected":false},"author":1681,"featured_media":941792,"comment_status":"closed","ping_status":"closed","sticky":false,"template":"","format":"standard","meta":{"footnotes":""},"categories":[11389,79,66,74,63],"tags":[65272,15883,21035,1065,11021,65273,47323],"class_list":["post-941668","post","type-post","status-publish","format-standard","has-post-thumbnail","hentry","category-contenido-original","category-derechos-humanos","category-europa-es","category-politica-es","category-region-es","tag-alquileres","tag-blackstone","tag-burbuja-inmobiliaria","tag-espana","tag-fondos-buitre","tag-inquilinato-madrid","tag-sindicato-de-inquilinas-e-inquilinos-de-madrid"],"yoast_head":"<!-- This site is optimized with the Yoast SEO plugin v27.1.1 - https:\/\/yoast.com\/product\/yoast-seo-wordpress\/ -->\n<title>Nueva burbuja inmobiliaria en Espa\u00f1a, que afecta a alquiler y compra<\/title>\n<meta name=\"description\" content=\"Si quieren saber por qu\u00e9 y c\u00f3mo se han disparado los precios en alquiler en Espa\u00f1a provocando una gran burbuja y miles y miles de desahucios, les\" \/>\n<meta name=\"robots\" content=\"index, follow, max-snippet:-1, max-image-preview:large, max-video-preview:-1\" \/>\n<link rel=\"canonical\" href=\"https:\/\/www.pressenza.com\/es\/2019\/10\/nueva-burbuja-inmobiliaria-en-espana-que-afecta-a-alquiler-y-compra\/\" \/>\n<meta property=\"og:locale\" content=\"es_ES\" \/>\n<meta property=\"og:type\" content=\"article\" \/>\n<meta property=\"og:title\" content=\"Nueva burbuja inmobiliaria en Espa\u00f1a, que afecta a alquiler y compra\" \/>\n<meta property=\"og:description\" content=\"Si quieren saber por qu\u00e9 y c\u00f3mo se han disparado los precios en alquiler en Espa\u00f1a provocando una gran burbuja y miles y miles de desahucios, les\" \/>\n<meta property=\"og:url\" content=\"https:\/\/www.pressenza.com\/es\/2019\/10\/nueva-burbuja-inmobiliaria-en-espana-que-afecta-a-alquiler-y-compra\/\" \/>\n<meta property=\"og:site_name\" content=\"Pressenza\" \/>\n<meta property=\"article:publisher\" content=\"https:\/\/www.facebook.com\/PressenzaItalia\" \/>\n<meta property=\"article:published_time\" content=\"2019-10-12T20:47:42+00:00\" \/>\n<meta property=\"og:image\" content=\"https:\/\/www.pressenza.com\/wp-content\/uploads\/2019\/10\/Bloques-en-lucha-durante-la-manifestaci\u00f3n-del-pasado-5-de-octubre_-@InquilinatoMad.jpg\" \/>\n\t<meta property=\"og:image:width\" content=\"680\" \/>\n\t<meta property=\"og:image:height\" content=\"430\" \/>\n\t<meta property=\"og:image:type\" content=\"image\/jpeg\" \/>\n<meta name=\"author\" content=\"Redacci\u00f3n Espa\u00f1a\" \/>\n<meta name=\"twitter:card\" content=\"summary_large_image\" \/>\n<meta name=\"twitter:creator\" content=\"@PressenzaIPA\" \/>\n<meta name=\"twitter:site\" content=\"@PressenzaIPA\" \/>\n<meta name=\"twitter:label1\" content=\"Escrito por\" \/>\n\t<meta name=\"twitter:data1\" content=\"Redacci\u00f3n Espa\u00f1a\" \/>\n\t<meta name=\"twitter:label2\" content=\"Tiempo de lectura\" \/>\n\t<meta name=\"twitter:data2\" content=\"1 minuto\" \/>\n<script type=\"application\/ld+json\" class=\"yoast-schema-graph\">{\"@context\":\"https:\/\/schema.org\",\"@graph\":[{\"@type\":\"Article\",\"@id\":\"https:\/\/www.pressenza.com\/es\/2019\/10\/nueva-burbuja-inmobiliaria-en-espana-que-afecta-a-alquiler-y-compra\/#article\",\"isPartOf\":{\"@id\":\"https:\/\/www.pressenza.com\/es\/2019\/10\/nueva-burbuja-inmobiliaria-en-espana-que-afecta-a-alquiler-y-compra\/\"},\"author\":{\"name\":\"Redacci\u00f3n Espa\u00f1a\",\"@id\":\"https:\/\/www.pressenza.com\/es\/#\/schema\/person\/fffbbe2f14495897417f313a954dae23\"},\"headline\":\"Nueva burbuja inmobiliaria en Espa\u00f1a, que afecta a alquiler y compra\",\"datePublished\":\"2019-10-12T20:47:42+00:00\",\"mainEntityOfPage\":{\"@id\":\"https:\/\/www.pressenza.com\/es\/2019\/10\/nueva-burbuja-inmobiliaria-en-espana-que-afecta-a-alquiler-y-compra\/\"},\"wordCount\":217,\"publisher\":{\"@id\":\"https:\/\/www.pressenza.com\/es\/#organization\"},\"image\":{\"@id\":\"https:\/\/www.pressenza.com\/es\/2019\/10\/nueva-burbuja-inmobiliaria-en-espana-que-afecta-a-alquiler-y-compra\/#primaryimage\"},\"thumbnailUrl\":\"https:\/\/www.pressenza.com\/wp-content\/uploads\/2019\/10\/Bloques-en-lucha-durante-la-manifestaci\u00f3n-del-pasado-5-de-octubre_-@InquilinatoMad.jpg\",\"keywords\":[\"Alquileres\",\"Blackstone\",\"burbuja inmobiliaria\",\"Espa\u00f1a\",\"fondos buitre\",\"Inquilinato Madrid\",\"Sindicato de Inquilinas e Inquilinos de Madrid\"],\"articleSection\":[\"Contenido Original\",\"Derechos Humanos\",\"Europa\",\"Pol\u00edtica\",\"Regi\u00f3n\"],\"inLanguage\":\"es\"},{\"@type\":\"WebPage\",\"@id\":\"https:\/\/www.pressenza.com\/es\/2019\/10\/nueva-burbuja-inmobiliaria-en-espana-que-afecta-a-alquiler-y-compra\/\",\"url\":\"https:\/\/www.pressenza.com\/es\/2019\/10\/nueva-burbuja-inmobiliaria-en-espana-que-afecta-a-alquiler-y-compra\/\",\"name\":\"Nueva burbuja inmobiliaria en Espa\u00f1a, que afecta a alquiler y compra\",\"isPartOf\":{\"@id\":\"https:\/\/www.pressenza.com\/es\/#website\"},\"primaryImageOfPage\":{\"@id\":\"https:\/\/www.pressenza.com\/es\/2019\/10\/nueva-burbuja-inmobiliaria-en-espana-que-afecta-a-alquiler-y-compra\/#primaryimage\"},\"image\":{\"@id\":\"https:\/\/www.pressenza.com\/es\/2019\/10\/nueva-burbuja-inmobiliaria-en-espana-que-afecta-a-alquiler-y-compra\/#primaryimage\"},\"thumbnailUrl\":\"https:\/\/www.pressenza.com\/wp-content\/uploads\/2019\/10\/Bloques-en-lucha-durante-la-manifestaci\u00f3n-del-pasado-5-de-octubre_-@InquilinatoMad.jpg\",\"datePublished\":\"2019-10-12T20:47:42+00:00\",\"description\":\"Si quieren saber por qu\u00e9 y c\u00f3mo se han disparado los precios en alquiler en Espa\u00f1a provocando una gran burbuja y miles y miles de desahucios, les\",\"breadcrumb\":{\"@id\":\"https:\/\/www.pressenza.com\/es\/2019\/10\/nueva-burbuja-inmobiliaria-en-espana-que-afecta-a-alquiler-y-compra\/#breadcrumb\"},\"inLanguage\":\"es\",\"potentialAction\":[{\"@type\":\"ReadAction\",\"target\":[\"https:\/\/www.pressenza.com\/es\/2019\/10\/nueva-burbuja-inmobiliaria-en-espana-que-afecta-a-alquiler-y-compra\/\"]}]},{\"@type\":\"ImageObject\",\"inLanguage\":\"es\",\"@id\":\"https:\/\/www.pressenza.com\/es\/2019\/10\/nueva-burbuja-inmobiliaria-en-espana-que-afecta-a-alquiler-y-compra\/#primaryimage\",\"url\":\"https:\/\/www.pressenza.com\/wp-content\/uploads\/2019\/10\/Bloques-en-lucha-durante-la-manifestaci\u00f3n-del-pasado-5-de-octubre_-@InquilinatoMad.jpg\",\"contentUrl\":\"https:\/\/www.pressenza.com\/wp-content\/uploads\/2019\/10\/Bloques-en-lucha-durante-la-manifestaci\u00f3n-del-pasado-5-de-octubre_-@InquilinatoMad.jpg\",\"width\":680,\"height\":430,\"caption\":\"Bloques en lucha durante la manifestaci\u00f3n del pasado 5 de octubre\"},{\"@type\":\"BreadcrumbList\",\"@id\":\"https:\/\/www.pressenza.com\/es\/2019\/10\/nueva-burbuja-inmobiliaria-en-espana-que-afecta-a-alquiler-y-compra\/#breadcrumb\",\"itemListElement\":[{\"@type\":\"ListItem\",\"position\":1,\"name\":\"Accueil\",\"item\":\"https:\/\/www.pressenza.com\/es\/\"},{\"@type\":\"ListItem\",\"position\":2,\"name\":\"Nueva burbuja inmobiliaria en Espa\u00f1a, que afecta a alquiler y compra\"}]},{\"@type\":\"WebSite\",\"@id\":\"https:\/\/www.pressenza.com\/es\/#website\",\"url\":\"https:\/\/www.pressenza.com\/es\/\",\"name\":\"Pressenza\",\"description\":\"International Press Agency\",\"publisher\":{\"@id\":\"https:\/\/www.pressenza.com\/es\/#organization\"},\"potentialAction\":[{\"@type\":\"SearchAction\",\"target\":{\"@type\":\"EntryPoint\",\"urlTemplate\":\"https:\/\/www.pressenza.com\/es\/?s={search_term_string}\"},\"query-input\":{\"@type\":\"PropertyValueSpecification\",\"valueRequired\":true,\"valueName\":\"search_term_string\"}}],\"inLanguage\":\"es\"},{\"@type\":\"Organization\",\"@id\":\"https:\/\/www.pressenza.com\/es\/#organization\",\"name\":\"Pressenza\",\"url\":\"https:\/\/www.pressenza.com\/es\/\",\"logo\":{\"@type\":\"ImageObject\",\"inLanguage\":\"es\",\"@id\":\"https:\/\/www.pressenza.com\/es\/#\/schema\/logo\/image\/\",\"url\":\"https:\/\/www.pressenza.com\/wp-content\/uploads\/2022\/10\/pressenza_logo_200x200.jpg\",\"contentUrl\":\"https:\/\/www.pressenza.com\/wp-content\/uploads\/2022\/10\/pressenza_logo_200x200.jpg\",\"width\":200,\"height\":200,\"caption\":\"Pressenza\"},\"image\":{\"@id\":\"https:\/\/www.pressenza.com\/es\/#\/schema\/logo\/image\/\"},\"sameAs\":[\"https:\/\/www.facebook.com\/PressenzaItalia\",\"https:\/\/x.com\/PressenzaIPA\"]},{\"@type\":\"Person\",\"@id\":\"https:\/\/www.pressenza.com\/es\/#\/schema\/person\/fffbbe2f14495897417f313a954dae23\",\"name\":\"Redacci\u00f3n Espa\u00f1a\",\"url\":\"https:\/\/www.pressenza.com\/es\/author\/redaccion-espana\/\"}]}<\/script>\n<!-- \/ Yoast SEO plugin. -->","yoast_head_json":{"title":"Nueva burbuja inmobiliaria en Espa\u00f1a, que afecta a alquiler y compra","description":"Si quieren saber por qu\u00e9 y c\u00f3mo se han disparado los precios en alquiler en Espa\u00f1a provocando una gran burbuja y miles y miles de desahucios, les","robots":{"index":"index","follow":"follow","max-snippet":"max-snippet:-1","max-image-preview":"max-image-preview:large","max-video-preview":"max-video-preview:-1"},"canonical":"https:\/\/www.pressenza.com\/es\/2019\/10\/nueva-burbuja-inmobiliaria-en-espana-que-afecta-a-alquiler-y-compra\/","og_locale":"es_ES","og_type":"article","og_title":"Nueva burbuja inmobiliaria en Espa\u00f1a, que afecta a alquiler y compra","og_description":"Si quieren saber por qu\u00e9 y c\u00f3mo se han disparado los precios en alquiler en Espa\u00f1a provocando una gran burbuja y miles y miles de desahucios, les","og_url":"https:\/\/www.pressenza.com\/es\/2019\/10\/nueva-burbuja-inmobiliaria-en-espana-que-afecta-a-alquiler-y-compra\/","og_site_name":"Pressenza","article_publisher":"https:\/\/www.facebook.com\/PressenzaItalia","article_published_time":"2019-10-12T20:47:42+00:00","og_image":[{"width":680,"height":430,"url":"https:\/\/www.pressenza.com\/wp-content\/uploads\/2019\/10\/Bloques-en-lucha-durante-la-manifestaci\u00f3n-del-pasado-5-de-octubre_-@InquilinatoMad.jpg","type":"image\/jpeg"}],"author":"Redacci\u00f3n Espa\u00f1a","twitter_card":"summary_large_image","twitter_creator":"@PressenzaIPA","twitter_site":"@PressenzaIPA","twitter_misc":{"Escrito por":"Redacci\u00f3n Espa\u00f1a","Tiempo de lectura":"1 minuto"},"schema":{"@context":"https:\/\/schema.org","@graph":[{"@type":"Article","@id":"https:\/\/www.pressenza.com\/es\/2019\/10\/nueva-burbuja-inmobiliaria-en-espana-que-afecta-a-alquiler-y-compra\/#article","isPartOf":{"@id":"https:\/\/www.pressenza.com\/es\/2019\/10\/nueva-burbuja-inmobiliaria-en-espana-que-afecta-a-alquiler-y-compra\/"},"author":{"name":"Redacci\u00f3n Espa\u00f1a","@id":"https:\/\/www.pressenza.com\/es\/#\/schema\/person\/fffbbe2f14495897417f313a954dae23"},"headline":"Nueva burbuja inmobiliaria en Espa\u00f1a, que afecta a alquiler y compra","datePublished":"2019-10-12T20:47:42+00:00","mainEntityOfPage":{"@id":"https:\/\/www.pressenza.com\/es\/2019\/10\/nueva-burbuja-inmobiliaria-en-espana-que-afecta-a-alquiler-y-compra\/"},"wordCount":217,"publisher":{"@id":"https:\/\/www.pressenza.com\/es\/#organization"},"image":{"@id":"https:\/\/www.pressenza.com\/es\/2019\/10\/nueva-burbuja-inmobiliaria-en-espana-que-afecta-a-alquiler-y-compra\/#primaryimage"},"thumbnailUrl":"https:\/\/www.pressenza.com\/wp-content\/uploads\/2019\/10\/Bloques-en-lucha-durante-la-manifestaci\u00f3n-del-pasado-5-de-octubre_-@InquilinatoMad.jpg","keywords":["Alquileres","Blackstone","burbuja inmobiliaria","Espa\u00f1a","fondos buitre","Inquilinato Madrid","Sindicato de Inquilinas e Inquilinos de Madrid"],"articleSection":["Contenido Original","Derechos Humanos","Europa","Pol\u00edtica","Regi\u00f3n"],"inLanguage":"es"},{"@type":"WebPage","@id":"https:\/\/www.pressenza.com\/es\/2019\/10\/nueva-burbuja-inmobiliaria-en-espana-que-afecta-a-alquiler-y-compra\/","url":"https:\/\/www.pressenza.com\/es\/2019\/10\/nueva-burbuja-inmobiliaria-en-espana-que-afecta-a-alquiler-y-compra\/","name":"Nueva burbuja inmobiliaria en Espa\u00f1a, que afecta a alquiler y compra","isPartOf":{"@id":"https:\/\/www.pressenza.com\/es\/#website"},"primaryImageOfPage":{"@id":"https:\/\/www.pressenza.com\/es\/2019\/10\/nueva-burbuja-inmobiliaria-en-espana-que-afecta-a-alquiler-y-compra\/#primaryimage"},"image":{"@id":"https:\/\/www.pressenza.com\/es\/2019\/10\/nueva-burbuja-inmobiliaria-en-espana-que-afecta-a-alquiler-y-compra\/#primaryimage"},"thumbnailUrl":"https:\/\/www.pressenza.com\/wp-content\/uploads\/2019\/10\/Bloques-en-lucha-durante-la-manifestaci\u00f3n-del-pasado-5-de-octubre_-@InquilinatoMad.jpg","datePublished":"2019-10-12T20:47:42+00:00","description":"Si quieren saber por qu\u00e9 y c\u00f3mo se han disparado los precios en alquiler en Espa\u00f1a provocando una gran burbuja y miles y miles de desahucios, les","breadcrumb":{"@id":"https:\/\/www.pressenza.com\/es\/2019\/10\/nueva-burbuja-inmobiliaria-en-espana-que-afecta-a-alquiler-y-compra\/#breadcrumb"},"inLanguage":"es","potentialAction":[{"@type":"ReadAction","target":["https:\/\/www.pressenza.com\/es\/2019\/10\/nueva-burbuja-inmobiliaria-en-espana-que-afecta-a-alquiler-y-compra\/"]}]},{"@type":"ImageObject","inLanguage":"es","@id":"https:\/\/www.pressenza.com\/es\/2019\/10\/nueva-burbuja-inmobiliaria-en-espana-que-afecta-a-alquiler-y-compra\/#primaryimage","url":"https:\/\/www.pressenza.com\/wp-content\/uploads\/2019\/10\/Bloques-en-lucha-durante-la-manifestaci\u00f3n-del-pasado-5-de-octubre_-@InquilinatoMad.jpg","contentUrl":"https:\/\/www.pressenza.com\/wp-content\/uploads\/2019\/10\/Bloques-en-lucha-durante-la-manifestaci\u00f3n-del-pasado-5-de-octubre_-@InquilinatoMad.jpg","width":680,"height":430,"caption":"Bloques en lucha durante la manifestaci\u00f3n del pasado 5 de octubre"},{"@type":"BreadcrumbList","@id":"https:\/\/www.pressenza.com\/es\/2019\/10\/nueva-burbuja-inmobiliaria-en-espana-que-afecta-a-alquiler-y-compra\/#breadcrumb","itemListElement":[{"@type":"ListItem","position":1,"name":"Accueil","item":"https:\/\/www.pressenza.com\/es\/"},{"@type":"ListItem","position":2,"name":"Nueva burbuja inmobiliaria en Espa\u00f1a, que afecta a alquiler y compra"}]},{"@type":"WebSite","@id":"https:\/\/www.pressenza.com\/es\/#website","url":"https:\/\/www.pressenza.com\/es\/","name":"Pressenza","description":"International Press Agency","publisher":{"@id":"https:\/\/www.pressenza.com\/es\/#organization"},"potentialAction":[{"@type":"SearchAction","target":{"@type":"EntryPoint","urlTemplate":"https:\/\/www.pressenza.com\/es\/?s={search_term_string}"},"query-input":{"@type":"PropertyValueSpecification","valueRequired":true,"valueName":"search_term_string"}}],"inLanguage":"es"},{"@type":"Organization","@id":"https:\/\/www.pressenza.com\/es\/#organization","name":"Pressenza","url":"https:\/\/www.pressenza.com\/es\/","logo":{"@type":"ImageObject","inLanguage":"es","@id":"https:\/\/www.pressenza.com\/es\/#\/schema\/logo\/image\/","url":"https:\/\/www.pressenza.com\/wp-content\/uploads\/2022\/10\/pressenza_logo_200x200.jpg","contentUrl":"https:\/\/www.pressenza.com\/wp-content\/uploads\/2022\/10\/pressenza_logo_200x200.jpg","width":200,"height":200,"caption":"Pressenza"},"image":{"@id":"https:\/\/www.pressenza.com\/es\/#\/schema\/logo\/image\/"},"sameAs":["https:\/\/www.facebook.com\/PressenzaItalia","https:\/\/x.com\/PressenzaIPA"]},{"@type":"Person","@id":"https:\/\/www.pressenza.com\/es\/#\/schema\/person\/fffbbe2f14495897417f313a954dae23","name":"Redacci\u00f3n Espa\u00f1a","url":"https:\/\/www.pressenza.com\/es\/author\/redaccion-espana\/"}]}},"place":"Madrid","original_article_url":"","_links":{"self":[{"href":"https:\/\/www.pressenza.com\/es\/wp-json\/wp\/v2\/posts\/941668","targetHints":{"allow":["GET"]}}],"collection":[{"href":"https:\/\/www.pressenza.com\/es\/wp-json\/wp\/v2\/posts"}],"about":[{"href":"https:\/\/www.pressenza.com\/es\/wp-json\/wp\/v2\/types\/post"}],"author":[{"embeddable":true,"href":"https:\/\/www.pressenza.com\/es\/wp-json\/wp\/v2\/users\/1681"}],"replies":[{"embeddable":true,"href":"https:\/\/www.pressenza.com\/es\/wp-json\/wp\/v2\/comments?post=941668"}],"version-history":[{"count":0,"href":"https:\/\/www.pressenza.com\/es\/wp-json\/wp\/v2\/posts\/941668\/revisions"}],"wp:featuredmedia":[{"embeddable":true,"href":"https:\/\/www.pressenza.com\/es\/wp-json\/wp\/v2\/media\/941792"}],"wp:attachment":[{"href":"https:\/\/www.pressenza.com\/es\/wp-json\/wp\/v2\/media?parent=941668"}],"wp:term":[{"taxonomy":"category","embeddable":true,"href":"https:\/\/www.pressenza.com\/es\/wp-json\/wp\/v2\/categories?post=941668"},{"taxonomy":"post_tag","embeddable":true,"href":"https:\/\/www.pressenza.com\/es\/wp-json\/wp\/v2\/tags?post=941668"}],"curies":[{"name":"wp","href":"https:\/\/api.w.org\/{rel}","templated":true}]}}