{"id":940943,"date":"2019-10-12T03:37:31","date_gmt":"2019-10-12T02:37:31","guid":{"rendered":"https:\/\/www.pressenza.com\/?p=940943"},"modified":"2019-10-12T03:37:31","modified_gmt":"2019-10-12T02:37:31","slug":"ecuador-la-resistencia-continua","status":"publish","type":"post","link":"https:\/\/www.pressenza.com\/es\/2019\/10\/ecuador-la-resistencia-continua\/","title":{"rendered":"Ecuador: la resistencia contin\u00faa"},"content":{"rendered":"<p><em>Fotograf\u00edas: Marcelo Rivera, William Tip\u00e1n y Walker Vizcarra<\/em><\/p>\n<p><em>Video: Walker Vizcarra<\/em><\/p>\n<p><iframe loading=\"lazy\" title=\"Convocando\" width=\"500\" height=\"281\" src=\"https:\/\/www.youtube.com\/embed\/0fB6EW6T0go?feature=oembed\" frameborder=\"0\" allow=\"accelerometer; autoplay; clipboard-write; encrypted-media; gyroscope; picture-in-picture; web-share\" referrerpolicy=\"strict-origin-when-cross-origin\" allowfullscreen><\/iframe><\/p>\n<p>Ecuador lleva 9 d\u00edas de protestas y paralizaci\u00f3n a nivel nacional, luego de haberse decretado la eliminaci\u00f3n de subsidios y otras medidas econ\u00f3micas por decreto ejecutivo.<\/p>\n<p><img loading=\"lazy\" decoding=\"async\" class=\"aligncenter size-large wp-image-941080\" src=\"https:\/\/www.pressenza.com\/wp-content\/uploads\/2019\/10\/P1044448-Marcha-11-OCT-720x508.jpg\" alt=\"\" width=\"720\" height=\"508\" srcset=\"https:\/\/www.pressenza.com\/wp-content\/uploads\/2019\/10\/P1044448-Marcha-11-OCT-720x508.jpg 720w, https:\/\/www.pressenza.com\/wp-content\/uploads\/2019\/10\/P1044448-Marcha-11-OCT-300x212.jpg 300w, https:\/\/www.pressenza.com\/wp-content\/uploads\/2019\/10\/P1044448-Marcha-11-OCT-768x542.jpg 768w, https:\/\/www.pressenza.com\/wp-content\/uploads\/2019\/10\/P1044448-Marcha-11-OCT.jpg 2000w\" sizes=\"auto, (max-width: 720px) 100vw, 720px\" \/><\/p>\n<p><img loading=\"lazy\" decoding=\"async\" class=\"aligncenter size-large wp-image-941008\" src=\"https:\/\/www.pressenza.com\/wp-content\/uploads\/2019\/10\/IMG_8362-Marcha-11-OCT-720x508.jpg\" alt=\"\" width=\"720\" height=\"508\" srcset=\"https:\/\/www.pressenza.com\/wp-content\/uploads\/2019\/10\/IMG_8362-Marcha-11-OCT-720x508.jpg 720w, https:\/\/www.pressenza.com\/wp-content\/uploads\/2019\/10\/IMG_8362-Marcha-11-OCT-300x212.jpg 300w, https:\/\/www.pressenza.com\/wp-content\/uploads\/2019\/10\/IMG_8362-Marcha-11-OCT-768x542.jpg 768w, https:\/\/www.pressenza.com\/wp-content\/uploads\/2019\/10\/IMG_8362-Marcha-11-OCT.jpg 2000w\" sizes=\"auto, (max-width: 720px) 100vw, 720px\" \/><\/p>\n<p><img loading=\"lazy\" decoding=\"async\" class=\"aligncenter size-large wp-image-940999\" src=\"https:\/\/www.pressenza.com\/wp-content\/uploads\/2019\/10\/IMG_8316-Marcha-11-OCT-720x508.jpg\" alt=\"\" width=\"720\" height=\"508\" srcset=\"https:\/\/www.pressenza.com\/wp-content\/uploads\/2019\/10\/IMG_8316-Marcha-11-OCT-720x508.jpg 720w, https:\/\/www.pressenza.com\/wp-content\/uploads\/2019\/10\/IMG_8316-Marcha-11-OCT-300x212.jpg 300w, https:\/\/www.pressenza.com\/wp-content\/uploads\/2019\/10\/IMG_8316-Marcha-11-OCT-768x542.jpg 768w, https:\/\/www.pressenza.com\/wp-content\/uploads\/2019\/10\/IMG_8316-Marcha-11-OCT.jpg 2008w\" sizes=\"auto, (max-width: 720px) 100vw, 720px\" \/><\/p>\n<p><img loading=\"lazy\" decoding=\"async\" class=\"aligncenter size-large wp-image-941107\" src=\"https:\/\/www.pressenza.com\/wp-content\/uploads\/2019\/10\/P1044560-Marcha-11-OCT-720x508.jpg\" alt=\"\" width=\"720\" height=\"508\" srcset=\"https:\/\/www.pressenza.com\/wp-content\/uploads\/2019\/10\/P1044560-Marcha-11-OCT-720x508.jpg 720w, https:\/\/www.pressenza.com\/wp-content\/uploads\/2019\/10\/P1044560-Marcha-11-OCT-300x212.jpg 300w, https:\/\/www.pressenza.com\/wp-content\/uploads\/2019\/10\/P1044560-Marcha-11-OCT-768x542.jpg 768w, https:\/\/www.pressenza.com\/wp-content\/uploads\/2019\/10\/P1044560-Marcha-11-OCT.jpg 2000w\" sizes=\"auto, (max-width: 720px) 100vw, 720px\" \/><\/p>\n<p><img loading=\"lazy\" decoding=\"async\" class=\"aligncenter size-large wp-image-941062\" src=\"https:\/\/www.pressenza.com\/wp-content\/uploads\/2019\/10\/IMG_8654-Marcha-11-OCT-720x508.jpg\" alt=\"\" width=\"720\" height=\"508\" srcset=\"https:\/\/www.pressenza.com\/wp-content\/uploads\/2019\/10\/IMG_8654-Marcha-11-OCT-720x508.jpg 720w, https:\/\/www.pressenza.com\/wp-content\/uploads\/2019\/10\/IMG_8654-Marcha-11-OCT-300x212.jpg 300w, https:\/\/www.pressenza.com\/wp-content\/uploads\/2019\/10\/IMG_8654-Marcha-11-OCT-768x542.jpg 768w, https:\/\/www.pressenza.com\/wp-content\/uploads\/2019\/10\/IMG_8654-Marcha-11-OCT.jpg 2000w\" sizes=\"auto, (max-width: 720px) 100vw, 720px\" \/><\/p>\n<p>Las jornadas de protesta han ido subiendo de tono y la fuerza policial ha mostrado su lado m\u00e1s represor.\u00a0 Las movilizaciones se han concentrado en las zonas aleda\u00f1as a la Asamblea Nacional, en el centro norte de la ciudad.\u00a0 Las posibilidades de di\u00e1logo no se ven cercanas. La zozobra contin\u00faa, mientras el n\u00famero de personas heridas y detenidas, as\u00ed como la p\u00e9rdida de vidas, aumentan.<\/p>\n<p><img loading=\"lazy\" decoding=\"async\" class=\"aligncenter size-large wp-image-941035\" src=\"https:\/\/www.pressenza.com\/wp-content\/uploads\/2019\/10\/IMG_8487-Marcha-11-OCT-720x508.jpg\" alt=\"\" width=\"720\" height=\"508\" srcset=\"https:\/\/www.pressenza.com\/wp-content\/uploads\/2019\/10\/IMG_8487-Marcha-11-OCT-720x508.jpg 720w, https:\/\/www.pressenza.com\/wp-content\/uploads\/2019\/10\/IMG_8487-Marcha-11-OCT-300x212.jpg 300w, https:\/\/www.pressenza.com\/wp-content\/uploads\/2019\/10\/IMG_8487-Marcha-11-OCT-768x542.jpg 768w, https:\/\/www.pressenza.com\/wp-content\/uploads\/2019\/10\/IMG_8487-Marcha-11-OCT.jpg 2000w\" sizes=\"auto, (max-width: 720px) 100vw, 720px\" \/><\/p>\n<p><img loading=\"lazy\" decoding=\"async\" class=\"aligncenter size-large wp-image-941098\" src=\"https:\/\/www.pressenza.com\/wp-content\/uploads\/2019\/10\/P1044505-Marcha-11-OCT-720x508.jpg\" alt=\"\" width=\"720\" height=\"508\" srcset=\"https:\/\/www.pressenza.com\/wp-content\/uploads\/2019\/10\/P1044505-Marcha-11-OCT-720x508.jpg 720w, https:\/\/www.pressenza.com\/wp-content\/uploads\/2019\/10\/P1044505-Marcha-11-OCT-300x212.jpg 300w, https:\/\/www.pressenza.com\/wp-content\/uploads\/2019\/10\/P1044505-Marcha-11-OCT-768x542.jpg 768w, https:\/\/www.pressenza.com\/wp-content\/uploads\/2019\/10\/P1044505-Marcha-11-OCT.jpg 2000w\" sizes=\"auto, (max-width: 720px) 100vw, 720px\" \/><\/p>\n<p><img loading=\"lazy\" decoding=\"async\" class=\"aligncenter size-large wp-image-940990\" src=\"https:\/\/www.pressenza.com\/wp-content\/uploads\/2019\/10\/IMG_8313-Marcha-11-OCT-720x508.jpg\" alt=\"\" width=\"720\" height=\"508\" srcset=\"https:\/\/www.pressenza.com\/wp-content\/uploads\/2019\/10\/IMG_8313-Marcha-11-OCT-720x508.jpg 720w, https:\/\/www.pressenza.com\/wp-content\/uploads\/2019\/10\/IMG_8313-Marcha-11-OCT-300x212.jpg 300w, https:\/\/www.pressenza.com\/wp-content\/uploads\/2019\/10\/IMG_8313-Marcha-11-OCT-768x542.jpg 768w, https:\/\/www.pressenza.com\/wp-content\/uploads\/2019\/10\/IMG_8313-Marcha-11-OCT.jpg 2000w\" sizes=\"auto, (max-width: 720px) 100vw, 720px\" \/><\/p>\n<p><img loading=\"lazy\" decoding=\"async\" class=\"aligncenter size-large wp-image-940963\" src=\"https:\/\/www.pressenza.com\/wp-content\/uploads\/2019\/10\/IMG_6822-Marcha-11-OCT-720x508.jpg\" alt=\"\" width=\"720\" height=\"508\" srcset=\"https:\/\/www.pressenza.com\/wp-content\/uploads\/2019\/10\/IMG_6822-Marcha-11-OCT-720x508.jpg 720w, https:\/\/www.pressenza.com\/wp-content\/uploads\/2019\/10\/IMG_6822-Marcha-11-OCT-300x212.jpg 300w, https:\/\/www.pressenza.com\/wp-content\/uploads\/2019\/10\/IMG_6822-Marcha-11-OCT-768x542.jpg 768w, https:\/\/www.pressenza.com\/wp-content\/uploads\/2019\/10\/IMG_6822-Marcha-11-OCT.jpg 2000w\" sizes=\"auto, (max-width: 720px) 100vw, 720px\" \/><\/p>\n<p><img loading=\"lazy\" decoding=\"async\" class=\"aligncenter size-large wp-image-940954\" src=\"https:\/\/www.pressenza.com\/wp-content\/uploads\/2019\/10\/IMG_6814-Marcha-11-OCT-720x508.jpg\" alt=\"\" width=\"720\" height=\"508\" srcset=\"https:\/\/www.pressenza.com\/wp-content\/uploads\/2019\/10\/IMG_6814-Marcha-11-OCT-720x508.jpg 720w, https:\/\/www.pressenza.com\/wp-content\/uploads\/2019\/10\/IMG_6814-Marcha-11-OCT-300x212.jpg 300w, https:\/\/www.pressenza.com\/wp-content\/uploads\/2019\/10\/IMG_6814-Marcha-11-OCT-768x542.jpg 768w, https:\/\/www.pressenza.com\/wp-content\/uploads\/2019\/10\/IMG_6814-Marcha-11-OCT.jpg 2000w\" sizes=\"auto, (max-width: 720px) 100vw, 720px\" \/><\/p>\n<p><img loading=\"lazy\" decoding=\"async\" class=\"aligncenter size-large wp-image-941017\" src=\"https:\/\/www.pressenza.com\/wp-content\/uploads\/2019\/10\/IMG_8413-Marcha-11-OCT-720x508.jpg\" alt=\"\" width=\"720\" height=\"508\" srcset=\"https:\/\/www.pressenza.com\/wp-content\/uploads\/2019\/10\/IMG_8413-Marcha-11-OCT-720x508.jpg 720w, https:\/\/www.pressenza.com\/wp-content\/uploads\/2019\/10\/IMG_8413-Marcha-11-OCT-300x212.jpg 300w, https:\/\/www.pressenza.com\/wp-content\/uploads\/2019\/10\/IMG_8413-Marcha-11-OCT-768x542.jpg 768w, https:\/\/www.pressenza.com\/wp-content\/uploads\/2019\/10\/IMG_8413-Marcha-11-OCT.jpg 2008w\" sizes=\"auto, (max-width: 720px) 100vw, 720px\" \/><\/p>\n<p><img loading=\"lazy\" decoding=\"async\" class=\"aligncenter size-large wp-image-941044\" src=\"https:\/\/www.pressenza.com\/wp-content\/uploads\/2019\/10\/IMG_8517-Marcha-11-OCT-720x508.jpg\" alt=\"\" width=\"720\" height=\"508\" srcset=\"https:\/\/www.pressenza.com\/wp-content\/uploads\/2019\/10\/IMG_8517-Marcha-11-OCT-720x508.jpg 720w, https:\/\/www.pressenza.com\/wp-content\/uploads\/2019\/10\/IMG_8517-Marcha-11-OCT-300x212.jpg 300w, https:\/\/www.pressenza.com\/wp-content\/uploads\/2019\/10\/IMG_8517-Marcha-11-OCT-768x542.jpg 768w, https:\/\/www.pressenza.com\/wp-content\/uploads\/2019\/10\/IMG_8517-Marcha-11-OCT.jpg 2000w\" sizes=\"auto, (max-width: 720px) 100vw, 720px\" \/><\/p>\n<p><img loading=\"lazy\" decoding=\"async\" class=\"aligncenter size-large wp-image-941026\" src=\"https:\/\/www.pressenza.com\/wp-content\/uploads\/2019\/10\/IMG_8475-Marcha-11-OCT-720x508.jpg\" alt=\"\" width=\"720\" height=\"508\" srcset=\"https:\/\/www.pressenza.com\/wp-content\/uploads\/2019\/10\/IMG_8475-Marcha-11-OCT-720x508.jpg 720w, https:\/\/www.pressenza.com\/wp-content\/uploads\/2019\/10\/IMG_8475-Marcha-11-OCT-300x212.jpg 300w, https:\/\/www.pressenza.com\/wp-content\/uploads\/2019\/10\/IMG_8475-Marcha-11-OCT-768x542.jpg 768w, https:\/\/www.pressenza.com\/wp-content\/uploads\/2019\/10\/IMG_8475-Marcha-11-OCT.jpg 2000w\" sizes=\"auto, (max-width: 720px) 100vw, 720px\" \/><\/p>\n<p><img loading=\"lazy\" decoding=\"async\" class=\"aligncenter size-large wp-image-941053\" src=\"https:\/\/www.pressenza.com\/wp-content\/uploads\/2019\/10\/IMG_8643-Marcha-11-OCT-720x508.jpg\" alt=\"\" width=\"720\" height=\"508\" srcset=\"https:\/\/www.pressenza.com\/wp-content\/uploads\/2019\/10\/IMG_8643-Marcha-11-OCT-720x508.jpg 720w, https:\/\/www.pressenza.com\/wp-content\/uploads\/2019\/10\/IMG_8643-Marcha-11-OCT-300x212.jpg 300w, https:\/\/www.pressenza.com\/wp-content\/uploads\/2019\/10\/IMG_8643-Marcha-11-OCT-768x542.jpg 768w, https:\/\/www.pressenza.com\/wp-content\/uploads\/2019\/10\/IMG_8643-Marcha-11-OCT.jpg 2000w\" sizes=\"auto, (max-width: 720px) 100vw, 720px\" \/><\/p>\n<p><img loading=\"lazy\" decoding=\"async\" class=\"aligncenter size-large wp-image-940972\" src=\"https:\/\/www.pressenza.com\/wp-content\/uploads\/2019\/10\/IMG_6856-Marcha-11-OCT-720x508.jpg\" alt=\"\" width=\"720\" height=\"508\" srcset=\"https:\/\/www.pressenza.com\/wp-content\/uploads\/2019\/10\/IMG_6856-Marcha-11-OCT-720x508.jpg 720w, https:\/\/www.pressenza.com\/wp-content\/uploads\/2019\/10\/IMG_6856-Marcha-11-OCT-300x212.jpg 300w, https:\/\/www.pressenza.com\/wp-content\/uploads\/2019\/10\/IMG_6856-Marcha-11-OCT-768x542.jpg 768w, https:\/\/www.pressenza.com\/wp-content\/uploads\/2019\/10\/IMG_6856-Marcha-11-OCT.jpg 2000w\" sizes=\"auto, (max-width: 720px) 100vw, 720px\" \/><\/p>\n<p><img loading=\"lazy\" decoding=\"async\" class=\"aligncenter size-large wp-image-941116\" src=\"https:\/\/www.pressenza.com\/wp-content\/uploads\/2019\/10\/P1044580-Marcha-11-OCT-720x508.jpg\" alt=\"\" width=\"720\" height=\"508\" srcset=\"https:\/\/www.pressenza.com\/wp-content\/uploads\/2019\/10\/P1044580-Marcha-11-OCT-720x508.jpg 720w, https:\/\/www.pressenza.com\/wp-content\/uploads\/2019\/10\/P1044580-Marcha-11-OCT-300x212.jpg 300w, https:\/\/www.pressenza.com\/wp-content\/uploads\/2019\/10\/P1044580-Marcha-11-OCT-768x542.jpg 768w, https:\/\/www.pressenza.com\/wp-content\/uploads\/2019\/10\/P1044580-Marcha-11-OCT.jpg 2000w\" sizes=\"auto, (max-width: 720px) 100vw, 720px\" \/><\/p>\n<p><img loading=\"lazy\" decoding=\"async\" class=\"aligncenter size-large wp-image-941089\" src=\"https:\/\/www.pressenza.com\/wp-content\/uploads\/2019\/10\/P1044502-Marcha-11-OCT-720x508.jpg\" alt=\"\" width=\"720\" height=\"508\" srcset=\"https:\/\/www.pressenza.com\/wp-content\/uploads\/2019\/10\/P1044502-Marcha-11-OCT-720x508.jpg 720w, https:\/\/www.pressenza.com\/wp-content\/uploads\/2019\/10\/P1044502-Marcha-11-OCT-300x212.jpg 300w, https:\/\/www.pressenza.com\/wp-content\/uploads\/2019\/10\/P1044502-Marcha-11-OCT-768x542.jpg 768w, https:\/\/www.pressenza.com\/wp-content\/uploads\/2019\/10\/P1044502-Marcha-11-OCT.jpg 2000w\" sizes=\"auto, (max-width: 720px) 100vw, 720px\" \/><\/p>\n<p><img loading=\"lazy\" decoding=\"async\" class=\"aligncenter size-large wp-image-941071\" src=\"https:\/\/www.pressenza.com\/wp-content\/uploads\/2019\/10\/IMG_8678-Marcha-11OCT-720x508.jpg\" alt=\"\" width=\"720\" height=\"508\" srcset=\"https:\/\/www.pressenza.com\/wp-content\/uploads\/2019\/10\/IMG_8678-Marcha-11OCT-720x508.jpg 720w, https:\/\/www.pressenza.com\/wp-content\/uploads\/2019\/10\/IMG_8678-Marcha-11OCT-300x212.jpg 300w, https:\/\/www.pressenza.com\/wp-content\/uploads\/2019\/10\/IMG_8678-Marcha-11OCT-768x542.jpg 768w, https:\/\/www.pressenza.com\/wp-content\/uploads\/2019\/10\/IMG_8678-Marcha-11OCT.jpg 2000w\" sizes=\"auto, (max-width: 720px) 100vw, 720px\" \/><\/p>\n<p><img loading=\"lazy\" decoding=\"async\" class=\"aligncenter size-large wp-image-940981\" src=\"https:\/\/www.pressenza.com\/wp-content\/uploads\/2019\/10\/IMG_8301-Marcha-11-OCT-720x508.jpg\" alt=\"\" width=\"720\" height=\"508\" srcset=\"https:\/\/www.pressenza.com\/wp-content\/uploads\/2019\/10\/IMG_8301-Marcha-11-OCT-720x508.jpg 720w, https:\/\/www.pressenza.com\/wp-content\/uploads\/2019\/10\/IMG_8301-Marcha-11-OCT-300x212.jpg 300w, https:\/\/www.pressenza.com\/wp-content\/uploads\/2019\/10\/IMG_8301-Marcha-11-OCT-768x542.jpg 768w, https:\/\/www.pressenza.com\/wp-content\/uploads\/2019\/10\/IMG_8301-Marcha-11-OCT.jpg 2008w\" sizes=\"auto, (max-width: 720px) 100vw, 720px\" \/><\/p>\n","protected":false},"excerpt":{"rendered":"<p>Fotograf\u00edas: Marcelo Rivera, William Tip\u00e1n y Walker Vizcarra Video: Walker Vizcarra Ecuador lleva 9 d\u00edas de protestas y paralizaci\u00f3n a nivel nacional, luego de haberse decretado la eliminaci\u00f3n de subsidios y otras medidas econ\u00f3micas por decreto ejecutivo. Las jornadas de&hellip;<\/p>\n","protected":false},"author":1011,"featured_media":940944,"comment_status":"closed","ping_status":"closed","sticky":false,"template":"","format":"standard","meta":{"footnotes":""},"categories":[76,11389,79,1241,81,1230,5667,54515,46976,1242,1243,74,80,67],"tags":[65227,64972],"class_list":["post-940943","post","type-post","status-publish","format-standard","has-post-thumbnail","hentry","category-relaciones-exteriores","category-contenido-original","category-derechos-humanos","category-diversidad","category-economia-es","category-educacion-tema","category-foto-reportajes","category-genero-y-feminismos","category-jovenes","category-noviolencia-tema","category-paz-desarme","category-politica-es","category-pueblos-originarios","category-sudamerica","tag-alzamiento-indigena-en-ecuador","tag-paro-nacional-en-ecuador"],"yoast_head":"<!-- This site is optimized with the Yoast SEO plugin v27.1.1 - https:\/\/yoast.com\/product\/yoast-seo-wordpress\/ -->\n<title>Ecuador: la resistencia contin\u00faa<\/title>\n<meta name=\"description\" content=\"Fotograf\u00edas: Marcelo Rivera, William Tip\u00e1n y Walker Vizcarra Video: Walker Vizcarra Ecuador lleva 9 d\u00edas de protestas y paralizaci\u00f3n a nivel nacional,\" \/>\n<meta name=\"robots\" content=\"index, follow, max-snippet:-1, max-image-preview:large, max-video-preview:-1\" \/>\n<link rel=\"canonical\" href=\"https:\/\/www.pressenza.com\/es\/2019\/10\/ecuador-la-resistencia-continua\/\" \/>\n<meta property=\"og:locale\" content=\"es_ES\" \/>\n<meta property=\"og:type\" content=\"article\" \/>\n<meta property=\"og:title\" content=\"Ecuador: la resistencia contin\u00faa\" \/>\n<meta property=\"og:description\" content=\"Fotograf\u00edas: Marcelo Rivera, William Tip\u00e1n y Walker Vizcarra Video: Walker Vizcarra Ecuador lleva 9 d\u00edas de protestas y paralizaci\u00f3n a nivel nacional,\" \/>\n<meta property=\"og:url\" content=\"https:\/\/www.pressenza.com\/es\/2019\/10\/ecuador-la-resistencia-continua\/\" \/>\n<meta property=\"og:site_name\" content=\"Pressenza\" \/>\n<meta property=\"article:publisher\" content=\"https:\/\/www.facebook.com\/PressenzaItalia\" \/>\n<meta property=\"article:published_time\" content=\"2019-10-12T02:37:31+00:00\" \/>\n<meta property=\"og:image\" content=\"https:\/\/www.pressenza.com\/wp-content\/uploads\/2019\/10\/IMG_6828-Marcha-11-OCT.jpg\" \/>\n\t<meta property=\"og:image:width\" content=\"2008\" \/>\n\t<meta property=\"og:image:height\" content=\"1417\" \/>\n\t<meta property=\"og:image:type\" content=\"image\/jpeg\" \/>\n<meta name=\"author\" content=\"Redacci\u00f3n Ecuador\" \/>\n<meta name=\"twitter:card\" content=\"summary_large_image\" \/>\n<meta name=\"twitter:creator\" content=\"@PressenzaIPA\" \/>\n<meta name=\"twitter:site\" content=\"@PressenzaIPA\" \/>\n<meta name=\"twitter:label1\" content=\"Escrito por\" \/>\n\t<meta name=\"twitter:data1\" content=\"Redacci\u00f3n Ecuador\" \/>\n\t<meta name=\"twitter:label2\" content=\"Tiempo de lectura\" \/>\n\t<meta name=\"twitter:data2\" content=\"1 minuto\" \/>\n<script type=\"application\/ld+json\" class=\"yoast-schema-graph\">{\"@context\":\"https:\/\/schema.org\",\"@graph\":[{\"@type\":\"Article\",\"@id\":\"https:\/\/www.pressenza.com\/es\/2019\/10\/ecuador-la-resistencia-continua\/#article\",\"isPartOf\":{\"@id\":\"https:\/\/www.pressenza.com\/es\/2019\/10\/ecuador-la-resistencia-continua\/\"},\"author\":{\"name\":\"Redacci\u00f3n Ecuador\",\"@id\":\"https:\/\/www.pressenza.com\/es\/#\/schema\/person\/883a735c40665759bcc6fe0c26bcb46f\"},\"headline\":\"Ecuador: la resistencia contin\u00faa\",\"datePublished\":\"2019-10-12T02:37:31+00:00\",\"mainEntityOfPage\":{\"@id\":\"https:\/\/www.pressenza.com\/es\/2019\/10\/ecuador-la-resistencia-continua\/\"},\"wordCount\":133,\"publisher\":{\"@id\":\"https:\/\/www.pressenza.com\/es\/#organization\"},\"image\":{\"@id\":\"https:\/\/www.pressenza.com\/es\/2019\/10\/ecuador-la-resistencia-continua\/#primaryimage\"},\"thumbnailUrl\":\"https:\/\/www.pressenza.com\/wp-content\/uploads\/2019\/10\/IMG_6828-Marcha-11-OCT.jpg\",\"keywords\":[\"Alzamiento ind\u00edgena en Ecuador\",\"paro nacional en Ecuador\"],\"articleSection\":[\"Asuntos internacionales\",\"Contenido Original\",\"Derechos Humanos\",\"Diversidad\",\"Econom\u00eda\",\"Educaci\u00f3n\",\"Fotorreportajes\",\"G\u00e9nero y Feminismos\",\"J\u00f3venes\",\"Noviolencia\",\"Paz y Desarme\",\"Pol\u00edtica\",\"Pueblos Originarios\",\"Sudam\u00e9rica\"],\"inLanguage\":\"es\"},{\"@type\":\"WebPage\",\"@id\":\"https:\/\/www.pressenza.com\/es\/2019\/10\/ecuador-la-resistencia-continua\/\",\"url\":\"https:\/\/www.pressenza.com\/es\/2019\/10\/ecuador-la-resistencia-continua\/\",\"name\":\"Ecuador: la resistencia contin\u00faa\",\"isPartOf\":{\"@id\":\"https:\/\/www.pressenza.com\/es\/#website\"},\"primaryImageOfPage\":{\"@id\":\"https:\/\/www.pressenza.com\/es\/2019\/10\/ecuador-la-resistencia-continua\/#primaryimage\"},\"image\":{\"@id\":\"https:\/\/www.pressenza.com\/es\/2019\/10\/ecuador-la-resistencia-continua\/#primaryimage\"},\"thumbnailUrl\":\"https:\/\/www.pressenza.com\/wp-content\/uploads\/2019\/10\/IMG_6828-Marcha-11-OCT.jpg\",\"datePublished\":\"2019-10-12T02:37:31+00:00\",\"description\":\"Fotograf\u00edas: Marcelo Rivera, William Tip\u00e1n y Walker Vizcarra Video: Walker Vizcarra Ecuador lleva 9 d\u00edas de protestas y paralizaci\u00f3n a nivel nacional,\",\"breadcrumb\":{\"@id\":\"https:\/\/www.pressenza.com\/es\/2019\/10\/ecuador-la-resistencia-continua\/#breadcrumb\"},\"inLanguage\":\"es\",\"potentialAction\":[{\"@type\":\"ReadAction\",\"target\":[\"https:\/\/www.pressenza.com\/es\/2019\/10\/ecuador-la-resistencia-continua\/\"]}]},{\"@type\":\"ImageObject\",\"inLanguage\":\"es\",\"@id\":\"https:\/\/www.pressenza.com\/es\/2019\/10\/ecuador-la-resistencia-continua\/#primaryimage\",\"url\":\"https:\/\/www.pressenza.com\/wp-content\/uploads\/2019\/10\/IMG_6828-Marcha-11-OCT.jpg\",\"contentUrl\":\"https:\/\/www.pressenza.com\/wp-content\/uploads\/2019\/10\/IMG_6828-Marcha-11-OCT.jpg\",\"width\":2008,\"height\":1417,\"caption\":\"Ecuador: la resistencia contin\u00faa\"},{\"@type\":\"BreadcrumbList\",\"@id\":\"https:\/\/www.pressenza.com\/es\/2019\/10\/ecuador-la-resistencia-continua\/#breadcrumb\",\"itemListElement\":[{\"@type\":\"ListItem\",\"position\":1,\"name\":\"Accueil\",\"item\":\"https:\/\/www.pressenza.com\/es\/\"},{\"@type\":\"ListItem\",\"position\":2,\"name\":\"Ecuador: la resistencia contin\u00faa\"}]},{\"@type\":\"WebSite\",\"@id\":\"https:\/\/www.pressenza.com\/es\/#website\",\"url\":\"https:\/\/www.pressenza.com\/es\/\",\"name\":\"Pressenza\",\"description\":\"International Press Agency\",\"publisher\":{\"@id\":\"https:\/\/www.pressenza.com\/es\/#organization\"},\"potentialAction\":[{\"@type\":\"SearchAction\",\"target\":{\"@type\":\"EntryPoint\",\"urlTemplate\":\"https:\/\/www.pressenza.com\/es\/?s={search_term_string}\"},\"query-input\":{\"@type\":\"PropertyValueSpecification\",\"valueRequired\":true,\"valueName\":\"search_term_string\"}}],\"inLanguage\":\"es\"},{\"@type\":\"Organization\",\"@id\":\"https:\/\/www.pressenza.com\/es\/#organization\",\"name\":\"Pressenza\",\"url\":\"https:\/\/www.pressenza.com\/es\/\",\"logo\":{\"@type\":\"ImageObject\",\"inLanguage\":\"es\",\"@id\":\"https:\/\/www.pressenza.com\/es\/#\/schema\/logo\/image\/\",\"url\":\"https:\/\/www.pressenza.com\/wp-content\/uploads\/2022\/10\/pressenza_logo_200x200.jpg\",\"contentUrl\":\"https:\/\/www.pressenza.com\/wp-content\/uploads\/2022\/10\/pressenza_logo_200x200.jpg\",\"width\":200,\"height\":200,\"caption\":\"Pressenza\"},\"image\":{\"@id\":\"https:\/\/www.pressenza.com\/es\/#\/schema\/logo\/image\/\"},\"sameAs\":[\"https:\/\/www.facebook.com\/PressenzaItalia\",\"https:\/\/x.com\/PressenzaIPA\"]},{\"@type\":\"Person\",\"@id\":\"https:\/\/www.pressenza.com\/es\/#\/schema\/person\/883a735c40665759bcc6fe0c26bcb46f\",\"name\":\"Redacci\u00f3n Ecuador\",\"description\":\"News published by the Pressenza bureau in Quito, Ecuador\",\"url\":\"https:\/\/www.pressenza.com\/es\/author\/redaccion-ecuador\/\"}]}<\/script>\n<!-- \/ Yoast SEO plugin. -->","yoast_head_json":{"title":"Ecuador: la resistencia contin\u00faa","description":"Fotograf\u00edas: Marcelo Rivera, William Tip\u00e1n y Walker Vizcarra Video: Walker Vizcarra Ecuador lleva 9 d\u00edas de protestas y paralizaci\u00f3n a nivel nacional,","robots":{"index":"index","follow":"follow","max-snippet":"max-snippet:-1","max-image-preview":"max-image-preview:large","max-video-preview":"max-video-preview:-1"},"canonical":"https:\/\/www.pressenza.com\/es\/2019\/10\/ecuador-la-resistencia-continua\/","og_locale":"es_ES","og_type":"article","og_title":"Ecuador: la resistencia contin\u00faa","og_description":"Fotograf\u00edas: Marcelo Rivera, William Tip\u00e1n y Walker Vizcarra Video: Walker Vizcarra Ecuador lleva 9 d\u00edas de protestas y paralizaci\u00f3n a nivel nacional,","og_url":"https:\/\/www.pressenza.com\/es\/2019\/10\/ecuador-la-resistencia-continua\/","og_site_name":"Pressenza","article_publisher":"https:\/\/www.facebook.com\/PressenzaItalia","article_published_time":"2019-10-12T02:37:31+00:00","og_image":[{"width":2008,"height":1417,"url":"https:\/\/www.pressenza.com\/wp-content\/uploads\/2019\/10\/IMG_6828-Marcha-11-OCT.jpg","type":"image\/jpeg"}],"author":"Redacci\u00f3n Ecuador","twitter_card":"summary_large_image","twitter_creator":"@PressenzaIPA","twitter_site":"@PressenzaIPA","twitter_misc":{"Escrito por":"Redacci\u00f3n Ecuador","Tiempo de lectura":"1 minuto"},"schema":{"@context":"https:\/\/schema.org","@graph":[{"@type":"Article","@id":"https:\/\/www.pressenza.com\/es\/2019\/10\/ecuador-la-resistencia-continua\/#article","isPartOf":{"@id":"https:\/\/www.pressenza.com\/es\/2019\/10\/ecuador-la-resistencia-continua\/"},"author":{"name":"Redacci\u00f3n Ecuador","@id":"https:\/\/www.pressenza.com\/es\/#\/schema\/person\/883a735c40665759bcc6fe0c26bcb46f"},"headline":"Ecuador: la resistencia contin\u00faa","datePublished":"2019-10-12T02:37:31+00:00","mainEntityOfPage":{"@id":"https:\/\/www.pressenza.com\/es\/2019\/10\/ecuador-la-resistencia-continua\/"},"wordCount":133,"publisher":{"@id":"https:\/\/www.pressenza.com\/es\/#organization"},"image":{"@id":"https:\/\/www.pressenza.com\/es\/2019\/10\/ecuador-la-resistencia-continua\/#primaryimage"},"thumbnailUrl":"https:\/\/www.pressenza.com\/wp-content\/uploads\/2019\/10\/IMG_6828-Marcha-11-OCT.jpg","keywords":["Alzamiento ind\u00edgena en Ecuador","paro nacional en Ecuador"],"articleSection":["Asuntos internacionales","Contenido Original","Derechos Humanos","Diversidad","Econom\u00eda","Educaci\u00f3n","Fotorreportajes","G\u00e9nero y Feminismos","J\u00f3venes","Noviolencia","Paz y Desarme","Pol\u00edtica","Pueblos Originarios","Sudam\u00e9rica"],"inLanguage":"es"},{"@type":"WebPage","@id":"https:\/\/www.pressenza.com\/es\/2019\/10\/ecuador-la-resistencia-continua\/","url":"https:\/\/www.pressenza.com\/es\/2019\/10\/ecuador-la-resistencia-continua\/","name":"Ecuador: la resistencia contin\u00faa","isPartOf":{"@id":"https:\/\/www.pressenza.com\/es\/#website"},"primaryImageOfPage":{"@id":"https:\/\/www.pressenza.com\/es\/2019\/10\/ecuador-la-resistencia-continua\/#primaryimage"},"image":{"@id":"https:\/\/www.pressenza.com\/es\/2019\/10\/ecuador-la-resistencia-continua\/#primaryimage"},"thumbnailUrl":"https:\/\/www.pressenza.com\/wp-content\/uploads\/2019\/10\/IMG_6828-Marcha-11-OCT.jpg","datePublished":"2019-10-12T02:37:31+00:00","description":"Fotograf\u00edas: Marcelo Rivera, William Tip\u00e1n y Walker Vizcarra Video: Walker Vizcarra Ecuador lleva 9 d\u00edas de protestas y paralizaci\u00f3n a nivel nacional,","breadcrumb":{"@id":"https:\/\/www.pressenza.com\/es\/2019\/10\/ecuador-la-resistencia-continua\/#breadcrumb"},"inLanguage":"es","potentialAction":[{"@type":"ReadAction","target":["https:\/\/www.pressenza.com\/es\/2019\/10\/ecuador-la-resistencia-continua\/"]}]},{"@type":"ImageObject","inLanguage":"es","@id":"https:\/\/www.pressenza.com\/es\/2019\/10\/ecuador-la-resistencia-continua\/#primaryimage","url":"https:\/\/www.pressenza.com\/wp-content\/uploads\/2019\/10\/IMG_6828-Marcha-11-OCT.jpg","contentUrl":"https:\/\/www.pressenza.com\/wp-content\/uploads\/2019\/10\/IMG_6828-Marcha-11-OCT.jpg","width":2008,"height":1417,"caption":"Ecuador: la resistencia contin\u00faa"},{"@type":"BreadcrumbList","@id":"https:\/\/www.pressenza.com\/es\/2019\/10\/ecuador-la-resistencia-continua\/#breadcrumb","itemListElement":[{"@type":"ListItem","position":1,"name":"Accueil","item":"https:\/\/www.pressenza.com\/es\/"},{"@type":"ListItem","position":2,"name":"Ecuador: la resistencia contin\u00faa"}]},{"@type":"WebSite","@id":"https:\/\/www.pressenza.com\/es\/#website","url":"https:\/\/www.pressenza.com\/es\/","name":"Pressenza","description":"International Press Agency","publisher":{"@id":"https:\/\/www.pressenza.com\/es\/#organization"},"potentialAction":[{"@type":"SearchAction","target":{"@type":"EntryPoint","urlTemplate":"https:\/\/www.pressenza.com\/es\/?s={search_term_string}"},"query-input":{"@type":"PropertyValueSpecification","valueRequired":true,"valueName":"search_term_string"}}],"inLanguage":"es"},{"@type":"Organization","@id":"https:\/\/www.pressenza.com\/es\/#organization","name":"Pressenza","url":"https:\/\/www.pressenza.com\/es\/","logo":{"@type":"ImageObject","inLanguage":"es","@id":"https:\/\/www.pressenza.com\/es\/#\/schema\/logo\/image\/","url":"https:\/\/www.pressenza.com\/wp-content\/uploads\/2022\/10\/pressenza_logo_200x200.jpg","contentUrl":"https:\/\/www.pressenza.com\/wp-content\/uploads\/2022\/10\/pressenza_logo_200x200.jpg","width":200,"height":200,"caption":"Pressenza"},"image":{"@id":"https:\/\/www.pressenza.com\/es\/#\/schema\/logo\/image\/"},"sameAs":["https:\/\/www.facebook.com\/PressenzaItalia","https:\/\/x.com\/PressenzaIPA"]},{"@type":"Person","@id":"https:\/\/www.pressenza.com\/es\/#\/schema\/person\/883a735c40665759bcc6fe0c26bcb46f","name":"Redacci\u00f3n Ecuador","description":"News published by the Pressenza bureau in Quito, Ecuador","url":"https:\/\/www.pressenza.com\/es\/author\/redaccion-ecuador\/"}]}},"place":"Quito, Ecuador","original_article_url":"","_links":{"self":[{"href":"https:\/\/www.pressenza.com\/es\/wp-json\/wp\/v2\/posts\/940943","targetHints":{"allow":["GET"]}}],"collection":[{"href":"https:\/\/www.pressenza.com\/es\/wp-json\/wp\/v2\/posts"}],"about":[{"href":"https:\/\/www.pressenza.com\/es\/wp-json\/wp\/v2\/types\/post"}],"author":[{"embeddable":true,"href":"https:\/\/www.pressenza.com\/es\/wp-json\/wp\/v2\/users\/1011"}],"replies":[{"embeddable":true,"href":"https:\/\/www.pressenza.com\/es\/wp-json\/wp\/v2\/comments?post=940943"}],"version-history":[{"count":0,"href":"https:\/\/www.pressenza.com\/es\/wp-json\/wp\/v2\/posts\/940943\/revisions"}],"wp:featuredmedia":[{"embeddable":true,"href":"https:\/\/www.pressenza.com\/es\/wp-json\/wp\/v2\/media\/940944"}],"wp:attachment":[{"href":"https:\/\/www.pressenza.com\/es\/wp-json\/wp\/v2\/media?parent=940943"}],"wp:term":[{"taxonomy":"category","embeddable":true,"href":"https:\/\/www.pressenza.com\/es\/wp-json\/wp\/v2\/categories?post=940943"},{"taxonomy":"post_tag","embeddable":true,"href":"https:\/\/www.pressenza.com\/es\/wp-json\/wp\/v2\/tags?post=940943"}],"curies":[{"name":"wp","href":"https:\/\/api.w.org\/{rel}","templated":true}]}}