{"id":940941,"date":"2019-10-12T02:14:45","date_gmt":"2019-10-12T01:14:45","guid":{"rendered":"https:\/\/www.pressenza.com\/?p=940941"},"modified":"2019-10-12T02:14:45","modified_gmt":"2019-10-12T01:14:45","slug":"brasil-vendio-petroleo-a-multinacionales","status":"publish","type":"post","link":"https:\/\/www.pressenza.com\/es\/2019\/10\/brasil-vendio-petroleo-a-multinacionales\/","title":{"rendered":"Brasil vendi\u00f3 petr\u00f3leo a multinacionales"},"content":{"rendered":"<p>Imagine un pozo de petr\u00f3leo de mil kil\u00f3metros de largo.<\/p>\n<p>Se proclam\u00f3 la autosuficiencia energ\u00e9tica y la asignaci\u00f3n de los ingresos para financiar el sistema de salud y, sobre todo, la escuela. La gran discusi\u00f3n que perdimos fue definir si todo ese esfuerzo para perforar los pozos a siete mil metros debajo del lecho marino hab\u00eda valido la pena. Sosten\u00edamos que habr\u00edamos podido invertir en la b\u00fasqueda de energ\u00eda alternativa y limpia. Pero ahora se hab\u00eda encontrado petr\u00f3leo y cada discusi\u00f3n, en retrospectiva, era in\u00fatil. Petrobras, el gigante global, industria cien por ciento nacional y p\u00fablica, hab\u00eda sido capaz de realizar una gran empresa y, sobre todo, le hab\u00eda dado al pa\u00eds la capacidad de sentarse a la mesa de adultos.<\/p>\n<p>Unos a\u00f1os m\u00e1s tarde, un esc\u00e1ndalo internacional revel\u00f3 que los tel\u00e9fonos de los l\u00edderes mundiales estaban bajo vigilancia de la CIA. Incluyendo el de Dilma Rousseff, presidenta de la Rep\u00fablica. Pasaron unos meses y Dilma misma fue acusada de un \u00abdelito administrativo\u00bb, es decir, un truco contable para llegar a fin de mes. Comenz\u00f3 un proceso de juicio pol\u00edtico que condujo a su despido; al d\u00eda siguiente, la ley supuestamente infringida por medio del truco contable fue revocada por el mismo parlamento. Un verdadero golpe blanco. Tan pronto como asumi\u00f3 el cargo, el nuevo presidente golpista revoc\u00f3 las directivas para la explotaci\u00f3n de los ingresos petroleros y comenz\u00f3 las negociaciones para la venta de pozos. A la convocatoria se presentaron los gigantes estadounidenses, Shell, Exxon y otras \u201cmaravillosas\u201d compa\u00f1\u00edas.<\/p>\n<p>Mientras tanto, Lula fue acusado de estar a la cabeza del sistema de corrupci\u00f3n m\u00e1s grande de la historia, con Petrobras en el centro de una distribuci\u00f3n de licitaciones fraudulentas que involucran a las industrias nacionales m\u00e1s grandes. Miles de millones de d\u00f3lares. Los grandes conglomerados industriales involucrados cerraron, fracasaron, y todo el pa\u00eds colaps\u00f3 con ellos. Desde un crecimiento del ocho por ciento hasta la recesi\u00f3n cr\u00f3nica con trece millones de desempleados; desde el programa \u00ab<em>Fome Zero<\/em>\u00bb (Hambre Cero) hasta la crisis de salud con el regreso de enfermedades epid\u00e9micas que cre\u00edamos vencidas para siempre y el advenimiento de otras nuevas, como el Zika y el dengue, que hacen temblar al mundo. Pas\u00f3 del BRIC (coalici\u00f3n de federaciones sindicales de Brasil, Rusia, India y China) a la solicitud de ayuda m\u00e9dica internacional a la que Cuba respondi\u00f3 generosamente con el env\u00edo de quince mil m\u00e9dicos a las \u00e1reas m\u00e1s miserables a las que nuestros m\u00e9dicos se niegan a ir.<\/p>\n<p>Lula fue juzgado, condenado y encarcelado a pesar de tener el derecho de esperar libremente el fallo final del Tribunal de Casaci\u00f3n, que todav\u00eda est\u00e1 en curso de juicio, lo que le impide presentarse a las elecciones presidenciales. A trav\u00e9s de las revelaciones de la agencia \u00abThe Intercep\u00bb, se supo que el fiscal y el juez a cargo del juicio asist\u00edan al Departamento de Estado estadounidense en Washington para informar y tomar \u00f3rdenes mensualmente. El mismo departamento que hab\u00eda puesto bajo vigilancia los tel\u00e9fonos de los jefes de gobierno de todo el mundo y de la presidenta Dilma Rousseff.<\/p>\n<p>Bolsonaro gan\u00f3 las elecciones; ese mismo juez fue nombrado ministro de justicia y seguridad.<\/p>\n<p>Era 1953 cuando el presidente Getulio Vargas cre\u00f3 Petrobras con motivo del descubrimiento de enormes campos petroleros.<\/p>\n<p>Su foto con las manos embarradas en oro negro entr\u00f3 en los libros de historia: \u00ab<em>O petr\u00f3leo \u00e9 nosso<\/em>\u00bb, el petr\u00f3leo es nuestro. Al igual que la imagen de Lula, igual que cuando se descubri\u00f3 el nuevo pozo de mil kil\u00f3metros a siete mil metros debajo del fondo del mar.<\/p>\n<p>Esta ma\u00f1ana, un art\u00edculo de peri\u00f3dico advierte que, a trav\u00e9s de una gran subasta internacional, el petr\u00f3leo que cre\u00edamos nuestro ya no nos pertenece. Se vendi\u00f3 a un consorcio de empresas, entre ellas Exxon, Shell y la compa\u00f1\u00eda mencionada anteriormente.<\/p>\n<p>Una vez hubo guerras interminables, se enviaban infantes de marina para invadir Iraq, se toleraban los jeques \u00e1rabes cortadores de cabezas. Hoy es suficiente con destituir a un presidente, meter al l\u00edder popular m\u00e1s grande en la c\u00e1rcel y recibir a Bolsonaro en la Casa Blanca. Ya est\u00e1. Brasil vende a precio de feria el mayor yacimiento petrolero del mundo, capaz de garantizar la independencia y soberan\u00eda energ\u00e9tica. Ese petr\u00f3leo ya no es nuestro.<\/p>\n<p>Mientras tanto, el Amazonas contin\u00faa ardiendo, Brasil de rodillas.<\/p>\n<p><em>Todo pasa, para bien o para mal, pero para nosotros no cambiar\u00e1<\/em> (<em>Tira a campare<\/em> \u2013 Edoardo Bennato)<\/p>\n<hr \/>\n<p><em>Traducci\u00f3n del italiano por Melina Miketta<\/em><\/p>\n","protected":false},"excerpt":{"rendered":"<p>Imagine un pozo de petr\u00f3leo de mil kil\u00f3metros de largo. Se proclam\u00f3 la autosuficiencia energ\u00e9tica y la asignaci\u00f3n de los ingresos para financiar el sistema de salud y, sobre todo, la escuela. La gran discusi\u00f3n que perdimos fue definir si&hellip;<\/p>\n","protected":false},"author":1567,"featured_media":940071,"comment_status":"closed","ping_status":"closed","sticky":false,"template":"","format":"standard","meta":{"footnotes":""},"categories":[11389,81,39,161,74,67],"tags":[65225,65226,6379],"class_list":["post-940941","post","type-post","status-publish","format-standard","has-post-thumbnail","hentry","category-contenido-original","category-economia-es","category-internacional","category-opiniones","category-politica-es","category-sudamerica","tag-companias-petroleras-multinacionales","tag-petrobras-es","tag-petroleo"],"yoast_head":"<!-- This site is optimized with the Yoast SEO plugin v27.1.1 - https:\/\/yoast.com\/product\/yoast-seo-wordpress\/ -->\n<title>Brasil vendi\u00f3 petr\u00f3leo a multinacionales<\/title>\n<meta name=\"description\" content=\"Imagine un pozo de petr\u00f3leo de mil kil\u00f3metros de largo. Se proclam\u00f3 la autosuficiencia energ\u00e9tica y la asignaci\u00f3n de los ingresos para financiar el\" \/>\n<meta name=\"robots\" content=\"index, follow, max-snippet:-1, max-image-preview:large, max-video-preview:-1\" \/>\n<link rel=\"canonical\" href=\"https:\/\/www.pressenza.com\/es\/2019\/10\/brasil-vendio-petroleo-a-multinacionales\/\" \/>\n<meta property=\"og:locale\" content=\"es_ES\" \/>\n<meta property=\"og:type\" content=\"article\" \/>\n<meta property=\"og:title\" content=\"Brasil vendi\u00f3 petr\u00f3leo a multinacionales\" \/>\n<meta property=\"og:description\" content=\"Imagine un pozo de petr\u00f3leo de mil kil\u00f3metros de largo. Se proclam\u00f3 la autosuficiencia energ\u00e9tica y la asignaci\u00f3n de los ingresos para financiar el\" \/>\n<meta property=\"og:url\" content=\"https:\/\/www.pressenza.com\/es\/2019\/10\/brasil-vendio-petroleo-a-multinacionales\/\" \/>\n<meta property=\"og:site_name\" content=\"Pressenza\" \/>\n<meta property=\"article:publisher\" content=\"https:\/\/www.facebook.com\/PressenzaItalia\" \/>\n<meta property=\"article:published_time\" content=\"2019-10-12T01:14:45+00:00\" \/>\n<meta property=\"og:image\" content=\"https:\/\/www.pressenza.com\/wp-content\/uploads\/2019\/10\/petrolio-brasiliano.jpeg\" \/>\n\t<meta property=\"og:image:width\" content=\"750\" \/>\n\t<meta property=\"og:image:height\" content=\"500\" \/>\n\t<meta property=\"og:image:type\" content=\"image\/jpeg\" \/>\n<meta name=\"author\" content=\"Paolo D&#039;Aprile\" \/>\n<meta name=\"twitter:card\" content=\"summary_large_image\" \/>\n<meta name=\"twitter:creator\" content=\"@PressenzaIPA\" \/>\n<meta name=\"twitter:site\" content=\"@PressenzaIPA\" \/>\n<meta name=\"twitter:label1\" content=\"Escrito por\" \/>\n\t<meta name=\"twitter:data1\" content=\"Paolo D&#039;Aprile\" \/>\n\t<meta name=\"twitter:label2\" content=\"Tiempo de lectura\" \/>\n\t<meta name=\"twitter:data2\" content=\"4 minutos\" \/>\n<script type=\"application\/ld+json\" class=\"yoast-schema-graph\">{\"@context\":\"https:\/\/schema.org\",\"@graph\":[{\"@type\":\"Article\",\"@id\":\"https:\/\/www.pressenza.com\/es\/2019\/10\/brasil-vendio-petroleo-a-multinacionales\/#article\",\"isPartOf\":{\"@id\":\"https:\/\/www.pressenza.com\/es\/2019\/10\/brasil-vendio-petroleo-a-multinacionales\/\"},\"author\":{\"name\":\"Paolo D'Aprile\",\"@id\":\"https:\/\/www.pressenza.com\/es\/#\/schema\/person\/b7683f6cc5b4992d9641abb1dd2b2c7a\"},\"headline\":\"Brasil vendi\u00f3 petr\u00f3leo a multinacionales\",\"datePublished\":\"2019-10-12T01:14:45+00:00\",\"mainEntityOfPage\":{\"@id\":\"https:\/\/www.pressenza.com\/es\/2019\/10\/brasil-vendio-petroleo-a-multinacionales\/\"},\"wordCount\":808,\"publisher\":{\"@id\":\"https:\/\/www.pressenza.com\/es\/#organization\"},\"image\":{\"@id\":\"https:\/\/www.pressenza.com\/es\/2019\/10\/brasil-vendio-petroleo-a-multinacionales\/#primaryimage\"},\"thumbnailUrl\":\"https:\/\/www.pressenza.com\/wp-content\/uploads\/2019\/10\/petrolio-brasiliano.jpeg\",\"keywords\":[\"compa\u00f1\u00edas petroleras multinacionales\",\"petrobras\",\"petr\u00f3leo\"],\"articleSection\":[\"Contenido Original\",\"Econom\u00eda\",\"Internacional\",\"Opiniones\",\"Pol\u00edtica\",\"Sudam\u00e9rica\"],\"inLanguage\":\"es\"},{\"@type\":\"WebPage\",\"@id\":\"https:\/\/www.pressenza.com\/es\/2019\/10\/brasil-vendio-petroleo-a-multinacionales\/\",\"url\":\"https:\/\/www.pressenza.com\/es\/2019\/10\/brasil-vendio-petroleo-a-multinacionales\/\",\"name\":\"Brasil vendi\u00f3 petr\u00f3leo a multinacionales\",\"isPartOf\":{\"@id\":\"https:\/\/www.pressenza.com\/es\/#website\"},\"primaryImageOfPage\":{\"@id\":\"https:\/\/www.pressenza.com\/es\/2019\/10\/brasil-vendio-petroleo-a-multinacionales\/#primaryimage\"},\"image\":{\"@id\":\"https:\/\/www.pressenza.com\/es\/2019\/10\/brasil-vendio-petroleo-a-multinacionales\/#primaryimage\"},\"thumbnailUrl\":\"https:\/\/www.pressenza.com\/wp-content\/uploads\/2019\/10\/petrolio-brasiliano.jpeg\",\"datePublished\":\"2019-10-12T01:14:45+00:00\",\"description\":\"Imagine un pozo de petr\u00f3leo de mil kil\u00f3metros de largo. Se proclam\u00f3 la autosuficiencia energ\u00e9tica y la asignaci\u00f3n de los ingresos para financiar el\",\"breadcrumb\":{\"@id\":\"https:\/\/www.pressenza.com\/es\/2019\/10\/brasil-vendio-petroleo-a-multinacionales\/#breadcrumb\"},\"inLanguage\":\"es\",\"potentialAction\":[{\"@type\":\"ReadAction\",\"target\":[\"https:\/\/www.pressenza.com\/es\/2019\/10\/brasil-vendio-petroleo-a-multinacionales\/\"]}]},{\"@type\":\"ImageObject\",\"inLanguage\":\"es\",\"@id\":\"https:\/\/www.pressenza.com\/es\/2019\/10\/brasil-vendio-petroleo-a-multinacionales\/#primaryimage\",\"url\":\"https:\/\/www.pressenza.com\/wp-content\/uploads\/2019\/10\/petrolio-brasiliano.jpeg\",\"contentUrl\":\"https:\/\/www.pressenza.com\/wp-content\/uploads\/2019\/10\/petrolio-brasiliano.jpeg\",\"width\":750,\"height\":500},{\"@type\":\"BreadcrumbList\",\"@id\":\"https:\/\/www.pressenza.com\/es\/2019\/10\/brasil-vendio-petroleo-a-multinacionales\/#breadcrumb\",\"itemListElement\":[{\"@type\":\"ListItem\",\"position\":1,\"name\":\"Accueil\",\"item\":\"https:\/\/www.pressenza.com\/es\/\"},{\"@type\":\"ListItem\",\"position\":2,\"name\":\"Brasil vendi\u00f3 petr\u00f3leo a multinacionales\"}]},{\"@type\":\"WebSite\",\"@id\":\"https:\/\/www.pressenza.com\/es\/#website\",\"url\":\"https:\/\/www.pressenza.com\/es\/\",\"name\":\"Pressenza\",\"description\":\"International Press Agency\",\"publisher\":{\"@id\":\"https:\/\/www.pressenza.com\/es\/#organization\"},\"potentialAction\":[{\"@type\":\"SearchAction\",\"target\":{\"@type\":\"EntryPoint\",\"urlTemplate\":\"https:\/\/www.pressenza.com\/es\/?s={search_term_string}\"},\"query-input\":{\"@type\":\"PropertyValueSpecification\",\"valueRequired\":true,\"valueName\":\"search_term_string\"}}],\"inLanguage\":\"es\"},{\"@type\":\"Organization\",\"@id\":\"https:\/\/www.pressenza.com\/es\/#organization\",\"name\":\"Pressenza\",\"url\":\"https:\/\/www.pressenza.com\/es\/\",\"logo\":{\"@type\":\"ImageObject\",\"inLanguage\":\"es\",\"@id\":\"https:\/\/www.pressenza.com\/es\/#\/schema\/logo\/image\/\",\"url\":\"https:\/\/www.pressenza.com\/wp-content\/uploads\/2022\/10\/pressenza_logo_200x200.jpg\",\"contentUrl\":\"https:\/\/www.pressenza.com\/wp-content\/uploads\/2022\/10\/pressenza_logo_200x200.jpg\",\"width\":200,\"height\":200,\"caption\":\"Pressenza\"},\"image\":{\"@id\":\"https:\/\/www.pressenza.com\/es\/#\/schema\/logo\/image\/\"},\"sameAs\":[\"https:\/\/www.facebook.com\/PressenzaItalia\",\"https:\/\/x.com\/PressenzaIPA\"]},{\"@type\":\"Person\",\"@id\":\"https:\/\/www.pressenza.com\/es\/#\/schema\/person\/b7683f6cc5b4992d9641abb1dd2b2c7a\",\"name\":\"Paolo D'Aprile\",\"description\":\"Nasco nel 1963... sono un uomo di mezza et\u00e0! Vivo a S\u00e3o Paulo dal 1989 e il mio lavoro di fisioterapista mi ha portato in contatto con le situazioni estreme della citt\u00e0, dalle favelas ai \\\"meninos de rua\\\". Ho partecipato a vari progetti di inclusione attraverso l'esercizio dei diritti civili. Da grande voglio fare il calciatore, l'astronauta e il pompiere.\",\"url\":\"https:\/\/www.pressenza.com\/es\/author\/paolo-daprile\/\"}]}<\/script>\n<!-- \/ Yoast SEO plugin. -->","yoast_head_json":{"title":"Brasil vendi\u00f3 petr\u00f3leo a multinacionales","description":"Imagine un pozo de petr\u00f3leo de mil kil\u00f3metros de largo. Se proclam\u00f3 la autosuficiencia energ\u00e9tica y la asignaci\u00f3n de los ingresos para financiar el","robots":{"index":"index","follow":"follow","max-snippet":"max-snippet:-1","max-image-preview":"max-image-preview:large","max-video-preview":"max-video-preview:-1"},"canonical":"https:\/\/www.pressenza.com\/es\/2019\/10\/brasil-vendio-petroleo-a-multinacionales\/","og_locale":"es_ES","og_type":"article","og_title":"Brasil vendi\u00f3 petr\u00f3leo a multinacionales","og_description":"Imagine un pozo de petr\u00f3leo de mil kil\u00f3metros de largo. Se proclam\u00f3 la autosuficiencia energ\u00e9tica y la asignaci\u00f3n de los ingresos para financiar el","og_url":"https:\/\/www.pressenza.com\/es\/2019\/10\/brasil-vendio-petroleo-a-multinacionales\/","og_site_name":"Pressenza","article_publisher":"https:\/\/www.facebook.com\/PressenzaItalia","article_published_time":"2019-10-12T01:14:45+00:00","og_image":[{"width":750,"height":500,"url":"https:\/\/www.pressenza.com\/wp-content\/uploads\/2019\/10\/petrolio-brasiliano.jpeg","type":"image\/jpeg"}],"author":"Paolo D'Aprile","twitter_card":"summary_large_image","twitter_creator":"@PressenzaIPA","twitter_site":"@PressenzaIPA","twitter_misc":{"Escrito por":"Paolo D'Aprile","Tiempo de lectura":"4 minutos"},"schema":{"@context":"https:\/\/schema.org","@graph":[{"@type":"Article","@id":"https:\/\/www.pressenza.com\/es\/2019\/10\/brasil-vendio-petroleo-a-multinacionales\/#article","isPartOf":{"@id":"https:\/\/www.pressenza.com\/es\/2019\/10\/brasil-vendio-petroleo-a-multinacionales\/"},"author":{"name":"Paolo D'Aprile","@id":"https:\/\/www.pressenza.com\/es\/#\/schema\/person\/b7683f6cc5b4992d9641abb1dd2b2c7a"},"headline":"Brasil vendi\u00f3 petr\u00f3leo a multinacionales","datePublished":"2019-10-12T01:14:45+00:00","mainEntityOfPage":{"@id":"https:\/\/www.pressenza.com\/es\/2019\/10\/brasil-vendio-petroleo-a-multinacionales\/"},"wordCount":808,"publisher":{"@id":"https:\/\/www.pressenza.com\/es\/#organization"},"image":{"@id":"https:\/\/www.pressenza.com\/es\/2019\/10\/brasil-vendio-petroleo-a-multinacionales\/#primaryimage"},"thumbnailUrl":"https:\/\/www.pressenza.com\/wp-content\/uploads\/2019\/10\/petrolio-brasiliano.jpeg","keywords":["compa\u00f1\u00edas petroleras multinacionales","petrobras","petr\u00f3leo"],"articleSection":["Contenido Original","Econom\u00eda","Internacional","Opiniones","Pol\u00edtica","Sudam\u00e9rica"],"inLanguage":"es"},{"@type":"WebPage","@id":"https:\/\/www.pressenza.com\/es\/2019\/10\/brasil-vendio-petroleo-a-multinacionales\/","url":"https:\/\/www.pressenza.com\/es\/2019\/10\/brasil-vendio-petroleo-a-multinacionales\/","name":"Brasil vendi\u00f3 petr\u00f3leo a multinacionales","isPartOf":{"@id":"https:\/\/www.pressenza.com\/es\/#website"},"primaryImageOfPage":{"@id":"https:\/\/www.pressenza.com\/es\/2019\/10\/brasil-vendio-petroleo-a-multinacionales\/#primaryimage"},"image":{"@id":"https:\/\/www.pressenza.com\/es\/2019\/10\/brasil-vendio-petroleo-a-multinacionales\/#primaryimage"},"thumbnailUrl":"https:\/\/www.pressenza.com\/wp-content\/uploads\/2019\/10\/petrolio-brasiliano.jpeg","datePublished":"2019-10-12T01:14:45+00:00","description":"Imagine un pozo de petr\u00f3leo de mil kil\u00f3metros de largo. Se proclam\u00f3 la autosuficiencia energ\u00e9tica y la asignaci\u00f3n de los ingresos para financiar el","breadcrumb":{"@id":"https:\/\/www.pressenza.com\/es\/2019\/10\/brasil-vendio-petroleo-a-multinacionales\/#breadcrumb"},"inLanguage":"es","potentialAction":[{"@type":"ReadAction","target":["https:\/\/www.pressenza.com\/es\/2019\/10\/brasil-vendio-petroleo-a-multinacionales\/"]}]},{"@type":"ImageObject","inLanguage":"es","@id":"https:\/\/www.pressenza.com\/es\/2019\/10\/brasil-vendio-petroleo-a-multinacionales\/#primaryimage","url":"https:\/\/www.pressenza.com\/wp-content\/uploads\/2019\/10\/petrolio-brasiliano.jpeg","contentUrl":"https:\/\/www.pressenza.com\/wp-content\/uploads\/2019\/10\/petrolio-brasiliano.jpeg","width":750,"height":500},{"@type":"BreadcrumbList","@id":"https:\/\/www.pressenza.com\/es\/2019\/10\/brasil-vendio-petroleo-a-multinacionales\/#breadcrumb","itemListElement":[{"@type":"ListItem","position":1,"name":"Accueil","item":"https:\/\/www.pressenza.com\/es\/"},{"@type":"ListItem","position":2,"name":"Brasil vendi\u00f3 petr\u00f3leo a multinacionales"}]},{"@type":"WebSite","@id":"https:\/\/www.pressenza.com\/es\/#website","url":"https:\/\/www.pressenza.com\/es\/","name":"Pressenza","description":"International Press Agency","publisher":{"@id":"https:\/\/www.pressenza.com\/es\/#organization"},"potentialAction":[{"@type":"SearchAction","target":{"@type":"EntryPoint","urlTemplate":"https:\/\/www.pressenza.com\/es\/?s={search_term_string}"},"query-input":{"@type":"PropertyValueSpecification","valueRequired":true,"valueName":"search_term_string"}}],"inLanguage":"es"},{"@type":"Organization","@id":"https:\/\/www.pressenza.com\/es\/#organization","name":"Pressenza","url":"https:\/\/www.pressenza.com\/es\/","logo":{"@type":"ImageObject","inLanguage":"es","@id":"https:\/\/www.pressenza.com\/es\/#\/schema\/logo\/image\/","url":"https:\/\/www.pressenza.com\/wp-content\/uploads\/2022\/10\/pressenza_logo_200x200.jpg","contentUrl":"https:\/\/www.pressenza.com\/wp-content\/uploads\/2022\/10\/pressenza_logo_200x200.jpg","width":200,"height":200,"caption":"Pressenza"},"image":{"@id":"https:\/\/www.pressenza.com\/es\/#\/schema\/logo\/image\/"},"sameAs":["https:\/\/www.facebook.com\/PressenzaItalia","https:\/\/x.com\/PressenzaIPA"]},{"@type":"Person","@id":"https:\/\/www.pressenza.com\/es\/#\/schema\/person\/b7683f6cc5b4992d9641abb1dd2b2c7a","name":"Paolo D'Aprile","description":"Nasco nel 1963... sono un uomo di mezza et\u00e0! Vivo a S\u00e3o Paulo dal 1989 e il mio lavoro di fisioterapista mi ha portato in contatto con le situazioni estreme della citt\u00e0, dalle favelas ai \"meninos de rua\". Ho partecipato a vari progetti di inclusione attraverso l'esercizio dei diritti civili. Da grande voglio fare il calciatore, l'astronauta e il pompiere.","url":"https:\/\/www.pressenza.com\/es\/author\/paolo-daprile\/"}]}},"place":"Sao Paulo, Brasil","original_article_url":"","_links":{"self":[{"href":"https:\/\/www.pressenza.com\/es\/wp-json\/wp\/v2\/posts\/940941","targetHints":{"allow":["GET"]}}],"collection":[{"href":"https:\/\/www.pressenza.com\/es\/wp-json\/wp\/v2\/posts"}],"about":[{"href":"https:\/\/www.pressenza.com\/es\/wp-json\/wp\/v2\/types\/post"}],"author":[{"embeddable":true,"href":"https:\/\/www.pressenza.com\/es\/wp-json\/wp\/v2\/users\/1567"}],"replies":[{"embeddable":true,"href":"https:\/\/www.pressenza.com\/es\/wp-json\/wp\/v2\/comments?post=940941"}],"version-history":[{"count":0,"href":"https:\/\/www.pressenza.com\/es\/wp-json\/wp\/v2\/posts\/940941\/revisions"}],"wp:featuredmedia":[{"embeddable":true,"href":"https:\/\/www.pressenza.com\/es\/wp-json\/wp\/v2\/media\/940071"}],"wp:attachment":[{"href":"https:\/\/www.pressenza.com\/es\/wp-json\/wp\/v2\/media?parent=940941"}],"wp:term":[{"taxonomy":"category","embeddable":true,"href":"https:\/\/www.pressenza.com\/es\/wp-json\/wp\/v2\/categories?post=940941"},{"taxonomy":"post_tag","embeddable":true,"href":"https:\/\/www.pressenza.com\/es\/wp-json\/wp\/v2\/tags?post=940941"}],"curies":[{"name":"wp","href":"https:\/\/api.w.org\/{rel}","templated":true}]}}