{"id":94002,"date":"2014-03-14T17:55:12","date_gmt":"2014-03-14T17:55:12","guid":{"rendered":"http:\/\/www.pressenza.com\/?p=94002"},"modified":"2014-03-14T17:55:12","modified_gmt":"2014-03-14T17:55:12","slug":"unasur-rechaza-violencia-en-venezuela-y-expresa-solidaridad-con-el-gobierno-democratico","status":"publish","type":"post","link":"https:\/\/www.pressenza.com\/es\/2014\/03\/unasur-rechaza-violencia-en-venezuela-y-expresa-solidaridad-con-el-gobierno-democratico\/","title":{"rendered":"UNASUR rechaza violencia en Venezuela y expresa solidaridad con el Gobierno democr\u00e1tico"},"content":{"rendered":"<p style=\"text-align: justify;\">El Consejo de Ministras y Ministros de Relaciones Exteriores de la Uni\u00f3n de Naciones Suramericanas (Unasur), reunido en Sesi\u00f3n Extraordinaria en Santiago de Chile, aprob\u00f3 el mi\u00e9rcoles una Resoluci\u00f3n en la que rechaza los actos de violencia y expresa su solidaridad con el pueblo y el Gobierno democr\u00e1ticamente elegido en ese pa\u00eds.<\/p>\n<p style=\"text-align: justify;\">La Resoluci\u00f3n ratifica el respeto a los Derechos Humanos y el rechazo \u2018rotundo a la violencia\u2019 presentada en Venezuela en las \u00faltimas semanas.<\/p>\n<p style=\"text-align: justify;\">El Consejo de Ministros y Ministras de Relaciones Exteriores de Unasur reiter\u00f3 el Comunicado del 16 de febrero de 2014, sobre la situaci\u00f3n de Venezuela, en el cual, manifiesta su en\u00e9rgico rechazo a los recientes actos de violencia y expresa sus condolencias y solidaridad con los familiares de las v\u00edctimas, con el pueblo y \u2018el Gobierno democr\u00e1ticamente electo de esa naci\u00f3n hermana\u2019.<\/p>\n<p style=\"text-align: justify;\">La resoluci\u00f3n de\u00a0la Unasur determin\u00f3 respaldar los esfuerzos del Gobierno de la Rep\u00fablica Bolivariana de Venezuela para propiciar un di\u00e1logo entre el Gobierno, todas las fuerzas pol\u00edticas y actores sociales, con el fin de lograr un acuerdo que contribuya al entendimiento y la paz social.<\/p>\n<p style=\"text-align: justify;\">Designar, a solicitud del Gobierno de Venezuela, una comisi\u00f3n integrada por Ministros de Relaciones Exteriores de los pa\u00edses de UNASUR para que en su nombre acompa\u00f1e, apoye y asesore en un di\u00e1logo pol\u00edtico amplio y constructivo orientado a recuperar la convivencia pac\u00edfica en Venezuela, considerando la Conferencia Nacional de Paz instalada, puntualiza la Resoluci\u00f3n de los cancilleres de Unasur.<\/p>\n<p style=\"text-align: justify;\">Adem\u00e1s, instruye a la Presidencia Pro Tempore de Unasur a organizar, en coordinaci\u00f3n con los Estados miembros, los trabajos de la comisi\u00f3n de cancilleres, cuyo primer encuentro deber\u00e1 realizarse a m\u00e1s tardar la primera semana de abril.<\/p>\n<p style=\"text-align: justify;\">Solicitar a la Comisi\u00f3n de Cancilleres que informe de sus actividades al Consejo de Ministras y Ministros de Relaciones Exteriores de Unasur, a trav\u00e9s de la Presidencia Pro Tempore, a la brevedad posible, complementa el documento.<\/p>\n<p style=\"text-align: justify;\">Asimismo, la Resoluci\u00f3n expresa la preocupaci\u00f3n de los Estados miembros de la Unasur ante cualquier amenaza a la independencia y soberan\u00eda de la Rep\u00fablica Bolivariana de Venezuela.<\/p>\n<p style=\"text-align: justify;\"><img loading=\"lazy\" decoding=\"async\" alt=\"\" src=\"https:\/\/ci5.googleusercontent.com\/proxy\/FB2oPU918FLXdciKL_grYQmn7udhHPVtd25T-C8H5ERa6PYCd6KN9vyttWKRQ_H_KV38Fagkh8x8FgPkWQNaczdakIenmiwWSLHxCQOAVegNCYoTJgfVcOryJ2UKmrnge2GzWwaI0gvxGi_tM3LPOvxMsIQnYmM=s0-d-e1-ft#http:\/\/feeds.feedburner.com\/%7Er\/agenciasulan\/%7E4\/ipx8x86AYRA?utm_source=feedburner&amp;utm_medium=email\" width=\"1\" height=\"1\" \/><\/p>\n","protected":false},"excerpt":{"rendered":"<p>El Consejo de Ministras y Ministros de Relaciones Exteriores de la Uni\u00f3n de Naciones Suramericanas (Unasur), reunido en Sesi\u00f3n Extraordinaria en Santiago de Chile, aprob\u00f3 el mi\u00e9rcoles una Resoluci\u00f3n en la que rechaza los actos de violencia y expresa su&hellip;<\/p>\n","protected":false},"author":127,"featured_media":94003,"comment_status":"closed","ping_status":"open","sticky":false,"template":"","format":"standard","meta":{"footnotes":""},"categories":[76,39,67],"tags":[4637],"class_list":["post-94002","post","type-post","status-publish","format-standard","has-post-thumbnail","hentry","category-relaciones-exteriores","category-internacional","category-sudamerica","tag-unasur-es"],"yoast_head":"<!-- This site is optimized with the Yoast SEO plugin v27.1.1 - https:\/\/yoast.com\/product\/yoast-seo-wordpress\/ -->\n<title>UNASUR rechaza violencia en Venezuela y expresa solidaridad con el Gobierno democr\u00e1tico<\/title>\n<meta name=\"description\" content=\"El Consejo de Ministras y Ministros de Relaciones Exteriores de la Uni\u00f3n de Naciones Suramericanas (Unasur), reunido en Sesi\u00f3n Extraordinaria en Santiago\" \/>\n<meta name=\"robots\" content=\"index, follow, max-snippet:-1, max-image-preview:large, max-video-preview:-1\" \/>\n<link rel=\"canonical\" href=\"https:\/\/www.pressenza.com\/es\/2014\/03\/unasur-rechaza-violencia-en-venezuela-y-expresa-solidaridad-con-el-gobierno-democratico\/\" \/>\n<meta property=\"og:locale\" content=\"es_ES\" \/>\n<meta property=\"og:type\" content=\"article\" \/>\n<meta property=\"og:title\" content=\"UNASUR rechaza violencia en Venezuela y expresa solidaridad con el Gobierno democr\u00e1tico\" \/>\n<meta property=\"og:description\" content=\"El Consejo de Ministras y Ministros de Relaciones Exteriores de la Uni\u00f3n de Naciones Suramericanas (Unasur), reunido en Sesi\u00f3n Extraordinaria en Santiago\" \/>\n<meta property=\"og:url\" content=\"https:\/\/www.pressenza.com\/es\/2014\/03\/unasur-rechaza-violencia-en-venezuela-y-expresa-solidaridad-con-el-gobierno-democratico\/\" \/>\n<meta property=\"og:site_name\" content=\"Pressenza\" \/>\n<meta property=\"article:publisher\" content=\"https:\/\/www.facebook.com\/PressenzaItalia\" \/>\n<meta property=\"article:published_time\" content=\"2014-03-14T17:55:12+00:00\" \/>\n<meta property=\"og:image\" content=\"https:\/\/www.pressenza.com\/wp-content\/uploads\/2014\/03\/unasurch.jpg\" \/>\n\t<meta property=\"og:image:width\" content=\"770\" \/>\n\t<meta property=\"og:image:height\" content=\"433\" \/>\n\t<meta property=\"og:image:type\" content=\"image\/jpeg\" \/>\n<meta name=\"author\" content=\"Agencia Boliviana de Informaci\u00f3n - ABI\" \/>\n<meta name=\"twitter:card\" content=\"summary_large_image\" \/>\n<meta name=\"twitter:creator\" content=\"@mincombolivia\" \/>\n<meta name=\"twitter:site\" content=\"@PressenzaIPA\" \/>\n<meta name=\"twitter:label1\" content=\"Escrito por\" \/>\n\t<meta name=\"twitter:data1\" content=\"Agencia Boliviana de Informaci\u00f3n - ABI\" \/>\n\t<meta name=\"twitter:label2\" content=\"Tiempo de lectura\" \/>\n\t<meta name=\"twitter:data2\" content=\"2 minutos\" \/>\n<script type=\"application\/ld+json\" class=\"yoast-schema-graph\">{\"@context\":\"https:\/\/schema.org\",\"@graph\":[{\"@type\":\"Article\",\"@id\":\"https:\/\/www.pressenza.com\/es\/2014\/03\/unasur-rechaza-violencia-en-venezuela-y-expresa-solidaridad-con-el-gobierno-democratico\/#article\",\"isPartOf\":{\"@id\":\"https:\/\/www.pressenza.com\/es\/2014\/03\/unasur-rechaza-violencia-en-venezuela-y-expresa-solidaridad-con-el-gobierno-democratico\/\"},\"author\":{\"name\":\"Agencia Boliviana de Informaci\u00f3n - ABI\",\"@id\":\"https:\/\/www.pressenza.com\/es\/#\/schema\/person\/3fe2a62cf8f5fea54fc87abcec98dcb4\"},\"headline\":\"UNASUR rechaza violencia en Venezuela y expresa solidaridad con el Gobierno democr\u00e1tico\",\"datePublished\":\"2014-03-14T17:55:12+00:00\",\"mainEntityOfPage\":{\"@id\":\"https:\/\/www.pressenza.com\/es\/2014\/03\/unasur-rechaza-violencia-en-venezuela-y-expresa-solidaridad-con-el-gobierno-democratico\/\"},\"wordCount\":386,\"publisher\":{\"@id\":\"https:\/\/www.pressenza.com\/es\/#organization\"},\"image\":{\"@id\":\"https:\/\/www.pressenza.com\/es\/2014\/03\/unasur-rechaza-violencia-en-venezuela-y-expresa-solidaridad-con-el-gobierno-democratico\/#primaryimage\"},\"thumbnailUrl\":\"https:\/\/www.pressenza.com\/wp-content\/uploads\/2014\/03\/unasurch.jpg\",\"keywords\":[\"Unasur\"],\"articleSection\":[\"Asuntos internacionales\",\"Internacional\",\"Sudam\u00e9rica\"],\"inLanguage\":\"es\"},{\"@type\":\"WebPage\",\"@id\":\"https:\/\/www.pressenza.com\/es\/2014\/03\/unasur-rechaza-violencia-en-venezuela-y-expresa-solidaridad-con-el-gobierno-democratico\/\",\"url\":\"https:\/\/www.pressenza.com\/es\/2014\/03\/unasur-rechaza-violencia-en-venezuela-y-expresa-solidaridad-con-el-gobierno-democratico\/\",\"name\":\"UNASUR rechaza violencia en Venezuela y expresa solidaridad con el Gobierno democr\u00e1tico\",\"isPartOf\":{\"@id\":\"https:\/\/www.pressenza.com\/es\/#website\"},\"primaryImageOfPage\":{\"@id\":\"https:\/\/www.pressenza.com\/es\/2014\/03\/unasur-rechaza-violencia-en-venezuela-y-expresa-solidaridad-con-el-gobierno-democratico\/#primaryimage\"},\"image\":{\"@id\":\"https:\/\/www.pressenza.com\/es\/2014\/03\/unasur-rechaza-violencia-en-venezuela-y-expresa-solidaridad-con-el-gobierno-democratico\/#primaryimage\"},\"thumbnailUrl\":\"https:\/\/www.pressenza.com\/wp-content\/uploads\/2014\/03\/unasurch.jpg\",\"datePublished\":\"2014-03-14T17:55:12+00:00\",\"description\":\"El Consejo de Ministras y Ministros de Relaciones Exteriores de la Uni\u00f3n de Naciones Suramericanas (Unasur), reunido en Sesi\u00f3n Extraordinaria en Santiago\",\"breadcrumb\":{\"@id\":\"https:\/\/www.pressenza.com\/es\/2014\/03\/unasur-rechaza-violencia-en-venezuela-y-expresa-solidaridad-con-el-gobierno-democratico\/#breadcrumb\"},\"inLanguage\":\"es\",\"potentialAction\":[{\"@type\":\"ReadAction\",\"target\":[\"https:\/\/www.pressenza.com\/es\/2014\/03\/unasur-rechaza-violencia-en-venezuela-y-expresa-solidaridad-con-el-gobierno-democratico\/\"]}]},{\"@type\":\"ImageObject\",\"inLanguage\":\"es\",\"@id\":\"https:\/\/www.pressenza.com\/es\/2014\/03\/unasur-rechaza-violencia-en-venezuela-y-expresa-solidaridad-con-el-gobierno-democratico\/#primaryimage\",\"url\":\"https:\/\/www.pressenza.com\/wp-content\/uploads\/2014\/03\/unasurch.jpg\",\"contentUrl\":\"https:\/\/www.pressenza.com\/wp-content\/uploads\/2014\/03\/unasurch.jpg\",\"width\":770,\"height\":433},{\"@type\":\"BreadcrumbList\",\"@id\":\"https:\/\/www.pressenza.com\/es\/2014\/03\/unasur-rechaza-violencia-en-venezuela-y-expresa-solidaridad-con-el-gobierno-democratico\/#breadcrumb\",\"itemListElement\":[{\"@type\":\"ListItem\",\"position\":1,\"name\":\"Accueil\",\"item\":\"https:\/\/www.pressenza.com\/es\/\"},{\"@type\":\"ListItem\",\"position\":2,\"name\":\"UNASUR rechaza violencia en Venezuela y expresa solidaridad con el Gobierno democr\u00e1tico\"}]},{\"@type\":\"WebSite\",\"@id\":\"https:\/\/www.pressenza.com\/es\/#website\",\"url\":\"https:\/\/www.pressenza.com\/es\/\",\"name\":\"Pressenza\",\"description\":\"International Press Agency\",\"publisher\":{\"@id\":\"https:\/\/www.pressenza.com\/es\/#organization\"},\"potentialAction\":[{\"@type\":\"SearchAction\",\"target\":{\"@type\":\"EntryPoint\",\"urlTemplate\":\"https:\/\/www.pressenza.com\/es\/?s={search_term_string}\"},\"query-input\":{\"@type\":\"PropertyValueSpecification\",\"valueRequired\":true,\"valueName\":\"search_term_string\"}}],\"inLanguage\":\"es\"},{\"@type\":\"Organization\",\"@id\":\"https:\/\/www.pressenza.com\/es\/#organization\",\"name\":\"Pressenza\",\"url\":\"https:\/\/www.pressenza.com\/es\/\",\"logo\":{\"@type\":\"ImageObject\",\"inLanguage\":\"es\",\"@id\":\"https:\/\/www.pressenza.com\/es\/#\/schema\/logo\/image\/\",\"url\":\"https:\/\/www.pressenza.com\/wp-content\/uploads\/2022\/10\/pressenza_logo_200x200.jpg\",\"contentUrl\":\"https:\/\/www.pressenza.com\/wp-content\/uploads\/2022\/10\/pressenza_logo_200x200.jpg\",\"width\":200,\"height\":200,\"caption\":\"Pressenza\"},\"image\":{\"@id\":\"https:\/\/www.pressenza.com\/es\/#\/schema\/logo\/image\/\"},\"sameAs\":[\"https:\/\/www.facebook.com\/PressenzaItalia\",\"https:\/\/x.com\/PressenzaIPA\"]},{\"@type\":\"Person\",\"@id\":\"https:\/\/www.pressenza.com\/es\/#\/schema\/person\/3fe2a62cf8f5fea54fc87abcec98dcb4\",\"name\":\"Agencia Boliviana de Informaci\u00f3n - ABI\",\"description\":\"www.abi.bo\",\"sameAs\":[\"https:\/\/x.com\/mincombolivia\"],\"url\":\"https:\/\/www.pressenza.com\/es\/author\/agencia-boliviana-de-informacion-abi\/\"}]}<\/script>\n<!-- \/ Yoast SEO plugin. -->","yoast_head_json":{"title":"UNASUR rechaza violencia en Venezuela y expresa solidaridad con el Gobierno democr\u00e1tico","description":"El Consejo de Ministras y Ministros de Relaciones Exteriores de la Uni\u00f3n de Naciones Suramericanas (Unasur), reunido en Sesi\u00f3n Extraordinaria en Santiago","robots":{"index":"index","follow":"follow","max-snippet":"max-snippet:-1","max-image-preview":"max-image-preview:large","max-video-preview":"max-video-preview:-1"},"canonical":"https:\/\/www.pressenza.com\/es\/2014\/03\/unasur-rechaza-violencia-en-venezuela-y-expresa-solidaridad-con-el-gobierno-democratico\/","og_locale":"es_ES","og_type":"article","og_title":"UNASUR rechaza violencia en Venezuela y expresa solidaridad con el Gobierno democr\u00e1tico","og_description":"El Consejo de Ministras y Ministros de Relaciones Exteriores de la Uni\u00f3n de Naciones Suramericanas (Unasur), reunido en Sesi\u00f3n Extraordinaria en Santiago","og_url":"https:\/\/www.pressenza.com\/es\/2014\/03\/unasur-rechaza-violencia-en-venezuela-y-expresa-solidaridad-con-el-gobierno-democratico\/","og_site_name":"Pressenza","article_publisher":"https:\/\/www.facebook.com\/PressenzaItalia","article_published_time":"2014-03-14T17:55:12+00:00","og_image":[{"width":770,"height":433,"url":"https:\/\/www.pressenza.com\/wp-content\/uploads\/2014\/03\/unasurch.jpg","type":"image\/jpeg"}],"author":"Agencia Boliviana de Informaci\u00f3n - ABI","twitter_card":"summary_large_image","twitter_creator":"@mincombolivia","twitter_site":"@PressenzaIPA","twitter_misc":{"Escrito por":"Agencia Boliviana de Informaci\u00f3n - ABI","Tiempo de lectura":"2 minutos"},"schema":{"@context":"https:\/\/schema.org","@graph":[{"@type":"Article","@id":"https:\/\/www.pressenza.com\/es\/2014\/03\/unasur-rechaza-violencia-en-venezuela-y-expresa-solidaridad-con-el-gobierno-democratico\/#article","isPartOf":{"@id":"https:\/\/www.pressenza.com\/es\/2014\/03\/unasur-rechaza-violencia-en-venezuela-y-expresa-solidaridad-con-el-gobierno-democratico\/"},"author":{"name":"Agencia Boliviana de Informaci\u00f3n - ABI","@id":"https:\/\/www.pressenza.com\/es\/#\/schema\/person\/3fe2a62cf8f5fea54fc87abcec98dcb4"},"headline":"UNASUR rechaza violencia en Venezuela y expresa solidaridad con el Gobierno democr\u00e1tico","datePublished":"2014-03-14T17:55:12+00:00","mainEntityOfPage":{"@id":"https:\/\/www.pressenza.com\/es\/2014\/03\/unasur-rechaza-violencia-en-venezuela-y-expresa-solidaridad-con-el-gobierno-democratico\/"},"wordCount":386,"publisher":{"@id":"https:\/\/www.pressenza.com\/es\/#organization"},"image":{"@id":"https:\/\/www.pressenza.com\/es\/2014\/03\/unasur-rechaza-violencia-en-venezuela-y-expresa-solidaridad-con-el-gobierno-democratico\/#primaryimage"},"thumbnailUrl":"https:\/\/www.pressenza.com\/wp-content\/uploads\/2014\/03\/unasurch.jpg","keywords":["Unasur"],"articleSection":["Asuntos internacionales","Internacional","Sudam\u00e9rica"],"inLanguage":"es"},{"@type":"WebPage","@id":"https:\/\/www.pressenza.com\/es\/2014\/03\/unasur-rechaza-violencia-en-venezuela-y-expresa-solidaridad-con-el-gobierno-democratico\/","url":"https:\/\/www.pressenza.com\/es\/2014\/03\/unasur-rechaza-violencia-en-venezuela-y-expresa-solidaridad-con-el-gobierno-democratico\/","name":"UNASUR rechaza violencia en Venezuela y expresa solidaridad con el Gobierno democr\u00e1tico","isPartOf":{"@id":"https:\/\/www.pressenza.com\/es\/#website"},"primaryImageOfPage":{"@id":"https:\/\/www.pressenza.com\/es\/2014\/03\/unasur-rechaza-violencia-en-venezuela-y-expresa-solidaridad-con-el-gobierno-democratico\/#primaryimage"},"image":{"@id":"https:\/\/www.pressenza.com\/es\/2014\/03\/unasur-rechaza-violencia-en-venezuela-y-expresa-solidaridad-con-el-gobierno-democratico\/#primaryimage"},"thumbnailUrl":"https:\/\/www.pressenza.com\/wp-content\/uploads\/2014\/03\/unasurch.jpg","datePublished":"2014-03-14T17:55:12+00:00","description":"El Consejo de Ministras y Ministros de Relaciones Exteriores de la Uni\u00f3n de Naciones Suramericanas (Unasur), reunido en Sesi\u00f3n Extraordinaria en Santiago","breadcrumb":{"@id":"https:\/\/www.pressenza.com\/es\/2014\/03\/unasur-rechaza-violencia-en-venezuela-y-expresa-solidaridad-con-el-gobierno-democratico\/#breadcrumb"},"inLanguage":"es","potentialAction":[{"@type":"ReadAction","target":["https:\/\/www.pressenza.com\/es\/2014\/03\/unasur-rechaza-violencia-en-venezuela-y-expresa-solidaridad-con-el-gobierno-democratico\/"]}]},{"@type":"ImageObject","inLanguage":"es","@id":"https:\/\/www.pressenza.com\/es\/2014\/03\/unasur-rechaza-violencia-en-venezuela-y-expresa-solidaridad-con-el-gobierno-democratico\/#primaryimage","url":"https:\/\/www.pressenza.com\/wp-content\/uploads\/2014\/03\/unasurch.jpg","contentUrl":"https:\/\/www.pressenza.com\/wp-content\/uploads\/2014\/03\/unasurch.jpg","width":770,"height":433},{"@type":"BreadcrumbList","@id":"https:\/\/www.pressenza.com\/es\/2014\/03\/unasur-rechaza-violencia-en-venezuela-y-expresa-solidaridad-con-el-gobierno-democratico\/#breadcrumb","itemListElement":[{"@type":"ListItem","position":1,"name":"Accueil","item":"https:\/\/www.pressenza.com\/es\/"},{"@type":"ListItem","position":2,"name":"UNASUR rechaza violencia en Venezuela y expresa solidaridad con el Gobierno democr\u00e1tico"}]},{"@type":"WebSite","@id":"https:\/\/www.pressenza.com\/es\/#website","url":"https:\/\/www.pressenza.com\/es\/","name":"Pressenza","description":"International Press Agency","publisher":{"@id":"https:\/\/www.pressenza.com\/es\/#organization"},"potentialAction":[{"@type":"SearchAction","target":{"@type":"EntryPoint","urlTemplate":"https:\/\/www.pressenza.com\/es\/?s={search_term_string}"},"query-input":{"@type":"PropertyValueSpecification","valueRequired":true,"valueName":"search_term_string"}}],"inLanguage":"es"},{"@type":"Organization","@id":"https:\/\/www.pressenza.com\/es\/#organization","name":"Pressenza","url":"https:\/\/www.pressenza.com\/es\/","logo":{"@type":"ImageObject","inLanguage":"es","@id":"https:\/\/www.pressenza.com\/es\/#\/schema\/logo\/image\/","url":"https:\/\/www.pressenza.com\/wp-content\/uploads\/2022\/10\/pressenza_logo_200x200.jpg","contentUrl":"https:\/\/www.pressenza.com\/wp-content\/uploads\/2022\/10\/pressenza_logo_200x200.jpg","width":200,"height":200,"caption":"Pressenza"},"image":{"@id":"https:\/\/www.pressenza.com\/es\/#\/schema\/logo\/image\/"},"sameAs":["https:\/\/www.facebook.com\/PressenzaItalia","https:\/\/x.com\/PressenzaIPA"]},{"@type":"Person","@id":"https:\/\/www.pressenza.com\/es\/#\/schema\/person\/3fe2a62cf8f5fea54fc87abcec98dcb4","name":"Agencia Boliviana de Informaci\u00f3n - ABI","description":"www.abi.bo","sameAs":["https:\/\/x.com\/mincombolivia"],"url":"https:\/\/www.pressenza.com\/es\/author\/agencia-boliviana-de-informacion-abi\/"}]}},"place":"","original_article_url":"","_links":{"self":[{"href":"https:\/\/www.pressenza.com\/es\/wp-json\/wp\/v2\/posts\/94002","targetHints":{"allow":["GET"]}}],"collection":[{"href":"https:\/\/www.pressenza.com\/es\/wp-json\/wp\/v2\/posts"}],"about":[{"href":"https:\/\/www.pressenza.com\/es\/wp-json\/wp\/v2\/types\/post"}],"author":[{"embeddable":true,"href":"https:\/\/www.pressenza.com\/es\/wp-json\/wp\/v2\/users\/127"}],"replies":[{"embeddable":true,"href":"https:\/\/www.pressenza.com\/es\/wp-json\/wp\/v2\/comments?post=94002"}],"version-history":[{"count":0,"href":"https:\/\/www.pressenza.com\/es\/wp-json\/wp\/v2\/posts\/94002\/revisions"}],"wp:featuredmedia":[{"embeddable":true,"href":"https:\/\/www.pressenza.com\/es\/wp-json\/wp\/v2\/media\/94003"}],"wp:attachment":[{"href":"https:\/\/www.pressenza.com\/es\/wp-json\/wp\/v2\/media?parent=94002"}],"wp:term":[{"taxonomy":"category","embeddable":true,"href":"https:\/\/www.pressenza.com\/es\/wp-json\/wp\/v2\/categories?post=94002"},{"taxonomy":"post_tag","embeddable":true,"href":"https:\/\/www.pressenza.com\/es\/wp-json\/wp\/v2\/tags?post=94002"}],"curies":[{"name":"wp","href":"https:\/\/api.w.org\/{rel}","templated":true}]}}