{"id":938777,"date":"2019-10-10T04:07:18","date_gmt":"2019-10-10T03:07:18","guid":{"rendered":"https:\/\/www.pressenza.com\/?p=938777"},"modified":"2019-10-13T21:36:12","modified_gmt":"2019-10-13T20:36:12","slug":"ecuador-entre-el-cinismo-y-el-oportunismo-nos-queda-la-dignidad","status":"publish","type":"post","link":"https:\/\/www.pressenza.com\/es\/2019\/10\/ecuador-entre-el-cinismo-y-el-oportunismo-nos-queda-la-dignidad\/","title":{"rendered":"Ecuador: entre el cinismo y el oportunismo, nos queda la dignidad"},"content":{"rendered":"<p>Hoy, 9 de octubre, d\u00eda del Paro Nacional, la tarde ha terminado con un twitt del presidente Moreno alegr\u00e1ndose por el inicio de los di\u00e1logos con \u00ablos hermanos ind\u00edgenas\u00bb; una rueda de prensa de funcionarios del ejecutivo enunciando 6 puntos de su propuesta para sentarse a dialogar con el Movimiento Ind\u00edgena y afirmando que los han conversado con dirigentes y con la mediaci\u00f3n de la ONU; y el comunicado firme de la CONAIE, la Confederaci\u00f3n de Nacionalidades Ind\u00edgenas del Ecuador, diciendo que \u00abno existe ning\u00fan tipo de negociaci\u00f3n con el gobierno, estamos m\u00e1s firmes que nunca porque el pueblo est\u00e1 decidido y pide la derogatoria de las medidas econ\u00f3micas\u00bb. Mientras la rueda de prensa se desarrollaba y el Secretario General de la Administraci\u00f3n confirmaba la entrada pac\u00edfica de la marcha al Centro Hist\u00f3rico de Quito, las bombas de gases lacrim\u00f3genos no se hicieron esperar en todos los espacios donde estaban los manifestantes. As\u00ed que, a la marcha pac\u00edfica la esperaban los gases.<\/p>\n<p>Este es el s\u00e9ptimo d\u00eda de las movilizaciones que comenzaron el d\u00eda 2 de octubre a la medianoche, 24 horas despu\u00e9s del anuncio de la medidas econ\u00f3micas del gobierno de Moreno. D\u00edas antes, el vicepresidente, Otto Sonnenholzner, hab\u00eda pedido \u00abcomprensi\u00f3n\u00bb al pueblo ecuatoriano por las medidas que se anunciar\u00edan. Comprensi\u00f3n&#8230;as\u00ed que, ya las alarmas se encendieron. \u00bfEn serio se pens\u00f3 que con pedir comprensi\u00f3n bastaba?<\/p>\n<p>Error. Los transportistas iniciaron el paro: el retiro del subsidio al di\u00e9sel y la gasolina extra, pero particularmente al di\u00e9sel, combustible del transporte p\u00fablico local, interprovincial, nacional y pesado en el pa\u00eds, y su consecuente subida de precio, fue el detonante. Pero el gremio negoci\u00f3 a los dos d\u00edas con un aumento de 10 centavos al costo del pasaje local y otras compensaciones. \u00bfEn serio se pens\u00f3 que con negociar con los transportistas bastaba?<\/p>\n<p>Error. Al gobierno y las \u00e9lites de este pa\u00eds se les olvid\u00f3 que existen los ind\u00edgenas.\u00bfC\u00f3mo se les puede olvidar que existen los ind\u00edgenas, si son ellos y ellos la memoria de este suelo? Pues se les olvid\u00f3 porque est\u00e1n en el olvido de la discriminaci\u00f3n, del racismo, de la pobreza, siendo los due\u00f1os de este territorio magn\u00edfico. Pero a los pueblos ind\u00edgenas no se les olvida qui\u00e9nes son y qu\u00e9 significan. Bajaron de las monta\u00f1as, salieron de su selva, fuertes y dignos como siempre han sido, como lo han demostrado una y otra vez a lo largo de la historia de este pa\u00eds y caminaron y se fueron sumando y recibiendo la solidaridad y el apoyo de la gente ecuatoriana que sabe que sin ellos y ellas no ser\u00edamos. Llegaron a la capital y a ellos y ellas se sumaron muchos. \u00bfEn serio pensaron que los pueblos y nacionalidades ind\u00edgenas no iban a reaccionar?<\/p>\n<p>Error. La historia del pa\u00eds nos muestra que son los ind\u00edgenas y sus organizaciones los que levantan la cabeza y la bandera de la justicia para todos y todas. Son ellos y ellas, una y otra vez postergados, los que comprenden mejor que nadie que no se trata solamente de un subsidio o no subsidio, sino de una nueva arremetida neoliberal que favorece, por supuesto, a las \u00e9lites econ\u00f3micas de este pa\u00eds. \u00bfEn serio pensaron que el paquete iba a pasar as\u00ed, tranquilamente, porque gracias a \u00e9l tendremos un futuro mejor?<\/p>\n<p>Nuevamente error&#8230; pero ya uno comienza a pensar que tal vez no son errores sino puro cinismo. Y lo piensa m\u00e1s cuando observa algunos detalles y se pregunta cosas que no son de experto. Por ejemplo:<\/p>\n<p>El presidente Moreno dice que los subsidios ten\u00edan que eliminarse hace d\u00e9cadas y algunos estudiosos del asunto dicen que es as\u00ed&#8230;Pero entonces, \u00bfpor qu\u00e9 no lo hizo desde el inicio de su gobierno y adem\u00e1s, con un plan serio, paulatino, progresivo, cuidando a los peque\u00f1os campesinos, a los pescadores, a la ruralidad ind\u00edgena? \u00bfPor qu\u00e9 lo incluye como la primera medida de todas las que vienen en el paquete de la negociaci\u00f3n con el FMI? \u00bfSer\u00e1 para que todos nos fijemos solo en esa y no en todas las dem\u00e1s, que implican flexibilizaci\u00f3n laboral, entre otras cosas?<\/p>\n<p>El presidente, el vicepresidente y todo su gabinete insisten en que toda la movilizaci\u00f3n ha sido organizada por el corre\u00edsmo, con los dineros que le han robado al pa\u00eds en la \u00faltima d\u00e9cada y adem\u00e1s, en coordinaci\u00f3n con Nicol\u00e1s Maduro. Entonces uno piensa, si Correa y su equipo pueden organizar esta movilizaci\u00f3n, entonces su poder es enorme, tanto, que hay que declarar Estado de Excepci\u00f3n para controlarlo.\u00bfSer\u00e1 cierto? Y despu\u00e9s tambi\u00e9n piensa, \u00bfc\u00f3mo ser\u00e1 posible que las m\u00e1s grandes organizaciones ind\u00edgenas del pa\u00eds, enfrentadas con el gobierno de Rafael Correa pr\u00e1cticamente todo su per\u00edodo, le obedezcan y bajen de sus comunidades a desestabilizar el gobierno de Moreno? \u00bfTanto desconocen quienes est\u00e1n en el poder la fuerza y la claridad de la organizaci\u00f3n ind\u00edgena? \u00bfEn serio piensan que les podemos creer ese discurso?<\/p>\n<p>Y para terminar, aunque podr\u00edamos hacer una lista interminable, los ind\u00edgenas explicitan sus demandas p\u00fablicamente: suspensi\u00f3n de las medidas econ\u00f3micas, renuncia de los ministros de defensa y gobierno, fin a la miner\u00eda y el extractivismo en sus territorios, entre otros muchos puntos de una agenda seria y consistente y hoy, el gobierno responde con sistemas de riego parcelados, condonaci\u00f3n de las multas por no pago del agua, centros de acopio, para mencionar algunas. Claro que todo eso es importante para la ruralidad ind\u00edgena pero&#8230; no se compadece con la agenda estrat\u00e9gica que han planteado la CONAIE y la CONFENIAE. \u00bfC\u00f3mo ser\u00e1 posible comenzar a dialogar desde dos miradas tan diferentes de lo que el pa\u00eds y no solamente los pueblos ind\u00edgenas necesitan?<\/p>\n<p>Pero bueno. Si por un lado hay cinismo, por el otro hay oportunismo y hasta provocaci\u00f3n, en un pa\u00eds a\u00fan polarizado. Los movimientos han sido claros: ni Moreno, ni Correa, ni Lasso, ni Nebot. Esta movilizaci\u00f3n es del pueblo ecuatoriano, es pac\u00edfica, es noviolenta y la encabeza el movimiento ind\u00edgena. Y s\u00ed, ha habido figuras pol\u00edticas que nos quieren hacer creer que es el clamor del pueblo ecuatoriano para que el ex presidente Correa se candidatice de nuevo. Pero no. Bueno, seguramente hay un porcentaje de la poblaci\u00f3n que as\u00ed lo quiere, pero no son quienes est\u00e1n al frente de las movilizaciones, poniendo el pecho frente a una fuerza p\u00fablica que ha actuado sin freno. Y s\u00ed, ha habido infiltrados, han cometido actos vand\u00e1licos, intentando deslegitimar la movilizaci\u00f3n, pero esos no son los que est\u00e1n con ni\u00f1os y ni\u00f1as en los parques y las universidades.<\/p>\n<p>Que ni el cinismo ni el oportunismo le roben la dignidad a este pueblo que se ha levantado valientemente y gritando \u00abno m\u00e1s violencia\u00bb.<\/p>\n<p><img loading=\"lazy\" decoding=\"async\" class=\"aligncenter size-large wp-image-938894\" src=\"https:\/\/www.pressenza.com\/wp-content\/uploads\/2019\/10\/2Q3B8337-720x480.jpg\" alt=\"\" width=\"720\" height=\"480\" srcset=\"https:\/\/www.pressenza.com\/wp-content\/uploads\/2019\/10\/2Q3B8337-720x480.jpg 720w, https:\/\/www.pressenza.com\/wp-content\/uploads\/2019\/10\/2Q3B8337-300x200.jpg 300w, https:\/\/www.pressenza.com\/wp-content\/uploads\/2019\/10\/2Q3B8337-768x512.jpg 768w, https:\/\/www.pressenza.com\/wp-content\/uploads\/2019\/10\/2Q3B8337.jpg 1920w\" sizes=\"auto, (max-width: 720px) 100vw, 720px\" \/><\/p>\n<h5 style=\"text-align: center;\">Fotograf\u00eda portada e interior: <a href=\"https:\/\/www.instagram.com\/jpverdesoto\/\">Juan Pablo Verdesoto<\/a><\/h5>\n<p>Notas al margen:<\/p>\n<p>&#8211; En este momento, a las 20 horas de Quito, la fuerza p\u00fablica est\u00e1 lanzando bombas lacrim\u00f3genas en las universidades que han recibido a los manifestantes con comida, cobijas y medicinas donadas por la poblaci\u00f3n quite\u00f1a. En esos lugares hay mujeres, ni\u00f1os y ni\u00f1as. \u00bfPor qu\u00e9? Porque cuando los ind\u00edgenas se mueven, se mueven como territorio, se mueven con todo.<\/p>\n<p>&#8211; Hoy, el socialcristianismo guayaquile\u00f1o convoc\u00f3 la Marcha por la Paz. El ex alcalde de Guayaquil, Jaime Nebot, dijo en una entrevista que le dijeran a los indios que se quedaran en sus p\u00e1ramos. Pero bueno, Guayaquil, es otra historia y ya no dan las l\u00edneas para contarla.<\/p>\n","protected":false},"excerpt":{"rendered":"<p>Hoy, 9 de octubre, d\u00eda del Paro Nacional, la tarde ha terminado con un twitt del presidente Moreno alegr\u00e1ndose por el inicio de los di\u00e1logos con \u00ablos hermanos ind\u00edgenas\u00bb; una rueda de prensa de funcionarios del ejecutivo enunciando 6 puntos&hellip;<\/p>\n","protected":false},"author":454,"featured_media":938885,"comment_status":"closed","ping_status":"closed","sticky":false,"template":"","format":"standard","meta":{"footnotes":""},"categories":[11389,74,80,67],"tags":[2973,695,61252],"class_list":["post-938777","post","type-post","status-publish","format-standard","has-post-thumbnail","hentry","category-contenido-original","category-politica-es","category-pueblos-originarios","category-sudamerica","tag-ecuador-es","tag-movilizacion-social","tag-paro-nacional-ecuador"],"yoast_head":"<!-- This site is optimized with the Yoast SEO plugin v27.1.1 - https:\/\/yoast.com\/product\/yoast-seo-wordpress\/ -->\n<title>Ecuador: entre el cinismo y el oportunismo, nos queda la dignidad<\/title>\n<meta name=\"description\" content=\"Hoy, 9 de octubre, d\u00eda del Paro Nacional, la tarde ha terminado con un twitt del presidente Moreno alegr\u00e1ndose por el inicio de los di\u00e1logos con &quot;los\" \/>\n<meta name=\"robots\" content=\"index, follow, max-snippet:-1, max-image-preview:large, max-video-preview:-1\" \/>\n<link rel=\"canonical\" href=\"https:\/\/www.pressenza.com\/es\/2019\/10\/ecuador-entre-el-cinismo-y-el-oportunismo-nos-queda-la-dignidad\/\" \/>\n<meta property=\"og:locale\" content=\"es_ES\" \/>\n<meta property=\"og:type\" content=\"article\" \/>\n<meta property=\"og:title\" content=\"Ecuador: entre el cinismo y el oportunismo, nos queda la dignidad\" \/>\n<meta property=\"og:description\" content=\"Hoy, 9 de octubre, d\u00eda del Paro Nacional, la tarde ha terminado con un twitt del presidente Moreno alegr\u00e1ndose por el inicio de los di\u00e1logos con &quot;los\" \/>\n<meta property=\"og:url\" content=\"https:\/\/www.pressenza.com\/es\/2019\/10\/ecuador-entre-el-cinismo-y-el-oportunismo-nos-queda-la-dignidad\/\" \/>\n<meta property=\"og:site_name\" content=\"Pressenza\" \/>\n<meta property=\"article:publisher\" content=\"https:\/\/www.facebook.com\/PressenzaItalia\" \/>\n<meta property=\"article:published_time\" content=\"2019-10-10T03:07:18+00:00\" \/>\n<meta property=\"article:modified_time\" content=\"2019-10-13T20:36:12+00:00\" \/>\n<meta property=\"og:image\" content=\"https:\/\/www.pressenza.com\/wp-content\/uploads\/2019\/10\/2Q3B8346.jpg\" \/>\n\t<meta property=\"og:image:width\" content=\"1920\" \/>\n\t<meta property=\"og:image:height\" content=\"1280\" \/>\n\t<meta property=\"og:image:type\" content=\"image\/jpeg\" \/>\n<meta name=\"author\" content=\"Nelsy Lizarazo\" \/>\n<meta name=\"twitter:card\" content=\"summary_large_image\" \/>\n<meta name=\"twitter:creator\" content=\"@PressenzaIPA\" \/>\n<meta name=\"twitter:site\" content=\"@PressenzaIPA\" \/>\n<meta name=\"twitter:label1\" content=\"Escrito por\" \/>\n\t<meta name=\"twitter:data1\" content=\"Nelsy Lizarazo\" \/>\n\t<meta name=\"twitter:label2\" content=\"Tiempo de lectura\" \/>\n\t<meta name=\"twitter:data2\" content=\"7 minutos\" \/>\n<script type=\"application\/ld+json\" class=\"yoast-schema-graph\">{\"@context\":\"https:\/\/schema.org\",\"@graph\":[{\"@type\":\"Article\",\"@id\":\"https:\/\/www.pressenza.com\/es\/2019\/10\/ecuador-entre-el-cinismo-y-el-oportunismo-nos-queda-la-dignidad\/#article\",\"isPartOf\":{\"@id\":\"https:\/\/www.pressenza.com\/es\/2019\/10\/ecuador-entre-el-cinismo-y-el-oportunismo-nos-queda-la-dignidad\/\"},\"author\":{\"name\":\"Nelsy Lizarazo\",\"@id\":\"https:\/\/www.pressenza.com\/es\/#\/schema\/person\/25aa5b5c387ba3badce63b165da09f9c\"},\"headline\":\"Ecuador: entre el cinismo y el oportunismo, nos queda la dignidad\",\"datePublished\":\"2019-10-10T03:07:18+00:00\",\"dateModified\":\"2019-10-13T20:36:12+00:00\",\"mainEntityOfPage\":{\"@id\":\"https:\/\/www.pressenza.com\/es\/2019\/10\/ecuador-entre-el-cinismo-y-el-oportunismo-nos-queda-la-dignidad\/\"},\"wordCount\":1349,\"publisher\":{\"@id\":\"https:\/\/www.pressenza.com\/es\/#organization\"},\"image\":{\"@id\":\"https:\/\/www.pressenza.com\/es\/2019\/10\/ecuador-entre-el-cinismo-y-el-oportunismo-nos-queda-la-dignidad\/#primaryimage\"},\"thumbnailUrl\":\"https:\/\/www.pressenza.com\/wp-content\/uploads\/2019\/10\/2Q3B8346.jpg\",\"keywords\":[\"Ecuador\",\"movilizaci\u00f3n social\",\"paro nacional Ecuador\"],\"articleSection\":[\"Contenido Original\",\"Pol\u00edtica\",\"Pueblos Originarios\",\"Sudam\u00e9rica\"],\"inLanguage\":\"es\"},{\"@type\":\"WebPage\",\"@id\":\"https:\/\/www.pressenza.com\/es\/2019\/10\/ecuador-entre-el-cinismo-y-el-oportunismo-nos-queda-la-dignidad\/\",\"url\":\"https:\/\/www.pressenza.com\/es\/2019\/10\/ecuador-entre-el-cinismo-y-el-oportunismo-nos-queda-la-dignidad\/\",\"name\":\"Ecuador: entre el cinismo y el oportunismo, nos queda la dignidad\",\"isPartOf\":{\"@id\":\"https:\/\/www.pressenza.com\/es\/#website\"},\"primaryImageOfPage\":{\"@id\":\"https:\/\/www.pressenza.com\/es\/2019\/10\/ecuador-entre-el-cinismo-y-el-oportunismo-nos-queda-la-dignidad\/#primaryimage\"},\"image\":{\"@id\":\"https:\/\/www.pressenza.com\/es\/2019\/10\/ecuador-entre-el-cinismo-y-el-oportunismo-nos-queda-la-dignidad\/#primaryimage\"},\"thumbnailUrl\":\"https:\/\/www.pressenza.com\/wp-content\/uploads\/2019\/10\/2Q3B8346.jpg\",\"datePublished\":\"2019-10-10T03:07:18+00:00\",\"dateModified\":\"2019-10-13T20:36:12+00:00\",\"description\":\"Hoy, 9 de octubre, d\u00eda del Paro Nacional, la tarde ha terminado con un twitt del presidente Moreno alegr\u00e1ndose por el inicio de los di\u00e1logos con \\\"los\",\"breadcrumb\":{\"@id\":\"https:\/\/www.pressenza.com\/es\/2019\/10\/ecuador-entre-el-cinismo-y-el-oportunismo-nos-queda-la-dignidad\/#breadcrumb\"},\"inLanguage\":\"es\",\"potentialAction\":[{\"@type\":\"ReadAction\",\"target\":[\"https:\/\/www.pressenza.com\/es\/2019\/10\/ecuador-entre-el-cinismo-y-el-oportunismo-nos-queda-la-dignidad\/\"]}]},{\"@type\":\"ImageObject\",\"inLanguage\":\"es\",\"@id\":\"https:\/\/www.pressenza.com\/es\/2019\/10\/ecuador-entre-el-cinismo-y-el-oportunismo-nos-queda-la-dignidad\/#primaryimage\",\"url\":\"https:\/\/www.pressenza.com\/wp-content\/uploads\/2019\/10\/2Q3B8346.jpg\",\"contentUrl\":\"https:\/\/www.pressenza.com\/wp-content\/uploads\/2019\/10\/2Q3B8346.jpg\",\"width\":1920,\"height\":1280,\"caption\":\"Entre el cinismo y el oportunismo, nos queda la dignidad\"},{\"@type\":\"BreadcrumbList\",\"@id\":\"https:\/\/www.pressenza.com\/es\/2019\/10\/ecuador-entre-el-cinismo-y-el-oportunismo-nos-queda-la-dignidad\/#breadcrumb\",\"itemListElement\":[{\"@type\":\"ListItem\",\"position\":1,\"name\":\"Accueil\",\"item\":\"https:\/\/www.pressenza.com\/es\/\"},{\"@type\":\"ListItem\",\"position\":2,\"name\":\"Ecuador: entre el cinismo y el oportunismo, nos queda la dignidad\"}]},{\"@type\":\"WebSite\",\"@id\":\"https:\/\/www.pressenza.com\/es\/#website\",\"url\":\"https:\/\/www.pressenza.com\/es\/\",\"name\":\"Pressenza\",\"description\":\"International Press Agency\",\"publisher\":{\"@id\":\"https:\/\/www.pressenza.com\/es\/#organization\"},\"potentialAction\":[{\"@type\":\"SearchAction\",\"target\":{\"@type\":\"EntryPoint\",\"urlTemplate\":\"https:\/\/www.pressenza.com\/es\/?s={search_term_string}\"},\"query-input\":{\"@type\":\"PropertyValueSpecification\",\"valueRequired\":true,\"valueName\":\"search_term_string\"}}],\"inLanguage\":\"es\"},{\"@type\":\"Organization\",\"@id\":\"https:\/\/www.pressenza.com\/es\/#organization\",\"name\":\"Pressenza\",\"url\":\"https:\/\/www.pressenza.com\/es\/\",\"logo\":{\"@type\":\"ImageObject\",\"inLanguage\":\"es\",\"@id\":\"https:\/\/www.pressenza.com\/es\/#\/schema\/logo\/image\/\",\"url\":\"https:\/\/www.pressenza.com\/wp-content\/uploads\/2022\/10\/pressenza_logo_200x200.jpg\",\"contentUrl\":\"https:\/\/www.pressenza.com\/wp-content\/uploads\/2022\/10\/pressenza_logo_200x200.jpg\",\"width\":200,\"height\":200,\"caption\":\"Pressenza\"},\"image\":{\"@id\":\"https:\/\/www.pressenza.com\/es\/#\/schema\/logo\/image\/\"},\"sameAs\":[\"https:\/\/www.facebook.com\/PressenzaItalia\",\"https:\/\/x.com\/PressenzaIPA\"]},{\"@type\":\"Person\",\"@id\":\"https:\/\/www.pressenza.com\/es\/#\/schema\/person\/25aa5b5c387ba3badce63b165da09f9c\",\"name\":\"Nelsy Lizarazo\",\"description\":\"Nelsy Lizarazo, Colombian, living in Quito, Ecuador. Professional background in philosophy, literature, political sciences and international relations.\",\"url\":\"https:\/\/www.pressenza.com\/es\/author\/nelsy-lizarazo\/\"}]}<\/script>\n<!-- \/ Yoast SEO plugin. -->","yoast_head_json":{"title":"Ecuador: entre el cinismo y el oportunismo, nos queda la dignidad","description":"Hoy, 9 de octubre, d\u00eda del Paro Nacional, la tarde ha terminado con un twitt del presidente Moreno alegr\u00e1ndose por el inicio de los di\u00e1logos con \"los","robots":{"index":"index","follow":"follow","max-snippet":"max-snippet:-1","max-image-preview":"max-image-preview:large","max-video-preview":"max-video-preview:-1"},"canonical":"https:\/\/www.pressenza.com\/es\/2019\/10\/ecuador-entre-el-cinismo-y-el-oportunismo-nos-queda-la-dignidad\/","og_locale":"es_ES","og_type":"article","og_title":"Ecuador: entre el cinismo y el oportunismo, nos queda la dignidad","og_description":"Hoy, 9 de octubre, d\u00eda del Paro Nacional, la tarde ha terminado con un twitt del presidente Moreno alegr\u00e1ndose por el inicio de los di\u00e1logos con \"los","og_url":"https:\/\/www.pressenza.com\/es\/2019\/10\/ecuador-entre-el-cinismo-y-el-oportunismo-nos-queda-la-dignidad\/","og_site_name":"Pressenza","article_publisher":"https:\/\/www.facebook.com\/PressenzaItalia","article_published_time":"2019-10-10T03:07:18+00:00","article_modified_time":"2019-10-13T20:36:12+00:00","og_image":[{"width":1920,"height":1280,"url":"https:\/\/www.pressenza.com\/wp-content\/uploads\/2019\/10\/2Q3B8346.jpg","type":"image\/jpeg"}],"author":"Nelsy Lizarazo","twitter_card":"summary_large_image","twitter_creator":"@PressenzaIPA","twitter_site":"@PressenzaIPA","twitter_misc":{"Escrito por":"Nelsy Lizarazo","Tiempo de lectura":"7 minutos"},"schema":{"@context":"https:\/\/schema.org","@graph":[{"@type":"Article","@id":"https:\/\/www.pressenza.com\/es\/2019\/10\/ecuador-entre-el-cinismo-y-el-oportunismo-nos-queda-la-dignidad\/#article","isPartOf":{"@id":"https:\/\/www.pressenza.com\/es\/2019\/10\/ecuador-entre-el-cinismo-y-el-oportunismo-nos-queda-la-dignidad\/"},"author":{"name":"Nelsy Lizarazo","@id":"https:\/\/www.pressenza.com\/es\/#\/schema\/person\/25aa5b5c387ba3badce63b165da09f9c"},"headline":"Ecuador: entre el cinismo y el oportunismo, nos queda la dignidad","datePublished":"2019-10-10T03:07:18+00:00","dateModified":"2019-10-13T20:36:12+00:00","mainEntityOfPage":{"@id":"https:\/\/www.pressenza.com\/es\/2019\/10\/ecuador-entre-el-cinismo-y-el-oportunismo-nos-queda-la-dignidad\/"},"wordCount":1349,"publisher":{"@id":"https:\/\/www.pressenza.com\/es\/#organization"},"image":{"@id":"https:\/\/www.pressenza.com\/es\/2019\/10\/ecuador-entre-el-cinismo-y-el-oportunismo-nos-queda-la-dignidad\/#primaryimage"},"thumbnailUrl":"https:\/\/www.pressenza.com\/wp-content\/uploads\/2019\/10\/2Q3B8346.jpg","keywords":["Ecuador","movilizaci\u00f3n social","paro nacional Ecuador"],"articleSection":["Contenido Original","Pol\u00edtica","Pueblos Originarios","Sudam\u00e9rica"],"inLanguage":"es"},{"@type":"WebPage","@id":"https:\/\/www.pressenza.com\/es\/2019\/10\/ecuador-entre-el-cinismo-y-el-oportunismo-nos-queda-la-dignidad\/","url":"https:\/\/www.pressenza.com\/es\/2019\/10\/ecuador-entre-el-cinismo-y-el-oportunismo-nos-queda-la-dignidad\/","name":"Ecuador: entre el cinismo y el oportunismo, nos queda la dignidad","isPartOf":{"@id":"https:\/\/www.pressenza.com\/es\/#website"},"primaryImageOfPage":{"@id":"https:\/\/www.pressenza.com\/es\/2019\/10\/ecuador-entre-el-cinismo-y-el-oportunismo-nos-queda-la-dignidad\/#primaryimage"},"image":{"@id":"https:\/\/www.pressenza.com\/es\/2019\/10\/ecuador-entre-el-cinismo-y-el-oportunismo-nos-queda-la-dignidad\/#primaryimage"},"thumbnailUrl":"https:\/\/www.pressenza.com\/wp-content\/uploads\/2019\/10\/2Q3B8346.jpg","datePublished":"2019-10-10T03:07:18+00:00","dateModified":"2019-10-13T20:36:12+00:00","description":"Hoy, 9 de octubre, d\u00eda del Paro Nacional, la tarde ha terminado con un twitt del presidente Moreno alegr\u00e1ndose por el inicio de los di\u00e1logos con \"los","breadcrumb":{"@id":"https:\/\/www.pressenza.com\/es\/2019\/10\/ecuador-entre-el-cinismo-y-el-oportunismo-nos-queda-la-dignidad\/#breadcrumb"},"inLanguage":"es","potentialAction":[{"@type":"ReadAction","target":["https:\/\/www.pressenza.com\/es\/2019\/10\/ecuador-entre-el-cinismo-y-el-oportunismo-nos-queda-la-dignidad\/"]}]},{"@type":"ImageObject","inLanguage":"es","@id":"https:\/\/www.pressenza.com\/es\/2019\/10\/ecuador-entre-el-cinismo-y-el-oportunismo-nos-queda-la-dignidad\/#primaryimage","url":"https:\/\/www.pressenza.com\/wp-content\/uploads\/2019\/10\/2Q3B8346.jpg","contentUrl":"https:\/\/www.pressenza.com\/wp-content\/uploads\/2019\/10\/2Q3B8346.jpg","width":1920,"height":1280,"caption":"Entre el cinismo y el oportunismo, nos queda la dignidad"},{"@type":"BreadcrumbList","@id":"https:\/\/www.pressenza.com\/es\/2019\/10\/ecuador-entre-el-cinismo-y-el-oportunismo-nos-queda-la-dignidad\/#breadcrumb","itemListElement":[{"@type":"ListItem","position":1,"name":"Accueil","item":"https:\/\/www.pressenza.com\/es\/"},{"@type":"ListItem","position":2,"name":"Ecuador: entre el cinismo y el oportunismo, nos queda la dignidad"}]},{"@type":"WebSite","@id":"https:\/\/www.pressenza.com\/es\/#website","url":"https:\/\/www.pressenza.com\/es\/","name":"Pressenza","description":"International Press Agency","publisher":{"@id":"https:\/\/www.pressenza.com\/es\/#organization"},"potentialAction":[{"@type":"SearchAction","target":{"@type":"EntryPoint","urlTemplate":"https:\/\/www.pressenza.com\/es\/?s={search_term_string}"},"query-input":{"@type":"PropertyValueSpecification","valueRequired":true,"valueName":"search_term_string"}}],"inLanguage":"es"},{"@type":"Organization","@id":"https:\/\/www.pressenza.com\/es\/#organization","name":"Pressenza","url":"https:\/\/www.pressenza.com\/es\/","logo":{"@type":"ImageObject","inLanguage":"es","@id":"https:\/\/www.pressenza.com\/es\/#\/schema\/logo\/image\/","url":"https:\/\/www.pressenza.com\/wp-content\/uploads\/2022\/10\/pressenza_logo_200x200.jpg","contentUrl":"https:\/\/www.pressenza.com\/wp-content\/uploads\/2022\/10\/pressenza_logo_200x200.jpg","width":200,"height":200,"caption":"Pressenza"},"image":{"@id":"https:\/\/www.pressenza.com\/es\/#\/schema\/logo\/image\/"},"sameAs":["https:\/\/www.facebook.com\/PressenzaItalia","https:\/\/x.com\/PressenzaIPA"]},{"@type":"Person","@id":"https:\/\/www.pressenza.com\/es\/#\/schema\/person\/25aa5b5c387ba3badce63b165da09f9c","name":"Nelsy Lizarazo","description":"Nelsy Lizarazo, Colombian, living in Quito, Ecuador. Professional background in philosophy, literature, political sciences and international relations.","url":"https:\/\/www.pressenza.com\/es\/author\/nelsy-lizarazo\/"}]}},"place":"Quito, Ecuador","original_article_url":"","_links":{"self":[{"href":"https:\/\/www.pressenza.com\/es\/wp-json\/wp\/v2\/posts\/938777","targetHints":{"allow":["GET"]}}],"collection":[{"href":"https:\/\/www.pressenza.com\/es\/wp-json\/wp\/v2\/posts"}],"about":[{"href":"https:\/\/www.pressenza.com\/es\/wp-json\/wp\/v2\/types\/post"}],"author":[{"embeddable":true,"href":"https:\/\/www.pressenza.com\/es\/wp-json\/wp\/v2\/users\/454"}],"replies":[{"embeddable":true,"href":"https:\/\/www.pressenza.com\/es\/wp-json\/wp\/v2\/comments?post=938777"}],"version-history":[{"count":0,"href":"https:\/\/www.pressenza.com\/es\/wp-json\/wp\/v2\/posts\/938777\/revisions"}],"wp:featuredmedia":[{"embeddable":true,"href":"https:\/\/www.pressenza.com\/es\/wp-json\/wp\/v2\/media\/938885"}],"wp:attachment":[{"href":"https:\/\/www.pressenza.com\/es\/wp-json\/wp\/v2\/media?parent=938777"}],"wp:term":[{"taxonomy":"category","embeddable":true,"href":"https:\/\/www.pressenza.com\/es\/wp-json\/wp\/v2\/categories?post=938777"},{"taxonomy":"post_tag","embeddable":true,"href":"https:\/\/www.pressenza.com\/es\/wp-json\/wp\/v2\/tags?post=938777"}],"curies":[{"name":"wp","href":"https:\/\/api.w.org\/{rel}","templated":true}]}}