{"id":938252,"date":"2019-10-09T18:34:32","date_gmt":"2019-10-09T17:34:32","guid":{"rendered":"https:\/\/www.pressenza.com\/?p=938252"},"modified":"2019-10-09T18:34:32","modified_gmt":"2019-10-09T17:34:32","slug":"represion-en-las-protestas-de-ayer-en-quito","status":"publish","type":"post","link":"https:\/\/www.pressenza.com\/es\/2019\/10\/represion-en-las-protestas-de-ayer-en-quito\/","title":{"rendered":"Represi\u00f3n en las protestas de ayer en Quito"},"content":{"rendered":"<p><em>Fotograf\u00edas: Alejandro Ram\u00edrez Anderson<\/em><\/p>\n<p>La movilizaci\u00f3n general en Ecuador, especialmente en Quito, ha cobrado m\u00e1s fuerza con la llegada de numerosos grupos de ind\u00edgenas que vienen a reclamar y exigir sus derechos. Al mismo tiempo, la represi\u00f3n ha ido ganando terreno tambi\u00e9n. Aqu\u00ed algunas im\u00e1genes al respecto.<\/p>\n<p><img loading=\"lazy\" decoding=\"async\" class=\"aligncenter size-large wp-image-938253\" src=\"https:\/\/www.pressenza.com\/wp-content\/uploads\/2019\/10\/MG_9193-720x281.jpg\" alt=\"\" width=\"720\" height=\"281\" srcset=\"https:\/\/www.pressenza.com\/wp-content\/uploads\/2019\/10\/MG_9193-720x281.jpg 720w, https:\/\/www.pressenza.com\/wp-content\/uploads\/2019\/10\/MG_9193-300x117.jpg 300w, https:\/\/www.pressenza.com\/wp-content\/uploads\/2019\/10\/MG_9193-768x300.jpg 768w, https:\/\/www.pressenza.com\/wp-content\/uploads\/2019\/10\/MG_9193.jpg 2048w\" sizes=\"auto, (max-width: 720px) 100vw, 720px\" \/><\/p>\n<p><img loading=\"lazy\" decoding=\"async\" class=\"aligncenter size-large wp-image-938271\" src=\"https:\/\/www.pressenza.com\/wp-content\/uploads\/2019\/10\/MG_8748-720x386.jpg\" alt=\"\" width=\"720\" height=\"386\" srcset=\"https:\/\/www.pressenza.com\/wp-content\/uploads\/2019\/10\/MG_8748-720x386.jpg 720w, https:\/\/www.pressenza.com\/wp-content\/uploads\/2019\/10\/MG_8748-300x161.jpg 300w, https:\/\/www.pressenza.com\/wp-content\/uploads\/2019\/10\/MG_8748-768x412.jpg 768w, https:\/\/www.pressenza.com\/wp-content\/uploads\/2019\/10\/MG_8748.jpg 2048w\" sizes=\"auto, (max-width: 720px) 100vw, 720px\" \/><\/p>\n<p><img loading=\"lazy\" decoding=\"async\" class=\"aligncenter size-large wp-image-938280\" src=\"https:\/\/www.pressenza.com\/wp-content\/uploads\/2019\/10\/MG_8721-720x432.jpg\" alt=\"\" width=\"720\" height=\"432\" srcset=\"https:\/\/www.pressenza.com\/wp-content\/uploads\/2019\/10\/MG_8721-720x432.jpg 720w, https:\/\/www.pressenza.com\/wp-content\/uploads\/2019\/10\/MG_8721-300x180.jpg 300w, https:\/\/www.pressenza.com\/wp-content\/uploads\/2019\/10\/MG_8721-768x461.jpg 768w, https:\/\/www.pressenza.com\/wp-content\/uploads\/2019\/10\/MG_8721.jpg 2048w\" sizes=\"auto, (max-width: 720px) 100vw, 720px\" \/><\/p>\n<p><img loading=\"lazy\" decoding=\"async\" class=\"aligncenter size-large wp-image-938289\" src=\"https:\/\/www.pressenza.com\/wp-content\/uploads\/2019\/10\/MG_8644-720x443.jpg\" alt=\"\" width=\"720\" height=\"443\" srcset=\"https:\/\/www.pressenza.com\/wp-content\/uploads\/2019\/10\/MG_8644-720x443.jpg 720w, https:\/\/www.pressenza.com\/wp-content\/uploads\/2019\/10\/MG_8644-300x185.jpg 300w, https:\/\/www.pressenza.com\/wp-content\/uploads\/2019\/10\/MG_8644-768x473.jpg 768w, https:\/\/www.pressenza.com\/wp-content\/uploads\/2019\/10\/MG_8644.jpg 2048w\" sizes=\"auto, (max-width: 720px) 100vw, 720px\" \/><\/p>\n<p><img loading=\"lazy\" decoding=\"async\" class=\"aligncenter size-large wp-image-938307\" src=\"https:\/\/www.pressenza.com\/wp-content\/uploads\/2019\/10\/MG_8523-720x454.jpg\" alt=\"\" width=\"720\" height=\"454\" srcset=\"https:\/\/www.pressenza.com\/wp-content\/uploads\/2019\/10\/MG_8523-720x454.jpg 720w, https:\/\/www.pressenza.com\/wp-content\/uploads\/2019\/10\/MG_8523-300x189.jpg 300w, https:\/\/www.pressenza.com\/wp-content\/uploads\/2019\/10\/MG_8523-768x485.jpg 768w, https:\/\/www.pressenza.com\/wp-content\/uploads\/2019\/10\/MG_8523.jpg 2048w\" sizes=\"auto, (max-width: 720px) 100vw, 720px\" \/><\/p>\n<p><img loading=\"lazy\" decoding=\"async\" class=\"aligncenter size-large wp-image-938316\" src=\"https:\/\/www.pressenza.com\/wp-content\/uploads\/2019\/10\/MG_8465-720x381.jpg\" alt=\"\" width=\"720\" height=\"381\" srcset=\"https:\/\/www.pressenza.com\/wp-content\/uploads\/2019\/10\/MG_8465-720x381.jpg 720w, https:\/\/www.pressenza.com\/wp-content\/uploads\/2019\/10\/MG_8465-300x159.jpg 300w, https:\/\/www.pressenza.com\/wp-content\/uploads\/2019\/10\/MG_8465-768x406.jpg 768w, https:\/\/www.pressenza.com\/wp-content\/uploads\/2019\/10\/MG_8465.jpg 2048w\" sizes=\"auto, (max-width: 720px) 100vw, 720px\" \/><\/p>\n<p><img loading=\"lazy\" decoding=\"async\" class=\"aligncenter size-large wp-image-938298\" src=\"https:\/\/www.pressenza.com\/wp-content\/uploads\/2019\/10\/MG_8532-720x480.jpg\" alt=\"\" width=\"720\" height=\"480\" srcset=\"https:\/\/www.pressenza.com\/wp-content\/uploads\/2019\/10\/MG_8532-720x480.jpg 720w, https:\/\/www.pressenza.com\/wp-content\/uploads\/2019\/10\/MG_8532-300x200.jpg 300w, https:\/\/www.pressenza.com\/wp-content\/uploads\/2019\/10\/MG_8532-768x512.jpg 768w, https:\/\/www.pressenza.com\/wp-content\/uploads\/2019\/10\/MG_8532.jpg 2048w\" sizes=\"auto, (max-width: 720px) 100vw, 720px\" \/><\/p>\n<p><img loading=\"lazy\" decoding=\"async\" class=\"aligncenter size-large wp-image-938262\" src=\"https:\/\/www.pressenza.com\/wp-content\/uploads\/2019\/10\/MG_9147-720x478.jpg\" alt=\"\" width=\"720\" height=\"478\" srcset=\"https:\/\/www.pressenza.com\/wp-content\/uploads\/2019\/10\/MG_9147-720x478.jpg 720w, https:\/\/www.pressenza.com\/wp-content\/uploads\/2019\/10\/MG_9147-300x199.jpg 300w, https:\/\/www.pressenza.com\/wp-content\/uploads\/2019\/10\/MG_9147-768x510.jpg 768w, https:\/\/www.pressenza.com\/wp-content\/uploads\/2019\/10\/MG_9147.jpg 2048w\" sizes=\"auto, (max-width: 720px) 100vw, 720px\" \/><\/p>\n<p><img loading=\"lazy\" decoding=\"async\" class=\"aligncenter size-large wp-image-938325\" src=\"https:\/\/www.pressenza.com\/wp-content\/uploads\/2019\/10\/MG_8377-720x431.jpg\" alt=\"\" width=\"720\" height=\"431\" srcset=\"https:\/\/www.pressenza.com\/wp-content\/uploads\/2019\/10\/MG_8377-720x431.jpg 720w, https:\/\/www.pressenza.com\/wp-content\/uploads\/2019\/10\/MG_8377-300x180.jpg 300w, https:\/\/www.pressenza.com\/wp-content\/uploads\/2019\/10\/MG_8377-768x460.jpg 768w, https:\/\/www.pressenza.com\/wp-content\/uploads\/2019\/10\/MG_8377.jpg 2048w\" sizes=\"auto, (max-width: 720px) 100vw, 720px\" \/><\/p>\n<p>&nbsp;<\/p>\n","protected":false},"excerpt":{"rendered":"<p>Fotograf\u00edas: Alejandro Ram\u00edrez Anderson La movilizaci\u00f3n general en Ecuador, especialmente en Quito, ha cobrado m\u00e1s fuerza con la llegada de numerosos grupos de ind\u00edgenas que vienen a reclamar y exigir sus derechos. Al mismo tiempo, la represi\u00f3n ha ido ganando&hellip;<\/p>\n","protected":false},"author":1011,"featured_media":938334,"comment_status":"closed","ping_status":"closed","sticky":false,"template":"","format":"standard","meta":{"footnotes":""},"categories":[76,11389,79,1241,81,1230,5667,46976,1242,74,80,67],"tags":[61252],"class_list":["post-938252","post","type-post","status-publish","format-standard","has-post-thumbnail","hentry","category-relaciones-exteriores","category-contenido-original","category-derechos-humanos","category-diversidad","category-economia-es","category-educacion-tema","category-foto-reportajes","category-jovenes","category-noviolencia-tema","category-politica-es","category-pueblos-originarios","category-sudamerica","tag-paro-nacional-ecuador"],"yoast_head":"<!-- This site is optimized with the Yoast SEO plugin v27.1.1 - https:\/\/yoast.com\/product\/yoast-seo-wordpress\/ -->\n<title>Represi\u00f3n en las protestas de ayer en Quito<\/title>\n<meta name=\"description\" content=\"Fotograf\u00edas: Alejandro Ram\u00edrez Anderson La movilizaci\u00f3n general en Ecuador, especialmente en Quito, ha cobrado m\u00e1s fuerza con la llegada de numerosos\" \/>\n<meta name=\"robots\" content=\"index, follow, max-snippet:-1, max-image-preview:large, max-video-preview:-1\" \/>\n<link rel=\"canonical\" href=\"https:\/\/www.pressenza.com\/es\/2019\/10\/represion-en-las-protestas-de-ayer-en-quito\/\" \/>\n<meta property=\"og:locale\" content=\"es_ES\" \/>\n<meta property=\"og:type\" content=\"article\" \/>\n<meta property=\"og:title\" content=\"Represi\u00f3n en las protestas de ayer en Quito\" \/>\n<meta property=\"og:description\" content=\"Fotograf\u00edas: Alejandro Ram\u00edrez Anderson La movilizaci\u00f3n general en Ecuador, especialmente en Quito, ha cobrado m\u00e1s fuerza con la llegada de numerosos\" \/>\n<meta property=\"og:url\" content=\"https:\/\/www.pressenza.com\/es\/2019\/10\/represion-en-las-protestas-de-ayer-en-quito\/\" \/>\n<meta property=\"og:site_name\" content=\"Pressenza\" \/>\n<meta property=\"article:publisher\" content=\"https:\/\/www.facebook.com\/PressenzaItalia\" \/>\n<meta property=\"article:published_time\" content=\"2019-10-09T17:34:32+00:00\" \/>\n<meta property=\"og:image\" content=\"https:\/\/www.pressenza.com\/wp-content\/uploads\/2019\/10\/MG_9102-720x508.jpg\" \/>\n\t<meta property=\"og:image:width\" content=\"720\" \/>\n\t<meta property=\"og:image:height\" content=\"508\" \/>\n\t<meta property=\"og:image:type\" content=\"image\/jpeg\" \/>\n<meta name=\"author\" content=\"Redacci\u00f3n Ecuador\" \/>\n<meta name=\"twitter:card\" content=\"summary_large_image\" \/>\n<meta name=\"twitter:creator\" content=\"@PressenzaIPA\" \/>\n<meta name=\"twitter:site\" content=\"@PressenzaIPA\" \/>\n<meta name=\"twitter:label1\" content=\"Escrito por\" \/>\n\t<meta name=\"twitter:data1\" content=\"Redacci\u00f3n Ecuador\" \/>\n<script type=\"application\/ld+json\" class=\"yoast-schema-graph\">{\"@context\":\"https:\/\/schema.org\",\"@graph\":[{\"@type\":\"Article\",\"@id\":\"https:\/\/www.pressenza.com\/es\/2019\/10\/represion-en-las-protestas-de-ayer-en-quito\/#article\",\"isPartOf\":{\"@id\":\"https:\/\/www.pressenza.com\/es\/2019\/10\/represion-en-las-protestas-de-ayer-en-quito\/\"},\"author\":{\"name\":\"Redacci\u00f3n Ecuador\",\"@id\":\"https:\/\/www.pressenza.com\/es\/#\/schema\/person\/883a735c40665759bcc6fe0c26bcb46f\"},\"headline\":\"Represi\u00f3n en las protestas de ayer en Quito\",\"datePublished\":\"2019-10-09T17:34:32+00:00\",\"mainEntityOfPage\":{\"@id\":\"https:\/\/www.pressenza.com\/es\/2019\/10\/represion-en-las-protestas-de-ayer-en-quito\/\"},\"wordCount\":65,\"publisher\":{\"@id\":\"https:\/\/www.pressenza.com\/es\/#organization\"},\"image\":{\"@id\":\"https:\/\/www.pressenza.com\/es\/2019\/10\/represion-en-las-protestas-de-ayer-en-quito\/#primaryimage\"},\"thumbnailUrl\":\"https:\/\/www.pressenza.com\/wp-content\/uploads\/2019\/10\/MG_9102.jpg\",\"keywords\":[\"paro nacional Ecuador\"],\"articleSection\":[\"Asuntos internacionales\",\"Contenido Original\",\"Derechos Humanos\",\"Diversidad\",\"Econom\u00eda\",\"Educaci\u00f3n\",\"Fotorreportajes\",\"J\u00f3venes\",\"Noviolencia\",\"Pol\u00edtica\",\"Pueblos Originarios\",\"Sudam\u00e9rica\"],\"inLanguage\":\"es\"},{\"@type\":\"WebPage\",\"@id\":\"https:\/\/www.pressenza.com\/es\/2019\/10\/represion-en-las-protestas-de-ayer-en-quito\/\",\"url\":\"https:\/\/www.pressenza.com\/es\/2019\/10\/represion-en-las-protestas-de-ayer-en-quito\/\",\"name\":\"Represi\u00f3n en las protestas de ayer en Quito\",\"isPartOf\":{\"@id\":\"https:\/\/www.pressenza.com\/es\/#website\"},\"primaryImageOfPage\":{\"@id\":\"https:\/\/www.pressenza.com\/es\/2019\/10\/represion-en-las-protestas-de-ayer-en-quito\/#primaryimage\"},\"image\":{\"@id\":\"https:\/\/www.pressenza.com\/es\/2019\/10\/represion-en-las-protestas-de-ayer-en-quito\/#primaryimage\"},\"thumbnailUrl\":\"https:\/\/www.pressenza.com\/wp-content\/uploads\/2019\/10\/MG_9102.jpg\",\"datePublished\":\"2019-10-09T17:34:32+00:00\",\"description\":\"Fotograf\u00edas: Alejandro Ram\u00edrez Anderson La movilizaci\u00f3n general en Ecuador, especialmente en Quito, ha cobrado m\u00e1s fuerza con la llegada de numerosos\",\"breadcrumb\":{\"@id\":\"https:\/\/www.pressenza.com\/es\/2019\/10\/represion-en-las-protestas-de-ayer-en-quito\/#breadcrumb\"},\"inLanguage\":\"es\",\"potentialAction\":[{\"@type\":\"ReadAction\",\"target\":[\"https:\/\/www.pressenza.com\/es\/2019\/10\/represion-en-las-protestas-de-ayer-en-quito\/\"]}]},{\"@type\":\"ImageObject\",\"inLanguage\":\"es\",\"@id\":\"https:\/\/www.pressenza.com\/es\/2019\/10\/represion-en-las-protestas-de-ayer-en-quito\/#primaryimage\",\"url\":\"https:\/\/www.pressenza.com\/wp-content\/uploads\/2019\/10\/MG_9102.jpg\",\"contentUrl\":\"https:\/\/www.pressenza.com\/wp-content\/uploads\/2019\/10\/MG_9102.jpg\",\"width\":2008,\"height\":1417,\"caption\":\"Jornada de protestas en Quito, ayer martes 8 de Octubre.\"},{\"@type\":\"BreadcrumbList\",\"@id\":\"https:\/\/www.pressenza.com\/es\/2019\/10\/represion-en-las-protestas-de-ayer-en-quito\/#breadcrumb\",\"itemListElement\":[{\"@type\":\"ListItem\",\"position\":1,\"name\":\"Accueil\",\"item\":\"https:\/\/www.pressenza.com\/es\/\"},{\"@type\":\"ListItem\",\"position\":2,\"name\":\"Represi\u00f3n en las protestas de ayer en Quito\"}]},{\"@type\":\"WebSite\",\"@id\":\"https:\/\/www.pressenza.com\/es\/#website\",\"url\":\"https:\/\/www.pressenza.com\/es\/\",\"name\":\"Pressenza\",\"description\":\"International Press Agency\",\"publisher\":{\"@id\":\"https:\/\/www.pressenza.com\/es\/#organization\"},\"potentialAction\":[{\"@type\":\"SearchAction\",\"target\":{\"@type\":\"EntryPoint\",\"urlTemplate\":\"https:\/\/www.pressenza.com\/es\/?s={search_term_string}\"},\"query-input\":{\"@type\":\"PropertyValueSpecification\",\"valueRequired\":true,\"valueName\":\"search_term_string\"}}],\"inLanguage\":\"es\"},{\"@type\":\"Organization\",\"@id\":\"https:\/\/www.pressenza.com\/es\/#organization\",\"name\":\"Pressenza\",\"url\":\"https:\/\/www.pressenza.com\/es\/\",\"logo\":{\"@type\":\"ImageObject\",\"inLanguage\":\"es\",\"@id\":\"https:\/\/www.pressenza.com\/es\/#\/schema\/logo\/image\/\",\"url\":\"https:\/\/www.pressenza.com\/wp-content\/uploads\/2022\/10\/pressenza_logo_200x200.jpg\",\"contentUrl\":\"https:\/\/www.pressenza.com\/wp-content\/uploads\/2022\/10\/pressenza_logo_200x200.jpg\",\"width\":200,\"height\":200,\"caption\":\"Pressenza\"},\"image\":{\"@id\":\"https:\/\/www.pressenza.com\/es\/#\/schema\/logo\/image\/\"},\"sameAs\":[\"https:\/\/www.facebook.com\/PressenzaItalia\",\"https:\/\/x.com\/PressenzaIPA\"]},{\"@type\":\"Person\",\"@id\":\"https:\/\/www.pressenza.com\/es\/#\/schema\/person\/883a735c40665759bcc6fe0c26bcb46f\",\"name\":\"Redacci\u00f3n Ecuador\",\"description\":\"News published by the Pressenza bureau in Quito, Ecuador\",\"url\":\"https:\/\/www.pressenza.com\/es\/author\/redaccion-ecuador\/\"}]}<\/script>\n<!-- \/ Yoast SEO plugin. -->","yoast_head_json":{"title":"Represi\u00f3n en las protestas de ayer en Quito","description":"Fotograf\u00edas: Alejandro Ram\u00edrez Anderson La movilizaci\u00f3n general en Ecuador, especialmente en Quito, ha cobrado m\u00e1s fuerza con la llegada de numerosos","robots":{"index":"index","follow":"follow","max-snippet":"max-snippet:-1","max-image-preview":"max-image-preview:large","max-video-preview":"max-video-preview:-1"},"canonical":"https:\/\/www.pressenza.com\/es\/2019\/10\/represion-en-las-protestas-de-ayer-en-quito\/","og_locale":"es_ES","og_type":"article","og_title":"Represi\u00f3n en las protestas de ayer en Quito","og_description":"Fotograf\u00edas: Alejandro Ram\u00edrez Anderson La movilizaci\u00f3n general en Ecuador, especialmente en Quito, ha cobrado m\u00e1s fuerza con la llegada de numerosos","og_url":"https:\/\/www.pressenza.com\/es\/2019\/10\/represion-en-las-protestas-de-ayer-en-quito\/","og_site_name":"Pressenza","article_publisher":"https:\/\/www.facebook.com\/PressenzaItalia","article_published_time":"2019-10-09T17:34:32+00:00","og_image":[{"width":720,"height":508,"url":"https:\/\/www.pressenza.com\/wp-content\/uploads\/2019\/10\/MG_9102-720x508.jpg","type":"image\/jpeg"}],"author":"Redacci\u00f3n Ecuador","twitter_card":"summary_large_image","twitter_creator":"@PressenzaIPA","twitter_site":"@PressenzaIPA","twitter_misc":{"Escrito por":"Redacci\u00f3n Ecuador"},"schema":{"@context":"https:\/\/schema.org","@graph":[{"@type":"Article","@id":"https:\/\/www.pressenza.com\/es\/2019\/10\/represion-en-las-protestas-de-ayer-en-quito\/#article","isPartOf":{"@id":"https:\/\/www.pressenza.com\/es\/2019\/10\/represion-en-las-protestas-de-ayer-en-quito\/"},"author":{"name":"Redacci\u00f3n Ecuador","@id":"https:\/\/www.pressenza.com\/es\/#\/schema\/person\/883a735c40665759bcc6fe0c26bcb46f"},"headline":"Represi\u00f3n en las protestas de ayer en Quito","datePublished":"2019-10-09T17:34:32+00:00","mainEntityOfPage":{"@id":"https:\/\/www.pressenza.com\/es\/2019\/10\/represion-en-las-protestas-de-ayer-en-quito\/"},"wordCount":65,"publisher":{"@id":"https:\/\/www.pressenza.com\/es\/#organization"},"image":{"@id":"https:\/\/www.pressenza.com\/es\/2019\/10\/represion-en-las-protestas-de-ayer-en-quito\/#primaryimage"},"thumbnailUrl":"https:\/\/www.pressenza.com\/wp-content\/uploads\/2019\/10\/MG_9102.jpg","keywords":["paro nacional Ecuador"],"articleSection":["Asuntos internacionales","Contenido Original","Derechos Humanos","Diversidad","Econom\u00eda","Educaci\u00f3n","Fotorreportajes","J\u00f3venes","Noviolencia","Pol\u00edtica","Pueblos Originarios","Sudam\u00e9rica"],"inLanguage":"es"},{"@type":"WebPage","@id":"https:\/\/www.pressenza.com\/es\/2019\/10\/represion-en-las-protestas-de-ayer-en-quito\/","url":"https:\/\/www.pressenza.com\/es\/2019\/10\/represion-en-las-protestas-de-ayer-en-quito\/","name":"Represi\u00f3n en las protestas de ayer en Quito","isPartOf":{"@id":"https:\/\/www.pressenza.com\/es\/#website"},"primaryImageOfPage":{"@id":"https:\/\/www.pressenza.com\/es\/2019\/10\/represion-en-las-protestas-de-ayer-en-quito\/#primaryimage"},"image":{"@id":"https:\/\/www.pressenza.com\/es\/2019\/10\/represion-en-las-protestas-de-ayer-en-quito\/#primaryimage"},"thumbnailUrl":"https:\/\/www.pressenza.com\/wp-content\/uploads\/2019\/10\/MG_9102.jpg","datePublished":"2019-10-09T17:34:32+00:00","description":"Fotograf\u00edas: Alejandro Ram\u00edrez Anderson La movilizaci\u00f3n general en Ecuador, especialmente en Quito, ha cobrado m\u00e1s fuerza con la llegada de numerosos","breadcrumb":{"@id":"https:\/\/www.pressenza.com\/es\/2019\/10\/represion-en-las-protestas-de-ayer-en-quito\/#breadcrumb"},"inLanguage":"es","potentialAction":[{"@type":"ReadAction","target":["https:\/\/www.pressenza.com\/es\/2019\/10\/represion-en-las-protestas-de-ayer-en-quito\/"]}]},{"@type":"ImageObject","inLanguage":"es","@id":"https:\/\/www.pressenza.com\/es\/2019\/10\/represion-en-las-protestas-de-ayer-en-quito\/#primaryimage","url":"https:\/\/www.pressenza.com\/wp-content\/uploads\/2019\/10\/MG_9102.jpg","contentUrl":"https:\/\/www.pressenza.com\/wp-content\/uploads\/2019\/10\/MG_9102.jpg","width":2008,"height":1417,"caption":"Jornada de protestas en Quito, ayer martes 8 de Octubre."},{"@type":"BreadcrumbList","@id":"https:\/\/www.pressenza.com\/es\/2019\/10\/represion-en-las-protestas-de-ayer-en-quito\/#breadcrumb","itemListElement":[{"@type":"ListItem","position":1,"name":"Accueil","item":"https:\/\/www.pressenza.com\/es\/"},{"@type":"ListItem","position":2,"name":"Represi\u00f3n en las protestas de ayer en Quito"}]},{"@type":"WebSite","@id":"https:\/\/www.pressenza.com\/es\/#website","url":"https:\/\/www.pressenza.com\/es\/","name":"Pressenza","description":"International Press Agency","publisher":{"@id":"https:\/\/www.pressenza.com\/es\/#organization"},"potentialAction":[{"@type":"SearchAction","target":{"@type":"EntryPoint","urlTemplate":"https:\/\/www.pressenza.com\/es\/?s={search_term_string}"},"query-input":{"@type":"PropertyValueSpecification","valueRequired":true,"valueName":"search_term_string"}}],"inLanguage":"es"},{"@type":"Organization","@id":"https:\/\/www.pressenza.com\/es\/#organization","name":"Pressenza","url":"https:\/\/www.pressenza.com\/es\/","logo":{"@type":"ImageObject","inLanguage":"es","@id":"https:\/\/www.pressenza.com\/es\/#\/schema\/logo\/image\/","url":"https:\/\/www.pressenza.com\/wp-content\/uploads\/2022\/10\/pressenza_logo_200x200.jpg","contentUrl":"https:\/\/www.pressenza.com\/wp-content\/uploads\/2022\/10\/pressenza_logo_200x200.jpg","width":200,"height":200,"caption":"Pressenza"},"image":{"@id":"https:\/\/www.pressenza.com\/es\/#\/schema\/logo\/image\/"},"sameAs":["https:\/\/www.facebook.com\/PressenzaItalia","https:\/\/x.com\/PressenzaIPA"]},{"@type":"Person","@id":"https:\/\/www.pressenza.com\/es\/#\/schema\/person\/883a735c40665759bcc6fe0c26bcb46f","name":"Redacci\u00f3n Ecuador","description":"News published by the Pressenza bureau in Quito, Ecuador","url":"https:\/\/www.pressenza.com\/es\/author\/redaccion-ecuador\/"}]}},"place":"Quito, Ecuador","original_article_url":"","_links":{"self":[{"href":"https:\/\/www.pressenza.com\/es\/wp-json\/wp\/v2\/posts\/938252","targetHints":{"allow":["GET"]}}],"collection":[{"href":"https:\/\/www.pressenza.com\/es\/wp-json\/wp\/v2\/posts"}],"about":[{"href":"https:\/\/www.pressenza.com\/es\/wp-json\/wp\/v2\/types\/post"}],"author":[{"embeddable":true,"href":"https:\/\/www.pressenza.com\/es\/wp-json\/wp\/v2\/users\/1011"}],"replies":[{"embeddable":true,"href":"https:\/\/www.pressenza.com\/es\/wp-json\/wp\/v2\/comments?post=938252"}],"version-history":[{"count":0,"href":"https:\/\/www.pressenza.com\/es\/wp-json\/wp\/v2\/posts\/938252\/revisions"}],"wp:featuredmedia":[{"embeddable":true,"href":"https:\/\/www.pressenza.com\/es\/wp-json\/wp\/v2\/media\/938334"}],"wp:attachment":[{"href":"https:\/\/www.pressenza.com\/es\/wp-json\/wp\/v2\/media?parent=938252"}],"wp:term":[{"taxonomy":"category","embeddable":true,"href":"https:\/\/www.pressenza.com\/es\/wp-json\/wp\/v2\/categories?post=938252"},{"taxonomy":"post_tag","embeddable":true,"href":"https:\/\/www.pressenza.com\/es\/wp-json\/wp\/v2\/tags?post=938252"}],"curies":[{"name":"wp","href":"https:\/\/api.w.org\/{rel}","templated":true}]}}