{"id":937278,"date":"2019-10-08T17:34:17","date_gmt":"2019-10-08T16:34:17","guid":{"rendered":"https:\/\/www.pressenza.com\/?p=937278"},"modified":"2019-10-08T17:34:17","modified_gmt":"2019-10-08T16:34:17","slug":"un-aumento-sin-precedentes-de-la-mortalidad-infantil-en-inglaterra-relacionado-con-la-pobreza","status":"publish","type":"post","link":"https:\/\/www.pressenza.com\/es\/2019\/10\/un-aumento-sin-precedentes-de-la-mortalidad-infantil-en-inglaterra-relacionado-con-la-pobreza\/","title":{"rendered":"Un aumento \u201csin precedentes\u201d de la mortalidad infantil en Inglaterra relacionado con la pobreza"},"content":{"rendered":"<blockquote>\n<h4><a href=\"https:\/\/www.sciencedaily.com\/releases\/2019\/10\/191005134007.htm\">Science Daily<\/a> informa: \u201cUn nuevo estudio, publicado en <em>BMJ Open<\/em>, relaciona el aumento de la mortalidad infantil en Inglaterra con la pobreza\u201d.<\/h4>\n<\/blockquote>\n<p>La investigaci\u00f3n se llev\u00f3 a cabo porque \u201cLa tasa de mortalidad infantil (TMI) ha aumentado durante los \u00faltimos cuatro a\u00f1os en Inglaterra, pero el papel del aumento de los niveles de pobreza infantil en la explicaci\u00f3n de estas tendencias no ha estado claro&#8230; Dada la urgente necesidad de entender esta tendencia extremadamente preocupante en Inglaterra, los investigadores de la Universidad de Liverpool, la Universidad de Leeds y la Universidad de Newcastle llevaron a cabo un an\u00e1lisis de las tendencias de la mortalidad infantil en las autoridades locales inglesas durante un per\u00edodo de 17 a\u00f1os, del 2000 al 2017, con el objetivo de proporcionar una explicaci\u00f3n para este aumento\u201d.<\/p>\n<p>\u201c&#8230;Los investigadores encontraron que el aumento sostenido y sin precedentes de la mortalidad infantil en Inglaterra entre 2014 y 2017 no se experiment\u00f3 de manera uniforme en toda la poblaci\u00f3n. En las localidades m\u00e1s desfavorecidas, se invirti\u00f3 la tendencia a la baja de la mortalidad infantil y la mortalidad aument\u00f3, lo que dio lugar a 24 muertes infantiles adicionales por cada 100.000 nacidos vivos al a\u00f1o, en comparaci\u00f3n con la tendencia anterior.<\/p>\n<p>\u201cNo hubo cambios significativos respecto a la tendencia preexistente en las localidades m\u00e1s acaudaladas. Como resultado, las desigualdades en la mortalidad infantil se incrementaron, y la brecha entre las zonas m\u00e1s y menos desfavorecidas de las autoridades locales se ampli\u00f3 en 52 muertes por cada 100.000 nacimientos. En total, entre 2014 y 2017, hubo un total de 572 muertes infantiles en exceso, en comparaci\u00f3n con lo que cabr\u00eda esperar sobre la base de las tendencias hist\u00f3ricas. Los investigadores estiman que cada aumento del 1% en la pobreza infantil se asoci\u00f3 significativamente con 5.8 muertes infantiles adicionales por cada 100,000 nacidos vivos.<\/p>\n<p>\u201cLos hallazgos sugieren que alrededor de un tercio del aumento de la mortalidad infantil entre 2014 y 2017 puede atribuirse al aumento de la pobreza infantil, equivalente a 172 muertes infantiles adicionales.<\/p>\n<p>\u201cEl profesor David Taylor-Robinson, autor principal de la investigaci\u00f3n, de la Universidad de Liverpool, dijo: \u00abEste estudio proporciona pruebas de que el aumento sin precedentes de la mortalidad infantil afect\u00f3 desproporcionadamente a las zonas m\u00e1s pobres del pa\u00eds, sin afectar a las zonas m\u00e1s ricas\u201d.<\/p>\n<p>El hecho de que las muertes infantiles est\u00e9n relacionadas con la pobreza no es sorprendente. Lo que es importante en esta investigaci\u00f3n es que sigue el aumento real en \u00e1reas espec\u00edficas mientras que las m\u00e1s ricas no se ven afectadas.<\/p>\n<p><a href=\"https:\/\/www.pressenza.com\/2018\/11\/un-criticises-uk-austerity-induced-poverty-so-mission-accomplished\/\">Pressenza<\/a> inform\u00f3 el a\u00f1o pasado que \u201cel gobierno del Reino Unido ha infligido \u201cgran miseria\u201d a su pueblo con pol\u00edticas de austeridad \u201cpunitivas, mezquinas y a menudo insensibles\u201d, impulsadas por el deseo pol\u00edtico de llevar a cabo una reingenier\u00eda social en lugar de una necesidad econ\u00f3mica, seg\u00fan ha descubierto el enviado de las Naciones Unidas para la lucha contra la pobreza.<\/p>\n<p>\u201cPhilip Alston, relator de la ONU sobre la extrema pobreza y los derechos humanos, puso fin a una misi\u00f3n de investigaci\u00f3n de dos semanas de duraci\u00f3n en el Reino Unido con una dura declaraci\u00f3n de que los niveles de pobreza infantil eran \u201cno s\u00f3lo una verg\u00fcenza, sino tambi\u00e9n una calamidad social y un desastre econ\u00f3mico\u201d, a pesar de que el Reino Unido es la quinta econom\u00eda m\u00e1s grande del mundo\u201d. Concluy\u00f3: \u00aben el Reino Unido, la pobreza es una opci\u00f3n pol\u00edtica\u201d. <a href=\"https:\/\/www.theguardian.com\/society\/2018\/nov\/16\/uk-austerity-has-inflicted-great-misery-on-citizens-un-says?CMP=Share_iOSApp_Other\">El Guardi\u00e1n<\/a><\/p>\n<p>Los efectos sobre la mortalidad infantil son la punta del iceberg en t\u00e9rminos de las consecuencias de la austeridad draconiana impuesta por las pol\u00edticas neoliberales sobre la poblaci\u00f3n brit\u00e1nica, mientras que los m\u00e1s ricos siguen aumentando su riqueza.<\/p>\n<p>El \u00e9xito en la b\u00fasqueda de chivos expiatorios en grupos e instituciones ajenos a las tendencias impuestas (inmigrantes, Europa) habla de un medio al servicio de los poderes financieros que dise\u00f1an las pol\u00edticas. No se trata de estar m\u00e1s c\u00f3modo o de disfrutar de mejores bienes de consumo, podemos ver claramente que la austeridad, el hijo predilecto del neoliberalismo, mata a los ni\u00f1os. Otros estudios tambi\u00e9n muestran que <a href=\"https:\/\/www.theguardian.com\/commentisfree\/2017\/jul\/18\/austerity-cuts-life-expectancy?CMP=Share_iOSApp_Other\">afecta la esperanza de vida<\/a>.<\/p>\n<p>Desafortunadamente, en el momento de las elecciones, la informaci\u00f3n se manipula para hacer todo tipo de promesas que resultan ser falsas. La difusi\u00f3n de informaci\u00f3n ampliamente verificable y clara es ahora m\u00e1s importante que nunca.<\/p>\n<hr \/>\n<p><em>Traducci\u00f3n del ingl\u00e9s por Michelle Velez<\/em><\/p>\n","protected":false},"excerpt":{"rendered":"<p>Science Daily informa: \u201cUn nuevo estudio, publicado en BMJ Open, relaciona el aumento de la mortalidad infantil en Inglaterra con la pobreza\u201d. La investigaci\u00f3n se llev\u00f3 a cabo porque \u201cLa tasa de mortalidad infantil (TMI) ha aumentado durante los \u00faltimos&hellip;<\/p>\n","protected":false},"author":66,"featured_media":936210,"comment_status":"closed","ping_status":"closed","sticky":false,"template":"","format":"standard","meta":{"footnotes":""},"categories":[11389,81,66,1239],"tags":[1035,53166,65053,816,1793],"class_list":["post-937278","post","type-post","status-publish","format-standard","has-post-thumbnail","hentry","category-contenido-original","category-economia-es","category-europa-es","category-salud","tag-desigualdad","tag-inequality-es","tag-mortalidad-infantil","tag-pobreza-es","tag-reino-unido"],"yoast_head":"<!-- This site is optimized with the Yoast SEO plugin v27.1.1 - https:\/\/yoast.com\/product\/yoast-seo-wordpress\/ -->\n<title>Un aumento \u201csin precedentes\u201d de la mortalidad infantil en Inglaterra relacionado con la pobreza<\/title>\n<meta name=\"description\" content=\"Science Daily informa: \u201cUn nuevo estudio, publicado en BMJ Open, relaciona el aumento de la mortalidad infantil en Inglaterra con la pobreza\u201d. La\" \/>\n<meta name=\"robots\" content=\"index, follow, max-snippet:-1, max-image-preview:large, max-video-preview:-1\" \/>\n<link rel=\"canonical\" href=\"https:\/\/www.pressenza.com\/es\/2019\/10\/un-aumento-sin-precedentes-de-la-mortalidad-infantil-en-inglaterra-relacionado-con-la-pobreza\/\" \/>\n<meta property=\"og:locale\" content=\"es_ES\" \/>\n<meta property=\"og:type\" content=\"article\" \/>\n<meta property=\"og:title\" content=\"Un aumento \u201csin precedentes\u201d de la mortalidad infantil en Inglaterra relacionado con la pobreza\" \/>\n<meta property=\"og:description\" content=\"Science Daily informa: \u201cUn nuevo estudio, publicado en BMJ Open, relaciona el aumento de la mortalidad infantil en Inglaterra con la pobreza\u201d. La\" \/>\n<meta property=\"og:url\" content=\"https:\/\/www.pressenza.com\/es\/2019\/10\/un-aumento-sin-precedentes-de-la-mortalidad-infantil-en-inglaterra-relacionado-con-la-pobreza\/\" \/>\n<meta property=\"og:site_name\" content=\"Pressenza\" \/>\n<meta property=\"article:publisher\" content=\"https:\/\/www.facebook.com\/PressenzaItalia\" \/>\n<meta property=\"article:author\" content=\"https:\/\/www.facebook.com\/silvia.swinden\" \/>\n<meta property=\"article:published_time\" content=\"2019-10-08T16:34:17+00:00\" \/>\n<meta property=\"og:image\" content=\"https:\/\/www.pressenza.com\/wp-content\/uploads\/2019\/10\/2735CA34-6E0D-4AF7-ACB1-86F6D48D671D.jpeg\" \/>\n\t<meta property=\"og:image:width\" content=\"1328\" \/>\n\t<meta property=\"og:image:height\" content=\"915\" \/>\n\t<meta property=\"og:image:type\" content=\"image\/jpeg\" \/>\n<meta name=\"author\" content=\"Silvia Swinden\" \/>\n<meta name=\"twitter:card\" content=\"summary_large_image\" \/>\n<meta name=\"twitter:creator\" content=\"@PressenzaIPA\" \/>\n<meta name=\"twitter:site\" content=\"@PressenzaIPA\" \/>\n<meta name=\"twitter:label1\" content=\"Escrito por\" \/>\n\t<meta name=\"twitter:data1\" content=\"Silvia Swinden\" \/>\n\t<meta name=\"twitter:label2\" content=\"Tiempo de lectura\" \/>\n\t<meta name=\"twitter:data2\" content=\"4 minutos\" \/>\n<script type=\"application\/ld+json\" class=\"yoast-schema-graph\">{\"@context\":\"https:\/\/schema.org\",\"@graph\":[{\"@type\":\"Article\",\"@id\":\"https:\/\/www.pressenza.com\/es\/2019\/10\/un-aumento-sin-precedentes-de-la-mortalidad-infantil-en-inglaterra-relacionado-con-la-pobreza\/#article\",\"isPartOf\":{\"@id\":\"https:\/\/www.pressenza.com\/es\/2019\/10\/un-aumento-sin-precedentes-de-la-mortalidad-infantil-en-inglaterra-relacionado-con-la-pobreza\/\"},\"author\":{\"name\":\"Silvia Swinden\",\"@id\":\"https:\/\/www.pressenza.com\/es\/#\/schema\/person\/3e897a9ceda3579beea4bb9a93021e17\"},\"headline\":\"Un aumento \u201csin precedentes\u201d de la mortalidad infantil en Inglaterra relacionado con la pobreza\",\"datePublished\":\"2019-10-08T16:34:17+00:00\",\"mainEntityOfPage\":{\"@id\":\"https:\/\/www.pressenza.com\/es\/2019\/10\/un-aumento-sin-precedentes-de-la-mortalidad-infantil-en-inglaterra-relacionado-con-la-pobreza\/\"},\"wordCount\":773,\"publisher\":{\"@id\":\"https:\/\/www.pressenza.com\/es\/#organization\"},\"image\":{\"@id\":\"https:\/\/www.pressenza.com\/es\/2019\/10\/un-aumento-sin-precedentes-de-la-mortalidad-infantil-en-inglaterra-relacionado-con-la-pobreza\/#primaryimage\"},\"thumbnailUrl\":\"https:\/\/www.pressenza.com\/wp-content\/uploads\/2019\/10\/2735CA34-6E0D-4AF7-ACB1-86F6D48D671D.jpeg\",\"keywords\":[\"desigualdad\",\"Inequality\",\"Mortalidad infantil\",\"Pobreza\",\"Reino Unido\"],\"articleSection\":[\"Contenido Original\",\"Econom\u00eda\",\"Europa\",\"Salud\"],\"inLanguage\":\"es\"},{\"@type\":\"WebPage\",\"@id\":\"https:\/\/www.pressenza.com\/es\/2019\/10\/un-aumento-sin-precedentes-de-la-mortalidad-infantil-en-inglaterra-relacionado-con-la-pobreza\/\",\"url\":\"https:\/\/www.pressenza.com\/es\/2019\/10\/un-aumento-sin-precedentes-de-la-mortalidad-infantil-en-inglaterra-relacionado-con-la-pobreza\/\",\"name\":\"Un aumento \u201csin precedentes\u201d de la mortalidad infantil en Inglaterra relacionado con la pobreza\",\"isPartOf\":{\"@id\":\"https:\/\/www.pressenza.com\/es\/#website\"},\"primaryImageOfPage\":{\"@id\":\"https:\/\/www.pressenza.com\/es\/2019\/10\/un-aumento-sin-precedentes-de-la-mortalidad-infantil-en-inglaterra-relacionado-con-la-pobreza\/#primaryimage\"},\"image\":{\"@id\":\"https:\/\/www.pressenza.com\/es\/2019\/10\/un-aumento-sin-precedentes-de-la-mortalidad-infantil-en-inglaterra-relacionado-con-la-pobreza\/#primaryimage\"},\"thumbnailUrl\":\"https:\/\/www.pressenza.com\/wp-content\/uploads\/2019\/10\/2735CA34-6E0D-4AF7-ACB1-86F6D48D671D.jpeg\",\"datePublished\":\"2019-10-08T16:34:17+00:00\",\"description\":\"Science Daily informa: \u201cUn nuevo estudio, publicado en BMJ Open, relaciona el aumento de la mortalidad infantil en Inglaterra con la pobreza\u201d. La\",\"breadcrumb\":{\"@id\":\"https:\/\/www.pressenza.com\/es\/2019\/10\/un-aumento-sin-precedentes-de-la-mortalidad-infantil-en-inglaterra-relacionado-con-la-pobreza\/#breadcrumb\"},\"inLanguage\":\"es\",\"potentialAction\":[{\"@type\":\"ReadAction\",\"target\":[\"https:\/\/www.pressenza.com\/es\/2019\/10\/un-aumento-sin-precedentes-de-la-mortalidad-infantil-en-inglaterra-relacionado-con-la-pobreza\/\"]}]},{\"@type\":\"ImageObject\",\"inLanguage\":\"es\",\"@id\":\"https:\/\/www.pressenza.com\/es\/2019\/10\/un-aumento-sin-precedentes-de-la-mortalidad-infantil-en-inglaterra-relacionado-con-la-pobreza\/#primaryimage\",\"url\":\"https:\/\/www.pressenza.com\/wp-content\/uploads\/2019\/10\/2735CA34-6E0D-4AF7-ACB1-86F6D48D671D.jpeg\",\"contentUrl\":\"https:\/\/www.pressenza.com\/wp-content\/uploads\/2019\/10\/2735CA34-6E0D-4AF7-ACB1-86F6D48D671D.jpeg\",\"width\":1328,\"height\":915},{\"@type\":\"BreadcrumbList\",\"@id\":\"https:\/\/www.pressenza.com\/es\/2019\/10\/un-aumento-sin-precedentes-de-la-mortalidad-infantil-en-inglaterra-relacionado-con-la-pobreza\/#breadcrumb\",\"itemListElement\":[{\"@type\":\"ListItem\",\"position\":1,\"name\":\"Accueil\",\"item\":\"https:\/\/www.pressenza.com\/es\/\"},{\"@type\":\"ListItem\",\"position\":2,\"name\":\"Un aumento \u201csin precedentes\u201d de la mortalidad infantil en Inglaterra relacionado con la pobreza\"}]},{\"@type\":\"WebSite\",\"@id\":\"https:\/\/www.pressenza.com\/es\/#website\",\"url\":\"https:\/\/www.pressenza.com\/es\/\",\"name\":\"Pressenza\",\"description\":\"International Press Agency\",\"publisher\":{\"@id\":\"https:\/\/www.pressenza.com\/es\/#organization\"},\"potentialAction\":[{\"@type\":\"SearchAction\",\"target\":{\"@type\":\"EntryPoint\",\"urlTemplate\":\"https:\/\/www.pressenza.com\/es\/?s={search_term_string}\"},\"query-input\":{\"@type\":\"PropertyValueSpecification\",\"valueRequired\":true,\"valueName\":\"search_term_string\"}}],\"inLanguage\":\"es\"},{\"@type\":\"Organization\",\"@id\":\"https:\/\/www.pressenza.com\/es\/#organization\",\"name\":\"Pressenza\",\"url\":\"https:\/\/www.pressenza.com\/es\/\",\"logo\":{\"@type\":\"ImageObject\",\"inLanguage\":\"es\",\"@id\":\"https:\/\/www.pressenza.com\/es\/#\/schema\/logo\/image\/\",\"url\":\"https:\/\/www.pressenza.com\/wp-content\/uploads\/2022\/10\/pressenza_logo_200x200.jpg\",\"contentUrl\":\"https:\/\/www.pressenza.com\/wp-content\/uploads\/2022\/10\/pressenza_logo_200x200.jpg\",\"width\":200,\"height\":200,\"caption\":\"Pressenza\"},\"image\":{\"@id\":\"https:\/\/www.pressenza.com\/es\/#\/schema\/logo\/image\/\"},\"sameAs\":[\"https:\/\/www.facebook.com\/PressenzaItalia\",\"https:\/\/x.com\/PressenzaIPA\"]},{\"@type\":\"Person\",\"@id\":\"https:\/\/www.pressenza.com\/es\/#\/schema\/person\/3e897a9ceda3579beea4bb9a93021e17\",\"name\":\"Silvia Swinden\",\"description\":\"Silvia Swinden - Author of \u201cFrom Monkey Sapiens to Homo Intentional: The Phenomenology of the Nonviolent Revolution\u201d \u2013 Adonis &amp; Abbey, London 2006. Pressenza London Editor\",\"sameAs\":[\"https:\/\/www.facebook.com\/silvia.swinden\"],\"url\":\"https:\/\/www.pressenza.com\/es\/author\/silvia-swinden\/\"}]}<\/script>\n<!-- \/ Yoast SEO plugin. -->","yoast_head_json":{"title":"Un aumento \u201csin precedentes\u201d de la mortalidad infantil en Inglaterra relacionado con la pobreza","description":"Science Daily informa: \u201cUn nuevo estudio, publicado en BMJ Open, relaciona el aumento de la mortalidad infantil en Inglaterra con la pobreza\u201d. La","robots":{"index":"index","follow":"follow","max-snippet":"max-snippet:-1","max-image-preview":"max-image-preview:large","max-video-preview":"max-video-preview:-1"},"canonical":"https:\/\/www.pressenza.com\/es\/2019\/10\/un-aumento-sin-precedentes-de-la-mortalidad-infantil-en-inglaterra-relacionado-con-la-pobreza\/","og_locale":"es_ES","og_type":"article","og_title":"Un aumento \u201csin precedentes\u201d de la mortalidad infantil en Inglaterra relacionado con la pobreza","og_description":"Science Daily informa: \u201cUn nuevo estudio, publicado en BMJ Open, relaciona el aumento de la mortalidad infantil en Inglaterra con la pobreza\u201d. La","og_url":"https:\/\/www.pressenza.com\/es\/2019\/10\/un-aumento-sin-precedentes-de-la-mortalidad-infantil-en-inglaterra-relacionado-con-la-pobreza\/","og_site_name":"Pressenza","article_publisher":"https:\/\/www.facebook.com\/PressenzaItalia","article_author":"https:\/\/www.facebook.com\/silvia.swinden","article_published_time":"2019-10-08T16:34:17+00:00","og_image":[{"width":1328,"height":915,"url":"https:\/\/www.pressenza.com\/wp-content\/uploads\/2019\/10\/2735CA34-6E0D-4AF7-ACB1-86F6D48D671D.jpeg","type":"image\/jpeg"}],"author":"Silvia Swinden","twitter_card":"summary_large_image","twitter_creator":"@PressenzaIPA","twitter_site":"@PressenzaIPA","twitter_misc":{"Escrito por":"Silvia Swinden","Tiempo de lectura":"4 minutos"},"schema":{"@context":"https:\/\/schema.org","@graph":[{"@type":"Article","@id":"https:\/\/www.pressenza.com\/es\/2019\/10\/un-aumento-sin-precedentes-de-la-mortalidad-infantil-en-inglaterra-relacionado-con-la-pobreza\/#article","isPartOf":{"@id":"https:\/\/www.pressenza.com\/es\/2019\/10\/un-aumento-sin-precedentes-de-la-mortalidad-infantil-en-inglaterra-relacionado-con-la-pobreza\/"},"author":{"name":"Silvia Swinden","@id":"https:\/\/www.pressenza.com\/es\/#\/schema\/person\/3e897a9ceda3579beea4bb9a93021e17"},"headline":"Un aumento \u201csin precedentes\u201d de la mortalidad infantil en Inglaterra relacionado con la pobreza","datePublished":"2019-10-08T16:34:17+00:00","mainEntityOfPage":{"@id":"https:\/\/www.pressenza.com\/es\/2019\/10\/un-aumento-sin-precedentes-de-la-mortalidad-infantil-en-inglaterra-relacionado-con-la-pobreza\/"},"wordCount":773,"publisher":{"@id":"https:\/\/www.pressenza.com\/es\/#organization"},"image":{"@id":"https:\/\/www.pressenza.com\/es\/2019\/10\/un-aumento-sin-precedentes-de-la-mortalidad-infantil-en-inglaterra-relacionado-con-la-pobreza\/#primaryimage"},"thumbnailUrl":"https:\/\/www.pressenza.com\/wp-content\/uploads\/2019\/10\/2735CA34-6E0D-4AF7-ACB1-86F6D48D671D.jpeg","keywords":["desigualdad","Inequality","Mortalidad infantil","Pobreza","Reino Unido"],"articleSection":["Contenido Original","Econom\u00eda","Europa","Salud"],"inLanguage":"es"},{"@type":"WebPage","@id":"https:\/\/www.pressenza.com\/es\/2019\/10\/un-aumento-sin-precedentes-de-la-mortalidad-infantil-en-inglaterra-relacionado-con-la-pobreza\/","url":"https:\/\/www.pressenza.com\/es\/2019\/10\/un-aumento-sin-precedentes-de-la-mortalidad-infantil-en-inglaterra-relacionado-con-la-pobreza\/","name":"Un aumento \u201csin precedentes\u201d de la mortalidad infantil en Inglaterra relacionado con la pobreza","isPartOf":{"@id":"https:\/\/www.pressenza.com\/es\/#website"},"primaryImageOfPage":{"@id":"https:\/\/www.pressenza.com\/es\/2019\/10\/un-aumento-sin-precedentes-de-la-mortalidad-infantil-en-inglaterra-relacionado-con-la-pobreza\/#primaryimage"},"image":{"@id":"https:\/\/www.pressenza.com\/es\/2019\/10\/un-aumento-sin-precedentes-de-la-mortalidad-infantil-en-inglaterra-relacionado-con-la-pobreza\/#primaryimage"},"thumbnailUrl":"https:\/\/www.pressenza.com\/wp-content\/uploads\/2019\/10\/2735CA34-6E0D-4AF7-ACB1-86F6D48D671D.jpeg","datePublished":"2019-10-08T16:34:17+00:00","description":"Science Daily informa: \u201cUn nuevo estudio, publicado en BMJ Open, relaciona el aumento de la mortalidad infantil en Inglaterra con la pobreza\u201d. La","breadcrumb":{"@id":"https:\/\/www.pressenza.com\/es\/2019\/10\/un-aumento-sin-precedentes-de-la-mortalidad-infantil-en-inglaterra-relacionado-con-la-pobreza\/#breadcrumb"},"inLanguage":"es","potentialAction":[{"@type":"ReadAction","target":["https:\/\/www.pressenza.com\/es\/2019\/10\/un-aumento-sin-precedentes-de-la-mortalidad-infantil-en-inglaterra-relacionado-con-la-pobreza\/"]}]},{"@type":"ImageObject","inLanguage":"es","@id":"https:\/\/www.pressenza.com\/es\/2019\/10\/un-aumento-sin-precedentes-de-la-mortalidad-infantil-en-inglaterra-relacionado-con-la-pobreza\/#primaryimage","url":"https:\/\/www.pressenza.com\/wp-content\/uploads\/2019\/10\/2735CA34-6E0D-4AF7-ACB1-86F6D48D671D.jpeg","contentUrl":"https:\/\/www.pressenza.com\/wp-content\/uploads\/2019\/10\/2735CA34-6E0D-4AF7-ACB1-86F6D48D671D.jpeg","width":1328,"height":915},{"@type":"BreadcrumbList","@id":"https:\/\/www.pressenza.com\/es\/2019\/10\/un-aumento-sin-precedentes-de-la-mortalidad-infantil-en-inglaterra-relacionado-con-la-pobreza\/#breadcrumb","itemListElement":[{"@type":"ListItem","position":1,"name":"Accueil","item":"https:\/\/www.pressenza.com\/es\/"},{"@type":"ListItem","position":2,"name":"Un aumento \u201csin precedentes\u201d de la mortalidad infantil en Inglaterra relacionado con la pobreza"}]},{"@type":"WebSite","@id":"https:\/\/www.pressenza.com\/es\/#website","url":"https:\/\/www.pressenza.com\/es\/","name":"Pressenza","description":"International Press Agency","publisher":{"@id":"https:\/\/www.pressenza.com\/es\/#organization"},"potentialAction":[{"@type":"SearchAction","target":{"@type":"EntryPoint","urlTemplate":"https:\/\/www.pressenza.com\/es\/?s={search_term_string}"},"query-input":{"@type":"PropertyValueSpecification","valueRequired":true,"valueName":"search_term_string"}}],"inLanguage":"es"},{"@type":"Organization","@id":"https:\/\/www.pressenza.com\/es\/#organization","name":"Pressenza","url":"https:\/\/www.pressenza.com\/es\/","logo":{"@type":"ImageObject","inLanguage":"es","@id":"https:\/\/www.pressenza.com\/es\/#\/schema\/logo\/image\/","url":"https:\/\/www.pressenza.com\/wp-content\/uploads\/2022\/10\/pressenza_logo_200x200.jpg","contentUrl":"https:\/\/www.pressenza.com\/wp-content\/uploads\/2022\/10\/pressenza_logo_200x200.jpg","width":200,"height":200,"caption":"Pressenza"},"image":{"@id":"https:\/\/www.pressenza.com\/es\/#\/schema\/logo\/image\/"},"sameAs":["https:\/\/www.facebook.com\/PressenzaItalia","https:\/\/x.com\/PressenzaIPA"]},{"@type":"Person","@id":"https:\/\/www.pressenza.com\/es\/#\/schema\/person\/3e897a9ceda3579beea4bb9a93021e17","name":"Silvia Swinden","description":"Silvia Swinden - Author of \u201cFrom Monkey Sapiens to Homo Intentional: The Phenomenology of the Nonviolent Revolution\u201d \u2013 Adonis &amp; Abbey, London 2006. Pressenza London Editor","sameAs":["https:\/\/www.facebook.com\/silvia.swinden"],"url":"https:\/\/www.pressenza.com\/es\/author\/silvia-swinden\/"}]}},"place":"Londres, R.U.","original_article_url":"","_links":{"self":[{"href":"https:\/\/www.pressenza.com\/es\/wp-json\/wp\/v2\/posts\/937278","targetHints":{"allow":["GET"]}}],"collection":[{"href":"https:\/\/www.pressenza.com\/es\/wp-json\/wp\/v2\/posts"}],"about":[{"href":"https:\/\/www.pressenza.com\/es\/wp-json\/wp\/v2\/types\/post"}],"author":[{"embeddable":true,"href":"https:\/\/www.pressenza.com\/es\/wp-json\/wp\/v2\/users\/66"}],"replies":[{"embeddable":true,"href":"https:\/\/www.pressenza.com\/es\/wp-json\/wp\/v2\/comments?post=937278"}],"version-history":[{"count":0,"href":"https:\/\/www.pressenza.com\/es\/wp-json\/wp\/v2\/posts\/937278\/revisions"}],"wp:featuredmedia":[{"embeddable":true,"href":"https:\/\/www.pressenza.com\/es\/wp-json\/wp\/v2\/media\/936210"}],"wp:attachment":[{"href":"https:\/\/www.pressenza.com\/es\/wp-json\/wp\/v2\/media?parent=937278"}],"wp:term":[{"taxonomy":"category","embeddable":true,"href":"https:\/\/www.pressenza.com\/es\/wp-json\/wp\/v2\/categories?post=937278"},{"taxonomy":"post_tag","embeddable":true,"href":"https:\/\/www.pressenza.com\/es\/wp-json\/wp\/v2\/tags?post=937278"}],"curies":[{"name":"wp","href":"https:\/\/api.w.org\/{rel}","templated":true}]}}