{"id":936901,"date":"2019-10-08T04:44:09","date_gmt":"2019-10-08T03:44:09","guid":{"rendered":"https:\/\/www.pressenza.com\/?p=936901"},"modified":"2019-10-08T04:44:09","modified_gmt":"2019-10-08T03:44:09","slug":"el-patriagrandismo-como-unica-salida","status":"publish","type":"post","link":"https:\/\/www.pressenza.com\/es\/2019\/10\/el-patriagrandismo-como-unica-salida\/","title":{"rendered":"El patriagrandismo como \u00fanica salida"},"content":{"rendered":"<p>\u00a1Ey, chiques! La regi\u00f3n est\u00e1 en llamas. No me refiero solamente a los incendios del Amazonas y la Chiquitania boliviana. Me refiero a la democracia que pretend\u00eda darle tintes de legalidad a la injusticia social, exclusi\u00f3n y violencia que padecemos cada d\u00eda en casi toda nuestra regi\u00f3n.<\/p>\n<p>Del abandono p\u00fablico que se vive en Chile, a la caza de disidentes de Colombia y Honduras. Del hambre creciente argentino a las agresiones contra homosexuales y trans en Brasil. La trata de personas y el narcotr\u00e1fico gobernando estados completos en M\u00e9xico y la exposici\u00f3n vergonzante de la corrupci\u00f3n a cielo abierto peruana. La traici\u00f3n encarnada en Lenin Moreno, las fantasmagor\u00edas de la sedici\u00f3n made in USA en Nicaragua, Bolivia y Venezuela.<\/p>\n<p>Hait\u00ed asaltado por sus propios oligarcas, Costa Rica y Puerto Rico descendiendo por la pendiente neoliberal, El Salvador sum\u00e1ndose al club y Paraguay reviviendo los a\u00f1os del stroessnerismo.<\/p>\n<p>Todas estas cuestiones podemos analizarlas separadamente, aislarlas y presentarlas como idiosincrasia de estos pa\u00edses o podemos intentar esbozar algunas ideas que nos ayuden a comprender un signo de los tiempos, un patr\u00f3n, una planificaci\u00f3n. Incluso, podemos pensarlo como parte de la decadencia inevitable del modelo capitalista extractivista que se ha puesto tan de moda atacar tibiamente o, incluso, justificar como inexorable.<\/p>\n<p>El mundo que no se termina de morir, todav\u00eda no pari\u00f3 su sucesor. Todav\u00eda no se ven con la suficiente claridad los paradigmas, los mitos que lograr\u00e1n succionar hacia el futuro a las nuevas generaciones latinoamericanas. Pero s\u00ed parece incuestionable, que ese modelo deber\u00e1 ser colectivo y patriagrandista. No digo que esto vaya a ocurrir en los pr\u00f3ximos meses, \u00a1ojal\u00e1!, pero s\u00ed debe ser una direcci\u00f3n para los pr\u00f3ximos a\u00f1os y lustros. Hemos de recuperar la agenda nuestramericana y pensar en la fortaleza regional, pensar en c\u00f3mo ampliar la base de sustentaci\u00f3n de la democracia en nuestros pa\u00edses. Organizaci\u00f3n, organizaci\u00f3n y organizaci\u00f3n. Sin vedetismos ego\u00edstas, ni cortoplacismos maniqueos. La gesti\u00f3n debe tener ese horizonte de futuro com\u00fan, el pragmatismo de hoy debe ser sustentable y garantizar mayor equidad en la distribuci\u00f3n de la riqueza, de la tierra, de los compromisos y obligaciones.<\/p>\n<p>Solo la capacidad popular organizada puede contrarrestar la cooptaci\u00f3n de intereses mezquinos de las instituciones y de las subjetividades de las mayor\u00edas. No renunciemos a seguir escribiendo una historia de liberaci\u00f3n antiimperialista.<\/p>\n","protected":false},"excerpt":{"rendered":"<p>\u00a1Ey, chiques! La regi\u00f3n est\u00e1 en llamas. No me refiero solamente a los incendios del Amazonas y la Chiquitania boliviana. Me refiero a la democracia que pretend\u00eda darle tintes de legalidad a la injusticia social, exclusi\u00f3n y violencia que padecemos&hellip;<\/p>\n","protected":false},"author":96,"featured_media":936924,"comment_status":"closed","ping_status":"closed","sticky":false,"template":"","format":"standard","meta":{"footnotes":""},"categories":[69,11389,161,74,67],"tags":[36020,696,20867,16833,18607,25779,65031],"class_list":["post-936901","post","type-post","status-publish","format-standard","has-post-thumbnail","hentry","category-america-central","category-contenido-original","category-opiniones","category-politica-es","category-sudamerica","tag-antiimperialismo","tag-democracia","tag-integracion-regional","tag-nuestramerica","tag-patria-grande","tag-protesta-social","tag-union-latinoamericana"],"yoast_head":"<!-- This site is optimized with the Yoast SEO plugin v27.1.1 - https:\/\/yoast.com\/product\/yoast-seo-wordpress\/ -->\n<title>El patriagrandismo como \u00fanica salida<\/title>\n<meta name=\"description\" content=\"\u00a1Ey, chiques! La regi\u00f3n est\u00e1 en llamas. No me refiero solamente a los incendios del Amazonas y la Chiquitania boliviana. Me refiero a la democracia que\" \/>\n<meta name=\"robots\" content=\"index, follow, max-snippet:-1, max-image-preview:large, max-video-preview:-1\" \/>\n<link rel=\"canonical\" href=\"https:\/\/www.pressenza.com\/es\/2019\/10\/el-patriagrandismo-como-unica-salida\/\" \/>\n<meta property=\"og:locale\" content=\"es_ES\" \/>\n<meta property=\"og:type\" content=\"article\" \/>\n<meta property=\"og:title\" content=\"El patriagrandismo como \u00fanica salida\" \/>\n<meta property=\"og:description\" content=\"\u00a1Ey, chiques! La regi\u00f3n est\u00e1 en llamas. No me refiero solamente a los incendios del Amazonas y la Chiquitania boliviana. Me refiero a la democracia que\" \/>\n<meta property=\"og:url\" content=\"https:\/\/www.pressenza.com\/es\/2019\/10\/el-patriagrandismo-como-unica-salida\/\" \/>\n<meta property=\"og:site_name\" content=\"Pressenza\" \/>\n<meta property=\"article:publisher\" content=\"https:\/\/www.facebook.com\/PressenzaItalia\" \/>\n<meta property=\"article:author\" content=\"https:\/\/www.facebook.com\/mariano.quiroga.779\" \/>\n<meta property=\"article:published_time\" content=\"2019-10-08T03:44:09+00:00\" \/>\n<meta property=\"og:image\" content=\"https:\/\/www.pressenza.com\/wp-content\/uploads\/2019\/10\/gusustavo.png\" \/>\n\t<meta property=\"og:image:width\" content=\"805\" \/>\n\t<meta property=\"og:image:height\" content=\"664\" \/>\n\t<meta property=\"og:image:type\" content=\"image\/png\" \/>\n<meta name=\"author\" content=\"Mariano Quiroga\" \/>\n<meta name=\"twitter:card\" content=\"summary_large_image\" \/>\n<meta name=\"twitter:creator\" content=\"@MaruchoQuiroga\" \/>\n<meta name=\"twitter:site\" content=\"@PressenzaIPA\" \/>\n<meta name=\"twitter:label1\" content=\"Escrito por\" \/>\n\t<meta name=\"twitter:data1\" content=\"Mariano Quiroga\" \/>\n\t<meta name=\"twitter:label2\" content=\"Tiempo de lectura\" \/>\n\t<meta name=\"twitter:data2\" content=\"2 minutos\" \/>\n<script type=\"application\/ld+json\" class=\"yoast-schema-graph\">{\"@context\":\"https:\/\/schema.org\",\"@graph\":[{\"@type\":\"Article\",\"@id\":\"https:\/\/www.pressenza.com\/es\/2019\/10\/el-patriagrandismo-como-unica-salida\/#article\",\"isPartOf\":{\"@id\":\"https:\/\/www.pressenza.com\/es\/2019\/10\/el-patriagrandismo-como-unica-salida\/\"},\"author\":{\"name\":\"Mariano Quiroga\",\"@id\":\"https:\/\/www.pressenza.com\/es\/#\/schema\/person\/a0856fe41d8234b92503e6b28dc2585e\"},\"headline\":\"El patriagrandismo como \u00fanica salida\",\"datePublished\":\"2019-10-08T03:44:09+00:00\",\"mainEntityOfPage\":{\"@id\":\"https:\/\/www.pressenza.com\/es\/2019\/10\/el-patriagrandismo-como-unica-salida\/\"},\"wordCount\":425,\"publisher\":{\"@id\":\"https:\/\/www.pressenza.com\/es\/#organization\"},\"image\":{\"@id\":\"https:\/\/www.pressenza.com\/es\/2019\/10\/el-patriagrandismo-como-unica-salida\/#primaryimage\"},\"thumbnailUrl\":\"https:\/\/www.pressenza.com\/wp-content\/uploads\/2019\/10\/gusustavo.png\",\"keywords\":[\"antiimperialismo\",\"Democracia\",\"integraci\u00f3n regional\",\"Nuestram\u00e9rica\",\"Patria Grande\",\"protesta social\",\"UNi\u00f3n latinoamericana\"],\"articleSection\":[\"Am\u00e9rica Central\",\"Contenido Original\",\"Opiniones\",\"Pol\u00edtica\",\"Sudam\u00e9rica\"],\"inLanguage\":\"es\"},{\"@type\":\"WebPage\",\"@id\":\"https:\/\/www.pressenza.com\/es\/2019\/10\/el-patriagrandismo-como-unica-salida\/\",\"url\":\"https:\/\/www.pressenza.com\/es\/2019\/10\/el-patriagrandismo-como-unica-salida\/\",\"name\":\"El patriagrandismo como \u00fanica salida\",\"isPartOf\":{\"@id\":\"https:\/\/www.pressenza.com\/es\/#website\"},\"primaryImageOfPage\":{\"@id\":\"https:\/\/www.pressenza.com\/es\/2019\/10\/el-patriagrandismo-como-unica-salida\/#primaryimage\"},\"image\":{\"@id\":\"https:\/\/www.pressenza.com\/es\/2019\/10\/el-patriagrandismo-como-unica-salida\/#primaryimage\"},\"thumbnailUrl\":\"https:\/\/www.pressenza.com\/wp-content\/uploads\/2019\/10\/gusustavo.png\",\"datePublished\":\"2019-10-08T03:44:09+00:00\",\"description\":\"\u00a1Ey, chiques! La regi\u00f3n est\u00e1 en llamas. No me refiero solamente a los incendios del Amazonas y la Chiquitania boliviana. Me refiero a la democracia que\",\"breadcrumb\":{\"@id\":\"https:\/\/www.pressenza.com\/es\/2019\/10\/el-patriagrandismo-como-unica-salida\/#breadcrumb\"},\"inLanguage\":\"es\",\"potentialAction\":[{\"@type\":\"ReadAction\",\"target\":[\"https:\/\/www.pressenza.com\/es\/2019\/10\/el-patriagrandismo-como-unica-salida\/\"]}]},{\"@type\":\"ImageObject\",\"inLanguage\":\"es\",\"@id\":\"https:\/\/www.pressenza.com\/es\/2019\/10\/el-patriagrandismo-como-unica-salida\/#primaryimage\",\"url\":\"https:\/\/www.pressenza.com\/wp-content\/uploads\/2019\/10\/gusustavo.png\",\"contentUrl\":\"https:\/\/www.pressenza.com\/wp-content\/uploads\/2019\/10\/gusustavo.png\",\"width\":805,\"height\":664},{\"@type\":\"BreadcrumbList\",\"@id\":\"https:\/\/www.pressenza.com\/es\/2019\/10\/el-patriagrandismo-como-unica-salida\/#breadcrumb\",\"itemListElement\":[{\"@type\":\"ListItem\",\"position\":1,\"name\":\"Accueil\",\"item\":\"https:\/\/www.pressenza.com\/es\/\"},{\"@type\":\"ListItem\",\"position\":2,\"name\":\"El patriagrandismo como \u00fanica salida\"}]},{\"@type\":\"WebSite\",\"@id\":\"https:\/\/www.pressenza.com\/es\/#website\",\"url\":\"https:\/\/www.pressenza.com\/es\/\",\"name\":\"Pressenza\",\"description\":\"International Press Agency\",\"publisher\":{\"@id\":\"https:\/\/www.pressenza.com\/es\/#organization\"},\"potentialAction\":[{\"@type\":\"SearchAction\",\"target\":{\"@type\":\"EntryPoint\",\"urlTemplate\":\"https:\/\/www.pressenza.com\/es\/?s={search_term_string}\"},\"query-input\":{\"@type\":\"PropertyValueSpecification\",\"valueRequired\":true,\"valueName\":\"search_term_string\"}}],\"inLanguage\":\"es\"},{\"@type\":\"Organization\",\"@id\":\"https:\/\/www.pressenza.com\/es\/#organization\",\"name\":\"Pressenza\",\"url\":\"https:\/\/www.pressenza.com\/es\/\",\"logo\":{\"@type\":\"ImageObject\",\"inLanguage\":\"es\",\"@id\":\"https:\/\/www.pressenza.com\/es\/#\/schema\/logo\/image\/\",\"url\":\"https:\/\/www.pressenza.com\/wp-content\/uploads\/2022\/10\/pressenza_logo_200x200.jpg\",\"contentUrl\":\"https:\/\/www.pressenza.com\/wp-content\/uploads\/2022\/10\/pressenza_logo_200x200.jpg\",\"width\":200,\"height\":200,\"caption\":\"Pressenza\"},\"image\":{\"@id\":\"https:\/\/www.pressenza.com\/es\/#\/schema\/logo\/image\/\"},\"sameAs\":[\"https:\/\/www.facebook.com\/PressenzaItalia\",\"https:\/\/x.com\/PressenzaIPA\"]},{\"@type\":\"Person\",\"@id\":\"https:\/\/www.pressenza.com\/es\/#\/schema\/person\/a0856fe41d8234b92503e6b28dc2585e\",\"name\":\"Mariano Quiroga\",\"description\":\"Born in Buenos Aires, Argentina, in 1976, Mariano is a journalist, poet and international editor for Pressenza. His career includes publications in different countries and languages. Currently he is presenter on radio programmes in Ecuador and Argentina. A humanist communicator specialising in international politics, his vocation has led him to seek to build bridges that allow relationships to be made between data, events, people and contexts in order to create an inclusive look that synthesises the noblest searches for social justice and humanisation of the planet.\",\"sameAs\":[\"https:\/\/www.facebook.com\/mariano.quiroga.779\",\"https:\/\/x.com\/MaruchoQuiroga\"],\"url\":\"https:\/\/www.pressenza.com\/es\/author\/mariano-quiroga\/\"}]}<\/script>\n<!-- \/ Yoast SEO plugin. -->","yoast_head_json":{"title":"El patriagrandismo como \u00fanica salida","description":"\u00a1Ey, chiques! La regi\u00f3n est\u00e1 en llamas. No me refiero solamente a los incendios del Amazonas y la Chiquitania boliviana. Me refiero a la democracia que","robots":{"index":"index","follow":"follow","max-snippet":"max-snippet:-1","max-image-preview":"max-image-preview:large","max-video-preview":"max-video-preview:-1"},"canonical":"https:\/\/www.pressenza.com\/es\/2019\/10\/el-patriagrandismo-como-unica-salida\/","og_locale":"es_ES","og_type":"article","og_title":"El patriagrandismo como \u00fanica salida","og_description":"\u00a1Ey, chiques! La regi\u00f3n est\u00e1 en llamas. No me refiero solamente a los incendios del Amazonas y la Chiquitania boliviana. Me refiero a la democracia que","og_url":"https:\/\/www.pressenza.com\/es\/2019\/10\/el-patriagrandismo-como-unica-salida\/","og_site_name":"Pressenza","article_publisher":"https:\/\/www.facebook.com\/PressenzaItalia","article_author":"https:\/\/www.facebook.com\/mariano.quiroga.779","article_published_time":"2019-10-08T03:44:09+00:00","og_image":[{"width":805,"height":664,"url":"https:\/\/www.pressenza.com\/wp-content\/uploads\/2019\/10\/gusustavo.png","type":"image\/png"}],"author":"Mariano Quiroga","twitter_card":"summary_large_image","twitter_creator":"@MaruchoQuiroga","twitter_site":"@PressenzaIPA","twitter_misc":{"Escrito por":"Mariano Quiroga","Tiempo de lectura":"2 minutos"},"schema":{"@context":"https:\/\/schema.org","@graph":[{"@type":"Article","@id":"https:\/\/www.pressenza.com\/es\/2019\/10\/el-patriagrandismo-como-unica-salida\/#article","isPartOf":{"@id":"https:\/\/www.pressenza.com\/es\/2019\/10\/el-patriagrandismo-como-unica-salida\/"},"author":{"name":"Mariano Quiroga","@id":"https:\/\/www.pressenza.com\/es\/#\/schema\/person\/a0856fe41d8234b92503e6b28dc2585e"},"headline":"El patriagrandismo como \u00fanica salida","datePublished":"2019-10-08T03:44:09+00:00","mainEntityOfPage":{"@id":"https:\/\/www.pressenza.com\/es\/2019\/10\/el-patriagrandismo-como-unica-salida\/"},"wordCount":425,"publisher":{"@id":"https:\/\/www.pressenza.com\/es\/#organization"},"image":{"@id":"https:\/\/www.pressenza.com\/es\/2019\/10\/el-patriagrandismo-como-unica-salida\/#primaryimage"},"thumbnailUrl":"https:\/\/www.pressenza.com\/wp-content\/uploads\/2019\/10\/gusustavo.png","keywords":["antiimperialismo","Democracia","integraci\u00f3n regional","Nuestram\u00e9rica","Patria Grande","protesta social","UNi\u00f3n latinoamericana"],"articleSection":["Am\u00e9rica Central","Contenido Original","Opiniones","Pol\u00edtica","Sudam\u00e9rica"],"inLanguage":"es"},{"@type":"WebPage","@id":"https:\/\/www.pressenza.com\/es\/2019\/10\/el-patriagrandismo-como-unica-salida\/","url":"https:\/\/www.pressenza.com\/es\/2019\/10\/el-patriagrandismo-como-unica-salida\/","name":"El patriagrandismo como \u00fanica salida","isPartOf":{"@id":"https:\/\/www.pressenza.com\/es\/#website"},"primaryImageOfPage":{"@id":"https:\/\/www.pressenza.com\/es\/2019\/10\/el-patriagrandismo-como-unica-salida\/#primaryimage"},"image":{"@id":"https:\/\/www.pressenza.com\/es\/2019\/10\/el-patriagrandismo-como-unica-salida\/#primaryimage"},"thumbnailUrl":"https:\/\/www.pressenza.com\/wp-content\/uploads\/2019\/10\/gusustavo.png","datePublished":"2019-10-08T03:44:09+00:00","description":"\u00a1Ey, chiques! La regi\u00f3n est\u00e1 en llamas. No me refiero solamente a los incendios del Amazonas y la Chiquitania boliviana. Me refiero a la democracia que","breadcrumb":{"@id":"https:\/\/www.pressenza.com\/es\/2019\/10\/el-patriagrandismo-como-unica-salida\/#breadcrumb"},"inLanguage":"es","potentialAction":[{"@type":"ReadAction","target":["https:\/\/www.pressenza.com\/es\/2019\/10\/el-patriagrandismo-como-unica-salida\/"]}]},{"@type":"ImageObject","inLanguage":"es","@id":"https:\/\/www.pressenza.com\/es\/2019\/10\/el-patriagrandismo-como-unica-salida\/#primaryimage","url":"https:\/\/www.pressenza.com\/wp-content\/uploads\/2019\/10\/gusustavo.png","contentUrl":"https:\/\/www.pressenza.com\/wp-content\/uploads\/2019\/10\/gusustavo.png","width":805,"height":664},{"@type":"BreadcrumbList","@id":"https:\/\/www.pressenza.com\/es\/2019\/10\/el-patriagrandismo-como-unica-salida\/#breadcrumb","itemListElement":[{"@type":"ListItem","position":1,"name":"Accueil","item":"https:\/\/www.pressenza.com\/es\/"},{"@type":"ListItem","position":2,"name":"El patriagrandismo como \u00fanica salida"}]},{"@type":"WebSite","@id":"https:\/\/www.pressenza.com\/es\/#website","url":"https:\/\/www.pressenza.com\/es\/","name":"Pressenza","description":"International Press Agency","publisher":{"@id":"https:\/\/www.pressenza.com\/es\/#organization"},"potentialAction":[{"@type":"SearchAction","target":{"@type":"EntryPoint","urlTemplate":"https:\/\/www.pressenza.com\/es\/?s={search_term_string}"},"query-input":{"@type":"PropertyValueSpecification","valueRequired":true,"valueName":"search_term_string"}}],"inLanguage":"es"},{"@type":"Organization","@id":"https:\/\/www.pressenza.com\/es\/#organization","name":"Pressenza","url":"https:\/\/www.pressenza.com\/es\/","logo":{"@type":"ImageObject","inLanguage":"es","@id":"https:\/\/www.pressenza.com\/es\/#\/schema\/logo\/image\/","url":"https:\/\/www.pressenza.com\/wp-content\/uploads\/2022\/10\/pressenza_logo_200x200.jpg","contentUrl":"https:\/\/www.pressenza.com\/wp-content\/uploads\/2022\/10\/pressenza_logo_200x200.jpg","width":200,"height":200,"caption":"Pressenza"},"image":{"@id":"https:\/\/www.pressenza.com\/es\/#\/schema\/logo\/image\/"},"sameAs":["https:\/\/www.facebook.com\/PressenzaItalia","https:\/\/x.com\/PressenzaIPA"]},{"@type":"Person","@id":"https:\/\/www.pressenza.com\/es\/#\/schema\/person\/a0856fe41d8234b92503e6b28dc2585e","name":"Mariano Quiroga","description":"Born in Buenos Aires, Argentina, in 1976, Mariano is a journalist, poet and international editor for Pressenza. His career includes publications in different countries and languages. Currently he is presenter on radio programmes in Ecuador and Argentina. A humanist communicator specialising in international politics, his vocation has led him to seek to build bridges that allow relationships to be made between data, events, people and contexts in order to create an inclusive look that synthesises the noblest searches for social justice and humanisation of the planet.","sameAs":["https:\/\/www.facebook.com\/mariano.quiroga.779","https:\/\/x.com\/MaruchoQuiroga"],"url":"https:\/\/www.pressenza.com\/es\/author\/mariano-quiroga\/"}]}},"place":"Ciudad de Buenos Aires, Argentina","original_article_url":"","_links":{"self":[{"href":"https:\/\/www.pressenza.com\/es\/wp-json\/wp\/v2\/posts\/936901","targetHints":{"allow":["GET"]}}],"collection":[{"href":"https:\/\/www.pressenza.com\/es\/wp-json\/wp\/v2\/posts"}],"about":[{"href":"https:\/\/www.pressenza.com\/es\/wp-json\/wp\/v2\/types\/post"}],"author":[{"embeddable":true,"href":"https:\/\/www.pressenza.com\/es\/wp-json\/wp\/v2\/users\/96"}],"replies":[{"embeddable":true,"href":"https:\/\/www.pressenza.com\/es\/wp-json\/wp\/v2\/comments?post=936901"}],"version-history":[{"count":0,"href":"https:\/\/www.pressenza.com\/es\/wp-json\/wp\/v2\/posts\/936901\/revisions"}],"wp:featuredmedia":[{"embeddable":true,"href":"https:\/\/www.pressenza.com\/es\/wp-json\/wp\/v2\/media\/936924"}],"wp:attachment":[{"href":"https:\/\/www.pressenza.com\/es\/wp-json\/wp\/v2\/media?parent=936901"}],"wp:term":[{"taxonomy":"category","embeddable":true,"href":"https:\/\/www.pressenza.com\/es\/wp-json\/wp\/v2\/categories?post=936901"},{"taxonomy":"post_tag","embeddable":true,"href":"https:\/\/www.pressenza.com\/es\/wp-json\/wp\/v2\/tags?post=936901"}],"curies":[{"name":"wp","href":"https:\/\/api.w.org\/{rel}","templated":true}]}}