{"id":9359,"date":"2012-06-04T00:00:00","date_gmt":"2012-06-04T00:00:00","guid":{"rendered":""},"modified":"2012-06-04T09:10:05","modified_gmt":"2012-06-04T09:10:05","slug":"suspension-del-proyecto-hidroaysenx-nuestras-dudas-y-otros-temas","status":"publish","type":"post","link":"https:\/\/www.pressenza.com\/es\/2012\/06\/suspension-del-proyecto-hidroaysenx-nuestras-dudas-y-otros-temas\/","title":{"rendered":"Suspensi\u00f3n del proyecto Hidroays\u00e9n, nuestras dudas y otros temas"},"content":{"rendered":"<p>Aunque aqu\u00ed en Coyhaique no es tan evidente como en otras localidades de la regi\u00f3n, esta semana hemos tenido una buena muestra:<br \/>\n\u00abAlgo\u00bb \u00abun tercero\u00bb, seg\u00fan lo que dice Telef\u00f3nica de Coyhaique, cort\u00f3 la fibra \u00f3ptica que cruza por el mar desde Chait\u00e9n a Quell\u00f3n. Quizas, el ancla de un barco. Hemos estado una semana sin internet. Pagos y tr\u00e1mites en l\u00ednea que no hemos podido hacer, la empresa tuvo que disculparse por las radios locales.\u00a1Esperamos que tambi\u00e9n la disculpa se refleje en las cuentas!<\/p>\n<p>Ha nevado esta semana, mucho fr\u00edo, esa mezcla  de hielo, barro y nieve que se instala  en las calles,  humedad en todas partes  y el fuego se convierte en un personaje principal de nuestra vida patag\u00f3nica. Hay d\u00edas que hago tres o cuatro fuegos en distintas estufas y no es solamente hacer los fuegos, sino despu\u00e9s tambi\u00e9n mantenerlos. Siempre pienso en los metros de le\u00f1a que cada familia usa con este combustible que es el mas com\u00fan en nuestro pa\u00eds.   \u00bfCu\u00e1ntos \u00e1rboles quemamos? \u00bfCu\u00e1ntos quedan? \u00bfCu\u00e1nta gente no tiene le\u00f1a?\u00bfC\u00f3mo se vive sin le\u00f1a? \u00bfC\u00f3mo lo hacen las personas que no tienen quien les pique un \u00abchoco\u00bb?<br \/>\nCuando la gente viene de otros lugares, mira con romanticismo como cocinamos en la cocina a le\u00f1a. Cuando lo usas a diario, a veces cansa  picar los palos, acarrearlos, alimentar el fuego y estar siempre pendiente de que no se apague, cuando se tiene le\u00f1a para hacerlo.<\/p>\n<p>Por eso este elemento es tan importante. En su precio, se basa mucha de nuestra econom\u00eda dom\u00e9stica. La le\u00f1a tiene que estar seca, porque h\u00fameda contamina mucho m\u00e1s y no calienta. Por eso los bonos de le\u00f1a son tan importantes hoy para nuestra comunidad y no es casual que la publicidad del gobierno haya sido con este elemento, tampoco es casualidad que ahora la intendenta salga por la radio diciendo \u00ablos quiero mucho\u00bb mientras publicita los bonos de le\u00f1a.<br \/>\n\u00a1Como si la violencia policial pudiera olvidarse! Yo todav\u00eda tengo una bomba lacrim\u00f3gena debajo del asiento del auto y mientras no haya responsables de esta violencia de Estado en Ays\u00e9n, seguir\u00e1 ah\u00ed.<\/p>\n<p>Volviendo a la cocina a le\u00f1a, me gusta mucho la plancha de la cocina, reluciente como la usan las mujeres en el campo, donde plancha, teteras y ollas brillan. Pueden haber muchos problemas en una familia, pero el brillo de la cocina es una manifestaci\u00f3n de atenci\u00f3n y amor.  Si, tambi\u00e9n podria verse como se\u00f1al de sometimiento femenino, pero la verdad es que yo nunca lo he sentido as\u00ed y menos en el campo en que la mujer orgullosa te invita a tomar un mate en una cocina-espacio-lugar  que  te acoge con tibieza.  (yo pienso en los no lugares de Marc Aug\u00e9 y me quedo gozando este si lugar remoto y patrimonial).<\/p>\n<p>En la Patagonia \u00abEl que se apura pierde el tiempo\u00bb y la vida trasncurre al ritmo de la provincia especialmente en estos inviernos de d\u00edas cortos y mucho encierro.<br \/>\nRadio santa Mar\u00eda de Coyhaique entrega los resultados de la consulta ciudadana para elegir al candidato \u00fanico de oposici\u00f3n al municipio. No puede decirse que son primarias: Ha participado el Partido Comunista, ha habido mesas de escrutinio en Balmaceda y Ma\u00f1ihuales, es una diferencia.  Gana el candidato Alejandro Huala, Presidente  regional de los empleados municipales, cut,   socialista, integrante de la Mesa Social de Aysen. Su cadidatura se defini\u00f3 hace poco tiempo. Es un  candidato que ha manifestado su clara oposici\u00f3n a las represas, a favor de la gente y como parte del movimiento social ser\u00e1 un buen contrincante para el Alcalde actual que quiere ir a la reelecci\u00f3n. Este alcalde actual que dijo que estaba apoyando el Movimiento social, pero su municipio nos cortaba la luz de la plaza cuando ten\u00edamos movilizaciones y muchas otras situaciones que mejor no recordar.<\/p>\n<p>El Gobierno ha expresado a la Mesa Social que antes de seis meses el Consejo de  Ministros no se pronunciar\u00e1 respecto al proyecto Hidroays\u00e9n aprobado por la comisi\u00f3n regional el 9 de mayo del 2011. Tenemos pendiente todav\u00eda la situaci\u00f3n de R\u00edo Cuervo. Yo no me entusiasmo demasiado con la suspensi\u00f3n de Hidroays\u00e9n por parte de la empresa,  los opositores a las represas en la regi\u00f3n tenemos nuestras actividades, somos participantes de un gran movimiento y este espacio puede ser una gran oportunidad para fortalecernos.    Hay que estar siempre atentos, corren demasiados intereses de por medio. <\/p>\n<p>Muchas personas sienten que las declaraciones de Colb\u00fan son una forma de presionar al Gobierno. Tambi\u00e9n se habla de la judicializaci\u00f3n de la evaluaci\u00f3n de impacto ambiental, \u00bfno es obvio que si en la evaluaci\u00f3n no se consideran los derechos de las personas la justicia s\u00ed debe considerarlos? El fallo de R\u00edo Cuervo deja en evidencia esto. Todos los que conocemos el proceso de evaluaci\u00f3n sabemos que \u00e9ste es mucho m\u00e1s pol\u00edtico que t\u00e9cnico y lamentablemente la Ley no tiene mecanismos de control para la presi\u00f3n pol\u00edtica.<\/p>\n<p>La declaraci\u00f3n p\u00fablica de la mesa despu\u00e9s de su llegada desde Santiago, habla de \u00absensaciones encontradas\u00bb, \u00abdecepci\u00f3n\u00bb. Son varios temas los trabajados, pero lo que recibo es que se encontraron con subsecretarios que poco sab\u00edan del petitorio, agendas poco claras, plazos incumplidos.<\/p>\n<p>Lo que yo siento es que hay anuncios, pero que el trabajo del gobierno va muy lento. Como los habitantes de la regi\u00f3n ya no estamos movilizados en las calles, la presi\u00f3n disminuye, y eso hace que a nadie le quite el sue\u00f1o encontrar las soluciones que nuestra regi\u00f3n necesita. El desgaste, el cansancio, y la aparici\u00f3n de las eternas rivalidades entre unos y otros hace que se realicen convocatorias separadas, que en muchas reuniones  se critiquen  unas a otras, mientras la Mesa Social intenta seguir negociando, trabajando y comunicando sus peque\u00f1os logros y avances. \u00a1Tarea nunca f\u00e1cil!<br \/>\nEsta debilidad tiene varias salidas, lo claro es que de continuar esta lentitud, llegada la primavera, la patagonia volver\u00e1 a rugir.<\/p>\n<p>Saludos a todos,<br \/>\nMagdalena del sur<\/p>\n","protected":false},"excerpt":{"rendered":"<p>Querida familia, amig@s, compa\u00f1er@s:<br \/>\nHace mucho fr\u00edo esta ma\u00f1ana en Patagonia, varios grados bajo cero desde anoche, la capa gruesa de hielo, cubre todo.                 <\/p>\n<p>Muchas veces ustedes me preguntan como se expresa este aislamiento que vivimos.<\/p>\n","protected":false},"author":788,"featured_media":0,"comment_status":"closed","ping_status":"open","sticky":false,"template":"","format":"standard","meta":{"footnotes":""},"categories":[74,67],"tags":[],"class_list":["post-9359","post","type-post","status-publish","format-standard","hentry","category-politica-es","category-sudamerica"],"yoast_head":"<!-- This site is optimized with the Yoast SEO plugin v27.1.1 - https:\/\/yoast.com\/product\/yoast-seo-wordpress\/ -->\n<title>Suspensi\u00f3n del proyecto Hidroays\u00e9n, nuestras dudas y otros temas<\/title>\n<meta name=\"description\" content=\"Querida familia, amig@s, compa\u00f1er@s:          Hace mucho fr\u00edo esta ma\u00f1ana en Patagonia, varios grados bajo cero desde anoche, la capa gruesa de hielo, cubre todo.                                         Muchas veces ustedes me preguntan como se expresa este aislamiento que vivimos.\" \/>\n<meta name=\"robots\" content=\"index, follow, max-snippet:-1, max-image-preview:large, max-video-preview:-1\" \/>\n<link rel=\"canonical\" href=\"https:\/\/www.pressenza.com\/es\/2012\/06\/suspension-del-proyecto-hidroaysenx-nuestras-dudas-y-otros-temas\/\" \/>\n<meta property=\"og:locale\" content=\"es_ES\" \/>\n<meta property=\"og:type\" content=\"article\" \/>\n<meta property=\"og:title\" content=\"Suspensi\u00f3n del proyecto Hidroays\u00e9n, nuestras dudas y otros temas\" \/>\n<meta property=\"og:description\" content=\"Querida familia, amig@s, compa\u00f1er@s:          Hace mucho fr\u00edo esta ma\u00f1ana en Patagonia, varios grados bajo cero desde anoche, la capa gruesa de hielo, cubre todo.                                         Muchas veces ustedes me preguntan como se expresa este aislamiento que vivimos.\" \/>\n<meta property=\"og:url\" content=\"https:\/\/www.pressenza.com\/es\/2012\/06\/suspension-del-proyecto-hidroaysenx-nuestras-dudas-y-otros-temas\/\" \/>\n<meta property=\"og:site_name\" content=\"Pressenza\" \/>\n<meta property=\"article:publisher\" content=\"https:\/\/www.facebook.com\/PressenzaItalia\" \/>\n<meta property=\"article:published_time\" content=\"2012-06-04T00:00:00+00:00\" \/>\n<meta property=\"article:modified_time\" content=\"2012-06-04T09:10:05+00:00\" \/>\n<meta name=\"author\" content=\"Magdalena Rosas Ossa\" \/>\n<meta name=\"twitter:card\" content=\"summary_large_image\" \/>\n<meta name=\"twitter:creator\" content=\"@PressenzaIPA\" \/>\n<meta name=\"twitter:site\" content=\"@PressenzaIPA\" \/>\n<meta name=\"twitter:label1\" content=\"Escrito por\" \/>\n\t<meta name=\"twitter:data1\" content=\"Magdalena  Rosas Ossa\" \/>\n\t<meta name=\"twitter:label2\" content=\"Tiempo de lectura\" \/>\n\t<meta name=\"twitter:data2\" content=\"5 minutos\" \/>\n<script type=\"application\/ld+json\" class=\"yoast-schema-graph\">{\"@context\":\"https:\/\/schema.org\",\"@graph\":[{\"@type\":\"Article\",\"@id\":\"https:\/\/www.pressenza.com\/es\/2012\/06\/suspension-del-proyecto-hidroaysenx-nuestras-dudas-y-otros-temas\/#article\",\"isPartOf\":{\"@id\":\"https:\/\/www.pressenza.com\/es\/2012\/06\/suspension-del-proyecto-hidroaysenx-nuestras-dudas-y-otros-temas\/\"},\"author\":{\"name\":\"Magdalena Rosas Ossa\",\"@id\":\"https:\/\/www.pressenza.com\/es\/#\/schema\/person\/6b4afd6e482fcd187973f7d825c0690f\"},\"headline\":\"Suspensi\u00f3n del proyecto Hidroays\u00e9n, nuestras dudas y otros temas\",\"datePublished\":\"2012-06-04T00:00:00+00:00\",\"dateModified\":\"2012-06-04T09:10:05+00:00\",\"mainEntityOfPage\":{\"@id\":\"https:\/\/www.pressenza.com\/es\/2012\/06\/suspension-del-proyecto-hidroaysenx-nuestras-dudas-y-otros-temas\/\"},\"wordCount\":1071,\"publisher\":{\"@id\":\"https:\/\/www.pressenza.com\/es\/#organization\"},\"articleSection\":[\"Pol\u00edtica\",\"Sudam\u00e9rica\"],\"inLanguage\":\"es\"},{\"@type\":\"WebPage\",\"@id\":\"https:\/\/www.pressenza.com\/es\/2012\/06\/suspension-del-proyecto-hidroaysenx-nuestras-dudas-y-otros-temas\/\",\"url\":\"https:\/\/www.pressenza.com\/es\/2012\/06\/suspension-del-proyecto-hidroaysenx-nuestras-dudas-y-otros-temas\/\",\"name\":\"Suspensi\u00f3n del proyecto Hidroays\u00e9n, nuestras dudas y otros temas\",\"isPartOf\":{\"@id\":\"https:\/\/www.pressenza.com\/es\/#website\"},\"datePublished\":\"2012-06-04T00:00:00+00:00\",\"dateModified\":\"2012-06-04T09:10:05+00:00\",\"description\":\"Querida familia, amig@s, compa\u00f1er@s: Hace mucho fr\u00edo esta ma\u00f1ana en Patagonia, varios grados bajo cero desde anoche, la capa gruesa de hielo, cubre todo. Muchas veces ustedes me preguntan como se expresa este aislamiento que vivimos.\",\"breadcrumb\":{\"@id\":\"https:\/\/www.pressenza.com\/es\/2012\/06\/suspension-del-proyecto-hidroaysenx-nuestras-dudas-y-otros-temas\/#breadcrumb\"},\"inLanguage\":\"es\",\"potentialAction\":[{\"@type\":\"ReadAction\",\"target\":[\"https:\/\/www.pressenza.com\/es\/2012\/06\/suspension-del-proyecto-hidroaysenx-nuestras-dudas-y-otros-temas\/\"]}]},{\"@type\":\"BreadcrumbList\",\"@id\":\"https:\/\/www.pressenza.com\/es\/2012\/06\/suspension-del-proyecto-hidroaysenx-nuestras-dudas-y-otros-temas\/#breadcrumb\",\"itemListElement\":[{\"@type\":\"ListItem\",\"position\":1,\"name\":\"Accueil\",\"item\":\"https:\/\/www.pressenza.com\/es\/\"},{\"@type\":\"ListItem\",\"position\":2,\"name\":\"Suspensi\u00f3n del proyecto Hidroays\u00e9n, nuestras dudas y otros temas\"}]},{\"@type\":\"WebSite\",\"@id\":\"https:\/\/www.pressenza.com\/es\/#website\",\"url\":\"https:\/\/www.pressenza.com\/es\/\",\"name\":\"Pressenza\",\"description\":\"International Press Agency\",\"publisher\":{\"@id\":\"https:\/\/www.pressenza.com\/es\/#organization\"},\"potentialAction\":[{\"@type\":\"SearchAction\",\"target\":{\"@type\":\"EntryPoint\",\"urlTemplate\":\"https:\/\/www.pressenza.com\/es\/?s={search_term_string}\"},\"query-input\":{\"@type\":\"PropertyValueSpecification\",\"valueRequired\":true,\"valueName\":\"search_term_string\"}}],\"inLanguage\":\"es\"},{\"@type\":\"Organization\",\"@id\":\"https:\/\/www.pressenza.com\/es\/#organization\",\"name\":\"Pressenza\",\"url\":\"https:\/\/www.pressenza.com\/es\/\",\"logo\":{\"@type\":\"ImageObject\",\"inLanguage\":\"es\",\"@id\":\"https:\/\/www.pressenza.com\/es\/#\/schema\/logo\/image\/\",\"url\":\"https:\/\/www.pressenza.com\/wp-content\/uploads\/2022\/10\/pressenza_logo_200x200.jpg\",\"contentUrl\":\"https:\/\/www.pressenza.com\/wp-content\/uploads\/2022\/10\/pressenza_logo_200x200.jpg\",\"width\":200,\"height\":200,\"caption\":\"Pressenza\"},\"image\":{\"@id\":\"https:\/\/www.pressenza.com\/es\/#\/schema\/logo\/image\/\"},\"sameAs\":[\"https:\/\/www.facebook.com\/PressenzaItalia\",\"https:\/\/x.com\/PressenzaIPA\"]},{\"@type\":\"Person\",\"@id\":\"https:\/\/www.pressenza.com\/es\/#\/schema\/person\/6b4afd6e482fcd187973f7d825c0690f\",\"name\":\"Magdalena Rosas Ossa\",\"url\":\"https:\/\/www.pressenza.com\/es\/author\/magdalena-rosas-ossa\/\"}]}<\/script>\n<!-- \/ Yoast SEO plugin. -->","yoast_head_json":{"title":"Suspensi\u00f3n del proyecto Hidroays\u00e9n, nuestras dudas y otros temas","description":"Querida familia, amig@s, compa\u00f1er@s:          Hace mucho fr\u00edo esta ma\u00f1ana en Patagonia, varios grados bajo cero desde anoche, la capa gruesa de hielo, cubre todo.                                         Muchas veces ustedes me preguntan como se expresa este aislamiento que vivimos.","robots":{"index":"index","follow":"follow","max-snippet":"max-snippet:-1","max-image-preview":"max-image-preview:large","max-video-preview":"max-video-preview:-1"},"canonical":"https:\/\/www.pressenza.com\/es\/2012\/06\/suspension-del-proyecto-hidroaysenx-nuestras-dudas-y-otros-temas\/","og_locale":"es_ES","og_type":"article","og_title":"Suspensi\u00f3n del proyecto Hidroays\u00e9n, nuestras dudas y otros temas","og_description":"Querida familia, amig@s, compa\u00f1er@s:          Hace mucho fr\u00edo esta ma\u00f1ana en Patagonia, varios grados bajo cero desde anoche, la capa gruesa de hielo, cubre todo.                                         Muchas veces ustedes me preguntan como se expresa este aislamiento que vivimos.","og_url":"https:\/\/www.pressenza.com\/es\/2012\/06\/suspension-del-proyecto-hidroaysenx-nuestras-dudas-y-otros-temas\/","og_site_name":"Pressenza","article_publisher":"https:\/\/www.facebook.com\/PressenzaItalia","article_published_time":"2012-06-04T00:00:00+00:00","article_modified_time":"2012-06-04T09:10:05+00:00","author":"Magdalena Rosas Ossa","twitter_card":"summary_large_image","twitter_creator":"@PressenzaIPA","twitter_site":"@PressenzaIPA","twitter_misc":{"Escrito por":"Magdalena  Rosas Ossa","Tiempo de lectura":"5 minutos"},"schema":{"@context":"https:\/\/schema.org","@graph":[{"@type":"Article","@id":"https:\/\/www.pressenza.com\/es\/2012\/06\/suspension-del-proyecto-hidroaysenx-nuestras-dudas-y-otros-temas\/#article","isPartOf":{"@id":"https:\/\/www.pressenza.com\/es\/2012\/06\/suspension-del-proyecto-hidroaysenx-nuestras-dudas-y-otros-temas\/"},"author":{"name":"Magdalena Rosas Ossa","@id":"https:\/\/www.pressenza.com\/es\/#\/schema\/person\/6b4afd6e482fcd187973f7d825c0690f"},"headline":"Suspensi\u00f3n del proyecto Hidroays\u00e9n, nuestras dudas y otros temas","datePublished":"2012-06-04T00:00:00+00:00","dateModified":"2012-06-04T09:10:05+00:00","mainEntityOfPage":{"@id":"https:\/\/www.pressenza.com\/es\/2012\/06\/suspension-del-proyecto-hidroaysenx-nuestras-dudas-y-otros-temas\/"},"wordCount":1071,"publisher":{"@id":"https:\/\/www.pressenza.com\/es\/#organization"},"articleSection":["Pol\u00edtica","Sudam\u00e9rica"],"inLanguage":"es"},{"@type":"WebPage","@id":"https:\/\/www.pressenza.com\/es\/2012\/06\/suspension-del-proyecto-hidroaysenx-nuestras-dudas-y-otros-temas\/","url":"https:\/\/www.pressenza.com\/es\/2012\/06\/suspension-del-proyecto-hidroaysenx-nuestras-dudas-y-otros-temas\/","name":"Suspensi\u00f3n del proyecto Hidroays\u00e9n, nuestras dudas y otros temas","isPartOf":{"@id":"https:\/\/www.pressenza.com\/es\/#website"},"datePublished":"2012-06-04T00:00:00+00:00","dateModified":"2012-06-04T09:10:05+00:00","description":"Querida familia, amig@s, compa\u00f1er@s: Hace mucho fr\u00edo esta ma\u00f1ana en Patagonia, varios grados bajo cero desde anoche, la capa gruesa de hielo, cubre todo. Muchas veces ustedes me preguntan como se expresa este aislamiento que vivimos.","breadcrumb":{"@id":"https:\/\/www.pressenza.com\/es\/2012\/06\/suspension-del-proyecto-hidroaysenx-nuestras-dudas-y-otros-temas\/#breadcrumb"},"inLanguage":"es","potentialAction":[{"@type":"ReadAction","target":["https:\/\/www.pressenza.com\/es\/2012\/06\/suspension-del-proyecto-hidroaysenx-nuestras-dudas-y-otros-temas\/"]}]},{"@type":"BreadcrumbList","@id":"https:\/\/www.pressenza.com\/es\/2012\/06\/suspension-del-proyecto-hidroaysenx-nuestras-dudas-y-otros-temas\/#breadcrumb","itemListElement":[{"@type":"ListItem","position":1,"name":"Accueil","item":"https:\/\/www.pressenza.com\/es\/"},{"@type":"ListItem","position":2,"name":"Suspensi\u00f3n del proyecto Hidroays\u00e9n, nuestras dudas y otros temas"}]},{"@type":"WebSite","@id":"https:\/\/www.pressenza.com\/es\/#website","url":"https:\/\/www.pressenza.com\/es\/","name":"Pressenza","description":"International Press Agency","publisher":{"@id":"https:\/\/www.pressenza.com\/es\/#organization"},"potentialAction":[{"@type":"SearchAction","target":{"@type":"EntryPoint","urlTemplate":"https:\/\/www.pressenza.com\/es\/?s={search_term_string}"},"query-input":{"@type":"PropertyValueSpecification","valueRequired":true,"valueName":"search_term_string"}}],"inLanguage":"es"},{"@type":"Organization","@id":"https:\/\/www.pressenza.com\/es\/#organization","name":"Pressenza","url":"https:\/\/www.pressenza.com\/es\/","logo":{"@type":"ImageObject","inLanguage":"es","@id":"https:\/\/www.pressenza.com\/es\/#\/schema\/logo\/image\/","url":"https:\/\/www.pressenza.com\/wp-content\/uploads\/2022\/10\/pressenza_logo_200x200.jpg","contentUrl":"https:\/\/www.pressenza.com\/wp-content\/uploads\/2022\/10\/pressenza_logo_200x200.jpg","width":200,"height":200,"caption":"Pressenza"},"image":{"@id":"https:\/\/www.pressenza.com\/es\/#\/schema\/logo\/image\/"},"sameAs":["https:\/\/www.facebook.com\/PressenzaItalia","https:\/\/x.com\/PressenzaIPA"]},{"@type":"Person","@id":"https:\/\/www.pressenza.com\/es\/#\/schema\/person\/6b4afd6e482fcd187973f7d825c0690f","name":"Magdalena Rosas Ossa","url":"https:\/\/www.pressenza.com\/es\/author\/magdalena-rosas-ossa\/"}]}},"place":"Coihayque","original_article_url":"","_links":{"self":[{"href":"https:\/\/www.pressenza.com\/es\/wp-json\/wp\/v2\/posts\/9359","targetHints":{"allow":["GET"]}}],"collection":[{"href":"https:\/\/www.pressenza.com\/es\/wp-json\/wp\/v2\/posts"}],"about":[{"href":"https:\/\/www.pressenza.com\/es\/wp-json\/wp\/v2\/types\/post"}],"author":[{"embeddable":true,"href":"https:\/\/www.pressenza.com\/es\/wp-json\/wp\/v2\/users\/788"}],"replies":[{"embeddable":true,"href":"https:\/\/www.pressenza.com\/es\/wp-json\/wp\/v2\/comments?post=9359"}],"version-history":[{"count":0,"href":"https:\/\/www.pressenza.com\/es\/wp-json\/wp\/v2\/posts\/9359\/revisions"}],"wp:attachment":[{"href":"https:\/\/www.pressenza.com\/es\/wp-json\/wp\/v2\/media?parent=9359"}],"wp:term":[{"taxonomy":"category","embeddable":true,"href":"https:\/\/www.pressenza.com\/es\/wp-json\/wp\/v2\/categories?post=9359"},{"taxonomy":"post_tag","embeddable":true,"href":"https:\/\/www.pressenza.com\/es\/wp-json\/wp\/v2\/tags?post=9359"}],"curies":[{"name":"wp","href":"https:\/\/api.w.org\/{rel}","templated":true}]}}