{"id":935014,"date":"2019-10-05T03:56:04","date_gmt":"2019-10-05T02:56:04","guid":{"rendered":"https:\/\/www.pressenza.com\/?p=935014"},"modified":"2019-10-05T03:56:04","modified_gmt":"2019-10-05T02:56:04","slug":"paro-nacional-el-grito-del-pueblo-a-las-calles","status":"publish","type":"post","link":"https:\/\/www.pressenza.com\/es\/2019\/10\/paro-nacional-el-grito-del-pueblo-a-las-calles\/","title":{"rendered":"Paro Nacional: El grito del pueblo a las calles"},"content":{"rendered":"<p data-selectable-paragraph=\"\"><em>Por Fluxus Foto<\/em><\/p>\n<p id=\"07db\" class=\"kt ku ck ar kv b kw kx ky kz la lb lc ld le lf lg\" data-selectable-paragraph=\"\">Tras el anuncio oficial de las nuevas medidas econ\u00f3micas, principalmente la liberaci\u00f3n del subsidio a los precios de la gasolina extra y al diesel, el gremio de transportistas a nivel nacional decidi\u00f3 convocar a una paralizaci\u00f3n de sus actividades, dejando sin transporte p\u00fablico a la mayor parte del territorio nacional.<\/p>\n<p id=\"bc7c\" class=\"kt ku ck ar kv b kw kx ky kz la lb lc ld le lf lg\" data-selectable-paragraph=\"\">Ayer, jueves 3 de octubre, desde la madrugada se observaron bloqueos en las v\u00edas, llantas ardiendo y grupos de conductores que reclamaban la derogatoria inmediata de la medida econ\u00f3mica impuesta por el gobierno. Durante el transcurso del d\u00eda, los y las manifestantes se fueron sumando a estas protestas para marchar al palacio de Carondelet y rechazar las pol\u00edticas econ\u00f3micas favorables al FMI. Principalmente estudiantes de la Universidad central, se convocaron en el centro de la capital para iniciar una marcha hasta el Palacio de Gobierno.<\/p>\n<p data-selectable-paragraph=\"\"><img loading=\"lazy\" decoding=\"async\" class=\"aligncenter size-large wp-image-935047\" src=\"https:\/\/www.pressenza.com\/wp-content\/uploads\/2019\/10\/Fluxus-01-720x476.png\" alt=\"\" width=\"720\" height=\"476\" srcset=\"https:\/\/www.pressenza.com\/wp-content\/uploads\/2019\/10\/Fluxus-01-720x476.png 720w, https:\/\/www.pressenza.com\/wp-content\/uploads\/2019\/10\/Fluxus-01-300x198.png 300w, https:\/\/www.pressenza.com\/wp-content\/uploads\/2019\/10\/Fluxus-01-768x507.png 768w, https:\/\/www.pressenza.com\/wp-content\/uploads\/2019\/10\/Fluxus-01.png 2046w\" sizes=\"auto, (max-width: 720px) 100vw, 720px\" \/><\/p>\n<p data-selectable-paragraph=\"\"><img loading=\"lazy\" decoding=\"async\" class=\"aligncenter size-large wp-image-935056\" src=\"https:\/\/www.pressenza.com\/wp-content\/uploads\/2019\/10\/Fluxus-02-720x481.png\" alt=\"\" width=\"720\" height=\"481\" srcset=\"https:\/\/www.pressenza.com\/wp-content\/uploads\/2019\/10\/Fluxus-02-720x481.png 720w, https:\/\/www.pressenza.com\/wp-content\/uploads\/2019\/10\/Fluxus-02-300x200.png 300w, https:\/\/www.pressenza.com\/wp-content\/uploads\/2019\/10\/Fluxus-02-768x513.png 768w, https:\/\/www.pressenza.com\/wp-content\/uploads\/2019\/10\/Fluxus-02.png 2040w\" sizes=\"auto, (max-width: 720px) 100vw, 720px\" \/><\/p>\n<p data-selectable-paragraph=\"\"><img loading=\"lazy\" decoding=\"async\" class=\"aligncenter size-large wp-image-935065\" src=\"https:\/\/www.pressenza.com\/wp-content\/uploads\/2019\/10\/Fluxus-03-720x479.png\" alt=\"\" width=\"720\" height=\"479\" srcset=\"https:\/\/www.pressenza.com\/wp-content\/uploads\/2019\/10\/Fluxus-03-720x479.png 720w, https:\/\/www.pressenza.com\/wp-content\/uploads\/2019\/10\/Fluxus-03-300x200.png 300w, https:\/\/www.pressenza.com\/wp-content\/uploads\/2019\/10\/Fluxus-03-768x511.png 768w, https:\/\/www.pressenza.com\/wp-content\/uploads\/2019\/10\/Fluxus-03.png 2048w\" sizes=\"auto, (max-width: 720px) 100vw, 720px\" \/><\/p>\n<p data-selectable-paragraph=\"\">En respuesta a estas protestas, el gobierno desplaz\u00f3 al contingente policial para restablecer el orden y contener los disturbios. El abuso de la fuerza policial y la represi\u00f3n con actos violentos hacia los manifestantes se extendieron a la prensa, espec\u00edficamente a colegas fotoperiodistas que estaban en el ejercicio de su oficio.<\/p>\n<p data-selectable-paragraph=\"\"><img loading=\"lazy\" decoding=\"async\" class=\"aligncenter size-large wp-image-935074\" src=\"https:\/\/www.pressenza.com\/wp-content\/uploads\/2019\/10\/Fluxus-04-720x479.png\" alt=\"\" width=\"720\" height=\"479\" srcset=\"https:\/\/www.pressenza.com\/wp-content\/uploads\/2019\/10\/Fluxus-04-720x479.png 720w, https:\/\/www.pressenza.com\/wp-content\/uploads\/2019\/10\/Fluxus-04-300x200.png 300w, https:\/\/www.pressenza.com\/wp-content\/uploads\/2019\/10\/Fluxus-04-768x511.png 768w, https:\/\/www.pressenza.com\/wp-content\/uploads\/2019\/10\/Fluxus-04.png 2042w\" sizes=\"auto, (max-width: 720px) 100vw, 720px\" \/><\/p>\n<p data-selectable-paragraph=\"\"><img loading=\"lazy\" decoding=\"async\" class=\"aligncenter size-large wp-image-935083\" src=\"https:\/\/www.pressenza.com\/wp-content\/uploads\/2019\/10\/Fluxus-05-720x240.png\" alt=\"\" width=\"720\" height=\"240\" srcset=\"https:\/\/www.pressenza.com\/wp-content\/uploads\/2019\/10\/Fluxus-05-720x240.png 720w, https:\/\/www.pressenza.com\/wp-content\/uploads\/2019\/10\/Fluxus-05-300x100.png 300w, https:\/\/www.pressenza.com\/wp-content\/uploads\/2019\/10\/Fluxus-05-768x257.png 768w, https:\/\/www.pressenza.com\/wp-content\/uploads\/2019\/10\/Fluxus-05.png 2048w\" sizes=\"auto, (max-width: 720px) 100vw, 720px\" \/><\/p>\n<p data-selectable-paragraph=\"\"><img loading=\"lazy\" decoding=\"async\" class=\"aligncenter size-large wp-image-935092\" src=\"https:\/\/www.pressenza.com\/wp-content\/uploads\/2019\/10\/Fluxus-06-720x478.png\" alt=\"\" width=\"720\" height=\"478\" srcset=\"https:\/\/www.pressenza.com\/wp-content\/uploads\/2019\/10\/Fluxus-06-720x478.png 720w, https:\/\/www.pressenza.com\/wp-content\/uploads\/2019\/10\/Fluxus-06-300x199.png 300w, https:\/\/www.pressenza.com\/wp-content\/uploads\/2019\/10\/Fluxus-06-768x510.png 768w, https:\/\/www.pressenza.com\/wp-content\/uploads\/2019\/10\/Fluxus-06.png 2046w\" sizes=\"auto, (max-width: 720px) 100vw, 720px\" \/><\/p>\n<div class=\"cz ju af dm di dj\">\n<p id=\"e6c8\" class=\"kt ku ck ar kv b kw kx ky kz la lb lc ld le lf lg\" data-selectable-paragraph=\"\">Para la tarde el presidente Lenin Moreno, decret\u00f3 el estado de excepci\u00f3n con un plazo de 60 d\u00edas, sosteniendo que no habr\u00e1 marcha atr\u00e1s con los decretos realizados. As\u00ed, durante todo el d\u00eda, los enfrentamientos entre ciudadanos y la polic\u00eda se fueron intensificando, dejando un n\u00famero considerable de detenidos y heridos.<\/p>\n<\/div>\n<p data-selectable-paragraph=\"\"><img loading=\"lazy\" decoding=\"async\" class=\"aligncenter size-large wp-image-935128\" src=\"https:\/\/www.pressenza.com\/wp-content\/uploads\/2019\/10\/Fluxus-07-720x474.png\" alt=\"\" width=\"720\" height=\"474\" srcset=\"https:\/\/www.pressenza.com\/wp-content\/uploads\/2019\/10\/Fluxus-07-720x474.png 720w, https:\/\/www.pressenza.com\/wp-content\/uploads\/2019\/10\/Fluxus-07-300x198.png 300w, https:\/\/www.pressenza.com\/wp-content\/uploads\/2019\/10\/Fluxus-07-768x506.png 768w, https:\/\/www.pressenza.com\/wp-content\/uploads\/2019\/10\/Fluxus-07.png 2048w\" sizes=\"auto, (max-width: 720px) 100vw, 720px\" \/><\/p>\n<p data-selectable-paragraph=\"\"><img loading=\"lazy\" decoding=\"async\" class=\"aligncenter size-large wp-image-935119\" src=\"https:\/\/www.pressenza.com\/wp-content\/uploads\/2019\/10\/Fluxus-08-720x483.png\" alt=\"\" width=\"720\" height=\"483\" srcset=\"https:\/\/www.pressenza.com\/wp-content\/uploads\/2019\/10\/Fluxus-08-720x483.png 720w, https:\/\/www.pressenza.com\/wp-content\/uploads\/2019\/10\/Fluxus-08-300x201.png 300w, https:\/\/www.pressenza.com\/wp-content\/uploads\/2019\/10\/Fluxus-08-768x515.png 768w, https:\/\/www.pressenza.com\/wp-content\/uploads\/2019\/10\/Fluxus-08.png 1342w\" sizes=\"auto, (max-width: 720px) 100vw, 720px\" \/><\/p>\n<div class=\"cz ju af dm di dj\">\n<p data-selectable-paragraph=\"\"><img loading=\"lazy\" decoding=\"async\" class=\"aligncenter size-large wp-image-935110\" src=\"https:\/\/www.pressenza.com\/wp-content\/uploads\/2019\/10\/Fluxus-09-720x423.png\" alt=\"\" width=\"720\" height=\"423\" srcset=\"https:\/\/www.pressenza.com\/wp-content\/uploads\/2019\/10\/Fluxus-09-720x423.png 720w, https:\/\/www.pressenza.com\/wp-content\/uploads\/2019\/10\/Fluxus-09-300x176.png 300w, https:\/\/www.pressenza.com\/wp-content\/uploads\/2019\/10\/Fluxus-09-768x451.png 768w, https:\/\/www.pressenza.com\/wp-content\/uploads\/2019\/10\/Fluxus-09.png 2048w\" sizes=\"auto, (max-width: 720px) 100vw, 720px\" \/><\/p>\n<p data-selectable-paragraph=\"\"><img loading=\"lazy\" decoding=\"async\" class=\"aligncenter size-large wp-image-935101\" src=\"https:\/\/www.pressenza.com\/wp-content\/uploads\/2019\/10\/Fluxus-11-720x472.png\" alt=\"\" width=\"720\" height=\"472\" srcset=\"https:\/\/www.pressenza.com\/wp-content\/uploads\/2019\/10\/Fluxus-11-720x472.png 720w, https:\/\/www.pressenza.com\/wp-content\/uploads\/2019\/10\/Fluxus-11-300x197.png 300w, https:\/\/www.pressenza.com\/wp-content\/uploads\/2019\/10\/Fluxus-11-768x503.png 768w, https:\/\/www.pressenza.com\/wp-content\/uploads\/2019\/10\/Fluxus-11.png 2048w\" sizes=\"auto, (max-width: 720px) 100vw, 720px\" \/><\/p>\n<p id=\"3e80\" class=\"kt ku ck ar kv b kw kx ky kz la lb lc ld le lf lg\" data-selectable-paragraph=\"\">Los que estamos en las calles somos gente que la vive y la lucha d\u00eda a d\u00eda. Toda la gente que se ha volcado a las calles son trabajadores, padres y madres, estudiantes y j\u00f3venes se han cansado del autoritarismo y cinismo de este gobierno, que ha velado por todos los intereses menos los del pueblo ecuatoriano. Estas protestas son el c\u00famulo de la indignaci\u00f3n contenida en un aliento suspendido que se ha sostenido por m\u00e1s de 10 a\u00f1os, y fue ayer que finalmente ha estallado para exigir una pol\u00edtica digna con el pa\u00eds.<\/p>\n<\/div>\n<p data-selectable-paragraph=\"\"><img loading=\"lazy\" decoding=\"async\" class=\"aligncenter size-large wp-image-935146\" src=\"https:\/\/www.pressenza.com\/wp-content\/uploads\/2019\/10\/Fluxus-10-720x386.png\" alt=\"\" width=\"720\" height=\"386\" srcset=\"https:\/\/www.pressenza.com\/wp-content\/uploads\/2019\/10\/Fluxus-10-720x386.png 720w, https:\/\/www.pressenza.com\/wp-content\/uploads\/2019\/10\/Fluxus-10-300x161.png 300w, https:\/\/www.pressenza.com\/wp-content\/uploads\/2019\/10\/Fluxus-10-768x412.png 768w, https:\/\/www.pressenza.com\/wp-content\/uploads\/2019\/10\/Fluxus-10.png 2048w\" sizes=\"auto, (max-width: 720px) 100vw, 720px\" \/><\/p>\n<p data-selectable-paragraph=\"\">\n<p data-selectable-paragraph=\"\">Puedes encontrar el reportaje completo en:<\/p>\n<p data-selectable-paragraph=\"\">https:\/\/medium.com\/@fotofluxus\/paro-nacional-l-grito-del-pueblo-a-las-calles-449589e0d084<\/p>\n<p data-selectable-paragraph=\"\">\n<div class=\"ek\">\n<div class=\"v w\">\n<div class=\"lh li lj lk ll lm ab ln ac lo af\">\n<div class=\"lq lr ls lt lu v ma\">\n<figure class=\"jh ek mb cf lw lv mc paragraph-image\">\n<div class=\"ji jj bl jk af\">\n<div class=\"jo l bl jp\">\n<div><\/div>\n<\/div>\n<\/div>\n<\/figure>\n<\/div>\n<\/div>\n<\/div>\n<\/div>\n<div class=\"ek\">\n<div class=\"v w\">\n<div class=\"lh li lj lk ll lm ab ln ac lo af\">\n<figure class=\"lq lr ls lt lu ek lv lw paragraph-image\">\n<div class=\"ji jj bl jk af\">\n<div class=\"dk dl lp\">\n<div class=\"jo l bl jp\">\n<div><\/div>\n<\/div>\n<\/div>\n<\/div>\n<\/figure>\n<\/div>\n<\/div>\n<\/div>\n","protected":false},"excerpt":{"rendered":"<p>Por Fluxus Foto Tras el anuncio oficial de las nuevas medidas econ\u00f3micas, principalmente la liberaci\u00f3n del subsidio a los precios de la gasolina extra y al diesel, el gremio de transportistas a nivel nacional decidi\u00f3 convocar a una paralizaci\u00f3n de&hellip;<\/p>\n","protected":false},"author":1011,"featured_media":935028,"comment_status":"closed","ping_status":"closed","sticky":false,"template":"","format":"standard","meta":{"footnotes":""},"categories":[76,75,79,1241,78,81,1230,5667,54515,39,46976,54574,1242,1243,74,67],"tags":[52271,61252],"class_list":["post-935014","post","type-post","status-publish","format-standard","has-post-thumbnail","hentry","category-relaciones-exteriores","category-cultura-es","category-derechos-humanos","category-diversidad","category-medio-ambiente-ecologia","category-economia-es","category-educacion-tema","category-foto-reportajes","category-genero-y-feminismos","category-internacional","category-jovenes","category-migrantes-es","category-noviolencia-tema","category-paz-desarme","category-politica-es","category-sudamerica","tag-fluxus-foto","tag-paro-nacional-ecuador"],"yoast_head":"<!-- This site is optimized with the Yoast SEO plugin v27.1.1 - https:\/\/yoast.com\/product\/yoast-seo-wordpress\/ -->\n<title>Paro Nacional: El grito del pueblo a las calles<\/title>\n<meta name=\"description\" content=\"Por Fluxus Foto Tras el anuncio oficial de las nuevas medidas econ\u00f3micas, principalmente la liberaci\u00f3n del subsidio a los precios de la gasolina extra y\" \/>\n<meta name=\"robots\" content=\"index, follow, max-snippet:-1, max-image-preview:large, max-video-preview:-1\" \/>\n<link rel=\"canonical\" href=\"https:\/\/www.pressenza.com\/es\/2019\/10\/paro-nacional-el-grito-del-pueblo-a-las-calles\/\" \/>\n<meta property=\"og:locale\" content=\"es_ES\" \/>\n<meta property=\"og:type\" content=\"article\" \/>\n<meta property=\"og:title\" content=\"Paro Nacional: El grito del pueblo a las calles\" \/>\n<meta property=\"og:description\" content=\"Por Fluxus Foto Tras el anuncio oficial de las nuevas medidas econ\u00f3micas, principalmente la liberaci\u00f3n del subsidio a los precios de la gasolina extra y\" \/>\n<meta property=\"og:url\" content=\"https:\/\/www.pressenza.com\/es\/2019\/10\/paro-nacional-el-grito-del-pueblo-a-las-calles\/\" \/>\n<meta property=\"og:site_name\" content=\"Pressenza\" \/>\n<meta property=\"article:publisher\" content=\"https:\/\/www.facebook.com\/PressenzaItalia\" \/>\n<meta property=\"article:published_time\" content=\"2019-10-05T02:56:04+00:00\" \/>\n<meta property=\"og:image\" content=\"https:\/\/www.pressenza.com\/wp-content\/uploads\/2019\/10\/Fluxus-00.jpg\" \/>\n\t<meta property=\"og:image:width\" content=\"1080\" \/>\n\t<meta property=\"og:image:height\" content=\"715\" \/>\n\t<meta property=\"og:image:type\" content=\"image\/jpeg\" \/>\n<meta name=\"author\" content=\"Redacci\u00f3n Ecuador\" \/>\n<meta name=\"twitter:card\" content=\"summary_large_image\" \/>\n<meta name=\"twitter:creator\" content=\"@PressenzaIPA\" \/>\n<meta name=\"twitter:site\" content=\"@PressenzaIPA\" \/>\n<meta name=\"twitter:label1\" content=\"Escrito por\" \/>\n\t<meta name=\"twitter:data1\" content=\"Redacci\u00f3n Ecuador\" \/>\n\t<meta name=\"twitter:label2\" content=\"Tiempo de lectura\" \/>\n\t<meta name=\"twitter:data2\" content=\"2 minutos\" \/>\n<script type=\"application\/ld+json\" class=\"yoast-schema-graph\">{\"@context\":\"https:\/\/schema.org\",\"@graph\":[{\"@type\":\"Article\",\"@id\":\"https:\/\/www.pressenza.com\/es\/2019\/10\/paro-nacional-el-grito-del-pueblo-a-las-calles\/#article\",\"isPartOf\":{\"@id\":\"https:\/\/www.pressenza.com\/es\/2019\/10\/paro-nacional-el-grito-del-pueblo-a-las-calles\/\"},\"author\":{\"name\":\"Redacci\u00f3n Ecuador\",\"@id\":\"https:\/\/www.pressenza.com\/es\/#\/schema\/person\/883a735c40665759bcc6fe0c26bcb46f\"},\"headline\":\"Paro Nacional: El grito del pueblo a las calles\",\"datePublished\":\"2019-10-05T02:56:04+00:00\",\"mainEntityOfPage\":{\"@id\":\"https:\/\/www.pressenza.com\/es\/2019\/10\/paro-nacional-el-grito-del-pueblo-a-las-calles\/\"},\"wordCount\":379,\"publisher\":{\"@id\":\"https:\/\/www.pressenza.com\/es\/#organization\"},\"image\":{\"@id\":\"https:\/\/www.pressenza.com\/es\/2019\/10\/paro-nacional-el-grito-del-pueblo-a-las-calles\/#primaryimage\"},\"thumbnailUrl\":\"https:\/\/www.pressenza.com\/wp-content\/uploads\/2019\/10\/Fluxus-00.jpg\",\"keywords\":[\"Fluxus Foto\",\"paro nacional Ecuador\"],\"articleSection\":[\"Asuntos internacionales\",\"Cultura y Medios\",\"Derechos Humanos\",\"Diversidad\",\"Ecolog\u00eda y Medio Ambiente\",\"Econom\u00eda\",\"Educaci\u00f3n\",\"Fotorreportajes\",\"G\u00e9nero y Feminismos\",\"Internacional\",\"J\u00f3venes\",\"Migrantes\",\"Noviolencia\",\"Paz y Desarme\",\"Pol\u00edtica\",\"Sudam\u00e9rica\"],\"inLanguage\":\"es\"},{\"@type\":\"WebPage\",\"@id\":\"https:\/\/www.pressenza.com\/es\/2019\/10\/paro-nacional-el-grito-del-pueblo-a-las-calles\/\",\"url\":\"https:\/\/www.pressenza.com\/es\/2019\/10\/paro-nacional-el-grito-del-pueblo-a-las-calles\/\",\"name\":\"Paro Nacional: El grito del pueblo a las calles\",\"isPartOf\":{\"@id\":\"https:\/\/www.pressenza.com\/es\/#website\"},\"primaryImageOfPage\":{\"@id\":\"https:\/\/www.pressenza.com\/es\/2019\/10\/paro-nacional-el-grito-del-pueblo-a-las-calles\/#primaryimage\"},\"image\":{\"@id\":\"https:\/\/www.pressenza.com\/es\/2019\/10\/paro-nacional-el-grito-del-pueblo-a-las-calles\/#primaryimage\"},\"thumbnailUrl\":\"https:\/\/www.pressenza.com\/wp-content\/uploads\/2019\/10\/Fluxus-00.jpg\",\"datePublished\":\"2019-10-05T02:56:04+00:00\",\"description\":\"Por Fluxus Foto Tras el anuncio oficial de las nuevas medidas econ\u00f3micas, principalmente la liberaci\u00f3n del subsidio a los precios de la gasolina extra y\",\"breadcrumb\":{\"@id\":\"https:\/\/www.pressenza.com\/es\/2019\/10\/paro-nacional-el-grito-del-pueblo-a-las-calles\/#breadcrumb\"},\"inLanguage\":\"es\",\"potentialAction\":[{\"@type\":\"ReadAction\",\"target\":[\"https:\/\/www.pressenza.com\/es\/2019\/10\/paro-nacional-el-grito-del-pueblo-a-las-calles\/\"]}]},{\"@type\":\"ImageObject\",\"inLanguage\":\"es\",\"@id\":\"https:\/\/www.pressenza.com\/es\/2019\/10\/paro-nacional-el-grito-del-pueblo-a-las-calles\/#primaryimage\",\"url\":\"https:\/\/www.pressenza.com\/wp-content\/uploads\/2019\/10\/Fluxus-00.jpg\",\"contentUrl\":\"https:\/\/www.pressenza.com\/wp-content\/uploads\/2019\/10\/Fluxus-00.jpg\",\"width\":1080,\"height\":715,\"caption\":\"Paro Nacional: El grito del pueblo a las calles\"},{\"@type\":\"BreadcrumbList\",\"@id\":\"https:\/\/www.pressenza.com\/es\/2019\/10\/paro-nacional-el-grito-del-pueblo-a-las-calles\/#breadcrumb\",\"itemListElement\":[{\"@type\":\"ListItem\",\"position\":1,\"name\":\"Accueil\",\"item\":\"https:\/\/www.pressenza.com\/es\/\"},{\"@type\":\"ListItem\",\"position\":2,\"name\":\"Paro Nacional: El grito del pueblo a las calles\"}]},{\"@type\":\"WebSite\",\"@id\":\"https:\/\/www.pressenza.com\/es\/#website\",\"url\":\"https:\/\/www.pressenza.com\/es\/\",\"name\":\"Pressenza\",\"description\":\"International Press Agency\",\"publisher\":{\"@id\":\"https:\/\/www.pressenza.com\/es\/#organization\"},\"potentialAction\":[{\"@type\":\"SearchAction\",\"target\":{\"@type\":\"EntryPoint\",\"urlTemplate\":\"https:\/\/www.pressenza.com\/es\/?s={search_term_string}\"},\"query-input\":{\"@type\":\"PropertyValueSpecification\",\"valueRequired\":true,\"valueName\":\"search_term_string\"}}],\"inLanguage\":\"es\"},{\"@type\":\"Organization\",\"@id\":\"https:\/\/www.pressenza.com\/es\/#organization\",\"name\":\"Pressenza\",\"url\":\"https:\/\/www.pressenza.com\/es\/\",\"logo\":{\"@type\":\"ImageObject\",\"inLanguage\":\"es\",\"@id\":\"https:\/\/www.pressenza.com\/es\/#\/schema\/logo\/image\/\",\"url\":\"https:\/\/www.pressenza.com\/wp-content\/uploads\/2022\/10\/pressenza_logo_200x200.jpg\",\"contentUrl\":\"https:\/\/www.pressenza.com\/wp-content\/uploads\/2022\/10\/pressenza_logo_200x200.jpg\",\"width\":200,\"height\":200,\"caption\":\"Pressenza\"},\"image\":{\"@id\":\"https:\/\/www.pressenza.com\/es\/#\/schema\/logo\/image\/\"},\"sameAs\":[\"https:\/\/www.facebook.com\/PressenzaItalia\",\"https:\/\/x.com\/PressenzaIPA\"]},{\"@type\":\"Person\",\"@id\":\"https:\/\/www.pressenza.com\/es\/#\/schema\/person\/883a735c40665759bcc6fe0c26bcb46f\",\"name\":\"Redacci\u00f3n Ecuador\",\"description\":\"News published by the Pressenza bureau in Quito, Ecuador\",\"url\":\"https:\/\/www.pressenza.com\/es\/author\/redaccion-ecuador\/\"}]}<\/script>\n<!-- \/ Yoast SEO plugin. -->","yoast_head_json":{"title":"Paro Nacional: El grito del pueblo a las calles","description":"Por Fluxus Foto Tras el anuncio oficial de las nuevas medidas econ\u00f3micas, principalmente la liberaci\u00f3n del subsidio a los precios de la gasolina extra y","robots":{"index":"index","follow":"follow","max-snippet":"max-snippet:-1","max-image-preview":"max-image-preview:large","max-video-preview":"max-video-preview:-1"},"canonical":"https:\/\/www.pressenza.com\/es\/2019\/10\/paro-nacional-el-grito-del-pueblo-a-las-calles\/","og_locale":"es_ES","og_type":"article","og_title":"Paro Nacional: El grito del pueblo a las calles","og_description":"Por Fluxus Foto Tras el anuncio oficial de las nuevas medidas econ\u00f3micas, principalmente la liberaci\u00f3n del subsidio a los precios de la gasolina extra y","og_url":"https:\/\/www.pressenza.com\/es\/2019\/10\/paro-nacional-el-grito-del-pueblo-a-las-calles\/","og_site_name":"Pressenza","article_publisher":"https:\/\/www.facebook.com\/PressenzaItalia","article_published_time":"2019-10-05T02:56:04+00:00","og_image":[{"width":1080,"height":715,"url":"https:\/\/www.pressenza.com\/wp-content\/uploads\/2019\/10\/Fluxus-00.jpg","type":"image\/jpeg"}],"author":"Redacci\u00f3n Ecuador","twitter_card":"summary_large_image","twitter_creator":"@PressenzaIPA","twitter_site":"@PressenzaIPA","twitter_misc":{"Escrito por":"Redacci\u00f3n Ecuador","Tiempo de lectura":"2 minutos"},"schema":{"@context":"https:\/\/schema.org","@graph":[{"@type":"Article","@id":"https:\/\/www.pressenza.com\/es\/2019\/10\/paro-nacional-el-grito-del-pueblo-a-las-calles\/#article","isPartOf":{"@id":"https:\/\/www.pressenza.com\/es\/2019\/10\/paro-nacional-el-grito-del-pueblo-a-las-calles\/"},"author":{"name":"Redacci\u00f3n Ecuador","@id":"https:\/\/www.pressenza.com\/es\/#\/schema\/person\/883a735c40665759bcc6fe0c26bcb46f"},"headline":"Paro Nacional: El grito del pueblo a las calles","datePublished":"2019-10-05T02:56:04+00:00","mainEntityOfPage":{"@id":"https:\/\/www.pressenza.com\/es\/2019\/10\/paro-nacional-el-grito-del-pueblo-a-las-calles\/"},"wordCount":379,"publisher":{"@id":"https:\/\/www.pressenza.com\/es\/#organization"},"image":{"@id":"https:\/\/www.pressenza.com\/es\/2019\/10\/paro-nacional-el-grito-del-pueblo-a-las-calles\/#primaryimage"},"thumbnailUrl":"https:\/\/www.pressenza.com\/wp-content\/uploads\/2019\/10\/Fluxus-00.jpg","keywords":["Fluxus Foto","paro nacional Ecuador"],"articleSection":["Asuntos internacionales","Cultura y Medios","Derechos Humanos","Diversidad","Ecolog\u00eda y Medio Ambiente","Econom\u00eda","Educaci\u00f3n","Fotorreportajes","G\u00e9nero y Feminismos","Internacional","J\u00f3venes","Migrantes","Noviolencia","Paz y Desarme","Pol\u00edtica","Sudam\u00e9rica"],"inLanguage":"es"},{"@type":"WebPage","@id":"https:\/\/www.pressenza.com\/es\/2019\/10\/paro-nacional-el-grito-del-pueblo-a-las-calles\/","url":"https:\/\/www.pressenza.com\/es\/2019\/10\/paro-nacional-el-grito-del-pueblo-a-las-calles\/","name":"Paro Nacional: El grito del pueblo a las calles","isPartOf":{"@id":"https:\/\/www.pressenza.com\/es\/#website"},"primaryImageOfPage":{"@id":"https:\/\/www.pressenza.com\/es\/2019\/10\/paro-nacional-el-grito-del-pueblo-a-las-calles\/#primaryimage"},"image":{"@id":"https:\/\/www.pressenza.com\/es\/2019\/10\/paro-nacional-el-grito-del-pueblo-a-las-calles\/#primaryimage"},"thumbnailUrl":"https:\/\/www.pressenza.com\/wp-content\/uploads\/2019\/10\/Fluxus-00.jpg","datePublished":"2019-10-05T02:56:04+00:00","description":"Por Fluxus Foto Tras el anuncio oficial de las nuevas medidas econ\u00f3micas, principalmente la liberaci\u00f3n del subsidio a los precios de la gasolina extra y","breadcrumb":{"@id":"https:\/\/www.pressenza.com\/es\/2019\/10\/paro-nacional-el-grito-del-pueblo-a-las-calles\/#breadcrumb"},"inLanguage":"es","potentialAction":[{"@type":"ReadAction","target":["https:\/\/www.pressenza.com\/es\/2019\/10\/paro-nacional-el-grito-del-pueblo-a-las-calles\/"]}]},{"@type":"ImageObject","inLanguage":"es","@id":"https:\/\/www.pressenza.com\/es\/2019\/10\/paro-nacional-el-grito-del-pueblo-a-las-calles\/#primaryimage","url":"https:\/\/www.pressenza.com\/wp-content\/uploads\/2019\/10\/Fluxus-00.jpg","contentUrl":"https:\/\/www.pressenza.com\/wp-content\/uploads\/2019\/10\/Fluxus-00.jpg","width":1080,"height":715,"caption":"Paro Nacional: El grito del pueblo a las calles"},{"@type":"BreadcrumbList","@id":"https:\/\/www.pressenza.com\/es\/2019\/10\/paro-nacional-el-grito-del-pueblo-a-las-calles\/#breadcrumb","itemListElement":[{"@type":"ListItem","position":1,"name":"Accueil","item":"https:\/\/www.pressenza.com\/es\/"},{"@type":"ListItem","position":2,"name":"Paro Nacional: El grito del pueblo a las calles"}]},{"@type":"WebSite","@id":"https:\/\/www.pressenza.com\/es\/#website","url":"https:\/\/www.pressenza.com\/es\/","name":"Pressenza","description":"International Press Agency","publisher":{"@id":"https:\/\/www.pressenza.com\/es\/#organization"},"potentialAction":[{"@type":"SearchAction","target":{"@type":"EntryPoint","urlTemplate":"https:\/\/www.pressenza.com\/es\/?s={search_term_string}"},"query-input":{"@type":"PropertyValueSpecification","valueRequired":true,"valueName":"search_term_string"}}],"inLanguage":"es"},{"@type":"Organization","@id":"https:\/\/www.pressenza.com\/es\/#organization","name":"Pressenza","url":"https:\/\/www.pressenza.com\/es\/","logo":{"@type":"ImageObject","inLanguage":"es","@id":"https:\/\/www.pressenza.com\/es\/#\/schema\/logo\/image\/","url":"https:\/\/www.pressenza.com\/wp-content\/uploads\/2022\/10\/pressenza_logo_200x200.jpg","contentUrl":"https:\/\/www.pressenza.com\/wp-content\/uploads\/2022\/10\/pressenza_logo_200x200.jpg","width":200,"height":200,"caption":"Pressenza"},"image":{"@id":"https:\/\/www.pressenza.com\/es\/#\/schema\/logo\/image\/"},"sameAs":["https:\/\/www.facebook.com\/PressenzaItalia","https:\/\/x.com\/PressenzaIPA"]},{"@type":"Person","@id":"https:\/\/www.pressenza.com\/es\/#\/schema\/person\/883a735c40665759bcc6fe0c26bcb46f","name":"Redacci\u00f3n Ecuador","description":"News published by the Pressenza bureau in Quito, Ecuador","url":"https:\/\/www.pressenza.com\/es\/author\/redaccion-ecuador\/"}]}},"place":"Quito, Ecuador","original_article_url":"https:\/\/medium.com\/@fotofluxus\/paro-nacional-l-grito-del-pueblo-a-las-calles-449589e0d084","_links":{"self":[{"href":"https:\/\/www.pressenza.com\/es\/wp-json\/wp\/v2\/posts\/935014","targetHints":{"allow":["GET"]}}],"collection":[{"href":"https:\/\/www.pressenza.com\/es\/wp-json\/wp\/v2\/posts"}],"about":[{"href":"https:\/\/www.pressenza.com\/es\/wp-json\/wp\/v2\/types\/post"}],"author":[{"embeddable":true,"href":"https:\/\/www.pressenza.com\/es\/wp-json\/wp\/v2\/users\/1011"}],"replies":[{"embeddable":true,"href":"https:\/\/www.pressenza.com\/es\/wp-json\/wp\/v2\/comments?post=935014"}],"version-history":[{"count":0,"href":"https:\/\/www.pressenza.com\/es\/wp-json\/wp\/v2\/posts\/935014\/revisions"}],"wp:featuredmedia":[{"embeddable":true,"href":"https:\/\/www.pressenza.com\/es\/wp-json\/wp\/v2\/media\/935028"}],"wp:attachment":[{"href":"https:\/\/www.pressenza.com\/es\/wp-json\/wp\/v2\/media?parent=935014"}],"wp:term":[{"taxonomy":"category","embeddable":true,"href":"https:\/\/www.pressenza.com\/es\/wp-json\/wp\/v2\/categories?post=935014"},{"taxonomy":"post_tag","embeddable":true,"href":"https:\/\/www.pressenza.com\/es\/wp-json\/wp\/v2\/tags?post=935014"}],"curies":[{"name":"wp","href":"https:\/\/api.w.org\/{rel}","templated":true}]}}