{"id":934967,"date":"2019-10-05T00:16:03","date_gmt":"2019-10-04T23:16:03","guid":{"rendered":"https:\/\/www.pressenza.com\/?p=934967"},"modified":"2019-10-05T00:16:03","modified_gmt":"2019-10-04T23:16:03","slug":"el-planeta-esta-ardiendo-francia-comparando-las-superficies-hay-mas-incendios-alrededor-de-la-cuenca-de-thau-que-en-la-amazonia","status":"publish","type":"post","link":"https:\/\/www.pressenza.com\/es\/2019\/10\/el-planeta-esta-ardiendo-francia-comparando-las-superficies-hay-mas-incendios-alrededor-de-la-cuenca-de-thau-que-en-la-amazonia\/","title":{"rendered":"El planeta est\u00e1 ardiendo. Francia: comparando las superficies hay m\u00e1s incendios alrededor de la cuenca de Thau que en la Amazon\u00eda"},"content":{"rendered":"<p><strong>\u00a1Comparando las superficies, hay m\u00e1s incendios alrededor de la cuenca de Thau, regi\u00f3n de Occitania en Francia, que en la Amazon\u00eda! <\/strong><\/p>\n<p><strong>Hay m\u00e1s desperdicio aparente, pero tambi\u00e9n cubierto, en occitano que en la Amazon\u00eda.<\/strong><\/p>\n<p>Invito a la Sra. Brune Poirson, Secretaria de Estado, para que la transici\u00f3n ecol\u00f3gica venga a medir la situaci\u00f3n en la cuenca de Thau, porque no puede acompa\u00f1arme en la Amazon\u00eda brasile\u00f1a, dado el estado de las relaciones diplom\u00e1ticas que nuestro gobierno tiene con Brasil.<\/p>\n<p>Que con nosotros, desde Montpellier hasta S\u00e8te, los incendios se declaran alrededor de las aglomeraciones y, en d\u00edas de fuertes vientos, \u00bfes una pista? (En Poussan se quem\u00f3 el 10% de la zona boscosa del municipio) Sin embargo, los bomberos y los servicios de Agua y Bosques hacen su trabajo. El hecho de que este desperdicio se haya convertido en una plaga en Occitania mientras los servicios en cuesti\u00f3n est\u00e1n haciendo su trabajo, es indicativo de un cierto estado mental en relaci\u00f3n con nuestra sociedad de consumo. Ahora se trata de la protecci\u00f3n de las personas y la propiedad y nuestra \u00faltima tierra cultivable o bosques debilitados por estos eventos y el 20% restante de la biodiversidad que destruyen estos incendios.<\/p>\n<p>Creo que el calentamiento intercontinental se debe a nuestro modelo de civilizaci\u00f3n y desarrollo sin l\u00edmites ni respeto por los vivos. 47 grados a la sombra en Montbazin en el verano m\u00e1s caluroso. Para el v\u00f3mito de la sociedad de consumo, tambi\u00e9n es en parte el gobierno, despu\u00e9s de los anteriores, el que est\u00e1 en cuesti\u00f3n.<\/p>\n<p><strong>Pero esta situaci\u00f3n se ve agravada localmente por otros factores como:<\/strong><\/p>\n<p>&#8211; Dejar ir a algunos l\u00edderes completamente obsoletos y que a menudo carecen de los medios para buscar oficiales de bomberos. Invocan la incivilidad y el hecho de que estos dep\u00f3sitos est\u00e1n en tierras privadas. Sin embargo, la legislaci\u00f3n forestal tambi\u00e9n se aplica a las tierras privadas y estas tierras tienen un propietario cuyo nombre aparece en el catastro de los ayuntamientos.<\/p>\n<p>&#8211; El acceso gratuito a matorrales y parques naturales desde desviaciones y carreteras, en autom\u00f3viles y caravanas. (Si bien este acceso a menudo est\u00e1 prohibido en verano en las monta\u00f1as de Esterel, por ejemplo).<\/p>\n<p>&#8211; La presi\u00f3n de la tierra que genera una pol\u00edtica mortal de tierra quemada alrededor de las aglomeraciones con vistas probablemente a la apropiaci\u00f3n de tierras, p\u00e1ramos, para varios proyectos personales o inmobiliarios, la extensi\u00f3n; \u00bfetc\u00e9tera seg\u00fan las lenguas viperinas? Y han pasado m\u00e1s de veinte a\u00f1os desde que se acumulan los desechos. Se necesit\u00f3 el drama de Signes, la muerte del alcalde para desbordar el cristal y la libertad de expresi\u00f3n a otros funcionarios electos amenazados, insultados. (Ver Midi-Libre S\u00e8te del 12\/09\/19, pp. 1, 3 y regi\u00f3n).<\/p>\n<p>&#8211; El precio a pagar por los dep\u00f3sitos de vertedero es un lastre para algunas empresas. Estos basureros est\u00e1n formados por troncos de \u00e1rboles, plantas, muebles, contenedores y desechos de demolici\u00f3n inflamables depositados en brezales y matorrales cerca de las aglomeraciones. Estos desechos a veces se arrojan a la V\u00e8ne \u00e0 Montbazin, un resurgimiento que suministra agua a la cuenca de Thau.<\/p>\n<p><strong>Mis propuestas a nivel local<\/strong><\/p>\n<p>Cerca de una barrera, el prefecto tiene el poder del acceso de los veh\u00edculos a ciertos bosques. Enfatizar la vigilancia policial con drones y la vigilancia de los ambientalistas. Hacer una lista y eliminar los alrededores de las aldeas y, si es posible, a expensas de los funcionarios, los vertederos visibles o que han sido cubiertos con tierra para ocultarlos. Finalmente, sin desperdicio para empresarios automotrices, etc.<\/p>\n<p>Invito localmente a la protecci\u00f3n de las \u00faltimas tierras de cultivo, bosques y garrigas debilitadas por el calentamiento que a\u00fan rodea nuestras aglomeraciones. Recuerdo que es necesario un tiempo infinito para que un hermoso roble florezca ante nuestros ojos, pero unos segundos de fuego son suficientes para desaparecer para siempre la vida y la espiritualidad que conlleva y da a luz, para algunos de nosotros. Y con eso, toda la biodiversidad que habita y rodea.<\/p>\n<p>Invito globalmente a respetar a nuestra madre la tierra, el aire, el agua, los resurgimientos, los estanques, el mar nutritivo; se necesita un ambiente saludable que nos permita <strong>\u201cechar ra\u00edces\u201d con la naturaleza, como nos invitan mis amigos los indios amaz\u00f3nicos<\/strong>. Todo el planeta est\u00e1 ardiendo ahora, en California, Portugal, Indonesia, el norte de Europa &#8230;<\/p>\n<p>Ante los peligros que nos esperan, <strong>invito a la sobriedad y la frugalidad de nuestras formas de vida personales y colectivas.<\/strong> <strong>Esta r\u00e1pida adaptaci\u00f3n es la clave para la supervivencia de nuestra especie.<\/strong> Por supuesto, los \u201cTestigos del fin del mundo\u201d pidieron la movilizaci\u00f3n contra la inacci\u00f3n del gobierno en cuestiones clim\u00e1ticas y sociales el 21 de septiembre en Montpellier.<\/p>\n<p>&nbsp;<\/p>\n<p><strong>El autor<\/strong><\/p>\n<p>Christian Puech, presidente de la asociaci\u00f3n \u201cTestigos del fin del mundo\u201d (Facebook)<\/p>\n<p><a href=\"http:\/\/christianpuech.wordpress.com\/\">http:\/\/christianpuech.wordpress.com<\/a><\/p>\n<p><strong>Vea tambi\u00e9n:<\/strong><\/p>\n<p>Informaci\u00f3n de Thau del 14\/09\/19: <a href=\"http:\/\/thau-infos.fr\/index.php\/environnement\">http:\/\/thau-infos.fr\/index.php\/environnement<\/a><\/p>\n<p><a href=\"http:\/\/montpellier-infos.fr\/index.php\/environnement\">http:\/\/montpellier-infos.fr\/index.php\/environnement<\/a><\/p>\n<p>&nbsp;<\/p>\n<hr \/>\n<p><em>Traducci\u00f3n del franc\u00e9s por Michelle Velez<\/em><\/p>\n","protected":false},"excerpt":{"rendered":"<p>\u00a1Comparando las superficies, hay m\u00e1s incendios alrededor de la cuenca de Thau, regi\u00f3n de Occitania en Francia, que en la Amazon\u00eda! Hay m\u00e1s desperdicio aparente, pero tambi\u00e9n cubierto, en occitano que en la Amazon\u00eda. Invito a la Sra. Brune Poirson,&hellip;<\/p>\n","protected":false},"author":1682,"featured_media":933899,"comment_status":"closed","ping_status":"closed","sticky":false,"template":"","format":"standard","meta":{"footnotes":""},"categories":[78,66,39],"tags":[47056,64909,64907,5124,64908,34540],"class_list":["post-934967","post","type-post","status-publish","format-standard","has-post-thumbnail","hentry","category-medio-ambiente-ecologia","category-europa-es","category-internacional","tag-amazonia-es","tag-christian-puech-es","tag-cuenca-de-thau","tag-ecologia-es","tag-el-plantea-arde","tag-incendios-forestales"],"yoast_head":"<!-- This site is optimized with the Yoast SEO plugin v27.1.1 - https:\/\/yoast.com\/product\/yoast-seo-wordpress\/ -->\n<title>El planeta est\u00e1 ardiendo. Francia: comparando las superficies hay m\u00e1s incendios alrededor de la cuenca de Thau que en la Amazon\u00eda<\/title>\n<meta name=\"description\" content=\"\u00a1Comparando las superficies, hay m\u00e1s incendios alrededor de la cuenca de Thau, regi\u00f3n de Occitania en Francia, que en la Amazon\u00eda! Hay m\u00e1s desperdicio\" \/>\n<meta name=\"robots\" content=\"index, follow, max-snippet:-1, max-image-preview:large, max-video-preview:-1\" \/>\n<link rel=\"canonical\" href=\"https:\/\/www.pressenza.com\/es\/2019\/10\/el-planeta-esta-ardiendo-francia-comparando-las-superficies-hay-mas-incendios-alrededor-de-la-cuenca-de-thau-que-en-la-amazonia\/\" \/>\n<meta property=\"og:locale\" content=\"es_ES\" \/>\n<meta property=\"og:type\" content=\"article\" \/>\n<meta property=\"og:title\" content=\"El planeta est\u00e1 ardiendo. Francia: comparando las superficies hay m\u00e1s incendios alrededor de la cuenca de Thau que en la Amazon\u00eda\" \/>\n<meta property=\"og:description\" content=\"\u00a1Comparando las superficies, hay m\u00e1s incendios alrededor de la cuenca de Thau, regi\u00f3n de Occitania en Francia, que en la Amazon\u00eda! Hay m\u00e1s desperdicio\" \/>\n<meta property=\"og:url\" content=\"https:\/\/www.pressenza.com\/es\/2019\/10\/el-planeta-esta-ardiendo-francia-comparando-las-superficies-hay-mas-incendios-alrededor-de-la-cuenca-de-thau-que-en-la-amazonia\/\" \/>\n<meta property=\"og:site_name\" content=\"Pressenza\" \/>\n<meta property=\"article:publisher\" content=\"https:\/\/www.facebook.com\/PressenzaItalia\" \/>\n<meta property=\"article:published_time\" content=\"2019-10-04T23:16:03+00:00\" \/>\n<meta property=\"og:image\" content=\"https:\/\/www.pressenza.com\/wp-content\/uploads\/2019\/10\/la-plan\u00e8te-brule.jpg\" \/>\n\t<meta property=\"og:image:width\" content=\"750\" \/>\n\t<meta property=\"og:image:height\" content=\"498\" \/>\n\t<meta property=\"og:image:type\" content=\"image\/jpeg\" \/>\n<meta name=\"author\" content=\"R\u00e9daction Bordeaux\" \/>\n<meta name=\"twitter:card\" content=\"summary_large_image\" \/>\n<meta name=\"twitter:creator\" content=\"@PressenzaIPA\" \/>\n<meta name=\"twitter:site\" content=\"@PressenzaIPA\" \/>\n<meta name=\"twitter:label1\" content=\"Escrito por\" \/>\n\t<meta name=\"twitter:data1\" content=\"R\u00e9daction Bordeaux\" \/>\n\t<meta name=\"twitter:label2\" content=\"Tiempo de lectura\" \/>\n\t<meta name=\"twitter:data2\" content=\"4 minutos\" \/>\n<script type=\"application\/ld+json\" class=\"yoast-schema-graph\">{\"@context\":\"https:\/\/schema.org\",\"@graph\":[{\"@type\":\"Article\",\"@id\":\"https:\/\/www.pressenza.com\/es\/2019\/10\/el-planeta-esta-ardiendo-francia-comparando-las-superficies-hay-mas-incendios-alrededor-de-la-cuenca-de-thau-que-en-la-amazonia\/#article\",\"isPartOf\":{\"@id\":\"https:\/\/www.pressenza.com\/es\/2019\/10\/el-planeta-esta-ardiendo-francia-comparando-las-superficies-hay-mas-incendios-alrededor-de-la-cuenca-de-thau-que-en-la-amazonia\/\"},\"author\":{\"name\":\"R\u00e9daction Bordeaux\",\"@id\":\"https:\/\/www.pressenza.com\/es\/#\/schema\/person\/74c500e1daab28f0f7573e1b2e9416ea\"},\"headline\":\"El planeta est\u00e1 ardiendo. Francia: comparando las superficies hay m\u00e1s incendios alrededor de la cuenca de Thau que en la Amazon\u00eda\",\"datePublished\":\"2019-10-04T23:16:03+00:00\",\"mainEntityOfPage\":{\"@id\":\"https:\/\/www.pressenza.com\/es\/2019\/10\/el-planeta-esta-ardiendo-francia-comparando-las-superficies-hay-mas-incendios-alrededor-de-la-cuenca-de-thau-que-en-la-amazonia\/\"},\"wordCount\":899,\"publisher\":{\"@id\":\"https:\/\/www.pressenza.com\/es\/#organization\"},\"image\":{\"@id\":\"https:\/\/www.pressenza.com\/es\/2019\/10\/el-planeta-esta-ardiendo-francia-comparando-las-superficies-hay-mas-incendios-alrededor-de-la-cuenca-de-thau-que-en-la-amazonia\/#primaryimage\"},\"thumbnailUrl\":\"https:\/\/www.pressenza.com\/wp-content\/uploads\/2019\/10\/la-plan\u00e8te-brule.jpg\",\"keywords\":[\"Amazonia\",\"Christian Puech\",\"cuenca de Thau\",\"Ecolog\u00eda\",\"el plantea arde\",\"incendios forestales\"],\"articleSection\":[\"Ecolog\u00eda y Medio Ambiente\",\"Europa\",\"Internacional\"],\"inLanguage\":\"es\"},{\"@type\":\"WebPage\",\"@id\":\"https:\/\/www.pressenza.com\/es\/2019\/10\/el-planeta-esta-ardiendo-francia-comparando-las-superficies-hay-mas-incendios-alrededor-de-la-cuenca-de-thau-que-en-la-amazonia\/\",\"url\":\"https:\/\/www.pressenza.com\/es\/2019\/10\/el-planeta-esta-ardiendo-francia-comparando-las-superficies-hay-mas-incendios-alrededor-de-la-cuenca-de-thau-que-en-la-amazonia\/\",\"name\":\"El planeta est\u00e1 ardiendo. Francia: comparando las superficies hay m\u00e1s incendios alrededor de la cuenca de Thau que en la Amazon\u00eda\",\"isPartOf\":{\"@id\":\"https:\/\/www.pressenza.com\/es\/#website\"},\"primaryImageOfPage\":{\"@id\":\"https:\/\/www.pressenza.com\/es\/2019\/10\/el-planeta-esta-ardiendo-francia-comparando-las-superficies-hay-mas-incendios-alrededor-de-la-cuenca-de-thau-que-en-la-amazonia\/#primaryimage\"},\"image\":{\"@id\":\"https:\/\/www.pressenza.com\/es\/2019\/10\/el-planeta-esta-ardiendo-francia-comparando-las-superficies-hay-mas-incendios-alrededor-de-la-cuenca-de-thau-que-en-la-amazonia\/#primaryimage\"},\"thumbnailUrl\":\"https:\/\/www.pressenza.com\/wp-content\/uploads\/2019\/10\/la-plan\u00e8te-brule.jpg\",\"datePublished\":\"2019-10-04T23:16:03+00:00\",\"description\":\"\u00a1Comparando las superficies, hay m\u00e1s incendios alrededor de la cuenca de Thau, regi\u00f3n de Occitania en Francia, que en la Amazon\u00eda! Hay m\u00e1s desperdicio\",\"breadcrumb\":{\"@id\":\"https:\/\/www.pressenza.com\/es\/2019\/10\/el-planeta-esta-ardiendo-francia-comparando-las-superficies-hay-mas-incendios-alrededor-de-la-cuenca-de-thau-que-en-la-amazonia\/#breadcrumb\"},\"inLanguage\":\"es\",\"potentialAction\":[{\"@type\":\"ReadAction\",\"target\":[\"https:\/\/www.pressenza.com\/es\/2019\/10\/el-planeta-esta-ardiendo-francia-comparando-las-superficies-hay-mas-incendios-alrededor-de-la-cuenca-de-thau-que-en-la-amazonia\/\"]}]},{\"@type\":\"ImageObject\",\"inLanguage\":\"es\",\"@id\":\"https:\/\/www.pressenza.com\/es\/2019\/10\/el-planeta-esta-ardiendo-francia-comparando-las-superficies-hay-mas-incendios-alrededor-de-la-cuenca-de-thau-que-en-la-amazonia\/#primaryimage\",\"url\":\"https:\/\/www.pressenza.com\/wp-content\/uploads\/2019\/10\/la-plan\u00e8te-brule.jpg\",\"contentUrl\":\"https:\/\/www.pressenza.com\/wp-content\/uploads\/2019\/10\/la-plan\u00e8te-brule.jpg\",\"width\":750,\"height\":498,\"caption\":\"La plan\u00e8te br\u00fble\"},{\"@type\":\"BreadcrumbList\",\"@id\":\"https:\/\/www.pressenza.com\/es\/2019\/10\/el-planeta-esta-ardiendo-francia-comparando-las-superficies-hay-mas-incendios-alrededor-de-la-cuenca-de-thau-que-en-la-amazonia\/#breadcrumb\",\"itemListElement\":[{\"@type\":\"ListItem\",\"position\":1,\"name\":\"Accueil\",\"item\":\"https:\/\/www.pressenza.com\/es\/\"},{\"@type\":\"ListItem\",\"position\":2,\"name\":\"El planeta est\u00e1 ardiendo. Francia: comparando las superficies hay m\u00e1s incendios alrededor de la cuenca de Thau que en la Amazon\u00eda\"}]},{\"@type\":\"WebSite\",\"@id\":\"https:\/\/www.pressenza.com\/es\/#website\",\"url\":\"https:\/\/www.pressenza.com\/es\/\",\"name\":\"Pressenza\",\"description\":\"International Press Agency\",\"publisher\":{\"@id\":\"https:\/\/www.pressenza.com\/es\/#organization\"},\"potentialAction\":[{\"@type\":\"SearchAction\",\"target\":{\"@type\":\"EntryPoint\",\"urlTemplate\":\"https:\/\/www.pressenza.com\/es\/?s={search_term_string}\"},\"query-input\":{\"@type\":\"PropertyValueSpecification\",\"valueRequired\":true,\"valueName\":\"search_term_string\"}}],\"inLanguage\":\"es\"},{\"@type\":\"Organization\",\"@id\":\"https:\/\/www.pressenza.com\/es\/#organization\",\"name\":\"Pressenza\",\"url\":\"https:\/\/www.pressenza.com\/es\/\",\"logo\":{\"@type\":\"ImageObject\",\"inLanguage\":\"es\",\"@id\":\"https:\/\/www.pressenza.com\/es\/#\/schema\/logo\/image\/\",\"url\":\"https:\/\/www.pressenza.com\/wp-content\/uploads\/2022\/10\/pressenza_logo_200x200.jpg\",\"contentUrl\":\"https:\/\/www.pressenza.com\/wp-content\/uploads\/2022\/10\/pressenza_logo_200x200.jpg\",\"width\":200,\"height\":200,\"caption\":\"Pressenza\"},\"image\":{\"@id\":\"https:\/\/www.pressenza.com\/es\/#\/schema\/logo\/image\/\"},\"sameAs\":[\"https:\/\/www.facebook.com\/PressenzaItalia\",\"https:\/\/x.com\/PressenzaIPA\"]},{\"@type\":\"Person\",\"@id\":\"https:\/\/www.pressenza.com\/es\/#\/schema\/person\/74c500e1daab28f0f7573e1b2e9416ea\",\"name\":\"R\u00e9daction Bordeaux\",\"description\":\"News publi\u00e9es par le Bureau de Pressenza \u00e0 Bordeaux.\",\"url\":\"https:\/\/www.pressenza.com\/es\/author\/redaction-bordeaux\/\"}]}<\/script>\n<!-- \/ Yoast SEO plugin. -->","yoast_head_json":{"title":"El planeta est\u00e1 ardiendo. Francia: comparando las superficies hay m\u00e1s incendios alrededor de la cuenca de Thau que en la Amazon\u00eda","description":"\u00a1Comparando las superficies, hay m\u00e1s incendios alrededor de la cuenca de Thau, regi\u00f3n de Occitania en Francia, que en la Amazon\u00eda! Hay m\u00e1s desperdicio","robots":{"index":"index","follow":"follow","max-snippet":"max-snippet:-1","max-image-preview":"max-image-preview:large","max-video-preview":"max-video-preview:-1"},"canonical":"https:\/\/www.pressenza.com\/es\/2019\/10\/el-planeta-esta-ardiendo-francia-comparando-las-superficies-hay-mas-incendios-alrededor-de-la-cuenca-de-thau-que-en-la-amazonia\/","og_locale":"es_ES","og_type":"article","og_title":"El planeta est\u00e1 ardiendo. Francia: comparando las superficies hay m\u00e1s incendios alrededor de la cuenca de Thau que en la Amazon\u00eda","og_description":"\u00a1Comparando las superficies, hay m\u00e1s incendios alrededor de la cuenca de Thau, regi\u00f3n de Occitania en Francia, que en la Amazon\u00eda! Hay m\u00e1s desperdicio","og_url":"https:\/\/www.pressenza.com\/es\/2019\/10\/el-planeta-esta-ardiendo-francia-comparando-las-superficies-hay-mas-incendios-alrededor-de-la-cuenca-de-thau-que-en-la-amazonia\/","og_site_name":"Pressenza","article_publisher":"https:\/\/www.facebook.com\/PressenzaItalia","article_published_time":"2019-10-04T23:16:03+00:00","og_image":[{"width":750,"height":498,"url":"https:\/\/www.pressenza.com\/wp-content\/uploads\/2019\/10\/la-plan\u00e8te-brule.jpg","type":"image\/jpeg"}],"author":"R\u00e9daction Bordeaux","twitter_card":"summary_large_image","twitter_creator":"@PressenzaIPA","twitter_site":"@PressenzaIPA","twitter_misc":{"Escrito por":"R\u00e9daction Bordeaux","Tiempo de lectura":"4 minutos"},"schema":{"@context":"https:\/\/schema.org","@graph":[{"@type":"Article","@id":"https:\/\/www.pressenza.com\/es\/2019\/10\/el-planeta-esta-ardiendo-francia-comparando-las-superficies-hay-mas-incendios-alrededor-de-la-cuenca-de-thau-que-en-la-amazonia\/#article","isPartOf":{"@id":"https:\/\/www.pressenza.com\/es\/2019\/10\/el-planeta-esta-ardiendo-francia-comparando-las-superficies-hay-mas-incendios-alrededor-de-la-cuenca-de-thau-que-en-la-amazonia\/"},"author":{"name":"R\u00e9daction Bordeaux","@id":"https:\/\/www.pressenza.com\/es\/#\/schema\/person\/74c500e1daab28f0f7573e1b2e9416ea"},"headline":"El planeta est\u00e1 ardiendo. Francia: comparando las superficies hay m\u00e1s incendios alrededor de la cuenca de Thau que en la Amazon\u00eda","datePublished":"2019-10-04T23:16:03+00:00","mainEntityOfPage":{"@id":"https:\/\/www.pressenza.com\/es\/2019\/10\/el-planeta-esta-ardiendo-francia-comparando-las-superficies-hay-mas-incendios-alrededor-de-la-cuenca-de-thau-que-en-la-amazonia\/"},"wordCount":899,"publisher":{"@id":"https:\/\/www.pressenza.com\/es\/#organization"},"image":{"@id":"https:\/\/www.pressenza.com\/es\/2019\/10\/el-planeta-esta-ardiendo-francia-comparando-las-superficies-hay-mas-incendios-alrededor-de-la-cuenca-de-thau-que-en-la-amazonia\/#primaryimage"},"thumbnailUrl":"https:\/\/www.pressenza.com\/wp-content\/uploads\/2019\/10\/la-plan\u00e8te-brule.jpg","keywords":["Amazonia","Christian Puech","cuenca de Thau","Ecolog\u00eda","el plantea arde","incendios forestales"],"articleSection":["Ecolog\u00eda y Medio Ambiente","Europa","Internacional"],"inLanguage":"es"},{"@type":"WebPage","@id":"https:\/\/www.pressenza.com\/es\/2019\/10\/el-planeta-esta-ardiendo-francia-comparando-las-superficies-hay-mas-incendios-alrededor-de-la-cuenca-de-thau-que-en-la-amazonia\/","url":"https:\/\/www.pressenza.com\/es\/2019\/10\/el-planeta-esta-ardiendo-francia-comparando-las-superficies-hay-mas-incendios-alrededor-de-la-cuenca-de-thau-que-en-la-amazonia\/","name":"El planeta est\u00e1 ardiendo. Francia: comparando las superficies hay m\u00e1s incendios alrededor de la cuenca de Thau que en la Amazon\u00eda","isPartOf":{"@id":"https:\/\/www.pressenza.com\/es\/#website"},"primaryImageOfPage":{"@id":"https:\/\/www.pressenza.com\/es\/2019\/10\/el-planeta-esta-ardiendo-francia-comparando-las-superficies-hay-mas-incendios-alrededor-de-la-cuenca-de-thau-que-en-la-amazonia\/#primaryimage"},"image":{"@id":"https:\/\/www.pressenza.com\/es\/2019\/10\/el-planeta-esta-ardiendo-francia-comparando-las-superficies-hay-mas-incendios-alrededor-de-la-cuenca-de-thau-que-en-la-amazonia\/#primaryimage"},"thumbnailUrl":"https:\/\/www.pressenza.com\/wp-content\/uploads\/2019\/10\/la-plan\u00e8te-brule.jpg","datePublished":"2019-10-04T23:16:03+00:00","description":"\u00a1Comparando las superficies, hay m\u00e1s incendios alrededor de la cuenca de Thau, regi\u00f3n de Occitania en Francia, que en la Amazon\u00eda! Hay m\u00e1s desperdicio","breadcrumb":{"@id":"https:\/\/www.pressenza.com\/es\/2019\/10\/el-planeta-esta-ardiendo-francia-comparando-las-superficies-hay-mas-incendios-alrededor-de-la-cuenca-de-thau-que-en-la-amazonia\/#breadcrumb"},"inLanguage":"es","potentialAction":[{"@type":"ReadAction","target":["https:\/\/www.pressenza.com\/es\/2019\/10\/el-planeta-esta-ardiendo-francia-comparando-las-superficies-hay-mas-incendios-alrededor-de-la-cuenca-de-thau-que-en-la-amazonia\/"]}]},{"@type":"ImageObject","inLanguage":"es","@id":"https:\/\/www.pressenza.com\/es\/2019\/10\/el-planeta-esta-ardiendo-francia-comparando-las-superficies-hay-mas-incendios-alrededor-de-la-cuenca-de-thau-que-en-la-amazonia\/#primaryimage","url":"https:\/\/www.pressenza.com\/wp-content\/uploads\/2019\/10\/la-plan\u00e8te-brule.jpg","contentUrl":"https:\/\/www.pressenza.com\/wp-content\/uploads\/2019\/10\/la-plan\u00e8te-brule.jpg","width":750,"height":498,"caption":"La plan\u00e8te br\u00fble"},{"@type":"BreadcrumbList","@id":"https:\/\/www.pressenza.com\/es\/2019\/10\/el-planeta-esta-ardiendo-francia-comparando-las-superficies-hay-mas-incendios-alrededor-de-la-cuenca-de-thau-que-en-la-amazonia\/#breadcrumb","itemListElement":[{"@type":"ListItem","position":1,"name":"Accueil","item":"https:\/\/www.pressenza.com\/es\/"},{"@type":"ListItem","position":2,"name":"El planeta est\u00e1 ardiendo. Francia: comparando las superficies hay m\u00e1s incendios alrededor de la cuenca de Thau que en la Amazon\u00eda"}]},{"@type":"WebSite","@id":"https:\/\/www.pressenza.com\/es\/#website","url":"https:\/\/www.pressenza.com\/es\/","name":"Pressenza","description":"International Press Agency","publisher":{"@id":"https:\/\/www.pressenza.com\/es\/#organization"},"potentialAction":[{"@type":"SearchAction","target":{"@type":"EntryPoint","urlTemplate":"https:\/\/www.pressenza.com\/es\/?s={search_term_string}"},"query-input":{"@type":"PropertyValueSpecification","valueRequired":true,"valueName":"search_term_string"}}],"inLanguage":"es"},{"@type":"Organization","@id":"https:\/\/www.pressenza.com\/es\/#organization","name":"Pressenza","url":"https:\/\/www.pressenza.com\/es\/","logo":{"@type":"ImageObject","inLanguage":"es","@id":"https:\/\/www.pressenza.com\/es\/#\/schema\/logo\/image\/","url":"https:\/\/www.pressenza.com\/wp-content\/uploads\/2022\/10\/pressenza_logo_200x200.jpg","contentUrl":"https:\/\/www.pressenza.com\/wp-content\/uploads\/2022\/10\/pressenza_logo_200x200.jpg","width":200,"height":200,"caption":"Pressenza"},"image":{"@id":"https:\/\/www.pressenza.com\/es\/#\/schema\/logo\/image\/"},"sameAs":["https:\/\/www.facebook.com\/PressenzaItalia","https:\/\/x.com\/PressenzaIPA"]},{"@type":"Person","@id":"https:\/\/www.pressenza.com\/es\/#\/schema\/person\/74c500e1daab28f0f7573e1b2e9416ea","name":"R\u00e9daction Bordeaux","description":"News publi\u00e9es par le Bureau de Pressenza \u00e0 Bordeaux.","url":"https:\/\/www.pressenza.com\/es\/author\/redaction-bordeaux\/"}]}},"place":"Burdeos, Francia","original_article_url":"","_links":{"self":[{"href":"https:\/\/www.pressenza.com\/es\/wp-json\/wp\/v2\/posts\/934967","targetHints":{"allow":["GET"]}}],"collection":[{"href":"https:\/\/www.pressenza.com\/es\/wp-json\/wp\/v2\/posts"}],"about":[{"href":"https:\/\/www.pressenza.com\/es\/wp-json\/wp\/v2\/types\/post"}],"author":[{"embeddable":true,"href":"https:\/\/www.pressenza.com\/es\/wp-json\/wp\/v2\/users\/1682"}],"replies":[{"embeddable":true,"href":"https:\/\/www.pressenza.com\/es\/wp-json\/wp\/v2\/comments?post=934967"}],"version-history":[{"count":0,"href":"https:\/\/www.pressenza.com\/es\/wp-json\/wp\/v2\/posts\/934967\/revisions"}],"wp:featuredmedia":[{"embeddable":true,"href":"https:\/\/www.pressenza.com\/es\/wp-json\/wp\/v2\/media\/933899"}],"wp:attachment":[{"href":"https:\/\/www.pressenza.com\/es\/wp-json\/wp\/v2\/media?parent=934967"}],"wp:term":[{"taxonomy":"category","embeddable":true,"href":"https:\/\/www.pressenza.com\/es\/wp-json\/wp\/v2\/categories?post=934967"},{"taxonomy":"post_tag","embeddable":true,"href":"https:\/\/www.pressenza.com\/es\/wp-json\/wp\/v2\/tags?post=934967"}],"curies":[{"name":"wp","href":"https:\/\/api.w.org\/{rel}","templated":true}]}}