{"id":931296,"date":"2019-09-30T03:15:34","date_gmt":"2019-09-30T02:15:34","guid":{"rendered":"https:\/\/www.pressenza.com\/?p=931296"},"modified":"2019-09-30T03:15:34","modified_gmt":"2019-09-30T02:15:34","slug":"la-no-violencia-es-mi-opcion-octubre-no-violento-2019","status":"publish","type":"post","link":"https:\/\/www.pressenza.com\/es\/2019\/09\/la-no-violencia-es-mi-opcion-octubre-no-violento-2019\/","title":{"rendered":"\u00abLa no-violencia es mi opci\u00f3n\u00bb: Octubre No-Violento 2019"},"content":{"rendered":"<p>El colectivo Espacio Noviolento este a\u00f1o, como cada a\u00f1o, inaugura el octubre por la Paz y la Noviolencia el d\u00eda 2 de octubre, a las 10 am, en la explanada del Parque La Carolina, configurando el s\u00edmbolo de la noviolencia con las personas participantes y bajo el lema \u201cLa noviolencia es mi opci\u00f3n\u201d<\/p>\n<p><img loading=\"lazy\" decoding=\"async\" class=\"size-large wp-image-931326\" src=\"https:\/\/www.pressenza.com\/wp-content\/uploads\/2019\/09\/02OCT-Vigilia-07-720x540.jpg\" alt=\"\" width=\"720\" height=\"540\" srcset=\"https:\/\/www.pressenza.com\/wp-content\/uploads\/2019\/09\/02OCT-Vigilia-07-720x540.jpg 720w, https:\/\/www.pressenza.com\/wp-content\/uploads\/2019\/09\/02OCT-Vigilia-07-300x225.jpg 300w, https:\/\/www.pressenza.com\/wp-content\/uploads\/2019\/09\/02OCT-Vigilia-07-768x576.jpg 768w\" sizes=\"auto, (max-width: 720px) 100vw, 720px\" \/><\/p>\n<p><img loading=\"lazy\" decoding=\"async\" class=\"aligncenter size-large wp-image-931335\" src=\"https:\/\/www.pressenza.com\/wp-content\/uploads\/2019\/09\/08-_P020160-720x540.jpg\" alt=\"\" width=\"720\" height=\"540\" srcset=\"https:\/\/www.pressenza.com\/wp-content\/uploads\/2019\/09\/08-_P020160-720x540.jpg 720w, https:\/\/www.pressenza.com\/wp-content\/uploads\/2019\/09\/08-_P020160-300x225.jpg 300w, https:\/\/www.pressenza.com\/wp-content\/uploads\/2019\/09\/08-_P020160-768x576.jpg 768w, https:\/\/www.pressenza.com\/wp-content\/uploads\/2019\/09\/08-_P020160.jpg 900w\" sizes=\"auto, (max-width: 720px) 100vw, 720px\" \/><\/p>\n<p><img loading=\"lazy\" decoding=\"async\" class=\"aligncenter size-large wp-image-931344\" src=\"https:\/\/www.pressenza.com\/wp-content\/uploads\/2019\/09\/IMG_1249-720x480.jpg\" alt=\"\" width=\"720\" height=\"480\" srcset=\"https:\/\/www.pressenza.com\/wp-content\/uploads\/2019\/09\/IMG_1249-720x480.jpg 720w, https:\/\/www.pressenza.com\/wp-content\/uploads\/2019\/09\/IMG_1249-300x200.jpg 300w, https:\/\/www.pressenza.com\/wp-content\/uploads\/2019\/09\/IMG_1249-768x512.jpg 768w, https:\/\/www.pressenza.com\/wp-content\/uploads\/2019\/09\/IMG_1249.jpg 2048w\" sizes=\"auto, (max-width: 720px) 100vw, 720px\" \/><\/p>\n<p><img loading=\"lazy\" decoding=\"async\" class=\"size-large wp-image-931353\" src=\"https:\/\/www.pressenza.com\/wp-content\/uploads\/2019\/09\/DJI_0053-simb-720x508.jpg\" alt=\"\" width=\"720\" height=\"508\" srcset=\"https:\/\/www.pressenza.com\/wp-content\/uploads\/2019\/09\/DJI_0053-simb-720x508.jpg 720w, https:\/\/www.pressenza.com\/wp-content\/uploads\/2019\/09\/DJI_0053-simb-300x212.jpg 300w, https:\/\/www.pressenza.com\/wp-content\/uploads\/2019\/09\/DJI_0053-simb-768x542.jpg 768w, https:\/\/www.pressenza.com\/wp-content\/uploads\/2019\/09\/DJI_0053-simb.jpg 2008w\" sizes=\"auto, (max-width: 720px) 100vw, 720px\" \/><\/p>\n<p>A finales de la d\u00e9cada de 1960, en Punta de Vacas, Argentina, nace el Movimiento Humanista Silo\u00edsta, de la mano de Mario Rodr\u00edguez. Silo, como era su seud\u00f3nimo, quien hac\u00eda un llamado a construir la cultura de la Paz y la noviolencia, superando la violencia interna y transformando las condiciones de violencia externa. En junio de 2007 la Asamblea General de las Naciones Unidas, en Resoluci\u00f3n 61\/271, declara el 02 de octubre como el D\u00eda Internacional de la Noviolencia. \u00a0Con estos dos breves antecedentes, las organizaciones humanistas que convergen en el Espacio Noviolento realizan cada a\u00f1o, desde hace una d\u00e9cada, el octubre por la Paz y la Noviolencia.<\/p>\n<p>En este 2019, el octubre por la Paz y la Noviolencia cuenta con el respaldo decidido del Distrito Metropolitano de Quito, cuyo Concejo en pleno aprob\u00f3 la resoluci\u00f3n No. C 067 \u2013 2019 que declara el mes de octubre como el \u201cMes de la Noviolencia en el Distrito Metropolitano de Quito\u201d y resuelve que el Distrito Metropolitano de Quito \u201cfomente una cultura de paz en la diversidad, libre de violencia y discriminaci\u00f3n\u201d.<\/p>\n<p>As\u00ed que la cita en la capital de los ecuatorianos es el mi\u00e9rcoles 02 de octubre a las 10h00, en la Cruz del Papa del Parque de la Carolina, en la ciudad de Quito. Ser\u00e1 una oportunidad para unir esfuerzos y demostrar que los noviolentos est\u00e1n presentes y trabajando cada d\u00eda. Ser\u00e1 un momento para reconciliarnos con nosotros mismos y nuestro entorno, de la mano de los muchos humanistas que convivimos en esta ciudad.<\/p>\n<p>Sin embargo, octubre noviolento comienza tambi\u00e9n a nivel nacional. Son varios los organismos que se suman, algunos por varios a\u00f1os, a esta fiesta por la Noviolencia. Entre ellos, est\u00e1n la Defensor\u00eda del Pueblo, la Universidad Andina Sim\u00f3n Bol\u00edvar, la Asociaci\u00f3n de Fot\u00f3grafos del Ecuador, la Universidad de Cuenca, el INEPE (Instituto de Investigaci\u00f3n, Educaci\u00f3n y Promoci\u00f3n Popular del Ecuador), entre otras.<\/p>\n<p>Nos encontramos este 02 de octubre para unirnos en un abrazo de Paz, Fuerza y Alegr\u00eda para todos.<\/p>\n<p>&nbsp;<\/p>\n<p><strong>Blog:<\/strong> <a href=\"https:\/\/noviolento.wordpress.com\">https:\/\/noviolento.wordpress.com<\/a><\/p>\n<p><strong>Facebook:<\/strong> Octubre Noviolento \u2013 Espacio Noviolento.<\/p>\n<p><strong>Twitter:<\/strong> @ecunoviolento<\/p>\n<p><strong>Instagram:<\/strong> <a href=\"https:\/\/www.instagram.com\/octubrenoviolento\/?hl=es-la\">@octubrenoviolento<\/a><\/p>\n<p><strong>Hashtag: <\/strong>#lanoviolenciaesmiopcion<\/p>\n<p><img loading=\"lazy\" decoding=\"async\" class=\"aligncenter size-large wp-image-931307\" src=\"https:\/\/www.pressenza.com\/wp-content\/uploads\/2019\/09\/Screen-Shot-2019-09-29-at-9.04.24-PM-720x255.png\" alt=\"\" width=\"720\" height=\"255\" srcset=\"https:\/\/www.pressenza.com\/wp-content\/uploads\/2019\/09\/Screen-Shot-2019-09-29-at-9.04.24-PM-720x255.png 720w, https:\/\/www.pressenza.com\/wp-content\/uploads\/2019\/09\/Screen-Shot-2019-09-29-at-9.04.24-PM-300x106.png 300w, https:\/\/www.pressenza.com\/wp-content\/uploads\/2019\/09\/Screen-Shot-2019-09-29-at-9.04.24-PM-768x272.png 768w, https:\/\/www.pressenza.com\/wp-content\/uploads\/2019\/09\/Screen-Shot-2019-09-29-at-9.04.24-PM.png 1754w\" sizes=\"auto, (max-width: 720px) 100vw, 720px\" \/><\/p>\n<p>&nbsp;<\/p>\n","protected":false},"excerpt":{"rendered":"<p>El colectivo Espacio Noviolento este a\u00f1o, como cada a\u00f1o, inaugura el octubre por la Paz y la Noviolencia el d\u00eda 2 de octubre, a las 10 am, en la explanada del Parque La Carolina, configurando el s\u00edmbolo de la noviolencia&hellip;<\/p>\n","protected":false},"author":1011,"featured_media":931317,"comment_status":"closed","ping_status":"closed","sticky":false,"template":"","format":"standard","meta":{"footnotes":""},"categories":[76,149,11389,75,79,1241,78,1230,54515,1240,39,46976,1242,1243,74,67],"tags":[41403],"class_list":["post-931296","post","type-post","status-publish","format-standard","has-post-thumbnail","hentry","category-relaciones-exteriores","category-comunicados-de-prensa","category-contenido-original","category-cultura-es","category-derechos-humanos","category-diversidad","category-medio-ambiente-ecologia","category-educacion-tema","category-genero-y-feminismos","category-humanismo-espiritualidad","category-internacional","category-jovenes","category-noviolencia-tema","category-paz-desarme","category-politica-es","category-sudamerica","tag-octubre-noviolento"],"yoast_head":"<!-- This site is optimized with the Yoast SEO plugin v27.1.1 - https:\/\/yoast.com\/product\/yoast-seo-wordpress\/ -->\n<title>&quot;La no-violencia es mi opci\u00f3n&quot;: Octubre No-Violento 2019<\/title>\n<meta name=\"description\" content=\"El colectivo Espacio Noviolento este a\u00f1o, como cada a\u00f1o, inaugura el octubre por la Paz y la Noviolencia el d\u00eda 2 de octubre, a las 10 am, en la explanada\" \/>\n<meta name=\"robots\" content=\"index, follow, max-snippet:-1, max-image-preview:large, max-video-preview:-1\" \/>\n<link rel=\"canonical\" href=\"https:\/\/www.pressenza.com\/es\/2019\/09\/la-no-violencia-es-mi-opcion-octubre-no-violento-2019\/\" \/>\n<meta property=\"og:locale\" content=\"es_ES\" \/>\n<meta property=\"og:type\" content=\"article\" \/>\n<meta property=\"og:title\" content=\"&quot;La no-violencia es mi opci\u00f3n&quot;: Octubre No-Violento 2019\" \/>\n<meta property=\"og:description\" content=\"El colectivo Espacio Noviolento este a\u00f1o, como cada a\u00f1o, inaugura el octubre por la Paz y la Noviolencia el d\u00eda 2 de octubre, a las 10 am, en la explanada\" \/>\n<meta property=\"og:url\" content=\"https:\/\/www.pressenza.com\/es\/2019\/09\/la-no-violencia-es-mi-opcion-octubre-no-violento-2019\/\" \/>\n<meta property=\"og:site_name\" content=\"Pressenza\" \/>\n<meta property=\"article:publisher\" content=\"https:\/\/www.facebook.com\/PressenzaItalia\" \/>\n<meta property=\"article:published_time\" content=\"2019-09-30T02:15:34+00:00\" \/>\n<meta property=\"og:image\" content=\"https:\/\/www.pressenza.com\/wp-content\/uploads\/2019\/09\/8va-Feria-y-ONV.png\" \/>\n\t<meta property=\"og:image:width\" content=\"1858\" \/>\n\t<meta property=\"og:image:height\" content=\"1108\" \/>\n\t<meta property=\"og:image:type\" content=\"image\/png\" \/>\n<meta name=\"author\" content=\"Redacci\u00f3n Ecuador\" \/>\n<meta name=\"twitter:card\" content=\"summary_large_image\" \/>\n<meta name=\"twitter:creator\" content=\"@PressenzaIPA\" \/>\n<meta name=\"twitter:site\" content=\"@PressenzaIPA\" \/>\n<meta name=\"twitter:label1\" content=\"Escrito por\" \/>\n\t<meta name=\"twitter:data1\" content=\"Redacci\u00f3n Ecuador\" \/>\n\t<meta name=\"twitter:label2\" content=\"Tiempo de lectura\" \/>\n\t<meta name=\"twitter:data2\" content=\"2 minutos\" \/>\n<script type=\"application\/ld+json\" class=\"yoast-schema-graph\">{\"@context\":\"https:\/\/schema.org\",\"@graph\":[{\"@type\":\"Article\",\"@id\":\"https:\/\/www.pressenza.com\/es\/2019\/09\/la-no-violencia-es-mi-opcion-octubre-no-violento-2019\/#article\",\"isPartOf\":{\"@id\":\"https:\/\/www.pressenza.com\/es\/2019\/09\/la-no-violencia-es-mi-opcion-octubre-no-violento-2019\/\"},\"author\":{\"name\":\"Redacci\u00f3n Ecuador\",\"@id\":\"https:\/\/www.pressenza.com\/es\/#\/schema\/person\/883a735c40665759bcc6fe0c26bcb46f\"},\"headline\":\"\u00abLa no-violencia es mi opci\u00f3n\u00bb: Octubre No-Violento 2019\",\"datePublished\":\"2019-09-30T02:15:34+00:00\",\"mainEntityOfPage\":{\"@id\":\"https:\/\/www.pressenza.com\/es\/2019\/09\/la-no-violencia-es-mi-opcion-octubre-no-violento-2019\/\"},\"wordCount\":431,\"publisher\":{\"@id\":\"https:\/\/www.pressenza.com\/es\/#organization\"},\"image\":{\"@id\":\"https:\/\/www.pressenza.com\/es\/2019\/09\/la-no-violencia-es-mi-opcion-octubre-no-violento-2019\/#primaryimage\"},\"thumbnailUrl\":\"https:\/\/www.pressenza.com\/wp-content\/uploads\/2019\/09\/8va-Feria-y-ONV.png\",\"keywords\":[\"Octubre Noviolento\"],\"articleSection\":[\"Asuntos internacionales\",\"Comunicados de Prensa\",\"Contenido Original\",\"Cultura y Medios\",\"Derechos Humanos\",\"Diversidad\",\"Ecolog\u00eda y Medio Ambiente\",\"Educaci\u00f3n\",\"G\u00e9nero y Feminismos\",\"Humanismo y Espiritualidad\",\"Internacional\",\"J\u00f3venes\",\"Noviolencia\",\"Paz y Desarme\",\"Pol\u00edtica\",\"Sudam\u00e9rica\"],\"inLanguage\":\"es\"},{\"@type\":\"WebPage\",\"@id\":\"https:\/\/www.pressenza.com\/es\/2019\/09\/la-no-violencia-es-mi-opcion-octubre-no-violento-2019\/\",\"url\":\"https:\/\/www.pressenza.com\/es\/2019\/09\/la-no-violencia-es-mi-opcion-octubre-no-violento-2019\/\",\"name\":\"\\\"La no-violencia es mi opci\u00f3n\\\": Octubre No-Violento 2019\",\"isPartOf\":{\"@id\":\"https:\/\/www.pressenza.com\/es\/#website\"},\"primaryImageOfPage\":{\"@id\":\"https:\/\/www.pressenza.com\/es\/2019\/09\/la-no-violencia-es-mi-opcion-octubre-no-violento-2019\/#primaryimage\"},\"image\":{\"@id\":\"https:\/\/www.pressenza.com\/es\/2019\/09\/la-no-violencia-es-mi-opcion-octubre-no-violento-2019\/#primaryimage\"},\"thumbnailUrl\":\"https:\/\/www.pressenza.com\/wp-content\/uploads\/2019\/09\/8va-Feria-y-ONV.png\",\"datePublished\":\"2019-09-30T02:15:34+00:00\",\"description\":\"El colectivo Espacio Noviolento este a\u00f1o, como cada a\u00f1o, inaugura el octubre por la Paz y la Noviolencia el d\u00eda 2 de octubre, a las 10 am, en la explanada\",\"breadcrumb\":{\"@id\":\"https:\/\/www.pressenza.com\/es\/2019\/09\/la-no-violencia-es-mi-opcion-octubre-no-violento-2019\/#breadcrumb\"},\"inLanguage\":\"es\",\"potentialAction\":[{\"@type\":\"ReadAction\",\"target\":[\"https:\/\/www.pressenza.com\/es\/2019\/09\/la-no-violencia-es-mi-opcion-octubre-no-violento-2019\/\"]}]},{\"@type\":\"ImageObject\",\"inLanguage\":\"es\",\"@id\":\"https:\/\/www.pressenza.com\/es\/2019\/09\/la-no-violencia-es-mi-opcion-octubre-no-violento-2019\/#primaryimage\",\"url\":\"https:\/\/www.pressenza.com\/wp-content\/uploads\/2019\/09\/8va-Feria-y-ONV.png\",\"contentUrl\":\"https:\/\/www.pressenza.com\/wp-content\/uploads\/2019\/09\/8va-Feria-y-ONV.png\",\"width\":1858,\"height\":1108},{\"@type\":\"BreadcrumbList\",\"@id\":\"https:\/\/www.pressenza.com\/es\/2019\/09\/la-no-violencia-es-mi-opcion-octubre-no-violento-2019\/#breadcrumb\",\"itemListElement\":[{\"@type\":\"ListItem\",\"position\":1,\"name\":\"Accueil\",\"item\":\"https:\/\/www.pressenza.com\/es\/\"},{\"@type\":\"ListItem\",\"position\":2,\"name\":\"\u00abLa no-violencia es mi opci\u00f3n\u00bb: Octubre No-Violento 2019\"}]},{\"@type\":\"WebSite\",\"@id\":\"https:\/\/www.pressenza.com\/es\/#website\",\"url\":\"https:\/\/www.pressenza.com\/es\/\",\"name\":\"Pressenza\",\"description\":\"International Press Agency\",\"publisher\":{\"@id\":\"https:\/\/www.pressenza.com\/es\/#organization\"},\"potentialAction\":[{\"@type\":\"SearchAction\",\"target\":{\"@type\":\"EntryPoint\",\"urlTemplate\":\"https:\/\/www.pressenza.com\/es\/?s={search_term_string}\"},\"query-input\":{\"@type\":\"PropertyValueSpecification\",\"valueRequired\":true,\"valueName\":\"search_term_string\"}}],\"inLanguage\":\"es\"},{\"@type\":\"Organization\",\"@id\":\"https:\/\/www.pressenza.com\/es\/#organization\",\"name\":\"Pressenza\",\"url\":\"https:\/\/www.pressenza.com\/es\/\",\"logo\":{\"@type\":\"ImageObject\",\"inLanguage\":\"es\",\"@id\":\"https:\/\/www.pressenza.com\/es\/#\/schema\/logo\/image\/\",\"url\":\"https:\/\/www.pressenza.com\/wp-content\/uploads\/2022\/10\/pressenza_logo_200x200.jpg\",\"contentUrl\":\"https:\/\/www.pressenza.com\/wp-content\/uploads\/2022\/10\/pressenza_logo_200x200.jpg\",\"width\":200,\"height\":200,\"caption\":\"Pressenza\"},\"image\":{\"@id\":\"https:\/\/www.pressenza.com\/es\/#\/schema\/logo\/image\/\"},\"sameAs\":[\"https:\/\/www.facebook.com\/PressenzaItalia\",\"https:\/\/x.com\/PressenzaIPA\"]},{\"@type\":\"Person\",\"@id\":\"https:\/\/www.pressenza.com\/es\/#\/schema\/person\/883a735c40665759bcc6fe0c26bcb46f\",\"name\":\"Redacci\u00f3n Ecuador\",\"description\":\"News published by the Pressenza bureau in Quito, Ecuador\",\"url\":\"https:\/\/www.pressenza.com\/es\/author\/redaccion-ecuador\/\"}]}<\/script>\n<!-- \/ Yoast SEO plugin. -->","yoast_head_json":{"title":"\"La no-violencia es mi opci\u00f3n\": Octubre No-Violento 2019","description":"El colectivo Espacio Noviolento este a\u00f1o, como cada a\u00f1o, inaugura el octubre por la Paz y la Noviolencia el d\u00eda 2 de octubre, a las 10 am, en la explanada","robots":{"index":"index","follow":"follow","max-snippet":"max-snippet:-1","max-image-preview":"max-image-preview:large","max-video-preview":"max-video-preview:-1"},"canonical":"https:\/\/www.pressenza.com\/es\/2019\/09\/la-no-violencia-es-mi-opcion-octubre-no-violento-2019\/","og_locale":"es_ES","og_type":"article","og_title":"\"La no-violencia es mi opci\u00f3n\": Octubre No-Violento 2019","og_description":"El colectivo Espacio Noviolento este a\u00f1o, como cada a\u00f1o, inaugura el octubre por la Paz y la Noviolencia el d\u00eda 2 de octubre, a las 10 am, en la explanada","og_url":"https:\/\/www.pressenza.com\/es\/2019\/09\/la-no-violencia-es-mi-opcion-octubre-no-violento-2019\/","og_site_name":"Pressenza","article_publisher":"https:\/\/www.facebook.com\/PressenzaItalia","article_published_time":"2019-09-30T02:15:34+00:00","og_image":[{"width":1858,"height":1108,"url":"https:\/\/www.pressenza.com\/wp-content\/uploads\/2019\/09\/8va-Feria-y-ONV.png","type":"image\/png"}],"author":"Redacci\u00f3n Ecuador","twitter_card":"summary_large_image","twitter_creator":"@PressenzaIPA","twitter_site":"@PressenzaIPA","twitter_misc":{"Escrito por":"Redacci\u00f3n Ecuador","Tiempo de lectura":"2 minutos"},"schema":{"@context":"https:\/\/schema.org","@graph":[{"@type":"Article","@id":"https:\/\/www.pressenza.com\/es\/2019\/09\/la-no-violencia-es-mi-opcion-octubre-no-violento-2019\/#article","isPartOf":{"@id":"https:\/\/www.pressenza.com\/es\/2019\/09\/la-no-violencia-es-mi-opcion-octubre-no-violento-2019\/"},"author":{"name":"Redacci\u00f3n Ecuador","@id":"https:\/\/www.pressenza.com\/es\/#\/schema\/person\/883a735c40665759bcc6fe0c26bcb46f"},"headline":"\u00abLa no-violencia es mi opci\u00f3n\u00bb: Octubre No-Violento 2019","datePublished":"2019-09-30T02:15:34+00:00","mainEntityOfPage":{"@id":"https:\/\/www.pressenza.com\/es\/2019\/09\/la-no-violencia-es-mi-opcion-octubre-no-violento-2019\/"},"wordCount":431,"publisher":{"@id":"https:\/\/www.pressenza.com\/es\/#organization"},"image":{"@id":"https:\/\/www.pressenza.com\/es\/2019\/09\/la-no-violencia-es-mi-opcion-octubre-no-violento-2019\/#primaryimage"},"thumbnailUrl":"https:\/\/www.pressenza.com\/wp-content\/uploads\/2019\/09\/8va-Feria-y-ONV.png","keywords":["Octubre Noviolento"],"articleSection":["Asuntos internacionales","Comunicados de Prensa","Contenido Original","Cultura y Medios","Derechos Humanos","Diversidad","Ecolog\u00eda y Medio Ambiente","Educaci\u00f3n","G\u00e9nero y Feminismos","Humanismo y Espiritualidad","Internacional","J\u00f3venes","Noviolencia","Paz y Desarme","Pol\u00edtica","Sudam\u00e9rica"],"inLanguage":"es"},{"@type":"WebPage","@id":"https:\/\/www.pressenza.com\/es\/2019\/09\/la-no-violencia-es-mi-opcion-octubre-no-violento-2019\/","url":"https:\/\/www.pressenza.com\/es\/2019\/09\/la-no-violencia-es-mi-opcion-octubre-no-violento-2019\/","name":"\"La no-violencia es mi opci\u00f3n\": Octubre No-Violento 2019","isPartOf":{"@id":"https:\/\/www.pressenza.com\/es\/#website"},"primaryImageOfPage":{"@id":"https:\/\/www.pressenza.com\/es\/2019\/09\/la-no-violencia-es-mi-opcion-octubre-no-violento-2019\/#primaryimage"},"image":{"@id":"https:\/\/www.pressenza.com\/es\/2019\/09\/la-no-violencia-es-mi-opcion-octubre-no-violento-2019\/#primaryimage"},"thumbnailUrl":"https:\/\/www.pressenza.com\/wp-content\/uploads\/2019\/09\/8va-Feria-y-ONV.png","datePublished":"2019-09-30T02:15:34+00:00","description":"El colectivo Espacio Noviolento este a\u00f1o, como cada a\u00f1o, inaugura el octubre por la Paz y la Noviolencia el d\u00eda 2 de octubre, a las 10 am, en la explanada","breadcrumb":{"@id":"https:\/\/www.pressenza.com\/es\/2019\/09\/la-no-violencia-es-mi-opcion-octubre-no-violento-2019\/#breadcrumb"},"inLanguage":"es","potentialAction":[{"@type":"ReadAction","target":["https:\/\/www.pressenza.com\/es\/2019\/09\/la-no-violencia-es-mi-opcion-octubre-no-violento-2019\/"]}]},{"@type":"ImageObject","inLanguage":"es","@id":"https:\/\/www.pressenza.com\/es\/2019\/09\/la-no-violencia-es-mi-opcion-octubre-no-violento-2019\/#primaryimage","url":"https:\/\/www.pressenza.com\/wp-content\/uploads\/2019\/09\/8va-Feria-y-ONV.png","contentUrl":"https:\/\/www.pressenza.com\/wp-content\/uploads\/2019\/09\/8va-Feria-y-ONV.png","width":1858,"height":1108},{"@type":"BreadcrumbList","@id":"https:\/\/www.pressenza.com\/es\/2019\/09\/la-no-violencia-es-mi-opcion-octubre-no-violento-2019\/#breadcrumb","itemListElement":[{"@type":"ListItem","position":1,"name":"Accueil","item":"https:\/\/www.pressenza.com\/es\/"},{"@type":"ListItem","position":2,"name":"\u00abLa no-violencia es mi opci\u00f3n\u00bb: Octubre No-Violento 2019"}]},{"@type":"WebSite","@id":"https:\/\/www.pressenza.com\/es\/#website","url":"https:\/\/www.pressenza.com\/es\/","name":"Pressenza","description":"International Press Agency","publisher":{"@id":"https:\/\/www.pressenza.com\/es\/#organization"},"potentialAction":[{"@type":"SearchAction","target":{"@type":"EntryPoint","urlTemplate":"https:\/\/www.pressenza.com\/es\/?s={search_term_string}"},"query-input":{"@type":"PropertyValueSpecification","valueRequired":true,"valueName":"search_term_string"}}],"inLanguage":"es"},{"@type":"Organization","@id":"https:\/\/www.pressenza.com\/es\/#organization","name":"Pressenza","url":"https:\/\/www.pressenza.com\/es\/","logo":{"@type":"ImageObject","inLanguage":"es","@id":"https:\/\/www.pressenza.com\/es\/#\/schema\/logo\/image\/","url":"https:\/\/www.pressenza.com\/wp-content\/uploads\/2022\/10\/pressenza_logo_200x200.jpg","contentUrl":"https:\/\/www.pressenza.com\/wp-content\/uploads\/2022\/10\/pressenza_logo_200x200.jpg","width":200,"height":200,"caption":"Pressenza"},"image":{"@id":"https:\/\/www.pressenza.com\/es\/#\/schema\/logo\/image\/"},"sameAs":["https:\/\/www.facebook.com\/PressenzaItalia","https:\/\/x.com\/PressenzaIPA"]},{"@type":"Person","@id":"https:\/\/www.pressenza.com\/es\/#\/schema\/person\/883a735c40665759bcc6fe0c26bcb46f","name":"Redacci\u00f3n Ecuador","description":"News published by the Pressenza bureau in Quito, Ecuador","url":"https:\/\/www.pressenza.com\/es\/author\/redaccion-ecuador\/"}]}},"place":"Quito, Ecuador","original_article_url":"","_links":{"self":[{"href":"https:\/\/www.pressenza.com\/es\/wp-json\/wp\/v2\/posts\/931296","targetHints":{"allow":["GET"]}}],"collection":[{"href":"https:\/\/www.pressenza.com\/es\/wp-json\/wp\/v2\/posts"}],"about":[{"href":"https:\/\/www.pressenza.com\/es\/wp-json\/wp\/v2\/types\/post"}],"author":[{"embeddable":true,"href":"https:\/\/www.pressenza.com\/es\/wp-json\/wp\/v2\/users\/1011"}],"replies":[{"embeddable":true,"href":"https:\/\/www.pressenza.com\/es\/wp-json\/wp\/v2\/comments?post=931296"}],"version-history":[{"count":0,"href":"https:\/\/www.pressenza.com\/es\/wp-json\/wp\/v2\/posts\/931296\/revisions"}],"wp:featuredmedia":[{"embeddable":true,"href":"https:\/\/www.pressenza.com\/es\/wp-json\/wp\/v2\/media\/931317"}],"wp:attachment":[{"href":"https:\/\/www.pressenza.com\/es\/wp-json\/wp\/v2\/media?parent=931296"}],"wp:term":[{"taxonomy":"category","embeddable":true,"href":"https:\/\/www.pressenza.com\/es\/wp-json\/wp\/v2\/categories?post=931296"},{"taxonomy":"post_tag","embeddable":true,"href":"https:\/\/www.pressenza.com\/es\/wp-json\/wp\/v2\/tags?post=931296"}],"curies":[{"name":"wp","href":"https:\/\/api.w.org\/{rel}","templated":true}]}}