{"id":929713,"date":"2019-09-28T05:10:47","date_gmt":"2019-09-28T04:10:47","guid":{"rendered":"https:\/\/www.pressenza.com\/?p=929713"},"modified":"2019-09-28T05:10:47","modified_gmt":"2019-09-28T04:10:47","slug":"sustitucion-de-cultivos-ilicitos-en-colombia-y-relacion-entre-armas-nucleares-y-cambio-climatico-en-pressenza-internacional-en-la-oreja","status":"publish","type":"post","link":"https:\/\/www.pressenza.com\/es\/2019\/09\/sustitucion-de-cultivos-ilicitos-en-colombia-y-relacion-entre-armas-nucleares-y-cambio-climatico-en-pressenza-internacional-en-la-oreja\/","title":{"rendered":"Sustituci\u00f3n de cultivos il\u00edcitos en Colombia y relaci\u00f3n entre armas nucleares y cambio clim\u00e1tico en Pressenza Internacional En la Oreja"},"content":{"rendered":"<p>Este viernes en el programa que realizan los editores de Pressenza para la radio p\u00fablica ecuatoriana Pichincha Universal, entrevistaron al m\u00e9dico costarricense Carlos Uma\u00f1a, integrante de ICAN, sobre la relaci\u00f3n de la necesidad del desarme nuclear para frenar el calentamiento global y con Thomas Mortensen de Christian Aid en Colombia, sobre la aplicaci\u00f3n del acuerdo de paz colombiano en el caso de las plantaciones de drogas il\u00edcitas.<br \/>\nAdem\u00e1s de toda la actualidad internacional, haciendo eje en la semana de protecci\u00f3n del medio ambiente. Imperdible!!!<\/p>\n<!--[if lt IE 9]><script>document.createElement('audio');<\/script><![endif]-->\n<audio class=\"wp-audio-shortcode\" id=\"audio-929713-1\" preload=\"none\" style=\"width: 100%;\" controls=\"controls\"><source type=\"audio\/mpeg\" src=\"https:\/\/mx.ivoox.com\/es\/pressenza-internacional-en-oreja-27-09-2019_md_42198835_wp_1.mp3?_=1\" \/><a href=\"https:\/\/mx.ivoox.com\/es\/pressenza-internacional-en-oreja-27-09-2019_md_42198835_wp_1.mp3\">https:\/\/mx.ivoox.com\/es\/pressenza-internacional-en-oreja-27-09-2019_md_42198835_wp_1.mp3<\/a><\/audio>\n<p><a title=\"Pressenza Internacional En la Oreja 27\/09\/2019\" href=\"https:\/\/mx.ivoox.com\/es\/pressenza-internacional-en-oreja-27-09-2019-audios-mp3_rf_42198835_1.html\">Ir a descargar<\/a><\/p>\n","protected":false},"excerpt":{"rendered":"<p>Este viernes en el programa que realizan los editores de Pressenza para la radio p\u00fablica ecuatoriana Pichincha Universal, entrevistaron al m\u00e9dico costarricense Carlos Uma\u00f1a, integrante de ICAN, sobre la relaci\u00f3n de la necesidad del desarme nuclear para frenar el calentamiento&hellip;<\/p>\n","protected":false},"author":1011,"featured_media":929714,"comment_status":"closed","ping_status":"closed","sticky":false,"template":"","format":"standard","meta":{"footnotes":""},"categories":[76,11389,39,1243,22754],"tags":[45928,30,1322,54694,31091,16372,19984,54738,64610,64611,22562],"class_list":["post-929713","post","type-post","status-publish","format-standard","has-post-thumbnail","hentry","category-relaciones-exteriores","category-contenido-original","category-internacional","category-paz-desarme","category-radio-es","tag-carlos-umana","tag-colombia","tag-drogas","tag-en-la-oreja-es-2","tag-paz-en-colombia","tag-pichincha-universal","tag-pressenza-internacional-en-la-oreja","tag-radio-es","tag-sustitucion-de-cultivos","tag-thomas-mortensen","tag-tratado-de-prohibicion-de-armas-nucleares"],"yoast_head":"<!-- This site is optimized with the Yoast SEO plugin v27.1.1 - https:\/\/yoast.com\/product\/yoast-seo-wordpress\/ -->\n<title>Sustituci\u00f3n de cultivos il\u00edcitos en Colombia y relaci\u00f3n entre armas nucleares y cambio clim\u00e1tico en Pressenza Internacional En la Oreja<\/title>\n<meta name=\"description\" content=\"Este viernes en el programa que realizan los editores de Pressenza para la radio p\u00fablica ecuatoriana Pichincha Universal, entrevistaron al m\u00e9dico\" \/>\n<meta name=\"robots\" content=\"index, follow, max-snippet:-1, max-image-preview:large, max-video-preview:-1\" \/>\n<link rel=\"canonical\" href=\"https:\/\/www.pressenza.com\/es\/2019\/09\/sustitucion-de-cultivos-ilicitos-en-colombia-y-relacion-entre-armas-nucleares-y-cambio-climatico-en-pressenza-internacional-en-la-oreja\/\" \/>\n<meta property=\"og:locale\" content=\"es_ES\" \/>\n<meta property=\"og:type\" content=\"article\" \/>\n<meta property=\"og:title\" content=\"Sustituci\u00f3n de cultivos il\u00edcitos en Colombia y relaci\u00f3n entre armas nucleares y cambio clim\u00e1tico en Pressenza Internacional En la Oreja\" \/>\n<meta property=\"og:description\" content=\"Este viernes en el programa que realizan los editores de Pressenza para la radio p\u00fablica ecuatoriana Pichincha Universal, entrevistaron al m\u00e9dico\" \/>\n<meta property=\"og:url\" content=\"https:\/\/www.pressenza.com\/es\/2019\/09\/sustitucion-de-cultivos-ilicitos-en-colombia-y-relacion-entre-armas-nucleares-y-cambio-climatico-en-pressenza-internacional-en-la-oreja\/\" \/>\n<meta property=\"og:site_name\" content=\"Pressenza\" \/>\n<meta property=\"article:publisher\" content=\"https:\/\/www.facebook.com\/PressenzaItalia\" \/>\n<meta property=\"article:published_time\" content=\"2019-09-28T04:10:47+00:00\" \/>\n<meta property=\"og:image\" content=\"https:\/\/www.pressenza.com\/wp-content\/uploads\/2019\/09\/Copie-de-Pressenza-Internacional-En-la-Oreja-2.png\" \/>\n\t<meta property=\"og:image:width\" content=\"940\" \/>\n\t<meta property=\"og:image:height\" content=\"788\" \/>\n\t<meta property=\"og:image:type\" content=\"image\/png\" \/>\n<meta name=\"author\" content=\"Redacci\u00f3n Ecuador\" \/>\n<meta name=\"twitter:card\" content=\"summary_large_image\" \/>\n<meta name=\"twitter:creator\" content=\"@PressenzaIPA\" \/>\n<meta name=\"twitter:site\" content=\"@PressenzaIPA\" \/>\n<meta name=\"twitter:label1\" content=\"Escrito por\" \/>\n\t<meta name=\"twitter:data1\" content=\"Redacci\u00f3n Ecuador\" \/>\n\t<meta name=\"twitter:label2\" content=\"Tiempo de lectura\" \/>\n\t<meta name=\"twitter:data2\" content=\"1 minuto\" \/>\n<script type=\"application\/ld+json\" class=\"yoast-schema-graph\">{\"@context\":\"https:\/\/schema.org\",\"@graph\":[{\"@type\":\"Article\",\"@id\":\"https:\/\/www.pressenza.com\/es\/2019\/09\/sustitucion-de-cultivos-ilicitos-en-colombia-y-relacion-entre-armas-nucleares-y-cambio-climatico-en-pressenza-internacional-en-la-oreja\/#article\",\"isPartOf\":{\"@id\":\"https:\/\/www.pressenza.com\/es\/2019\/09\/sustitucion-de-cultivos-ilicitos-en-colombia-y-relacion-entre-armas-nucleares-y-cambio-climatico-en-pressenza-internacional-en-la-oreja\/\"},\"author\":{\"name\":\"Redacci\u00f3n Ecuador\",\"@id\":\"https:\/\/www.pressenza.com\/es\/#\/schema\/person\/883a735c40665759bcc6fe0c26bcb46f\"},\"headline\":\"Sustituci\u00f3n de cultivos il\u00edcitos en Colombia y relaci\u00f3n entre armas nucleares y cambio clim\u00e1tico en Pressenza Internacional En la Oreja\",\"datePublished\":\"2019-09-28T04:10:47+00:00\",\"mainEntityOfPage\":{\"@id\":\"https:\/\/www.pressenza.com\/es\/2019\/09\/sustitucion-de-cultivos-ilicitos-en-colombia-y-relacion-entre-armas-nucleares-y-cambio-climatico-en-pressenza-internacional-en-la-oreja\/\"},\"wordCount\":132,\"publisher\":{\"@id\":\"https:\/\/www.pressenza.com\/es\/#organization\"},\"image\":{\"@id\":\"https:\/\/www.pressenza.com\/es\/2019\/09\/sustitucion-de-cultivos-ilicitos-en-colombia-y-relacion-entre-armas-nucleares-y-cambio-climatico-en-pressenza-internacional-en-la-oreja\/#primaryimage\"},\"thumbnailUrl\":\"https:\/\/www.pressenza.com\/wp-content\/uploads\/2019\/09\/Copie-de-Pressenza-Internacional-En-la-Oreja-2.png\",\"keywords\":[\"Carlos Uma\u00f1a\",\"Colombia\",\"drogas\",\"En la oreja\",\"paz en Colombia\",\"Pichincha Universal\",\"Pressenza Internacional En la oreja\",\"radio\",\"sustituci\u00f3n de cultivos\",\"Thomas Mortensen\",\"Tratado de prohibici\u00f3n de armas nucleares\"],\"articleSection\":[\"Asuntos internacionales\",\"Contenido Original\",\"Internacional\",\"Paz y Desarme\",\"Radio\"],\"inLanguage\":\"es\"},{\"@type\":\"WebPage\",\"@id\":\"https:\/\/www.pressenza.com\/es\/2019\/09\/sustitucion-de-cultivos-ilicitos-en-colombia-y-relacion-entre-armas-nucleares-y-cambio-climatico-en-pressenza-internacional-en-la-oreja\/\",\"url\":\"https:\/\/www.pressenza.com\/es\/2019\/09\/sustitucion-de-cultivos-ilicitos-en-colombia-y-relacion-entre-armas-nucleares-y-cambio-climatico-en-pressenza-internacional-en-la-oreja\/\",\"name\":\"Sustituci\u00f3n de cultivos il\u00edcitos en Colombia y relaci\u00f3n entre armas nucleares y cambio clim\u00e1tico en Pressenza Internacional En la Oreja\",\"isPartOf\":{\"@id\":\"https:\/\/www.pressenza.com\/es\/#website\"},\"primaryImageOfPage\":{\"@id\":\"https:\/\/www.pressenza.com\/es\/2019\/09\/sustitucion-de-cultivos-ilicitos-en-colombia-y-relacion-entre-armas-nucleares-y-cambio-climatico-en-pressenza-internacional-en-la-oreja\/#primaryimage\"},\"image\":{\"@id\":\"https:\/\/www.pressenza.com\/es\/2019\/09\/sustitucion-de-cultivos-ilicitos-en-colombia-y-relacion-entre-armas-nucleares-y-cambio-climatico-en-pressenza-internacional-en-la-oreja\/#primaryimage\"},\"thumbnailUrl\":\"https:\/\/www.pressenza.com\/wp-content\/uploads\/2019\/09\/Copie-de-Pressenza-Internacional-En-la-Oreja-2.png\",\"datePublished\":\"2019-09-28T04:10:47+00:00\",\"description\":\"Este viernes en el programa que realizan los editores de Pressenza para la radio p\u00fablica ecuatoriana Pichincha Universal, entrevistaron al m\u00e9dico\",\"breadcrumb\":{\"@id\":\"https:\/\/www.pressenza.com\/es\/2019\/09\/sustitucion-de-cultivos-ilicitos-en-colombia-y-relacion-entre-armas-nucleares-y-cambio-climatico-en-pressenza-internacional-en-la-oreja\/#breadcrumb\"},\"inLanguage\":\"es\",\"potentialAction\":[{\"@type\":\"ReadAction\",\"target\":[\"https:\/\/www.pressenza.com\/es\/2019\/09\/sustitucion-de-cultivos-ilicitos-en-colombia-y-relacion-entre-armas-nucleares-y-cambio-climatico-en-pressenza-internacional-en-la-oreja\/\"]}]},{\"@type\":\"ImageObject\",\"inLanguage\":\"es\",\"@id\":\"https:\/\/www.pressenza.com\/es\/2019\/09\/sustitucion-de-cultivos-ilicitos-en-colombia-y-relacion-entre-armas-nucleares-y-cambio-climatico-en-pressenza-internacional-en-la-oreja\/#primaryimage\",\"url\":\"https:\/\/www.pressenza.com\/wp-content\/uploads\/2019\/09\/Copie-de-Pressenza-Internacional-En-la-Oreja-2.png\",\"contentUrl\":\"https:\/\/www.pressenza.com\/wp-content\/uploads\/2019\/09\/Copie-de-Pressenza-Internacional-En-la-Oreja-2.png\",\"width\":940,\"height\":788},{\"@type\":\"BreadcrumbList\",\"@id\":\"https:\/\/www.pressenza.com\/es\/2019\/09\/sustitucion-de-cultivos-ilicitos-en-colombia-y-relacion-entre-armas-nucleares-y-cambio-climatico-en-pressenza-internacional-en-la-oreja\/#breadcrumb\",\"itemListElement\":[{\"@type\":\"ListItem\",\"position\":1,\"name\":\"Accueil\",\"item\":\"https:\/\/www.pressenza.com\/es\/\"},{\"@type\":\"ListItem\",\"position\":2,\"name\":\"Sustituci\u00f3n de cultivos il\u00edcitos en Colombia y relaci\u00f3n entre armas nucleares y cambio clim\u00e1tico en Pressenza Internacional En la Oreja\"}]},{\"@type\":\"WebSite\",\"@id\":\"https:\/\/www.pressenza.com\/es\/#website\",\"url\":\"https:\/\/www.pressenza.com\/es\/\",\"name\":\"Pressenza\",\"description\":\"International Press Agency\",\"publisher\":{\"@id\":\"https:\/\/www.pressenza.com\/es\/#organization\"},\"potentialAction\":[{\"@type\":\"SearchAction\",\"target\":{\"@type\":\"EntryPoint\",\"urlTemplate\":\"https:\/\/www.pressenza.com\/es\/?s={search_term_string}\"},\"query-input\":{\"@type\":\"PropertyValueSpecification\",\"valueRequired\":true,\"valueName\":\"search_term_string\"}}],\"inLanguage\":\"es\"},{\"@type\":\"Organization\",\"@id\":\"https:\/\/www.pressenza.com\/es\/#organization\",\"name\":\"Pressenza\",\"url\":\"https:\/\/www.pressenza.com\/es\/\",\"logo\":{\"@type\":\"ImageObject\",\"inLanguage\":\"es\",\"@id\":\"https:\/\/www.pressenza.com\/es\/#\/schema\/logo\/image\/\",\"url\":\"https:\/\/www.pressenza.com\/wp-content\/uploads\/2022\/10\/pressenza_logo_200x200.jpg\",\"contentUrl\":\"https:\/\/www.pressenza.com\/wp-content\/uploads\/2022\/10\/pressenza_logo_200x200.jpg\",\"width\":200,\"height\":200,\"caption\":\"Pressenza\"},\"image\":{\"@id\":\"https:\/\/www.pressenza.com\/es\/#\/schema\/logo\/image\/\"},\"sameAs\":[\"https:\/\/www.facebook.com\/PressenzaItalia\",\"https:\/\/x.com\/PressenzaIPA\"]},{\"@type\":\"Person\",\"@id\":\"https:\/\/www.pressenza.com\/es\/#\/schema\/person\/883a735c40665759bcc6fe0c26bcb46f\",\"name\":\"Redacci\u00f3n Ecuador\",\"description\":\"News published by the Pressenza bureau in Quito, Ecuador\",\"url\":\"https:\/\/www.pressenza.com\/es\/author\/redaccion-ecuador\/\"}]}<\/script>\n<!-- \/ Yoast SEO plugin. -->","yoast_head_json":{"title":"Sustituci\u00f3n de cultivos il\u00edcitos en Colombia y relaci\u00f3n entre armas nucleares y cambio clim\u00e1tico en Pressenza Internacional En la Oreja","description":"Este viernes en el programa que realizan los editores de Pressenza para la radio p\u00fablica ecuatoriana Pichincha Universal, entrevistaron al m\u00e9dico","robots":{"index":"index","follow":"follow","max-snippet":"max-snippet:-1","max-image-preview":"max-image-preview:large","max-video-preview":"max-video-preview:-1"},"canonical":"https:\/\/www.pressenza.com\/es\/2019\/09\/sustitucion-de-cultivos-ilicitos-en-colombia-y-relacion-entre-armas-nucleares-y-cambio-climatico-en-pressenza-internacional-en-la-oreja\/","og_locale":"es_ES","og_type":"article","og_title":"Sustituci\u00f3n de cultivos il\u00edcitos en Colombia y relaci\u00f3n entre armas nucleares y cambio clim\u00e1tico en Pressenza Internacional En la Oreja","og_description":"Este viernes en el programa que realizan los editores de Pressenza para la radio p\u00fablica ecuatoriana Pichincha Universal, entrevistaron al m\u00e9dico","og_url":"https:\/\/www.pressenza.com\/es\/2019\/09\/sustitucion-de-cultivos-ilicitos-en-colombia-y-relacion-entre-armas-nucleares-y-cambio-climatico-en-pressenza-internacional-en-la-oreja\/","og_site_name":"Pressenza","article_publisher":"https:\/\/www.facebook.com\/PressenzaItalia","article_published_time":"2019-09-28T04:10:47+00:00","og_image":[{"width":940,"height":788,"url":"https:\/\/www.pressenza.com\/wp-content\/uploads\/2019\/09\/Copie-de-Pressenza-Internacional-En-la-Oreja-2.png","type":"image\/png"}],"author":"Redacci\u00f3n Ecuador","twitter_card":"summary_large_image","twitter_creator":"@PressenzaIPA","twitter_site":"@PressenzaIPA","twitter_misc":{"Escrito por":"Redacci\u00f3n Ecuador","Tiempo de lectura":"1 minuto"},"schema":{"@context":"https:\/\/schema.org","@graph":[{"@type":"Article","@id":"https:\/\/www.pressenza.com\/es\/2019\/09\/sustitucion-de-cultivos-ilicitos-en-colombia-y-relacion-entre-armas-nucleares-y-cambio-climatico-en-pressenza-internacional-en-la-oreja\/#article","isPartOf":{"@id":"https:\/\/www.pressenza.com\/es\/2019\/09\/sustitucion-de-cultivos-ilicitos-en-colombia-y-relacion-entre-armas-nucleares-y-cambio-climatico-en-pressenza-internacional-en-la-oreja\/"},"author":{"name":"Redacci\u00f3n Ecuador","@id":"https:\/\/www.pressenza.com\/es\/#\/schema\/person\/883a735c40665759bcc6fe0c26bcb46f"},"headline":"Sustituci\u00f3n de cultivos il\u00edcitos en Colombia y relaci\u00f3n entre armas nucleares y cambio clim\u00e1tico en Pressenza Internacional En la Oreja","datePublished":"2019-09-28T04:10:47+00:00","mainEntityOfPage":{"@id":"https:\/\/www.pressenza.com\/es\/2019\/09\/sustitucion-de-cultivos-ilicitos-en-colombia-y-relacion-entre-armas-nucleares-y-cambio-climatico-en-pressenza-internacional-en-la-oreja\/"},"wordCount":132,"publisher":{"@id":"https:\/\/www.pressenza.com\/es\/#organization"},"image":{"@id":"https:\/\/www.pressenza.com\/es\/2019\/09\/sustitucion-de-cultivos-ilicitos-en-colombia-y-relacion-entre-armas-nucleares-y-cambio-climatico-en-pressenza-internacional-en-la-oreja\/#primaryimage"},"thumbnailUrl":"https:\/\/www.pressenza.com\/wp-content\/uploads\/2019\/09\/Copie-de-Pressenza-Internacional-En-la-Oreja-2.png","keywords":["Carlos Uma\u00f1a","Colombia","drogas","En la oreja","paz en Colombia","Pichincha Universal","Pressenza Internacional En la oreja","radio","sustituci\u00f3n de cultivos","Thomas Mortensen","Tratado de prohibici\u00f3n de armas nucleares"],"articleSection":["Asuntos internacionales","Contenido Original","Internacional","Paz y Desarme","Radio"],"inLanguage":"es"},{"@type":"WebPage","@id":"https:\/\/www.pressenza.com\/es\/2019\/09\/sustitucion-de-cultivos-ilicitos-en-colombia-y-relacion-entre-armas-nucleares-y-cambio-climatico-en-pressenza-internacional-en-la-oreja\/","url":"https:\/\/www.pressenza.com\/es\/2019\/09\/sustitucion-de-cultivos-ilicitos-en-colombia-y-relacion-entre-armas-nucleares-y-cambio-climatico-en-pressenza-internacional-en-la-oreja\/","name":"Sustituci\u00f3n de cultivos il\u00edcitos en Colombia y relaci\u00f3n entre armas nucleares y cambio clim\u00e1tico en Pressenza Internacional En la Oreja","isPartOf":{"@id":"https:\/\/www.pressenza.com\/es\/#website"},"primaryImageOfPage":{"@id":"https:\/\/www.pressenza.com\/es\/2019\/09\/sustitucion-de-cultivos-ilicitos-en-colombia-y-relacion-entre-armas-nucleares-y-cambio-climatico-en-pressenza-internacional-en-la-oreja\/#primaryimage"},"image":{"@id":"https:\/\/www.pressenza.com\/es\/2019\/09\/sustitucion-de-cultivos-ilicitos-en-colombia-y-relacion-entre-armas-nucleares-y-cambio-climatico-en-pressenza-internacional-en-la-oreja\/#primaryimage"},"thumbnailUrl":"https:\/\/www.pressenza.com\/wp-content\/uploads\/2019\/09\/Copie-de-Pressenza-Internacional-En-la-Oreja-2.png","datePublished":"2019-09-28T04:10:47+00:00","description":"Este viernes en el programa que realizan los editores de Pressenza para la radio p\u00fablica ecuatoriana Pichincha Universal, entrevistaron al m\u00e9dico","breadcrumb":{"@id":"https:\/\/www.pressenza.com\/es\/2019\/09\/sustitucion-de-cultivos-ilicitos-en-colombia-y-relacion-entre-armas-nucleares-y-cambio-climatico-en-pressenza-internacional-en-la-oreja\/#breadcrumb"},"inLanguage":"es","potentialAction":[{"@type":"ReadAction","target":["https:\/\/www.pressenza.com\/es\/2019\/09\/sustitucion-de-cultivos-ilicitos-en-colombia-y-relacion-entre-armas-nucleares-y-cambio-climatico-en-pressenza-internacional-en-la-oreja\/"]}]},{"@type":"ImageObject","inLanguage":"es","@id":"https:\/\/www.pressenza.com\/es\/2019\/09\/sustitucion-de-cultivos-ilicitos-en-colombia-y-relacion-entre-armas-nucleares-y-cambio-climatico-en-pressenza-internacional-en-la-oreja\/#primaryimage","url":"https:\/\/www.pressenza.com\/wp-content\/uploads\/2019\/09\/Copie-de-Pressenza-Internacional-En-la-Oreja-2.png","contentUrl":"https:\/\/www.pressenza.com\/wp-content\/uploads\/2019\/09\/Copie-de-Pressenza-Internacional-En-la-Oreja-2.png","width":940,"height":788},{"@type":"BreadcrumbList","@id":"https:\/\/www.pressenza.com\/es\/2019\/09\/sustitucion-de-cultivos-ilicitos-en-colombia-y-relacion-entre-armas-nucleares-y-cambio-climatico-en-pressenza-internacional-en-la-oreja\/#breadcrumb","itemListElement":[{"@type":"ListItem","position":1,"name":"Accueil","item":"https:\/\/www.pressenza.com\/es\/"},{"@type":"ListItem","position":2,"name":"Sustituci\u00f3n de cultivos il\u00edcitos en Colombia y relaci\u00f3n entre armas nucleares y cambio clim\u00e1tico en Pressenza Internacional En la Oreja"}]},{"@type":"WebSite","@id":"https:\/\/www.pressenza.com\/es\/#website","url":"https:\/\/www.pressenza.com\/es\/","name":"Pressenza","description":"International Press Agency","publisher":{"@id":"https:\/\/www.pressenza.com\/es\/#organization"},"potentialAction":[{"@type":"SearchAction","target":{"@type":"EntryPoint","urlTemplate":"https:\/\/www.pressenza.com\/es\/?s={search_term_string}"},"query-input":{"@type":"PropertyValueSpecification","valueRequired":true,"valueName":"search_term_string"}}],"inLanguage":"es"},{"@type":"Organization","@id":"https:\/\/www.pressenza.com\/es\/#organization","name":"Pressenza","url":"https:\/\/www.pressenza.com\/es\/","logo":{"@type":"ImageObject","inLanguage":"es","@id":"https:\/\/www.pressenza.com\/es\/#\/schema\/logo\/image\/","url":"https:\/\/www.pressenza.com\/wp-content\/uploads\/2022\/10\/pressenza_logo_200x200.jpg","contentUrl":"https:\/\/www.pressenza.com\/wp-content\/uploads\/2022\/10\/pressenza_logo_200x200.jpg","width":200,"height":200,"caption":"Pressenza"},"image":{"@id":"https:\/\/www.pressenza.com\/es\/#\/schema\/logo\/image\/"},"sameAs":["https:\/\/www.facebook.com\/PressenzaItalia","https:\/\/x.com\/PressenzaIPA"]},{"@type":"Person","@id":"https:\/\/www.pressenza.com\/es\/#\/schema\/person\/883a735c40665759bcc6fe0c26bcb46f","name":"Redacci\u00f3n Ecuador","description":"News published by the Pressenza bureau in Quito, Ecuador","url":"https:\/\/www.pressenza.com\/es\/author\/redaccion-ecuador\/"}]}},"place":"Quito - Buenos Aires - Santiago de Chile - Bogot\u00e1 - San Jos\u00e9 de Costa Rica","original_article_url":"","_links":{"self":[{"href":"https:\/\/www.pressenza.com\/es\/wp-json\/wp\/v2\/posts\/929713","targetHints":{"allow":["GET"]}}],"collection":[{"href":"https:\/\/www.pressenza.com\/es\/wp-json\/wp\/v2\/posts"}],"about":[{"href":"https:\/\/www.pressenza.com\/es\/wp-json\/wp\/v2\/types\/post"}],"author":[{"embeddable":true,"href":"https:\/\/www.pressenza.com\/es\/wp-json\/wp\/v2\/users\/1011"}],"replies":[{"embeddable":true,"href":"https:\/\/www.pressenza.com\/es\/wp-json\/wp\/v2\/comments?post=929713"}],"version-history":[{"count":0,"href":"https:\/\/www.pressenza.com\/es\/wp-json\/wp\/v2\/posts\/929713\/revisions"}],"wp:featuredmedia":[{"embeddable":true,"href":"https:\/\/www.pressenza.com\/es\/wp-json\/wp\/v2\/media\/929714"}],"wp:attachment":[{"href":"https:\/\/www.pressenza.com\/es\/wp-json\/wp\/v2\/media?parent=929713"}],"wp:term":[{"taxonomy":"category","embeddable":true,"href":"https:\/\/www.pressenza.com\/es\/wp-json\/wp\/v2\/categories?post=929713"},{"taxonomy":"post_tag","embeddable":true,"href":"https:\/\/www.pressenza.com\/es\/wp-json\/wp\/v2\/tags?post=929713"}],"curies":[{"name":"wp","href":"https:\/\/api.w.org\/{rel}","templated":true}]}}