{"id":929421,"date":"2019-09-28T01:33:11","date_gmt":"2019-09-28T00:33:11","guid":{"rendered":"https:\/\/www.pressenza.com\/?p=929421"},"modified":"2019-09-28T01:34:12","modified_gmt":"2019-09-28T00:34:12","slug":"chile-marcha-contra-el-cambio-climatico-del-planeta","status":"publish","type":"post","link":"https:\/\/www.pressenza.com\/es\/2019\/09\/chile-marcha-contra-el-cambio-climatico-del-planeta\/","title":{"rendered":"Chile, marcha contra el cambio clim\u00e1tico del planeta"},"content":{"rendered":"<p>M\u00e1s de treinta mil personas, seg\u00fan las organizaciones,\u00a0 han marchado pacificamente pidiendo pol\u00edticas claras y eficaces a las autoridades para paliar el cambio clim\u00e1tico de nuestro planeta. Con el hastag <a class=\"PrettyLink hashtag customisable\" dir=\"ltr\" href=\"https:\/\/twitter.com\/hashtag\/YoMarcho?src=hash\" rel=\"tag\" data-query-source=\"hashtag_click\" data-scribe=\"element:hashtag\"><span class=\"PrettyLink-prefix\">#<\/span><span class=\"PrettyLink-value\">YoMarcho<\/span><\/a> porque el pueblo consciente defiende el medio ambiente.<\/p>\n<p>\/Fotograf\u00edas de Claudia Aranda Arellano\/<\/p>\n<div class=\"post-gallery\">\n\t\t\t<figure class=\"post-gallery-item\">\n\t\t\t\t<img decoding=\"async\" src=\"https:\/\/www.pressenza.com\/wp-content\/uploads\/2019\/09\/Marcha-Mundial-por-el-Planeta-Claudia-Aranda-27-sept-2019-Stgo-Chile-4-720x720.jpg\" loading=\"lazy\">\n\t\t\t\t<figcaption>\n\t\t\t\t\t\n\t\t\t\t<\/figcaption>\n\t\t\t<\/figure>\n\t\t\t<figure class=\"post-gallery-item\">\n\t\t\t\t<img decoding=\"async\" src=\"https:\/\/www.pressenza.com\/wp-content\/uploads\/2019\/09\/Marcha-Mundial-por-el-Planeta-Claudia-Aranda-27-sept-2019-Stgo-Chile-12-720x720.jpg\" loading=\"lazy\">\n\t\t\t\t<figcaption>\n\t\t\t\t\t\n\t\t\t\t<\/figcaption>\n\t\t\t<\/figure>\n\t\t\t<figure class=\"post-gallery-item\">\n\t\t\t\t<img decoding=\"async\" src=\"https:\/\/www.pressenza.com\/wp-content\/uploads\/2019\/09\/Marcha-Mundial-por-el-Planeta-fotos-de-Claudia-Aranda-Stgo-Cchile-27-sept-2019-1-720x720.jpg\" loading=\"lazy\">\n\t\t\t\t<figcaption>\n\t\t\t\t\t\n\t\t\t\t<\/figcaption>\n\t\t\t<\/figure>\n\t\t\t<figure class=\"post-gallery-item\">\n\t\t\t\t<img decoding=\"async\" src=\"https:\/\/www.pressenza.com\/wp-content\/uploads\/2019\/09\/Marcha-Mundial-por-el-Planeta-fotos-de-Claudia-Aranda-Stgo-Cchile-27-sept-2019-2-720x720.jpg\" loading=\"lazy\">\n\t\t\t\t<figcaption>\n\t\t\t\t\t\n\t\t\t\t<\/figcaption>\n\t\t\t<\/figure>\n\t\t\t<figure class=\"post-gallery-item\">\n\t\t\t\t<img decoding=\"async\" src=\"https:\/\/www.pressenza.com\/wp-content\/uploads\/2019\/09\/Marcha-Mundial-por-el-Planeta-fotos-de-Claudia-Aranda-Stgo-Cchile-27-sept-2019-3-720x720.jpg\" loading=\"lazy\">\n\t\t\t\t<figcaption>\n\t\t\t\t\t\n\t\t\t\t<\/figcaption>\n\t\t\t<\/figure>\n\t\t\t<figure class=\"post-gallery-item\">\n\t\t\t\t<img decoding=\"async\" src=\"https:\/\/www.pressenza.com\/wp-content\/uploads\/2019\/09\/Marcha-Mundial-por-el-Planeta-fotos-de-Claudia-Aranda-Stgo-Cchile-27-sept-2019-4-720x720.jpg\" loading=\"lazy\">\n\t\t\t\t<figcaption>\n\t\t\t\t\t\n\t\t\t\t<\/figcaption>\n\t\t\t<\/figure>\n\t\t\t<figure class=\"post-gallery-item\">\n\t\t\t\t<img decoding=\"async\" src=\"https:\/\/www.pressenza.com\/wp-content\/uploads\/2019\/09\/Marcha-Mundial-por-el-Planeta-fotos-de-Claudia-Aranda-Stgo-Cchile-27-sept-2019-5-720x720.jpg\" loading=\"lazy\">\n\t\t\t\t<figcaption>\n\t\t\t\t\t\n\t\t\t\t<\/figcaption>\n\t\t\t<\/figure>\n\t\t\t<figure class=\"post-gallery-item\">\n\t\t\t\t<img decoding=\"async\" src=\"https:\/\/www.pressenza.com\/wp-content\/uploads\/2019\/09\/Marcha-Mundial-por-el-Planeta-fotos-de-Claudia-Aranda-Stgo-Cchile-27-sept-2019-6-720x720.jpg\" loading=\"lazy\">\n\t\t\t\t<figcaption>\n\t\t\t\t\t\n\t\t\t\t<\/figcaption>\n\t\t\t<\/figure>\n\t\t\t<figure class=\"post-gallery-item\">\n\t\t\t\t<img decoding=\"async\" src=\"https:\/\/www.pressenza.com\/wp-content\/uploads\/2019\/09\/Marcha-Mundial-por-el-Planeta-stgo-chile-fotos-de-Claudia-Aranda-27-sept-2019-1-720x720.jpg\" loading=\"lazy\">\n\t\t\t\t<figcaption>\n\t\t\t\t\t\n\t\t\t\t<\/figcaption>\n\t\t\t<\/figure>\n\t\t\t<figure class=\"post-gallery-item\">\n\t\t\t\t<img decoding=\"async\" src=\"https:\/\/www.pressenza.com\/wp-content\/uploads\/2019\/09\/Marcha-Mundial-por-el-Planeta-stgo-chile-fotos-de-Claudia-Aranda-27-sept-2019-2-720x720.jpg\" loading=\"lazy\">\n\t\t\t\t<figcaption>\n\t\t\t\t\t\n\t\t\t\t<\/figcaption>\n\t\t\t<\/figure>\n\t\t\t<figure class=\"post-gallery-item\">\n\t\t\t\t<img decoding=\"async\" src=\"https:\/\/www.pressenza.com\/wp-content\/uploads\/2019\/09\/Marcha-Mundial-por-el-Planeta-stgo-chile-fotos-de-Claudia-Aranda-27-sept-2019-3-720x720.jpg\" loading=\"lazy\">\n\t\t\t\t<figcaption>\n\t\t\t\t\t\n\t\t\t\t<\/figcaption>\n\t\t\t<\/figure>\n\t\t\t<figure class=\"post-gallery-item\">\n\t\t\t\t<img decoding=\"async\" src=\"https:\/\/www.pressenza.com\/wp-content\/uploads\/2019\/09\/Marcha-Mundial-por-el-Planeta-stgo-chile-fotos-de-Claudia-Aranda-27-sept-2019-4-720x720.jpg\" loading=\"lazy\">\n\t\t\t\t<figcaption>\n\t\t\t\t\t\n\t\t\t\t<\/figcaption>\n\t\t\t<\/figure>\n\t\t\t<figure class=\"post-gallery-item\">\n\t\t\t\t<img decoding=\"async\" src=\"https:\/\/www.pressenza.com\/wp-content\/uploads\/2019\/09\/Marcha-Mundial-por-el-Planeta-stgo-chile-fotos-de-Claudia-Aranda-27-sept-2019-5-720x720.jpg\" loading=\"lazy\">\n\t\t\t\t<figcaption>\n\t\t\t\t\t\n\t\t\t\t<\/figcaption>\n\t\t\t<\/figure>\n\t\t\t<figure class=\"post-gallery-item\">\n\t\t\t\t<img decoding=\"async\" src=\"https:\/\/www.pressenza.com\/wp-content\/uploads\/2019\/09\/Marcha-Mundial-por-el-Planeta-stgo-chile-fotos-de-Claudia-Aranda-27-sept-2019-6-720x720.jpg\" loading=\"lazy\">\n\t\t\t\t<figcaption>\n\t\t\t\t\t\n\t\t\t\t<\/figcaption>\n\t\t\t<\/figure>\n\t\t\t<figure class=\"post-gallery-item\">\n\t\t\t\t<img decoding=\"async\" src=\"https:\/\/www.pressenza.com\/wp-content\/uploads\/2019\/09\/Marcha-Mundial-por-el-Planeta-stgo-chile-fotos-de-Claudia-Aranda-27-sept-2019-7-720x720.jpg\" loading=\"lazy\">\n\t\t\t\t<figcaption>\n\t\t\t\t\t\n\t\t\t\t<\/figcaption>\n\t\t\t<\/figure>\n\t\t\t<figure class=\"post-gallery-item\">\n\t\t\t\t<img decoding=\"async\" src=\"https:\/\/www.pressenza.com\/wp-content\/uploads\/2019\/09\/Marcha-Mundial-por-el-Planeta-stgo-chile-fotos-de-Claudia-Aranda-27-sept-2019-8-720x405.jpg\" loading=\"lazy\">\n\t\t\t\t<figcaption>\n\t\t\t\t\t\n\t\t\t\t<\/figcaption>\n\t\t\t<\/figure>\n\t\t\t<figure class=\"post-gallery-item\">\n\t\t\t\t<img decoding=\"async\" src=\"https:\/\/www.pressenza.com\/wp-content\/uploads\/2019\/09\/Marcha-Mundial-por-el-Planeta-stgo-chile-fotos-de-Claudia-Aranda-27-sept-2019-9-720x720.jpg\" loading=\"lazy\">\n\t\t\t\t<figcaption>\n\t\t\t\t\t\n\t\t\t\t<\/figcaption>\n\t\t\t<\/figure>\n\t\t\t<figure class=\"post-gallery-item\">\n\t\t\t\t<img decoding=\"async\" src=\"https:\/\/www.pressenza.com\/wp-content\/uploads\/2019\/09\/Marcha-Mundial-por-el-Planeta-stgo-chile-fotos-de-Claudia-Aranda-27-sept-2019-10-720x720.jpg\" loading=\"lazy\">\n\t\t\t\t<figcaption>\n\t\t\t\t\t\n\t\t\t\t<\/figcaption>\n\t\t\t<\/figure>\n\t\t\t<figure class=\"post-gallery-item\">\n\t\t\t\t<img decoding=\"async\" src=\"https:\/\/www.pressenza.com\/wp-content\/uploads\/2019\/09\/Marcha-Mundial-por-el-Planeta-stgo-chile-fotos-de-Claudia-Aranda-27-sept-2019-11-720x720.jpg\" loading=\"lazy\">\n\t\t\t\t<figcaption>\n\t\t\t\t\t\n\t\t\t\t<\/figcaption>\n\t\t\t<\/figure><\/div>\n","protected":false},"excerpt":{"rendered":"<p>M\u00e1s de treinta mil personas, seg\u00fan las organizaciones,\u00a0 han marchado pacificamente pidiendo pol\u00edticas claras y eficaces a las autoridades para paliar el cambio clim\u00e1tico de nuestro planeta. Con el hastag #YoMarcho porque el pueblo consciente defiende el medio ambiente. \/Fotograf\u00edas&hellip;<\/p>\n","protected":false},"author":43,"featured_media":929439,"comment_status":"closed","ping_status":"closed","sticky":false,"template":"","format":"standard","meta":{"footnotes":""},"categories":[11389,78,5667,67],"tags":[1265,29,62931,51905,8641],"class_list":["post-929421","post","type-post","status-publish","format-standard","has-post-thumbnail","hentry","category-contenido-original","category-medio-ambiente-ecologia","category-foto-reportajes","category-sudamerica","tag-cambio-climatico","tag-chile","tag-marcha-mundial-es","tag-planeta","tag-santiago"],"yoast_head":"<!-- This site is optimized with the Yoast SEO plugin v27.1.1 - https:\/\/yoast.com\/product\/yoast-seo-wordpress\/ -->\n<title>Chile, marcha contra el cambio clim\u00e1tico del planeta<\/title>\n<meta name=\"description\" content=\"M\u00e1s de treinta mil personas, seg\u00fan las organizaciones,\u00a0 han marchado pacificamente pidiendo pol\u00edticas claras y eficaces a las autoridades para paliar el\" \/>\n<meta name=\"robots\" content=\"index, follow, max-snippet:-1, max-image-preview:large, max-video-preview:-1\" \/>\n<link rel=\"canonical\" href=\"https:\/\/www.pressenza.com\/es\/2019\/09\/chile-marcha-contra-el-cambio-climatico-del-planeta\/\" \/>\n<meta property=\"og:locale\" content=\"es_ES\" \/>\n<meta property=\"og:type\" content=\"article\" \/>\n<meta property=\"og:title\" content=\"Chile, marcha contra el cambio clim\u00e1tico del planeta\" \/>\n<meta property=\"og:description\" content=\"M\u00e1s de treinta mil personas, seg\u00fan las organizaciones,\u00a0 han marchado pacificamente pidiendo pol\u00edticas claras y eficaces a las autoridades para paliar el\" \/>\n<meta property=\"og:url\" content=\"https:\/\/www.pressenza.com\/es\/2019\/09\/chile-marcha-contra-el-cambio-climatico-del-planeta\/\" \/>\n<meta property=\"og:site_name\" content=\"Pressenza\" \/>\n<meta property=\"article:publisher\" content=\"https:\/\/www.facebook.com\/PressenzaItalia\" \/>\n<meta property=\"article:author\" content=\"https:\/\/www.facebook.com\/pressenza\" \/>\n<meta property=\"article:published_time\" content=\"2019-09-28T00:33:11+00:00\" \/>\n<meta property=\"article:modified_time\" content=\"2019-09-28T00:34:12+00:00\" \/>\n<meta property=\"og:image\" content=\"https:\/\/www.pressenza.com\/wp-content\/uploads\/2019\/09\/Marcha-Mundial-por-el-Planeta-Claudia-Aranda-27-sept-2019-Stgo-Chile-33.jpg\" \/>\n\t<meta property=\"og:image:width\" content=\"1032\" \/>\n\t<meta property=\"og:image:height\" content=\"581\" \/>\n\t<meta property=\"og:image:type\" content=\"image\/jpeg\" \/>\n<meta name=\"author\" content=\"Redacci\u00f3n Chile\" \/>\n<meta name=\"twitter:card\" content=\"summary_large_image\" \/>\n<meta name=\"twitter:creator\" content=\"@pressenza\" \/>\n<meta name=\"twitter:site\" content=\"@PressenzaIPA\" \/>\n<meta name=\"twitter:label1\" content=\"Escrito por\" \/>\n\t<meta name=\"twitter:data1\" content=\"Redacci\u00f3n Chile\" \/>\n<script type=\"application\/ld+json\" class=\"yoast-schema-graph\">{\"@context\":\"https:\/\/schema.org\",\"@graph\":[{\"@type\":\"Article\",\"@id\":\"https:\/\/www.pressenza.com\/es\/2019\/09\/chile-marcha-contra-el-cambio-climatico-del-planeta\/#article\",\"isPartOf\":{\"@id\":\"https:\/\/www.pressenza.com\/es\/2019\/09\/chile-marcha-contra-el-cambio-climatico-del-planeta\/\"},\"author\":{\"name\":\"Redacci\u00f3n Chile\",\"@id\":\"https:\/\/www.pressenza.com\/es\/#\/schema\/person\/d7db40df35d6698ba69ba9ee260944ed\"},\"headline\":\"Chile, marcha contra el cambio clim\u00e1tico del planeta\",\"datePublished\":\"2019-09-28T00:33:11+00:00\",\"dateModified\":\"2019-09-28T00:34:12+00:00\",\"mainEntityOfPage\":{\"@id\":\"https:\/\/www.pressenza.com\/es\/2019\/09\/chile-marcha-contra-el-cambio-climatico-del-planeta\/\"},\"wordCount\":60,\"publisher\":{\"@id\":\"https:\/\/www.pressenza.com\/es\/#organization\"},\"image\":{\"@id\":\"https:\/\/www.pressenza.com\/es\/2019\/09\/chile-marcha-contra-el-cambio-climatico-del-planeta\/#primaryimage\"},\"thumbnailUrl\":\"https:\/\/www.pressenza.com\/wp-content\/uploads\/2019\/09\/Marcha-Mundial-por-el-Planeta-Claudia-Aranda-27-sept-2019-Stgo-Chile-33.jpg\",\"keywords\":[\"cambio clim\u00e1tico\",\"Chile\",\"marcha mundial\",\"Planeta\",\"Santiago\"],\"articleSection\":[\"Contenido Original\",\"Ecolog\u00eda y Medio Ambiente\",\"Fotorreportajes\",\"Sudam\u00e9rica\"],\"inLanguage\":\"es\"},{\"@type\":\"WebPage\",\"@id\":\"https:\/\/www.pressenza.com\/es\/2019\/09\/chile-marcha-contra-el-cambio-climatico-del-planeta\/\",\"url\":\"https:\/\/www.pressenza.com\/es\/2019\/09\/chile-marcha-contra-el-cambio-climatico-del-planeta\/\",\"name\":\"Chile, marcha contra el cambio clim\u00e1tico del planeta\",\"isPartOf\":{\"@id\":\"https:\/\/www.pressenza.com\/es\/#website\"},\"primaryImageOfPage\":{\"@id\":\"https:\/\/www.pressenza.com\/es\/2019\/09\/chile-marcha-contra-el-cambio-climatico-del-planeta\/#primaryimage\"},\"image\":{\"@id\":\"https:\/\/www.pressenza.com\/es\/2019\/09\/chile-marcha-contra-el-cambio-climatico-del-planeta\/#primaryimage\"},\"thumbnailUrl\":\"https:\/\/www.pressenza.com\/wp-content\/uploads\/2019\/09\/Marcha-Mundial-por-el-Planeta-Claudia-Aranda-27-sept-2019-Stgo-Chile-33.jpg\",\"datePublished\":\"2019-09-28T00:33:11+00:00\",\"dateModified\":\"2019-09-28T00:34:12+00:00\",\"description\":\"M\u00e1s de treinta mil personas, seg\u00fan las organizaciones,\u00a0 han marchado pacificamente pidiendo pol\u00edticas claras y eficaces a las autoridades para paliar el\",\"breadcrumb\":{\"@id\":\"https:\/\/www.pressenza.com\/es\/2019\/09\/chile-marcha-contra-el-cambio-climatico-del-planeta\/#breadcrumb\"},\"inLanguage\":\"es\",\"potentialAction\":[{\"@type\":\"ReadAction\",\"target\":[\"https:\/\/www.pressenza.com\/es\/2019\/09\/chile-marcha-contra-el-cambio-climatico-del-planeta\/\"]}]},{\"@type\":\"ImageObject\",\"inLanguage\":\"es\",\"@id\":\"https:\/\/www.pressenza.com\/es\/2019\/09\/chile-marcha-contra-el-cambio-climatico-del-planeta\/#primaryimage\",\"url\":\"https:\/\/www.pressenza.com\/wp-content\/uploads\/2019\/09\/Marcha-Mundial-por-el-Planeta-Claudia-Aranda-27-sept-2019-Stgo-Chile-33.jpg\",\"contentUrl\":\"https:\/\/www.pressenza.com\/wp-content\/uploads\/2019\/09\/Marcha-Mundial-por-el-Planeta-Claudia-Aranda-27-sept-2019-Stgo-Chile-33.jpg\",\"width\":1032,\"height\":581},{\"@type\":\"BreadcrumbList\",\"@id\":\"https:\/\/www.pressenza.com\/es\/2019\/09\/chile-marcha-contra-el-cambio-climatico-del-planeta\/#breadcrumb\",\"itemListElement\":[{\"@type\":\"ListItem\",\"position\":1,\"name\":\"Accueil\",\"item\":\"https:\/\/www.pressenza.com\/es\/\"},{\"@type\":\"ListItem\",\"position\":2,\"name\":\"Chile, marcha contra el cambio clim\u00e1tico del planeta\"}]},{\"@type\":\"WebSite\",\"@id\":\"https:\/\/www.pressenza.com\/es\/#website\",\"url\":\"https:\/\/www.pressenza.com\/es\/\",\"name\":\"Pressenza\",\"description\":\"International Press Agency\",\"publisher\":{\"@id\":\"https:\/\/www.pressenza.com\/es\/#organization\"},\"potentialAction\":[{\"@type\":\"SearchAction\",\"target\":{\"@type\":\"EntryPoint\",\"urlTemplate\":\"https:\/\/www.pressenza.com\/es\/?s={search_term_string}\"},\"query-input\":{\"@type\":\"PropertyValueSpecification\",\"valueRequired\":true,\"valueName\":\"search_term_string\"}}],\"inLanguage\":\"es\"},{\"@type\":\"Organization\",\"@id\":\"https:\/\/www.pressenza.com\/es\/#organization\",\"name\":\"Pressenza\",\"url\":\"https:\/\/www.pressenza.com\/es\/\",\"logo\":{\"@type\":\"ImageObject\",\"inLanguage\":\"es\",\"@id\":\"https:\/\/www.pressenza.com\/es\/#\/schema\/logo\/image\/\",\"url\":\"https:\/\/www.pressenza.com\/wp-content\/uploads\/2022\/10\/pressenza_logo_200x200.jpg\",\"contentUrl\":\"https:\/\/www.pressenza.com\/wp-content\/uploads\/2022\/10\/pressenza_logo_200x200.jpg\",\"width\":200,\"height\":200,\"caption\":\"Pressenza\"},\"image\":{\"@id\":\"https:\/\/www.pressenza.com\/es\/#\/schema\/logo\/image\/\"},\"sameAs\":[\"https:\/\/www.facebook.com\/PressenzaItalia\",\"https:\/\/x.com\/PressenzaIPA\"]},{\"@type\":\"Person\",\"@id\":\"https:\/\/www.pressenza.com\/es\/#\/schema\/person\/d7db40df35d6698ba69ba9ee260944ed\",\"name\":\"Redacci\u00f3n Chile\",\"description\":\"News from the Pressenza Bureau in Chile\",\"sameAs\":[\"https:\/\/www.facebook.com\/pressenza\",\"https:\/\/x.com\/pressenza\"],\"url\":\"https:\/\/www.pressenza.com\/es\/author\/redaccion-chile\/\"}]}<\/script>\n<!-- \/ Yoast SEO plugin. -->","yoast_head_json":{"title":"Chile, marcha contra el cambio clim\u00e1tico del planeta","description":"M\u00e1s de treinta mil personas, seg\u00fan las organizaciones,\u00a0 han marchado pacificamente pidiendo pol\u00edticas claras y eficaces a las autoridades para paliar el","robots":{"index":"index","follow":"follow","max-snippet":"max-snippet:-1","max-image-preview":"max-image-preview:large","max-video-preview":"max-video-preview:-1"},"canonical":"https:\/\/www.pressenza.com\/es\/2019\/09\/chile-marcha-contra-el-cambio-climatico-del-planeta\/","og_locale":"es_ES","og_type":"article","og_title":"Chile, marcha contra el cambio clim\u00e1tico del planeta","og_description":"M\u00e1s de treinta mil personas, seg\u00fan las organizaciones,\u00a0 han marchado pacificamente pidiendo pol\u00edticas claras y eficaces a las autoridades para paliar el","og_url":"https:\/\/www.pressenza.com\/es\/2019\/09\/chile-marcha-contra-el-cambio-climatico-del-planeta\/","og_site_name":"Pressenza","article_publisher":"https:\/\/www.facebook.com\/PressenzaItalia","article_author":"https:\/\/www.facebook.com\/pressenza","article_published_time":"2019-09-28T00:33:11+00:00","article_modified_time":"2019-09-28T00:34:12+00:00","og_image":[{"width":1032,"height":581,"url":"https:\/\/www.pressenza.com\/wp-content\/uploads\/2019\/09\/Marcha-Mundial-por-el-Planeta-Claudia-Aranda-27-sept-2019-Stgo-Chile-33.jpg","type":"image\/jpeg"}],"author":"Redacci\u00f3n Chile","twitter_card":"summary_large_image","twitter_creator":"@pressenza","twitter_site":"@PressenzaIPA","twitter_misc":{"Escrito por":"Redacci\u00f3n Chile"},"schema":{"@context":"https:\/\/schema.org","@graph":[{"@type":"Article","@id":"https:\/\/www.pressenza.com\/es\/2019\/09\/chile-marcha-contra-el-cambio-climatico-del-planeta\/#article","isPartOf":{"@id":"https:\/\/www.pressenza.com\/es\/2019\/09\/chile-marcha-contra-el-cambio-climatico-del-planeta\/"},"author":{"name":"Redacci\u00f3n Chile","@id":"https:\/\/www.pressenza.com\/es\/#\/schema\/person\/d7db40df35d6698ba69ba9ee260944ed"},"headline":"Chile, marcha contra el cambio clim\u00e1tico del planeta","datePublished":"2019-09-28T00:33:11+00:00","dateModified":"2019-09-28T00:34:12+00:00","mainEntityOfPage":{"@id":"https:\/\/www.pressenza.com\/es\/2019\/09\/chile-marcha-contra-el-cambio-climatico-del-planeta\/"},"wordCount":60,"publisher":{"@id":"https:\/\/www.pressenza.com\/es\/#organization"},"image":{"@id":"https:\/\/www.pressenza.com\/es\/2019\/09\/chile-marcha-contra-el-cambio-climatico-del-planeta\/#primaryimage"},"thumbnailUrl":"https:\/\/www.pressenza.com\/wp-content\/uploads\/2019\/09\/Marcha-Mundial-por-el-Planeta-Claudia-Aranda-27-sept-2019-Stgo-Chile-33.jpg","keywords":["cambio clim\u00e1tico","Chile","marcha mundial","Planeta","Santiago"],"articleSection":["Contenido Original","Ecolog\u00eda y Medio Ambiente","Fotorreportajes","Sudam\u00e9rica"],"inLanguage":"es"},{"@type":"WebPage","@id":"https:\/\/www.pressenza.com\/es\/2019\/09\/chile-marcha-contra-el-cambio-climatico-del-planeta\/","url":"https:\/\/www.pressenza.com\/es\/2019\/09\/chile-marcha-contra-el-cambio-climatico-del-planeta\/","name":"Chile, marcha contra el cambio clim\u00e1tico del planeta","isPartOf":{"@id":"https:\/\/www.pressenza.com\/es\/#website"},"primaryImageOfPage":{"@id":"https:\/\/www.pressenza.com\/es\/2019\/09\/chile-marcha-contra-el-cambio-climatico-del-planeta\/#primaryimage"},"image":{"@id":"https:\/\/www.pressenza.com\/es\/2019\/09\/chile-marcha-contra-el-cambio-climatico-del-planeta\/#primaryimage"},"thumbnailUrl":"https:\/\/www.pressenza.com\/wp-content\/uploads\/2019\/09\/Marcha-Mundial-por-el-Planeta-Claudia-Aranda-27-sept-2019-Stgo-Chile-33.jpg","datePublished":"2019-09-28T00:33:11+00:00","dateModified":"2019-09-28T00:34:12+00:00","description":"M\u00e1s de treinta mil personas, seg\u00fan las organizaciones,\u00a0 han marchado pacificamente pidiendo pol\u00edticas claras y eficaces a las autoridades para paliar el","breadcrumb":{"@id":"https:\/\/www.pressenza.com\/es\/2019\/09\/chile-marcha-contra-el-cambio-climatico-del-planeta\/#breadcrumb"},"inLanguage":"es","potentialAction":[{"@type":"ReadAction","target":["https:\/\/www.pressenza.com\/es\/2019\/09\/chile-marcha-contra-el-cambio-climatico-del-planeta\/"]}]},{"@type":"ImageObject","inLanguage":"es","@id":"https:\/\/www.pressenza.com\/es\/2019\/09\/chile-marcha-contra-el-cambio-climatico-del-planeta\/#primaryimage","url":"https:\/\/www.pressenza.com\/wp-content\/uploads\/2019\/09\/Marcha-Mundial-por-el-Planeta-Claudia-Aranda-27-sept-2019-Stgo-Chile-33.jpg","contentUrl":"https:\/\/www.pressenza.com\/wp-content\/uploads\/2019\/09\/Marcha-Mundial-por-el-Planeta-Claudia-Aranda-27-sept-2019-Stgo-Chile-33.jpg","width":1032,"height":581},{"@type":"BreadcrumbList","@id":"https:\/\/www.pressenza.com\/es\/2019\/09\/chile-marcha-contra-el-cambio-climatico-del-planeta\/#breadcrumb","itemListElement":[{"@type":"ListItem","position":1,"name":"Accueil","item":"https:\/\/www.pressenza.com\/es\/"},{"@type":"ListItem","position":2,"name":"Chile, marcha contra el cambio clim\u00e1tico del planeta"}]},{"@type":"WebSite","@id":"https:\/\/www.pressenza.com\/es\/#website","url":"https:\/\/www.pressenza.com\/es\/","name":"Pressenza","description":"International Press Agency","publisher":{"@id":"https:\/\/www.pressenza.com\/es\/#organization"},"potentialAction":[{"@type":"SearchAction","target":{"@type":"EntryPoint","urlTemplate":"https:\/\/www.pressenza.com\/es\/?s={search_term_string}"},"query-input":{"@type":"PropertyValueSpecification","valueRequired":true,"valueName":"search_term_string"}}],"inLanguage":"es"},{"@type":"Organization","@id":"https:\/\/www.pressenza.com\/es\/#organization","name":"Pressenza","url":"https:\/\/www.pressenza.com\/es\/","logo":{"@type":"ImageObject","inLanguage":"es","@id":"https:\/\/www.pressenza.com\/es\/#\/schema\/logo\/image\/","url":"https:\/\/www.pressenza.com\/wp-content\/uploads\/2022\/10\/pressenza_logo_200x200.jpg","contentUrl":"https:\/\/www.pressenza.com\/wp-content\/uploads\/2022\/10\/pressenza_logo_200x200.jpg","width":200,"height":200,"caption":"Pressenza"},"image":{"@id":"https:\/\/www.pressenza.com\/es\/#\/schema\/logo\/image\/"},"sameAs":["https:\/\/www.facebook.com\/PressenzaItalia","https:\/\/x.com\/PressenzaIPA"]},{"@type":"Person","@id":"https:\/\/www.pressenza.com\/es\/#\/schema\/person\/d7db40df35d6698ba69ba9ee260944ed","name":"Redacci\u00f3n Chile","description":"News from the Pressenza Bureau in Chile","sameAs":["https:\/\/www.facebook.com\/pressenza","https:\/\/x.com\/pressenza"],"url":"https:\/\/www.pressenza.com\/es\/author\/redaccion-chile\/"}]}},"place":"","original_article_url":"","_links":{"self":[{"href":"https:\/\/www.pressenza.com\/es\/wp-json\/wp\/v2\/posts\/929421","targetHints":{"allow":["GET"]}}],"collection":[{"href":"https:\/\/www.pressenza.com\/es\/wp-json\/wp\/v2\/posts"}],"about":[{"href":"https:\/\/www.pressenza.com\/es\/wp-json\/wp\/v2\/types\/post"}],"author":[{"embeddable":true,"href":"https:\/\/www.pressenza.com\/es\/wp-json\/wp\/v2\/users\/43"}],"replies":[{"embeddable":true,"href":"https:\/\/www.pressenza.com\/es\/wp-json\/wp\/v2\/comments?post=929421"}],"version-history":[{"count":0,"href":"https:\/\/www.pressenza.com\/es\/wp-json\/wp\/v2\/posts\/929421\/revisions"}],"wp:featuredmedia":[{"embeddable":true,"href":"https:\/\/www.pressenza.com\/es\/wp-json\/wp\/v2\/media\/929439"}],"wp:attachment":[{"href":"https:\/\/www.pressenza.com\/es\/wp-json\/wp\/v2\/media?parent=929421"}],"wp:term":[{"taxonomy":"category","embeddable":true,"href":"https:\/\/www.pressenza.com\/es\/wp-json\/wp\/v2\/categories?post=929421"},{"taxonomy":"post_tag","embeddable":true,"href":"https:\/\/www.pressenza.com\/es\/wp-json\/wp\/v2\/tags?post=929421"}],"curies":[{"name":"wp","href":"https:\/\/api.w.org\/{rel}","templated":true}]}}