{"id":9292,"date":"2012-05-30T00:00:00","date_gmt":"2012-05-30T00:00:00","guid":{"rendered":""},"modified":"2012-05-30T21:30:24","modified_gmt":"2012-05-30T21:30:24","slug":"el-gobierno-conversa-con-los-ayseninos","status":"publish","type":"post","link":"https:\/\/www.pressenza.com\/es\/2012\/05\/el-gobierno-conversa-con-los-ayseninos\/","title":{"rendered":"El gobierno conversa con los ayseninos"},"content":{"rendered":"<p>\u00b7      Las reuniones de este martes contemplaron entrevistas con ministro de Desarrollo Social Joaqu\u00edn Lav\u00edn, subsecretaria de la cartera Loreto Seguel, junto al subsecretario de Hacienda, Julio Dittborn.<\/p>\n<p>\u00b7      Se abordar\u00e1n en estas jornadas canasta b\u00e1sica y pensi\u00f3n regionalizada, subsidio a los  combustibles y programa renueva tu cami\u00f3n, Camino Longitudinal Austral y otros caminos, estabilidad laboral, trabajadores eventuales y otras demandas laborales, consulta ciudadana por proyectos hidroel\u00e9ctricos, proyecto de Ley Ays\u00e9n Reserva de Vida, y regionalizaci\u00f3n de recursos naturales, adem\u00e1s zona franca con combustibles<\/p>\n<p>Cambios dr\u00e1sticos en el procedimiento para la compra, focalizaci\u00f3n y distribuci\u00f3n de la le\u00f1a y un mecanismo que avance en la nivelaci\u00f3n de la asignaci\u00f3n de zona de los funcionarios p\u00fablicos fueron los primeros temas abordados durante esta ma\u00f1ana por la delegaci\u00f3n de la mesa del Movimiento Social de Ays\u00e9n que viaj\u00f3 a Santiago para destrabar las negociaciones con el gobierno.  Estas reuniones se sostuvieron con la subsecretaria de Servicios Sociales del Ministerio de Desarrollo Social, Loreto Seguel, y el subsecretario de Hacienda, Julio Dittborn.  Adem\u00e1s, con el ministro de Desarrollo Social, Joaqu\u00edn Lav\u00edn.<\/p>\n<p>En primer lugar, los dirigentes explicaron  las autoridades los problemas que han existido en la regi\u00f3n por la forma en que el gobierno ha implementado el bono de le\u00f1a. <\/p>\n<p>Al respecto, Joaqu\u00edn Lav\u00edn se comprometi\u00f3 reevaluar el procedimiento mediante la incorporaci\u00f3n al proceso de focalizaci\u00f3n a quienes hayan quedado fuera de la entrega de le\u00f1a y tengan reales necesidades, a trav\u00e9s de listados que entreguen los municipios y la mesa social, para lo cual \u00e9sta se coordinar\u00e1 con las uniones comunales.  *\u201cHemos acogido el sentir de la mesa social, respecto de que puede haber personas que merecen ser beneficiarios del bono le\u00f1a, pero que por alguna raz\u00f3n no han sido incluidos en los listados\u201d* explic\u00f3.<\/p>\n<p>Asimismo, accedi\u00f3 a incorporar otros tipos de especies arb\u00f3reas, profundizar el trabajo de adquisici\u00f3n a peque\u00f1os le\u00f1eros y no s\u00f3lo a grandes productores (se trabajar\u00e1 con Fosis 30 cupos en Coyhaique y 30 en Puerto Ays\u00e9n para capital semilla destinado a le\u00f1eros vulnerables), junto con incorporar en las pr\u00f3ximas entregas un mecanismo que evite la distorsi\u00f3n de precios que est\u00e1 latente a ra\u00edz de la forma en que el gobierno regional llev\u00f3 adelante el proceso.  Asimismo, se ver\u00e1 la forma en que la entrega en el caso de adultos mayores y otras familias de extrema vulnerabilidad de Coyhaique, sea a domicilio.<\/p>\n<p>El vocero Misael Ruiz explic\u00f3 que se acogi\u00f3 el planteamiento de la mesa social, para que *\u201cse pueda entregar los tres metros que quedan con las juntas de vecinos y los municipios, que son los que conocen a la gente y pueden de mejor forma entregar la le\u00f1a a quienes realmente lo necesitan\u201d*.<\/p>\n<p>Agreg\u00f3 que *\u201caqu\u00ed hay que dejar bien en claro que nosotros nunca estuvimos de acuerdo con estos 4 metros de le\u00f1a que se est\u00e1n entregando hoy d\u00eda, porque nosotros dijimos que este volumen no era rentable por los 9 meses de invierno que tenemos en Ays\u00e9n, por tanto queremos que los tres metros restantes ojal\u00e1 se puedan entregar en forma responsable y que la gente le llegue la le\u00f1a a su casa y que no la tenga que ir a buscar, lo que les cuesta sumar 5 mil pesos de flete\u201d*.<\/p>\n<p>La entrega de la le\u00f1a, se concord\u00f3 en la ocasi\u00f3n, ser\u00e1 un mecanismo que se ir\u00e1 perfeccionando para ir avanzando hacia los criterios establecidos en el petitorio del Movimiento Social por Ays\u00e9n con relaci\u00f3n a la le\u00f1a, ya que originalmente ten\u00eda otras caracter\u00edsticas.<\/p>\n<p>Asignaci\u00f3n de zona<\/p>\n<p>Con Julio Dittborn se abord\u00f3 un tema hasta ahora no tocado, que se refiere a la asignaci\u00f3n de zona.  En este sentido, el subsecretario de Hacienda se comprometi\u00f3 a buscar un mecanismo, que ser\u00e1 informado dentro de los pr\u00f3ximos d\u00edas luego de consensuarlo a nivel de gobierno.<\/p>\n<p>*\u201cNosotros no hab\u00edamos tenido reuniones y uno de los motivos por los cuales estamos ac\u00e1 era justamente por eso, para colocar presi\u00f3n y tener una respuesta definitiva del gobierno.  Creo que este viaje va a tener buenos resultados, el subsecretario se allan\u00f3 a elaborar una propuesta dentro de estos d\u00edas, as\u00ed es que en teor\u00eda podr\u00eda estar el d\u00eda jueves o viernes esta propuesta por parte del gobierno\u201d* se\u00f1al\u00f3 al respecto Alejandro Gual\u00e1, coordinador de la Mesa del Sector P\u00fablico y quien, junto los presidentes regional y provincial de la Anef, Julio L\u00f3pez y Luis Silva, lidera este punto. <\/p>\n<p>Sobre las reuniones Iv\u00e1n Fuentes indic\u00f3 que *\u201cestamos avanzando en distintos puntos, tuvimos una reuni\u00f3n ilustrativa donde pudimos hablar de la le\u00f1a, de la asignaci\u00f3n de zona, as\u00ed es que ha sido provechoso todo este avance\u201d*.  <\/p>\n<p>*\u201cLos  funcionarios p\u00fablicos no hab\u00edan tenido la oportunidad de expresar bien en detalle su postura y me parece una oportunidad importante para poder resolver y nivelar esta forma injusta de repartir los beneficios del Estado, m\u00e1s a\u00fan para la gente que trabaja precisamente para el Estado\u201d* puntualiz\u00f3.<\/p>\n<p>La agenda<\/p>\n<p>Las reuniones de estos d\u00edas contemplan, adem\u00e1s, canasta b\u00e1sica y pensi\u00f3n regionalizada, subsidio a los  combustibles y programa renueva tu cami\u00f3n, Camino Longitudinal Austral y otros caminos, estabilidad laboral, trabajadores eventuales y otras demandas laborales, consulta ciudadana por proyectos hidroel\u00e9ctricos, proyecto de Ley Ays\u00e9n Reserva de Vida, y regionalizaci\u00f3n de recursos naturales, y zona franca con combustibles. \u00c9stas se extender\u00e1n hasta el mi\u00e9rcoles y eventualmente el jueves.<\/p>\n<p>En la visita adem\u00e1s se abordaron los otros temas considerados en la carta que se enviara al Presidente, especialmente el relacionado con el sistema de previsi\u00f3n que se asegurar\u00e1 a los vecinos que han quedado con secuelas f\u00edsicas producto de las movilizaciones. *\u201cHemos encargado al Servicio Nacional de la Discapacidad que se preocupe especialmente de quienes resultaron lesionados, heridos durante las manifestaciones a fin de que esas personas puedan tener la mejor atenci\u00f3n y el mejor trato posible\u201d* se\u00f1al\u00f3 al respecto Joaqu\u00edn Lav\u00edn.<\/p>\n<p>Adem\u00e1s, el hostigamiento por parte de autoridades y Carabineros a quienes participaron en las jornadas de protesta. <\/p>\n<p>Patricio Segura Ortiz<br \/>\nPeriodista<\/p>\n","protected":false},"excerpt":{"rendered":"<p>Querida Familia, amig@s, compa\u00f1er@s:<br \/>\nAdjunto informaci\u00f3n de prensa enviada hoy por nuestro compa\u00f1ero Patricio Segura O.   <\/p>\n<p>Producto de primeras reuniones en Santiago de delegaci\u00f3n de Mesa del Movimiento por Ays\u00e9n,<br \/>\nGobierno accede a modificar dr\u00e1sticamente procedimientos en entrega de le\u00f1a y a realizar propuesta que avance en nivelaci\u00f3n de zona<\/p>\n","protected":false},"author":788,"featured_media":0,"comment_status":"closed","ping_status":"open","sticky":false,"template":"","format":"standard","meta":{"footnotes":""},"categories":[74,67],"tags":[],"class_list":["post-9292","post","type-post","status-publish","format-standard","hentry","category-politica-es","category-sudamerica"],"yoast_head":"<!-- This site is optimized with the Yoast SEO plugin v27.1.1 - https:\/\/yoast.com\/product\/yoast-seo-wordpress\/ -->\n<title>El gobierno conversa con los ayseninos<\/title>\n<meta name=\"description\" content=\"Querida Familia, amig@s, compa\u00f1er@s:   Adjunto informaci\u00f3n de prensa enviada hoy por nuestro compa\u00f1ero Patricio Segura O.      Producto de primeras reuniones en Santiago de delegaci\u00f3n de Mesa del Movimiento por Ays\u00e9n,  Gobierno accede a modificar dr\u00e1sticamente procedimientos en entrega de le\u00f1a y a realizar propuesta que avance en nivelaci\u00f3n de zona\" \/>\n<meta name=\"robots\" content=\"index, follow, max-snippet:-1, max-image-preview:large, max-video-preview:-1\" \/>\n<link rel=\"canonical\" href=\"https:\/\/www.pressenza.com\/es\/2012\/05\/el-gobierno-conversa-con-los-ayseninos\/\" \/>\n<meta property=\"og:locale\" content=\"es_ES\" \/>\n<meta property=\"og:type\" content=\"article\" \/>\n<meta property=\"og:title\" content=\"El gobierno conversa con los ayseninos\" \/>\n<meta property=\"og:description\" content=\"Querida Familia, amig@s, compa\u00f1er@s:   Adjunto informaci\u00f3n de prensa enviada hoy por nuestro compa\u00f1ero Patricio Segura O.      Producto de primeras reuniones en Santiago de delegaci\u00f3n de Mesa del Movimiento por Ays\u00e9n,  Gobierno accede a modificar dr\u00e1sticamente procedimientos en entrega de le\u00f1a y a realizar propuesta que avance en nivelaci\u00f3n de zona\" \/>\n<meta property=\"og:url\" content=\"https:\/\/www.pressenza.com\/es\/2012\/05\/el-gobierno-conversa-con-los-ayseninos\/\" \/>\n<meta property=\"og:site_name\" content=\"Pressenza\" \/>\n<meta property=\"article:publisher\" content=\"https:\/\/www.facebook.com\/PressenzaItalia\" \/>\n<meta property=\"article:published_time\" content=\"2012-05-30T00:00:00+00:00\" \/>\n<meta property=\"article:modified_time\" content=\"2012-05-30T21:30:24+00:00\" \/>\n<meta name=\"author\" content=\"Magdalena Rosas Ossa\" \/>\n<meta name=\"twitter:card\" content=\"summary_large_image\" \/>\n<meta name=\"twitter:creator\" content=\"@PressenzaIPA\" \/>\n<meta name=\"twitter:site\" content=\"@PressenzaIPA\" \/>\n<meta name=\"twitter:label1\" content=\"Escrito por\" \/>\n\t<meta name=\"twitter:data1\" content=\"Magdalena  Rosas Ossa\" \/>\n\t<meta name=\"twitter:label2\" content=\"Tiempo de lectura\" \/>\n\t<meta name=\"twitter:data2\" content=\"5 minutos\" \/>\n<script type=\"application\/ld+json\" class=\"yoast-schema-graph\">{\"@context\":\"https:\/\/schema.org\",\"@graph\":[{\"@type\":\"Article\",\"@id\":\"https:\/\/www.pressenza.com\/es\/2012\/05\/el-gobierno-conversa-con-los-ayseninos\/#article\",\"isPartOf\":{\"@id\":\"https:\/\/www.pressenza.com\/es\/2012\/05\/el-gobierno-conversa-con-los-ayseninos\/\"},\"author\":{\"name\":\"Magdalena Rosas Ossa\",\"@id\":\"https:\/\/www.pressenza.com\/es\/#\/schema\/person\/6b4afd6e482fcd187973f7d825c0690f\"},\"headline\":\"El gobierno conversa con los ayseninos\",\"datePublished\":\"2012-05-30T00:00:00+00:00\",\"dateModified\":\"2012-05-30T21:30:24+00:00\",\"mainEntityOfPage\":{\"@id\":\"https:\/\/www.pressenza.com\/es\/2012\/05\/el-gobierno-conversa-con-los-ayseninos\/\"},\"wordCount\":1080,\"publisher\":{\"@id\":\"https:\/\/www.pressenza.com\/es\/#organization\"},\"articleSection\":[\"Pol\u00edtica\",\"Sudam\u00e9rica\"],\"inLanguage\":\"es\"},{\"@type\":\"WebPage\",\"@id\":\"https:\/\/www.pressenza.com\/es\/2012\/05\/el-gobierno-conversa-con-los-ayseninos\/\",\"url\":\"https:\/\/www.pressenza.com\/es\/2012\/05\/el-gobierno-conversa-con-los-ayseninos\/\",\"name\":\"El gobierno conversa con los ayseninos\",\"isPartOf\":{\"@id\":\"https:\/\/www.pressenza.com\/es\/#website\"},\"datePublished\":\"2012-05-30T00:00:00+00:00\",\"dateModified\":\"2012-05-30T21:30:24+00:00\",\"description\":\"Querida Familia, amig@s, compa\u00f1er@s: Adjunto informaci\u00f3n de prensa enviada hoy por nuestro compa\u00f1ero Patricio Segura O. Producto de primeras reuniones en Santiago de delegaci\u00f3n de Mesa del Movimiento por Ays\u00e9n, Gobierno accede a modificar dr\u00e1sticamente procedimientos en entrega de le\u00f1a y a realizar propuesta que avance en nivelaci\u00f3n de zona\",\"breadcrumb\":{\"@id\":\"https:\/\/www.pressenza.com\/es\/2012\/05\/el-gobierno-conversa-con-los-ayseninos\/#breadcrumb\"},\"inLanguage\":\"es\",\"potentialAction\":[{\"@type\":\"ReadAction\",\"target\":[\"https:\/\/www.pressenza.com\/es\/2012\/05\/el-gobierno-conversa-con-los-ayseninos\/\"]}]},{\"@type\":\"BreadcrumbList\",\"@id\":\"https:\/\/www.pressenza.com\/es\/2012\/05\/el-gobierno-conversa-con-los-ayseninos\/#breadcrumb\",\"itemListElement\":[{\"@type\":\"ListItem\",\"position\":1,\"name\":\"Accueil\",\"item\":\"https:\/\/www.pressenza.com\/es\/\"},{\"@type\":\"ListItem\",\"position\":2,\"name\":\"El gobierno conversa con los ayseninos\"}]},{\"@type\":\"WebSite\",\"@id\":\"https:\/\/www.pressenza.com\/es\/#website\",\"url\":\"https:\/\/www.pressenza.com\/es\/\",\"name\":\"Pressenza\",\"description\":\"International Press Agency\",\"publisher\":{\"@id\":\"https:\/\/www.pressenza.com\/es\/#organization\"},\"potentialAction\":[{\"@type\":\"SearchAction\",\"target\":{\"@type\":\"EntryPoint\",\"urlTemplate\":\"https:\/\/www.pressenza.com\/es\/?s={search_term_string}\"},\"query-input\":{\"@type\":\"PropertyValueSpecification\",\"valueRequired\":true,\"valueName\":\"search_term_string\"}}],\"inLanguage\":\"es\"},{\"@type\":\"Organization\",\"@id\":\"https:\/\/www.pressenza.com\/es\/#organization\",\"name\":\"Pressenza\",\"url\":\"https:\/\/www.pressenza.com\/es\/\",\"logo\":{\"@type\":\"ImageObject\",\"inLanguage\":\"es\",\"@id\":\"https:\/\/www.pressenza.com\/es\/#\/schema\/logo\/image\/\",\"url\":\"https:\/\/www.pressenza.com\/wp-content\/uploads\/2022\/10\/pressenza_logo_200x200.jpg\",\"contentUrl\":\"https:\/\/www.pressenza.com\/wp-content\/uploads\/2022\/10\/pressenza_logo_200x200.jpg\",\"width\":200,\"height\":200,\"caption\":\"Pressenza\"},\"image\":{\"@id\":\"https:\/\/www.pressenza.com\/es\/#\/schema\/logo\/image\/\"},\"sameAs\":[\"https:\/\/www.facebook.com\/PressenzaItalia\",\"https:\/\/x.com\/PressenzaIPA\"]},{\"@type\":\"Person\",\"@id\":\"https:\/\/www.pressenza.com\/es\/#\/schema\/person\/6b4afd6e482fcd187973f7d825c0690f\",\"name\":\"Magdalena Rosas Ossa\",\"url\":\"https:\/\/www.pressenza.com\/es\/author\/magdalena-rosas-ossa\/\"}]}<\/script>\n<!-- \/ Yoast SEO plugin. -->","yoast_head_json":{"title":"El gobierno conversa con los ayseninos","description":"Querida Familia, amig@s, compa\u00f1er@s:   Adjunto informaci\u00f3n de prensa enviada hoy por nuestro compa\u00f1ero Patricio Segura O.      Producto de primeras reuniones en Santiago de delegaci\u00f3n de Mesa del Movimiento por Ays\u00e9n,  Gobierno accede a modificar dr\u00e1sticamente procedimientos en entrega de le\u00f1a y a realizar propuesta que avance en nivelaci\u00f3n de zona","robots":{"index":"index","follow":"follow","max-snippet":"max-snippet:-1","max-image-preview":"max-image-preview:large","max-video-preview":"max-video-preview:-1"},"canonical":"https:\/\/www.pressenza.com\/es\/2012\/05\/el-gobierno-conversa-con-los-ayseninos\/","og_locale":"es_ES","og_type":"article","og_title":"El gobierno conversa con los ayseninos","og_description":"Querida Familia, amig@s, compa\u00f1er@s:   Adjunto informaci\u00f3n de prensa enviada hoy por nuestro compa\u00f1ero Patricio Segura O.      Producto de primeras reuniones en Santiago de delegaci\u00f3n de Mesa del Movimiento por Ays\u00e9n,  Gobierno accede a modificar dr\u00e1sticamente procedimientos en entrega de le\u00f1a y a realizar propuesta que avance en nivelaci\u00f3n de zona","og_url":"https:\/\/www.pressenza.com\/es\/2012\/05\/el-gobierno-conversa-con-los-ayseninos\/","og_site_name":"Pressenza","article_publisher":"https:\/\/www.facebook.com\/PressenzaItalia","article_published_time":"2012-05-30T00:00:00+00:00","article_modified_time":"2012-05-30T21:30:24+00:00","author":"Magdalena Rosas Ossa","twitter_card":"summary_large_image","twitter_creator":"@PressenzaIPA","twitter_site":"@PressenzaIPA","twitter_misc":{"Escrito por":"Magdalena  Rosas Ossa","Tiempo de lectura":"5 minutos"},"schema":{"@context":"https:\/\/schema.org","@graph":[{"@type":"Article","@id":"https:\/\/www.pressenza.com\/es\/2012\/05\/el-gobierno-conversa-con-los-ayseninos\/#article","isPartOf":{"@id":"https:\/\/www.pressenza.com\/es\/2012\/05\/el-gobierno-conversa-con-los-ayseninos\/"},"author":{"name":"Magdalena Rosas Ossa","@id":"https:\/\/www.pressenza.com\/es\/#\/schema\/person\/6b4afd6e482fcd187973f7d825c0690f"},"headline":"El gobierno conversa con los ayseninos","datePublished":"2012-05-30T00:00:00+00:00","dateModified":"2012-05-30T21:30:24+00:00","mainEntityOfPage":{"@id":"https:\/\/www.pressenza.com\/es\/2012\/05\/el-gobierno-conversa-con-los-ayseninos\/"},"wordCount":1080,"publisher":{"@id":"https:\/\/www.pressenza.com\/es\/#organization"},"articleSection":["Pol\u00edtica","Sudam\u00e9rica"],"inLanguage":"es"},{"@type":"WebPage","@id":"https:\/\/www.pressenza.com\/es\/2012\/05\/el-gobierno-conversa-con-los-ayseninos\/","url":"https:\/\/www.pressenza.com\/es\/2012\/05\/el-gobierno-conversa-con-los-ayseninos\/","name":"El gobierno conversa con los ayseninos","isPartOf":{"@id":"https:\/\/www.pressenza.com\/es\/#website"},"datePublished":"2012-05-30T00:00:00+00:00","dateModified":"2012-05-30T21:30:24+00:00","description":"Querida Familia, amig@s, compa\u00f1er@s: Adjunto informaci\u00f3n de prensa enviada hoy por nuestro compa\u00f1ero Patricio Segura O. Producto de primeras reuniones en Santiago de delegaci\u00f3n de Mesa del Movimiento por Ays\u00e9n, Gobierno accede a modificar dr\u00e1sticamente procedimientos en entrega de le\u00f1a y a realizar propuesta que avance en nivelaci\u00f3n de zona","breadcrumb":{"@id":"https:\/\/www.pressenza.com\/es\/2012\/05\/el-gobierno-conversa-con-los-ayseninos\/#breadcrumb"},"inLanguage":"es","potentialAction":[{"@type":"ReadAction","target":["https:\/\/www.pressenza.com\/es\/2012\/05\/el-gobierno-conversa-con-los-ayseninos\/"]}]},{"@type":"BreadcrumbList","@id":"https:\/\/www.pressenza.com\/es\/2012\/05\/el-gobierno-conversa-con-los-ayseninos\/#breadcrumb","itemListElement":[{"@type":"ListItem","position":1,"name":"Accueil","item":"https:\/\/www.pressenza.com\/es\/"},{"@type":"ListItem","position":2,"name":"El gobierno conversa con los ayseninos"}]},{"@type":"WebSite","@id":"https:\/\/www.pressenza.com\/es\/#website","url":"https:\/\/www.pressenza.com\/es\/","name":"Pressenza","description":"International Press Agency","publisher":{"@id":"https:\/\/www.pressenza.com\/es\/#organization"},"potentialAction":[{"@type":"SearchAction","target":{"@type":"EntryPoint","urlTemplate":"https:\/\/www.pressenza.com\/es\/?s={search_term_string}"},"query-input":{"@type":"PropertyValueSpecification","valueRequired":true,"valueName":"search_term_string"}}],"inLanguage":"es"},{"@type":"Organization","@id":"https:\/\/www.pressenza.com\/es\/#organization","name":"Pressenza","url":"https:\/\/www.pressenza.com\/es\/","logo":{"@type":"ImageObject","inLanguage":"es","@id":"https:\/\/www.pressenza.com\/es\/#\/schema\/logo\/image\/","url":"https:\/\/www.pressenza.com\/wp-content\/uploads\/2022\/10\/pressenza_logo_200x200.jpg","contentUrl":"https:\/\/www.pressenza.com\/wp-content\/uploads\/2022\/10\/pressenza_logo_200x200.jpg","width":200,"height":200,"caption":"Pressenza"},"image":{"@id":"https:\/\/www.pressenza.com\/es\/#\/schema\/logo\/image\/"},"sameAs":["https:\/\/www.facebook.com\/PressenzaItalia","https:\/\/x.com\/PressenzaIPA"]},{"@type":"Person","@id":"https:\/\/www.pressenza.com\/es\/#\/schema\/person\/6b4afd6e482fcd187973f7d825c0690f","name":"Magdalena Rosas Ossa","url":"https:\/\/www.pressenza.com\/es\/author\/magdalena-rosas-ossa\/"}]}},"place":"Coihayque","original_article_url":"","_links":{"self":[{"href":"https:\/\/www.pressenza.com\/es\/wp-json\/wp\/v2\/posts\/9292","targetHints":{"allow":["GET"]}}],"collection":[{"href":"https:\/\/www.pressenza.com\/es\/wp-json\/wp\/v2\/posts"}],"about":[{"href":"https:\/\/www.pressenza.com\/es\/wp-json\/wp\/v2\/types\/post"}],"author":[{"embeddable":true,"href":"https:\/\/www.pressenza.com\/es\/wp-json\/wp\/v2\/users\/788"}],"replies":[{"embeddable":true,"href":"https:\/\/www.pressenza.com\/es\/wp-json\/wp\/v2\/comments?post=9292"}],"version-history":[{"count":0,"href":"https:\/\/www.pressenza.com\/es\/wp-json\/wp\/v2\/posts\/9292\/revisions"}],"wp:attachment":[{"href":"https:\/\/www.pressenza.com\/es\/wp-json\/wp\/v2\/media?parent=9292"}],"wp:term":[{"taxonomy":"category","embeddable":true,"href":"https:\/\/www.pressenza.com\/es\/wp-json\/wp\/v2\/categories?post=9292"},{"taxonomy":"post_tag","embeddable":true,"href":"https:\/\/www.pressenza.com\/es\/wp-json\/wp\/v2\/tags?post=9292"}],"curies":[{"name":"wp","href":"https:\/\/api.w.org\/{rel}","templated":true}]}}