{"id":924,"date":"2009-08-12T00:00:00","date_gmt":"2009-08-12T00:00:00","guid":{"rendered":""},"modified":"2009-09-28T05:01:03","modified_gmt":"2009-09-28T05:01:03","slug":"conferencia-de-desarmex-china-pide-negociar-con-corea-del-norte-e-irxn","status":"publish","type":"post","link":"https:\/\/www.pressenza.com\/es\/2009\/08\/conferencia-de-desarmex-china-pide-negociar-con-corea-del-norte-e-irxn\/","title":{"rendered":"Conferencia de Desarme: China pide negociar con Corea del Norte e Ir\u00e1n"},"content":{"rendered":"<p>El ministro de Relaciones Exteriores de China, Yang Jiechi, inst\u00f3 hoy a que se resuelvan las cuestiones nucleares relacionadas con Corea del Norte e Ir\u00e1n a trav\u00e9s del di\u00e1logo y la negociaci\u00f3n.<\/p>\n<p>Al hablar ante la Conferencia de la ONU sobre Desarme, en Ginebra, el canciller afirm\u00f3 que su pa\u00eds est\u00e1 dispuesto a trabajar con las otras partes involucradas para promover la desnuclearizaci\u00f3n de la pen\u00ednsula coreana y llegar a un acuerdo apropiado sobre tema nuclear iran\u00ed.<\/p>\n<p>Por otro lado, consider\u00f3 importante promover la universalidad y eficacia del Tratado de No Proliferaci\u00f3n Nuclear y asegurar su cumplimiento. Agreg\u00f3 que para ello es necesario reforzar las funciones del Organismo Internacional de Energ\u00eda At\u00f3mica (OIEA).<\/p>\n<p>\u201cEs importante resolver la cuesti\u00f3n de la proliferaci\u00f3n nuclear a trav\u00e9s de medios pol\u00edticos y diplom\u00e1ticos y erradicar sus causas subyacentes\u201d, dijo Yang.<\/p>\n<p>\u201cComo objetivo a largo plazo\u201d, agreg\u00f3, \u201cla comunidad internacional deber\u00eda elaborar una convenci\u00f3n relativa a la prohibici\u00f3n total de las armas at\u00f3micas para lograr el desarme nuclear, bajo la supervisi\u00f3n internacional\u201d.<\/p>\n<p>Adem\u00e1s, en el 06 de agosto, el canciller hab\u00eda reafirmado que su pa\u00eds cumplir\u00e1 con el compromiso que adquiri\u00f3 de no ser el primer pa\u00eds en usar armas nucleares, \u00abnunca y bajo ninguna circunstancia\u00bb. \u00abDe hecho, somos el \u00fanico estado nuclear que ha asumido ese compromiso y nuestra pol\u00edtica no va a cambiar en el futuro\u00bb, especific\u00f3.<\/p>\n","protected":false},"excerpt":{"rendered":"<p>Adem\u00e1s, el canciller chino dijo que su pa\u00eds cumplir\u00e1 con el compromiso que adquiri\u00f3 de no ser el primer pa\u00eds en usar armas nucleares. \u00abDe hecho, somos el \u00fanico estado nuclear que ha asumido ese compromiso y nuestra pol\u00edtica no va a cambiar en el futuro\u00bb, especific\u00f3 el canciller, en la Conferencia de Desarme de la Organizaci\u00f3n de Naciones Unidas (ONU), en Ginebra, Suiza.<\/p>\n","protected":false},"author":19,"featured_media":0,"comment_status":"closed","ping_status":"open","sticky":false,"template":"","format":"standard","meta":{"footnotes":""},"categories":[76,66,39],"tags":[],"class_list":["post-924","post","type-post","status-publish","format-standard","hentry","category-relaciones-exteriores","category-europa-es","category-internacional"],"yoast_head":"<!-- This site is optimized with the Yoast SEO plugin v27.1.1 - https:\/\/yoast.com\/product\/yoast-seo-wordpress\/ -->\n<title>Conferencia de Desarme: China pide negociar con Corea del Norte e Ir\u00e1n<\/title>\n<meta name=\"description\" content=\"Adem\u00e1s, el canciller chino dijo que su pa\u00eds cumplir\u00e1 con el compromiso que adquiri\u00f3 de no ser el primer pa\u00eds en usar armas nucleares. &quot;De hecho, somos el \u00fanico estado nuclear que ha asumido ese compromiso y nuestra pol\u00edtica no va a cambiar en el futuro&quot;, especific\u00f3 el canciller, en la Conferencia de Desarme de la Organizaci\u00f3n de Naciones Unidas (ONU), en Ginebra, Suiza.\" \/>\n<meta name=\"robots\" content=\"index, follow, max-snippet:-1, max-image-preview:large, max-video-preview:-1\" \/>\n<link rel=\"canonical\" href=\"https:\/\/www.pressenza.com\/es\/2009\/08\/conferencia-de-desarmex-china-pide-negociar-con-corea-del-norte-e-irxn\/\" \/>\n<meta property=\"og:locale\" content=\"es_ES\" \/>\n<meta property=\"og:type\" content=\"article\" \/>\n<meta property=\"og:title\" content=\"Conferencia de Desarme: China pide negociar con Corea del Norte e Ir\u00e1n\" \/>\n<meta property=\"og:description\" content=\"Adem\u00e1s, el canciller chino dijo que su pa\u00eds cumplir\u00e1 con el compromiso que adquiri\u00f3 de no ser el primer pa\u00eds en usar armas nucleares. &quot;De hecho, somos el \u00fanico estado nuclear que ha asumido ese compromiso y nuestra pol\u00edtica no va a cambiar en el futuro&quot;, especific\u00f3 el canciller, en la Conferencia de Desarme de la Organizaci\u00f3n de Naciones Unidas (ONU), en Ginebra, Suiza.\" \/>\n<meta property=\"og:url\" content=\"https:\/\/www.pressenza.com\/es\/2009\/08\/conferencia-de-desarmex-china-pide-negociar-con-corea-del-norte-e-irxn\/\" \/>\n<meta property=\"og:site_name\" content=\"Pressenza\" \/>\n<meta property=\"article:publisher\" content=\"https:\/\/www.facebook.com\/PressenzaItalia\" \/>\n<meta property=\"article:author\" content=\"https:\/\/www.facebook.com\/pressenza\" \/>\n<meta property=\"article:published_time\" content=\"2009-08-12T00:00:00+00:00\" \/>\n<meta property=\"article:modified_time\" content=\"2009-09-28T05:01:03+00:00\" \/>\n<meta name=\"author\" content=\"Pressenza IPA\" \/>\n<meta name=\"twitter:card\" content=\"summary_large_image\" \/>\n<meta name=\"twitter:creator\" content=\"@PressenzaIPA\" \/>\n<meta name=\"twitter:site\" content=\"@PressenzaIPA\" \/>\n<meta name=\"twitter:label1\" content=\"Escrito por\" \/>\n\t<meta name=\"twitter:data1\" content=\"Pressenza IPA\" \/>\n\t<meta name=\"twitter:label2\" content=\"Tiempo de lectura\" \/>\n\t<meta name=\"twitter:data2\" content=\"1 minuto\" \/>\n<script type=\"application\/ld+json\" class=\"yoast-schema-graph\">{\"@context\":\"https:\/\/schema.org\",\"@graph\":[{\"@type\":\"Article\",\"@id\":\"https:\/\/www.pressenza.com\/es\/2009\/08\/conferencia-de-desarmex-china-pide-negociar-con-corea-del-norte-e-irxn\/#article\",\"isPartOf\":{\"@id\":\"https:\/\/www.pressenza.com\/es\/2009\/08\/conferencia-de-desarmex-china-pide-negociar-con-corea-del-norte-e-irxn\/\"},\"author\":{\"name\":\"Pressenza IPA\",\"@id\":\"https:\/\/www.pressenza.com\/es\/#\/schema\/person\/010e5d02bcf40965427a1289a4cc8d75\"},\"headline\":\"Conferencia de Desarme: China pide negociar con Corea del Norte e Ir\u00e1n\",\"datePublished\":\"2009-08-12T00:00:00+00:00\",\"dateModified\":\"2009-09-28T05:01:03+00:00\",\"mainEntityOfPage\":{\"@id\":\"https:\/\/www.pressenza.com\/es\/2009\/08\/conferencia-de-desarmex-china-pide-negociar-con-corea-del-norte-e-irxn\/\"},\"wordCount\":261,\"publisher\":{\"@id\":\"https:\/\/www.pressenza.com\/es\/#organization\"},\"articleSection\":[\"Asuntos internacionales\",\"Europa\",\"Internacional\"],\"inLanguage\":\"es\"},{\"@type\":\"WebPage\",\"@id\":\"https:\/\/www.pressenza.com\/es\/2009\/08\/conferencia-de-desarmex-china-pide-negociar-con-corea-del-norte-e-irxn\/\",\"url\":\"https:\/\/www.pressenza.com\/es\/2009\/08\/conferencia-de-desarmex-china-pide-negociar-con-corea-del-norte-e-irxn\/\",\"name\":\"Conferencia de Desarme: China pide negociar con Corea del Norte e Ir\u00e1n\",\"isPartOf\":{\"@id\":\"https:\/\/www.pressenza.com\/es\/#website\"},\"datePublished\":\"2009-08-12T00:00:00+00:00\",\"dateModified\":\"2009-09-28T05:01:03+00:00\",\"description\":\"Adem\u00e1s, el canciller chino dijo que su pa\u00eds cumplir\u00e1 con el compromiso que adquiri\u00f3 de no ser el primer pa\u00eds en usar armas nucleares. \\\"De hecho, somos el \u00fanico estado nuclear que ha asumido ese compromiso y nuestra pol\u00edtica no va a cambiar en el futuro\\\", especific\u00f3 el canciller, en la Conferencia de Desarme de la Organizaci\u00f3n de Naciones Unidas (ONU), en Ginebra, Suiza.\",\"breadcrumb\":{\"@id\":\"https:\/\/www.pressenza.com\/es\/2009\/08\/conferencia-de-desarmex-china-pide-negociar-con-corea-del-norte-e-irxn\/#breadcrumb\"},\"inLanguage\":\"es\",\"potentialAction\":[{\"@type\":\"ReadAction\",\"target\":[\"https:\/\/www.pressenza.com\/es\/2009\/08\/conferencia-de-desarmex-china-pide-negociar-con-corea-del-norte-e-irxn\/\"]}]},{\"@type\":\"BreadcrumbList\",\"@id\":\"https:\/\/www.pressenza.com\/es\/2009\/08\/conferencia-de-desarmex-china-pide-negociar-con-corea-del-norte-e-irxn\/#breadcrumb\",\"itemListElement\":[{\"@type\":\"ListItem\",\"position\":1,\"name\":\"Accueil\",\"item\":\"https:\/\/www.pressenza.com\/es\/\"},{\"@type\":\"ListItem\",\"position\":2,\"name\":\"Conferencia de Desarme: China pide negociar con Corea del Norte e Ir\u00e1n\"}]},{\"@type\":\"WebSite\",\"@id\":\"https:\/\/www.pressenza.com\/es\/#website\",\"url\":\"https:\/\/www.pressenza.com\/es\/\",\"name\":\"Pressenza\",\"description\":\"International Press Agency\",\"publisher\":{\"@id\":\"https:\/\/www.pressenza.com\/es\/#organization\"},\"potentialAction\":[{\"@type\":\"SearchAction\",\"target\":{\"@type\":\"EntryPoint\",\"urlTemplate\":\"https:\/\/www.pressenza.com\/es\/?s={search_term_string}\"},\"query-input\":{\"@type\":\"PropertyValueSpecification\",\"valueRequired\":true,\"valueName\":\"search_term_string\"}}],\"inLanguage\":\"es\"},{\"@type\":\"Organization\",\"@id\":\"https:\/\/www.pressenza.com\/es\/#organization\",\"name\":\"Pressenza\",\"url\":\"https:\/\/www.pressenza.com\/es\/\",\"logo\":{\"@type\":\"ImageObject\",\"inLanguage\":\"es\",\"@id\":\"https:\/\/www.pressenza.com\/es\/#\/schema\/logo\/image\/\",\"url\":\"https:\/\/www.pressenza.com\/wp-content\/uploads\/2022\/10\/pressenza_logo_200x200.jpg\",\"contentUrl\":\"https:\/\/www.pressenza.com\/wp-content\/uploads\/2022\/10\/pressenza_logo_200x200.jpg\",\"width\":200,\"height\":200,\"caption\":\"Pressenza\"},\"image\":{\"@id\":\"https:\/\/www.pressenza.com\/es\/#\/schema\/logo\/image\/\"},\"sameAs\":[\"https:\/\/www.facebook.com\/PressenzaItalia\",\"https:\/\/x.com\/PressenzaIPA\"]},{\"@type\":\"Person\",\"@id\":\"https:\/\/www.pressenza.com\/es\/#\/schema\/person\/010e5d02bcf40965427a1289a4cc8d75\",\"name\":\"Pressenza IPA\",\"description\":\"News from Pressenza IPA correspondents\",\"sameAs\":[\"https:\/\/www.facebook.com\/pressenza\",\"https:\/\/x.com\/PressenzaIPA\"],\"url\":\"https:\/\/www.pressenza.com\/es\/author\/pressenza-ipa\/\"}]}<\/script>\n<!-- \/ Yoast SEO plugin. -->","yoast_head_json":{"title":"Conferencia de Desarme: China pide negociar con Corea del Norte e Ir\u00e1n","description":"Adem\u00e1s, el canciller chino dijo que su pa\u00eds cumplir\u00e1 con el compromiso que adquiri\u00f3 de no ser el primer pa\u00eds en usar armas nucleares. \"De hecho, somos el \u00fanico estado nuclear que ha asumido ese compromiso y nuestra pol\u00edtica no va a cambiar en el futuro\", especific\u00f3 el canciller, en la Conferencia de Desarme de la Organizaci\u00f3n de Naciones Unidas (ONU), en Ginebra, Suiza.","robots":{"index":"index","follow":"follow","max-snippet":"max-snippet:-1","max-image-preview":"max-image-preview:large","max-video-preview":"max-video-preview:-1"},"canonical":"https:\/\/www.pressenza.com\/es\/2009\/08\/conferencia-de-desarmex-china-pide-negociar-con-corea-del-norte-e-irxn\/","og_locale":"es_ES","og_type":"article","og_title":"Conferencia de Desarme: China pide negociar con Corea del Norte e Ir\u00e1n","og_description":"Adem\u00e1s, el canciller chino dijo que su pa\u00eds cumplir\u00e1 con el compromiso que adquiri\u00f3 de no ser el primer pa\u00eds en usar armas nucleares. \"De hecho, somos el \u00fanico estado nuclear que ha asumido ese compromiso y nuestra pol\u00edtica no va a cambiar en el futuro\", especific\u00f3 el canciller, en la Conferencia de Desarme de la Organizaci\u00f3n de Naciones Unidas (ONU), en Ginebra, Suiza.","og_url":"https:\/\/www.pressenza.com\/es\/2009\/08\/conferencia-de-desarmex-china-pide-negociar-con-corea-del-norte-e-irxn\/","og_site_name":"Pressenza","article_publisher":"https:\/\/www.facebook.com\/PressenzaItalia","article_author":"https:\/\/www.facebook.com\/pressenza","article_published_time":"2009-08-12T00:00:00+00:00","article_modified_time":"2009-09-28T05:01:03+00:00","author":"Pressenza IPA","twitter_card":"summary_large_image","twitter_creator":"@PressenzaIPA","twitter_site":"@PressenzaIPA","twitter_misc":{"Escrito por":"Pressenza IPA","Tiempo de lectura":"1 minuto"},"schema":{"@context":"https:\/\/schema.org","@graph":[{"@type":"Article","@id":"https:\/\/www.pressenza.com\/es\/2009\/08\/conferencia-de-desarmex-china-pide-negociar-con-corea-del-norte-e-irxn\/#article","isPartOf":{"@id":"https:\/\/www.pressenza.com\/es\/2009\/08\/conferencia-de-desarmex-china-pide-negociar-con-corea-del-norte-e-irxn\/"},"author":{"name":"Pressenza IPA","@id":"https:\/\/www.pressenza.com\/es\/#\/schema\/person\/010e5d02bcf40965427a1289a4cc8d75"},"headline":"Conferencia de Desarme: China pide negociar con Corea del Norte e Ir\u00e1n","datePublished":"2009-08-12T00:00:00+00:00","dateModified":"2009-09-28T05:01:03+00:00","mainEntityOfPage":{"@id":"https:\/\/www.pressenza.com\/es\/2009\/08\/conferencia-de-desarmex-china-pide-negociar-con-corea-del-norte-e-irxn\/"},"wordCount":261,"publisher":{"@id":"https:\/\/www.pressenza.com\/es\/#organization"},"articleSection":["Asuntos internacionales","Europa","Internacional"],"inLanguage":"es"},{"@type":"WebPage","@id":"https:\/\/www.pressenza.com\/es\/2009\/08\/conferencia-de-desarmex-china-pide-negociar-con-corea-del-norte-e-irxn\/","url":"https:\/\/www.pressenza.com\/es\/2009\/08\/conferencia-de-desarmex-china-pide-negociar-con-corea-del-norte-e-irxn\/","name":"Conferencia de Desarme: China pide negociar con Corea del Norte e Ir\u00e1n","isPartOf":{"@id":"https:\/\/www.pressenza.com\/es\/#website"},"datePublished":"2009-08-12T00:00:00+00:00","dateModified":"2009-09-28T05:01:03+00:00","description":"Adem\u00e1s, el canciller chino dijo que su pa\u00eds cumplir\u00e1 con el compromiso que adquiri\u00f3 de no ser el primer pa\u00eds en usar armas nucleares. \"De hecho, somos el \u00fanico estado nuclear que ha asumido ese compromiso y nuestra pol\u00edtica no va a cambiar en el futuro\", especific\u00f3 el canciller, en la Conferencia de Desarme de la Organizaci\u00f3n de Naciones Unidas (ONU), en Ginebra, Suiza.","breadcrumb":{"@id":"https:\/\/www.pressenza.com\/es\/2009\/08\/conferencia-de-desarmex-china-pide-negociar-con-corea-del-norte-e-irxn\/#breadcrumb"},"inLanguage":"es","potentialAction":[{"@type":"ReadAction","target":["https:\/\/www.pressenza.com\/es\/2009\/08\/conferencia-de-desarmex-china-pide-negociar-con-corea-del-norte-e-irxn\/"]}]},{"@type":"BreadcrumbList","@id":"https:\/\/www.pressenza.com\/es\/2009\/08\/conferencia-de-desarmex-china-pide-negociar-con-corea-del-norte-e-irxn\/#breadcrumb","itemListElement":[{"@type":"ListItem","position":1,"name":"Accueil","item":"https:\/\/www.pressenza.com\/es\/"},{"@type":"ListItem","position":2,"name":"Conferencia de Desarme: China pide negociar con Corea del Norte e Ir\u00e1n"}]},{"@type":"WebSite","@id":"https:\/\/www.pressenza.com\/es\/#website","url":"https:\/\/www.pressenza.com\/es\/","name":"Pressenza","description":"International Press Agency","publisher":{"@id":"https:\/\/www.pressenza.com\/es\/#organization"},"potentialAction":[{"@type":"SearchAction","target":{"@type":"EntryPoint","urlTemplate":"https:\/\/www.pressenza.com\/es\/?s={search_term_string}"},"query-input":{"@type":"PropertyValueSpecification","valueRequired":true,"valueName":"search_term_string"}}],"inLanguage":"es"},{"@type":"Organization","@id":"https:\/\/www.pressenza.com\/es\/#organization","name":"Pressenza","url":"https:\/\/www.pressenza.com\/es\/","logo":{"@type":"ImageObject","inLanguage":"es","@id":"https:\/\/www.pressenza.com\/es\/#\/schema\/logo\/image\/","url":"https:\/\/www.pressenza.com\/wp-content\/uploads\/2022\/10\/pressenza_logo_200x200.jpg","contentUrl":"https:\/\/www.pressenza.com\/wp-content\/uploads\/2022\/10\/pressenza_logo_200x200.jpg","width":200,"height":200,"caption":"Pressenza"},"image":{"@id":"https:\/\/www.pressenza.com\/es\/#\/schema\/logo\/image\/"},"sameAs":["https:\/\/www.facebook.com\/PressenzaItalia","https:\/\/x.com\/PressenzaIPA"]},{"@type":"Person","@id":"https:\/\/www.pressenza.com\/es\/#\/schema\/person\/010e5d02bcf40965427a1289a4cc8d75","name":"Pressenza IPA","description":"News from Pressenza IPA correspondents","sameAs":["https:\/\/www.facebook.com\/pressenza","https:\/\/x.com\/PressenzaIPA"],"url":"https:\/\/www.pressenza.com\/es\/author\/pressenza-ipa\/"}]}},"place":"Ginebra","original_article_url":"","_links":{"self":[{"href":"https:\/\/www.pressenza.com\/es\/wp-json\/wp\/v2\/posts\/924","targetHints":{"allow":["GET"]}}],"collection":[{"href":"https:\/\/www.pressenza.com\/es\/wp-json\/wp\/v2\/posts"}],"about":[{"href":"https:\/\/www.pressenza.com\/es\/wp-json\/wp\/v2\/types\/post"}],"author":[{"embeddable":true,"href":"https:\/\/www.pressenza.com\/es\/wp-json\/wp\/v2\/users\/19"}],"replies":[{"embeddable":true,"href":"https:\/\/www.pressenza.com\/es\/wp-json\/wp\/v2\/comments?post=924"}],"version-history":[{"count":0,"href":"https:\/\/www.pressenza.com\/es\/wp-json\/wp\/v2\/posts\/924\/revisions"}],"wp:attachment":[{"href":"https:\/\/www.pressenza.com\/es\/wp-json\/wp\/v2\/media?parent=924"}],"wp:term":[{"taxonomy":"category","embeddable":true,"href":"https:\/\/www.pressenza.com\/es\/wp-json\/wp\/v2\/categories?post=924"},{"taxonomy":"post_tag","embeddable":true,"href":"https:\/\/www.pressenza.com\/es\/wp-json\/wp\/v2\/tags?post=924"}],"curies":[{"name":"wp","href":"https:\/\/api.w.org\/{rel}","templated":true}]}}