{"id":921791,"date":"2019-09-20T17:02:24","date_gmt":"2019-09-20T16:02:24","guid":{"rendered":"https:\/\/www.pressenza.com\/?p=921791"},"modified":"2019-09-20T17:02:24","modified_gmt":"2019-09-20T16:02:24","slug":"del-20-al-27-de-septiembre-huelga-popular-mundial-para-concientizar-sobre-el-cambio-climatico","status":"publish","type":"post","link":"https:\/\/www.pressenza.com\/es\/2019\/09\/del-20-al-27-de-septiembre-huelga-popular-mundial-para-concientizar-sobre-el-cambio-climatico\/","title":{"rendered":"Del 20 al 27 de septiembre, huelga popular mundial para concientizar sobre el cambio clim\u00e1tico"},"content":{"rendered":"<p>Seg\u00fan algunas fuentes, ya hay 3.378 huelgas clim\u00e1ticas que tendr\u00e1n lugar entre el 20 y el 27 de septiembre en todo el mundo.<\/p>\n<p>En Italia se ha decidido la movilizaci\u00f3n para el pr\u00f3ximo viernes, pero ya ma\u00f1ana, 20 de septiembre, hay muchas ciudades en el mundo donde el cl\u00e1sico viernes de Fridays for Future tendr\u00e1 una fuerza e intensidad especial.<\/p>\n<p>Mientras tanto, se esperan 2 millones de manifestantes en los Estados Unidos ma\u00f1ana, en el pa\u00eds cuyo presidente es uno de los principales opositores del mundo.<\/p>\n<p>Greta Thumberg, iniciadora e icono del movimiento FFF est\u00e1 en Nueva York para una serie de encuentros con instituciones y personas que pueden jugar un papel importante en las decisiones cada vez m\u00e1s urgentes que hay que tomar, pero se trata de un movimiento cada vez m\u00e1s transversal, que pide ser serio y que denuncia el hecho de que cada d\u00eda que transcurre sin que se produzcan cambios sustanciales es un d\u00eda perdido.<\/p>\n<p>Lo que es evidente es que el movimiento ha logrado llamar cada vez m\u00e1s la atenci\u00f3n de la gente y de los gobiernos, as\u00ed como es claro que la respuesta no es la de una situaci\u00f3n de emergencia.<\/p>\n<p>Por esta raz\u00f3n, los que se han comprometido en esta batalla de primera l\u00ednea como Fridays for Future, Extinction Rebellion, movimientos ecologistas, llaman a todos a movilizarse y dar, a trav\u00e9s de la huelga, una se\u00f1al concreta de que la gente es consciente del problema, de que quieren sumarse, pero tambi\u00e9n piden a los poderosos que hagan lo suyo.<\/p>\n<p>\u00abThere is no planet B\u00bb, no hay planeta B, dir\u00e1n los j\u00f3venes y no de todos los continentes, pidiendo que en la agenda pol\u00edtica la situaci\u00f3n ya denunciada por la gran mayor\u00eda de los cient\u00edficos sea abordada con medidas adecuadas, no con maniobras cosm\u00e9ticas de \u00abgreen washing\u00bb.<\/p>\n<hr \/>\n<p><em>Traducci\u00f3n del italiano por Nicole Salas<\/em><\/p>\n","protected":false},"excerpt":{"rendered":"<p>Seg\u00fan algunas fuentes, ya hay 3.378 huelgas clim\u00e1ticas que tendr\u00e1n lugar entre el 20 y el 27 de septiembre en todo el mundo. En Italia se ha decidido la movilizaci\u00f3n para el pr\u00f3ximo viernes, pero ya ma\u00f1ana, 20 de septiembre,&hellip;<\/p>\n","protected":false},"author":594,"featured_media":921037,"comment_status":"closed","ping_status":"closed","sticky":false,"template":"","format":"standard","meta":{"footnotes":""},"categories":[11389,78,39],"tags":[55942,57516,52966],"class_list":["post-921791","post","type-post","status-publish","format-standard","has-post-thumbnail","hentry","category-contenido-original","category-medio-ambiente-ecologia","category-internacional","tag-fridays-for-future-es","tag-greta-thumberg-es","tag-huelga-climatica"],"yoast_head":"<!-- This site is optimized with the Yoast SEO plugin v27.1.1 - https:\/\/yoast.com\/product\/yoast-seo-wordpress\/ -->\n<title>Del 20 al 27 de septiembre, huelga popular mundial para concientizar sobre el cambio clim\u00e1tico<\/title>\n<meta name=\"description\" content=\"Seg\u00fan algunas fuentes, ya hay 3.378 huelgas clim\u00e1ticas que tendr\u00e1n lugar entre el 20 y el 27 de septiembre en todo el mundo. En Italia se ha decidido la\" \/>\n<meta name=\"robots\" content=\"index, follow, max-snippet:-1, max-image-preview:large, max-video-preview:-1\" \/>\n<link rel=\"canonical\" href=\"https:\/\/www.pressenza.com\/es\/2019\/09\/del-20-al-27-de-septiembre-huelga-popular-mundial-para-concientizar-sobre-el-cambio-climatico\/\" \/>\n<meta property=\"og:locale\" content=\"es_ES\" \/>\n<meta property=\"og:type\" content=\"article\" \/>\n<meta property=\"og:title\" content=\"Del 20 al 27 de septiembre, huelga popular mundial para concientizar sobre el cambio clim\u00e1tico\" \/>\n<meta property=\"og:description\" content=\"Seg\u00fan algunas fuentes, ya hay 3.378 huelgas clim\u00e1ticas que tendr\u00e1n lugar entre el 20 y el 27 de septiembre en todo el mundo. En Italia se ha decidido la\" \/>\n<meta property=\"og:url\" content=\"https:\/\/www.pressenza.com\/es\/2019\/09\/del-20-al-27-de-septiembre-huelga-popular-mundial-para-concientizar-sobre-el-cambio-climatico\/\" \/>\n<meta property=\"og:site_name\" content=\"Pressenza\" \/>\n<meta property=\"article:publisher\" content=\"https:\/\/www.facebook.com\/PressenzaItalia\" \/>\n<meta property=\"article:author\" content=\"https:\/\/www.facebook.com\/PressenzaItalia\" \/>\n<meta property=\"article:published_time\" content=\"2019-09-20T16:02:24+00:00\" \/>\n<meta property=\"og:image\" content=\"https:\/\/www.pressenza.com\/wp-content\/uploads\/2019\/09\/there-is-no-planet-b-900x506-navdanya.jpg\" \/>\n\t<meta property=\"og:image:width\" content=\"900\" \/>\n\t<meta property=\"og:image:height\" content=\"506\" \/>\n\t<meta property=\"og:image:type\" content=\"image\/jpeg\" \/>\n<meta name=\"author\" content=\"Redazione Italia\" \/>\n<meta name=\"twitter:card\" content=\"summary_large_image\" \/>\n<meta name=\"twitter:creator\" content=\"@pressenza_it\" \/>\n<meta name=\"twitter:site\" content=\"@PressenzaIPA\" \/>\n<meta name=\"twitter:label1\" content=\"Escrito por\" \/>\n\t<meta name=\"twitter:data1\" content=\"Redazione Italia\" \/>\n\t<meta name=\"twitter:label2\" content=\"Tiempo de lectura\" \/>\n\t<meta name=\"twitter:data2\" content=\"2 minutos\" \/>\n<script type=\"application\/ld+json\" class=\"yoast-schema-graph\">{\"@context\":\"https:\/\/schema.org\",\"@graph\":[{\"@type\":\"Article\",\"@id\":\"https:\/\/www.pressenza.com\/es\/2019\/09\/del-20-al-27-de-septiembre-huelga-popular-mundial-para-concientizar-sobre-el-cambio-climatico\/#article\",\"isPartOf\":{\"@id\":\"https:\/\/www.pressenza.com\/es\/2019\/09\/del-20-al-27-de-septiembre-huelga-popular-mundial-para-concientizar-sobre-el-cambio-climatico\/\"},\"author\":{\"name\":\"Redazione Italia\",\"@id\":\"https:\/\/www.pressenza.com\/es\/#\/schema\/person\/d983e81827ae24f2c7b1a2123d197f8d\"},\"headline\":\"Del 20 al 27 de septiembre, huelga popular mundial para concientizar sobre el cambio clim\u00e1tico\",\"datePublished\":\"2019-09-20T16:02:24+00:00\",\"mainEntityOfPage\":{\"@id\":\"https:\/\/www.pressenza.com\/es\/2019\/09\/del-20-al-27-de-septiembre-huelga-popular-mundial-para-concientizar-sobre-el-cambio-climatico\/\"},\"wordCount\":347,\"publisher\":{\"@id\":\"https:\/\/www.pressenza.com\/es\/#organization\"},\"image\":{\"@id\":\"https:\/\/www.pressenza.com\/es\/2019\/09\/del-20-al-27-de-septiembre-huelga-popular-mundial-para-concientizar-sobre-el-cambio-climatico\/#primaryimage\"},\"thumbnailUrl\":\"https:\/\/www.pressenza.com\/wp-content\/uploads\/2019\/09\/there-is-no-planet-b-900x506-navdanya.jpg\",\"keywords\":[\"Fridays for Future\",\"Greta Thumberg\",\"huelga clim\u00e1tica\"],\"articleSection\":[\"Contenido Original\",\"Ecolog\u00eda y Medio Ambiente\",\"Internacional\"],\"inLanguage\":\"es\"},{\"@type\":\"WebPage\",\"@id\":\"https:\/\/www.pressenza.com\/es\/2019\/09\/del-20-al-27-de-septiembre-huelga-popular-mundial-para-concientizar-sobre-el-cambio-climatico\/\",\"url\":\"https:\/\/www.pressenza.com\/es\/2019\/09\/del-20-al-27-de-septiembre-huelga-popular-mundial-para-concientizar-sobre-el-cambio-climatico\/\",\"name\":\"Del 20 al 27 de septiembre, huelga popular mundial para concientizar sobre el cambio clim\u00e1tico\",\"isPartOf\":{\"@id\":\"https:\/\/www.pressenza.com\/es\/#website\"},\"primaryImageOfPage\":{\"@id\":\"https:\/\/www.pressenza.com\/es\/2019\/09\/del-20-al-27-de-septiembre-huelga-popular-mundial-para-concientizar-sobre-el-cambio-climatico\/#primaryimage\"},\"image\":{\"@id\":\"https:\/\/www.pressenza.com\/es\/2019\/09\/del-20-al-27-de-septiembre-huelga-popular-mundial-para-concientizar-sobre-el-cambio-climatico\/#primaryimage\"},\"thumbnailUrl\":\"https:\/\/www.pressenza.com\/wp-content\/uploads\/2019\/09\/there-is-no-planet-b-900x506-navdanya.jpg\",\"datePublished\":\"2019-09-20T16:02:24+00:00\",\"description\":\"Seg\u00fan algunas fuentes, ya hay 3.378 huelgas clim\u00e1ticas que tendr\u00e1n lugar entre el 20 y el 27 de septiembre en todo el mundo. En Italia se ha decidido la\",\"breadcrumb\":{\"@id\":\"https:\/\/www.pressenza.com\/es\/2019\/09\/del-20-al-27-de-septiembre-huelga-popular-mundial-para-concientizar-sobre-el-cambio-climatico\/#breadcrumb\"},\"inLanguage\":\"es\",\"potentialAction\":[{\"@type\":\"ReadAction\",\"target\":[\"https:\/\/www.pressenza.com\/es\/2019\/09\/del-20-al-27-de-septiembre-huelga-popular-mundial-para-concientizar-sobre-el-cambio-climatico\/\"]}]},{\"@type\":\"ImageObject\",\"inLanguage\":\"es\",\"@id\":\"https:\/\/www.pressenza.com\/es\/2019\/09\/del-20-al-27-de-septiembre-huelga-popular-mundial-para-concientizar-sobre-el-cambio-climatico\/#primaryimage\",\"url\":\"https:\/\/www.pressenza.com\/wp-content\/uploads\/2019\/09\/there-is-no-planet-b-900x506-navdanya.jpg\",\"contentUrl\":\"https:\/\/www.pressenza.com\/wp-content\/uploads\/2019\/09\/there-is-no-planet-b-900x506-navdanya.jpg\",\"width\":900,\"height\":506},{\"@type\":\"BreadcrumbList\",\"@id\":\"https:\/\/www.pressenza.com\/es\/2019\/09\/del-20-al-27-de-septiembre-huelga-popular-mundial-para-concientizar-sobre-el-cambio-climatico\/#breadcrumb\",\"itemListElement\":[{\"@type\":\"ListItem\",\"position\":1,\"name\":\"Accueil\",\"item\":\"https:\/\/www.pressenza.com\/es\/\"},{\"@type\":\"ListItem\",\"position\":2,\"name\":\"Del 20 al 27 de septiembre, huelga popular mundial para concientizar sobre el cambio clim\u00e1tico\"}]},{\"@type\":\"WebSite\",\"@id\":\"https:\/\/www.pressenza.com\/es\/#website\",\"url\":\"https:\/\/www.pressenza.com\/es\/\",\"name\":\"Pressenza\",\"description\":\"International Press Agency\",\"publisher\":{\"@id\":\"https:\/\/www.pressenza.com\/es\/#organization\"},\"potentialAction\":[{\"@type\":\"SearchAction\",\"target\":{\"@type\":\"EntryPoint\",\"urlTemplate\":\"https:\/\/www.pressenza.com\/es\/?s={search_term_string}\"},\"query-input\":{\"@type\":\"PropertyValueSpecification\",\"valueRequired\":true,\"valueName\":\"search_term_string\"}}],\"inLanguage\":\"es\"},{\"@type\":\"Organization\",\"@id\":\"https:\/\/www.pressenza.com\/es\/#organization\",\"name\":\"Pressenza\",\"url\":\"https:\/\/www.pressenza.com\/es\/\",\"logo\":{\"@type\":\"ImageObject\",\"inLanguage\":\"es\",\"@id\":\"https:\/\/www.pressenza.com\/es\/#\/schema\/logo\/image\/\",\"url\":\"https:\/\/www.pressenza.com\/wp-content\/uploads\/2022\/10\/pressenza_logo_200x200.jpg\",\"contentUrl\":\"https:\/\/www.pressenza.com\/wp-content\/uploads\/2022\/10\/pressenza_logo_200x200.jpg\",\"width\":200,\"height\":200,\"caption\":\"Pressenza\"},\"image\":{\"@id\":\"https:\/\/www.pressenza.com\/es\/#\/schema\/logo\/image\/\"},\"sameAs\":[\"https:\/\/www.facebook.com\/PressenzaItalia\",\"https:\/\/x.com\/PressenzaIPA\"]},{\"@type\":\"Person\",\"@id\":\"https:\/\/www.pressenza.com\/es\/#\/schema\/person\/d983e81827ae24f2c7b1a2123d197f8d\",\"name\":\"Redazione Italia\",\"description\":\"News from the Pressenza Bureau in Italy\",\"sameAs\":[\"https:\/\/www.pressenza.com\/it\/author\/redazione-italia\/\",\"https:\/\/www.facebook.com\/PressenzaItalia\",\"https:\/\/www.instagram.com\/pressenza_italia\/\",\"https:\/\/x.com\/pressenza_it\",\"https:\/\/www.youtube.com\/channel\/UCSalEIWjE1RSxkwjfftFuqg\"],\"url\":\"https:\/\/www.pressenza.com\/es\/author\/redazione-italia\/\"}]}<\/script>\n<!-- \/ Yoast SEO plugin. -->","yoast_head_json":{"title":"Del 20 al 27 de septiembre, huelga popular mundial para concientizar sobre el cambio clim\u00e1tico","description":"Seg\u00fan algunas fuentes, ya hay 3.378 huelgas clim\u00e1ticas que tendr\u00e1n lugar entre el 20 y el 27 de septiembre en todo el mundo. En Italia se ha decidido la","robots":{"index":"index","follow":"follow","max-snippet":"max-snippet:-1","max-image-preview":"max-image-preview:large","max-video-preview":"max-video-preview:-1"},"canonical":"https:\/\/www.pressenza.com\/es\/2019\/09\/del-20-al-27-de-septiembre-huelga-popular-mundial-para-concientizar-sobre-el-cambio-climatico\/","og_locale":"es_ES","og_type":"article","og_title":"Del 20 al 27 de septiembre, huelga popular mundial para concientizar sobre el cambio clim\u00e1tico","og_description":"Seg\u00fan algunas fuentes, ya hay 3.378 huelgas clim\u00e1ticas que tendr\u00e1n lugar entre el 20 y el 27 de septiembre en todo el mundo. En Italia se ha decidido la","og_url":"https:\/\/www.pressenza.com\/es\/2019\/09\/del-20-al-27-de-septiembre-huelga-popular-mundial-para-concientizar-sobre-el-cambio-climatico\/","og_site_name":"Pressenza","article_publisher":"https:\/\/www.facebook.com\/PressenzaItalia","article_author":"https:\/\/www.facebook.com\/PressenzaItalia","article_published_time":"2019-09-20T16:02:24+00:00","og_image":[{"width":900,"height":506,"url":"https:\/\/www.pressenza.com\/wp-content\/uploads\/2019\/09\/there-is-no-planet-b-900x506-navdanya.jpg","type":"image\/jpeg"}],"author":"Redazione Italia","twitter_card":"summary_large_image","twitter_creator":"@pressenza_it","twitter_site":"@PressenzaIPA","twitter_misc":{"Escrito por":"Redazione Italia","Tiempo de lectura":"2 minutos"},"schema":{"@context":"https:\/\/schema.org","@graph":[{"@type":"Article","@id":"https:\/\/www.pressenza.com\/es\/2019\/09\/del-20-al-27-de-septiembre-huelga-popular-mundial-para-concientizar-sobre-el-cambio-climatico\/#article","isPartOf":{"@id":"https:\/\/www.pressenza.com\/es\/2019\/09\/del-20-al-27-de-septiembre-huelga-popular-mundial-para-concientizar-sobre-el-cambio-climatico\/"},"author":{"name":"Redazione Italia","@id":"https:\/\/www.pressenza.com\/es\/#\/schema\/person\/d983e81827ae24f2c7b1a2123d197f8d"},"headline":"Del 20 al 27 de septiembre, huelga popular mundial para concientizar sobre el cambio clim\u00e1tico","datePublished":"2019-09-20T16:02:24+00:00","mainEntityOfPage":{"@id":"https:\/\/www.pressenza.com\/es\/2019\/09\/del-20-al-27-de-septiembre-huelga-popular-mundial-para-concientizar-sobre-el-cambio-climatico\/"},"wordCount":347,"publisher":{"@id":"https:\/\/www.pressenza.com\/es\/#organization"},"image":{"@id":"https:\/\/www.pressenza.com\/es\/2019\/09\/del-20-al-27-de-septiembre-huelga-popular-mundial-para-concientizar-sobre-el-cambio-climatico\/#primaryimage"},"thumbnailUrl":"https:\/\/www.pressenza.com\/wp-content\/uploads\/2019\/09\/there-is-no-planet-b-900x506-navdanya.jpg","keywords":["Fridays for Future","Greta Thumberg","huelga clim\u00e1tica"],"articleSection":["Contenido Original","Ecolog\u00eda y Medio Ambiente","Internacional"],"inLanguage":"es"},{"@type":"WebPage","@id":"https:\/\/www.pressenza.com\/es\/2019\/09\/del-20-al-27-de-septiembre-huelga-popular-mundial-para-concientizar-sobre-el-cambio-climatico\/","url":"https:\/\/www.pressenza.com\/es\/2019\/09\/del-20-al-27-de-septiembre-huelga-popular-mundial-para-concientizar-sobre-el-cambio-climatico\/","name":"Del 20 al 27 de septiembre, huelga popular mundial para concientizar sobre el cambio clim\u00e1tico","isPartOf":{"@id":"https:\/\/www.pressenza.com\/es\/#website"},"primaryImageOfPage":{"@id":"https:\/\/www.pressenza.com\/es\/2019\/09\/del-20-al-27-de-septiembre-huelga-popular-mundial-para-concientizar-sobre-el-cambio-climatico\/#primaryimage"},"image":{"@id":"https:\/\/www.pressenza.com\/es\/2019\/09\/del-20-al-27-de-septiembre-huelga-popular-mundial-para-concientizar-sobre-el-cambio-climatico\/#primaryimage"},"thumbnailUrl":"https:\/\/www.pressenza.com\/wp-content\/uploads\/2019\/09\/there-is-no-planet-b-900x506-navdanya.jpg","datePublished":"2019-09-20T16:02:24+00:00","description":"Seg\u00fan algunas fuentes, ya hay 3.378 huelgas clim\u00e1ticas que tendr\u00e1n lugar entre el 20 y el 27 de septiembre en todo el mundo. En Italia se ha decidido la","breadcrumb":{"@id":"https:\/\/www.pressenza.com\/es\/2019\/09\/del-20-al-27-de-septiembre-huelga-popular-mundial-para-concientizar-sobre-el-cambio-climatico\/#breadcrumb"},"inLanguage":"es","potentialAction":[{"@type":"ReadAction","target":["https:\/\/www.pressenza.com\/es\/2019\/09\/del-20-al-27-de-septiembre-huelga-popular-mundial-para-concientizar-sobre-el-cambio-climatico\/"]}]},{"@type":"ImageObject","inLanguage":"es","@id":"https:\/\/www.pressenza.com\/es\/2019\/09\/del-20-al-27-de-septiembre-huelga-popular-mundial-para-concientizar-sobre-el-cambio-climatico\/#primaryimage","url":"https:\/\/www.pressenza.com\/wp-content\/uploads\/2019\/09\/there-is-no-planet-b-900x506-navdanya.jpg","contentUrl":"https:\/\/www.pressenza.com\/wp-content\/uploads\/2019\/09\/there-is-no-planet-b-900x506-navdanya.jpg","width":900,"height":506},{"@type":"BreadcrumbList","@id":"https:\/\/www.pressenza.com\/es\/2019\/09\/del-20-al-27-de-septiembre-huelga-popular-mundial-para-concientizar-sobre-el-cambio-climatico\/#breadcrumb","itemListElement":[{"@type":"ListItem","position":1,"name":"Accueil","item":"https:\/\/www.pressenza.com\/es\/"},{"@type":"ListItem","position":2,"name":"Del 20 al 27 de septiembre, huelga popular mundial para concientizar sobre el cambio clim\u00e1tico"}]},{"@type":"WebSite","@id":"https:\/\/www.pressenza.com\/es\/#website","url":"https:\/\/www.pressenza.com\/es\/","name":"Pressenza","description":"International Press Agency","publisher":{"@id":"https:\/\/www.pressenza.com\/es\/#organization"},"potentialAction":[{"@type":"SearchAction","target":{"@type":"EntryPoint","urlTemplate":"https:\/\/www.pressenza.com\/es\/?s={search_term_string}"},"query-input":{"@type":"PropertyValueSpecification","valueRequired":true,"valueName":"search_term_string"}}],"inLanguage":"es"},{"@type":"Organization","@id":"https:\/\/www.pressenza.com\/es\/#organization","name":"Pressenza","url":"https:\/\/www.pressenza.com\/es\/","logo":{"@type":"ImageObject","inLanguage":"es","@id":"https:\/\/www.pressenza.com\/es\/#\/schema\/logo\/image\/","url":"https:\/\/www.pressenza.com\/wp-content\/uploads\/2022\/10\/pressenza_logo_200x200.jpg","contentUrl":"https:\/\/www.pressenza.com\/wp-content\/uploads\/2022\/10\/pressenza_logo_200x200.jpg","width":200,"height":200,"caption":"Pressenza"},"image":{"@id":"https:\/\/www.pressenza.com\/es\/#\/schema\/logo\/image\/"},"sameAs":["https:\/\/www.facebook.com\/PressenzaItalia","https:\/\/x.com\/PressenzaIPA"]},{"@type":"Person","@id":"https:\/\/www.pressenza.com\/es\/#\/schema\/person\/d983e81827ae24f2c7b1a2123d197f8d","name":"Redazione Italia","description":"News from the Pressenza Bureau in Italy","sameAs":["https:\/\/www.pressenza.com\/it\/author\/redazione-italia\/","https:\/\/www.facebook.com\/PressenzaItalia","https:\/\/www.instagram.com\/pressenza_italia\/","https:\/\/x.com\/pressenza_it","https:\/\/www.youtube.com\/channel\/UCSalEIWjE1RSxkwjfftFuqg"],"url":"https:\/\/www.pressenza.com\/es\/author\/redazione-italia\/"}]}},"place":"","original_article_url":"","_links":{"self":[{"href":"https:\/\/www.pressenza.com\/es\/wp-json\/wp\/v2\/posts\/921791","targetHints":{"allow":["GET"]}}],"collection":[{"href":"https:\/\/www.pressenza.com\/es\/wp-json\/wp\/v2\/posts"}],"about":[{"href":"https:\/\/www.pressenza.com\/es\/wp-json\/wp\/v2\/types\/post"}],"author":[{"embeddable":true,"href":"https:\/\/www.pressenza.com\/es\/wp-json\/wp\/v2\/users\/594"}],"replies":[{"embeddable":true,"href":"https:\/\/www.pressenza.com\/es\/wp-json\/wp\/v2\/comments?post=921791"}],"version-history":[{"count":0,"href":"https:\/\/www.pressenza.com\/es\/wp-json\/wp\/v2\/posts\/921791\/revisions"}],"wp:featuredmedia":[{"embeddable":true,"href":"https:\/\/www.pressenza.com\/es\/wp-json\/wp\/v2\/media\/921037"}],"wp:attachment":[{"href":"https:\/\/www.pressenza.com\/es\/wp-json\/wp\/v2\/media?parent=921791"}],"wp:term":[{"taxonomy":"category","embeddable":true,"href":"https:\/\/www.pressenza.com\/es\/wp-json\/wp\/v2\/categories?post=921791"},{"taxonomy":"post_tag","embeddable":true,"href":"https:\/\/www.pressenza.com\/es\/wp-json\/wp\/v2\/tags?post=921791"}],"curies":[{"name":"wp","href":"https:\/\/api.w.org\/{rel}","templated":true}]}}