{"id":9217,"date":"2012-05-23T00:00:00","date_gmt":"2012-05-23T00:00:00","guid":{"rendered":""},"modified":"2012-05-26T14:18:17","modified_gmt":"2012-05-26T14:18:17","slug":"dirigentes-de-movimiento-por-aysen-se-trasladan-a-la-moneda-mientras-preparan-union-de-regiones-patagonicas","status":"publish","type":"post","link":"https:\/\/www.pressenza.com\/es\/2012\/05\/dirigentes-de-movimiento-por-aysen-se-trasladan-a-la-moneda-mientras-preparan-union-de-regiones-patagonicas\/","title":{"rendered":"Dirigentes de Movimiento por Ays\u00e9n se trasladan a La Moneda mientras preparan Uni\u00f3n de regiones patag\u00f3nicas"},"content":{"rendered":"<p>&#8211; Este fin de semana una delegaci\u00f3n del movimiento se trasladar\u00e1 hasta Santiago para sostener reuniones con autoridades nacionales que permitan destrabar lentas negociaciones, y abordar temas pendientes de la carta que hace una semana enviaran al Presidente Sebasti\u00e1n Pi\u00f1era.<\/p>\n<p>&#8211;  En paralelo senador Carlos Bianchi y el dirigente del Movimiento Social por Ays\u00e9n, Iv\u00e1n Fuentes, articulan reuniones en Punta Arenas para abordar materias que quedaron fuera de la cuenta p\u00fablica de Sebasti\u00e1n Pi\u00f1era. <\/p>\n<p>El concepto se acu\u00f1\u00f3 durante el peak de las movilizaciones australes de febrero y marzo pasado: El rugido de la Patagonia.  <\/p>\n<p>Fue Iv\u00e1n Fuentes quien lo utiliz\u00f3 para aludir a la masiva protesta social de una regi\u00f3n tranquila y de pocos habitantes, que sin embargo se restring\u00eda s\u00f3lo a la regi\u00f3n de Ays\u00e9n.<\/p>\n<p>Este limitado escenario podr\u00eda cambiar si rinden frutos las conversaciones que han iniciado los dirigentes del Movimiento Social por Ays\u00e9n con representantes de la regi\u00f3n de Magallanes, que a principios de 2011 tuvo su propio \u00abrugido\u00bb a ra\u00edz de la crisis del gas.  <\/p>\n<p>*\u00bbEstamos coordinando, y lo vamos a materializar en el transcurso de la semana, un viaje a Magallanes donde se va a producir una importante reuni\u00f3n\u00bb* inform\u00f3 Iv\u00e1n Fuentes.  Esto porque *\u201dla Patagonia es una sola y lo convers\u00e1bamos con el senador Carlos Bianchi antes que nos conect\u00e1ramos un poco m\u00e1s\u201d*, todo con el objetivo de *\u201dsacar los temas del extremo sur adelante a ra\u00edz de que las regiones extremas no fuimos nombradas en el discurso del Presidente.  La verdad es que  comenzamos a ponernos nerviosos y queremos estar conectados, y queremos estar muy compenetrados y hacer un trabajo en conjunto\u201d*.<\/p>\n<p>Para este trabajo, que podr\u00eda contemplar tambi\u00e9n integrar a l\u00edderes de la provincia de Palena (tambi\u00e9n parte de la Patagonia), en la regi\u00f3n de Los Lagos, los dirigentes han conversado tambi\u00e9n con los senadores de Ays\u00e9n Antonio Horvath y Patricio Walker.<\/p>\n<p>Las palabras de Fuentes van en sinton\u00eda con lo se\u00f1alado por el senador magall\u00e1nico Carlos Bianchi, quien esta semana inform\u00f3 que durante la primera quincena de junio se debiera realizar en Punta Arenas el \u00abEncuentro de Trabajo por la Patagonia\u00bb, con el fin de *\u201dconcordar, fundamentalmente, los lineamientos, posturas y una propuesta para un sueldo diferenciado para la Patagonia, y por qu\u00e9 no: para las zonas extremas de nuestro pa\u00eds; adem\u00e1s de definir el futuro energ\u00e9tico de las zonas extremas\u00bb*.  Esto, porque *\u201del futuro y los principales temas pendientes de las zonas extremas no fueron abordados\u201d* por el Mensaje Presidencial.<\/p>\n<p>Pr\u00f3xima parada: La Moneda<\/p>\n<p>Previo al 21 de mayo, los dirigentes de la mesa del Movimiento Social por Ays\u00e9n enviaron una carta al Presidente Sebasti\u00e1n Pi\u00f1era, en la cual expresaban su preocupaci\u00f3n por cuatro temas relacionados con las negociaciones con el gobierno respecto de los 11 puntos del petitorio original.  \u00c9stos son la votaci\u00f3n y aprobaci\u00f3n del proyecto r\u00edo Cuervo mientras se manten\u00edan conversaciones para realizar una consulta regional sobre los proyectos hidroel\u00e9ctricos, la lentitud en la materializaci\u00f3n de la agenda de trabajo de las negociaciones, el hostigamiento a dirigentes y pobladores que participaron en las movilizaciones, y lo que califican como una err\u00f3nea actitud de la intendenta Pilar Cuevas respecto de los acuerdos alcanzados.  <\/p>\n<p>En la misiva se\u00f1alaron esperar una respuesta antes del Mensaje Presidencial, barajando la posibilidad de concurrir a Valpara\u00edso en caso de no obtener respuesta.<\/p>\n<p>Sin embargo, no hubo necesidad de viajar al centro del pa\u00eds, por lo menos este 21 de mayo.  A los pocos d\u00edas un personero de gobierno se contact\u00f3 con los dirigentes y les plante\u00f3 la posibilidad de que autoridades nacionales sostengan durante la semana del 28 de mayo reuniones con una delegaci\u00f3n de la mesa social, con el fin de abordar cada uno de los temas planteados en la misiva.<\/p>\n<p>En los encuentros, que permitir\u00e1n avanzar en los diversos temas a\u00fan pendientes de acuerdo, participar\u00e1n los voceros Iv\u00e1n Fuentes y Misael Ruiz, adem\u00e1s de los otros dirigentes de la mesa relacionados con las materias a abordar.<\/p>\n","protected":false},"excerpt":{"rendered":"<p>Querida familia, amig@s, compa\u00f1er@s:<br \/>\nComparto con ustedes este comunicado de prensa llegado reci\u00e9n.<br \/>\nGracias a nuestro amigo periodista, Patricio Segura O.<\/p>\n<p>En Santiago ser\u00e1 la cita con autoridades relacionadas con temas pendientes de acuerdo<\/p>\n","protected":false},"author":788,"featured_media":0,"comment_status":"closed","ping_status":"open","sticky":false,"template":"","format":"standard","meta":{"footnotes":""},"categories":[74,67],"tags":[],"class_list":["post-9217","post","type-post","status-publish","format-standard","hentry","category-politica-es","category-sudamerica"],"yoast_head":"<!-- This site is optimized with the Yoast SEO plugin v27.1.1 - https:\/\/yoast.com\/product\/yoast-seo-wordpress\/ -->\n<title>Dirigentes de Movimiento por Ays\u00e9n se trasladan a La Moneda mientras preparan Uni\u00f3n de regiones patag\u00f3nicas<\/title>\n<meta name=\"description\" content=\"Querida familia, amig@s, compa\u00f1er@s: Comparto con ustedes este comunicado de prensa llegado reci\u00e9n. Gracias a nuestro amigo periodista, Patricio Segura O.                                           En Santiago ser\u00e1 la cita con autoridades relacionadas con temas pendientes de acuerdo\" \/>\n<meta name=\"robots\" content=\"index, follow, max-snippet:-1, max-image-preview:large, max-video-preview:-1\" \/>\n<link rel=\"canonical\" href=\"https:\/\/www.pressenza.com\/es\/2012\/05\/dirigentes-de-movimiento-por-aysen-se-trasladan-a-la-moneda-mientras-preparan-union-de-regiones-patagonicas\/\" \/>\n<meta property=\"og:locale\" content=\"es_ES\" \/>\n<meta property=\"og:type\" content=\"article\" \/>\n<meta property=\"og:title\" content=\"Dirigentes de Movimiento por Ays\u00e9n se trasladan a La Moneda mientras preparan Uni\u00f3n de regiones patag\u00f3nicas\" \/>\n<meta property=\"og:description\" content=\"Querida familia, amig@s, compa\u00f1er@s: Comparto con ustedes este comunicado de prensa llegado reci\u00e9n. Gracias a nuestro amigo periodista, Patricio Segura O.                                           En Santiago ser\u00e1 la cita con autoridades relacionadas con temas pendientes de acuerdo\" \/>\n<meta property=\"og:url\" content=\"https:\/\/www.pressenza.com\/es\/2012\/05\/dirigentes-de-movimiento-por-aysen-se-trasladan-a-la-moneda-mientras-preparan-union-de-regiones-patagonicas\/\" \/>\n<meta property=\"og:site_name\" content=\"Pressenza\" \/>\n<meta property=\"article:publisher\" content=\"https:\/\/www.facebook.com\/PressenzaItalia\" \/>\n<meta property=\"article:published_time\" content=\"2012-05-23T00:00:00+00:00\" \/>\n<meta property=\"article:modified_time\" content=\"2012-05-26T14:18:17+00:00\" \/>\n<meta name=\"author\" content=\"Magdalena Rosas Ossa\" \/>\n<meta name=\"twitter:card\" content=\"summary_large_image\" \/>\n<meta name=\"twitter:creator\" content=\"@PressenzaIPA\" \/>\n<meta name=\"twitter:site\" content=\"@PressenzaIPA\" \/>\n<meta name=\"twitter:label1\" content=\"Escrito por\" \/>\n\t<meta name=\"twitter:data1\" content=\"Magdalena  Rosas Ossa\" \/>\n\t<meta name=\"twitter:label2\" content=\"Tiempo de lectura\" \/>\n\t<meta name=\"twitter:data2\" content=\"4 minutos\" \/>\n<script type=\"application\/ld+json\" class=\"yoast-schema-graph\">{\"@context\":\"https:\/\/schema.org\",\"@graph\":[{\"@type\":\"Article\",\"@id\":\"https:\/\/www.pressenza.com\/es\/2012\/05\/dirigentes-de-movimiento-por-aysen-se-trasladan-a-la-moneda-mientras-preparan-union-de-regiones-patagonicas\/#article\",\"isPartOf\":{\"@id\":\"https:\/\/www.pressenza.com\/es\/2012\/05\/dirigentes-de-movimiento-por-aysen-se-trasladan-a-la-moneda-mientras-preparan-union-de-regiones-patagonicas\/\"},\"author\":{\"name\":\"Magdalena Rosas Ossa\",\"@id\":\"https:\/\/www.pressenza.com\/es\/#\/schema\/person\/6b4afd6e482fcd187973f7d825c0690f\"},\"headline\":\"Dirigentes de Movimiento por Ays\u00e9n se trasladan a La Moneda mientras preparan Uni\u00f3n de regiones patag\u00f3nicas\",\"datePublished\":\"2012-05-23T00:00:00+00:00\",\"dateModified\":\"2012-05-26T14:18:17+00:00\",\"mainEntityOfPage\":{\"@id\":\"https:\/\/www.pressenza.com\/es\/2012\/05\/dirigentes-de-movimiento-por-aysen-se-trasladan-a-la-moneda-mientras-preparan-union-de-regiones-patagonicas\/\"},\"wordCount\":729,\"publisher\":{\"@id\":\"https:\/\/www.pressenza.com\/es\/#organization\"},\"articleSection\":[\"Pol\u00edtica\",\"Sudam\u00e9rica\"],\"inLanguage\":\"es\"},{\"@type\":\"WebPage\",\"@id\":\"https:\/\/www.pressenza.com\/es\/2012\/05\/dirigentes-de-movimiento-por-aysen-se-trasladan-a-la-moneda-mientras-preparan-union-de-regiones-patagonicas\/\",\"url\":\"https:\/\/www.pressenza.com\/es\/2012\/05\/dirigentes-de-movimiento-por-aysen-se-trasladan-a-la-moneda-mientras-preparan-union-de-regiones-patagonicas\/\",\"name\":\"Dirigentes de Movimiento por Ays\u00e9n se trasladan a La Moneda mientras preparan Uni\u00f3n de regiones patag\u00f3nicas\",\"isPartOf\":{\"@id\":\"https:\/\/www.pressenza.com\/es\/#website\"},\"datePublished\":\"2012-05-23T00:00:00+00:00\",\"dateModified\":\"2012-05-26T14:18:17+00:00\",\"description\":\"Querida familia, amig@s, compa\u00f1er@s: Comparto con ustedes este comunicado de prensa llegado reci\u00e9n. Gracias a nuestro amigo periodista, Patricio Segura O. En Santiago ser\u00e1 la cita con autoridades relacionadas con temas pendientes de acuerdo\",\"breadcrumb\":{\"@id\":\"https:\/\/www.pressenza.com\/es\/2012\/05\/dirigentes-de-movimiento-por-aysen-se-trasladan-a-la-moneda-mientras-preparan-union-de-regiones-patagonicas\/#breadcrumb\"},\"inLanguage\":\"es\",\"potentialAction\":[{\"@type\":\"ReadAction\",\"target\":[\"https:\/\/www.pressenza.com\/es\/2012\/05\/dirigentes-de-movimiento-por-aysen-se-trasladan-a-la-moneda-mientras-preparan-union-de-regiones-patagonicas\/\"]}]},{\"@type\":\"BreadcrumbList\",\"@id\":\"https:\/\/www.pressenza.com\/es\/2012\/05\/dirigentes-de-movimiento-por-aysen-se-trasladan-a-la-moneda-mientras-preparan-union-de-regiones-patagonicas\/#breadcrumb\",\"itemListElement\":[{\"@type\":\"ListItem\",\"position\":1,\"name\":\"Accueil\",\"item\":\"https:\/\/www.pressenza.com\/es\/\"},{\"@type\":\"ListItem\",\"position\":2,\"name\":\"Dirigentes de Movimiento por Ays\u00e9n se trasladan a La Moneda mientras preparan Uni\u00f3n de regiones patag\u00f3nicas\"}]},{\"@type\":\"WebSite\",\"@id\":\"https:\/\/www.pressenza.com\/es\/#website\",\"url\":\"https:\/\/www.pressenza.com\/es\/\",\"name\":\"Pressenza\",\"description\":\"International Press Agency\",\"publisher\":{\"@id\":\"https:\/\/www.pressenza.com\/es\/#organization\"},\"potentialAction\":[{\"@type\":\"SearchAction\",\"target\":{\"@type\":\"EntryPoint\",\"urlTemplate\":\"https:\/\/www.pressenza.com\/es\/?s={search_term_string}\"},\"query-input\":{\"@type\":\"PropertyValueSpecification\",\"valueRequired\":true,\"valueName\":\"search_term_string\"}}],\"inLanguage\":\"es\"},{\"@type\":\"Organization\",\"@id\":\"https:\/\/www.pressenza.com\/es\/#organization\",\"name\":\"Pressenza\",\"url\":\"https:\/\/www.pressenza.com\/es\/\",\"logo\":{\"@type\":\"ImageObject\",\"inLanguage\":\"es\",\"@id\":\"https:\/\/www.pressenza.com\/es\/#\/schema\/logo\/image\/\",\"url\":\"https:\/\/www.pressenza.com\/wp-content\/uploads\/2022\/10\/pressenza_logo_200x200.jpg\",\"contentUrl\":\"https:\/\/www.pressenza.com\/wp-content\/uploads\/2022\/10\/pressenza_logo_200x200.jpg\",\"width\":200,\"height\":200,\"caption\":\"Pressenza\"},\"image\":{\"@id\":\"https:\/\/www.pressenza.com\/es\/#\/schema\/logo\/image\/\"},\"sameAs\":[\"https:\/\/www.facebook.com\/PressenzaItalia\",\"https:\/\/x.com\/PressenzaIPA\"]},{\"@type\":\"Person\",\"@id\":\"https:\/\/www.pressenza.com\/es\/#\/schema\/person\/6b4afd6e482fcd187973f7d825c0690f\",\"name\":\"Magdalena Rosas Ossa\",\"url\":\"https:\/\/www.pressenza.com\/es\/author\/magdalena-rosas-ossa\/\"}]}<\/script>\n<!-- \/ Yoast SEO plugin. -->","yoast_head_json":{"title":"Dirigentes de Movimiento por Ays\u00e9n se trasladan a La Moneda mientras preparan Uni\u00f3n de regiones patag\u00f3nicas","description":"Querida familia, amig@s, compa\u00f1er@s: Comparto con ustedes este comunicado de prensa llegado reci\u00e9n. Gracias a nuestro amigo periodista, Patricio Segura O.                                           En Santiago ser\u00e1 la cita con autoridades relacionadas con temas pendientes de acuerdo","robots":{"index":"index","follow":"follow","max-snippet":"max-snippet:-1","max-image-preview":"max-image-preview:large","max-video-preview":"max-video-preview:-1"},"canonical":"https:\/\/www.pressenza.com\/es\/2012\/05\/dirigentes-de-movimiento-por-aysen-se-trasladan-a-la-moneda-mientras-preparan-union-de-regiones-patagonicas\/","og_locale":"es_ES","og_type":"article","og_title":"Dirigentes de Movimiento por Ays\u00e9n se trasladan a La Moneda mientras preparan Uni\u00f3n de regiones patag\u00f3nicas","og_description":"Querida familia, amig@s, compa\u00f1er@s: Comparto con ustedes este comunicado de prensa llegado reci\u00e9n. Gracias a nuestro amigo periodista, Patricio Segura O.                                           En Santiago ser\u00e1 la cita con autoridades relacionadas con temas pendientes de acuerdo","og_url":"https:\/\/www.pressenza.com\/es\/2012\/05\/dirigentes-de-movimiento-por-aysen-se-trasladan-a-la-moneda-mientras-preparan-union-de-regiones-patagonicas\/","og_site_name":"Pressenza","article_publisher":"https:\/\/www.facebook.com\/PressenzaItalia","article_published_time":"2012-05-23T00:00:00+00:00","article_modified_time":"2012-05-26T14:18:17+00:00","author":"Magdalena Rosas Ossa","twitter_card":"summary_large_image","twitter_creator":"@PressenzaIPA","twitter_site":"@PressenzaIPA","twitter_misc":{"Escrito por":"Magdalena  Rosas Ossa","Tiempo de lectura":"4 minutos"},"schema":{"@context":"https:\/\/schema.org","@graph":[{"@type":"Article","@id":"https:\/\/www.pressenza.com\/es\/2012\/05\/dirigentes-de-movimiento-por-aysen-se-trasladan-a-la-moneda-mientras-preparan-union-de-regiones-patagonicas\/#article","isPartOf":{"@id":"https:\/\/www.pressenza.com\/es\/2012\/05\/dirigentes-de-movimiento-por-aysen-se-trasladan-a-la-moneda-mientras-preparan-union-de-regiones-patagonicas\/"},"author":{"name":"Magdalena Rosas Ossa","@id":"https:\/\/www.pressenza.com\/es\/#\/schema\/person\/6b4afd6e482fcd187973f7d825c0690f"},"headline":"Dirigentes de Movimiento por Ays\u00e9n se trasladan a La Moneda mientras preparan Uni\u00f3n de regiones patag\u00f3nicas","datePublished":"2012-05-23T00:00:00+00:00","dateModified":"2012-05-26T14:18:17+00:00","mainEntityOfPage":{"@id":"https:\/\/www.pressenza.com\/es\/2012\/05\/dirigentes-de-movimiento-por-aysen-se-trasladan-a-la-moneda-mientras-preparan-union-de-regiones-patagonicas\/"},"wordCount":729,"publisher":{"@id":"https:\/\/www.pressenza.com\/es\/#organization"},"articleSection":["Pol\u00edtica","Sudam\u00e9rica"],"inLanguage":"es"},{"@type":"WebPage","@id":"https:\/\/www.pressenza.com\/es\/2012\/05\/dirigentes-de-movimiento-por-aysen-se-trasladan-a-la-moneda-mientras-preparan-union-de-regiones-patagonicas\/","url":"https:\/\/www.pressenza.com\/es\/2012\/05\/dirigentes-de-movimiento-por-aysen-se-trasladan-a-la-moneda-mientras-preparan-union-de-regiones-patagonicas\/","name":"Dirigentes de Movimiento por Ays\u00e9n se trasladan a La Moneda mientras preparan Uni\u00f3n de regiones patag\u00f3nicas","isPartOf":{"@id":"https:\/\/www.pressenza.com\/es\/#website"},"datePublished":"2012-05-23T00:00:00+00:00","dateModified":"2012-05-26T14:18:17+00:00","description":"Querida familia, amig@s, compa\u00f1er@s: Comparto con ustedes este comunicado de prensa llegado reci\u00e9n. Gracias a nuestro amigo periodista, Patricio Segura O. En Santiago ser\u00e1 la cita con autoridades relacionadas con temas pendientes de acuerdo","breadcrumb":{"@id":"https:\/\/www.pressenza.com\/es\/2012\/05\/dirigentes-de-movimiento-por-aysen-se-trasladan-a-la-moneda-mientras-preparan-union-de-regiones-patagonicas\/#breadcrumb"},"inLanguage":"es","potentialAction":[{"@type":"ReadAction","target":["https:\/\/www.pressenza.com\/es\/2012\/05\/dirigentes-de-movimiento-por-aysen-se-trasladan-a-la-moneda-mientras-preparan-union-de-regiones-patagonicas\/"]}]},{"@type":"BreadcrumbList","@id":"https:\/\/www.pressenza.com\/es\/2012\/05\/dirigentes-de-movimiento-por-aysen-se-trasladan-a-la-moneda-mientras-preparan-union-de-regiones-patagonicas\/#breadcrumb","itemListElement":[{"@type":"ListItem","position":1,"name":"Accueil","item":"https:\/\/www.pressenza.com\/es\/"},{"@type":"ListItem","position":2,"name":"Dirigentes de Movimiento por Ays\u00e9n se trasladan a La Moneda mientras preparan Uni\u00f3n de regiones patag\u00f3nicas"}]},{"@type":"WebSite","@id":"https:\/\/www.pressenza.com\/es\/#website","url":"https:\/\/www.pressenza.com\/es\/","name":"Pressenza","description":"International Press Agency","publisher":{"@id":"https:\/\/www.pressenza.com\/es\/#organization"},"potentialAction":[{"@type":"SearchAction","target":{"@type":"EntryPoint","urlTemplate":"https:\/\/www.pressenza.com\/es\/?s={search_term_string}"},"query-input":{"@type":"PropertyValueSpecification","valueRequired":true,"valueName":"search_term_string"}}],"inLanguage":"es"},{"@type":"Organization","@id":"https:\/\/www.pressenza.com\/es\/#organization","name":"Pressenza","url":"https:\/\/www.pressenza.com\/es\/","logo":{"@type":"ImageObject","inLanguage":"es","@id":"https:\/\/www.pressenza.com\/es\/#\/schema\/logo\/image\/","url":"https:\/\/www.pressenza.com\/wp-content\/uploads\/2022\/10\/pressenza_logo_200x200.jpg","contentUrl":"https:\/\/www.pressenza.com\/wp-content\/uploads\/2022\/10\/pressenza_logo_200x200.jpg","width":200,"height":200,"caption":"Pressenza"},"image":{"@id":"https:\/\/www.pressenza.com\/es\/#\/schema\/logo\/image\/"},"sameAs":["https:\/\/www.facebook.com\/PressenzaItalia","https:\/\/x.com\/PressenzaIPA"]},{"@type":"Person","@id":"https:\/\/www.pressenza.com\/es\/#\/schema\/person\/6b4afd6e482fcd187973f7d825c0690f","name":"Magdalena Rosas Ossa","url":"https:\/\/www.pressenza.com\/es\/author\/magdalena-rosas-ossa\/"}]}},"place":"Coihayque","original_article_url":"","_links":{"self":[{"href":"https:\/\/www.pressenza.com\/es\/wp-json\/wp\/v2\/posts\/9217","targetHints":{"allow":["GET"]}}],"collection":[{"href":"https:\/\/www.pressenza.com\/es\/wp-json\/wp\/v2\/posts"}],"about":[{"href":"https:\/\/www.pressenza.com\/es\/wp-json\/wp\/v2\/types\/post"}],"author":[{"embeddable":true,"href":"https:\/\/www.pressenza.com\/es\/wp-json\/wp\/v2\/users\/788"}],"replies":[{"embeddable":true,"href":"https:\/\/www.pressenza.com\/es\/wp-json\/wp\/v2\/comments?post=9217"}],"version-history":[{"count":0,"href":"https:\/\/www.pressenza.com\/es\/wp-json\/wp\/v2\/posts\/9217\/revisions"}],"wp:attachment":[{"href":"https:\/\/www.pressenza.com\/es\/wp-json\/wp\/v2\/media?parent=9217"}],"wp:term":[{"taxonomy":"category","embeddable":true,"href":"https:\/\/www.pressenza.com\/es\/wp-json\/wp\/v2\/categories?post=9217"},{"taxonomy":"post_tag","embeddable":true,"href":"https:\/\/www.pressenza.com\/es\/wp-json\/wp\/v2\/tags?post=9217"}],"curies":[{"name":"wp","href":"https:\/\/api.w.org\/{rel}","templated":true}]}}