{"id":921161,"date":"2019-09-19T19:08:46","date_gmt":"2019-09-19T18:08:46","guid":{"rendered":"https:\/\/www.pressenza.com\/?p=921161"},"modified":"2019-09-19T19:08:46","modified_gmt":"2019-09-19T18:08:46","slug":"espana-el-congreso-aprueba-la-declaracion-de-estado-de-emergencia-climatica","status":"publish","type":"post","link":"https:\/\/www.pressenza.com\/es\/2019\/09\/espana-el-congreso-aprueba-la-declaracion-de-estado-de-emergencia-climatica\/","title":{"rendered":"Espa\u00f1a: el Congreso aprueba la declaraci\u00f3n de estado de emergencia clim\u00e1tica"},"content":{"rendered":"<p><em>Por<strong> Pablo Rivas \/El Salto diario<\/strong><\/em><\/p>\n<p><strong>El movimiento por el clima, que ven\u00eda reclamando la medida, se muestra esc\u00e9ptico y reclama que la iniciativa no se quede en una mera declaraci\u00f3n institucional, sino que suponga un giro dr\u00e1stico en las pol\u00edtica energ\u00e9tica, industrial y de transporte para una disminuci\u00f3n real y radical de las emisiones de gases de efecto invernadero.<\/strong><\/p>\n<p>Ha tardado pero ha llegado, ahora est\u00e1 por ver si su aplicaci\u00f3n tiene un efecto real y acorde con las circunstancias, algo que los colectivos y organizaciones que forman la rama espa\u00f1ola del movimiento global por el clima ponen en duda con el texto aprobado este 17 de septiembre. El Congreso de los Diputados ha dado luz verde hoy, a petici\u00f3n del Grupo Parlamentario Confederal de Unidas Podemos-En Com\u00fa Podem-Galicia en Com\u00fan, a la declaraci\u00f3n del estado de emergencia clim\u00e1tica en Espa\u00f1a, una medida que el movimiento por el clima, en plena preparaci\u00f3n de la <a href=\"https:\/\/www.elsaltodiario.com\/cambio-climatico\/mapa-planeta-entero-contra-crisis-climatica-huelga\" target=\"_blank\" rel=\"noopener\">Huelga Mundial por el Clima<\/a> de este 27 de septiembre, llevaba reclamando desde hace meses.<\/p>\n<p>\u201cNuestra casa est\u00e1 ardiendo y no podemos esconder la cabeza ante ello\u201d,\u00a0ha se\u00f1alado Juantxo L\u00f3pez de Uralde, diputado de Unidas Podemos encargado de presentar este martes la propuesta en el Congreso.\u00a0\u201cEspa\u00f1a est\u00e1 en una situaci\u00f3n emergencia clim\u00e1tica \u2014continuaba\u2014, es necesario tomar medidas pol\u00edticas en todos los sentidos: energ\u00eda, movilidad, agricultura, edificaci\u00f3n\u2026 Eso debe venir, pero hoy, si el Congreso apoya esta declaraci\u00f3n, estaremos d\u00e1ndonos un marco para condicionar a partir de ahora esas pol\u00edticas\u201d.<\/p>\n<p>La declaraci\u00f3n espa\u00f1ola llega <a href=\"https:\/\/www.elsaltodiario.com\/cambio-climatico\/declaracion-emergencia-climatica-que-es-sirve\" target=\"_blank\" rel=\"noopener\">m\u00e1s de tres meses y medio despu\u00e9s<\/a> de que Reino Unido hiciese lo propio el pasado 1 de mayo, siguiendo la estela de los gobiernos regionales de Gales y Escocia, y de toda una serie de universidades brit\u00e1nicas. En el Estado espa\u00f1ol la respuesta m\u00e1s temprana llegaba de la mano del Govern catal\u00e1n, que el 14 de mayo se sumaba a la iniciativa, a pesar de que la Generalitat no ten\u00eda un presupuesto destinado a los compromisos contra la crisis clim\u00e1tica. Desde entonces, multitud de Gobiernos \u2014de Canarias al Pa\u00eds Valenci\u00e0\u2014, ayuntamientos y organismos se han sumado con sendas declaraciones, aunque para los colectivos ecologistas la mayor\u00eda de estas iniciativas suponen un simple brindis al sol.<\/p>\n<p><strong><span style=\"line-height: 1.5;\">Texto vac\u00edo<\/span><\/strong><\/p>\n<p><span style=\"line-height: 1.5;\">\u201cUna declaraci\u00f3n de emergencia clim\u00e1tica vac\u00eda no es ninguna garant\u00eda de que se vayan a implementar unas pol\u00edticas de urgencia frente a esta emergencia clim\u00e1tica\u201d, se\u00f1ala a El Salto la responsable de la Campa\u00f1a de Energ\u00eda y Cambio Clim\u00e1tico de Greenpeace, Tatiana Nu\u00f1o. \u201cLa situaci\u00f3n pol\u00edtica no invita para nada a que se aprueben las pol\u00edticas que necesitamos para abordar esta emergencia clim\u00e1tica, con lo que no solo se aprueba tarde, sino que es una declaraci\u00f3n vac\u00eda\u201d.<\/span><\/p>\n<p>Con dichas medidas Nu\u00f1o se refiere a <a href=\"https:\/\/www.ecologistasenaccion.org\/wp-content\/uploads\/2019\/06\/mocion-emergencia-climatica.pdf\" target=\"_blank\" rel=\"noopener\">las consensuadas por el movimiento por el clima<\/a> en un texto que deb\u00eda acompa\u00f1ar a la declaraci\u00f3n de emergencia clim\u00e1tica, \u201cmedidas reales con urgencia, y para ello <a href=\"https:\/\/es.greenpeace.org\/es\/sala-de-prensa\/comunicados\/la-declaracion-de-emergencia-climatica-debe-concretarse-en-medidas-reales-con-urgencia-y-para-ello-hace-falta-un-gobierno\/\" target=\"_blank\" rel=\"noopener\">hace falta un gobierno<\/a>\u201d, puntualiza la responsable, que ha recordado que a\u00fan no ha salido adelante la <a href=\"https:\/\/www.elsaltodiario.com\/cambio-climatico\/coches-hidrocarburos-2040-borrador-ley-ecologistas\" target=\"_blank\" rel=\"noopener\">Ley de Cambio Clim\u00e1tico y Transici\u00f3n Energ\u00e9tica<\/a>.<\/p>\n<p>En concreto, Nu\u00f1o habla de medidas como que Espa\u00f1a llegue al cero neto en las emisiones no m\u00e1s tarde de 2040 y al aumento de la ambici\u00f3n clim\u00e1tica para 2030. \u201cAhora mismo el Gobierno ha propuesto un exiguo 20% de reducci\u00f3n de emisiones respecto a 1990, lo que est\u00e1 muy lejos de estar alineado con el Acuerdo de Par\u00eds y las recomendaciones cient\u00edficas. Desde la coalici\u00f3n de organizaciones ecologistas a nivel europeo consideramos que la reducci\u00f3n de emisiones para 2030 a nivel europeo deber\u00eda ser del 65%, y a Espa\u00f1a le toca un 55%\u201d, indica.<\/p>\n<p>Asimismo, la responsable de Greenpeace explica que la declaraci\u00f3n deber\u00eda llevar aparejada un volantazo en el sector del transporte, \u201cabordando el cierre de la venta de los coches de combusti\u00f3n interna a gasoil o gasolina en la pr\u00f3xima d\u00e9cada\u201d, as\u00ed como poner fecha al fin del uso del carb\u00f3n, que para los ecologistas no deber\u00eda sobrepasar 2025, y realizar las pol\u00edticas necesarias para tener un sistema el\u00e9ctrico 100% renovable para 2030.<\/p>\n<p>Desde Ecologistas en Acci\u00f3n, por su parte, se\u00f1alan la importancia de que Espa\u00f1a salga y rechace los tratados de libre comercio como medida indispensable para responder al problema clim\u00e1tico. \u201cPara responder con rapidez y contundencia a la emergencia clim\u00e1tica, ecol\u00f3gica y civilizatoria, la Campa\u00f1a No a los tratados de comercio e inversi\u00f3n propone dar un giro de 180 grados en las pol\u00edticas comerciales de modo que estas antepongan la protecci\u00f3n del clima, la biodiversidad y los derechos humanos al beneficio privado\u201d, ha se\u00f1alado la confederaci\u00f3n ecologista este martes.<\/p>\n<p>Convenios como el Tratado sobre la Carta de la Energ\u00eda o el recientemente alcanzado <a href=\"https:\/\/www.elsaltodiario.com\/union-europea\/tratado-comercial-ue-mercosur-violar-derechos-humanos-medioambiente\" target=\"_blank\" rel=\"noopener\">acuerdo entre la UE y Mercosur<\/a> son, para el colectivo, \u201cincompatibles con la reducci\u00f3n de emisiones, dificultan la adopci\u00f3n de las medidas necesarias para hacer frente a la crisis ecol\u00f3gica y agravan la emergencia clim\u00e1tica\u201d.<\/p>\n<p><strong>Clamor<\/strong><\/p>\n<p>La declaraci\u00f3n aprobada hoy era una de las exigencias de las m\u00e1s de 300 organizaciones que, a nivel estatal, se han sumando a la convocatoria Huelga Mundial por el Clima que tendr\u00e1 lugar este 27 de septiembre \u2014enmarcada en la Movilizaci\u00f3n Global por el Clima que se desarrollar\u00e1 entre el 20 y el 27 de septiembre\u2014, tal como recoge el <a href=\"https:\/\/drive.google.com\/file\/d\/1xUd2VtLz5ltlD8f64NFRh724gGrm8DxN\/view\" target=\"_blank\" rel=\"noopener\">manifiesto por la huelga<\/a> que publicaron el pasado d\u00eda 12.<\/p>\n<p>Las decenas de organizaciones convocantes exigen que, tras la declaraci\u00f3n, \u201cse tomen las medidas concretas necesarias para reducir r\u00e1pidamente a cero neto las emisiones de gases de efecto invernadero, en l\u00ednea con lo establecido por la ciencia y bajo criterios de justicia clim\u00e1tica\u201d. Esto supone asumir la urgencia de la situaci\u00f3n actual admitiendo el diagn\u00f3stico, indicaciones y sendas de reducci\u00f3n reflejadas en el \u00faltimo informe sobre 1,5\u00baC del Grupo Intergubernamental de Expertos sobre Cambio Clim\u00e1tico (IPCC) y asumir \u201ccompromisos pol\u00edticos reales y vinculantes\u201d, asignando los recursos necesarios para hacer frente a la crisis y garantizar una reducci\u00f3n de gases de efecto invernadero que establezca una disminuci\u00f3n de emisiones global entre el 40% y el 60% para 2030 respecto a 2010, adem\u00e1s de establecer medidas para abandonar paulatinamente los combustibles f\u00f3siles y frenar la p\u00e9rdida de biodiversidad que supone la <a href=\"https:\/\/www.elsaltodiario.com\/biodiversidad\/sexta-extincion-homo-sapiens-asesino-ecologico\" target=\"_blank\" rel=\"noopener\">Sexta extinci\u00f3n masiva de especies<\/a> que vivimos en la actualidad.<\/p>\n","protected":false},"excerpt":{"rendered":"<p>Por Pablo Rivas \/El Salto diario El movimiento por el clima, que ven\u00eda reclamando la medida, se muestra esc\u00e9ptico y reclama que la iniciativa no se quede en una mera declaraci\u00f3n institucional, sino que suponga un giro dr\u00e1stico en las&hellip;<\/p>\n","protected":false},"author":94,"featured_media":921162,"comment_status":"closed","ping_status":"closed","sticky":false,"template":"","format":"standard","meta":{"footnotes":""},"categories":[78,66,161],"tags":[1265,64236,23491,1065,56427],"class_list":["post-921161","post","type-post","status-publish","format-standard","has-post-thumbnail","hentry","category-medio-ambiente-ecologia","category-europa-es","category-opiniones","tag-cambio-climatico","tag-efecto-invernadero","tag-emergencia","tag-espana","tag-huelga-mundial"],"yoast_head":"<!-- This site is optimized with the Yoast SEO plugin v27.1.1 - https:\/\/yoast.com\/product\/yoast-seo-wordpress\/ -->\n<title>Espa\u00f1a: el Congreso aprueba la declaraci\u00f3n de estado de emergencia clim\u00e1tica<\/title>\n<meta name=\"description\" content=\"Por Pablo Rivas \/El Salto diario El movimiento por el clima, que ven\u00eda reclamando la medida, se muestra esc\u00e9ptico y reclama que la iniciativa no se quede\" \/>\n<meta name=\"robots\" content=\"index, follow, max-snippet:-1, max-image-preview:large, max-video-preview:-1\" \/>\n<link rel=\"canonical\" href=\"https:\/\/www.pressenza.com\/es\/2019\/09\/espana-el-congreso-aprueba-la-declaracion-de-estado-de-emergencia-climatica\/\" \/>\n<meta property=\"og:locale\" content=\"es_ES\" \/>\n<meta property=\"og:type\" content=\"article\" \/>\n<meta property=\"og:title\" content=\"Espa\u00f1a: el Congreso aprueba la declaraci\u00f3n de estado de emergencia clim\u00e1tica\" \/>\n<meta property=\"og:description\" content=\"Por Pablo Rivas \/El Salto diario El movimiento por el clima, que ven\u00eda reclamando la medida, se muestra esc\u00e9ptico y reclama que la iniciativa no se quede\" \/>\n<meta property=\"og:url\" content=\"https:\/\/www.pressenza.com\/es\/2019\/09\/espana-el-congreso-aprueba-la-declaracion-de-estado-de-emergencia-climatica\/\" \/>\n<meta property=\"og:site_name\" content=\"Pressenza\" \/>\n<meta property=\"article:publisher\" content=\"https:\/\/www.facebook.com\/PressenzaItalia\" \/>\n<meta property=\"article:author\" content=\"https:\/\/www.facebook.com\/pressenza\" \/>\n<meta property=\"article:published_time\" content=\"2019-09-19T18:08:46+00:00\" \/>\n<meta property=\"og:image\" content=\"https:\/\/www.pressenza.com\/wp-content\/uploads\/2019\/09\/Extinction-Rebellion-1.jpg\" \/>\n\t<meta property=\"og:image:width\" content=\"1024\" \/>\n\t<meta property=\"og:image:height\" content=\"768\" \/>\n\t<meta property=\"og:image:type\" content=\"image\/jpeg\" \/>\n<meta name=\"author\" content=\"Redacci\u00f3n Madrid\" \/>\n<meta name=\"twitter:card\" content=\"summary_large_image\" \/>\n<meta name=\"twitter:creator\" content=\"@pressenza\" \/>\n<meta name=\"twitter:site\" content=\"@PressenzaIPA\" \/>\n<meta name=\"twitter:label1\" content=\"Escrito por\" \/>\n\t<meta name=\"twitter:data1\" content=\"Redacci\u00f3n Madrid\" \/>\n\t<meta name=\"twitter:label2\" content=\"Tiempo de lectura\" \/>\n\t<meta name=\"twitter:data2\" content=\"6 minutos\" \/>\n<script type=\"application\/ld+json\" class=\"yoast-schema-graph\">{\"@context\":\"https:\/\/schema.org\",\"@graph\":[{\"@type\":\"Article\",\"@id\":\"https:\/\/www.pressenza.com\/es\/2019\/09\/espana-el-congreso-aprueba-la-declaracion-de-estado-de-emergencia-climatica\/#article\",\"isPartOf\":{\"@id\":\"https:\/\/www.pressenza.com\/es\/2019\/09\/espana-el-congreso-aprueba-la-declaracion-de-estado-de-emergencia-climatica\/\"},\"author\":{\"name\":\"Redacci\u00f3n Madrid\",\"@id\":\"https:\/\/www.pressenza.com\/es\/#\/schema\/person\/828fc40eeca2ad7be3630e5a46adba94\"},\"headline\":\"Espa\u00f1a: el Congreso aprueba la declaraci\u00f3n de estado de emergencia clim\u00e1tica\",\"datePublished\":\"2019-09-19T18:08:46+00:00\",\"mainEntityOfPage\":{\"@id\":\"https:\/\/www.pressenza.com\/es\/2019\/09\/espana-el-congreso-aprueba-la-declaracion-de-estado-de-emergencia-climatica\/\"},\"wordCount\":1138,\"publisher\":{\"@id\":\"https:\/\/www.pressenza.com\/es\/#organization\"},\"image\":{\"@id\":\"https:\/\/www.pressenza.com\/es\/2019\/09\/espana-el-congreso-aprueba-la-declaracion-de-estado-de-emergencia-climatica\/#primaryimage\"},\"thumbnailUrl\":\"https:\/\/www.pressenza.com\/wp-content\/uploads\/2019\/09\/Extinction-Rebellion-1.jpg\",\"keywords\":[\"cambio clim\u00e1tico\",\"efecto invernadero\",\"emergencia\",\"Espa\u00f1a\",\"huelga mundial\"],\"articleSection\":[\"Ecolog\u00eda y Medio Ambiente\",\"Europa\",\"Opiniones\"],\"inLanguage\":\"es\"},{\"@type\":\"WebPage\",\"@id\":\"https:\/\/www.pressenza.com\/es\/2019\/09\/espana-el-congreso-aprueba-la-declaracion-de-estado-de-emergencia-climatica\/\",\"url\":\"https:\/\/www.pressenza.com\/es\/2019\/09\/espana-el-congreso-aprueba-la-declaracion-de-estado-de-emergencia-climatica\/\",\"name\":\"Espa\u00f1a: el Congreso aprueba la declaraci\u00f3n de estado de emergencia clim\u00e1tica\",\"isPartOf\":{\"@id\":\"https:\/\/www.pressenza.com\/es\/#website\"},\"primaryImageOfPage\":{\"@id\":\"https:\/\/www.pressenza.com\/es\/2019\/09\/espana-el-congreso-aprueba-la-declaracion-de-estado-de-emergencia-climatica\/#primaryimage\"},\"image\":{\"@id\":\"https:\/\/www.pressenza.com\/es\/2019\/09\/espana-el-congreso-aprueba-la-declaracion-de-estado-de-emergencia-climatica\/#primaryimage\"},\"thumbnailUrl\":\"https:\/\/www.pressenza.com\/wp-content\/uploads\/2019\/09\/Extinction-Rebellion-1.jpg\",\"datePublished\":\"2019-09-19T18:08:46+00:00\",\"description\":\"Por Pablo Rivas \/El Salto diario El movimiento por el clima, que ven\u00eda reclamando la medida, se muestra esc\u00e9ptico y reclama que la iniciativa no se quede\",\"breadcrumb\":{\"@id\":\"https:\/\/www.pressenza.com\/es\/2019\/09\/espana-el-congreso-aprueba-la-declaracion-de-estado-de-emergencia-climatica\/#breadcrumb\"},\"inLanguage\":\"es\",\"potentialAction\":[{\"@type\":\"ReadAction\",\"target\":[\"https:\/\/www.pressenza.com\/es\/2019\/09\/espana-el-congreso-aprueba-la-declaracion-de-estado-de-emergencia-climatica\/\"]}]},{\"@type\":\"ImageObject\",\"inLanguage\":\"es\",\"@id\":\"https:\/\/www.pressenza.com\/es\/2019\/09\/espana-el-congreso-aprueba-la-declaracion-de-estado-de-emergencia-climatica\/#primaryimage\",\"url\":\"https:\/\/www.pressenza.com\/wp-content\/uploads\/2019\/09\/Extinction-Rebellion-1.jpg\",\"contentUrl\":\"https:\/\/www.pressenza.com\/wp-content\/uploads\/2019\/09\/Extinction-Rebellion-1.jpg\",\"width\":1024,\"height\":768},{\"@type\":\"BreadcrumbList\",\"@id\":\"https:\/\/www.pressenza.com\/es\/2019\/09\/espana-el-congreso-aprueba-la-declaracion-de-estado-de-emergencia-climatica\/#breadcrumb\",\"itemListElement\":[{\"@type\":\"ListItem\",\"position\":1,\"name\":\"Accueil\",\"item\":\"https:\/\/www.pressenza.com\/es\/\"},{\"@type\":\"ListItem\",\"position\":2,\"name\":\"Espa\u00f1a: el Congreso aprueba la declaraci\u00f3n de estado de emergencia clim\u00e1tica\"}]},{\"@type\":\"WebSite\",\"@id\":\"https:\/\/www.pressenza.com\/es\/#website\",\"url\":\"https:\/\/www.pressenza.com\/es\/\",\"name\":\"Pressenza\",\"description\":\"International Press Agency\",\"publisher\":{\"@id\":\"https:\/\/www.pressenza.com\/es\/#organization\"},\"potentialAction\":[{\"@type\":\"SearchAction\",\"target\":{\"@type\":\"EntryPoint\",\"urlTemplate\":\"https:\/\/www.pressenza.com\/es\/?s={search_term_string}\"},\"query-input\":{\"@type\":\"PropertyValueSpecification\",\"valueRequired\":true,\"valueName\":\"search_term_string\"}}],\"inLanguage\":\"es\"},{\"@type\":\"Organization\",\"@id\":\"https:\/\/www.pressenza.com\/es\/#organization\",\"name\":\"Pressenza\",\"url\":\"https:\/\/www.pressenza.com\/es\/\",\"logo\":{\"@type\":\"ImageObject\",\"inLanguage\":\"es\",\"@id\":\"https:\/\/www.pressenza.com\/es\/#\/schema\/logo\/image\/\",\"url\":\"https:\/\/www.pressenza.com\/wp-content\/uploads\/2022\/10\/pressenza_logo_200x200.jpg\",\"contentUrl\":\"https:\/\/www.pressenza.com\/wp-content\/uploads\/2022\/10\/pressenza_logo_200x200.jpg\",\"width\":200,\"height\":200,\"caption\":\"Pressenza\"},\"image\":{\"@id\":\"https:\/\/www.pressenza.com\/es\/#\/schema\/logo\/image\/\"},\"sameAs\":[\"https:\/\/www.facebook.com\/PressenzaItalia\",\"https:\/\/x.com\/PressenzaIPA\"]},{\"@type\":\"Person\",\"@id\":\"https:\/\/www.pressenza.com\/es\/#\/schema\/person\/828fc40eeca2ad7be3630e5a46adba94\",\"name\":\"Redacci\u00f3n Madrid\",\"description\":\"News from the Pressenza Bureau in Madrid, Spain\",\"sameAs\":[\"https:\/\/www.facebook.com\/pressenza\",\"https:\/\/x.com\/pressenza\"],\"url\":\"https:\/\/www.pressenza.com\/es\/author\/redaccion-madrid\/\"}]}<\/script>\n<!-- \/ Yoast SEO plugin. -->","yoast_head_json":{"title":"Espa\u00f1a: el Congreso aprueba la declaraci\u00f3n de estado de emergencia clim\u00e1tica","description":"Por Pablo Rivas \/El Salto diario El movimiento por el clima, que ven\u00eda reclamando la medida, se muestra esc\u00e9ptico y reclama que la iniciativa no se quede","robots":{"index":"index","follow":"follow","max-snippet":"max-snippet:-1","max-image-preview":"max-image-preview:large","max-video-preview":"max-video-preview:-1"},"canonical":"https:\/\/www.pressenza.com\/es\/2019\/09\/espana-el-congreso-aprueba-la-declaracion-de-estado-de-emergencia-climatica\/","og_locale":"es_ES","og_type":"article","og_title":"Espa\u00f1a: el Congreso aprueba la declaraci\u00f3n de estado de emergencia clim\u00e1tica","og_description":"Por Pablo Rivas \/El Salto diario El movimiento por el clima, que ven\u00eda reclamando la medida, se muestra esc\u00e9ptico y reclama que la iniciativa no se quede","og_url":"https:\/\/www.pressenza.com\/es\/2019\/09\/espana-el-congreso-aprueba-la-declaracion-de-estado-de-emergencia-climatica\/","og_site_name":"Pressenza","article_publisher":"https:\/\/www.facebook.com\/PressenzaItalia","article_author":"https:\/\/www.facebook.com\/pressenza","article_published_time":"2019-09-19T18:08:46+00:00","og_image":[{"width":1024,"height":768,"url":"https:\/\/www.pressenza.com\/wp-content\/uploads\/2019\/09\/Extinction-Rebellion-1.jpg","type":"image\/jpeg"}],"author":"Redacci\u00f3n Madrid","twitter_card":"summary_large_image","twitter_creator":"@pressenza","twitter_site":"@PressenzaIPA","twitter_misc":{"Escrito por":"Redacci\u00f3n Madrid","Tiempo de lectura":"6 minutos"},"schema":{"@context":"https:\/\/schema.org","@graph":[{"@type":"Article","@id":"https:\/\/www.pressenza.com\/es\/2019\/09\/espana-el-congreso-aprueba-la-declaracion-de-estado-de-emergencia-climatica\/#article","isPartOf":{"@id":"https:\/\/www.pressenza.com\/es\/2019\/09\/espana-el-congreso-aprueba-la-declaracion-de-estado-de-emergencia-climatica\/"},"author":{"name":"Redacci\u00f3n Madrid","@id":"https:\/\/www.pressenza.com\/es\/#\/schema\/person\/828fc40eeca2ad7be3630e5a46adba94"},"headline":"Espa\u00f1a: el Congreso aprueba la declaraci\u00f3n de estado de emergencia clim\u00e1tica","datePublished":"2019-09-19T18:08:46+00:00","mainEntityOfPage":{"@id":"https:\/\/www.pressenza.com\/es\/2019\/09\/espana-el-congreso-aprueba-la-declaracion-de-estado-de-emergencia-climatica\/"},"wordCount":1138,"publisher":{"@id":"https:\/\/www.pressenza.com\/es\/#organization"},"image":{"@id":"https:\/\/www.pressenza.com\/es\/2019\/09\/espana-el-congreso-aprueba-la-declaracion-de-estado-de-emergencia-climatica\/#primaryimage"},"thumbnailUrl":"https:\/\/www.pressenza.com\/wp-content\/uploads\/2019\/09\/Extinction-Rebellion-1.jpg","keywords":["cambio clim\u00e1tico","efecto invernadero","emergencia","Espa\u00f1a","huelga mundial"],"articleSection":["Ecolog\u00eda y Medio Ambiente","Europa","Opiniones"],"inLanguage":"es"},{"@type":"WebPage","@id":"https:\/\/www.pressenza.com\/es\/2019\/09\/espana-el-congreso-aprueba-la-declaracion-de-estado-de-emergencia-climatica\/","url":"https:\/\/www.pressenza.com\/es\/2019\/09\/espana-el-congreso-aprueba-la-declaracion-de-estado-de-emergencia-climatica\/","name":"Espa\u00f1a: el Congreso aprueba la declaraci\u00f3n de estado de emergencia clim\u00e1tica","isPartOf":{"@id":"https:\/\/www.pressenza.com\/es\/#website"},"primaryImageOfPage":{"@id":"https:\/\/www.pressenza.com\/es\/2019\/09\/espana-el-congreso-aprueba-la-declaracion-de-estado-de-emergencia-climatica\/#primaryimage"},"image":{"@id":"https:\/\/www.pressenza.com\/es\/2019\/09\/espana-el-congreso-aprueba-la-declaracion-de-estado-de-emergencia-climatica\/#primaryimage"},"thumbnailUrl":"https:\/\/www.pressenza.com\/wp-content\/uploads\/2019\/09\/Extinction-Rebellion-1.jpg","datePublished":"2019-09-19T18:08:46+00:00","description":"Por Pablo Rivas \/El Salto diario El movimiento por el clima, que ven\u00eda reclamando la medida, se muestra esc\u00e9ptico y reclama que la iniciativa no se quede","breadcrumb":{"@id":"https:\/\/www.pressenza.com\/es\/2019\/09\/espana-el-congreso-aprueba-la-declaracion-de-estado-de-emergencia-climatica\/#breadcrumb"},"inLanguage":"es","potentialAction":[{"@type":"ReadAction","target":["https:\/\/www.pressenza.com\/es\/2019\/09\/espana-el-congreso-aprueba-la-declaracion-de-estado-de-emergencia-climatica\/"]}]},{"@type":"ImageObject","inLanguage":"es","@id":"https:\/\/www.pressenza.com\/es\/2019\/09\/espana-el-congreso-aprueba-la-declaracion-de-estado-de-emergencia-climatica\/#primaryimage","url":"https:\/\/www.pressenza.com\/wp-content\/uploads\/2019\/09\/Extinction-Rebellion-1.jpg","contentUrl":"https:\/\/www.pressenza.com\/wp-content\/uploads\/2019\/09\/Extinction-Rebellion-1.jpg","width":1024,"height":768},{"@type":"BreadcrumbList","@id":"https:\/\/www.pressenza.com\/es\/2019\/09\/espana-el-congreso-aprueba-la-declaracion-de-estado-de-emergencia-climatica\/#breadcrumb","itemListElement":[{"@type":"ListItem","position":1,"name":"Accueil","item":"https:\/\/www.pressenza.com\/es\/"},{"@type":"ListItem","position":2,"name":"Espa\u00f1a: el Congreso aprueba la declaraci\u00f3n de estado de emergencia clim\u00e1tica"}]},{"@type":"WebSite","@id":"https:\/\/www.pressenza.com\/es\/#website","url":"https:\/\/www.pressenza.com\/es\/","name":"Pressenza","description":"International Press Agency","publisher":{"@id":"https:\/\/www.pressenza.com\/es\/#organization"},"potentialAction":[{"@type":"SearchAction","target":{"@type":"EntryPoint","urlTemplate":"https:\/\/www.pressenza.com\/es\/?s={search_term_string}"},"query-input":{"@type":"PropertyValueSpecification","valueRequired":true,"valueName":"search_term_string"}}],"inLanguage":"es"},{"@type":"Organization","@id":"https:\/\/www.pressenza.com\/es\/#organization","name":"Pressenza","url":"https:\/\/www.pressenza.com\/es\/","logo":{"@type":"ImageObject","inLanguage":"es","@id":"https:\/\/www.pressenza.com\/es\/#\/schema\/logo\/image\/","url":"https:\/\/www.pressenza.com\/wp-content\/uploads\/2022\/10\/pressenza_logo_200x200.jpg","contentUrl":"https:\/\/www.pressenza.com\/wp-content\/uploads\/2022\/10\/pressenza_logo_200x200.jpg","width":200,"height":200,"caption":"Pressenza"},"image":{"@id":"https:\/\/www.pressenza.com\/es\/#\/schema\/logo\/image\/"},"sameAs":["https:\/\/www.facebook.com\/PressenzaItalia","https:\/\/x.com\/PressenzaIPA"]},{"@type":"Person","@id":"https:\/\/www.pressenza.com\/es\/#\/schema\/person\/828fc40eeca2ad7be3630e5a46adba94","name":"Redacci\u00f3n Madrid","description":"News from the Pressenza Bureau in Madrid, Spain","sameAs":["https:\/\/www.facebook.com\/pressenza","https:\/\/x.com\/pressenza"],"url":"https:\/\/www.pressenza.com\/es\/author\/redaccion-madrid\/"}]}},"place":"Madrid, Espa\u00f1a","original_article_url":"https:\/\/www.elsaltodiario.com\/cambio-climatico\/congreso-declaracion-estado-emergencia-climatica-descafeinado","_links":{"self":[{"href":"https:\/\/www.pressenza.com\/es\/wp-json\/wp\/v2\/posts\/921161","targetHints":{"allow":["GET"]}}],"collection":[{"href":"https:\/\/www.pressenza.com\/es\/wp-json\/wp\/v2\/posts"}],"about":[{"href":"https:\/\/www.pressenza.com\/es\/wp-json\/wp\/v2\/types\/post"}],"author":[{"embeddable":true,"href":"https:\/\/www.pressenza.com\/es\/wp-json\/wp\/v2\/users\/94"}],"replies":[{"embeddable":true,"href":"https:\/\/www.pressenza.com\/es\/wp-json\/wp\/v2\/comments?post=921161"}],"version-history":[{"count":0,"href":"https:\/\/www.pressenza.com\/es\/wp-json\/wp\/v2\/posts\/921161\/revisions"}],"wp:featuredmedia":[{"embeddable":true,"href":"https:\/\/www.pressenza.com\/es\/wp-json\/wp\/v2\/media\/921162"}],"wp:attachment":[{"href":"https:\/\/www.pressenza.com\/es\/wp-json\/wp\/v2\/media?parent=921161"}],"wp:term":[{"taxonomy":"category","embeddable":true,"href":"https:\/\/www.pressenza.com\/es\/wp-json\/wp\/v2\/categories?post=921161"},{"taxonomy":"post_tag","embeddable":true,"href":"https:\/\/www.pressenza.com\/es\/wp-json\/wp\/v2\/tags?post=921161"}],"curies":[{"name":"wp","href":"https:\/\/api.w.org\/{rel}","templated":true}]}}