{"id":921129,"date":"2019-09-19T18:08:26","date_gmt":"2019-09-19T17:08:26","guid":{"rendered":"https:\/\/www.pressenza.com\/?p=921129"},"modified":"2019-09-19T18:08:26","modified_gmt":"2019-09-19T17:08:26","slug":"200-escuelas-que-promueven-la-paz-y-la-no-violencia","status":"publish","type":"post","link":"https:\/\/www.pressenza.com\/es\/2019\/09\/200-escuelas-que-promueven-la-paz-y-la-no-violencia\/","title":{"rendered":"200 escuelas que promueven la paz y la no violencia"},"content":{"rendered":"<p>Esta campa\u00f1a busca movilizar a las escuelas de todo Brasil durante la Segunda Marcha Mundial por la Paz y la No Violencia, que comenzar\u00e1 el 2 de octubre de 2019. Para entender mejor la propuesta, entrevistamos a Vin\u00edcius, coordinador del proyecto No-Violencia en las Escuelas.<\/p>\n<p><strong>\u00bfEn qu\u00e9 consisten las 200 escuelas del proyecto?<\/strong><\/p>\n<p>La Campa\u00f1a de 200 Escuelas es una acci\u00f3n de movilizaci\u00f3n socioeducativa que tiene como objetivo incentivar a las escuelas de Brasil a celebrar, estudiar y difundir los Ideales de Paz basados en la metodolog\u00eda de la No-violencia.<\/p>\n<p>Es una acci\u00f3n de la Marcha Mundial por la Paz y la No-Violencia, coordinada por el Proyecto No-Violencia en las Escuelas.<\/p>\n<p>Las escuelas pueden llevar a cabo cualquier acci\u00f3n sobre el tema, pero alentamos a quienes quieran llevar a cabo los S\u00edmbolos Humanos de la Paz o de la No-Violencia. Estos s\u00edmbolos tienen la virtud de mover el cuerpo con una intenci\u00f3n colectiva pac\u00edfica y no violenta.<\/p>\n<p>Estos organismos colectivos piden Paz y No-violencia para el mundo, las culturas, los pa\u00edses, las familias, y las escuelas, pero tambi\u00e9n para nuestros corazones y mentes.<\/p>\n<p><strong>\u00bfCu\u00e1l es el objetivo principal de este proyecto?<\/strong><\/p>\n<p>Dar una se\u00f1al a toda la sociedad de que las escuelas est\u00e1n en sinton\u00eda con una profunda transformaci\u00f3n de la cultura violenta en la que estamos inmersos.<\/p>\n<p>Se movilizar\u00e1n 200 escuelas en Brasil para desarrollar colectivamente una nueva educaci\u00f3n.<\/p>\n<p><strong>\u00bfQu\u00e9 representa la Marcha Mundial?<\/strong><\/p>\n<p>La Marcha Mundial es un momento de movilizaci\u00f3n f\u00edsica, mental, cultural e internacional. Es una profunda llamada a la Paz y a la No Violencia, con mucha alegr\u00eda, convergencia y expectativa de un futuro mejor.<\/p>\n<p><strong>\u00bfC\u00f3mo puede la educaci\u00f3n generar conciencia de paz?<\/strong><\/p>\n<p>La educaci\u00f3n es el espacio principal de formaci\u00f3n que existe hoy en d\u00eda, aliada al hecho de que es una instituci\u00f3n que tambi\u00e9n est\u00e1 en crisis, pero que no est\u00e1 sufriendo tanto como otras instituciones en la que vivimos. Gracias a esta resistencia, podr\u00eda ser la instituci\u00f3n capaz de promover una amplia cultura de paz y no violencia, no s\u00f3lo para sus miembros, sino para toda la sociedad.<\/p>\n<p><strong>Para participar basta con acceder a <a href=\"https:\/\/www.naoviolencianasescolas.org\/\">nuestro sitio<\/a> o unirse al grupo whatsapp haciendo <a href=\"https:\/\/chat.whatsapp.com\/invite\/BqLDruQWgv0BdnIbDDGKcF\">clic aqu\u00ed. <\/a>\u00a0<\/strong><\/p>\n<hr \/>\n<p><em>Traducci\u00f3n del portugu\u00e9s por Nicol\u00e1s Soto<\/em><\/p>\n","protected":false},"excerpt":{"rendered":"<p>Esta campa\u00f1a busca movilizar a las escuelas de todo Brasil durante la Segunda Marcha Mundial por la Paz y la No Violencia, que comenzar\u00e1 el 2 de octubre de 2019. Para entender mejor la propuesta, entrevistamos a Vin\u00edcius, coordinador del&hellip;<\/p>\n","protected":false},"author":44,"featured_media":919787,"comment_status":"closed","ping_status":"closed","sticky":false,"template":"","format":"standard","meta":{"footnotes":""},"categories":[11389,79,1241,67],"tags":[774],"class_list":["post-921129","post","type-post","status-publish","format-standard","has-post-thumbnail","hentry","category-contenido-original","category-derechos-humanos","category-diversidad","category-sudamerica","tag-censura"],"yoast_head":"<!-- This site is optimized with the Yoast SEO plugin v27.1.1 - https:\/\/yoast.com\/product\/yoast-seo-wordpress\/ -->\n<title>200 escuelas que promueven la paz y la no violencia<\/title>\n<meta name=\"description\" content=\"Esta campa\u00f1a busca movilizar a las escuelas de todo Brasil durante la Segunda Marcha Mundial por la Paz y la No Violencia, que comenzar\u00e1 el 2 de octubre\" \/>\n<meta name=\"robots\" content=\"index, follow, max-snippet:-1, max-image-preview:large, max-video-preview:-1\" \/>\n<link rel=\"canonical\" href=\"https:\/\/www.pressenza.com\/es\/2019\/09\/200-escuelas-que-promueven-la-paz-y-la-no-violencia\/\" \/>\n<meta property=\"og:locale\" content=\"es_ES\" \/>\n<meta property=\"og:type\" content=\"article\" \/>\n<meta property=\"og:title\" content=\"200 escuelas que promueven la paz y la no violencia\" \/>\n<meta property=\"og:description\" content=\"Esta campa\u00f1a busca movilizar a las escuelas de todo Brasil durante la Segunda Marcha Mundial por la Paz y la No Violencia, que comenzar\u00e1 el 2 de octubre\" \/>\n<meta property=\"og:url\" content=\"https:\/\/www.pressenza.com\/es\/2019\/09\/200-escuelas-que-promueven-la-paz-y-la-no-violencia\/\" \/>\n<meta property=\"og:site_name\" content=\"Pressenza\" \/>\n<meta property=\"article:publisher\" content=\"https:\/\/www.facebook.com\/PressenzaItalia\" \/>\n<meta property=\"article:author\" content=\"https:\/\/www.facebook.com\/PressenzaPortugues\" \/>\n<meta property=\"article:published_time\" content=\"2019-09-19T17:08:26+00:00\" \/>\n<meta property=\"og:image\" content=\"https:\/\/www.pressenza.com\/wp-content\/uploads\/2019\/09\/70251598_124438988906868_8360043357925277696_n.jpg\" \/>\n\t<meta property=\"og:image:width\" content=\"720\" \/>\n\t<meta property=\"og:image:height\" content=\"720\" \/>\n\t<meta property=\"og:image:type\" content=\"image\/jpeg\" \/>\n<meta name=\"author\" content=\"Reda\u00e7\u00e3o S\u00e3o Paulo\" \/>\n<meta name=\"twitter:card\" content=\"summary_large_image\" \/>\n<meta name=\"twitter:creator\" content=\"@pressenza_pt\" \/>\n<meta name=\"twitter:site\" content=\"@PressenzaIPA\" \/>\n<meta name=\"twitter:label1\" content=\"Escrito por\" \/>\n\t<meta name=\"twitter:data1\" content=\"Reda\u00e7\u00e3o S\u00e3o Paulo\" \/>\n\t<meta name=\"twitter:label2\" content=\"Tiempo de lectura\" \/>\n\t<meta name=\"twitter:data2\" content=\"2 minutos\" \/>\n<script type=\"application\/ld+json\" class=\"yoast-schema-graph\">{\"@context\":\"https:\/\/schema.org\",\"@graph\":[{\"@type\":\"Article\",\"@id\":\"https:\/\/www.pressenza.com\/es\/2019\/09\/200-escuelas-que-promueven-la-paz-y-la-no-violencia\/#article\",\"isPartOf\":{\"@id\":\"https:\/\/www.pressenza.com\/es\/2019\/09\/200-escuelas-que-promueven-la-paz-y-la-no-violencia\/\"},\"author\":{\"name\":\"Reda\u00e7\u00e3o S\u00e3o Paulo\",\"@id\":\"https:\/\/www.pressenza.com\/es\/#\/schema\/person\/d171826afb7693cfc394da95892bfd93\"},\"headline\":\"200 escuelas que promueven la paz y la no violencia\",\"datePublished\":\"2019-09-19T17:08:26+00:00\",\"mainEntityOfPage\":{\"@id\":\"https:\/\/www.pressenza.com\/es\/2019\/09\/200-escuelas-que-promueven-la-paz-y-la-no-violencia\/\"},\"wordCount\":409,\"publisher\":{\"@id\":\"https:\/\/www.pressenza.com\/es\/#organization\"},\"image\":{\"@id\":\"https:\/\/www.pressenza.com\/es\/2019\/09\/200-escuelas-que-promueven-la-paz-y-la-no-violencia\/#primaryimage\"},\"thumbnailUrl\":\"https:\/\/www.pressenza.com\/wp-content\/uploads\/2019\/09\/70251598_124438988906868_8360043357925277696_n.jpg\",\"keywords\":[\"censura\"],\"articleSection\":[\"Contenido Original\",\"Derechos Humanos\",\"Diversidad\",\"Sudam\u00e9rica\"],\"inLanguage\":\"es\"},{\"@type\":\"WebPage\",\"@id\":\"https:\/\/www.pressenza.com\/es\/2019\/09\/200-escuelas-que-promueven-la-paz-y-la-no-violencia\/\",\"url\":\"https:\/\/www.pressenza.com\/es\/2019\/09\/200-escuelas-que-promueven-la-paz-y-la-no-violencia\/\",\"name\":\"200 escuelas que promueven la paz y la no violencia\",\"isPartOf\":{\"@id\":\"https:\/\/www.pressenza.com\/es\/#website\"},\"primaryImageOfPage\":{\"@id\":\"https:\/\/www.pressenza.com\/es\/2019\/09\/200-escuelas-que-promueven-la-paz-y-la-no-violencia\/#primaryimage\"},\"image\":{\"@id\":\"https:\/\/www.pressenza.com\/es\/2019\/09\/200-escuelas-que-promueven-la-paz-y-la-no-violencia\/#primaryimage\"},\"thumbnailUrl\":\"https:\/\/www.pressenza.com\/wp-content\/uploads\/2019\/09\/70251598_124438988906868_8360043357925277696_n.jpg\",\"datePublished\":\"2019-09-19T17:08:26+00:00\",\"description\":\"Esta campa\u00f1a busca movilizar a las escuelas de todo Brasil durante la Segunda Marcha Mundial por la Paz y la No Violencia, que comenzar\u00e1 el 2 de octubre\",\"breadcrumb\":{\"@id\":\"https:\/\/www.pressenza.com\/es\/2019\/09\/200-escuelas-que-promueven-la-paz-y-la-no-violencia\/#breadcrumb\"},\"inLanguage\":\"es\",\"potentialAction\":[{\"@type\":\"ReadAction\",\"target\":[\"https:\/\/www.pressenza.com\/es\/2019\/09\/200-escuelas-que-promueven-la-paz-y-la-no-violencia\/\"]}]},{\"@type\":\"ImageObject\",\"inLanguage\":\"es\",\"@id\":\"https:\/\/www.pressenza.com\/es\/2019\/09\/200-escuelas-que-promueven-la-paz-y-la-no-violencia\/#primaryimage\",\"url\":\"https:\/\/www.pressenza.com\/wp-content\/uploads\/2019\/09\/70251598_124438988906868_8360043357925277696_n.jpg\",\"contentUrl\":\"https:\/\/www.pressenza.com\/wp-content\/uploads\/2019\/09\/70251598_124438988906868_8360043357925277696_n.jpg\",\"width\":720,\"height\":720},{\"@type\":\"BreadcrumbList\",\"@id\":\"https:\/\/www.pressenza.com\/es\/2019\/09\/200-escuelas-que-promueven-la-paz-y-la-no-violencia\/#breadcrumb\",\"itemListElement\":[{\"@type\":\"ListItem\",\"position\":1,\"name\":\"Accueil\",\"item\":\"https:\/\/www.pressenza.com\/es\/\"},{\"@type\":\"ListItem\",\"position\":2,\"name\":\"200 escuelas que promueven la paz y la no violencia\"}]},{\"@type\":\"WebSite\",\"@id\":\"https:\/\/www.pressenza.com\/es\/#website\",\"url\":\"https:\/\/www.pressenza.com\/es\/\",\"name\":\"Pressenza\",\"description\":\"International Press Agency\",\"publisher\":{\"@id\":\"https:\/\/www.pressenza.com\/es\/#organization\"},\"potentialAction\":[{\"@type\":\"SearchAction\",\"target\":{\"@type\":\"EntryPoint\",\"urlTemplate\":\"https:\/\/www.pressenza.com\/es\/?s={search_term_string}\"},\"query-input\":{\"@type\":\"PropertyValueSpecification\",\"valueRequired\":true,\"valueName\":\"search_term_string\"}}],\"inLanguage\":\"es\"},{\"@type\":\"Organization\",\"@id\":\"https:\/\/www.pressenza.com\/es\/#organization\",\"name\":\"Pressenza\",\"url\":\"https:\/\/www.pressenza.com\/es\/\",\"logo\":{\"@type\":\"ImageObject\",\"inLanguage\":\"es\",\"@id\":\"https:\/\/www.pressenza.com\/es\/#\/schema\/logo\/image\/\",\"url\":\"https:\/\/www.pressenza.com\/wp-content\/uploads\/2022\/10\/pressenza_logo_200x200.jpg\",\"contentUrl\":\"https:\/\/www.pressenza.com\/wp-content\/uploads\/2022\/10\/pressenza_logo_200x200.jpg\",\"width\":200,\"height\":200,\"caption\":\"Pressenza\"},\"image\":{\"@id\":\"https:\/\/www.pressenza.com\/es\/#\/schema\/logo\/image\/\"},\"sameAs\":[\"https:\/\/www.facebook.com\/PressenzaItalia\",\"https:\/\/x.com\/PressenzaIPA\"]},{\"@type\":\"Person\",\"@id\":\"https:\/\/www.pressenza.com\/es\/#\/schema\/person\/d171826afb7693cfc394da95892bfd93\",\"name\":\"Reda\u00e7\u00e3o S\u00e3o Paulo\",\"description\":\"News from the Pressenza bureau in Sao Paulo, Brazil\",\"sameAs\":[\"https:\/\/www.facebook.com\/PressenzaPortugues\",\"https:\/\/x.com\/pressenza_pt\"],\"url\":\"https:\/\/www.pressenza.com\/es\/author\/redaccao-sao-paulo\/\"}]}<\/script>\n<!-- \/ Yoast SEO plugin. -->","yoast_head_json":{"title":"200 escuelas que promueven la paz y la no violencia","description":"Esta campa\u00f1a busca movilizar a las escuelas de todo Brasil durante la Segunda Marcha Mundial por la Paz y la No Violencia, que comenzar\u00e1 el 2 de octubre","robots":{"index":"index","follow":"follow","max-snippet":"max-snippet:-1","max-image-preview":"max-image-preview:large","max-video-preview":"max-video-preview:-1"},"canonical":"https:\/\/www.pressenza.com\/es\/2019\/09\/200-escuelas-que-promueven-la-paz-y-la-no-violencia\/","og_locale":"es_ES","og_type":"article","og_title":"200 escuelas que promueven la paz y la no violencia","og_description":"Esta campa\u00f1a busca movilizar a las escuelas de todo Brasil durante la Segunda Marcha Mundial por la Paz y la No Violencia, que comenzar\u00e1 el 2 de octubre","og_url":"https:\/\/www.pressenza.com\/es\/2019\/09\/200-escuelas-que-promueven-la-paz-y-la-no-violencia\/","og_site_name":"Pressenza","article_publisher":"https:\/\/www.facebook.com\/PressenzaItalia","article_author":"https:\/\/www.facebook.com\/PressenzaPortugues","article_published_time":"2019-09-19T17:08:26+00:00","og_image":[{"width":720,"height":720,"url":"https:\/\/www.pressenza.com\/wp-content\/uploads\/2019\/09\/70251598_124438988906868_8360043357925277696_n.jpg","type":"image\/jpeg"}],"author":"Reda\u00e7\u00e3o S\u00e3o Paulo","twitter_card":"summary_large_image","twitter_creator":"@pressenza_pt","twitter_site":"@PressenzaIPA","twitter_misc":{"Escrito por":"Reda\u00e7\u00e3o S\u00e3o Paulo","Tiempo de lectura":"2 minutos"},"schema":{"@context":"https:\/\/schema.org","@graph":[{"@type":"Article","@id":"https:\/\/www.pressenza.com\/es\/2019\/09\/200-escuelas-que-promueven-la-paz-y-la-no-violencia\/#article","isPartOf":{"@id":"https:\/\/www.pressenza.com\/es\/2019\/09\/200-escuelas-que-promueven-la-paz-y-la-no-violencia\/"},"author":{"name":"Reda\u00e7\u00e3o S\u00e3o Paulo","@id":"https:\/\/www.pressenza.com\/es\/#\/schema\/person\/d171826afb7693cfc394da95892bfd93"},"headline":"200 escuelas que promueven la paz y la no violencia","datePublished":"2019-09-19T17:08:26+00:00","mainEntityOfPage":{"@id":"https:\/\/www.pressenza.com\/es\/2019\/09\/200-escuelas-que-promueven-la-paz-y-la-no-violencia\/"},"wordCount":409,"publisher":{"@id":"https:\/\/www.pressenza.com\/es\/#organization"},"image":{"@id":"https:\/\/www.pressenza.com\/es\/2019\/09\/200-escuelas-que-promueven-la-paz-y-la-no-violencia\/#primaryimage"},"thumbnailUrl":"https:\/\/www.pressenza.com\/wp-content\/uploads\/2019\/09\/70251598_124438988906868_8360043357925277696_n.jpg","keywords":["censura"],"articleSection":["Contenido Original","Derechos Humanos","Diversidad","Sudam\u00e9rica"],"inLanguage":"es"},{"@type":"WebPage","@id":"https:\/\/www.pressenza.com\/es\/2019\/09\/200-escuelas-que-promueven-la-paz-y-la-no-violencia\/","url":"https:\/\/www.pressenza.com\/es\/2019\/09\/200-escuelas-que-promueven-la-paz-y-la-no-violencia\/","name":"200 escuelas que promueven la paz y la no violencia","isPartOf":{"@id":"https:\/\/www.pressenza.com\/es\/#website"},"primaryImageOfPage":{"@id":"https:\/\/www.pressenza.com\/es\/2019\/09\/200-escuelas-que-promueven-la-paz-y-la-no-violencia\/#primaryimage"},"image":{"@id":"https:\/\/www.pressenza.com\/es\/2019\/09\/200-escuelas-que-promueven-la-paz-y-la-no-violencia\/#primaryimage"},"thumbnailUrl":"https:\/\/www.pressenza.com\/wp-content\/uploads\/2019\/09\/70251598_124438988906868_8360043357925277696_n.jpg","datePublished":"2019-09-19T17:08:26+00:00","description":"Esta campa\u00f1a busca movilizar a las escuelas de todo Brasil durante la Segunda Marcha Mundial por la Paz y la No Violencia, que comenzar\u00e1 el 2 de octubre","breadcrumb":{"@id":"https:\/\/www.pressenza.com\/es\/2019\/09\/200-escuelas-que-promueven-la-paz-y-la-no-violencia\/#breadcrumb"},"inLanguage":"es","potentialAction":[{"@type":"ReadAction","target":["https:\/\/www.pressenza.com\/es\/2019\/09\/200-escuelas-que-promueven-la-paz-y-la-no-violencia\/"]}]},{"@type":"ImageObject","inLanguage":"es","@id":"https:\/\/www.pressenza.com\/es\/2019\/09\/200-escuelas-que-promueven-la-paz-y-la-no-violencia\/#primaryimage","url":"https:\/\/www.pressenza.com\/wp-content\/uploads\/2019\/09\/70251598_124438988906868_8360043357925277696_n.jpg","contentUrl":"https:\/\/www.pressenza.com\/wp-content\/uploads\/2019\/09\/70251598_124438988906868_8360043357925277696_n.jpg","width":720,"height":720},{"@type":"BreadcrumbList","@id":"https:\/\/www.pressenza.com\/es\/2019\/09\/200-escuelas-que-promueven-la-paz-y-la-no-violencia\/#breadcrumb","itemListElement":[{"@type":"ListItem","position":1,"name":"Accueil","item":"https:\/\/www.pressenza.com\/es\/"},{"@type":"ListItem","position":2,"name":"200 escuelas que promueven la paz y la no violencia"}]},{"@type":"WebSite","@id":"https:\/\/www.pressenza.com\/es\/#website","url":"https:\/\/www.pressenza.com\/es\/","name":"Pressenza","description":"International Press Agency","publisher":{"@id":"https:\/\/www.pressenza.com\/es\/#organization"},"potentialAction":[{"@type":"SearchAction","target":{"@type":"EntryPoint","urlTemplate":"https:\/\/www.pressenza.com\/es\/?s={search_term_string}"},"query-input":{"@type":"PropertyValueSpecification","valueRequired":true,"valueName":"search_term_string"}}],"inLanguage":"es"},{"@type":"Organization","@id":"https:\/\/www.pressenza.com\/es\/#organization","name":"Pressenza","url":"https:\/\/www.pressenza.com\/es\/","logo":{"@type":"ImageObject","inLanguage":"es","@id":"https:\/\/www.pressenza.com\/es\/#\/schema\/logo\/image\/","url":"https:\/\/www.pressenza.com\/wp-content\/uploads\/2022\/10\/pressenza_logo_200x200.jpg","contentUrl":"https:\/\/www.pressenza.com\/wp-content\/uploads\/2022\/10\/pressenza_logo_200x200.jpg","width":200,"height":200,"caption":"Pressenza"},"image":{"@id":"https:\/\/www.pressenza.com\/es\/#\/schema\/logo\/image\/"},"sameAs":["https:\/\/www.facebook.com\/PressenzaItalia","https:\/\/x.com\/PressenzaIPA"]},{"@type":"Person","@id":"https:\/\/www.pressenza.com\/es\/#\/schema\/person\/d171826afb7693cfc394da95892bfd93","name":"Reda\u00e7\u00e3o S\u00e3o Paulo","description":"News from the Pressenza bureau in Sao Paulo, Brazil","sameAs":["https:\/\/www.facebook.com\/PressenzaPortugues","https:\/\/x.com\/pressenza_pt"],"url":"https:\/\/www.pressenza.com\/es\/author\/redaccao-sao-paulo\/"}]}},"place":"","original_article_url":"","_links":{"self":[{"href":"https:\/\/www.pressenza.com\/es\/wp-json\/wp\/v2\/posts\/921129","targetHints":{"allow":["GET"]}}],"collection":[{"href":"https:\/\/www.pressenza.com\/es\/wp-json\/wp\/v2\/posts"}],"about":[{"href":"https:\/\/www.pressenza.com\/es\/wp-json\/wp\/v2\/types\/post"}],"author":[{"embeddable":true,"href":"https:\/\/www.pressenza.com\/es\/wp-json\/wp\/v2\/users\/44"}],"replies":[{"embeddable":true,"href":"https:\/\/www.pressenza.com\/es\/wp-json\/wp\/v2\/comments?post=921129"}],"version-history":[{"count":0,"href":"https:\/\/www.pressenza.com\/es\/wp-json\/wp\/v2\/posts\/921129\/revisions"}],"wp:featuredmedia":[{"embeddable":true,"href":"https:\/\/www.pressenza.com\/es\/wp-json\/wp\/v2\/media\/919787"}],"wp:attachment":[{"href":"https:\/\/www.pressenza.com\/es\/wp-json\/wp\/v2\/media?parent=921129"}],"wp:term":[{"taxonomy":"category","embeddable":true,"href":"https:\/\/www.pressenza.com\/es\/wp-json\/wp\/v2\/categories?post=921129"},{"taxonomy":"post_tag","embeddable":true,"href":"https:\/\/www.pressenza.com\/es\/wp-json\/wp\/v2\/tags?post=921129"}],"curies":[{"name":"wp","href":"https:\/\/api.w.org\/{rel}","templated":true}]}}