{"id":917098,"date":"2019-09-12T21:04:51","date_gmt":"2019-09-12T20:04:51","guid":{"rendered":"https:\/\/www.pressenza.com\/?p=917098"},"modified":"2019-09-12T21:04:51","modified_gmt":"2019-09-12T20:04:51","slug":"llegar-a-los-65","status":"publish","type":"post","link":"https:\/\/www.pressenza.com\/es\/2019\/09\/llegar-a-los-65\/","title":{"rendered":"Llegar a los 65"},"content":{"rendered":"<p>El 16 de octubre, a las 11 de la ma\u00f1ana en la Puerta del Sol de Madrid, tendr\u00e1 lugar una manifestaci\u00f3n en defensa de las pensiones. Con este motivo, Julia Castillo llama a la participaci\u00f3n de todos y describe -en esta nota- las diferentes situaciones que tienen los pensionistas.<\/p>\n<p><strong>Por Julia Castillo<\/strong><\/p>\n<p>Cuando vas cumpliendo a\u00f1os te planteas varias cuestiones. Estas dependen de tu situaci\u00f3n social, familiar, econ\u00f3mica, territorial\u2026 incluso de si eres hombre o mujer.<\/p>\n<p>Vamos a centrarnos en el aspecto econ\u00f3mico. Quiz\u00e1 en otra ocasi\u00f3n abordemos el afectivo.<\/p>\n<p>Si has estado trabajando y cotizando durante toda tu vida y la base de cotizaci\u00f3n ha sido alta, tendr\u00e1s una pensi\u00f3n digna que te permitir\u00e1 cubrir tus necesidades b\u00e1sicas.<\/p>\n<p>Pero, seg\u00fan los datos publicados por la SS, las pensiones medias en Espa\u00f1a rondan los 1000 euros (con una gran diferencia si calculamos esa media diferenciando mujeres y hombres)<\/p>\n<p>Lo que ocurre es que, seg\u00fan las propias estad\u00edsticas publicadas por la Seguridad Social, esta situaci\u00f3n se da en un peque\u00f1o porcentaje. Los mayores de 65 a\u00f1os que han llegado a esa edad cotizando hasta el \u00faltimo d\u00eda, son muy pocos. Poqu\u00edsimos.<\/p>\n<p>La mayor\u00eda llevan unos a\u00f1os sin empleo, por lo tanto, sin cotizar. Eso afecta, y mucho, al c\u00e1lculo de su pensi\u00f3n.<\/p>\n<p>Otros, sobre todo otras, o no han cotizado o han cotizado poco, a pesar de haber trabajado toda su vida. Son las personas, en su mayor\u00eda mujeres, que se han dedicado a las llamadas, com\u00fanmente, labores del hogar (hoy se llaman los cuidados).<\/p>\n<p>Esa palabra que comienza a coger importancia, sobre todo entre los movimientos sociales y es el eje principal de la Econom\u00eda feminista.<\/p>\n<p>Efectivamente, se refieren a: tener hijos, cuidarlos, educarlos, gestionar la casa, la econom\u00eda dom\u00e9stica, ejercer de enfermera, de psic\u00f3loga, de maestra\u2026 Todos esos trabajos imprescindibles para el buen funcionamiento de la familia, base de la sociedad, y que no se tienen en cuenta a la hora de calcular la pensi\u00f3n que te corresponde por tu dedicaci\u00f3n (en muchos casos exclusiva).<\/p>\n<p>Vamos a lo que hoy quer\u00eda explicar:<\/p>\n<p>Si llegas a viejo y tu pensi\u00f3n es de 1000 euros, tienes tu casa en propiedad, no tienes m\u00e1s deudas que las generadas mes a mes (luz, agua, comunidad, etc.) puedes arregl\u00e1rtelas, incluso si sois dos personas las que ten\u00e9is que vivir con ese dinero. Pero si uno de los dos, o t\u00fa si est\u00e1s solo, eres dependiente, es decir, no te las apa\u00f1as solo, sino que necesitas ayuda para la limpieza de casa, gestiones en bancos, incluso tu aseo personal\u2026 ya tenemos un problema.<\/p>\n<p>Lo primero, siempre, es recurrir a la familia. Familia que tiene su propia vida y que se ve alterada por tener una nueva tarea. Familia que ya se ver\u00e1 bastante apurada (no necesitamos estad\u00edsticas para saber que esto es as\u00ed) para llegar a fin de mes y para conciliar vida laboral y familiar. Aun as\u00ed, algunas consiguen hacer malabares y te echan una mano. Claro que siempre hasta que no necesitas la ayuda de alguien con m\u00e1s conocimientos sobre el cuidado de los mayores.<\/p>\n<p>La segunda opci\u00f3n es contratar a un auxiliar (chica para todo, que esa es otra). Es evidente que con 1000 euros no puedes ni darle un salario digno ni pagar una seguridad social completa. \u00a0O sea que, sin remedio, contribuimos a la precariedad laboral.<\/p>\n<p>Y la tercera opci\u00f3n es la residencia de la tercera edad. Si tu grado de minusval\u00eda te hace merecedora de una ayuda, est\u00e1s de \u201cenhorabuena\u201d, claro que para cobrar esa loter\u00eda tendr\u00e1s que esperar, a veces, hasta despu\u00e9s de muerta, dadas las demoras en aplicar la Ley de Dependencia y su falta de fondos econ\u00f3micos.<\/p>\n<p>Vamos a suponer que tienes suerte y enseguida te admiten en una. Si est\u00e1s al tanto de las \u00faltimas noticias publicadas y de los movimientos sociales hiperactivos \u00faltimamente en torno a este tema, ver\u00e1s que las residencias, sobre todo las de la Comunidad de Madrid, no se lucen precisamente ni por el buen trato, ni por los buenos cuidados, ni por los medios humanos y materiales empleados en el bienestar de sus \u201cinquilinos\u201d. Tanto es as\u00ed que en vez de residencias ya se les llama, coloquialmente, MORIDEROS.<\/p>\n<p>Y hay que a\u00f1adir que no son gratuitas, ya que se quedan con casi toda tu pensi\u00f3n para \u201csufragar\u201d los gastos que les ocasionas. Por tanto, tampoco es tan \u201csocial y altruista\u201d su labor.<\/p>\n<p>\u00bfY si, por la causa que sea, te incapacitan? Entonces ya tendr\u00edamos que hablar del AMTA, pero esas son palabras mayores y merecen otro art\u00edculo aparte.<\/p>\n<p>Evidentemente envejecer en este pa\u00eds, y concretamente en esta comunidad, es harto dif\u00edcil, pero sobre todo es por el trato INDIGNO por parte de la administraci\u00f3n p\u00fablica. Administraci\u00f3n que intenta, con la verg\u00fcenza que le queda, mantener vivos a los que ya no producen para el esclavo-capitalismo en el que estamos inmersos.<\/p>\n<p>Es por ello, y m\u00e1s, que esta generaci\u00f3n que ha estado en las calles durante d\u00e9cadas, vuelve de nuevo para defender lo p\u00fablico y la DIGNIDAD.<\/p>\n<p>Nos vemos el 16 de octubre, a las 11 de la ma\u00f1ana, en la Puerta del Sol. No faltes. Esta guerra tambi\u00e9n es tuya.<\/p>\n<p>&nbsp;<\/p>\n<p><strong><em>Julia Castillo es m<\/em><\/strong><em><strong>iembro de la Comisi\u00f3n Estatal de Comunicaci\u00f3n de COESPE<\/strong> <\/em><\/p>\n","protected":false},"excerpt":{"rendered":"<p>El 16 de octubre, a las 11 de la ma\u00f1ana en la Puerta del Sol de Madrid, tendr\u00e1 lugar una manifestaci\u00f3n en defensa de las pensiones. Con este motivo, Julia Castillo llama a la participaci\u00f3n de todos y describe -en&hellip;<\/p>\n","protected":false},"author":1681,"featured_media":587682,"comment_status":"closed","ping_status":"closed","sticky":false,"template":"","format":"standard","meta":{"footnotes":""},"categories":[11389,79,66],"tags":[63902,5527],"class_list":["post-917098","post","type-post","status-publish","format-standard","has-post-thumbnail","hentry","category-contenido-original","category-derechos-humanos","category-europa-es","tag-estado-bienestar","tag-pensiones"],"yoast_head":"<!-- This site is optimized with the Yoast SEO plugin v27.1.1 - https:\/\/yoast.com\/product\/yoast-seo-wordpress\/ -->\n<title>Llegar a los 65<\/title>\n<meta name=\"description\" content=\"El 16 de octubre, a las 11 de la ma\u00f1ana en la Puerta del Sol de Madrid, tendr\u00e1 lugar una manifestaci\u00f3n en defensa de las pensiones. Con este motivo, Julia\" \/>\n<meta name=\"robots\" content=\"index, follow, max-snippet:-1, max-image-preview:large, max-video-preview:-1\" \/>\n<link rel=\"canonical\" href=\"https:\/\/www.pressenza.com\/es\/2019\/09\/llegar-a-los-65\/\" \/>\n<meta property=\"og:locale\" content=\"es_ES\" \/>\n<meta property=\"og:type\" content=\"article\" \/>\n<meta property=\"og:title\" content=\"Llegar a los 65\" \/>\n<meta property=\"og:description\" content=\"El 16 de octubre, a las 11 de la ma\u00f1ana en la Puerta del Sol de Madrid, tendr\u00e1 lugar una manifestaci\u00f3n en defensa de las pensiones. Con este motivo, Julia\" \/>\n<meta property=\"og:url\" content=\"https:\/\/www.pressenza.com\/es\/2019\/09\/llegar-a-los-65\/\" \/>\n<meta property=\"og:site_name\" content=\"Pressenza\" \/>\n<meta property=\"article:publisher\" content=\"https:\/\/www.facebook.com\/PressenzaItalia\" \/>\n<meta property=\"article:published_time\" content=\"2019-09-12T20:04:51+00:00\" \/>\n<meta property=\"og:image\" content=\"https:\/\/www.pressenza.com\/wp-content\/uploads\/2018\/01\/coordinadora-estatal-en-defensa-de-las-pensiones.jpg\" \/>\n\t<meta property=\"og:image:width\" content=\"1600\" \/>\n\t<meta property=\"og:image:height\" content=\"900\" \/>\n\t<meta property=\"og:image:type\" content=\"image\/jpeg\" \/>\n<meta name=\"author\" content=\"Redacci\u00f3n Espa\u00f1a\" \/>\n<meta name=\"twitter:card\" content=\"summary_large_image\" \/>\n<meta name=\"twitter:creator\" content=\"@PressenzaIPA\" \/>\n<meta name=\"twitter:site\" content=\"@PressenzaIPA\" \/>\n<meta name=\"twitter:label1\" content=\"Escrito por\" \/>\n\t<meta name=\"twitter:data1\" content=\"Redacci\u00f3n Espa\u00f1a\" \/>\n\t<meta name=\"twitter:label2\" content=\"Tiempo de lectura\" \/>\n\t<meta name=\"twitter:data2\" content=\"5 minutos\" \/>\n<script type=\"application\/ld+json\" class=\"yoast-schema-graph\">{\"@context\":\"https:\/\/schema.org\",\"@graph\":[{\"@type\":\"Article\",\"@id\":\"https:\/\/www.pressenza.com\/es\/2019\/09\/llegar-a-los-65\/#article\",\"isPartOf\":{\"@id\":\"https:\/\/www.pressenza.com\/es\/2019\/09\/llegar-a-los-65\/\"},\"author\":{\"name\":\"Redacci\u00f3n Espa\u00f1a\",\"@id\":\"https:\/\/www.pressenza.com\/es\/#\/schema\/person\/fffbbe2f14495897417f313a954dae23\"},\"headline\":\"Llegar a los 65\",\"datePublished\":\"2019-09-12T20:04:51+00:00\",\"mainEntityOfPage\":{\"@id\":\"https:\/\/www.pressenza.com\/es\/2019\/09\/llegar-a-los-65\/\"},\"wordCount\":939,\"publisher\":{\"@id\":\"https:\/\/www.pressenza.com\/es\/#organization\"},\"image\":{\"@id\":\"https:\/\/www.pressenza.com\/es\/2019\/09\/llegar-a-los-65\/#primaryimage\"},\"thumbnailUrl\":\"https:\/\/www.pressenza.com\/wp-content\/uploads\/2018\/01\/coordinadora-estatal-en-defensa-de-las-pensiones.jpg\",\"keywords\":[\"estado bienestar\",\"Pensiones\"],\"articleSection\":[\"Contenido Original\",\"Derechos Humanos\",\"Europa\"],\"inLanguage\":\"es\"},{\"@type\":\"WebPage\",\"@id\":\"https:\/\/www.pressenza.com\/es\/2019\/09\/llegar-a-los-65\/\",\"url\":\"https:\/\/www.pressenza.com\/es\/2019\/09\/llegar-a-los-65\/\",\"name\":\"Llegar a los 65\",\"isPartOf\":{\"@id\":\"https:\/\/www.pressenza.com\/es\/#website\"},\"primaryImageOfPage\":{\"@id\":\"https:\/\/www.pressenza.com\/es\/2019\/09\/llegar-a-los-65\/#primaryimage\"},\"image\":{\"@id\":\"https:\/\/www.pressenza.com\/es\/2019\/09\/llegar-a-los-65\/#primaryimage\"},\"thumbnailUrl\":\"https:\/\/www.pressenza.com\/wp-content\/uploads\/2018\/01\/coordinadora-estatal-en-defensa-de-las-pensiones.jpg\",\"datePublished\":\"2019-09-12T20:04:51+00:00\",\"description\":\"El 16 de octubre, a las 11 de la ma\u00f1ana en la Puerta del Sol de Madrid, tendr\u00e1 lugar una manifestaci\u00f3n en defensa de las pensiones. Con este motivo, Julia\",\"breadcrumb\":{\"@id\":\"https:\/\/www.pressenza.com\/es\/2019\/09\/llegar-a-los-65\/#breadcrumb\"},\"inLanguage\":\"es\",\"potentialAction\":[{\"@type\":\"ReadAction\",\"target\":[\"https:\/\/www.pressenza.com\/es\/2019\/09\/llegar-a-los-65\/\"]}]},{\"@type\":\"ImageObject\",\"inLanguage\":\"es\",\"@id\":\"https:\/\/www.pressenza.com\/es\/2019\/09\/llegar-a-los-65\/#primaryimage\",\"url\":\"https:\/\/www.pressenza.com\/wp-content\/uploads\/2018\/01\/coordinadora-estatal-en-defensa-de-las-pensiones.jpg\",\"contentUrl\":\"https:\/\/www.pressenza.com\/wp-content\/uploads\/2018\/01\/coordinadora-estatal-en-defensa-de-las-pensiones.jpg\",\"width\":1600,\"height\":900},{\"@type\":\"BreadcrumbList\",\"@id\":\"https:\/\/www.pressenza.com\/es\/2019\/09\/llegar-a-los-65\/#breadcrumb\",\"itemListElement\":[{\"@type\":\"ListItem\",\"position\":1,\"name\":\"Accueil\",\"item\":\"https:\/\/www.pressenza.com\/es\/\"},{\"@type\":\"ListItem\",\"position\":2,\"name\":\"Llegar a los 65\"}]},{\"@type\":\"WebSite\",\"@id\":\"https:\/\/www.pressenza.com\/es\/#website\",\"url\":\"https:\/\/www.pressenza.com\/es\/\",\"name\":\"Pressenza\",\"description\":\"International Press Agency\",\"publisher\":{\"@id\":\"https:\/\/www.pressenza.com\/es\/#organization\"},\"potentialAction\":[{\"@type\":\"SearchAction\",\"target\":{\"@type\":\"EntryPoint\",\"urlTemplate\":\"https:\/\/www.pressenza.com\/es\/?s={search_term_string}\"},\"query-input\":{\"@type\":\"PropertyValueSpecification\",\"valueRequired\":true,\"valueName\":\"search_term_string\"}}],\"inLanguage\":\"es\"},{\"@type\":\"Organization\",\"@id\":\"https:\/\/www.pressenza.com\/es\/#organization\",\"name\":\"Pressenza\",\"url\":\"https:\/\/www.pressenza.com\/es\/\",\"logo\":{\"@type\":\"ImageObject\",\"inLanguage\":\"es\",\"@id\":\"https:\/\/www.pressenza.com\/es\/#\/schema\/logo\/image\/\",\"url\":\"https:\/\/www.pressenza.com\/wp-content\/uploads\/2022\/10\/pressenza_logo_200x200.jpg\",\"contentUrl\":\"https:\/\/www.pressenza.com\/wp-content\/uploads\/2022\/10\/pressenza_logo_200x200.jpg\",\"width\":200,\"height\":200,\"caption\":\"Pressenza\"},\"image\":{\"@id\":\"https:\/\/www.pressenza.com\/es\/#\/schema\/logo\/image\/\"},\"sameAs\":[\"https:\/\/www.facebook.com\/PressenzaItalia\",\"https:\/\/x.com\/PressenzaIPA\"]},{\"@type\":\"Person\",\"@id\":\"https:\/\/www.pressenza.com\/es\/#\/schema\/person\/fffbbe2f14495897417f313a954dae23\",\"name\":\"Redacci\u00f3n Espa\u00f1a\",\"url\":\"https:\/\/www.pressenza.com\/es\/author\/redaccion-espana\/\"}]}<\/script>\n<!-- \/ Yoast SEO plugin. -->","yoast_head_json":{"title":"Llegar a los 65","description":"El 16 de octubre, a las 11 de la ma\u00f1ana en la Puerta del Sol de Madrid, tendr\u00e1 lugar una manifestaci\u00f3n en defensa de las pensiones. Con este motivo, Julia","robots":{"index":"index","follow":"follow","max-snippet":"max-snippet:-1","max-image-preview":"max-image-preview:large","max-video-preview":"max-video-preview:-1"},"canonical":"https:\/\/www.pressenza.com\/es\/2019\/09\/llegar-a-los-65\/","og_locale":"es_ES","og_type":"article","og_title":"Llegar a los 65","og_description":"El 16 de octubre, a las 11 de la ma\u00f1ana en la Puerta del Sol de Madrid, tendr\u00e1 lugar una manifestaci\u00f3n en defensa de las pensiones. Con este motivo, Julia","og_url":"https:\/\/www.pressenza.com\/es\/2019\/09\/llegar-a-los-65\/","og_site_name":"Pressenza","article_publisher":"https:\/\/www.facebook.com\/PressenzaItalia","article_published_time":"2019-09-12T20:04:51+00:00","og_image":[{"width":1600,"height":900,"url":"https:\/\/www.pressenza.com\/wp-content\/uploads\/2018\/01\/coordinadora-estatal-en-defensa-de-las-pensiones.jpg","type":"image\/jpeg"}],"author":"Redacci\u00f3n Espa\u00f1a","twitter_card":"summary_large_image","twitter_creator":"@PressenzaIPA","twitter_site":"@PressenzaIPA","twitter_misc":{"Escrito por":"Redacci\u00f3n Espa\u00f1a","Tiempo de lectura":"5 minutos"},"schema":{"@context":"https:\/\/schema.org","@graph":[{"@type":"Article","@id":"https:\/\/www.pressenza.com\/es\/2019\/09\/llegar-a-los-65\/#article","isPartOf":{"@id":"https:\/\/www.pressenza.com\/es\/2019\/09\/llegar-a-los-65\/"},"author":{"name":"Redacci\u00f3n Espa\u00f1a","@id":"https:\/\/www.pressenza.com\/es\/#\/schema\/person\/fffbbe2f14495897417f313a954dae23"},"headline":"Llegar a los 65","datePublished":"2019-09-12T20:04:51+00:00","mainEntityOfPage":{"@id":"https:\/\/www.pressenza.com\/es\/2019\/09\/llegar-a-los-65\/"},"wordCount":939,"publisher":{"@id":"https:\/\/www.pressenza.com\/es\/#organization"},"image":{"@id":"https:\/\/www.pressenza.com\/es\/2019\/09\/llegar-a-los-65\/#primaryimage"},"thumbnailUrl":"https:\/\/www.pressenza.com\/wp-content\/uploads\/2018\/01\/coordinadora-estatal-en-defensa-de-las-pensiones.jpg","keywords":["estado bienestar","Pensiones"],"articleSection":["Contenido Original","Derechos Humanos","Europa"],"inLanguage":"es"},{"@type":"WebPage","@id":"https:\/\/www.pressenza.com\/es\/2019\/09\/llegar-a-los-65\/","url":"https:\/\/www.pressenza.com\/es\/2019\/09\/llegar-a-los-65\/","name":"Llegar a los 65","isPartOf":{"@id":"https:\/\/www.pressenza.com\/es\/#website"},"primaryImageOfPage":{"@id":"https:\/\/www.pressenza.com\/es\/2019\/09\/llegar-a-los-65\/#primaryimage"},"image":{"@id":"https:\/\/www.pressenza.com\/es\/2019\/09\/llegar-a-los-65\/#primaryimage"},"thumbnailUrl":"https:\/\/www.pressenza.com\/wp-content\/uploads\/2018\/01\/coordinadora-estatal-en-defensa-de-las-pensiones.jpg","datePublished":"2019-09-12T20:04:51+00:00","description":"El 16 de octubre, a las 11 de la ma\u00f1ana en la Puerta del Sol de Madrid, tendr\u00e1 lugar una manifestaci\u00f3n en defensa de las pensiones. Con este motivo, Julia","breadcrumb":{"@id":"https:\/\/www.pressenza.com\/es\/2019\/09\/llegar-a-los-65\/#breadcrumb"},"inLanguage":"es","potentialAction":[{"@type":"ReadAction","target":["https:\/\/www.pressenza.com\/es\/2019\/09\/llegar-a-los-65\/"]}]},{"@type":"ImageObject","inLanguage":"es","@id":"https:\/\/www.pressenza.com\/es\/2019\/09\/llegar-a-los-65\/#primaryimage","url":"https:\/\/www.pressenza.com\/wp-content\/uploads\/2018\/01\/coordinadora-estatal-en-defensa-de-las-pensiones.jpg","contentUrl":"https:\/\/www.pressenza.com\/wp-content\/uploads\/2018\/01\/coordinadora-estatal-en-defensa-de-las-pensiones.jpg","width":1600,"height":900},{"@type":"BreadcrumbList","@id":"https:\/\/www.pressenza.com\/es\/2019\/09\/llegar-a-los-65\/#breadcrumb","itemListElement":[{"@type":"ListItem","position":1,"name":"Accueil","item":"https:\/\/www.pressenza.com\/es\/"},{"@type":"ListItem","position":2,"name":"Llegar a los 65"}]},{"@type":"WebSite","@id":"https:\/\/www.pressenza.com\/es\/#website","url":"https:\/\/www.pressenza.com\/es\/","name":"Pressenza","description":"International Press Agency","publisher":{"@id":"https:\/\/www.pressenza.com\/es\/#organization"},"potentialAction":[{"@type":"SearchAction","target":{"@type":"EntryPoint","urlTemplate":"https:\/\/www.pressenza.com\/es\/?s={search_term_string}"},"query-input":{"@type":"PropertyValueSpecification","valueRequired":true,"valueName":"search_term_string"}}],"inLanguage":"es"},{"@type":"Organization","@id":"https:\/\/www.pressenza.com\/es\/#organization","name":"Pressenza","url":"https:\/\/www.pressenza.com\/es\/","logo":{"@type":"ImageObject","inLanguage":"es","@id":"https:\/\/www.pressenza.com\/es\/#\/schema\/logo\/image\/","url":"https:\/\/www.pressenza.com\/wp-content\/uploads\/2022\/10\/pressenza_logo_200x200.jpg","contentUrl":"https:\/\/www.pressenza.com\/wp-content\/uploads\/2022\/10\/pressenza_logo_200x200.jpg","width":200,"height":200,"caption":"Pressenza"},"image":{"@id":"https:\/\/www.pressenza.com\/es\/#\/schema\/logo\/image\/"},"sameAs":["https:\/\/www.facebook.com\/PressenzaItalia","https:\/\/x.com\/PressenzaIPA"]},{"@type":"Person","@id":"https:\/\/www.pressenza.com\/es\/#\/schema\/person\/fffbbe2f14495897417f313a954dae23","name":"Redacci\u00f3n Espa\u00f1a","url":"https:\/\/www.pressenza.com\/es\/author\/redaccion-espana\/"}]}},"place":"Madrid","original_article_url":"","_links":{"self":[{"href":"https:\/\/www.pressenza.com\/es\/wp-json\/wp\/v2\/posts\/917098","targetHints":{"allow":["GET"]}}],"collection":[{"href":"https:\/\/www.pressenza.com\/es\/wp-json\/wp\/v2\/posts"}],"about":[{"href":"https:\/\/www.pressenza.com\/es\/wp-json\/wp\/v2\/types\/post"}],"author":[{"embeddable":true,"href":"https:\/\/www.pressenza.com\/es\/wp-json\/wp\/v2\/users\/1681"}],"replies":[{"embeddable":true,"href":"https:\/\/www.pressenza.com\/es\/wp-json\/wp\/v2\/comments?post=917098"}],"version-history":[{"count":0,"href":"https:\/\/www.pressenza.com\/es\/wp-json\/wp\/v2\/posts\/917098\/revisions"}],"wp:featuredmedia":[{"embeddable":true,"href":"https:\/\/www.pressenza.com\/es\/wp-json\/wp\/v2\/media\/587682"}],"wp:attachment":[{"href":"https:\/\/www.pressenza.com\/es\/wp-json\/wp\/v2\/media?parent=917098"}],"wp:term":[{"taxonomy":"category","embeddable":true,"href":"https:\/\/www.pressenza.com\/es\/wp-json\/wp\/v2\/categories?post=917098"},{"taxonomy":"post_tag","embeddable":true,"href":"https:\/\/www.pressenza.com\/es\/wp-json\/wp\/v2\/tags?post=917098"}],"curies":[{"name":"wp","href":"https:\/\/api.w.org\/{rel}","templated":true}]}}