{"id":914172,"date":"2019-09-06T17:52:11","date_gmt":"2019-09-06T16:52:11","guid":{"rendered":"https:\/\/www.pressenza.com\/?p=914172"},"modified":"2019-09-06T17:52:11","modified_gmt":"2019-09-06T16:52:11","slug":"dos-fiscales-resucitan-el-stay-behind-de-la-otan","status":"publish","type":"post","link":"https:\/\/www.pressenza.com\/es\/2019\/09\/dos-fiscales-resucitan-el-stay-behind-de-la-otan\/","title":{"rendered":"Dos fiscales resucitan el \u201cStay-Behind\u201d de la OTAN"},"content":{"rendered":"<p><em>Un sueco y un luxemburgu\u00e9s desempolvan viejos asuntos del terrorismo atlantista.<\/em><\/p>\n<p><em><strong>Por Rafael Poch para <a href=\"https:\/\/ctxt.es\/es\/20190904\/Firmas\/28091\/Rafael-Poch-imperios-combatientes-Stay-behind-Otan-guerrilla-terrorismo-atlantista.htm\">Ctxt.es<\/a><\/strong><\/em><\/p>\n<p>Robert Harkavy y Patrik Baab, autores de un\u00a0<a href=\"https:\/\/www.westendverlag.de\/buch\/im-spinnennetz-der-geheimdienste-3\/\"><u>interesante libro<\/u><\/a>\u00a0sobre tres acciones de servicios secretos, creen que el asesinato del primer ministro sueco, Olof Palme, sucedido hace 33 a\u00f1os, podr\u00eda aclararse. En una entrevista con\u00a0<a href=\"https:\/\/www.nachdenkseiten.de\/?p=54251\"><u>NachDenkSeiten<\/u><\/a>\u00a0Baab explica que por primera vez el Fiscal general de Suecia, un veterano cercano a la jubilaci\u00f3n de nombre Krister Petersson, est\u00e1 decidido a investigar en serio el asunto.<\/p>\n<p>Palme fue asesinado la noche del 28 de febrero de 1986 a la salida del cine en Estocolmo. Un hombre se situ\u00f3 detr\u00e1s de Palme y su mujer, dispar\u00f3 un \u00fanico tiro letal al primer ministro y desapareci\u00f3 tranquilamente. La hip\u00f3tesis oficial del asesino solitario queda relativizada por cierto movimiento de personas con \u201ctalkie-walkis\u201d en los alrededores, as\u00ed como por el hecho de que la decisi\u00f3n de los Palme de ir al cine fue casi improvisada y solo pod\u00eda ser conocida por quienes hubieran pinchado su tel\u00e9fono. Seg\u00fan Baab, el fiscal general Petersson cree en algo m\u00e1s realista: en la acci\u00f3n de un profesional con formaci\u00f3n militar y con implicaci\u00f3n de los servicios secretos locales. \u00bfEn Suecia?<span id=\"more-327\"><\/span><\/p>\n<p>Se suele tener una idea de Suecia algo desdibujada. Al lado de figuras como Palme y de su tradici\u00f3n de socialdemocracia incisiva, el pa\u00eds presenta los mismos\u00a0<a href=\"https:\/\/rafaelpoch.com\/2019\/08\/27\/el-gladio-sueco\/#more-317\"><u>aspectos oscuros<\/u>\u00a0<\/a>\u00a0de cualquier otro pa\u00eds europeo. No era miembro de la OTAN, pero dispon\u00eda de su propio contingente de la red Gladio (Stay Behind). Parece que Petersson ha investigado en las tres direcciones, mas complementarias que excluyentes, que rodean a este caso. Primero, el asunto Iran-Contras mediante el que Ronald Reagan toreaba al Congreso entregando considerables cantidades de armas a Ir\u00e1n a trav\u00e9s de pa\u00edses terceros entre ellos Suecia. Palme se opuso a ese asunto. Segundo, el 28 de febrero de 1986 faltaban tres semanas para una visita de Palme a Mosc\u00fa en la que iba a negociar una zona desnuclearizada en Europa central y una Escandinavia neutral con Mijail Gorbachov. El ex l\u00edder sovi\u00e9tico siempre ha considerado que, \u201cno hay duda de que fue un asesinato pol\u00edtico, porque amenazaba intereses muy poderosos partidarios de mantener el estado de cosas\u201d. La neutralidad escandinava era considerada un peligro por la estrategia de la OTAN. Y tercero, Palme era un ac\u00e9rrimo adversario del r\u00e9gimen racista sudafricano, su pa\u00eds era el primer donante del Congreso Nacional Africano (ANC) de Nelson Mandela. Los documentos del r\u00e9gimen dejan bien claro que era considerado un enemigo. Los tres aspectos, juntos o por separado, hacen plausible un atentado atlantista. Y parece que el fiscal Peterssen investiga las tres l\u00edneas. Es su \u00faltimo trabajo y parece dispuesto a ir hasta el final, dice Baab, coautor del mencionado libro.<\/p>\n<p><strong>Mientras tanto, en Luxemburgo\u2026<\/strong><\/p>\n<p>Y otra noticia en el mismo frente del terrorismo noratl\u00e1ntico (no esperen referencias en la prensa convencional que nunca ha mencionado este sensacional asunto): la fiscal\u00eda de Luxemburgo ha anunciado este verano que presenta cargos contra nueve personas, seis polic\u00edas y tres investigadores en el asunto conocido como\u00a0<em>Bommelee\u00ebr.<\/em><\/p>\n<p>Entre el 23 de enero de 1984 y el 25 de marzo de 1986, en Luxemburgo se cometieron 20 atentados con bomba sin v\u00edctimas y siete robos de explosivos y material electr\u00f3nico para detonarlos. Algo nunca visto en este peque\u00f1o pa\u00eds, para\u00edso fiscal y oasis europeo en paz social y violencia pol\u00edtica. Bombas sin motivo aparente ni reivindicaci\u00f3n; contra postes de telecomunicaciones, el radar del aeropuerto, la piscina ol\u00edmpica de Kirchberg el barrio de las instituciones europeas, con motivo de una cumbre europea, en los despachos de jueces y sedes policiales, en una planta de gas, contra el palacio de justicia\u2026 Atentados profesionalmente realizados, desvergonzados por su audacia. Aquella inusitada ola dur\u00f3 dos a\u00f1os y tres meses. Y dio lugar a un proceso sin precedentes, el proceso del siglo, el proceso\u00a0<a href=\"https:\/\/rafaelpoch.com\/2019\/08\/27\/bommeleeer-la-novela-negra-de-luxemburgo\/\"><em><u>Bommelee\u00ebr<\/u><\/em><\/a>, literalmente \u201ccolocador de bombas\u201d. Los cargos contra los nueve es una se\u00f1al -no una certeza- de que este proceso aparcado desde hace cuatro a\u00f1os, podr\u00eda retomarse. El nexo con Peterssen es que tambi\u00e9n aqu\u00ed se adivina la sombra de la OTAN y su Gladio\/Stay-Behind.<\/p>\n<p><strong>Los GAL de la OTAN<\/strong><\/p>\n<p>En el los a\u00f1os ochenta el plan militar sovi\u00e9tico en Europa en caso de tercera guerra mundial era claro y conocido: plantar en 36 horas sus divisiones blindadas en el Pas de Calais. En 1990, en una rara visita period\u00edstica a la divisi\u00f3n acorazada Taman estacionada en la aldea de Kalininets, en los alrededores de Mosc\u00fa, hasta su comandante, General Valeri Marchenkov, no ocultaba aquel gui\u00f3n de\u00a0<em>Blitzkrieg<\/em>\u00a0escrito en la posguerra: arrollador avance hacia el oeste de las divisiones blindadas estacionadas en Alemania del Este, Polonia y Europa central y ocupaci\u00f3n del grueso de la Europa occidental. (Al escuchar la chuler\u00eda de aquel General yo pensaba en otro escenario: llega la orden de Mosc\u00fa de atacar, en las bases de Polonia los tanquistas embarcan en sus blindados pero los tanques no se ponen en marcha porque est\u00e1n secos: esa semana los oficiales se han vendido la gasolina en el mercado negro a los comerciantes polacos\u2026)<\/p>\n<p>La OTAN, cuyos efectivos convencionales eran en Europa num\u00e9ricamente inferiores a los del Pacto de Varsovia, tambi\u00e9n asum\u00eda aquel escenario inicial del adversario. Desde los a\u00f1os setenta preve\u00eda una respuesta nuclear t\u00e1ctica fundamentalmente en Alemania, el\u00a0<em>Air-Land battle<\/em>, pero desde mucho antes se desarroll\u00f3 otro recurso, el llamado \u201c<em>stay behind<\/em>\u201d: una red secreta de guerrilla organizada para el sabotaje, con sus c\u00e9lulas, cuadros y dep\u00f3sitos de armas, presta a ser activada en una Europa occidental ocupada por los sovi\u00e9ticos en cuanto se declarase la guerra.<\/p>\n<p>La historia del \u201c<em>stay behind<\/em>\u201d, una estructura clandestina dentro de la OTAN, ha sido reconocida hasta por el gobierno alem\u00e1n, que dice haber disuelto la suya, compuesta por un centenar de hombres, al concluir la guerra fr\u00eda en 1991. En los a\u00f1os sesenta, setenta y ochenta aquella red fue utilizada pol\u00edticamente, surti\u00e9ndose de elementos de la extrema derecha europea pilotados por los servicios secretos americanos con la colaboraci\u00f3n de sus hom\u00f3logos europeos En el marco de la llamada \u201cestrategia de la tensi\u00f3n\u201d, sus prop\u00f3sitos eran diversos: crear o infiltrar grupos armados de extrema izquierda dise\u00f1ados para desacreditar movimientos sociales, realizaci\u00f3n de atentados para desestabilizar gobiernos y propiciar reacciones, presiones preventivas ante cambios considerados amenazantes\u2026<\/p>\n<p>Fue en Italia donde se lleg\u00f3 m\u00e1s lejos en el conocimiento de la red local\u00a0 del \u201c<em>stay behind<\/em>\u201d, conocida como\u00a0<em>Gladio<\/em>. Reconocida por el primer ministro Giulio Andreotti en agosto de 1990, la investigaci\u00f3n del Senado italiano sobre la red concluy\u00f3, en junio de 2000, que, \u201caquellas masacres, bombas y acciones militares (491 muertos y 1181 heridos en 18 a\u00f1os), fueron organizadas, o promovidas o apoyadas, por hombres dentro de las instituciones del Estado italiano y, como se ha descubierto m\u00e1s recientemente, por hombres vinculados a las estructuras de la inteligencia de Estados Unidos\u201d.<\/p>\n<p>En B\u00e9lgica se relaciona al \u201c<em>stay behind<\/em>\u201d con la ins\u00f3lita e inexplicada ola de atentados registrada en el pa\u00eds entre 1983 y 1985 conocida como las masacres de Brabante (28 muertos y 40 heridos). Los atentados fueron parcialmente atribuidos a un grupo fantasma, las C\u00e9lulas Comunistas Combatientes (CCC), compuesto por activistas de extrema derecha. Sus armas y explosivos proced\u00edan del robo efectuado en una acci\u00f3n clandestina de entrenamiento de las fuerzas especiales norteamericanas en la localidad belga de Vielsalm, el 13 de mayo de 1984, en la que un gendarme belga result\u00f3 gravemente herido. El proceso por estos hechos lleva a\u00f1os empantanado en B\u00e9lgica.<\/p>\n<p>Un activista de extrema derecha y ex mercenario belga en Katanga (ex Congo belga) llamado Dislaire, confes\u00f3 haber sido contratado por los americanos para transportar al comando en la acci\u00f3n de Vielsalm. Dislaire dijo que tambi\u00e9n colabor\u00f3 en la comisi\u00f3n de atentados en Luxemburgo. Ese es un cabo, entre otros, que vincula la trama del \u201cstay behind\u201d con la serie de Luxemburgo.<\/p>\n","protected":false},"excerpt":{"rendered":"<p>Un sueco y un luxemburgu\u00e9s desempolvan viejos asuntos del terrorismo atlantista. Por Rafael Poch para Ctxt.es Robert Harkavy y Patrik Baab, autores de un\u00a0interesante libro\u00a0sobre tres acciones de servicios secretos, creen que el asesinato del primer ministro sueco, Olof Palme,&hellip;<\/p>\n","protected":false},"author":87,"featured_media":914173,"comment_status":"closed","ping_status":"closed","sticky":false,"template":"","format":"standard","meta":{"footnotes":""},"categories":[76,39,161,74],"tags":[1610,21537,63647,14915,63648,3791,53149,924,22007,350],"class_list":["post-914172","post","type-post","status-publish","format-standard","has-post-thumbnail","hentry","category-relaciones-exteriores","category-internacional","category-opiniones","category-politica-es","tag-apartheid-es","tag-asesinato","tag-bommeleeer","tag-guerra-fria-es","tag-luxemburgo-es","tag-magnicidio","tag-olof-palme","tag-otan","tag-suecia","tag-terrorismo-es"],"yoast_head":"<!-- This site is optimized with the Yoast SEO plugin v27.1.1 - https:\/\/yoast.com\/product\/yoast-seo-wordpress\/ -->\n<title>Dos fiscales resucitan el \u201cStay-Behind\u201d de la OTAN<\/title>\n<meta name=\"description\" content=\"Un sueco y un luxemburgu\u00e9s desempolvan viejos asuntos del terrorismo atlantista. Por Rafael Poch para Ctxt.es Robert Harkavy y Patrik Baab, autores de\" \/>\n<meta name=\"robots\" content=\"index, follow, max-snippet:-1, max-image-preview:large, max-video-preview:-1\" \/>\n<link rel=\"canonical\" href=\"https:\/\/www.pressenza.com\/es\/2019\/09\/dos-fiscales-resucitan-el-stay-behind-de-la-otan\/\" \/>\n<meta property=\"og:locale\" content=\"es_ES\" \/>\n<meta property=\"og:type\" content=\"article\" \/>\n<meta property=\"og:title\" content=\"Dos fiscales resucitan el \u201cStay-Behind\u201d de la OTAN\" \/>\n<meta property=\"og:description\" content=\"Un sueco y un luxemburgu\u00e9s desempolvan viejos asuntos del terrorismo atlantista. Por Rafael Poch para Ctxt.es Robert Harkavy y Patrik Baab, autores de\" \/>\n<meta property=\"og:url\" content=\"https:\/\/www.pressenza.com\/es\/2019\/09\/dos-fiscales-resucitan-el-stay-behind-de-la-otan\/\" \/>\n<meta property=\"og:site_name\" content=\"Pressenza\" \/>\n<meta property=\"article:publisher\" content=\"https:\/\/www.facebook.com\/PressenzaItalia\" \/>\n<meta property=\"article:published_time\" content=\"2019-09-06T16:52:11+00:00\" \/>\n<meta property=\"og:image\" content=\"https:\/\/www.pressenza.com\/wp-content\/uploads\/2019\/09\/flag-40828_1280.png\" \/>\n\t<meta property=\"og:image:width\" content=\"1280\" \/>\n\t<meta property=\"og:image:height\" content=\"960\" \/>\n\t<meta property=\"og:image:type\" content=\"image\/png\" \/>\n<meta name=\"author\" content=\"Redacci\u00f3n Argentina\" \/>\n<meta name=\"twitter:card\" content=\"summary_large_image\" \/>\n<meta name=\"twitter:creator\" content=\"@pressenza\" \/>\n<meta name=\"twitter:site\" content=\"@PressenzaIPA\" \/>\n<meta name=\"twitter:label1\" content=\"Escrito por\" \/>\n\t<meta name=\"twitter:data1\" content=\"Redacci\u00f3n Argentina\" \/>\n\t<meta name=\"twitter:label2\" content=\"Tiempo de lectura\" \/>\n\t<meta name=\"twitter:data2\" content=\"7 minutos\" \/>\n<script type=\"application\/ld+json\" class=\"yoast-schema-graph\">{\"@context\":\"https:\/\/schema.org\",\"@graph\":[{\"@type\":\"Article\",\"@id\":\"https:\/\/www.pressenza.com\/es\/2019\/09\/dos-fiscales-resucitan-el-stay-behind-de-la-otan\/#article\",\"isPartOf\":{\"@id\":\"https:\/\/www.pressenza.com\/es\/2019\/09\/dos-fiscales-resucitan-el-stay-behind-de-la-otan\/\"},\"author\":{\"name\":\"Redacci\u00f3n Argentina\",\"@id\":\"https:\/\/www.pressenza.com\/es\/#\/schema\/person\/0dda7d1b68267ad95b1e1d83abc98c89\"},\"headline\":\"Dos fiscales resucitan el \u201cStay-Behind\u201d de la OTAN\",\"datePublished\":\"2019-09-06T16:52:11+00:00\",\"mainEntityOfPage\":{\"@id\":\"https:\/\/www.pressenza.com\/es\/2019\/09\/dos-fiscales-resucitan-el-stay-behind-de-la-otan\/\"},\"wordCount\":1382,\"publisher\":{\"@id\":\"https:\/\/www.pressenza.com\/es\/#organization\"},\"image\":{\"@id\":\"https:\/\/www.pressenza.com\/es\/2019\/09\/dos-fiscales-resucitan-el-stay-behind-de-la-otan\/#primaryimage\"},\"thumbnailUrl\":\"https:\/\/www.pressenza.com\/wp-content\/uploads\/2019\/09\/flag-40828_1280.png\",\"keywords\":[\"Apartheid\",\"asesinato\",\"Bommelee\u00ebr\",\"guerra fria\",\"Luxemburgo\",\"magnicidio\",\"Olof Palme\",\"OTAN\",\"Suecia\",\"terrorismo\"],\"articleSection\":[\"Asuntos internacionales\",\"Internacional\",\"Opiniones\",\"Pol\u00edtica\"],\"inLanguage\":\"es\"},{\"@type\":\"WebPage\",\"@id\":\"https:\/\/www.pressenza.com\/es\/2019\/09\/dos-fiscales-resucitan-el-stay-behind-de-la-otan\/\",\"url\":\"https:\/\/www.pressenza.com\/es\/2019\/09\/dos-fiscales-resucitan-el-stay-behind-de-la-otan\/\",\"name\":\"Dos fiscales resucitan el \u201cStay-Behind\u201d de la OTAN\",\"isPartOf\":{\"@id\":\"https:\/\/www.pressenza.com\/es\/#website\"},\"primaryImageOfPage\":{\"@id\":\"https:\/\/www.pressenza.com\/es\/2019\/09\/dos-fiscales-resucitan-el-stay-behind-de-la-otan\/#primaryimage\"},\"image\":{\"@id\":\"https:\/\/www.pressenza.com\/es\/2019\/09\/dos-fiscales-resucitan-el-stay-behind-de-la-otan\/#primaryimage\"},\"thumbnailUrl\":\"https:\/\/www.pressenza.com\/wp-content\/uploads\/2019\/09\/flag-40828_1280.png\",\"datePublished\":\"2019-09-06T16:52:11+00:00\",\"description\":\"Un sueco y un luxemburgu\u00e9s desempolvan viejos asuntos del terrorismo atlantista. Por Rafael Poch para Ctxt.es Robert Harkavy y Patrik Baab, autores de\",\"breadcrumb\":{\"@id\":\"https:\/\/www.pressenza.com\/es\/2019\/09\/dos-fiscales-resucitan-el-stay-behind-de-la-otan\/#breadcrumb\"},\"inLanguage\":\"es\",\"potentialAction\":[{\"@type\":\"ReadAction\",\"target\":[\"https:\/\/www.pressenza.com\/es\/2019\/09\/dos-fiscales-resucitan-el-stay-behind-de-la-otan\/\"]}]},{\"@type\":\"ImageObject\",\"inLanguage\":\"es\",\"@id\":\"https:\/\/www.pressenza.com\/es\/2019\/09\/dos-fiscales-resucitan-el-stay-behind-de-la-otan\/#primaryimage\",\"url\":\"https:\/\/www.pressenza.com\/wp-content\/uploads\/2019\/09\/flag-40828_1280.png\",\"contentUrl\":\"https:\/\/www.pressenza.com\/wp-content\/uploads\/2019\/09\/flag-40828_1280.png\",\"width\":1280,\"height\":960},{\"@type\":\"BreadcrumbList\",\"@id\":\"https:\/\/www.pressenza.com\/es\/2019\/09\/dos-fiscales-resucitan-el-stay-behind-de-la-otan\/#breadcrumb\",\"itemListElement\":[{\"@type\":\"ListItem\",\"position\":1,\"name\":\"Accueil\",\"item\":\"https:\/\/www.pressenza.com\/es\/\"},{\"@type\":\"ListItem\",\"position\":2,\"name\":\"Dos fiscales resucitan el \u201cStay-Behind\u201d de la OTAN\"}]},{\"@type\":\"WebSite\",\"@id\":\"https:\/\/www.pressenza.com\/es\/#website\",\"url\":\"https:\/\/www.pressenza.com\/es\/\",\"name\":\"Pressenza\",\"description\":\"International Press Agency\",\"publisher\":{\"@id\":\"https:\/\/www.pressenza.com\/es\/#organization\"},\"potentialAction\":[{\"@type\":\"SearchAction\",\"target\":{\"@type\":\"EntryPoint\",\"urlTemplate\":\"https:\/\/www.pressenza.com\/es\/?s={search_term_string}\"},\"query-input\":{\"@type\":\"PropertyValueSpecification\",\"valueRequired\":true,\"valueName\":\"search_term_string\"}}],\"inLanguage\":\"es\"},{\"@type\":\"Organization\",\"@id\":\"https:\/\/www.pressenza.com\/es\/#organization\",\"name\":\"Pressenza\",\"url\":\"https:\/\/www.pressenza.com\/es\/\",\"logo\":{\"@type\":\"ImageObject\",\"inLanguage\":\"es\",\"@id\":\"https:\/\/www.pressenza.com\/es\/#\/schema\/logo\/image\/\",\"url\":\"https:\/\/www.pressenza.com\/wp-content\/uploads\/2022\/10\/pressenza_logo_200x200.jpg\",\"contentUrl\":\"https:\/\/www.pressenza.com\/wp-content\/uploads\/2022\/10\/pressenza_logo_200x200.jpg\",\"width\":200,\"height\":200,\"caption\":\"Pressenza\"},\"image\":{\"@id\":\"https:\/\/www.pressenza.com\/es\/#\/schema\/logo\/image\/\"},\"sameAs\":[\"https:\/\/www.facebook.com\/PressenzaItalia\",\"https:\/\/x.com\/PressenzaIPA\"]},{\"@type\":\"Person\",\"@id\":\"https:\/\/www.pressenza.com\/es\/#\/schema\/person\/0dda7d1b68267ad95b1e1d83abc98c89\",\"name\":\"Redacci\u00f3n Argentina\",\"description\":\"News from the Pressenza Bureau in Argentina.\",\"sameAs\":[\"https:\/\/x.com\/pressenza\"],\"url\":\"https:\/\/www.pressenza.com\/es\/author\/redaccion-argentina\/\"}]}<\/script>\n<!-- \/ Yoast SEO plugin. -->","yoast_head_json":{"title":"Dos fiscales resucitan el \u201cStay-Behind\u201d de la OTAN","description":"Un sueco y un luxemburgu\u00e9s desempolvan viejos asuntos del terrorismo atlantista. Por Rafael Poch para Ctxt.es Robert Harkavy y Patrik Baab, autores de","robots":{"index":"index","follow":"follow","max-snippet":"max-snippet:-1","max-image-preview":"max-image-preview:large","max-video-preview":"max-video-preview:-1"},"canonical":"https:\/\/www.pressenza.com\/es\/2019\/09\/dos-fiscales-resucitan-el-stay-behind-de-la-otan\/","og_locale":"es_ES","og_type":"article","og_title":"Dos fiscales resucitan el \u201cStay-Behind\u201d de la OTAN","og_description":"Un sueco y un luxemburgu\u00e9s desempolvan viejos asuntos del terrorismo atlantista. Por Rafael Poch para Ctxt.es Robert Harkavy y Patrik Baab, autores de","og_url":"https:\/\/www.pressenza.com\/es\/2019\/09\/dos-fiscales-resucitan-el-stay-behind-de-la-otan\/","og_site_name":"Pressenza","article_publisher":"https:\/\/www.facebook.com\/PressenzaItalia","article_published_time":"2019-09-06T16:52:11+00:00","og_image":[{"width":1280,"height":960,"url":"https:\/\/www.pressenza.com\/wp-content\/uploads\/2019\/09\/flag-40828_1280.png","type":"image\/png"}],"author":"Redacci\u00f3n Argentina","twitter_card":"summary_large_image","twitter_creator":"@pressenza","twitter_site":"@PressenzaIPA","twitter_misc":{"Escrito por":"Redacci\u00f3n Argentina","Tiempo de lectura":"7 minutos"},"schema":{"@context":"https:\/\/schema.org","@graph":[{"@type":"Article","@id":"https:\/\/www.pressenza.com\/es\/2019\/09\/dos-fiscales-resucitan-el-stay-behind-de-la-otan\/#article","isPartOf":{"@id":"https:\/\/www.pressenza.com\/es\/2019\/09\/dos-fiscales-resucitan-el-stay-behind-de-la-otan\/"},"author":{"name":"Redacci\u00f3n Argentina","@id":"https:\/\/www.pressenza.com\/es\/#\/schema\/person\/0dda7d1b68267ad95b1e1d83abc98c89"},"headline":"Dos fiscales resucitan el \u201cStay-Behind\u201d de la OTAN","datePublished":"2019-09-06T16:52:11+00:00","mainEntityOfPage":{"@id":"https:\/\/www.pressenza.com\/es\/2019\/09\/dos-fiscales-resucitan-el-stay-behind-de-la-otan\/"},"wordCount":1382,"publisher":{"@id":"https:\/\/www.pressenza.com\/es\/#organization"},"image":{"@id":"https:\/\/www.pressenza.com\/es\/2019\/09\/dos-fiscales-resucitan-el-stay-behind-de-la-otan\/#primaryimage"},"thumbnailUrl":"https:\/\/www.pressenza.com\/wp-content\/uploads\/2019\/09\/flag-40828_1280.png","keywords":["Apartheid","asesinato","Bommelee\u00ebr","guerra fria","Luxemburgo","magnicidio","Olof Palme","OTAN","Suecia","terrorismo"],"articleSection":["Asuntos internacionales","Internacional","Opiniones","Pol\u00edtica"],"inLanguage":"es"},{"@type":"WebPage","@id":"https:\/\/www.pressenza.com\/es\/2019\/09\/dos-fiscales-resucitan-el-stay-behind-de-la-otan\/","url":"https:\/\/www.pressenza.com\/es\/2019\/09\/dos-fiscales-resucitan-el-stay-behind-de-la-otan\/","name":"Dos fiscales resucitan el \u201cStay-Behind\u201d de la OTAN","isPartOf":{"@id":"https:\/\/www.pressenza.com\/es\/#website"},"primaryImageOfPage":{"@id":"https:\/\/www.pressenza.com\/es\/2019\/09\/dos-fiscales-resucitan-el-stay-behind-de-la-otan\/#primaryimage"},"image":{"@id":"https:\/\/www.pressenza.com\/es\/2019\/09\/dos-fiscales-resucitan-el-stay-behind-de-la-otan\/#primaryimage"},"thumbnailUrl":"https:\/\/www.pressenza.com\/wp-content\/uploads\/2019\/09\/flag-40828_1280.png","datePublished":"2019-09-06T16:52:11+00:00","description":"Un sueco y un luxemburgu\u00e9s desempolvan viejos asuntos del terrorismo atlantista. Por Rafael Poch para Ctxt.es Robert Harkavy y Patrik Baab, autores de","breadcrumb":{"@id":"https:\/\/www.pressenza.com\/es\/2019\/09\/dos-fiscales-resucitan-el-stay-behind-de-la-otan\/#breadcrumb"},"inLanguage":"es","potentialAction":[{"@type":"ReadAction","target":["https:\/\/www.pressenza.com\/es\/2019\/09\/dos-fiscales-resucitan-el-stay-behind-de-la-otan\/"]}]},{"@type":"ImageObject","inLanguage":"es","@id":"https:\/\/www.pressenza.com\/es\/2019\/09\/dos-fiscales-resucitan-el-stay-behind-de-la-otan\/#primaryimage","url":"https:\/\/www.pressenza.com\/wp-content\/uploads\/2019\/09\/flag-40828_1280.png","contentUrl":"https:\/\/www.pressenza.com\/wp-content\/uploads\/2019\/09\/flag-40828_1280.png","width":1280,"height":960},{"@type":"BreadcrumbList","@id":"https:\/\/www.pressenza.com\/es\/2019\/09\/dos-fiscales-resucitan-el-stay-behind-de-la-otan\/#breadcrumb","itemListElement":[{"@type":"ListItem","position":1,"name":"Accueil","item":"https:\/\/www.pressenza.com\/es\/"},{"@type":"ListItem","position":2,"name":"Dos fiscales resucitan el \u201cStay-Behind\u201d de la OTAN"}]},{"@type":"WebSite","@id":"https:\/\/www.pressenza.com\/es\/#website","url":"https:\/\/www.pressenza.com\/es\/","name":"Pressenza","description":"International Press Agency","publisher":{"@id":"https:\/\/www.pressenza.com\/es\/#organization"},"potentialAction":[{"@type":"SearchAction","target":{"@type":"EntryPoint","urlTemplate":"https:\/\/www.pressenza.com\/es\/?s={search_term_string}"},"query-input":{"@type":"PropertyValueSpecification","valueRequired":true,"valueName":"search_term_string"}}],"inLanguage":"es"},{"@type":"Organization","@id":"https:\/\/www.pressenza.com\/es\/#organization","name":"Pressenza","url":"https:\/\/www.pressenza.com\/es\/","logo":{"@type":"ImageObject","inLanguage":"es","@id":"https:\/\/www.pressenza.com\/es\/#\/schema\/logo\/image\/","url":"https:\/\/www.pressenza.com\/wp-content\/uploads\/2022\/10\/pressenza_logo_200x200.jpg","contentUrl":"https:\/\/www.pressenza.com\/wp-content\/uploads\/2022\/10\/pressenza_logo_200x200.jpg","width":200,"height":200,"caption":"Pressenza"},"image":{"@id":"https:\/\/www.pressenza.com\/es\/#\/schema\/logo\/image\/"},"sameAs":["https:\/\/www.facebook.com\/PressenzaItalia","https:\/\/x.com\/PressenzaIPA"]},{"@type":"Person","@id":"https:\/\/www.pressenza.com\/es\/#\/schema\/person\/0dda7d1b68267ad95b1e1d83abc98c89","name":"Redacci\u00f3n Argentina","description":"News from the Pressenza Bureau in Argentina.","sameAs":["https:\/\/x.com\/pressenza"],"url":"https:\/\/www.pressenza.com\/es\/author\/redaccion-argentina\/"}]}},"place":"Estocolmo, Suecia","original_article_url":"https:\/\/ctxt.es\/es\/20190904\/Firmas\/28091\/Rafael-Poch-imperios-combatientes-Stay-behind-Otan-guerrilla-terrorismo-atlantista.htm","_links":{"self":[{"href":"https:\/\/www.pressenza.com\/es\/wp-json\/wp\/v2\/posts\/914172","targetHints":{"allow":["GET"]}}],"collection":[{"href":"https:\/\/www.pressenza.com\/es\/wp-json\/wp\/v2\/posts"}],"about":[{"href":"https:\/\/www.pressenza.com\/es\/wp-json\/wp\/v2\/types\/post"}],"author":[{"embeddable":true,"href":"https:\/\/www.pressenza.com\/es\/wp-json\/wp\/v2\/users\/87"}],"replies":[{"embeddable":true,"href":"https:\/\/www.pressenza.com\/es\/wp-json\/wp\/v2\/comments?post=914172"}],"version-history":[{"count":0,"href":"https:\/\/www.pressenza.com\/es\/wp-json\/wp\/v2\/posts\/914172\/revisions"}],"wp:featuredmedia":[{"embeddable":true,"href":"https:\/\/www.pressenza.com\/es\/wp-json\/wp\/v2\/media\/914173"}],"wp:attachment":[{"href":"https:\/\/www.pressenza.com\/es\/wp-json\/wp\/v2\/media?parent=914172"}],"wp:term":[{"taxonomy":"category","embeddable":true,"href":"https:\/\/www.pressenza.com\/es\/wp-json\/wp\/v2\/categories?post=914172"},{"taxonomy":"post_tag","embeddable":true,"href":"https:\/\/www.pressenza.com\/es\/wp-json\/wp\/v2\/tags?post=914172"}],"curies":[{"name":"wp","href":"https:\/\/api.w.org\/{rel}","templated":true}]}}