{"id":912246,"date":"2019-09-04T01:51:56","date_gmt":"2019-09-04T00:51:56","guid":{"rendered":"https:\/\/www.pressenza.com\/?p=912246"},"modified":"2019-09-04T01:51:56","modified_gmt":"2019-09-04T00:51:56","slug":"protestas-masivas-en-el-reino-unido-contra-el-golpe-politico-de-johnson","status":"publish","type":"post","link":"https:\/\/www.pressenza.com\/es\/2019\/09\/protestas-masivas-en-el-reino-unido-contra-el-golpe-politico-de-johnson\/","title":{"rendered":"Protestas masivas en el Reino Unido contra el \u201cgolpe\u201d pol\u00edtico de Johnson"},"content":{"rendered":"<p>El primer ministro del Reino Unido, Boris Johnson, obtuvo permiso de la reina para clausurar el parlamento brit\u00e1nico; bajo falsas pretenciones como las que fueron reveladas por el Secretario de Defensa Ben Wallace, quien fue captado por las c\u00e1maras explicando la raz\u00f3n real por la que el parlamento ha sido suspendido. No tiene nada que ver con una nueva agenda (el argumento presentado a la reina), se trata de n\u00fameros, ya que el gobierno sabe que no pueden mandar sobre la mayor\u00eda en la C\u00e1mara de los Comunes, para convenir un Brexit sin acuerdo. Esta infame agresi\u00f3n contra la democracia ha generado protestas masivas en las calles de muchas ciudades del Reino Unido. Aqu\u00ed algunas im\u00e1genes.<\/p>\n<div class=\"post-gallery\">\n\t\t\t<figure class=\"post-gallery-item\">\n\t\t\t\t<img decoding=\"async\" src=\"https:\/\/www.pressenza.com\/wp-content\/uploads\/2019\/09\/6EB3BCE4-3B28-4D78-AB22-8D54B10DA914-720x540.jpeg\" loading=\"lazy\">\n\t\t\t\t<figcaption>\n\t\t\t\t\t\n\t\t\t\t<\/figcaption>\n\t\t\t<\/figure>\n\t\t\t<figure class=\"post-gallery-item\">\n\t\t\t\t<img decoding=\"async\" src=\"https:\/\/www.pressenza.com\/wp-content\/uploads\/2019\/09\/FB17967C-A983-4E69-9069-B7F0D158FC23-720x540.jpeg\" loading=\"lazy\">\n\t\t\t\t<figcaption>\n\t\t\t\t\t\n\t\t\t\t<\/figcaption>\n\t\t\t<\/figure><\/div>\n<p>Fotograf\u00edas de Antonio Carvallo<\/p>\n<div class=\"post-gallery\">\n\t\t\t<figure class=\"post-gallery-item\">\n\t\t\t\t<img decoding=\"async\" src=\"https:\/\/www.pressenza.com\/wp-content\/uploads\/2019\/09\/1895CC7B-C07D-4618-9F54-8308E8E7B8FA-720x457.jpeg\" loading=\"lazy\">\n\t\t\t\t<figcaption>\n\t\t\t\t\t\n\t\t\t\t<\/figcaption>\n\t\t\t<\/figure>\n\t\t\t<figure class=\"post-gallery-item\">\n\t\t\t\t<img decoding=\"async\" src=\"https:\/\/www.pressenza.com\/wp-content\/uploads\/2019\/09\/1F88497D-72D8-4ECD-BA07-92BDD845EE3D-720x540.jpeg\" loading=\"lazy\">\n\t\t\t\t<figcaption>\n\t\t\t\t\t\n\t\t\t\t<\/figcaption>\n\t\t\t<\/figure>\n\t\t\t<figure class=\"post-gallery-item\">\n\t\t\t\t<img decoding=\"async\" src=\"https:\/\/www.pressenza.com\/wp-content\/uploads\/2019\/09\/0A3ED6E7-B0C9-48C3-BD76-85DF1B76950A-720x480.jpeg\" loading=\"lazy\">\n\t\t\t\t<figcaption>\n\t\t\t\t\t\n\t\t\t\t<\/figcaption>\n\t\t\t<\/figure>\n\t\t\t<figure class=\"post-gallery-item\">\n\t\t\t\t<img decoding=\"async\" src=\"https:\/\/www.pressenza.com\/wp-content\/uploads\/2019\/09\/2A4ABC5C-3E65-45F7-A6B4-BAF23813D0A4-720x520.jpeg\" loading=\"lazy\">\n\t\t\t\t<figcaption>\n\t\t\t\t\t\n\t\t\t\t<\/figcaption>\n\t\t\t<\/figure><\/div>\n<p>Fotograf\u00edas de Momentum Facebook<\/p>\n<p>\u201cEstamos aqu\u00ed porque nuestra democracia no se nos fue dada como un acto de generosidad o caridad por los de arriba\u201d, dijo Owen Jones, un activista progresista y columnista del peri\u00f3dico (Guardian) hablando como participante de la protesta. \u201cSe gan\u00f3 a trav\u00e9s de la lucha y el sacrificio de nuestros antepasados,no le corresponde a un primer ministro no electo suspender el parlamento que s\u00ed fue electo, para forzar un sin acuerdo (Brexit) que no tiene mandato democr\u00e1tico.\u201d<\/p>\n<hr \/>\n<p><em>Traducci\u00f3n del ingl\u00e9s por Erika Rodriguez<\/em><\/p>\n","protected":false},"excerpt":{"rendered":"<p>El primer ministro del Reino Unido, Boris Johnson, obtuvo permiso de la reina para clausurar el parlamento brit\u00e1nico; bajo falsas pretenciones como las que fueron reveladas por el Secretario de Defensa Ben Wallace, quien fue captado por las c\u00e1maras explicando&hellip;<\/p>\n","protected":false},"author":66,"featured_media":911033,"comment_status":"closed","ping_status":"closed","sticky":false,"template":"","format":"standard","meta":{"footnotes":""},"categories":[11389,5667,74],"tags":[61812,63286,1793],"class_list":["post-912246","post","type-post","status-publish","format-standard","has-post-thumbnail","hentry","category-contenido-original","category-foto-reportajes","category-politica-es","tag-boris-johnson-es","tag-golpe-politico","tag-reino-unido"],"yoast_head":"<!-- This site is optimized with the Yoast SEO plugin v27.1.1 - https:\/\/yoast.com\/product\/yoast-seo-wordpress\/ -->\n<title>Protestas masivas en el Reino Unido contra el \u201cgolpe\u201d pol\u00edtico de Johnson<\/title>\n<meta name=\"description\" content=\"El primer ministro del Reino Unido, Boris Johnson, obtuvo permiso de la reina para clausurar el parlamento brit\u00e1nico; bajo falsas pretenciones como las\" \/>\n<meta name=\"robots\" content=\"index, follow, max-snippet:-1, max-image-preview:large, max-video-preview:-1\" \/>\n<link rel=\"canonical\" href=\"https:\/\/www.pressenza.com\/es\/2019\/09\/protestas-masivas-en-el-reino-unido-contra-el-golpe-politico-de-johnson\/\" \/>\n<meta property=\"og:locale\" content=\"es_ES\" \/>\n<meta property=\"og:type\" content=\"article\" \/>\n<meta property=\"og:title\" content=\"Protestas masivas en el Reino Unido contra el \u201cgolpe\u201d pol\u00edtico de Johnson\" \/>\n<meta property=\"og:description\" content=\"El primer ministro del Reino Unido, Boris Johnson, obtuvo permiso de la reina para clausurar el parlamento brit\u00e1nico; bajo falsas pretenciones como las\" \/>\n<meta property=\"og:url\" content=\"https:\/\/www.pressenza.com\/es\/2019\/09\/protestas-masivas-en-el-reino-unido-contra-el-golpe-politico-de-johnson\/\" \/>\n<meta property=\"og:site_name\" content=\"Pressenza\" \/>\n<meta property=\"article:publisher\" content=\"https:\/\/www.facebook.com\/PressenzaItalia\" \/>\n<meta property=\"article:author\" content=\"https:\/\/www.facebook.com\/silvia.swinden\" \/>\n<meta property=\"article:published_time\" content=\"2019-09-04T00:51:56+00:00\" \/>\n<meta property=\"og:image\" content=\"https:\/\/www.pressenza.com\/wp-content\/uploads\/2019\/09\/8D081C3E-9097-4A26-B8EA-85640F13B750.jpeg\" \/>\n\t<meta property=\"og:image:width\" content=\"1048\" \/>\n\t<meta property=\"og:image:height\" content=\"862\" \/>\n\t<meta property=\"og:image:type\" content=\"image\/jpeg\" \/>\n<meta name=\"author\" content=\"Silvia Swinden\" \/>\n<meta name=\"twitter:card\" content=\"summary_large_image\" \/>\n<meta name=\"twitter:creator\" content=\"@PressenzaIPA\" \/>\n<meta name=\"twitter:site\" content=\"@PressenzaIPA\" \/>\n<meta name=\"twitter:label1\" content=\"Escrito por\" \/>\n\t<meta name=\"twitter:data1\" content=\"Silvia Swinden\" \/>\n\t<meta name=\"twitter:label2\" content=\"Tiempo de lectura\" \/>\n\t<meta name=\"twitter:data2\" content=\"1 minuto\" \/>\n<script type=\"application\/ld+json\" class=\"yoast-schema-graph\">{\"@context\":\"https:\/\/schema.org\",\"@graph\":[{\"@type\":\"Article\",\"@id\":\"https:\/\/www.pressenza.com\/es\/2019\/09\/protestas-masivas-en-el-reino-unido-contra-el-golpe-politico-de-johnson\/#article\",\"isPartOf\":{\"@id\":\"https:\/\/www.pressenza.com\/es\/2019\/09\/protestas-masivas-en-el-reino-unido-contra-el-golpe-politico-de-johnson\/\"},\"author\":{\"name\":\"Silvia Swinden\",\"@id\":\"https:\/\/www.pressenza.com\/es\/#\/schema\/person\/3e897a9ceda3579beea4bb9a93021e17\"},\"headline\":\"Protestas masivas en el Reino Unido contra el \u201cgolpe\u201d pol\u00edtico de Johnson\",\"datePublished\":\"2019-09-04T00:51:56+00:00\",\"mainEntityOfPage\":{\"@id\":\"https:\/\/www.pressenza.com\/es\/2019\/09\/protestas-masivas-en-el-reino-unido-contra-el-golpe-politico-de-johnson\/\"},\"wordCount\":240,\"publisher\":{\"@id\":\"https:\/\/www.pressenza.com\/es\/#organization\"},\"image\":{\"@id\":\"https:\/\/www.pressenza.com\/es\/2019\/09\/protestas-masivas-en-el-reino-unido-contra-el-golpe-politico-de-johnson\/#primaryimage\"},\"thumbnailUrl\":\"https:\/\/www.pressenza.com\/wp-content\/uploads\/2019\/09\/8D081C3E-9097-4A26-B8EA-85640F13B750.jpeg\",\"keywords\":[\"Boris Johnson\",\"golpe pol\u00edtico\",\"Reino Unido\"],\"articleSection\":[\"Contenido Original\",\"Fotorreportajes\",\"Pol\u00edtica\"],\"inLanguage\":\"es\"},{\"@type\":\"WebPage\",\"@id\":\"https:\/\/www.pressenza.com\/es\/2019\/09\/protestas-masivas-en-el-reino-unido-contra-el-golpe-politico-de-johnson\/\",\"url\":\"https:\/\/www.pressenza.com\/es\/2019\/09\/protestas-masivas-en-el-reino-unido-contra-el-golpe-politico-de-johnson\/\",\"name\":\"Protestas masivas en el Reino Unido contra el \u201cgolpe\u201d pol\u00edtico de Johnson\",\"isPartOf\":{\"@id\":\"https:\/\/www.pressenza.com\/es\/#website\"},\"primaryImageOfPage\":{\"@id\":\"https:\/\/www.pressenza.com\/es\/2019\/09\/protestas-masivas-en-el-reino-unido-contra-el-golpe-politico-de-johnson\/#primaryimage\"},\"image\":{\"@id\":\"https:\/\/www.pressenza.com\/es\/2019\/09\/protestas-masivas-en-el-reino-unido-contra-el-golpe-politico-de-johnson\/#primaryimage\"},\"thumbnailUrl\":\"https:\/\/www.pressenza.com\/wp-content\/uploads\/2019\/09\/8D081C3E-9097-4A26-B8EA-85640F13B750.jpeg\",\"datePublished\":\"2019-09-04T00:51:56+00:00\",\"description\":\"El primer ministro del Reino Unido, Boris Johnson, obtuvo permiso de la reina para clausurar el parlamento brit\u00e1nico; bajo falsas pretenciones como las\",\"breadcrumb\":{\"@id\":\"https:\/\/www.pressenza.com\/es\/2019\/09\/protestas-masivas-en-el-reino-unido-contra-el-golpe-politico-de-johnson\/#breadcrumb\"},\"inLanguage\":\"es\",\"potentialAction\":[{\"@type\":\"ReadAction\",\"target\":[\"https:\/\/www.pressenza.com\/es\/2019\/09\/protestas-masivas-en-el-reino-unido-contra-el-golpe-politico-de-johnson\/\"]}]},{\"@type\":\"ImageObject\",\"inLanguage\":\"es\",\"@id\":\"https:\/\/www.pressenza.com\/es\/2019\/09\/protestas-masivas-en-el-reino-unido-contra-el-golpe-politico-de-johnson\/#primaryimage\",\"url\":\"https:\/\/www.pressenza.com\/wp-content\/uploads\/2019\/09\/8D081C3E-9097-4A26-B8EA-85640F13B750.jpeg\",\"contentUrl\":\"https:\/\/www.pressenza.com\/wp-content\/uploads\/2019\/09\/8D081C3E-9097-4A26-B8EA-85640F13B750.jpeg\",\"width\":1048,\"height\":862},{\"@type\":\"BreadcrumbList\",\"@id\":\"https:\/\/www.pressenza.com\/es\/2019\/09\/protestas-masivas-en-el-reino-unido-contra-el-golpe-politico-de-johnson\/#breadcrumb\",\"itemListElement\":[{\"@type\":\"ListItem\",\"position\":1,\"name\":\"Accueil\",\"item\":\"https:\/\/www.pressenza.com\/es\/\"},{\"@type\":\"ListItem\",\"position\":2,\"name\":\"Protestas masivas en el Reino Unido contra el \u201cgolpe\u201d pol\u00edtico de Johnson\"}]},{\"@type\":\"WebSite\",\"@id\":\"https:\/\/www.pressenza.com\/es\/#website\",\"url\":\"https:\/\/www.pressenza.com\/es\/\",\"name\":\"Pressenza\",\"description\":\"International Press Agency\",\"publisher\":{\"@id\":\"https:\/\/www.pressenza.com\/es\/#organization\"},\"potentialAction\":[{\"@type\":\"SearchAction\",\"target\":{\"@type\":\"EntryPoint\",\"urlTemplate\":\"https:\/\/www.pressenza.com\/es\/?s={search_term_string}\"},\"query-input\":{\"@type\":\"PropertyValueSpecification\",\"valueRequired\":true,\"valueName\":\"search_term_string\"}}],\"inLanguage\":\"es\"},{\"@type\":\"Organization\",\"@id\":\"https:\/\/www.pressenza.com\/es\/#organization\",\"name\":\"Pressenza\",\"url\":\"https:\/\/www.pressenza.com\/es\/\",\"logo\":{\"@type\":\"ImageObject\",\"inLanguage\":\"es\",\"@id\":\"https:\/\/www.pressenza.com\/es\/#\/schema\/logo\/image\/\",\"url\":\"https:\/\/www.pressenza.com\/wp-content\/uploads\/2022\/10\/pressenza_logo_200x200.jpg\",\"contentUrl\":\"https:\/\/www.pressenza.com\/wp-content\/uploads\/2022\/10\/pressenza_logo_200x200.jpg\",\"width\":200,\"height\":200,\"caption\":\"Pressenza\"},\"image\":{\"@id\":\"https:\/\/www.pressenza.com\/es\/#\/schema\/logo\/image\/\"},\"sameAs\":[\"https:\/\/www.facebook.com\/PressenzaItalia\",\"https:\/\/x.com\/PressenzaIPA\"]},{\"@type\":\"Person\",\"@id\":\"https:\/\/www.pressenza.com\/es\/#\/schema\/person\/3e897a9ceda3579beea4bb9a93021e17\",\"name\":\"Silvia Swinden\",\"description\":\"Silvia Swinden - Author of \u201cFrom Monkey Sapiens to Homo Intentional: The Phenomenology of the Nonviolent Revolution\u201d \u2013 Adonis &amp; Abbey, London 2006. Pressenza London Editor\",\"sameAs\":[\"https:\/\/www.facebook.com\/silvia.swinden\"],\"url\":\"https:\/\/www.pressenza.com\/es\/author\/silvia-swinden\/\"}]}<\/script>\n<!-- \/ Yoast SEO plugin. -->","yoast_head_json":{"title":"Protestas masivas en el Reino Unido contra el \u201cgolpe\u201d pol\u00edtico de Johnson","description":"El primer ministro del Reino Unido, Boris Johnson, obtuvo permiso de la reina para clausurar el parlamento brit\u00e1nico; bajo falsas pretenciones como las","robots":{"index":"index","follow":"follow","max-snippet":"max-snippet:-1","max-image-preview":"max-image-preview:large","max-video-preview":"max-video-preview:-1"},"canonical":"https:\/\/www.pressenza.com\/es\/2019\/09\/protestas-masivas-en-el-reino-unido-contra-el-golpe-politico-de-johnson\/","og_locale":"es_ES","og_type":"article","og_title":"Protestas masivas en el Reino Unido contra el \u201cgolpe\u201d pol\u00edtico de Johnson","og_description":"El primer ministro del Reino Unido, Boris Johnson, obtuvo permiso de la reina para clausurar el parlamento brit\u00e1nico; bajo falsas pretenciones como las","og_url":"https:\/\/www.pressenza.com\/es\/2019\/09\/protestas-masivas-en-el-reino-unido-contra-el-golpe-politico-de-johnson\/","og_site_name":"Pressenza","article_publisher":"https:\/\/www.facebook.com\/PressenzaItalia","article_author":"https:\/\/www.facebook.com\/silvia.swinden","article_published_time":"2019-09-04T00:51:56+00:00","og_image":[{"width":1048,"height":862,"url":"https:\/\/www.pressenza.com\/wp-content\/uploads\/2019\/09\/8D081C3E-9097-4A26-B8EA-85640F13B750.jpeg","type":"image\/jpeg"}],"author":"Silvia Swinden","twitter_card":"summary_large_image","twitter_creator":"@PressenzaIPA","twitter_site":"@PressenzaIPA","twitter_misc":{"Escrito por":"Silvia Swinden","Tiempo de lectura":"1 minuto"},"schema":{"@context":"https:\/\/schema.org","@graph":[{"@type":"Article","@id":"https:\/\/www.pressenza.com\/es\/2019\/09\/protestas-masivas-en-el-reino-unido-contra-el-golpe-politico-de-johnson\/#article","isPartOf":{"@id":"https:\/\/www.pressenza.com\/es\/2019\/09\/protestas-masivas-en-el-reino-unido-contra-el-golpe-politico-de-johnson\/"},"author":{"name":"Silvia Swinden","@id":"https:\/\/www.pressenza.com\/es\/#\/schema\/person\/3e897a9ceda3579beea4bb9a93021e17"},"headline":"Protestas masivas en el Reino Unido contra el \u201cgolpe\u201d pol\u00edtico de Johnson","datePublished":"2019-09-04T00:51:56+00:00","mainEntityOfPage":{"@id":"https:\/\/www.pressenza.com\/es\/2019\/09\/protestas-masivas-en-el-reino-unido-contra-el-golpe-politico-de-johnson\/"},"wordCount":240,"publisher":{"@id":"https:\/\/www.pressenza.com\/es\/#organization"},"image":{"@id":"https:\/\/www.pressenza.com\/es\/2019\/09\/protestas-masivas-en-el-reino-unido-contra-el-golpe-politico-de-johnson\/#primaryimage"},"thumbnailUrl":"https:\/\/www.pressenza.com\/wp-content\/uploads\/2019\/09\/8D081C3E-9097-4A26-B8EA-85640F13B750.jpeg","keywords":["Boris Johnson","golpe pol\u00edtico","Reino Unido"],"articleSection":["Contenido Original","Fotorreportajes","Pol\u00edtica"],"inLanguage":"es"},{"@type":"WebPage","@id":"https:\/\/www.pressenza.com\/es\/2019\/09\/protestas-masivas-en-el-reino-unido-contra-el-golpe-politico-de-johnson\/","url":"https:\/\/www.pressenza.com\/es\/2019\/09\/protestas-masivas-en-el-reino-unido-contra-el-golpe-politico-de-johnson\/","name":"Protestas masivas en el Reino Unido contra el \u201cgolpe\u201d pol\u00edtico de Johnson","isPartOf":{"@id":"https:\/\/www.pressenza.com\/es\/#website"},"primaryImageOfPage":{"@id":"https:\/\/www.pressenza.com\/es\/2019\/09\/protestas-masivas-en-el-reino-unido-contra-el-golpe-politico-de-johnson\/#primaryimage"},"image":{"@id":"https:\/\/www.pressenza.com\/es\/2019\/09\/protestas-masivas-en-el-reino-unido-contra-el-golpe-politico-de-johnson\/#primaryimage"},"thumbnailUrl":"https:\/\/www.pressenza.com\/wp-content\/uploads\/2019\/09\/8D081C3E-9097-4A26-B8EA-85640F13B750.jpeg","datePublished":"2019-09-04T00:51:56+00:00","description":"El primer ministro del Reino Unido, Boris Johnson, obtuvo permiso de la reina para clausurar el parlamento brit\u00e1nico; bajo falsas pretenciones como las","breadcrumb":{"@id":"https:\/\/www.pressenza.com\/es\/2019\/09\/protestas-masivas-en-el-reino-unido-contra-el-golpe-politico-de-johnson\/#breadcrumb"},"inLanguage":"es","potentialAction":[{"@type":"ReadAction","target":["https:\/\/www.pressenza.com\/es\/2019\/09\/protestas-masivas-en-el-reino-unido-contra-el-golpe-politico-de-johnson\/"]}]},{"@type":"ImageObject","inLanguage":"es","@id":"https:\/\/www.pressenza.com\/es\/2019\/09\/protestas-masivas-en-el-reino-unido-contra-el-golpe-politico-de-johnson\/#primaryimage","url":"https:\/\/www.pressenza.com\/wp-content\/uploads\/2019\/09\/8D081C3E-9097-4A26-B8EA-85640F13B750.jpeg","contentUrl":"https:\/\/www.pressenza.com\/wp-content\/uploads\/2019\/09\/8D081C3E-9097-4A26-B8EA-85640F13B750.jpeg","width":1048,"height":862},{"@type":"BreadcrumbList","@id":"https:\/\/www.pressenza.com\/es\/2019\/09\/protestas-masivas-en-el-reino-unido-contra-el-golpe-politico-de-johnson\/#breadcrumb","itemListElement":[{"@type":"ListItem","position":1,"name":"Accueil","item":"https:\/\/www.pressenza.com\/es\/"},{"@type":"ListItem","position":2,"name":"Protestas masivas en el Reino Unido contra el \u201cgolpe\u201d pol\u00edtico de Johnson"}]},{"@type":"WebSite","@id":"https:\/\/www.pressenza.com\/es\/#website","url":"https:\/\/www.pressenza.com\/es\/","name":"Pressenza","description":"International Press Agency","publisher":{"@id":"https:\/\/www.pressenza.com\/es\/#organization"},"potentialAction":[{"@type":"SearchAction","target":{"@type":"EntryPoint","urlTemplate":"https:\/\/www.pressenza.com\/es\/?s={search_term_string}"},"query-input":{"@type":"PropertyValueSpecification","valueRequired":true,"valueName":"search_term_string"}}],"inLanguage":"es"},{"@type":"Organization","@id":"https:\/\/www.pressenza.com\/es\/#organization","name":"Pressenza","url":"https:\/\/www.pressenza.com\/es\/","logo":{"@type":"ImageObject","inLanguage":"es","@id":"https:\/\/www.pressenza.com\/es\/#\/schema\/logo\/image\/","url":"https:\/\/www.pressenza.com\/wp-content\/uploads\/2022\/10\/pressenza_logo_200x200.jpg","contentUrl":"https:\/\/www.pressenza.com\/wp-content\/uploads\/2022\/10\/pressenza_logo_200x200.jpg","width":200,"height":200,"caption":"Pressenza"},"image":{"@id":"https:\/\/www.pressenza.com\/es\/#\/schema\/logo\/image\/"},"sameAs":["https:\/\/www.facebook.com\/PressenzaItalia","https:\/\/x.com\/PressenzaIPA"]},{"@type":"Person","@id":"https:\/\/www.pressenza.com\/es\/#\/schema\/person\/3e897a9ceda3579beea4bb9a93021e17","name":"Silvia Swinden","description":"Silvia Swinden - Author of \u201cFrom Monkey Sapiens to Homo Intentional: The Phenomenology of the Nonviolent Revolution\u201d \u2013 Adonis &amp; Abbey, London 2006. Pressenza London Editor","sameAs":["https:\/\/www.facebook.com\/silvia.swinden"],"url":"https:\/\/www.pressenza.com\/es\/author\/silvia-swinden\/"}]}},"place":"Londres, R.U.","original_article_url":"","_links":{"self":[{"href":"https:\/\/www.pressenza.com\/es\/wp-json\/wp\/v2\/posts\/912246","targetHints":{"allow":["GET"]}}],"collection":[{"href":"https:\/\/www.pressenza.com\/es\/wp-json\/wp\/v2\/posts"}],"about":[{"href":"https:\/\/www.pressenza.com\/es\/wp-json\/wp\/v2\/types\/post"}],"author":[{"embeddable":true,"href":"https:\/\/www.pressenza.com\/es\/wp-json\/wp\/v2\/users\/66"}],"replies":[{"embeddable":true,"href":"https:\/\/www.pressenza.com\/es\/wp-json\/wp\/v2\/comments?post=912246"}],"version-history":[{"count":0,"href":"https:\/\/www.pressenza.com\/es\/wp-json\/wp\/v2\/posts\/912246\/revisions"}],"wp:featuredmedia":[{"embeddable":true,"href":"https:\/\/www.pressenza.com\/es\/wp-json\/wp\/v2\/media\/911033"}],"wp:attachment":[{"href":"https:\/\/www.pressenza.com\/es\/wp-json\/wp\/v2\/media?parent=912246"}],"wp:term":[{"taxonomy":"category","embeddable":true,"href":"https:\/\/www.pressenza.com\/es\/wp-json\/wp\/v2\/categories?post=912246"},{"taxonomy":"post_tag","embeddable":true,"href":"https:\/\/www.pressenza.com\/es\/wp-json\/wp\/v2\/tags?post=912246"}],"curies":[{"name":"wp","href":"https:\/\/api.w.org\/{rel}","templated":true}]}}