{"id":910890,"date":"2019-09-01T03:20:23","date_gmt":"2019-09-01T02:20:23","guid":{"rendered":"https:\/\/www.pressenza.com\/?p=910890"},"modified":"2019-09-03T12:57:46","modified_gmt":"2019-09-03T11:57:46","slug":"greta-thunberg-llega-a-nueva-york-tras-dos-semanas-de-navegacion","status":"publish","type":"post","link":"https:\/\/www.pressenza.com\/es\/2019\/09\/greta-thunberg-llega-a-nueva-york-tras-dos-semanas-de-navegacion\/","title":{"rendered":"Greta Thunberg llega a Nueva York tras dos semanas de navegaci\u00f3n"},"content":{"rendered":"<p>Greta Thunberg no viaja en avi\u00f3n debido a las altas emisiones de gases que produce cada vuelo. Para llegar a Nueva York a tiempo para la cumbre clim\u00e1tica de la ONU del 23 de septiembre, cruz\u00f3 el Atl\u00e1ntico sobre Malitia II, un barco de emisiones cero que utiliza paneles solares y turbinas submarinas. Despu\u00e9s de dos semanas de navegar en condiciones con frecuencia dif\u00edciles, lleg\u00f3 a Nueva York el 28 de agosto, donde fue recibida por 17 veleros de las Naciones Unidas, uno por cada objetivo de desarrollo sostenible, y una peque\u00f1a multitud de seguidores.<\/p>\n<p><img loading=\"lazy\" decoding=\"async\" class=\"aligncenter wp-image-910157 size-full\" src=\"https:\/\/www.pressenza.com\/wp-content\/uploads\/2019\/08\/Malizia-II.jpg\" alt=\"\" width=\"960\" height=\"678\" srcset=\"https:\/\/www.pressenza.com\/wp-content\/uploads\/2019\/08\/Malizia-II.jpg 960w, https:\/\/www.pressenza.com\/wp-content\/uploads\/2019\/08\/Malizia-II-300x212.jpg 300w, https:\/\/www.pressenza.com\/wp-content\/uploads\/2019\/08\/Malizia-II-768x542.jpg 768w, https:\/\/www.pressenza.com\/wp-content\/uploads\/2019\/08\/Malizia-II-720x509.jpg 720w\" sizes=\"auto, (max-width: 960px) 100vw, 960px\" \/><\/p>\n<p><img loading=\"lazy\" decoding=\"async\" class=\"aligncenter wp-image-910148 size-full\" src=\"https:\/\/www.pressenza.com\/wp-content\/uploads\/2019\/08\/Greta-con-skyline-NY.jpg\" alt=\"\" width=\"960\" height=\"720\" srcset=\"https:\/\/www.pressenza.com\/wp-content\/uploads\/2019\/08\/Greta-con-skyline-NY.jpg 960w, https:\/\/www.pressenza.com\/wp-content\/uploads\/2019\/08\/Greta-con-skyline-NY-300x225.jpg 300w, https:\/\/www.pressenza.com\/wp-content\/uploads\/2019\/08\/Greta-con-skyline-NY-768x576.jpg 768w, https:\/\/www.pressenza.com\/wp-content\/uploads\/2019\/08\/Greta-con-skyline-NY-720x540.jpg 720w\" sizes=\"auto, (max-width: 960px) 100vw, 960px\" \/><\/p>\n<p>El Secretario General de las Naciones Unidas, Antonio Guterres, le dio la bienvenida con estas palabras. <em>\u00abLa determinaci\u00f3n y tenacidad demostradas durante su viaje deber\u00edan animarnos a todos a participar en la cumbre clim\u00e1tica del pr\u00f3ximo mes. Tenemos que hacer lo que la gente de todo el mundo nos pide que hagamos y abordar la crisis clim\u00e1tica mundial.\u00bb<\/em><\/p>\n<p>\u00abLa ciencia es clara\u00bb, dijo Greta el 14 de agosto, al salir del puerto ingl\u00e9s de Plymouth. <em>\u00abTenemos que empezar a reducir las emisiones para el a\u00f1o 2020 si queremos ser capaces de mantenernos por debajo de un aumento de la temperatura global de 1,5 grados. Todav\u00eda tenemos un margen de tiempo para actuar, pero ese margen se est\u00e1 agotando r\u00e1pidamente. Por eso he decidido hacer este viaje. Durante el a\u00f1o pasado, millones de j\u00f3venes han hecho o\u00edr sus voces para despertar a los l\u00edderes mundiales a la crisis clim\u00e1tica y ecol\u00f3gica. En los pr\u00f3ximos meses, los eventos en Nueva York y Santiago de Chile mostrar\u00e1n si nos han escuchado. Nuestro futuro est\u00e1 en juego y queremos participar en \u00e9l. Queremos que el mundo se una a la ciencia\u00bb.<\/em><\/p>\n<p>Un planteamiento reiterado durante la conferencia de prensa celebrada a su llegada a Nueva York: <em>\u00abLa crisis clim\u00e1tica y ecol\u00f3gica es una crisis global, la mayor a la que se ha enfrentado la humanidad. Si no podemos trabajar juntos y colaborar a pesar de nuestras diferencias, entonces fracasaremos. As\u00ed que tenemos que apoyarnos mutuamente y actuar, de lo contrario puede ser demasiado tarde. No esperemos m\u00e1s. Vamos a movernos ahora.\u00bb<\/em><\/p>\n<p>Greta tambi\u00e9n habl\u00f3 sobre el papel que desempe\u00f1a. <em>\u00abEs una locura que una chica de 16 a\u00f1os tenga que cruzar el Atl\u00e1ntico para tomar una posici\u00f3n. Estamos en un punto de inflexi\u00f3n. Quiero asegurarme de que los l\u00edderes mundiales sepan que todos los ojos estar\u00e1n puestos en ellos durante la conferencia, para que no puedan seguir ignor\u00e1ndonos. Quiero escuchar un plan concreto, no s\u00f3lo unas cuantas palabras bonitas. Mi papel es ser uno de los muchos activistas que presionan por la acci\u00f3n clim\u00e1tica. No me considero a m\u00ed misma un l\u00edder, un icono o la cara del movimiento. Ojal\u00e1 no tuviera que hacer todo esto para poder ir a la escuela, pero quiero marcar la diferencia. Las generaciones mayores no deber\u00edan decirnos que esto es normal, porque nosotros simplemente estamos tratando de reparar el desastre que causaron.\u00bb<\/em><\/p>\n<p>Cuando los periodistas le preguntaron si cre\u00eda que pod\u00eda convencer al presidente estadounidense Donald Trump de la gravedad de la crisis clim\u00e1tica, respondi\u00f3 con un simple no. <em>\u00abNo soy tan especial. No puedo convencer a todos. S\u00f3lo trato de hacer lo que quiero hacer y lo que tendr\u00e1 mayor impacto. Mi mensaje para Trump es que escuche la ciencia, cosa que claramente no hace. Si nadie ha conseguido convencerle de esta urgencia, \u00bfpor qu\u00e9 deber\u00eda hacerlo yo? As\u00ed que me centrar\u00e9 en crear conciencia sobre este tema\u00bb.<\/em><\/p>\n<p>El 30 de agosto, Greta se uni\u00f3 a los j\u00f3venes activistas de Nueva York en la habitual huelga del viernes, manifest\u00e1ndose frente a la sede de la ONU.<\/p>\n<p><img loading=\"lazy\" decoding=\"async\" class=\"aligncenter wp-image-910139 size-full\" src=\"https:\/\/www.pressenza.com\/wp-content\/uploads\/2019\/08\/sciopero-clima-davanti-allONU.jpg\" alt=\"\" width=\"960\" height=\"844\" srcset=\"https:\/\/www.pressenza.com\/wp-content\/uploads\/2019\/08\/sciopero-clima-davanti-allONU.jpg 960w, https:\/\/www.pressenza.com\/wp-content\/uploads\/2019\/08\/sciopero-clima-davanti-allONU-300x264.jpg 300w, https:\/\/www.pressenza.com\/wp-content\/uploads\/2019\/08\/sciopero-clima-davanti-allONU-768x675.jpg 768w, https:\/\/www.pressenza.com\/wp-content\/uploads\/2019\/08\/sciopero-clima-davanti-allONU-720x633.jpg 720w\" sizes=\"auto, (max-width: 960px) 100vw, 960px\" \/><\/p>\n<p>https:\/\/www.facebook.com\/gretathunbergsweden<\/p>\n<p>Adem\u00e1s de asistir a la cumbre de la ONU en Nueva York, Greta tambi\u00e9n participar\u00e1 en la tercera huelga clim\u00e1tica mundial, con eventos programados del 20 al 27 de septiembre para pedir el fin del uso de combustibles f\u00f3siles. Luego visitar\u00e1 Canad\u00e1 y M\u00e9xico antes de llegar a Santiago de Chile en autob\u00fas, tren y barco para asistir a la conferencia sobre el clima de diciembre.<\/p>\n<p>&nbsp;<\/p>\n<hr \/>\n<p><em>Traducci\u00f3n del italiano por Nicole Salas<\/em><\/p>\n","protected":false},"excerpt":{"rendered":"<p>Greta Thunberg no viaja en avi\u00f3n debido a las altas emisiones de gases que produce cada vuelo. Para llegar a Nueva York a tiempo para la cumbre clim\u00e1tica de la ONU del 23 de septiembre, cruz\u00f3 el Atl\u00e1ntico sobre Malitia&hellip;<\/p>\n","protected":false},"author":594,"featured_media":910174,"comment_status":"closed","ping_status":"closed","sticky":false,"template":"","format":"standard","meta":{"footnotes":""},"categories":[11389,78],"tags":[63328,1265,54283,56270,63329,649,17361],"class_list":["post-910890","post","type-post","status-publish","format-standard","has-post-thumbnail","hentry","category-contenido-original","category-medio-ambiente-ecologia","tag-cambio-clima","tag-cambio-climatico","tag-greta-thunberg-es","tag-huelga-climatica-mundial","tag-malizia-ii-es","tag-naciones-unidas","tag-nueva-york"],"yoast_head":"<!-- This site is optimized with the Yoast SEO plugin v27.1.1 - https:\/\/yoast.com\/product\/yoast-seo-wordpress\/ -->\n<title>Greta Thunberg llega a Nueva York tras dos semanas de navegaci\u00f3n<\/title>\n<meta name=\"description\" content=\"Greta Thunberg no viaja en avi\u00f3n debido a las altas emisiones de gases que produce cada vuelo. Para llegar a Nueva York a tiempo para la cumbre clim\u00e1tica\" \/>\n<meta name=\"robots\" content=\"index, follow, max-snippet:-1, max-image-preview:large, max-video-preview:-1\" \/>\n<link rel=\"canonical\" href=\"https:\/\/www.pressenza.com\/es\/2019\/09\/greta-thunberg-llega-a-nueva-york-tras-dos-semanas-de-navegacion\/\" \/>\n<meta property=\"og:locale\" content=\"es_ES\" \/>\n<meta property=\"og:type\" content=\"article\" \/>\n<meta property=\"og:title\" content=\"Greta Thunberg llega a Nueva York tras dos semanas de navegaci\u00f3n\" \/>\n<meta property=\"og:description\" content=\"Greta Thunberg no viaja en avi\u00f3n debido a las altas emisiones de gases que produce cada vuelo. Para llegar a Nueva York a tiempo para la cumbre clim\u00e1tica\" \/>\n<meta property=\"og:url\" content=\"https:\/\/www.pressenza.com\/es\/2019\/09\/greta-thunberg-llega-a-nueva-york-tras-dos-semanas-de-navegacion\/\" \/>\n<meta property=\"og:site_name\" content=\"Pressenza\" \/>\n<meta property=\"article:publisher\" content=\"https:\/\/www.facebook.com\/PressenzaItalia\" \/>\n<meta property=\"article:author\" content=\"https:\/\/www.facebook.com\/PressenzaItalia\" \/>\n<meta property=\"article:published_time\" content=\"2019-09-01T02:20:23+00:00\" \/>\n<meta property=\"article:modified_time\" content=\"2019-09-03T11:57:46+00:00\" \/>\n<meta property=\"og:image\" content=\"https:\/\/www.pressenza.com\/wp-content\/uploads\/2019\/08\/arrivo-greta-a-NY.jpg\" \/>\n\t<meta property=\"og:image:width\" content=\"1600\" \/>\n\t<meta property=\"og:image:height\" content=\"948\" \/>\n\t<meta property=\"og:image:type\" content=\"image\/jpeg\" \/>\n<meta name=\"author\" content=\"Redazione Italia\" \/>\n<meta name=\"twitter:card\" content=\"summary_large_image\" \/>\n<meta name=\"twitter:creator\" content=\"@pressenza_it\" \/>\n<meta name=\"twitter:site\" content=\"@PressenzaIPA\" \/>\n<meta name=\"twitter:label1\" content=\"Escrito por\" \/>\n\t<meta name=\"twitter:data1\" content=\"Redazione Italia\" \/>\n\t<meta name=\"twitter:label2\" content=\"Tiempo de lectura\" \/>\n\t<meta name=\"twitter:data2\" content=\"4 minutos\" \/>\n<script type=\"application\/ld+json\" class=\"yoast-schema-graph\">{\"@context\":\"https:\/\/schema.org\",\"@graph\":[{\"@type\":\"Article\",\"@id\":\"https:\/\/www.pressenza.com\/es\/2019\/09\/greta-thunberg-llega-a-nueva-york-tras-dos-semanas-de-navegacion\/#article\",\"isPartOf\":{\"@id\":\"https:\/\/www.pressenza.com\/es\/2019\/09\/greta-thunberg-llega-a-nueva-york-tras-dos-semanas-de-navegacion\/\"},\"author\":{\"name\":\"Redazione Italia\",\"@id\":\"https:\/\/www.pressenza.com\/es\/#\/schema\/person\/d983e81827ae24f2c7b1a2123d197f8d\"},\"headline\":\"Greta Thunberg llega a Nueva York tras dos semanas de navegaci\u00f3n\",\"datePublished\":\"2019-09-01T02:20:23+00:00\",\"dateModified\":\"2019-09-03T11:57:46+00:00\",\"mainEntityOfPage\":{\"@id\":\"https:\/\/www.pressenza.com\/es\/2019\/09\/greta-thunberg-llega-a-nueva-york-tras-dos-semanas-de-navegacion\/\"},\"wordCount\":738,\"publisher\":{\"@id\":\"https:\/\/www.pressenza.com\/es\/#organization\"},\"image\":{\"@id\":\"https:\/\/www.pressenza.com\/es\/2019\/09\/greta-thunberg-llega-a-nueva-york-tras-dos-semanas-de-navegacion\/#primaryimage\"},\"thumbnailUrl\":\"https:\/\/www.pressenza.com\/wp-content\/uploads\/2019\/08\/arrivo-greta-a-NY.jpg\",\"keywords\":[\"cambio clim\u00e1\",\"cambio clim\u00e1tico\",\"Greta Thunberg\",\"huelga clim\u00e1tica mundial\",\"Malizia II\",\"Naciones Unidas\",\"Nueva York\"],\"articleSection\":[\"Contenido Original\",\"Ecolog\u00eda y Medio Ambiente\"],\"inLanguage\":\"es\"},{\"@type\":\"WebPage\",\"@id\":\"https:\/\/www.pressenza.com\/es\/2019\/09\/greta-thunberg-llega-a-nueva-york-tras-dos-semanas-de-navegacion\/\",\"url\":\"https:\/\/www.pressenza.com\/es\/2019\/09\/greta-thunberg-llega-a-nueva-york-tras-dos-semanas-de-navegacion\/\",\"name\":\"Greta Thunberg llega a Nueva York tras dos semanas de navegaci\u00f3n\",\"isPartOf\":{\"@id\":\"https:\/\/www.pressenza.com\/es\/#website\"},\"primaryImageOfPage\":{\"@id\":\"https:\/\/www.pressenza.com\/es\/2019\/09\/greta-thunberg-llega-a-nueva-york-tras-dos-semanas-de-navegacion\/#primaryimage\"},\"image\":{\"@id\":\"https:\/\/www.pressenza.com\/es\/2019\/09\/greta-thunberg-llega-a-nueva-york-tras-dos-semanas-de-navegacion\/#primaryimage\"},\"thumbnailUrl\":\"https:\/\/www.pressenza.com\/wp-content\/uploads\/2019\/08\/arrivo-greta-a-NY.jpg\",\"datePublished\":\"2019-09-01T02:20:23+00:00\",\"dateModified\":\"2019-09-03T11:57:46+00:00\",\"description\":\"Greta Thunberg no viaja en avi\u00f3n debido a las altas emisiones de gases que produce cada vuelo. Para llegar a Nueva York a tiempo para la cumbre clim\u00e1tica\",\"breadcrumb\":{\"@id\":\"https:\/\/www.pressenza.com\/es\/2019\/09\/greta-thunberg-llega-a-nueva-york-tras-dos-semanas-de-navegacion\/#breadcrumb\"},\"inLanguage\":\"es\",\"potentialAction\":[{\"@type\":\"ReadAction\",\"target\":[\"https:\/\/www.pressenza.com\/es\/2019\/09\/greta-thunberg-llega-a-nueva-york-tras-dos-semanas-de-navegacion\/\"]}]},{\"@type\":\"ImageObject\",\"inLanguage\":\"es\",\"@id\":\"https:\/\/www.pressenza.com\/es\/2019\/09\/greta-thunberg-llega-a-nueva-york-tras-dos-semanas-de-navegacion\/#primaryimage\",\"url\":\"https:\/\/www.pressenza.com\/wp-content\/uploads\/2019\/08\/arrivo-greta-a-NY.jpg\",\"contentUrl\":\"https:\/\/www.pressenza.com\/wp-content\/uploads\/2019\/08\/arrivo-greta-a-NY.jpg\",\"width\":1600,\"height\":948},{\"@type\":\"BreadcrumbList\",\"@id\":\"https:\/\/www.pressenza.com\/es\/2019\/09\/greta-thunberg-llega-a-nueva-york-tras-dos-semanas-de-navegacion\/#breadcrumb\",\"itemListElement\":[{\"@type\":\"ListItem\",\"position\":1,\"name\":\"Accueil\",\"item\":\"https:\/\/www.pressenza.com\/es\/\"},{\"@type\":\"ListItem\",\"position\":2,\"name\":\"Greta Thunberg llega a Nueva York tras dos semanas de navegaci\u00f3n\"}]},{\"@type\":\"WebSite\",\"@id\":\"https:\/\/www.pressenza.com\/es\/#website\",\"url\":\"https:\/\/www.pressenza.com\/es\/\",\"name\":\"Pressenza\",\"description\":\"International Press Agency\",\"publisher\":{\"@id\":\"https:\/\/www.pressenza.com\/es\/#organization\"},\"potentialAction\":[{\"@type\":\"SearchAction\",\"target\":{\"@type\":\"EntryPoint\",\"urlTemplate\":\"https:\/\/www.pressenza.com\/es\/?s={search_term_string}\"},\"query-input\":{\"@type\":\"PropertyValueSpecification\",\"valueRequired\":true,\"valueName\":\"search_term_string\"}}],\"inLanguage\":\"es\"},{\"@type\":\"Organization\",\"@id\":\"https:\/\/www.pressenza.com\/es\/#organization\",\"name\":\"Pressenza\",\"url\":\"https:\/\/www.pressenza.com\/es\/\",\"logo\":{\"@type\":\"ImageObject\",\"inLanguage\":\"es\",\"@id\":\"https:\/\/www.pressenza.com\/es\/#\/schema\/logo\/image\/\",\"url\":\"https:\/\/www.pressenza.com\/wp-content\/uploads\/2022\/10\/pressenza_logo_200x200.jpg\",\"contentUrl\":\"https:\/\/www.pressenza.com\/wp-content\/uploads\/2022\/10\/pressenza_logo_200x200.jpg\",\"width\":200,\"height\":200,\"caption\":\"Pressenza\"},\"image\":{\"@id\":\"https:\/\/www.pressenza.com\/es\/#\/schema\/logo\/image\/\"},\"sameAs\":[\"https:\/\/www.facebook.com\/PressenzaItalia\",\"https:\/\/x.com\/PressenzaIPA\"]},{\"@type\":\"Person\",\"@id\":\"https:\/\/www.pressenza.com\/es\/#\/schema\/person\/d983e81827ae24f2c7b1a2123d197f8d\",\"name\":\"Redazione Italia\",\"description\":\"News from the Pressenza Bureau in Italy\",\"sameAs\":[\"https:\/\/www.pressenza.com\/it\/author\/redazione-italia\/\",\"https:\/\/www.facebook.com\/PressenzaItalia\",\"https:\/\/www.instagram.com\/pressenza_italia\/\",\"https:\/\/x.com\/pressenza_it\",\"https:\/\/www.youtube.com\/channel\/UCSalEIWjE1RSxkwjfftFuqg\"],\"url\":\"https:\/\/www.pressenza.com\/es\/author\/redazione-italia\/\"}]}<\/script>\n<!-- \/ Yoast SEO plugin. -->","yoast_head_json":{"title":"Greta Thunberg llega a Nueva York tras dos semanas de navegaci\u00f3n","description":"Greta Thunberg no viaja en avi\u00f3n debido a las altas emisiones de gases que produce cada vuelo. Para llegar a Nueva York a tiempo para la cumbre clim\u00e1tica","robots":{"index":"index","follow":"follow","max-snippet":"max-snippet:-1","max-image-preview":"max-image-preview:large","max-video-preview":"max-video-preview:-1"},"canonical":"https:\/\/www.pressenza.com\/es\/2019\/09\/greta-thunberg-llega-a-nueva-york-tras-dos-semanas-de-navegacion\/","og_locale":"es_ES","og_type":"article","og_title":"Greta Thunberg llega a Nueva York tras dos semanas de navegaci\u00f3n","og_description":"Greta Thunberg no viaja en avi\u00f3n debido a las altas emisiones de gases que produce cada vuelo. Para llegar a Nueva York a tiempo para la cumbre clim\u00e1tica","og_url":"https:\/\/www.pressenza.com\/es\/2019\/09\/greta-thunberg-llega-a-nueva-york-tras-dos-semanas-de-navegacion\/","og_site_name":"Pressenza","article_publisher":"https:\/\/www.facebook.com\/PressenzaItalia","article_author":"https:\/\/www.facebook.com\/PressenzaItalia","article_published_time":"2019-09-01T02:20:23+00:00","article_modified_time":"2019-09-03T11:57:46+00:00","og_image":[{"width":1600,"height":948,"url":"https:\/\/www.pressenza.com\/wp-content\/uploads\/2019\/08\/arrivo-greta-a-NY.jpg","type":"image\/jpeg"}],"author":"Redazione Italia","twitter_card":"summary_large_image","twitter_creator":"@pressenza_it","twitter_site":"@PressenzaIPA","twitter_misc":{"Escrito por":"Redazione Italia","Tiempo de lectura":"4 minutos"},"schema":{"@context":"https:\/\/schema.org","@graph":[{"@type":"Article","@id":"https:\/\/www.pressenza.com\/es\/2019\/09\/greta-thunberg-llega-a-nueva-york-tras-dos-semanas-de-navegacion\/#article","isPartOf":{"@id":"https:\/\/www.pressenza.com\/es\/2019\/09\/greta-thunberg-llega-a-nueva-york-tras-dos-semanas-de-navegacion\/"},"author":{"name":"Redazione Italia","@id":"https:\/\/www.pressenza.com\/es\/#\/schema\/person\/d983e81827ae24f2c7b1a2123d197f8d"},"headline":"Greta Thunberg llega a Nueva York tras dos semanas de navegaci\u00f3n","datePublished":"2019-09-01T02:20:23+00:00","dateModified":"2019-09-03T11:57:46+00:00","mainEntityOfPage":{"@id":"https:\/\/www.pressenza.com\/es\/2019\/09\/greta-thunberg-llega-a-nueva-york-tras-dos-semanas-de-navegacion\/"},"wordCount":738,"publisher":{"@id":"https:\/\/www.pressenza.com\/es\/#organization"},"image":{"@id":"https:\/\/www.pressenza.com\/es\/2019\/09\/greta-thunberg-llega-a-nueva-york-tras-dos-semanas-de-navegacion\/#primaryimage"},"thumbnailUrl":"https:\/\/www.pressenza.com\/wp-content\/uploads\/2019\/08\/arrivo-greta-a-NY.jpg","keywords":["cambio clim\u00e1","cambio clim\u00e1tico","Greta Thunberg","huelga clim\u00e1tica mundial","Malizia II","Naciones Unidas","Nueva York"],"articleSection":["Contenido Original","Ecolog\u00eda y Medio Ambiente"],"inLanguage":"es"},{"@type":"WebPage","@id":"https:\/\/www.pressenza.com\/es\/2019\/09\/greta-thunberg-llega-a-nueva-york-tras-dos-semanas-de-navegacion\/","url":"https:\/\/www.pressenza.com\/es\/2019\/09\/greta-thunberg-llega-a-nueva-york-tras-dos-semanas-de-navegacion\/","name":"Greta Thunberg llega a Nueva York tras dos semanas de navegaci\u00f3n","isPartOf":{"@id":"https:\/\/www.pressenza.com\/es\/#website"},"primaryImageOfPage":{"@id":"https:\/\/www.pressenza.com\/es\/2019\/09\/greta-thunberg-llega-a-nueva-york-tras-dos-semanas-de-navegacion\/#primaryimage"},"image":{"@id":"https:\/\/www.pressenza.com\/es\/2019\/09\/greta-thunberg-llega-a-nueva-york-tras-dos-semanas-de-navegacion\/#primaryimage"},"thumbnailUrl":"https:\/\/www.pressenza.com\/wp-content\/uploads\/2019\/08\/arrivo-greta-a-NY.jpg","datePublished":"2019-09-01T02:20:23+00:00","dateModified":"2019-09-03T11:57:46+00:00","description":"Greta Thunberg no viaja en avi\u00f3n debido a las altas emisiones de gases que produce cada vuelo. Para llegar a Nueva York a tiempo para la cumbre clim\u00e1tica","breadcrumb":{"@id":"https:\/\/www.pressenza.com\/es\/2019\/09\/greta-thunberg-llega-a-nueva-york-tras-dos-semanas-de-navegacion\/#breadcrumb"},"inLanguage":"es","potentialAction":[{"@type":"ReadAction","target":["https:\/\/www.pressenza.com\/es\/2019\/09\/greta-thunberg-llega-a-nueva-york-tras-dos-semanas-de-navegacion\/"]}]},{"@type":"ImageObject","inLanguage":"es","@id":"https:\/\/www.pressenza.com\/es\/2019\/09\/greta-thunberg-llega-a-nueva-york-tras-dos-semanas-de-navegacion\/#primaryimage","url":"https:\/\/www.pressenza.com\/wp-content\/uploads\/2019\/08\/arrivo-greta-a-NY.jpg","contentUrl":"https:\/\/www.pressenza.com\/wp-content\/uploads\/2019\/08\/arrivo-greta-a-NY.jpg","width":1600,"height":948},{"@type":"BreadcrumbList","@id":"https:\/\/www.pressenza.com\/es\/2019\/09\/greta-thunberg-llega-a-nueva-york-tras-dos-semanas-de-navegacion\/#breadcrumb","itemListElement":[{"@type":"ListItem","position":1,"name":"Accueil","item":"https:\/\/www.pressenza.com\/es\/"},{"@type":"ListItem","position":2,"name":"Greta Thunberg llega a Nueva York tras dos semanas de navegaci\u00f3n"}]},{"@type":"WebSite","@id":"https:\/\/www.pressenza.com\/es\/#website","url":"https:\/\/www.pressenza.com\/es\/","name":"Pressenza","description":"International Press Agency","publisher":{"@id":"https:\/\/www.pressenza.com\/es\/#organization"},"potentialAction":[{"@type":"SearchAction","target":{"@type":"EntryPoint","urlTemplate":"https:\/\/www.pressenza.com\/es\/?s={search_term_string}"},"query-input":{"@type":"PropertyValueSpecification","valueRequired":true,"valueName":"search_term_string"}}],"inLanguage":"es"},{"@type":"Organization","@id":"https:\/\/www.pressenza.com\/es\/#organization","name":"Pressenza","url":"https:\/\/www.pressenza.com\/es\/","logo":{"@type":"ImageObject","inLanguage":"es","@id":"https:\/\/www.pressenza.com\/es\/#\/schema\/logo\/image\/","url":"https:\/\/www.pressenza.com\/wp-content\/uploads\/2022\/10\/pressenza_logo_200x200.jpg","contentUrl":"https:\/\/www.pressenza.com\/wp-content\/uploads\/2022\/10\/pressenza_logo_200x200.jpg","width":200,"height":200,"caption":"Pressenza"},"image":{"@id":"https:\/\/www.pressenza.com\/es\/#\/schema\/logo\/image\/"},"sameAs":["https:\/\/www.facebook.com\/PressenzaItalia","https:\/\/x.com\/PressenzaIPA"]},{"@type":"Person","@id":"https:\/\/www.pressenza.com\/es\/#\/schema\/person\/d983e81827ae24f2c7b1a2123d197f8d","name":"Redazione Italia","description":"News from the Pressenza Bureau in Italy","sameAs":["https:\/\/www.pressenza.com\/it\/author\/redazione-italia\/","https:\/\/www.facebook.com\/PressenzaItalia","https:\/\/www.instagram.com\/pressenza_italia\/","https:\/\/x.com\/pressenza_it","https:\/\/www.youtube.com\/channel\/UCSalEIWjE1RSxkwjfftFuqg"],"url":"https:\/\/www.pressenza.com\/es\/author\/redazione-italia\/"}]}},"place":"","original_article_url":"","_links":{"self":[{"href":"https:\/\/www.pressenza.com\/es\/wp-json\/wp\/v2\/posts\/910890","targetHints":{"allow":["GET"]}}],"collection":[{"href":"https:\/\/www.pressenza.com\/es\/wp-json\/wp\/v2\/posts"}],"about":[{"href":"https:\/\/www.pressenza.com\/es\/wp-json\/wp\/v2\/types\/post"}],"author":[{"embeddable":true,"href":"https:\/\/www.pressenza.com\/es\/wp-json\/wp\/v2\/users\/594"}],"replies":[{"embeddable":true,"href":"https:\/\/www.pressenza.com\/es\/wp-json\/wp\/v2\/comments?post=910890"}],"version-history":[{"count":0,"href":"https:\/\/www.pressenza.com\/es\/wp-json\/wp\/v2\/posts\/910890\/revisions"}],"wp:featuredmedia":[{"embeddable":true,"href":"https:\/\/www.pressenza.com\/es\/wp-json\/wp\/v2\/media\/910174"}],"wp:attachment":[{"href":"https:\/\/www.pressenza.com\/es\/wp-json\/wp\/v2\/media?parent=910890"}],"wp:term":[{"taxonomy":"category","embeddable":true,"href":"https:\/\/www.pressenza.com\/es\/wp-json\/wp\/v2\/categories?post=910890"},{"taxonomy":"post_tag","embeddable":true,"href":"https:\/\/www.pressenza.com\/es\/wp-json\/wp\/v2\/tags?post=910890"}],"curies":[{"name":"wp","href":"https:\/\/api.w.org\/{rel}","templated":true}]}}