{"id":910879,"date":"2019-09-01T10:00:16","date_gmt":"2019-09-01T09:00:16","guid":{"rendered":"https:\/\/www.pressenza.com\/?p=910879"},"modified":"2019-09-01T01:58:49","modified_gmt":"2019-09-01T00:58:49","slug":"campana-por-una-colombia-en-paz-e-incendios-en-amazonia-en-radiopressenza-30-08-2019","status":"publish","type":"post","link":"https:\/\/www.pressenza.com\/es\/2019\/09\/campana-por-una-colombia-en-paz-e-incendios-en-amazonia-en-radiopressenza-30-08-2019\/","title":{"rendered":"Campa\u00f1a Por Una Colombia en Paz e Incendios en Amazon\u00eda en @RadioPressenza &#8211; 30\/08\/2019"},"content":{"rendered":"<p>Pressenza Internacional En La Oreja como de costumbre en el \u00faltimo viernes de cada mes da espacio a la Campa\u00f1a \u00abComunidad Internacional En Alerta Por Una Colombia en Paz\u00bb del Espacio de Cooperaci\u00f3n para la Paz, una plataforma de 29 organizaciones internacionales de la sociedad civil.<\/p>\n<p>En este cap\u00edtulo analizamos el punto 3 de los Acuerdos de Paz de La Habana en compa\u00f1\u00eda de Beatriz Gil, coordinadora de Mundubat en Colombia, y de Diego Carre\u00f1o, representante de la organizaci\u00f3n suiza Tierra de Hombres en el pa\u00eds.<\/p>\n<p>En la segunda entrevista Tarsicio Granizo, bi\u00f3logo, ex-ministro de ambiente de Ecuador, ex coordinador de la Unidad de Coordinaci\u00f3n Amaz\u00f3nica y actual director encargado de la WWF-Ecuador nos ayuda a profundizar las causas, consecuencias y perspectivas de los terribles incendios en la Amazon\u00eda.<\/p>\n<p>&nbsp;<\/p>\n<!--[if lt IE 9]><script>document.createElement('audio');<\/script><![endif]-->\n<audio class=\"wp-audio-shortcode\" id=\"audio-910879-1\" preload=\"none\" style=\"width: 100%;\" controls=\"controls\"><source type=\"audio\/mpeg\" src=\"https:\/\/mx.ivoox.com\/es\/campana-por-una-colombia-paz-e-incendios_md_40682332_wp_1.mp3?_=1\" \/><a href=\"https:\/\/mx.ivoox.com\/es\/campana-por-una-colombia-paz-e-incendios_md_40682332_wp_1.mp3\">https:\/\/mx.ivoox.com\/es\/campana-por-una-colombia-paz-e-incendios_md_40682332_wp_1.mp3<\/a><\/audio>\n<p><a title=\"Campa\u00f1a Por Una Colombia en Paz e Incendios en Amazon\u00eda en @radiopressenza - 30\/08\/2019\" href=\"https:\/\/mx.ivoox.com\/es\/campana-por-una-colombia-paz-e-incendios-audios-mp3_rf_40682332_1.html\">Ir a descargar<\/a><\/p>\n","protected":false},"excerpt":{"rendered":"<p>Pressenza Internacional En La Oreja como de costumbre en el \u00faltimo viernes de cada mes da espacio a la Campa\u00f1a \u00abComunidad Internacional En Alerta Por Una Colombia en Paz\u00bb del Espacio de Cooperaci\u00f3n para la Paz, una plataforma de 29&hellip;<\/p>\n","protected":false},"author":1011,"featured_media":910880,"comment_status":"closed","ping_status":"closed","sticky":false,"template":"","format":"standard","meta":{"footnotes":""},"categories":[11389,78,155,22754,67],"tags":[18206,42956,47056,61828,30,39254,5124,1683,695,19984,55148,63327],"class_list":["post-910879","post","type-post","status-publish","format-standard","has-post-thumbnail","hentry","category-contenido-original","category-medio-ambiente-ecologia","category-entrevistas","category-radio-es","category-sudamerica","tag-radiopressenza","tag-acuerdo-de-paz-en-colombia","tag-amazonia-es","tag-campana-por-una-colombia-en-paz","tag-colombia","tag-cuenca-amazonica","tag-ecologia-es","tag-medio-ambiente-en-es","tag-movilizacion-social","tag-pressenza-internacional-en-la-oreja","tag-pueblos-amazonicos","tag-tarsicio-granizo"],"yoast_head":"<!-- This site is optimized with the Yoast SEO plugin v27.1.1 - https:\/\/yoast.com\/product\/yoast-seo-wordpress\/ -->\n<title>Campa\u00f1a Por Una Colombia en Paz e Incendios en Amazon\u00eda en @RadioPressenza - 30\/08\/2019<\/title>\n<meta name=\"description\" content=\"Pressenza Internacional En La Oreja como de costumbre en el \u00faltimo viernes de cada mes da espacio a la Campa\u00f1a &quot;Comunidad Internacional En Alerta Por Una\" \/>\n<meta name=\"robots\" content=\"index, follow, max-snippet:-1, max-image-preview:large, max-video-preview:-1\" \/>\n<link rel=\"canonical\" href=\"https:\/\/www.pressenza.com\/es\/2019\/09\/campana-por-una-colombia-en-paz-e-incendios-en-amazonia-en-radiopressenza-30-08-2019\/\" \/>\n<meta property=\"og:locale\" content=\"es_ES\" \/>\n<meta property=\"og:type\" content=\"article\" \/>\n<meta property=\"og:title\" content=\"Campa\u00f1a Por Una Colombia en Paz e Incendios en Amazon\u00eda en @RadioPressenza - 30\/08\/2019\" \/>\n<meta property=\"og:description\" content=\"Pressenza Internacional En La Oreja como de costumbre en el \u00faltimo viernes de cada mes da espacio a la Campa\u00f1a &quot;Comunidad Internacional En Alerta Por Una\" \/>\n<meta property=\"og:url\" content=\"https:\/\/www.pressenza.com\/es\/2019\/09\/campana-por-una-colombia-en-paz-e-incendios-en-amazonia-en-radiopressenza-30-08-2019\/\" \/>\n<meta property=\"og:site_name\" content=\"Pressenza\" \/>\n<meta property=\"article:publisher\" content=\"https:\/\/www.facebook.com\/PressenzaItalia\" \/>\n<meta property=\"article:published_time\" content=\"2019-09-01T09:00:16+00:00\" \/>\n<meta property=\"og:image\" content=\"https:\/\/www.pressenza.com\/wp-content\/uploads\/2019\/09\/Programas.png\" \/>\n\t<meta property=\"og:image:width\" content=\"1080\" \/>\n\t<meta property=\"og:image:height\" content=\"608\" \/>\n\t<meta property=\"og:image:type\" content=\"image\/png\" \/>\n<meta name=\"author\" content=\"Redacci\u00f3n Ecuador\" \/>\n<meta name=\"twitter:card\" content=\"summary_large_image\" \/>\n<meta name=\"twitter:creator\" content=\"@PressenzaIPA\" \/>\n<meta name=\"twitter:site\" content=\"@PressenzaIPA\" \/>\n<meta name=\"twitter:label1\" content=\"Escrito por\" \/>\n\t<meta name=\"twitter:data1\" content=\"Redacci\u00f3n Ecuador\" \/>\n\t<meta name=\"twitter:label2\" content=\"Tiempo de lectura\" \/>\n\t<meta name=\"twitter:data2\" content=\"1 minuto\" \/>\n<script type=\"application\/ld+json\" class=\"yoast-schema-graph\">{\"@context\":\"https:\/\/schema.org\",\"@graph\":[{\"@type\":\"Article\",\"@id\":\"https:\/\/www.pressenza.com\/es\/2019\/09\/campana-por-una-colombia-en-paz-e-incendios-en-amazonia-en-radiopressenza-30-08-2019\/#article\",\"isPartOf\":{\"@id\":\"https:\/\/www.pressenza.com\/es\/2019\/09\/campana-por-una-colombia-en-paz-e-incendios-en-amazonia-en-radiopressenza-30-08-2019\/\"},\"author\":{\"name\":\"Redacci\u00f3n Ecuador\",\"@id\":\"https:\/\/www.pressenza.com\/es\/#\/schema\/person\/883a735c40665759bcc6fe0c26bcb46f\"},\"headline\":\"Campa\u00f1a Por Una Colombia en Paz e Incendios en Amazon\u00eda en @RadioPressenza &#8211; 30\/08\/2019\",\"datePublished\":\"2019-09-01T09:00:16+00:00\",\"mainEntityOfPage\":{\"@id\":\"https:\/\/www.pressenza.com\/es\/2019\/09\/campana-por-una-colombia-en-paz-e-incendios-en-amazonia-en-radiopressenza-30-08-2019\/\"},\"wordCount\":168,\"publisher\":{\"@id\":\"https:\/\/www.pressenza.com\/es\/#organization\"},\"image\":{\"@id\":\"https:\/\/www.pressenza.com\/es\/2019\/09\/campana-por-una-colombia-en-paz-e-incendios-en-amazonia-en-radiopressenza-30-08-2019\/#primaryimage\"},\"thumbnailUrl\":\"https:\/\/www.pressenza.com\/wp-content\/uploads\/2019\/09\/Programas.png\",\"keywords\":[\"@radiopressenza\",\"Acuerdo de Paz en Colombia\",\"Amazonia\",\"Campa\u00f1a por una Colombia en Paz\",\"Colombia\",\"cuenca amaz\u00f3nica\",\"Ecolog\u00eda\",\"medio ambiente\",\"movilizaci\u00f3n social\",\"Pressenza Internacional En la oreja\",\"pueblos amaz\u00f3nicos\",\"Tarsicio Granizo\"],\"articleSection\":[\"Contenido Original\",\"Ecolog\u00eda y Medio Ambiente\",\"Entrevistas\",\"Radio\",\"Sudam\u00e9rica\"],\"inLanguage\":\"es\"},{\"@type\":\"WebPage\",\"@id\":\"https:\/\/www.pressenza.com\/es\/2019\/09\/campana-por-una-colombia-en-paz-e-incendios-en-amazonia-en-radiopressenza-30-08-2019\/\",\"url\":\"https:\/\/www.pressenza.com\/es\/2019\/09\/campana-por-una-colombia-en-paz-e-incendios-en-amazonia-en-radiopressenza-30-08-2019\/\",\"name\":\"Campa\u00f1a Por Una Colombia en Paz e Incendios en Amazon\u00eda en @RadioPressenza - 30\/08\/2019\",\"isPartOf\":{\"@id\":\"https:\/\/www.pressenza.com\/es\/#website\"},\"primaryImageOfPage\":{\"@id\":\"https:\/\/www.pressenza.com\/es\/2019\/09\/campana-por-una-colombia-en-paz-e-incendios-en-amazonia-en-radiopressenza-30-08-2019\/#primaryimage\"},\"image\":{\"@id\":\"https:\/\/www.pressenza.com\/es\/2019\/09\/campana-por-una-colombia-en-paz-e-incendios-en-amazonia-en-radiopressenza-30-08-2019\/#primaryimage\"},\"thumbnailUrl\":\"https:\/\/www.pressenza.com\/wp-content\/uploads\/2019\/09\/Programas.png\",\"datePublished\":\"2019-09-01T09:00:16+00:00\",\"description\":\"Pressenza Internacional En La Oreja como de costumbre en el \u00faltimo viernes de cada mes da espacio a la Campa\u00f1a \\\"Comunidad Internacional En Alerta Por Una\",\"breadcrumb\":{\"@id\":\"https:\/\/www.pressenza.com\/es\/2019\/09\/campana-por-una-colombia-en-paz-e-incendios-en-amazonia-en-radiopressenza-30-08-2019\/#breadcrumb\"},\"inLanguage\":\"es\",\"potentialAction\":[{\"@type\":\"ReadAction\",\"target\":[\"https:\/\/www.pressenza.com\/es\/2019\/09\/campana-por-una-colombia-en-paz-e-incendios-en-amazonia-en-radiopressenza-30-08-2019\/\"]}]},{\"@type\":\"ImageObject\",\"inLanguage\":\"es\",\"@id\":\"https:\/\/www.pressenza.com\/es\/2019\/09\/campana-por-una-colombia-en-paz-e-incendios-en-amazonia-en-radiopressenza-30-08-2019\/#primaryimage\",\"url\":\"https:\/\/www.pressenza.com\/wp-content\/uploads\/2019\/09\/Programas.png\",\"contentUrl\":\"https:\/\/www.pressenza.com\/wp-content\/uploads\/2019\/09\/Programas.png\",\"width\":1080,\"height\":608,\"caption\":\"amazon\u00eda paz colombia radio pressenza\"},{\"@type\":\"BreadcrumbList\",\"@id\":\"https:\/\/www.pressenza.com\/es\/2019\/09\/campana-por-una-colombia-en-paz-e-incendios-en-amazonia-en-radiopressenza-30-08-2019\/#breadcrumb\",\"itemListElement\":[{\"@type\":\"ListItem\",\"position\":1,\"name\":\"Accueil\",\"item\":\"https:\/\/www.pressenza.com\/es\/\"},{\"@type\":\"ListItem\",\"position\":2,\"name\":\"Campa\u00f1a Por Una Colombia en Paz e Incendios en Amazon\u00eda en @RadioPressenza &#8211; 30\/08\/2019\"}]},{\"@type\":\"WebSite\",\"@id\":\"https:\/\/www.pressenza.com\/es\/#website\",\"url\":\"https:\/\/www.pressenza.com\/es\/\",\"name\":\"Pressenza\",\"description\":\"International Press Agency\",\"publisher\":{\"@id\":\"https:\/\/www.pressenza.com\/es\/#organization\"},\"potentialAction\":[{\"@type\":\"SearchAction\",\"target\":{\"@type\":\"EntryPoint\",\"urlTemplate\":\"https:\/\/www.pressenza.com\/es\/?s={search_term_string}\"},\"query-input\":{\"@type\":\"PropertyValueSpecification\",\"valueRequired\":true,\"valueName\":\"search_term_string\"}}],\"inLanguage\":\"es\"},{\"@type\":\"Organization\",\"@id\":\"https:\/\/www.pressenza.com\/es\/#organization\",\"name\":\"Pressenza\",\"url\":\"https:\/\/www.pressenza.com\/es\/\",\"logo\":{\"@type\":\"ImageObject\",\"inLanguage\":\"es\",\"@id\":\"https:\/\/www.pressenza.com\/es\/#\/schema\/logo\/image\/\",\"url\":\"https:\/\/www.pressenza.com\/wp-content\/uploads\/2022\/10\/pressenza_logo_200x200.jpg\",\"contentUrl\":\"https:\/\/www.pressenza.com\/wp-content\/uploads\/2022\/10\/pressenza_logo_200x200.jpg\",\"width\":200,\"height\":200,\"caption\":\"Pressenza\"},\"image\":{\"@id\":\"https:\/\/www.pressenza.com\/es\/#\/schema\/logo\/image\/\"},\"sameAs\":[\"https:\/\/www.facebook.com\/PressenzaItalia\",\"https:\/\/x.com\/PressenzaIPA\"]},{\"@type\":\"Person\",\"@id\":\"https:\/\/www.pressenza.com\/es\/#\/schema\/person\/883a735c40665759bcc6fe0c26bcb46f\",\"name\":\"Redacci\u00f3n Ecuador\",\"description\":\"News published by the Pressenza bureau in Quito, Ecuador\",\"url\":\"https:\/\/www.pressenza.com\/es\/author\/redaccion-ecuador\/\"}]}<\/script>\n<!-- \/ Yoast SEO plugin. -->","yoast_head_json":{"title":"Campa\u00f1a Por Una Colombia en Paz e Incendios en Amazon\u00eda en @RadioPressenza - 30\/08\/2019","description":"Pressenza Internacional En La Oreja como de costumbre en el \u00faltimo viernes de cada mes da espacio a la Campa\u00f1a \"Comunidad Internacional En Alerta Por Una","robots":{"index":"index","follow":"follow","max-snippet":"max-snippet:-1","max-image-preview":"max-image-preview:large","max-video-preview":"max-video-preview:-1"},"canonical":"https:\/\/www.pressenza.com\/es\/2019\/09\/campana-por-una-colombia-en-paz-e-incendios-en-amazonia-en-radiopressenza-30-08-2019\/","og_locale":"es_ES","og_type":"article","og_title":"Campa\u00f1a Por Una Colombia en Paz e Incendios en Amazon\u00eda en @RadioPressenza - 30\/08\/2019","og_description":"Pressenza Internacional En La Oreja como de costumbre en el \u00faltimo viernes de cada mes da espacio a la Campa\u00f1a \"Comunidad Internacional En Alerta Por Una","og_url":"https:\/\/www.pressenza.com\/es\/2019\/09\/campana-por-una-colombia-en-paz-e-incendios-en-amazonia-en-radiopressenza-30-08-2019\/","og_site_name":"Pressenza","article_publisher":"https:\/\/www.facebook.com\/PressenzaItalia","article_published_time":"2019-09-01T09:00:16+00:00","og_image":[{"width":1080,"height":608,"url":"https:\/\/www.pressenza.com\/wp-content\/uploads\/2019\/09\/Programas.png","type":"image\/png"}],"author":"Redacci\u00f3n Ecuador","twitter_card":"summary_large_image","twitter_creator":"@PressenzaIPA","twitter_site":"@PressenzaIPA","twitter_misc":{"Escrito por":"Redacci\u00f3n Ecuador","Tiempo de lectura":"1 minuto"},"schema":{"@context":"https:\/\/schema.org","@graph":[{"@type":"Article","@id":"https:\/\/www.pressenza.com\/es\/2019\/09\/campana-por-una-colombia-en-paz-e-incendios-en-amazonia-en-radiopressenza-30-08-2019\/#article","isPartOf":{"@id":"https:\/\/www.pressenza.com\/es\/2019\/09\/campana-por-una-colombia-en-paz-e-incendios-en-amazonia-en-radiopressenza-30-08-2019\/"},"author":{"name":"Redacci\u00f3n Ecuador","@id":"https:\/\/www.pressenza.com\/es\/#\/schema\/person\/883a735c40665759bcc6fe0c26bcb46f"},"headline":"Campa\u00f1a Por Una Colombia en Paz e Incendios en Amazon\u00eda en @RadioPressenza &#8211; 30\/08\/2019","datePublished":"2019-09-01T09:00:16+00:00","mainEntityOfPage":{"@id":"https:\/\/www.pressenza.com\/es\/2019\/09\/campana-por-una-colombia-en-paz-e-incendios-en-amazonia-en-radiopressenza-30-08-2019\/"},"wordCount":168,"publisher":{"@id":"https:\/\/www.pressenza.com\/es\/#organization"},"image":{"@id":"https:\/\/www.pressenza.com\/es\/2019\/09\/campana-por-una-colombia-en-paz-e-incendios-en-amazonia-en-radiopressenza-30-08-2019\/#primaryimage"},"thumbnailUrl":"https:\/\/www.pressenza.com\/wp-content\/uploads\/2019\/09\/Programas.png","keywords":["@radiopressenza","Acuerdo de Paz en Colombia","Amazonia","Campa\u00f1a por una Colombia en Paz","Colombia","cuenca amaz\u00f3nica","Ecolog\u00eda","medio ambiente","movilizaci\u00f3n social","Pressenza Internacional En la oreja","pueblos amaz\u00f3nicos","Tarsicio Granizo"],"articleSection":["Contenido Original","Ecolog\u00eda y Medio Ambiente","Entrevistas","Radio","Sudam\u00e9rica"],"inLanguage":"es"},{"@type":"WebPage","@id":"https:\/\/www.pressenza.com\/es\/2019\/09\/campana-por-una-colombia-en-paz-e-incendios-en-amazonia-en-radiopressenza-30-08-2019\/","url":"https:\/\/www.pressenza.com\/es\/2019\/09\/campana-por-una-colombia-en-paz-e-incendios-en-amazonia-en-radiopressenza-30-08-2019\/","name":"Campa\u00f1a Por Una Colombia en Paz e Incendios en Amazon\u00eda en @RadioPressenza - 30\/08\/2019","isPartOf":{"@id":"https:\/\/www.pressenza.com\/es\/#website"},"primaryImageOfPage":{"@id":"https:\/\/www.pressenza.com\/es\/2019\/09\/campana-por-una-colombia-en-paz-e-incendios-en-amazonia-en-radiopressenza-30-08-2019\/#primaryimage"},"image":{"@id":"https:\/\/www.pressenza.com\/es\/2019\/09\/campana-por-una-colombia-en-paz-e-incendios-en-amazonia-en-radiopressenza-30-08-2019\/#primaryimage"},"thumbnailUrl":"https:\/\/www.pressenza.com\/wp-content\/uploads\/2019\/09\/Programas.png","datePublished":"2019-09-01T09:00:16+00:00","description":"Pressenza Internacional En La Oreja como de costumbre en el \u00faltimo viernes de cada mes da espacio a la Campa\u00f1a \"Comunidad Internacional En Alerta Por Una","breadcrumb":{"@id":"https:\/\/www.pressenza.com\/es\/2019\/09\/campana-por-una-colombia-en-paz-e-incendios-en-amazonia-en-radiopressenza-30-08-2019\/#breadcrumb"},"inLanguage":"es","potentialAction":[{"@type":"ReadAction","target":["https:\/\/www.pressenza.com\/es\/2019\/09\/campana-por-una-colombia-en-paz-e-incendios-en-amazonia-en-radiopressenza-30-08-2019\/"]}]},{"@type":"ImageObject","inLanguage":"es","@id":"https:\/\/www.pressenza.com\/es\/2019\/09\/campana-por-una-colombia-en-paz-e-incendios-en-amazonia-en-radiopressenza-30-08-2019\/#primaryimage","url":"https:\/\/www.pressenza.com\/wp-content\/uploads\/2019\/09\/Programas.png","contentUrl":"https:\/\/www.pressenza.com\/wp-content\/uploads\/2019\/09\/Programas.png","width":1080,"height":608,"caption":"amazon\u00eda paz colombia radio pressenza"},{"@type":"BreadcrumbList","@id":"https:\/\/www.pressenza.com\/es\/2019\/09\/campana-por-una-colombia-en-paz-e-incendios-en-amazonia-en-radiopressenza-30-08-2019\/#breadcrumb","itemListElement":[{"@type":"ListItem","position":1,"name":"Accueil","item":"https:\/\/www.pressenza.com\/es\/"},{"@type":"ListItem","position":2,"name":"Campa\u00f1a Por Una Colombia en Paz e Incendios en Amazon\u00eda en @RadioPressenza &#8211; 30\/08\/2019"}]},{"@type":"WebSite","@id":"https:\/\/www.pressenza.com\/es\/#website","url":"https:\/\/www.pressenza.com\/es\/","name":"Pressenza","description":"International Press Agency","publisher":{"@id":"https:\/\/www.pressenza.com\/es\/#organization"},"potentialAction":[{"@type":"SearchAction","target":{"@type":"EntryPoint","urlTemplate":"https:\/\/www.pressenza.com\/es\/?s={search_term_string}"},"query-input":{"@type":"PropertyValueSpecification","valueRequired":true,"valueName":"search_term_string"}}],"inLanguage":"es"},{"@type":"Organization","@id":"https:\/\/www.pressenza.com\/es\/#organization","name":"Pressenza","url":"https:\/\/www.pressenza.com\/es\/","logo":{"@type":"ImageObject","inLanguage":"es","@id":"https:\/\/www.pressenza.com\/es\/#\/schema\/logo\/image\/","url":"https:\/\/www.pressenza.com\/wp-content\/uploads\/2022\/10\/pressenza_logo_200x200.jpg","contentUrl":"https:\/\/www.pressenza.com\/wp-content\/uploads\/2022\/10\/pressenza_logo_200x200.jpg","width":200,"height":200,"caption":"Pressenza"},"image":{"@id":"https:\/\/www.pressenza.com\/es\/#\/schema\/logo\/image\/"},"sameAs":["https:\/\/www.facebook.com\/PressenzaItalia","https:\/\/x.com\/PressenzaIPA"]},{"@type":"Person","@id":"https:\/\/www.pressenza.com\/es\/#\/schema\/person\/883a735c40665759bcc6fe0c26bcb46f","name":"Redacci\u00f3n Ecuador","description":"News published by the Pressenza bureau in Quito, Ecuador","url":"https:\/\/www.pressenza.com\/es\/author\/redaccion-ecuador\/"}]}},"place":"Santiago de Chile, Quito, Bogot\u00e1","original_article_url":"","_links":{"self":[{"href":"https:\/\/www.pressenza.com\/es\/wp-json\/wp\/v2\/posts\/910879","targetHints":{"allow":["GET"]}}],"collection":[{"href":"https:\/\/www.pressenza.com\/es\/wp-json\/wp\/v2\/posts"}],"about":[{"href":"https:\/\/www.pressenza.com\/es\/wp-json\/wp\/v2\/types\/post"}],"author":[{"embeddable":true,"href":"https:\/\/www.pressenza.com\/es\/wp-json\/wp\/v2\/users\/1011"}],"replies":[{"embeddable":true,"href":"https:\/\/www.pressenza.com\/es\/wp-json\/wp\/v2\/comments?post=910879"}],"version-history":[{"count":0,"href":"https:\/\/www.pressenza.com\/es\/wp-json\/wp\/v2\/posts\/910879\/revisions"}],"wp:featuredmedia":[{"embeddable":true,"href":"https:\/\/www.pressenza.com\/es\/wp-json\/wp\/v2\/media\/910880"}],"wp:attachment":[{"href":"https:\/\/www.pressenza.com\/es\/wp-json\/wp\/v2\/media?parent=910879"}],"wp:term":[{"taxonomy":"category","embeddable":true,"href":"https:\/\/www.pressenza.com\/es\/wp-json\/wp\/v2\/categories?post=910879"},{"taxonomy":"post_tag","embeddable":true,"href":"https:\/\/www.pressenza.com\/es\/wp-json\/wp\/v2\/tags?post=910879"}],"curies":[{"name":"wp","href":"https:\/\/api.w.org\/{rel}","templated":true}]}}