{"id":910651,"date":"2019-08-31T11:30:23","date_gmt":"2019-08-31T10:30:23","guid":{"rendered":"https:\/\/www.pressenza.com\/?p=910651"},"modified":"2019-08-31T11:30:23","modified_gmt":"2019-08-31T10:30:23","slug":"apdha-denuncia-la-apertura-en-silencio-de-una-carcel-racista-en-malaga","status":"publish","type":"post","link":"https:\/\/www.pressenza.com\/es\/2019\/08\/apdha-denuncia-la-apertura-en-silencio-de-una-carcel-racista-en-malaga\/","title":{"rendered":"APDHA denuncia la apertura \u201cen silencio\u201d de una \u201cc\u00e1rcel racista\u201d en M\u00e1laga"},"content":{"rendered":"<blockquote>\n<p class=\"m_3226008877962479802MsoListParagraph\">La apertura de un nuevo CATE incumple el acuerdo un\u00e1nime del pleno<\/p>\n<p class=\"m_3226008877962479802MsoListParagraph\">La organizaci\u00f3n critica la elecci\u00f3n del procedimiento de emergencia cuando las obras estaban proyectadas el a\u00f1o anterior<\/p>\n<\/blockquote>\n<p>La Asociaci\u00f3n Pro Derechos Humanos de Andaluc\u00eda (APDHA) ha denunciado la apertura \u201cen silencio\u201d de un Centro de Atenci\u00f3n Temporal de Extranjeros (CATE) en M\u00e1laga que se inaugur\u00f3 la madrugada de ayer con la llegada de 23 menores, 10 mujeres y 99 hombres, seg\u00fan el informe de Cruz Roja M\u00e1laga. Las personas migrantes viajaban a bordo de dos pateras y fueron rescatadas por Salvamento Mar\u00edtimo en las costas del mar de Albor\u00e1n. Este centro constituye en la pr\u00e1ctica, a juicio de la organizaci\u00f3n, \u201cuna c\u00e1rcel racista en la que <strong>no se acoge sino que se detiene a personas<\/strong> cuyo \u00fanico delito es ser extranjeras\u201d.<\/p>\n<p>APDHA explica que se trata de \u201c<strong>una extensi\u00f3n de los calabozos gestionados por personal policial<\/strong><sup>[1]<\/sup>\u201d. Al tratarse de una comisar\u00eda, dependiente de la Direcci\u00f3n General de Polic\u00eda, apuntan desde la delegaci\u00f3n malague\u00f1a, el plazo m\u00e1ximo legal de detenci\u00f3n es de 72 horas a efectos de identificaci\u00f3n, antes de que la persona sea deportada o puesta en libertad con o sin orden de devoluci\u00f3n.<\/p>\n<p>\u201c<strong>En ning\u00fan caso es una infraestructura de acogida, sino de detenci\u00f3n<\/strong>, no son instalaciones adecuadas para personas reci\u00e9n rescatadas, en numerosos casos supervivientes de naufragios en los que han visto morir a los suyos. Sus instalaciones no est\u00e1n preparadas para atender su situaci\u00f3n de vulnerabilidad, ni para alojar de forma digna a personas\u201d, advierten desde APDHA, que denuncia que \u201chan sido dise\u00f1adas y ejecutadas con la \u00fanica finalidad de detener masivamente y criminalizar a quienes migran, sin respetar sus derechos fundamentales\u201d.<\/p>\n<p>\u201cPolideportivos, instalaciones abandonadas en el propio puerto e, incluso, <strong><a href=\"https:\/\/www.eldiario.es\/andalucia\/malaga\/APDHA-Defensor-Pueblo-Andaluz-Malaga_0_834316767.html\" data-saferedirecturl=\"https:\/\/www.google.com\/url?q=https:\/\/www.eldiario.es\/andalucia\/malaga\/APDHA-Defensor-Pueblo-Andaluz-Malaga_0_834316767.html&amp;source=gmail&amp;ust=1567325948452000&amp;usg=AFQjCNFG6GG7KjNYv_tbnUzuzYx5z7NAJw\">casetas de feria<\/a><\/strong> han sido utilizados como centros de detenci\u00f3n improvisados en Andaluc\u00eda\u201d, mencionan desde el colectivo malague\u00f1o. En la actualidad existen cuatro CATE: uno en San Roque (C\u00e1diz), otro en Almer\u00eda, un tercero en Cartagena (Murcia) y un cuarto, que ha comenzado a ser remodelado en Motril (Granada).<\/p>\n<p>Asimismo, APDHA recuerda que la apertura de un nuevo CATE en M\u00e1laga <strong>incumple el acuerdo plenario alcanzado un\u00e1nimemente, por todos los grupos municipales<\/strong>, el 26 de febrero de 2015. La Comisi\u00f3n de Pleno del Ayuntamiento de M\u00e1laga, en su acta n\u00b04\/15, acord\u00f3 dictaminar favorablemente por unanimidad de los miembros y hacer institucional \u201csu rechazo a que, en un futuro, se instale en su t\u00e9rmino municipal cualquier tipo de edificio o instalaci\u00f3n p\u00fablica \u2013 ya sea bajo la denominaci\u00f3n de Centro de Internamiento de Extranjeros, Centros de Estancia Controlada de Extranjeros, Centros de Estancia Temporal o cualquier otra que se pueda utilizar- que tenga como objetivo la privaci\u00f3n de libertad e internamiento de personas inmigrantes por el simple hecho de su situaci\u00f3n administrativa.\u201d<\/p>\n<p>Por otra parte, desde APDHA tambi\u00e9n critican el procedimiento de licitaci\u00f3n de estos centros. \u201cSe construyen -afirman- por el procedimiento de emergencia por lo que <strong>se oscurece totalmente el procedimiento de adjudicaci\u00f3n de las obras<\/strong>\u201d. Desde la asociaci\u00f3n se preguntan c\u00f3mo es posible que unas obras que llevan <strong><a href=\"https:\/\/www.elperiodico.com\/es\/sociedad\/20181113\/inusual-llegada-pateras-malaga-desborda-administraciones-soluciones-emergencia-7145773\" data-saferedirecturl=\"https:\/\/www.google.com\/url?q=https:\/\/www.elperiodico.com\/es\/sociedad\/20181113\/inusual-llegada-pateras-malaga-desborda-administraciones-soluciones-emergencia-7145773&amp;source=gmail&amp;ust=1567325948452000&amp;usg=AFQjCNG18ByuwmfoUJt9jHVlyed4_uuPCw\">proyectadas desde el a\u00f1o anterior<\/a><\/strong> se liciten el pasado mes de abril por tramitaci\u00f3n de emergencia cuando, seg\u00fan el <strong><a href=\"https:\/\/www.boe.es\/boe\/dias\/2017\/11\/09\/pdfs\/BOE-A-2017-12902.pdf\" data-saferedirecturl=\"https:\/\/www.google.com\/url?q=https:\/\/www.boe.es\/boe\/dias\/2017\/11\/09\/pdfs\/BOE-A-2017-12902.pdf&amp;source=gmail&amp;ust=1567325948452000&amp;usg=AFQjCNE9qeo-JJr3KVPfF8JWT1vO_wKDOw\">art\u00edculo 120 de la Ley de Contratos del Sector P\u00fablico<\/a><\/strong>\u00a0 \u201csolo es posible acudir a este procedimiento de contrataci\u00f3n de manera excepcional, esto es, cuando hay que realizar una obra de manera inmediata\u201d<sup>[2]<\/sup>.<\/p>\n<p>El nuevo centro de detenci\u00f3n \u201ces un espacio cedido por el propio Puerto de M\u00e1laga a la Delegaci\u00f3n del Gobierno Central, de unos 2.500 m<sup>2<\/sup> (\u00bc de un campo de f\u00fatbol) en el que hay prevista una ocupaci\u00f3n de 300 personas en unos cinco m\u00f3dulos independientes prefabricados. Cuatro de ellos para estancias de migrantes y uno para los servicios asistenciales y policiales\u201d.<\/p>\n<p>Algunos m\u00f3dulos solo disponen de un inodoro para cada 22 personas, no hay previsto espacio de comedor o recreo y contar\u00e1 con tan <strong>s\u00f3lo 2,3 metros cuadrados<\/strong> <strong>de espacio de media<\/strong> <strong>por persona<\/strong> durante el encierro: \u201cmenos de lo que est\u00e1 establecido para una celda en un centro penitenciario. Esto supone un empeoramiento de las condiciones de confinamiento\u201d denuncian desde la asociaci\u00f3n.<\/p>\n<p>&nbsp;<\/p>\n","protected":false},"excerpt":{"rendered":"<p>La apertura de un nuevo CATE incumple el acuerdo un\u00e1nime del pleno La organizaci\u00f3n critica la elecci\u00f3n del procedimiento de emergencia cuando las obras estaban proyectadas el a\u00f1o anterior La Asociaci\u00f3n Pro Derechos Humanos de Andaluc\u00eda (APDHA) ha denunciado la&hellip;<\/p>\n","protected":false},"author":1681,"featured_media":910652,"comment_status":"closed","ping_status":"closed","sticky":false,"template":"","format":"standard","meta":{"footnotes":""},"categories":[149,79,66,63],"tags":[32004,63294,54175],"class_list":["post-910651","post","type-post","status-publish","format-standard","has-post-thumbnail","hentry","category-comunicados-de-prensa","category-derechos-humanos","category-europa-es","category-region-es","tag-apdha","tag-cate","tag-migrantes-es"],"yoast_head":"<!-- This site is optimized with the Yoast SEO plugin v27.1.1 - https:\/\/yoast.com\/product\/yoast-seo-wordpress\/ -->\n<title>APDHA denuncia la apertura \u201cen silencio\u201d de una \u201cc\u00e1rcel racista\u201d en M\u00e1laga<\/title>\n<meta name=\"description\" content=\"La apertura de un nuevo CATE incumple el acuerdo un\u00e1nime del pleno La organizaci\u00f3n critica la elecci\u00f3n del procedimiento de emergencia cuando las obras\" \/>\n<meta name=\"robots\" content=\"index, follow, max-snippet:-1, max-image-preview:large, max-video-preview:-1\" \/>\n<link rel=\"canonical\" href=\"https:\/\/www.pressenza.com\/es\/2019\/08\/apdha-denuncia-la-apertura-en-silencio-de-una-carcel-racista-en-malaga\/\" \/>\n<meta property=\"og:locale\" content=\"es_ES\" \/>\n<meta property=\"og:type\" content=\"article\" \/>\n<meta property=\"og:title\" content=\"APDHA denuncia la apertura \u201cen silencio\u201d de una \u201cc\u00e1rcel racista\u201d en M\u00e1laga\" \/>\n<meta property=\"og:description\" content=\"La apertura de un nuevo CATE incumple el acuerdo un\u00e1nime del pleno La organizaci\u00f3n critica la elecci\u00f3n del procedimiento de emergencia cuando las obras\" \/>\n<meta property=\"og:url\" content=\"https:\/\/www.pressenza.com\/es\/2019\/08\/apdha-denuncia-la-apertura-en-silencio-de-una-carcel-racista-en-malaga\/\" \/>\n<meta property=\"og:site_name\" content=\"Pressenza\" \/>\n<meta property=\"article:publisher\" content=\"https:\/\/www.facebook.com\/PressenzaItalia\" \/>\n<meta property=\"article:published_time\" content=\"2019-08-31T10:30:23+00:00\" \/>\n<meta property=\"og:image\" content=\"https:\/\/www.pressenza.com\/wp-content\/uploads\/2019\/08\/CATE-M\u00e1laga-1.jpg\" \/>\n\t<meta property=\"og:image:width\" content=\"1280\" \/>\n\t<meta property=\"og:image:height\" content=\"960\" \/>\n\t<meta property=\"og:image:type\" content=\"image\/jpeg\" \/>\n<meta name=\"author\" content=\"Redacci\u00f3n Espa\u00f1a\" \/>\n<meta name=\"twitter:card\" content=\"summary_large_image\" \/>\n<meta name=\"twitter:creator\" content=\"@PressenzaIPA\" \/>\n<meta name=\"twitter:site\" content=\"@PressenzaIPA\" \/>\n<meta name=\"twitter:label1\" content=\"Escrito por\" \/>\n\t<meta name=\"twitter:data1\" content=\"Redacci\u00f3n Espa\u00f1a\" \/>\n\t<meta name=\"twitter:label2\" content=\"Tiempo de lectura\" \/>\n\t<meta name=\"twitter:data2\" content=\"4 minutos\" \/>\n<script type=\"application\/ld+json\" class=\"yoast-schema-graph\">{\"@context\":\"https:\/\/schema.org\",\"@graph\":[{\"@type\":\"Article\",\"@id\":\"https:\/\/www.pressenza.com\/es\/2019\/08\/apdha-denuncia-la-apertura-en-silencio-de-una-carcel-racista-en-malaga\/#article\",\"isPartOf\":{\"@id\":\"https:\/\/www.pressenza.com\/es\/2019\/08\/apdha-denuncia-la-apertura-en-silencio-de-una-carcel-racista-en-malaga\/\"},\"author\":{\"name\":\"Redacci\u00f3n Espa\u00f1a\",\"@id\":\"https:\/\/www.pressenza.com\/es\/#\/schema\/person\/fffbbe2f14495897417f313a954dae23\"},\"headline\":\"APDHA denuncia la apertura \u201cen silencio\u201d de una \u201cc\u00e1rcel racista\u201d en M\u00e1laga\",\"datePublished\":\"2019-08-31T10:30:23+00:00\",\"mainEntityOfPage\":{\"@id\":\"https:\/\/www.pressenza.com\/es\/2019\/08\/apdha-denuncia-la-apertura-en-silencio-de-una-carcel-racista-en-malaga\/\"},\"wordCount\":749,\"publisher\":{\"@id\":\"https:\/\/www.pressenza.com\/es\/#organization\"},\"image\":{\"@id\":\"https:\/\/www.pressenza.com\/es\/2019\/08\/apdha-denuncia-la-apertura-en-silencio-de-una-carcel-racista-en-malaga\/#primaryimage\"},\"thumbnailUrl\":\"https:\/\/www.pressenza.com\/wp-content\/uploads\/2019\/08\/CATE-M\u00e1laga-1.jpg\",\"keywords\":[\"APDHA\",\"CATE\",\"migrantes\"],\"articleSection\":[\"Comunicados de Prensa\",\"Derechos Humanos\",\"Europa\",\"Regi\u00f3n\"],\"inLanguage\":\"es\"},{\"@type\":\"WebPage\",\"@id\":\"https:\/\/www.pressenza.com\/es\/2019\/08\/apdha-denuncia-la-apertura-en-silencio-de-una-carcel-racista-en-malaga\/\",\"url\":\"https:\/\/www.pressenza.com\/es\/2019\/08\/apdha-denuncia-la-apertura-en-silencio-de-una-carcel-racista-en-malaga\/\",\"name\":\"APDHA denuncia la apertura \u201cen silencio\u201d de una \u201cc\u00e1rcel racista\u201d en M\u00e1laga\",\"isPartOf\":{\"@id\":\"https:\/\/www.pressenza.com\/es\/#website\"},\"primaryImageOfPage\":{\"@id\":\"https:\/\/www.pressenza.com\/es\/2019\/08\/apdha-denuncia-la-apertura-en-silencio-de-una-carcel-racista-en-malaga\/#primaryimage\"},\"image\":{\"@id\":\"https:\/\/www.pressenza.com\/es\/2019\/08\/apdha-denuncia-la-apertura-en-silencio-de-una-carcel-racista-en-malaga\/#primaryimage\"},\"thumbnailUrl\":\"https:\/\/www.pressenza.com\/wp-content\/uploads\/2019\/08\/CATE-M\u00e1laga-1.jpg\",\"datePublished\":\"2019-08-31T10:30:23+00:00\",\"description\":\"La apertura de un nuevo CATE incumple el acuerdo un\u00e1nime del pleno La organizaci\u00f3n critica la elecci\u00f3n del procedimiento de emergencia cuando las obras\",\"breadcrumb\":{\"@id\":\"https:\/\/www.pressenza.com\/es\/2019\/08\/apdha-denuncia-la-apertura-en-silencio-de-una-carcel-racista-en-malaga\/#breadcrumb\"},\"inLanguage\":\"es\",\"potentialAction\":[{\"@type\":\"ReadAction\",\"target\":[\"https:\/\/www.pressenza.com\/es\/2019\/08\/apdha-denuncia-la-apertura-en-silencio-de-una-carcel-racista-en-malaga\/\"]}]},{\"@type\":\"ImageObject\",\"inLanguage\":\"es\",\"@id\":\"https:\/\/www.pressenza.com\/es\/2019\/08\/apdha-denuncia-la-apertura-en-silencio-de-una-carcel-racista-en-malaga\/#primaryimage\",\"url\":\"https:\/\/www.pressenza.com\/wp-content\/uploads\/2019\/08\/CATE-M\u00e1laga-1.jpg\",\"contentUrl\":\"https:\/\/www.pressenza.com\/wp-content\/uploads\/2019\/08\/CATE-M\u00e1laga-1.jpg\",\"width\":1280,\"height\":960},{\"@type\":\"BreadcrumbList\",\"@id\":\"https:\/\/www.pressenza.com\/es\/2019\/08\/apdha-denuncia-la-apertura-en-silencio-de-una-carcel-racista-en-malaga\/#breadcrumb\",\"itemListElement\":[{\"@type\":\"ListItem\",\"position\":1,\"name\":\"Accueil\",\"item\":\"https:\/\/www.pressenza.com\/es\/\"},{\"@type\":\"ListItem\",\"position\":2,\"name\":\"APDHA denuncia la apertura \u201cen silencio\u201d de una \u201cc\u00e1rcel racista\u201d en M\u00e1laga\"}]},{\"@type\":\"WebSite\",\"@id\":\"https:\/\/www.pressenza.com\/es\/#website\",\"url\":\"https:\/\/www.pressenza.com\/es\/\",\"name\":\"Pressenza\",\"description\":\"International Press Agency\",\"publisher\":{\"@id\":\"https:\/\/www.pressenza.com\/es\/#organization\"},\"potentialAction\":[{\"@type\":\"SearchAction\",\"target\":{\"@type\":\"EntryPoint\",\"urlTemplate\":\"https:\/\/www.pressenza.com\/es\/?s={search_term_string}\"},\"query-input\":{\"@type\":\"PropertyValueSpecification\",\"valueRequired\":true,\"valueName\":\"search_term_string\"}}],\"inLanguage\":\"es\"},{\"@type\":\"Organization\",\"@id\":\"https:\/\/www.pressenza.com\/es\/#organization\",\"name\":\"Pressenza\",\"url\":\"https:\/\/www.pressenza.com\/es\/\",\"logo\":{\"@type\":\"ImageObject\",\"inLanguage\":\"es\",\"@id\":\"https:\/\/www.pressenza.com\/es\/#\/schema\/logo\/image\/\",\"url\":\"https:\/\/www.pressenza.com\/wp-content\/uploads\/2022\/10\/pressenza_logo_200x200.jpg\",\"contentUrl\":\"https:\/\/www.pressenza.com\/wp-content\/uploads\/2022\/10\/pressenza_logo_200x200.jpg\",\"width\":200,\"height\":200,\"caption\":\"Pressenza\"},\"image\":{\"@id\":\"https:\/\/www.pressenza.com\/es\/#\/schema\/logo\/image\/\"},\"sameAs\":[\"https:\/\/www.facebook.com\/PressenzaItalia\",\"https:\/\/x.com\/PressenzaIPA\"]},{\"@type\":\"Person\",\"@id\":\"https:\/\/www.pressenza.com\/es\/#\/schema\/person\/fffbbe2f14495897417f313a954dae23\",\"name\":\"Redacci\u00f3n Espa\u00f1a\",\"url\":\"https:\/\/www.pressenza.com\/es\/author\/redaccion-espana\/\"}]}<\/script>\n<!-- \/ Yoast SEO plugin. -->","yoast_head_json":{"title":"APDHA denuncia la apertura \u201cen silencio\u201d de una \u201cc\u00e1rcel racista\u201d en M\u00e1laga","description":"La apertura de un nuevo CATE incumple el acuerdo un\u00e1nime del pleno La organizaci\u00f3n critica la elecci\u00f3n del procedimiento de emergencia cuando las obras","robots":{"index":"index","follow":"follow","max-snippet":"max-snippet:-1","max-image-preview":"max-image-preview:large","max-video-preview":"max-video-preview:-1"},"canonical":"https:\/\/www.pressenza.com\/es\/2019\/08\/apdha-denuncia-la-apertura-en-silencio-de-una-carcel-racista-en-malaga\/","og_locale":"es_ES","og_type":"article","og_title":"APDHA denuncia la apertura \u201cen silencio\u201d de una \u201cc\u00e1rcel racista\u201d en M\u00e1laga","og_description":"La apertura de un nuevo CATE incumple el acuerdo un\u00e1nime del pleno La organizaci\u00f3n critica la elecci\u00f3n del procedimiento de emergencia cuando las obras","og_url":"https:\/\/www.pressenza.com\/es\/2019\/08\/apdha-denuncia-la-apertura-en-silencio-de-una-carcel-racista-en-malaga\/","og_site_name":"Pressenza","article_publisher":"https:\/\/www.facebook.com\/PressenzaItalia","article_published_time":"2019-08-31T10:30:23+00:00","og_image":[{"width":1280,"height":960,"url":"https:\/\/www.pressenza.com\/wp-content\/uploads\/2019\/08\/CATE-M\u00e1laga-1.jpg","type":"image\/jpeg"}],"author":"Redacci\u00f3n Espa\u00f1a","twitter_card":"summary_large_image","twitter_creator":"@PressenzaIPA","twitter_site":"@PressenzaIPA","twitter_misc":{"Escrito por":"Redacci\u00f3n Espa\u00f1a","Tiempo de lectura":"4 minutos"},"schema":{"@context":"https:\/\/schema.org","@graph":[{"@type":"Article","@id":"https:\/\/www.pressenza.com\/es\/2019\/08\/apdha-denuncia-la-apertura-en-silencio-de-una-carcel-racista-en-malaga\/#article","isPartOf":{"@id":"https:\/\/www.pressenza.com\/es\/2019\/08\/apdha-denuncia-la-apertura-en-silencio-de-una-carcel-racista-en-malaga\/"},"author":{"name":"Redacci\u00f3n Espa\u00f1a","@id":"https:\/\/www.pressenza.com\/es\/#\/schema\/person\/fffbbe2f14495897417f313a954dae23"},"headline":"APDHA denuncia la apertura \u201cen silencio\u201d de una \u201cc\u00e1rcel racista\u201d en M\u00e1laga","datePublished":"2019-08-31T10:30:23+00:00","mainEntityOfPage":{"@id":"https:\/\/www.pressenza.com\/es\/2019\/08\/apdha-denuncia-la-apertura-en-silencio-de-una-carcel-racista-en-malaga\/"},"wordCount":749,"publisher":{"@id":"https:\/\/www.pressenza.com\/es\/#organization"},"image":{"@id":"https:\/\/www.pressenza.com\/es\/2019\/08\/apdha-denuncia-la-apertura-en-silencio-de-una-carcel-racista-en-malaga\/#primaryimage"},"thumbnailUrl":"https:\/\/www.pressenza.com\/wp-content\/uploads\/2019\/08\/CATE-M\u00e1laga-1.jpg","keywords":["APDHA","CATE","migrantes"],"articleSection":["Comunicados de Prensa","Derechos Humanos","Europa","Regi\u00f3n"],"inLanguage":"es"},{"@type":"WebPage","@id":"https:\/\/www.pressenza.com\/es\/2019\/08\/apdha-denuncia-la-apertura-en-silencio-de-una-carcel-racista-en-malaga\/","url":"https:\/\/www.pressenza.com\/es\/2019\/08\/apdha-denuncia-la-apertura-en-silencio-de-una-carcel-racista-en-malaga\/","name":"APDHA denuncia la apertura \u201cen silencio\u201d de una \u201cc\u00e1rcel racista\u201d en M\u00e1laga","isPartOf":{"@id":"https:\/\/www.pressenza.com\/es\/#website"},"primaryImageOfPage":{"@id":"https:\/\/www.pressenza.com\/es\/2019\/08\/apdha-denuncia-la-apertura-en-silencio-de-una-carcel-racista-en-malaga\/#primaryimage"},"image":{"@id":"https:\/\/www.pressenza.com\/es\/2019\/08\/apdha-denuncia-la-apertura-en-silencio-de-una-carcel-racista-en-malaga\/#primaryimage"},"thumbnailUrl":"https:\/\/www.pressenza.com\/wp-content\/uploads\/2019\/08\/CATE-M\u00e1laga-1.jpg","datePublished":"2019-08-31T10:30:23+00:00","description":"La apertura de un nuevo CATE incumple el acuerdo un\u00e1nime del pleno La organizaci\u00f3n critica la elecci\u00f3n del procedimiento de emergencia cuando las obras","breadcrumb":{"@id":"https:\/\/www.pressenza.com\/es\/2019\/08\/apdha-denuncia-la-apertura-en-silencio-de-una-carcel-racista-en-malaga\/#breadcrumb"},"inLanguage":"es","potentialAction":[{"@type":"ReadAction","target":["https:\/\/www.pressenza.com\/es\/2019\/08\/apdha-denuncia-la-apertura-en-silencio-de-una-carcel-racista-en-malaga\/"]}]},{"@type":"ImageObject","inLanguage":"es","@id":"https:\/\/www.pressenza.com\/es\/2019\/08\/apdha-denuncia-la-apertura-en-silencio-de-una-carcel-racista-en-malaga\/#primaryimage","url":"https:\/\/www.pressenza.com\/wp-content\/uploads\/2019\/08\/CATE-M\u00e1laga-1.jpg","contentUrl":"https:\/\/www.pressenza.com\/wp-content\/uploads\/2019\/08\/CATE-M\u00e1laga-1.jpg","width":1280,"height":960},{"@type":"BreadcrumbList","@id":"https:\/\/www.pressenza.com\/es\/2019\/08\/apdha-denuncia-la-apertura-en-silencio-de-una-carcel-racista-en-malaga\/#breadcrumb","itemListElement":[{"@type":"ListItem","position":1,"name":"Accueil","item":"https:\/\/www.pressenza.com\/es\/"},{"@type":"ListItem","position":2,"name":"APDHA denuncia la apertura \u201cen silencio\u201d de una \u201cc\u00e1rcel racista\u201d en M\u00e1laga"}]},{"@type":"WebSite","@id":"https:\/\/www.pressenza.com\/es\/#website","url":"https:\/\/www.pressenza.com\/es\/","name":"Pressenza","description":"International Press Agency","publisher":{"@id":"https:\/\/www.pressenza.com\/es\/#organization"},"potentialAction":[{"@type":"SearchAction","target":{"@type":"EntryPoint","urlTemplate":"https:\/\/www.pressenza.com\/es\/?s={search_term_string}"},"query-input":{"@type":"PropertyValueSpecification","valueRequired":true,"valueName":"search_term_string"}}],"inLanguage":"es"},{"@type":"Organization","@id":"https:\/\/www.pressenza.com\/es\/#organization","name":"Pressenza","url":"https:\/\/www.pressenza.com\/es\/","logo":{"@type":"ImageObject","inLanguage":"es","@id":"https:\/\/www.pressenza.com\/es\/#\/schema\/logo\/image\/","url":"https:\/\/www.pressenza.com\/wp-content\/uploads\/2022\/10\/pressenza_logo_200x200.jpg","contentUrl":"https:\/\/www.pressenza.com\/wp-content\/uploads\/2022\/10\/pressenza_logo_200x200.jpg","width":200,"height":200,"caption":"Pressenza"},"image":{"@id":"https:\/\/www.pressenza.com\/es\/#\/schema\/logo\/image\/"},"sameAs":["https:\/\/www.facebook.com\/PressenzaItalia","https:\/\/x.com\/PressenzaIPA"]},{"@type":"Person","@id":"https:\/\/www.pressenza.com\/es\/#\/schema\/person\/fffbbe2f14495897417f313a954dae23","name":"Redacci\u00f3n Espa\u00f1a","url":"https:\/\/www.pressenza.com\/es\/author\/redaccion-espana\/"}]}},"place":"Andaluc\u00eda (Espa\u00f1a)","original_article_url":"","_links":{"self":[{"href":"https:\/\/www.pressenza.com\/es\/wp-json\/wp\/v2\/posts\/910651","targetHints":{"allow":["GET"]}}],"collection":[{"href":"https:\/\/www.pressenza.com\/es\/wp-json\/wp\/v2\/posts"}],"about":[{"href":"https:\/\/www.pressenza.com\/es\/wp-json\/wp\/v2\/types\/post"}],"author":[{"embeddable":true,"href":"https:\/\/www.pressenza.com\/es\/wp-json\/wp\/v2\/users\/1681"}],"replies":[{"embeddable":true,"href":"https:\/\/www.pressenza.com\/es\/wp-json\/wp\/v2\/comments?post=910651"}],"version-history":[{"count":0,"href":"https:\/\/www.pressenza.com\/es\/wp-json\/wp\/v2\/posts\/910651\/revisions"}],"wp:featuredmedia":[{"embeddable":true,"href":"https:\/\/www.pressenza.com\/es\/wp-json\/wp\/v2\/media\/910652"}],"wp:attachment":[{"href":"https:\/\/www.pressenza.com\/es\/wp-json\/wp\/v2\/media?parent=910651"}],"wp:term":[{"taxonomy":"category","embeddable":true,"href":"https:\/\/www.pressenza.com\/es\/wp-json\/wp\/v2\/categories?post=910651"},{"taxonomy":"post_tag","embeddable":true,"href":"https:\/\/www.pressenza.com\/es\/wp-json\/wp\/v2\/tags?post=910651"}],"curies":[{"name":"wp","href":"https:\/\/api.w.org\/{rel}","templated":true}]}}