{"id":909975,"date":"2019-08-30T02:45:59","date_gmt":"2019-08-30T01:45:59","guid":{"rendered":"https:\/\/www.pressenza.com\/?p=909975"},"modified":"2019-08-30T02:45:59","modified_gmt":"2019-08-30T01:45:59","slug":"humanizando-llegadas-y-partidas","status":"publish","type":"post","link":"https:\/\/www.pressenza.com\/es\/2019\/08\/humanizando-llegadas-y-partidas\/","title":{"rendered":"Humanizando llegadas y partidas"},"content":{"rendered":"<p>En Sao Paulo, el 28 de agosto el Coletivo Feminista Sexualidade e Sa\u00fade organizo en colaboraci\u00f3n con miembros de REHUNO &#8211; Red Humanista de Noticias en Salud el debate: \u201cHumanizando llegadas y partidas: aspectos jur\u00eddicos, emocionales y psicol\u00f3gicos del nacimiento y de la muerte\u201d.<\/p>\n<p>El evento cont\u00f3 con la participaci\u00f3n de diversos profesionales de la salud (m\u00e9dicos, parteras, sic\u00f3logas, acompa\u00f1antes de cuidados paliativos) adem\u00e1s de un p\u00fablico interesado en comprender mejor el nacimiento y la muerte.<\/p>\n<p>Intervinieron Flavia Estevan, matrona y acupunturista en el Colectivo Feminista y en Equipos de parto humanizado, Victor Piccininni, autor del libro El arte de acompa\u00f1ar, herramientas y pr\u00e1cticas para el acompa\u00f1amiento personal y espiritual en cuidados paliativos y Leticia Vella, abogada del Colectivo Feminista Sexualidad y Salud.<\/p>\n<p>El encuentro se vivi\u00f3 como una oportunidad para hacer una pausa en las vidas y reflexionar sobre lo esencial de la existencia: la vida y la muerte. Cada uno de los ponentes expuso su visi\u00f3n basada en la experiencia diaria sobre los diversos aspectos relativos al nacimiento, la muerte y los asuntos jur\u00eddicos relacionados con los mismos.<\/p>\n<p><a href=\"https:\/\/www.pressenza.com\/wp-content\/uploads\/2019\/08\/chegadas-e-partidas-_00.jpg\"><img loading=\"lazy\" decoding=\"async\" class=\"aligncenter size-full wp-image-909987\" src=\"https:\/\/www.pressenza.com\/wp-content\/uploads\/2019\/08\/chegadas-e-partidas-_00.jpg\" alt=\"\" width=\"2048\" height=\"1536\" srcset=\"https:\/\/www.pressenza.com\/wp-content\/uploads\/2019\/08\/chegadas-e-partidas-_00.jpg 2048w, https:\/\/www.pressenza.com\/wp-content\/uploads\/2019\/08\/chegadas-e-partidas-_00-300x225.jpg 300w, https:\/\/www.pressenza.com\/wp-content\/uploads\/2019\/08\/chegadas-e-partidas-_00-768x576.jpg 768w, https:\/\/www.pressenza.com\/wp-content\/uploads\/2019\/08\/chegadas-e-partidas-_00-720x540.jpg 720w\" sizes=\"auto, (max-width: 2048px) 100vw, 2048px\" \/><\/a><\/p>\n<p>Flavia Estevan acerc\u00f3 una reflexi\u00f3n sobre el nacimiento y el tiempo que ese proceso puede llevar. Indicando que este tiempo es variable en cada caso. Enfatiz\u00f3 en el hecho de que el parto es un acto en el que hay dos seres implicados: la madre y el bebe, y por ello requiere de la sincron\u00eda de ambos. Alert\u00f3 de que no es humanizador acelerar los tiempos por razones externas al parto en s\u00ed y recomend\u00f3 \u201ccentrar la atenci\u00f3n en la persona y dejar el reloj en segundo plano\u201d.<\/p>\n<p>Victor Piccininni coment\u00f3 sobre la necesidad de comprender el proceso de morir como un cambio en la condici\u00f3n de la existencia y que, si se le da a ese hecho un sentido evolutivo puede dotar a la vida de un nuevo significado. Esa transformaci\u00f3n esencial puede ser vivida con apertura emotiva y afecto, agreg\u00f3, ayudando a la persona que se va en su camino liberador y en su profunda reconciliaci\u00f3n. Ofreci\u00f3 el estudio y la pr\u00e1ctica de las herramientas que contiene su libro \u201cEl arte de acompa\u00f1ar\u201d, las cuales van destinadas tanto a personas comunes como a profesionales de la salud en cuidados paliativos. V\u00edctor tambi\u00e9n nos deja su testimonio sobre lo vivido en el acto: \u00abAgradezco la invitaci\u00f3n para participar en el debate. Fue muy enriquecedor. Creo que en momentos sociales tan dif\u00edciles donde en muchas situaciones observamos que impera la violencia y la crueldad, la tarea de ponernos a reflexionar personal y colectivamente sobre los misteriosos momentos del nacimiento y de la muerte nos ayudan a re-significar sobre el verdadero sentido de la vida, nos permite un contacto con lo profundo de los dem\u00e1s y de uno mismo, y nos puede ayudar a construir una sociedad m\u00e1s solidaria y m\u00e1s humana\u00bb<\/p>\n<p>Leticia Vella, present\u00f3 herramientas jur\u00eddicas pensadas para que la persona pueda expresar sus deseos acerca de qu\u00e9 quiere y no quiere que le hagan en el parto y en el fin de vida. El instrumento legal para el parto se llama Plano del parto, all\u00ed la mujer reflexiona con sus familiares sobre los procedimientos que quiere y cuales prefiere evitar. \u201cEn los hospitales todav\u00eda hay mucha resistencia del equipo medico a admitir este tipo de decisiones, y podemos pensar en un recorte de genero, donde hist\u00f3ricamente las mujeres no han podido decidir sobre sus cuerpos\u201d, coment\u00f3 Let\u00edcia. No tanto en el caso de el Testimonio Vital, instrumento legal para la muerte, que a pesar de que en Brasil se ha intentado prohibir por medio de una Acci\u00f3n civil publica del Ministerio Publico, hoy sigue vigente y que es cada vez mejor aceptado por los equipos m\u00e9dicos.<\/p>\n","protected":false},"excerpt":{"rendered":"<p>En Sao Paulo, el 28 de agosto el Coletivo Feminista Sexualidade e Sa\u00fade organizo en colaboraci\u00f3n con miembros de REHUNO &#8211; Red Humanista de Noticias en Salud el debate: \u201cHumanizando llegadas y partidas: aspectos jur\u00eddicos, emocionales y psicol\u00f3gicos del nacimiento&hellip;<\/p>\n","protected":false},"author":1680,"featured_media":909978,"comment_status":"closed","ping_status":"closed","sticky":false,"template":"","format":"standard","meta":{"footnotes":""},"categories":[11389,161,1239,67],"tags":[60863,60773,11724,63265],"class_list":["post-909975","post","type-post","status-publish","format-standard","has-post-thumbnail","hentry","category-contenido-original","category-opiniones","category-salud","category-sudamerica","tag-rehuno","tag-buen-morir-es","tag-cuidados-paliativos","tag-parto-es"],"yoast_head":"<!-- This site is optimized with the Yoast SEO plugin v27.1.1 - https:\/\/yoast.com\/product\/yoast-seo-wordpress\/ -->\n<title>Humanizando llegadas y partidas<\/title>\n<meta name=\"description\" content=\"Humanizando llegadas y partidas\" \/>\n<meta name=\"robots\" content=\"index, follow, max-snippet:-1, max-image-preview:large, max-video-preview:-1\" \/>\n<link rel=\"canonical\" href=\"https:\/\/www.pressenza.com\/es\/2019\/08\/humanizando-llegadas-y-partidas\/\" \/>\n<meta property=\"og:locale\" content=\"es_ES\" \/>\n<meta property=\"og:type\" content=\"article\" \/>\n<meta property=\"og:title\" content=\"Humanizando llegadas y partidas\" \/>\n<meta property=\"og:description\" content=\"Humanizando llegadas y partidas\" \/>\n<meta property=\"og:url\" content=\"https:\/\/www.pressenza.com\/es\/2019\/08\/humanizando-llegadas-y-partidas\/\" \/>\n<meta property=\"og:site_name\" content=\"Pressenza\" \/>\n<meta property=\"article:publisher\" content=\"https:\/\/www.facebook.com\/PressenzaItalia\" \/>\n<meta property=\"article:author\" content=\"https:\/\/www.facebook.com\/rehunosalud\/\" \/>\n<meta property=\"article:published_time\" content=\"2019-08-30T01:45:59+00:00\" \/>\n<meta property=\"og:image\" content=\"https:\/\/www.pressenza.com\/wp-content\/uploads\/2019\/08\/IMG_6469.jpg\" \/>\n\t<meta property=\"og:image:width\" content=\"2048\" \/>\n\t<meta property=\"og:image:height\" content=\"2048\" \/>\n\t<meta property=\"og:image:type\" content=\"image\/jpeg\" \/>\n<meta name=\"author\" content=\"REHUNO - Red Humanista de Noticias en Salud\" \/>\n<meta name=\"twitter:card\" content=\"summary_large_image\" \/>\n<meta name=\"twitter:creator\" content=\"@PressenzaIPA\" \/>\n<meta name=\"twitter:site\" content=\"@PressenzaIPA\" \/>\n<meta name=\"twitter:label1\" content=\"Escrito por\" \/>\n\t<meta name=\"twitter:data1\" content=\"REHUNO - Red Humanista de Noticias en Salud\" \/>\n\t<meta name=\"twitter:label2\" content=\"Tiempo de lectura\" \/>\n\t<meta name=\"twitter:data2\" content=\"3 minutos\" \/>\n<script type=\"application\/ld+json\" class=\"yoast-schema-graph\">{\"@context\":\"https:\/\/schema.org\",\"@graph\":[{\"@type\":\"Article\",\"@id\":\"https:\/\/www.pressenza.com\/es\/2019\/08\/humanizando-llegadas-y-partidas\/#article\",\"isPartOf\":{\"@id\":\"https:\/\/www.pressenza.com\/es\/2019\/08\/humanizando-llegadas-y-partidas\/\"},\"author\":{\"name\":\"REHUNO - Red Humanista de Noticias en Salud\",\"@id\":\"https:\/\/www.pressenza.com\/es\/#\/schema\/person\/5162be2bf75419d7e91acfc2c50c3870\"},\"headline\":\"Humanizando llegadas y partidas\",\"datePublished\":\"2019-08-30T01:45:59+00:00\",\"mainEntityOfPage\":{\"@id\":\"https:\/\/www.pressenza.com\/es\/2019\/08\/humanizando-llegadas-y-partidas\/\"},\"wordCount\":656,\"publisher\":{\"@id\":\"https:\/\/www.pressenza.com\/es\/#organization\"},\"image\":{\"@id\":\"https:\/\/www.pressenza.com\/es\/2019\/08\/humanizando-llegadas-y-partidas\/#primaryimage\"},\"thumbnailUrl\":\"https:\/\/www.pressenza.com\/wp-content\/uploads\/2019\/08\/IMG_6469.jpg\",\"keywords\":[\"#REHUNO\",\"buen morir\",\"cuidados paliativos\",\"parto\"],\"articleSection\":[\"Contenido Original\",\"Opiniones\",\"Salud\",\"Sudam\u00e9rica\"],\"inLanguage\":\"es\"},{\"@type\":\"WebPage\",\"@id\":\"https:\/\/www.pressenza.com\/es\/2019\/08\/humanizando-llegadas-y-partidas\/\",\"url\":\"https:\/\/www.pressenza.com\/es\/2019\/08\/humanizando-llegadas-y-partidas\/\",\"name\":\"Humanizando llegadas y partidas\",\"isPartOf\":{\"@id\":\"https:\/\/www.pressenza.com\/es\/#website\"},\"primaryImageOfPage\":{\"@id\":\"https:\/\/www.pressenza.com\/es\/2019\/08\/humanizando-llegadas-y-partidas\/#primaryimage\"},\"image\":{\"@id\":\"https:\/\/www.pressenza.com\/es\/2019\/08\/humanizando-llegadas-y-partidas\/#primaryimage\"},\"thumbnailUrl\":\"https:\/\/www.pressenza.com\/wp-content\/uploads\/2019\/08\/IMG_6469.jpg\",\"datePublished\":\"2019-08-30T01:45:59+00:00\",\"description\":\"Humanizando llegadas y partidas\",\"breadcrumb\":{\"@id\":\"https:\/\/www.pressenza.com\/es\/2019\/08\/humanizando-llegadas-y-partidas\/#breadcrumb\"},\"inLanguage\":\"es\",\"potentialAction\":[{\"@type\":\"ReadAction\",\"target\":[\"https:\/\/www.pressenza.com\/es\/2019\/08\/humanizando-llegadas-y-partidas\/\"]}]},{\"@type\":\"ImageObject\",\"inLanguage\":\"es\",\"@id\":\"https:\/\/www.pressenza.com\/es\/2019\/08\/humanizando-llegadas-y-partidas\/#primaryimage\",\"url\":\"https:\/\/www.pressenza.com\/wp-content\/uploads\/2019\/08\/IMG_6469.jpg\",\"contentUrl\":\"https:\/\/www.pressenza.com\/wp-content\/uploads\/2019\/08\/IMG_6469.jpg\",\"width\":2048,\"height\":2048},{\"@type\":\"BreadcrumbList\",\"@id\":\"https:\/\/www.pressenza.com\/es\/2019\/08\/humanizando-llegadas-y-partidas\/#breadcrumb\",\"itemListElement\":[{\"@type\":\"ListItem\",\"position\":1,\"name\":\"Accueil\",\"item\":\"https:\/\/www.pressenza.com\/es\/\"},{\"@type\":\"ListItem\",\"position\":2,\"name\":\"Humanizando llegadas y partidas\"}]},{\"@type\":\"WebSite\",\"@id\":\"https:\/\/www.pressenza.com\/es\/#website\",\"url\":\"https:\/\/www.pressenza.com\/es\/\",\"name\":\"Pressenza\",\"description\":\"International Press Agency\",\"publisher\":{\"@id\":\"https:\/\/www.pressenza.com\/es\/#organization\"},\"potentialAction\":[{\"@type\":\"SearchAction\",\"target\":{\"@type\":\"EntryPoint\",\"urlTemplate\":\"https:\/\/www.pressenza.com\/es\/?s={search_term_string}\"},\"query-input\":{\"@type\":\"PropertyValueSpecification\",\"valueRequired\":true,\"valueName\":\"search_term_string\"}}],\"inLanguage\":\"es\"},{\"@type\":\"Organization\",\"@id\":\"https:\/\/www.pressenza.com\/es\/#organization\",\"name\":\"Pressenza\",\"url\":\"https:\/\/www.pressenza.com\/es\/\",\"logo\":{\"@type\":\"ImageObject\",\"inLanguage\":\"es\",\"@id\":\"https:\/\/www.pressenza.com\/es\/#\/schema\/logo\/image\/\",\"url\":\"https:\/\/www.pressenza.com\/wp-content\/uploads\/2022\/10\/pressenza_logo_200x200.jpg\",\"contentUrl\":\"https:\/\/www.pressenza.com\/wp-content\/uploads\/2022\/10\/pressenza_logo_200x200.jpg\",\"width\":200,\"height\":200,\"caption\":\"Pressenza\"},\"image\":{\"@id\":\"https:\/\/www.pressenza.com\/es\/#\/schema\/logo\/image\/\"},\"sameAs\":[\"https:\/\/www.facebook.com\/PressenzaItalia\",\"https:\/\/x.com\/PressenzaIPA\"]},{\"@type\":\"Person\",\"@id\":\"https:\/\/www.pressenza.com\/es\/#\/schema\/person\/5162be2bf75419d7e91acfc2c50c3870\",\"name\":\"REHUNO - Red Humanista de Noticias en Salud\",\"description\":\"REHUNO is a group of volunteers from different countries, health professionals and\/or users of health services, who want to give voice to a \\\"humanizing view\\\" of health systems from a broad and comprehensive perspective. REHUNO wants to put into words and images the positive news that needs to be highlighted and the negative news that needs to be denounced and happening on a daily basis.http:\/\/rehunosalud.org\/\",\"sameAs\":[\"http:\/\/rehunosalud.org\/\",\"https:\/\/www.facebook.com\/rehunosalud\/\"],\"url\":\"https:\/\/www.pressenza.com\/es\/author\/rehuno\/\"}]}<\/script>\n<!-- \/ Yoast SEO plugin. -->","yoast_head_json":{"title":"Humanizando llegadas y partidas","description":"Humanizando llegadas y partidas","robots":{"index":"index","follow":"follow","max-snippet":"max-snippet:-1","max-image-preview":"max-image-preview:large","max-video-preview":"max-video-preview:-1"},"canonical":"https:\/\/www.pressenza.com\/es\/2019\/08\/humanizando-llegadas-y-partidas\/","og_locale":"es_ES","og_type":"article","og_title":"Humanizando llegadas y partidas","og_description":"Humanizando llegadas y partidas","og_url":"https:\/\/www.pressenza.com\/es\/2019\/08\/humanizando-llegadas-y-partidas\/","og_site_name":"Pressenza","article_publisher":"https:\/\/www.facebook.com\/PressenzaItalia","article_author":"https:\/\/www.facebook.com\/rehunosalud\/","article_published_time":"2019-08-30T01:45:59+00:00","og_image":[{"width":2048,"height":2048,"url":"https:\/\/www.pressenza.com\/wp-content\/uploads\/2019\/08\/IMG_6469.jpg","type":"image\/jpeg"}],"author":"REHUNO - Red Humanista de Noticias en Salud","twitter_card":"summary_large_image","twitter_creator":"@PressenzaIPA","twitter_site":"@PressenzaIPA","twitter_misc":{"Escrito por":"REHUNO - Red Humanista de Noticias en Salud","Tiempo de lectura":"3 minutos"},"schema":{"@context":"https:\/\/schema.org","@graph":[{"@type":"Article","@id":"https:\/\/www.pressenza.com\/es\/2019\/08\/humanizando-llegadas-y-partidas\/#article","isPartOf":{"@id":"https:\/\/www.pressenza.com\/es\/2019\/08\/humanizando-llegadas-y-partidas\/"},"author":{"name":"REHUNO - Red Humanista de Noticias en Salud","@id":"https:\/\/www.pressenza.com\/es\/#\/schema\/person\/5162be2bf75419d7e91acfc2c50c3870"},"headline":"Humanizando llegadas y partidas","datePublished":"2019-08-30T01:45:59+00:00","mainEntityOfPage":{"@id":"https:\/\/www.pressenza.com\/es\/2019\/08\/humanizando-llegadas-y-partidas\/"},"wordCount":656,"publisher":{"@id":"https:\/\/www.pressenza.com\/es\/#organization"},"image":{"@id":"https:\/\/www.pressenza.com\/es\/2019\/08\/humanizando-llegadas-y-partidas\/#primaryimage"},"thumbnailUrl":"https:\/\/www.pressenza.com\/wp-content\/uploads\/2019\/08\/IMG_6469.jpg","keywords":["#REHUNO","buen morir","cuidados paliativos","parto"],"articleSection":["Contenido Original","Opiniones","Salud","Sudam\u00e9rica"],"inLanguage":"es"},{"@type":"WebPage","@id":"https:\/\/www.pressenza.com\/es\/2019\/08\/humanizando-llegadas-y-partidas\/","url":"https:\/\/www.pressenza.com\/es\/2019\/08\/humanizando-llegadas-y-partidas\/","name":"Humanizando llegadas y partidas","isPartOf":{"@id":"https:\/\/www.pressenza.com\/es\/#website"},"primaryImageOfPage":{"@id":"https:\/\/www.pressenza.com\/es\/2019\/08\/humanizando-llegadas-y-partidas\/#primaryimage"},"image":{"@id":"https:\/\/www.pressenza.com\/es\/2019\/08\/humanizando-llegadas-y-partidas\/#primaryimage"},"thumbnailUrl":"https:\/\/www.pressenza.com\/wp-content\/uploads\/2019\/08\/IMG_6469.jpg","datePublished":"2019-08-30T01:45:59+00:00","description":"Humanizando llegadas y partidas","breadcrumb":{"@id":"https:\/\/www.pressenza.com\/es\/2019\/08\/humanizando-llegadas-y-partidas\/#breadcrumb"},"inLanguage":"es","potentialAction":[{"@type":"ReadAction","target":["https:\/\/www.pressenza.com\/es\/2019\/08\/humanizando-llegadas-y-partidas\/"]}]},{"@type":"ImageObject","inLanguage":"es","@id":"https:\/\/www.pressenza.com\/es\/2019\/08\/humanizando-llegadas-y-partidas\/#primaryimage","url":"https:\/\/www.pressenza.com\/wp-content\/uploads\/2019\/08\/IMG_6469.jpg","contentUrl":"https:\/\/www.pressenza.com\/wp-content\/uploads\/2019\/08\/IMG_6469.jpg","width":2048,"height":2048},{"@type":"BreadcrumbList","@id":"https:\/\/www.pressenza.com\/es\/2019\/08\/humanizando-llegadas-y-partidas\/#breadcrumb","itemListElement":[{"@type":"ListItem","position":1,"name":"Accueil","item":"https:\/\/www.pressenza.com\/es\/"},{"@type":"ListItem","position":2,"name":"Humanizando llegadas y partidas"}]},{"@type":"WebSite","@id":"https:\/\/www.pressenza.com\/es\/#website","url":"https:\/\/www.pressenza.com\/es\/","name":"Pressenza","description":"International Press Agency","publisher":{"@id":"https:\/\/www.pressenza.com\/es\/#organization"},"potentialAction":[{"@type":"SearchAction","target":{"@type":"EntryPoint","urlTemplate":"https:\/\/www.pressenza.com\/es\/?s={search_term_string}"},"query-input":{"@type":"PropertyValueSpecification","valueRequired":true,"valueName":"search_term_string"}}],"inLanguage":"es"},{"@type":"Organization","@id":"https:\/\/www.pressenza.com\/es\/#organization","name":"Pressenza","url":"https:\/\/www.pressenza.com\/es\/","logo":{"@type":"ImageObject","inLanguage":"es","@id":"https:\/\/www.pressenza.com\/es\/#\/schema\/logo\/image\/","url":"https:\/\/www.pressenza.com\/wp-content\/uploads\/2022\/10\/pressenza_logo_200x200.jpg","contentUrl":"https:\/\/www.pressenza.com\/wp-content\/uploads\/2022\/10\/pressenza_logo_200x200.jpg","width":200,"height":200,"caption":"Pressenza"},"image":{"@id":"https:\/\/www.pressenza.com\/es\/#\/schema\/logo\/image\/"},"sameAs":["https:\/\/www.facebook.com\/PressenzaItalia","https:\/\/x.com\/PressenzaIPA"]},{"@type":"Person","@id":"https:\/\/www.pressenza.com\/es\/#\/schema\/person\/5162be2bf75419d7e91acfc2c50c3870","name":"REHUNO - Red Humanista de Noticias en Salud","description":"REHUNO is a group of volunteers from different countries, health professionals and\/or users of health services, who want to give voice to a \"humanizing view\" of health systems from a broad and comprehensive perspective. REHUNO wants to put into words and images the positive news that needs to be highlighted and the negative news that needs to be denounced and happening on a daily basis.http:\/\/rehunosalud.org\/","sameAs":["http:\/\/rehunosalud.org\/","https:\/\/www.facebook.com\/rehunosalud\/"],"url":"https:\/\/www.pressenza.com\/es\/author\/rehuno\/"}]}},"place":"Sao Paulo, Brasil","original_article_url":"","_links":{"self":[{"href":"https:\/\/www.pressenza.com\/es\/wp-json\/wp\/v2\/posts\/909975","targetHints":{"allow":["GET"]}}],"collection":[{"href":"https:\/\/www.pressenza.com\/es\/wp-json\/wp\/v2\/posts"}],"about":[{"href":"https:\/\/www.pressenza.com\/es\/wp-json\/wp\/v2\/types\/post"}],"author":[{"embeddable":true,"href":"https:\/\/www.pressenza.com\/es\/wp-json\/wp\/v2\/users\/1680"}],"replies":[{"embeddable":true,"href":"https:\/\/www.pressenza.com\/es\/wp-json\/wp\/v2\/comments?post=909975"}],"version-history":[{"count":0,"href":"https:\/\/www.pressenza.com\/es\/wp-json\/wp\/v2\/posts\/909975\/revisions"}],"wp:featuredmedia":[{"embeddable":true,"href":"https:\/\/www.pressenza.com\/es\/wp-json\/wp\/v2\/media\/909978"}],"wp:attachment":[{"href":"https:\/\/www.pressenza.com\/es\/wp-json\/wp\/v2\/media?parent=909975"}],"wp:term":[{"taxonomy":"category","embeddable":true,"href":"https:\/\/www.pressenza.com\/es\/wp-json\/wp\/v2\/categories?post=909975"},{"taxonomy":"post_tag","embeddable":true,"href":"https:\/\/www.pressenza.com\/es\/wp-json\/wp\/v2\/tags?post=909975"}],"curies":[{"name":"wp","href":"https:\/\/api.w.org\/{rel}","templated":true}]}}