{"id":9091,"date":"2012-05-15T00:00:00","date_gmt":"2012-05-15T00:00:00","guid":{"rendered":""},"modified":"2012-08-28T19:05:28","modified_gmt":"2012-08-28T19:05:28","slug":"la-corte-suprema-observo-lo-que-las-autoridades-regionales-no-quisieron-verx","status":"publish","type":"post","link":"https:\/\/www.pressenza.com\/es\/2012\/05\/la-corte-suprema-observo-lo-que-las-autoridades-regionales-no-quisieron-verx\/","title":{"rendered":"La Corte Suprema observ\u00f3 lo que las autoridades regionales no quisieron ver."},"content":{"rendered":"<p>Querida Familia, amig@s, compa\u00f1er@s<\/p>\n<p>Esta ma\u00f1ana, mientras limpio la cocina a le\u00f1a, pienso en como contarles todo lo que ha pasado en estos d\u00edas.<br \/>\nLa cocina a le\u00f1a es el coraz\u00f3n de nuestras casas patag\u00f3nicas. La cocina a le\u00f1a sirve para cocinar, calentar la casa, tener agua caliente en una olla o teteras, que  casi siempre  descansan sobre una plancha reluciente. Limpiar la cocina no es solo raspar el ca\u00f1o por dentro, hay que desarmar y limpiar cada rinc\u00f3n para que el calor se distribuya y trabaje bien el horno. Limpiar la cocina a le\u00f1a requiere ser prolijo y de eso dan cuenta las miles de cocinas patag\u00f3nicas cuyas planchas relucen, la mayor\u00eda de las veces porque una mujer las pule. Alrededor de la cocina a le\u00f1a se toma mate de madrugada o cuando llegan las visitas y tambi\u00e9n cuando cae la tarde y necesitas descansar. El acto de tomar mate, una costumbre profundamente social, cooperativa, cari\u00f1osa.<br \/>\nLa prolijidad no est\u00e1 solamente en esta costumbre dentro de las casas. El que ha entrado a un galp\u00f3n campero encontrar\u00e1 , especialmente entre los gauchos chilenos de m\u00e1s edad, la prolijidad en el trabajo de  los aperos para el campo: Riendas, tientos, estribos dan cuenta de un trabajo artesanal en cuero de profundo detalle y  belleza; -*\u00bbsue\u00f1o con estos dise\u00f1os\u00bb*- me comentaba un artesano de la zona del Iba\u00f1ez hace alg\u00fan tiempo.<br \/>\nProlijidad, es la palabra. <\/p>\n<p>Hoy el titular de un peri\u00f3dico local da cuenta de la solicitud de los parlamentarios de la renuncia de la Intendenta regional.    \u00bfCu\u00e1nto m\u00e1s esperar\u00e1 el gobierno? Hay m\u00e1s de quince mil firmas solicitando la salida de la Intendenta. Si no lo hizo por eso,  hoy, despu\u00e9s del chasco de la evaluaci\u00f3n de impacto ambiental de R\u00edo Cuervo, ella como responsable, debiera renunciar.<\/p>\n<p>Porque si algo ha faltado en la evaluaci\u00f3n de proyectos hidroel\u00e9ctricos en la regi\u00f3n, ha sido prolijidad.<\/p>\n<p>Muchas personas dijeron que el caso de la aprobaci\u00f3n de Hidroays\u00e9n el d\u00eda 9 de mayo del 2011, nos daba verg\u00fcenza: Se adulteraron informes, jefes dieron \u00f3rdenes a subalternos de cambiar palabras, servicios que regionalmente expresaron su disconformidad a la evaluaci\u00f3n y que aparecen nacionalmente aprob\u00e1ndolos, todo denunciado a trav\u00e9s de la opini\u00f3n p\u00fablica desde hace m\u00e1s de un a\u00f1o.<\/p>\n<p>El d\u00eda martes 8 de mayo, con una falta de tino sorprendente (el 9 de mayo se cumpli\u00f3 un a\u00f1o de la aprobaci\u00f3n de Hidroays\u00e9n) la Comisi\u00f3n de evaluaci\u00f3n Ambiental aprob\u00f3 este proyecto de las represas en el R\u00edo Cuervo.<br \/>\nLo que m\u00e1s dol\u00eda, era ver a los ni\u00f1os y j\u00f3venes llorar. \u00a1Es su futuro mucho m\u00e1s que el nuestro!<br \/>\n*\u00bbNos parece imprudente esta evaluaci\u00f3n\u00bb*, expres\u00f3 Ivan Fuentes, el vocero de la Mesa Social de Ays\u00e9n en d\u00eda antes.<br \/>\nA nosotros nos pareci\u00f3 una bofetada del gobierno al punto 4 de los acuerdos.<\/p>\n<p>Hab\u00eda un pre acuerdo firmado por el Subsecretario de Desarrollo Regional en que se solicita al gobierno expresar \u00abla voluntad de suspensi\u00f3n administrativa del procedimiento de evaluaci\u00f3n de los proyectos Hidroays\u00e9n y Rio Cuervo, mientras no se sostenga una nueva reuni\u00f3n de esta mesa (se refiere a la mesa social) para abordar la demanda 4 de participaci\u00f3n ciudadana\u00bb.<br \/>\nVer en el blog [rompiendoelcercoinformativo](http:\/\/rompiendoelcercoinformativo.blogspot.com\/) las demandas. <\/p>\n<p>La evaluaci\u00f3n en esta oportunidad tampoco fue prolija: No se tom\u00f3 en cuenta el informe que dice que esta represa pone en riesgo la vida de las personas, lo dice la Corte Suprema y por eso da orden de no innovar. En la sesi\u00f3n de evaluaci\u00f3n no estaban los informes claves de Sernageom\u00edn que dan cuenta de que en el terreno donde se pretende construir las represas, hay una amenaza concreta para la vida de las personas de Puerto Ays\u00e9n. \u00bfQui\u00e9n se hace responsable de esta omisi\u00f3n?<\/p>\n<p>El senador Antonio Horwath dice por la prensa: *\u00bbEsta central es consecuencia del proyecto Alumysa que a trav\u00e9s de 3 represas; R\u00edo Cuervo, R\u00edo Blanco y R\u00edo C\u00f3ndor, pretendi\u00f3 obtener aluminio en el \u00e1rea pr\u00f3xima al Fiordo Ays\u00e9n. Los riesgos de las centrales y la incompatibilidad con las plantas de procesos de los recursos hidrobiol\u00f3gicos de pesca y cultivo adem\u00e1s de otras actividades en el fiordo, que es el principal acceso mar\u00edtimo de esta Zona Austral, hicieron inviable el proyecto en su oportunidad pese a los bajos costos de electricidad. Los nuevos propietarios de los proyectos de Alumysa, repotenciaron R\u00edo Cuervo aumentando la altura del muro y hundiendo la casa de m\u00e1quinas. Este proyecto se ubica en la falla geol\u00f3gica Ofqui-Liqui\u00f1e y est\u00e1 rodeado de volcanes activos cerca del Cai, Maca y una serie de volcanes menores. El cercano Hudson ha tenido erupciones importantes en los a\u00f1os 71, 91 y una menor el 2011.*<\/p>\n<p>*La ley impide evaluar proyectos por partes, ya que \u00e9ste considera otras dos centrales, m\u00e1s la l\u00ednea de transmisi\u00f3n en forma paralela a la pretendida por Hidroays\u00e9n. El aprobar proyectos sin escuchar los debates, sin participaci\u00f3n ciudadana y una vez m\u00e1s exigiendo condiciones y estudios a futuro previos a la construcci\u00f3n, no es legal. Es el caso de estudios sociales y de riesgo s\u00edsmico, volc\u00e1nico y de remociones en masa. No podemos olvidar que hace 5 a\u00f1os producto de un enjambre s\u00edsmico se derrumbaron 21 millones de metros c\u00fabicos al fiordo produciendo un tsunami y cobrando 11 vidas, pese a las advertencias que se le hicieron a ONEMI.*<br \/>\n*Se puede desarrollar este proyecto como una central de pasada logr\u00e1ndose m\u00e1s de 300 MW por etapas y proponiendo que la energ\u00eda sea un motor para el mejoramiento de la calidad de vida y de la elaboraci\u00f3n y agregaci\u00f3n de valor de los recursos naturales y de los servicios de esta importante porci\u00f3n de la Patagonia. Esto es posible armoniz\u00e1ndola con su condici\u00f3n de privilegio ecol\u00f3gico\u00bb.*<\/p>\n<p>Muchas veces en las reuniones constatamos que estamos en un sistema donde el poder econ\u00f3mico y el poder pol\u00edtico son lo mismo. No es de este gobierno, es de el de antes, de ahora y del que vendr\u00e1 porque el sistema est\u00e1 estructurado as\u00ed y siempre hay unos que sufren los \u00abda\u00f1os colaterales\u00bb mientras otros \u00abse lamentan\u00bb sin sufrir.<br \/>\n\u00bfSer\u00e1 demasiado lugar com\u00fan decirlo? \u00bfY si est\u00e1 tan archisabido por qu\u00e9 no cambia?<\/p>\n<p>Chile es el \u00fanico pa\u00eds del mundo donde el agua dulce es un bien que tiene precio en el mercado, seg\u00fan la constituci\u00f3n de la rep\u00fablica y que, por lo mismo, hoy est\u00e1 en manos de las grandes corporaciones. El agua de los r\u00edos de la patagonia NO es chilena, as\u00ed de simple.<\/p>\n<p>Tenemos confianza en la creaci\u00f3n de la coordinadora regional antirepresas, con delegados de Caleta Tortel, Villa Ma\u00f1ihuales, Guadal, Puerto Aysen, Bahia Murta, Chile Chico, Puerto Tranquilo, La Junta y Puyuhuapi y gestionada principalmente por j\u00f3venes de la regi\u00f3n. Uno de los objetivos de esta coordinadora, es que sea la regi\u00f3n de Aysen quien decida sobre estos proyectos.<br \/>\nTenemos confianza tambi\u00e9n en que la Mesa Social, dentro de la cual hay gente que est\u00e1 a favor de las represas y tambi\u00e9n gente que est\u00e1 en contra, diga algo y pelee por el punto cuatro de la misma manera que ha peleado los puntos de salud , vivienda, educaci\u00f3n. <\/p>\n<p>El punto 4 es tal vez el m\u00e1s futurista, el m\u00e1s fundamental y el que menos recursos econ\u00f3micos requiere. Porque se trata de una declaraci\u00f3n de intenciones y definiciones de la vocaci\u00f3n de la  regi\u00f3n de Ays\u00e9n para Chile. Por lo mismo, sabemos que ser\u00e1 uno de los m\u00e1s dif\u00edciles.<\/p>\n<p>Para terminar,  como siempre en estos tiempos, surgen ahora las preguntas:<br \/>\n\u00bfQui\u00e9n ser\u00e1 responsable de las irregularidades confirmadas por la Corte Suprema ? \u00bfQuedar\u00e1 en la impunidad \u00abel error\u00bb administrativo? \u00bfSer\u00e1 igual que en el caso de los heridos por  agresiones de las fuerzas especiales?<\/p>\n<p>Muchos cari\u00f1os para todas y todos,<br \/>\nMagdalena<\/p>\n","protected":false},"excerpt":{"rendered":"<p>No se tom\u00f3 en cuenta el informe que dice que las represas que se pretenden construir en el R\u00edo Cuervo ponen en riesgo la vida de las personas, lo dice la Corte Suprema y por eso da orden de no innovar.<\/p>\n<p>\u00bfQui\u00e9n se hace responsable?<br \/>\nLos parlamentarios solicitan la renuncia de la Intendenta regional.<br \/>\nHay m\u00e1s de quince mil firmas solicitando la salida de la Intendenta.<\/p>\n","protected":false},"author":788,"featured_media":0,"comment_status":"closed","ping_status":"open","sticky":false,"template":"","format":"standard","meta":{"footnotes":""},"categories":[74,67],"tags":[],"class_list":["post-9091","post","type-post","status-publish","format-standard","hentry","category-politica-es","category-sudamerica"],"yoast_head":"<!-- This site is optimized with the Yoast SEO plugin v27.1.1 - https:\/\/yoast.com\/product\/yoast-seo-wordpress\/ -->\n<title>La Corte Suprema observ\u00f3 lo que las autoridades regionales no quisieron ver.<\/title>\n<meta name=\"description\" content=\"No se tom\u00f3 en cuenta el informe que dice que las represas que se pretenden construir en el R\u00edo Cuervo ponen en riesgo la vida de las personas, lo dice la Corte Suprema y por eso da orden de no innovar.  \u00bfQui\u00e9n se hace responsable?   Los parlamentarios solicitan la renuncia de la Intendenta regional.   Hay m\u00e1s de quince mil firmas solicitando la salida de la Intendenta.\" \/>\n<meta name=\"robots\" content=\"index, follow, max-snippet:-1, max-image-preview:large, max-video-preview:-1\" \/>\n<link rel=\"canonical\" href=\"https:\/\/www.pressenza.com\/es\/2012\/05\/la-corte-suprema-observo-lo-que-las-autoridades-regionales-no-quisieron-verx\/\" \/>\n<meta property=\"og:locale\" content=\"es_ES\" \/>\n<meta property=\"og:type\" content=\"article\" \/>\n<meta property=\"og:title\" content=\"La Corte Suprema observ\u00f3 lo que las autoridades regionales no quisieron ver.\" \/>\n<meta property=\"og:description\" content=\"No se tom\u00f3 en cuenta el informe que dice que las represas que se pretenden construir en el R\u00edo Cuervo ponen en riesgo la vida de las personas, lo dice la Corte Suprema y por eso da orden de no innovar.  \u00bfQui\u00e9n se hace responsable?   Los parlamentarios solicitan la renuncia de la Intendenta regional.   Hay m\u00e1s de quince mil firmas solicitando la salida de la Intendenta.\" \/>\n<meta property=\"og:url\" content=\"https:\/\/www.pressenza.com\/es\/2012\/05\/la-corte-suprema-observo-lo-que-las-autoridades-regionales-no-quisieron-verx\/\" \/>\n<meta property=\"og:site_name\" content=\"Pressenza\" \/>\n<meta property=\"article:publisher\" content=\"https:\/\/www.facebook.com\/PressenzaItalia\" \/>\n<meta property=\"article:published_time\" content=\"2012-05-15T00:00:00+00:00\" \/>\n<meta property=\"article:modified_time\" content=\"2012-08-28T19:05:28+00:00\" \/>\n<meta name=\"author\" content=\"Magdalena Rosas Ossa\" \/>\n<meta name=\"twitter:card\" content=\"summary_large_image\" \/>\n<meta name=\"twitter:creator\" content=\"@PressenzaIPA\" \/>\n<meta name=\"twitter:site\" content=\"@PressenzaIPA\" \/>\n<meta name=\"twitter:label1\" content=\"Escrito por\" \/>\n\t<meta name=\"twitter:data1\" content=\"Magdalena  Rosas Ossa\" \/>\n\t<meta name=\"twitter:label2\" content=\"Tiempo de lectura\" \/>\n\t<meta name=\"twitter:data2\" content=\"7 minutos\" \/>\n<script type=\"application\/ld+json\" class=\"yoast-schema-graph\">{\"@context\":\"https:\/\/schema.org\",\"@graph\":[{\"@type\":\"Article\",\"@id\":\"https:\/\/www.pressenza.com\/es\/2012\/05\/la-corte-suprema-observo-lo-que-las-autoridades-regionales-no-quisieron-verx\/#article\",\"isPartOf\":{\"@id\":\"https:\/\/www.pressenza.com\/es\/2012\/05\/la-corte-suprema-observo-lo-que-las-autoridades-regionales-no-quisieron-verx\/\"},\"author\":{\"name\":\"Magdalena Rosas Ossa\",\"@id\":\"https:\/\/www.pressenza.com\/es\/#\/schema\/person\/6b4afd6e482fcd187973f7d825c0690f\"},\"headline\":\"La Corte Suprema observ\u00f3 lo que las autoridades regionales no quisieron ver.\",\"datePublished\":\"2012-05-15T00:00:00+00:00\",\"dateModified\":\"2012-08-28T19:05:28+00:00\",\"mainEntityOfPage\":{\"@id\":\"https:\/\/www.pressenza.com\/es\/2012\/05\/la-corte-suprema-observo-lo-que-las-autoridades-regionales-no-quisieron-verx\/\"},\"wordCount\":1419,\"publisher\":{\"@id\":\"https:\/\/www.pressenza.com\/es\/#organization\"},\"articleSection\":[\"Pol\u00edtica\",\"Sudam\u00e9rica\"],\"inLanguage\":\"es\"},{\"@type\":\"WebPage\",\"@id\":\"https:\/\/www.pressenza.com\/es\/2012\/05\/la-corte-suprema-observo-lo-que-las-autoridades-regionales-no-quisieron-verx\/\",\"url\":\"https:\/\/www.pressenza.com\/es\/2012\/05\/la-corte-suprema-observo-lo-que-las-autoridades-regionales-no-quisieron-verx\/\",\"name\":\"La Corte Suprema observ\u00f3 lo que las autoridades regionales no quisieron ver.\",\"isPartOf\":{\"@id\":\"https:\/\/www.pressenza.com\/es\/#website\"},\"datePublished\":\"2012-05-15T00:00:00+00:00\",\"dateModified\":\"2012-08-28T19:05:28+00:00\",\"description\":\"No se tom\u00f3 en cuenta el informe que dice que las represas que se pretenden construir en el R\u00edo Cuervo ponen en riesgo la vida de las personas, lo dice la Corte Suprema y por eso da orden de no innovar. \u00bfQui\u00e9n se hace responsable? Los parlamentarios solicitan la renuncia de la Intendenta regional. Hay m\u00e1s de quince mil firmas solicitando la salida de la Intendenta.\",\"breadcrumb\":{\"@id\":\"https:\/\/www.pressenza.com\/es\/2012\/05\/la-corte-suprema-observo-lo-que-las-autoridades-regionales-no-quisieron-verx\/#breadcrumb\"},\"inLanguage\":\"es\",\"potentialAction\":[{\"@type\":\"ReadAction\",\"target\":[\"https:\/\/www.pressenza.com\/es\/2012\/05\/la-corte-suprema-observo-lo-que-las-autoridades-regionales-no-quisieron-verx\/\"]}]},{\"@type\":\"BreadcrumbList\",\"@id\":\"https:\/\/www.pressenza.com\/es\/2012\/05\/la-corte-suprema-observo-lo-que-las-autoridades-regionales-no-quisieron-verx\/#breadcrumb\",\"itemListElement\":[{\"@type\":\"ListItem\",\"position\":1,\"name\":\"Accueil\",\"item\":\"https:\/\/www.pressenza.com\/es\/\"},{\"@type\":\"ListItem\",\"position\":2,\"name\":\"La Corte Suprema observ\u00f3 lo que las autoridades regionales no quisieron ver.\"}]},{\"@type\":\"WebSite\",\"@id\":\"https:\/\/www.pressenza.com\/es\/#website\",\"url\":\"https:\/\/www.pressenza.com\/es\/\",\"name\":\"Pressenza\",\"description\":\"International Press Agency\",\"publisher\":{\"@id\":\"https:\/\/www.pressenza.com\/es\/#organization\"},\"potentialAction\":[{\"@type\":\"SearchAction\",\"target\":{\"@type\":\"EntryPoint\",\"urlTemplate\":\"https:\/\/www.pressenza.com\/es\/?s={search_term_string}\"},\"query-input\":{\"@type\":\"PropertyValueSpecification\",\"valueRequired\":true,\"valueName\":\"search_term_string\"}}],\"inLanguage\":\"es\"},{\"@type\":\"Organization\",\"@id\":\"https:\/\/www.pressenza.com\/es\/#organization\",\"name\":\"Pressenza\",\"url\":\"https:\/\/www.pressenza.com\/es\/\",\"logo\":{\"@type\":\"ImageObject\",\"inLanguage\":\"es\",\"@id\":\"https:\/\/www.pressenza.com\/es\/#\/schema\/logo\/image\/\",\"url\":\"https:\/\/www.pressenza.com\/wp-content\/uploads\/2022\/10\/pressenza_logo_200x200.jpg\",\"contentUrl\":\"https:\/\/www.pressenza.com\/wp-content\/uploads\/2022\/10\/pressenza_logo_200x200.jpg\",\"width\":200,\"height\":200,\"caption\":\"Pressenza\"},\"image\":{\"@id\":\"https:\/\/www.pressenza.com\/es\/#\/schema\/logo\/image\/\"},\"sameAs\":[\"https:\/\/www.facebook.com\/PressenzaItalia\",\"https:\/\/x.com\/PressenzaIPA\"]},{\"@type\":\"Person\",\"@id\":\"https:\/\/www.pressenza.com\/es\/#\/schema\/person\/6b4afd6e482fcd187973f7d825c0690f\",\"name\":\"Magdalena Rosas Ossa\",\"url\":\"https:\/\/www.pressenza.com\/es\/author\/magdalena-rosas-ossa\/\"}]}<\/script>\n<!-- \/ Yoast SEO plugin. -->","yoast_head_json":{"title":"La Corte Suprema observ\u00f3 lo que las autoridades regionales no quisieron ver.","description":"No se tom\u00f3 en cuenta el informe que dice que las represas que se pretenden construir en el R\u00edo Cuervo ponen en riesgo la vida de las personas, lo dice la Corte Suprema y por eso da orden de no innovar.  \u00bfQui\u00e9n se hace responsable?   Los parlamentarios solicitan la renuncia de la Intendenta regional.   Hay m\u00e1s de quince mil firmas solicitando la salida de la Intendenta.","robots":{"index":"index","follow":"follow","max-snippet":"max-snippet:-1","max-image-preview":"max-image-preview:large","max-video-preview":"max-video-preview:-1"},"canonical":"https:\/\/www.pressenza.com\/es\/2012\/05\/la-corte-suprema-observo-lo-que-las-autoridades-regionales-no-quisieron-verx\/","og_locale":"es_ES","og_type":"article","og_title":"La Corte Suprema observ\u00f3 lo que las autoridades regionales no quisieron ver.","og_description":"No se tom\u00f3 en cuenta el informe que dice que las represas que se pretenden construir en el R\u00edo Cuervo ponen en riesgo la vida de las personas, lo dice la Corte Suprema y por eso da orden de no innovar.  \u00bfQui\u00e9n se hace responsable?   Los parlamentarios solicitan la renuncia de la Intendenta regional.   Hay m\u00e1s de quince mil firmas solicitando la salida de la Intendenta.","og_url":"https:\/\/www.pressenza.com\/es\/2012\/05\/la-corte-suprema-observo-lo-que-las-autoridades-regionales-no-quisieron-verx\/","og_site_name":"Pressenza","article_publisher":"https:\/\/www.facebook.com\/PressenzaItalia","article_published_time":"2012-05-15T00:00:00+00:00","article_modified_time":"2012-08-28T19:05:28+00:00","author":"Magdalena Rosas Ossa","twitter_card":"summary_large_image","twitter_creator":"@PressenzaIPA","twitter_site":"@PressenzaIPA","twitter_misc":{"Escrito por":"Magdalena  Rosas Ossa","Tiempo de lectura":"7 minutos"},"schema":{"@context":"https:\/\/schema.org","@graph":[{"@type":"Article","@id":"https:\/\/www.pressenza.com\/es\/2012\/05\/la-corte-suprema-observo-lo-que-las-autoridades-regionales-no-quisieron-verx\/#article","isPartOf":{"@id":"https:\/\/www.pressenza.com\/es\/2012\/05\/la-corte-suprema-observo-lo-que-las-autoridades-regionales-no-quisieron-verx\/"},"author":{"name":"Magdalena Rosas Ossa","@id":"https:\/\/www.pressenza.com\/es\/#\/schema\/person\/6b4afd6e482fcd187973f7d825c0690f"},"headline":"La Corte Suprema observ\u00f3 lo que las autoridades regionales no quisieron ver.","datePublished":"2012-05-15T00:00:00+00:00","dateModified":"2012-08-28T19:05:28+00:00","mainEntityOfPage":{"@id":"https:\/\/www.pressenza.com\/es\/2012\/05\/la-corte-suprema-observo-lo-que-las-autoridades-regionales-no-quisieron-verx\/"},"wordCount":1419,"publisher":{"@id":"https:\/\/www.pressenza.com\/es\/#organization"},"articleSection":["Pol\u00edtica","Sudam\u00e9rica"],"inLanguage":"es"},{"@type":"WebPage","@id":"https:\/\/www.pressenza.com\/es\/2012\/05\/la-corte-suprema-observo-lo-que-las-autoridades-regionales-no-quisieron-verx\/","url":"https:\/\/www.pressenza.com\/es\/2012\/05\/la-corte-suprema-observo-lo-que-las-autoridades-regionales-no-quisieron-verx\/","name":"La Corte Suprema observ\u00f3 lo que las autoridades regionales no quisieron ver.","isPartOf":{"@id":"https:\/\/www.pressenza.com\/es\/#website"},"datePublished":"2012-05-15T00:00:00+00:00","dateModified":"2012-08-28T19:05:28+00:00","description":"No se tom\u00f3 en cuenta el informe que dice que las represas que se pretenden construir en el R\u00edo Cuervo ponen en riesgo la vida de las personas, lo dice la Corte Suprema y por eso da orden de no innovar. \u00bfQui\u00e9n se hace responsable? Los parlamentarios solicitan la renuncia de la Intendenta regional. Hay m\u00e1s de quince mil firmas solicitando la salida de la Intendenta.","breadcrumb":{"@id":"https:\/\/www.pressenza.com\/es\/2012\/05\/la-corte-suprema-observo-lo-que-las-autoridades-regionales-no-quisieron-verx\/#breadcrumb"},"inLanguage":"es","potentialAction":[{"@type":"ReadAction","target":["https:\/\/www.pressenza.com\/es\/2012\/05\/la-corte-suprema-observo-lo-que-las-autoridades-regionales-no-quisieron-verx\/"]}]},{"@type":"BreadcrumbList","@id":"https:\/\/www.pressenza.com\/es\/2012\/05\/la-corte-suprema-observo-lo-que-las-autoridades-regionales-no-quisieron-verx\/#breadcrumb","itemListElement":[{"@type":"ListItem","position":1,"name":"Accueil","item":"https:\/\/www.pressenza.com\/es\/"},{"@type":"ListItem","position":2,"name":"La Corte Suprema observ\u00f3 lo que las autoridades regionales no quisieron ver."}]},{"@type":"WebSite","@id":"https:\/\/www.pressenza.com\/es\/#website","url":"https:\/\/www.pressenza.com\/es\/","name":"Pressenza","description":"International Press Agency","publisher":{"@id":"https:\/\/www.pressenza.com\/es\/#organization"},"potentialAction":[{"@type":"SearchAction","target":{"@type":"EntryPoint","urlTemplate":"https:\/\/www.pressenza.com\/es\/?s={search_term_string}"},"query-input":{"@type":"PropertyValueSpecification","valueRequired":true,"valueName":"search_term_string"}}],"inLanguage":"es"},{"@type":"Organization","@id":"https:\/\/www.pressenza.com\/es\/#organization","name":"Pressenza","url":"https:\/\/www.pressenza.com\/es\/","logo":{"@type":"ImageObject","inLanguage":"es","@id":"https:\/\/www.pressenza.com\/es\/#\/schema\/logo\/image\/","url":"https:\/\/www.pressenza.com\/wp-content\/uploads\/2022\/10\/pressenza_logo_200x200.jpg","contentUrl":"https:\/\/www.pressenza.com\/wp-content\/uploads\/2022\/10\/pressenza_logo_200x200.jpg","width":200,"height":200,"caption":"Pressenza"},"image":{"@id":"https:\/\/www.pressenza.com\/es\/#\/schema\/logo\/image\/"},"sameAs":["https:\/\/www.facebook.com\/PressenzaItalia","https:\/\/x.com\/PressenzaIPA"]},{"@type":"Person","@id":"https:\/\/www.pressenza.com\/es\/#\/schema\/person\/6b4afd6e482fcd187973f7d825c0690f","name":"Magdalena Rosas Ossa","url":"https:\/\/www.pressenza.com\/es\/author\/magdalena-rosas-ossa\/"}]}},"place":"Coyhaique","original_article_url":"","_links":{"self":[{"href":"https:\/\/www.pressenza.com\/es\/wp-json\/wp\/v2\/posts\/9091","targetHints":{"allow":["GET"]}}],"collection":[{"href":"https:\/\/www.pressenza.com\/es\/wp-json\/wp\/v2\/posts"}],"about":[{"href":"https:\/\/www.pressenza.com\/es\/wp-json\/wp\/v2\/types\/post"}],"author":[{"embeddable":true,"href":"https:\/\/www.pressenza.com\/es\/wp-json\/wp\/v2\/users\/788"}],"replies":[{"embeddable":true,"href":"https:\/\/www.pressenza.com\/es\/wp-json\/wp\/v2\/comments?post=9091"}],"version-history":[{"count":0,"href":"https:\/\/www.pressenza.com\/es\/wp-json\/wp\/v2\/posts\/9091\/revisions"}],"wp:attachment":[{"href":"https:\/\/www.pressenza.com\/es\/wp-json\/wp\/v2\/media?parent=9091"}],"wp:term":[{"taxonomy":"category","embeddable":true,"href":"https:\/\/www.pressenza.com\/es\/wp-json\/wp\/v2\/categories?post=9091"},{"taxonomy":"post_tag","embeddable":true,"href":"https:\/\/www.pressenza.com\/es\/wp-json\/wp\/v2\/tags?post=9091"}],"curies":[{"name":"wp","href":"https:\/\/api.w.org\/{rel}","templated":true}]}}